{"id":235261,"date":"2026-05-01T12:39:00","date_gmt":"2026-05-01T15:39:00","guid":{"rendered":"https:\/\/www.correiobraziliense.com.br\/cbradar\/?p=235261"},"modified":"2026-05-01T09:53:57","modified_gmt":"2026-05-01T12:53:57","slug":"mais-de-500-anos-depois-de-partir-as-palavras-de-aristoteles-sobre-a-alma-em-dois-corpos-ainda-eram-citadas","status":"publish","type":"post","link":"https:\/\/www.correiobraziliense.com.br\/cbradar\/mais-de-500-anos-depois-de-partir-as-palavras-de-aristoteles-sobre-a-alma-em-dois-corpos-ainda-eram-citadas\/","title":{"rendered":"Mais de 500 anos depois de partir, as palavras de Arist\u00f3teles sobre a &#8216;alma em dois corpos&#8217; ainda eram citadas"},"content":{"rendered":"\n<p>O que torna uma <strong>amizade verdadeira<\/strong> t\u00e3o profunda que parece unir duas pessoas em uma s\u00f3 exist\u00eancia? A c\u00e9lebre frase atribu\u00edda a <strong>Arist\u00f3teles<\/strong>, &#8220;A amizade \u00e9 uma alma que habita em dois corpos&#8221;, captura essa sensa\u00e7\u00e3o com precis\u00e3o po\u00e9tica, mas sua origem hist\u00f3rica \u00e9 mais tardia do que se imagina: ela s\u00f3 foi registrada por escrito no <strong>s\u00e9culo III d.C.<\/strong>, cerca de 500 anos depois da morte do fil\u00f3sofo.<\/p>\n\n\n\n<h2 class=\"wp-block-heading\">O que significa dizer que a amizade \u00e9 &#8220;uma alma em dois corpos&#8221;?<\/h2>\n\n\n\n<p>A met\u00e1fora expressa o grau mais elevado de <strong>philia<\/strong>, o amor fraternal que <strong>Arist\u00f3teles<\/strong> descreve nos Livros VIII e IX da <strong>\u00c9tica a Nic\u00f4maco<\/strong>. N\u00e3o se trata de fus\u00e3o literal, mas de uma sintonia t\u00e3o rara que dois indiv\u00edduos passam a desejar o bem um do outro como se desejassem o pr\u00f3prio bem.<\/p>\n\n\n\n<p>Na pr\u00e1tica, essa ideia descreve uma <strong>amizade verdadeira<\/strong> baseada na virtude, e n\u00e3o em interesses. Segundo o <a href=\"https:\/\/pt.wikipedia.org\/wiki\/Philia\" target=\"_blank\" rel=\"noreferrer noopener\">conceito grego de philia<\/a>, Arist\u00f3teles diferenciava as amizades por interesse, por prazer e por virtude, sendo esta \u00faltima a \u00fanica capaz de produzir o sentimento de almas compartilhadas.<\/p>\n\n\n<div class=\"wp-block-image\">\n<figure class=\"aligncenter size-full\"><img decoding=\"async\" width=\"1280\" height=\"720\" src=\"https:\/\/www.correiobraziliense.com.br\/cbradar\/wp-content\/uploads\/2026\/05\/IMAGEM_720p_1777639726225.jpg\" alt=\"O significado e a origem hist\u00f3rica da cita\u00e7\u00e3o de Arist\u00f3teles\" class=\"wp-image-235262\" srcset=\"https:\/\/www.correiobraziliense.com.br\/cbradar\/wp-content\/uploads\/2026\/05\/IMAGEM_720p_1777639726225.jpg 1280w, https:\/\/www.correiobraziliense.com.br\/cbradar\/wp-content\/uploads\/2026\/05\/IMAGEM_720p_1777639726225-300x169.jpg 300w, https:\/\/www.correiobraziliense.com.br\/cbradar\/wp-content\/uploads\/2026\/05\/IMAGEM_720p_1777639726225-768x432.jpg 768w, https:\/\/www.correiobraziliense.com.br\/cbradar\/wp-content\/uploads\/2026\/05\/IMAGEM_720p_1777639726225-750x422.jpg 750w, https:\/\/www.correiobraziliense.com.br\/cbradar\/wp-content\/uploads\/2026\/05\/IMAGEM_720p_1777639726225-1140x641.jpg 1140w\" sizes=\"(max-width: 1280px) 100vw, 1280px\" \/><figcaption class=\"wp-element-caption\">O significado e a origem hist\u00f3rica da cita\u00e7\u00e3o de Arist\u00f3teles<\/figcaption><\/figure><\/div>\n\n\n<h2 class=\"wp-block-heading\">Quando e como essa frase foi registrada pela primeira vez?<\/h2>\n\n\n\n<p>Ao contr\u00e1rio do que se pensa, a frase n\u00e3o aparece nos textos originais de <strong>Arist\u00f3teles<\/strong>. O registro mais antigo est\u00e1 na obra <strong>Vidas e Doutrinas dos Fil\u00f3sofos Ilustres<\/strong>, do historiador <strong>Di\u00f3genes La\u00e9rcio<\/strong>, que viveu no <strong>s\u00e9culo III d.C.<\/strong>, aproximadamente entre os anos <strong>200 e 250 d.C.<\/strong><\/p>\n\n\n\n<p>No Livro V dessa compila\u00e7\u00e3o, Di\u00f3genes La\u00e9rcio relata que, ao ser perguntado &#8220;O que \u00e9 um amigo?&#8221;, Arist\u00f3teles respondeu: &#8220;Uma \u00fanica alma que habita em dois corpos&#8221;. Ou seja, a formula\u00e7\u00e3o exata que conhecemos hoje \u00e9 uma par\u00e1frase preservada pela tradi\u00e7\u00e3o biogr\u00e1fica, n\u00e3o um texto do pr\u00f3prio fil\u00f3sofo.<\/p>\n\n\n\n<h2 class=\"wp-block-heading\">Por que a frase s\u00f3 apareceu 500 anos depois da morte de Arist\u00f3teles?<\/h2>\n\n\n\n<p><strong>Arist\u00f3teles<\/strong> morreu em <strong>322 a.C.<\/strong>, mas seus ensinamentos circularam oralmente por gera\u00e7\u00f5es dentro da <strong>Escola Peripat\u00e9tica<\/strong>, fundada por ele em Atenas. Muitas m\u00e1ximas curtas atribu\u00eddas ao fil\u00f3sofo foram transmitidas como ditos memor\u00e1veis antes de algu\u00e9m fix\u00e1-las por escrito.<\/p>\n\n\n\n<p>Di\u00f3genes La\u00e9rcio compilou essas tradi\u00e7\u00f5es orais e escritas no s\u00e9culo III d.C., funcionando como uma ponte entre a filosofia cl\u00e1ssica e a Antiguidade Tardia. A frase sobre a amizade provavelmente j\u00e1 era um prov\u00e9rbio corrente no mundo grego muito antes de ele registr\u00e1-la, o que torna imposs\u00edvel precisar uma data exata de origem \u2014 mas o registro escrito mais confi\u00e1vel aponta para meados do <strong>s\u00e9culo III d.C.<\/strong><\/p>\n\n\n\n<p>Leia tamb\u00e9m: <a href=\"https:\/\/www.correiobraziliense.com.br\/cbradar\/a-palavra-que-muita-gente-evita-usar-em-redacao-formal-mas-esta-correta-segundo-o-vocabulario-ortografico-da-lingua-portuguesa\/\" target=\"_blank\" rel=\"noreferrer noopener\">A palavra que muita gente evita usar em reda\u00e7\u00e3o formal, mas est\u00e1 correta segundo o Vocabul\u00e1rio Ortogr\u00e1fico da L\u00edngua Portuguesa<\/a><\/p>\n\n\n\n<h2 class=\"wp-block-heading\">Como essa vis\u00e3o de amizade se conecta com os tr\u00eas tipos de philia?<\/h2>\n\n\n\n<p>Na <strong>\u00c9tica a Nic\u00f4maco<\/strong>, Arist\u00f3teles distingue tr\u00eas formas de amizade, e apenas uma delas se encaixa na met\u00e1fora da &#8220;alma em dois corpos&#8221;. Entender essa diferen\u00e7a \u00e9 essencial para captar a profundidade do pensamento aristot\u00e9lico.<\/p>\n\n\n\n<p>Os tr\u00eas tipos de philia definidos pelo fil\u00f3sofo s\u00e3o:<\/p>\n\n\n\n<ul class=\"wp-block-list\">\n<li><strong>Amizade por interesse<\/strong>: baseada no que o outro pode oferecer, termina quando a vantagem desaparece.<\/li>\n\n\n\n<li><strong>Amizade por prazer<\/strong>: sustentada pela divers\u00e3o ou pelo entretenimento, dissolve-se quando o prazer acaba.<\/li>\n\n\n\n<li><strong>Amizade por virtude<\/strong>: alicer\u00e7ada no car\u00e1ter e na admira\u00e7\u00e3o m\u00fatua, \u00e9 a \u00fanica que perdura e permite que duas pessoas compartilhem uma mesma alma.<\/li>\n<\/ul>\n\n\n<div class=\"wp-block-image\">\n<figure class=\"aligncenter size-full\"><img decoding=\"async\" width=\"1280\" height=\"720\" src=\"https:\/\/www.correiobraziliense.com.br\/cbradar\/wp-content\/uploads\/2026\/05\/IMAGEM_720p_1777639724361.jpg\" alt=\"O significado e a origem hist\u00f3rica da cita\u00e7\u00e3o de Arist\u00f3teles\" class=\"wp-image-235263\" srcset=\"https:\/\/www.correiobraziliense.com.br\/cbradar\/wp-content\/uploads\/2026\/05\/IMAGEM_720p_1777639724361.jpg 1280w, https:\/\/www.correiobraziliense.com.br\/cbradar\/wp-content\/uploads\/2026\/05\/IMAGEM_720p_1777639724361-300x169.jpg 300w, https:\/\/www.correiobraziliense.com.br\/cbradar\/wp-content\/uploads\/2026\/05\/IMAGEM_720p_1777639724361-768x432.jpg 768w, https:\/\/www.correiobraziliense.com.br\/cbradar\/wp-content\/uploads\/2026\/05\/IMAGEM_720p_1777639724361-750x422.jpg 750w, https:\/\/www.correiobraziliense.com.br\/cbradar\/wp-content\/uploads\/2026\/05\/IMAGEM_720p_1777639724361-1140x641.jpg 1140w\" sizes=\"(max-width: 1280px) 100vw, 1280px\" \/><figcaption class=\"wp-element-caption\">O significado e a origem hist\u00f3rica da cita\u00e7\u00e3o de Arist\u00f3teles<\/figcaption><\/figure><\/div>\n\n\n<h2 class=\"wp-block-heading\">O que essa cita\u00e7\u00e3o ainda ensina sobre v\u00ednculos emocionais hoje?<\/h2>\n\n\n\n<p>Adultos entre 25 e 45 anos que refletem sobre a qualidade das pr\u00f3prias amizades encontram nessa frase um par\u00e2metro exigente, mas inspirador. Em tempos de conex\u00f5es digitais numerosas e muitas vezes superficiais, a ideia de uma <strong>amizade verdadeira<\/strong> que una almas segue provocando quem busca profundidade nos v\u00ednculos.<\/p>\n\n\n\n<p>A vis\u00e3o de Arist\u00f3teles, mesmo filtrada por s\u00e9culos de transmiss\u00e3o oral e registrada tardiamente por Di\u00f3genes La\u00e9rcio, continua atual porque toca em algo que a <a href=\"https:\/\/plato.stanford.edu\/entries\/aristotle-ethics\/\" target=\"_blank\" rel=\"noreferrer noopener\">\u00e9tica aristot\u00e9lica<\/a> sempre defendeu: a felicidade humana depende de rela\u00e7\u00f5es que v\u00e3o muito al\u00e9m da conveni\u00eancia \u2014 dependem de almas que escolhem habitar os mesmos princ\u00edpios.<\/p>\n","protected":false},"excerpt":{"rendered":"<p>O que torna uma amizade verdadeira t\u00e3o profunda que parece unir duas pessoas em uma s\u00f3 exist\u00eancia? A c\u00e9lebre frase atribu\u00edda a Arist\u00f3teles, &#8220;A amizade \u00e9 uma alma que habita em dois corpos&#8221;, captura essa sensa\u00e7\u00e3o com precis\u00e3o po\u00e9tica, mas sua origem hist\u00f3rica \u00e9 mais tardia do que se imagina: ela s\u00f3 foi registrada por [&hellip;]<\/p>\n","protected":false},"author":11,"featured_media":228089,"comment_status":"open","ping_status":"open","sticky":false,"template":"","format":"standard","meta":{"_yoast_wpseo_focuskw":"amizade verdadeira Arist\u00f3teles","_yoast_wpseo_title":"","_yoast_wpseo_metadesc":"\"A amizade \u00e9 uma alma que habita em dois corpos.\" A frase \u00e9 de Arist\u00f3teles, mas a origem hist\u00f3rica \u00e9 surpreendente.","jnews-multi-image_gallery":[],"jnews_single_post":{"format":"standard"},"jnews_primary_category":[],"jnews_social_meta":[],"jnews_override_counter":[],"footnotes":""},"categories":[112],"tags":[1489,12059,5078,18477],"class_list":["post-235261","post","type-post","status-publish","format-standard","has-post-thumbnail","hentry","category-curiosidades","tag-amizade","tag-aristoteles","tag-filosofia","tag-vinculos-emocionais"],"yoast_head":"<!-- This site is optimized with the Yoast SEO plugin v24.6 - https:\/\/yoast.com\/wordpress\/plugins\/seo\/ -->\n<title>Mais de 500 anos depois de partir, as palavras de Arist\u00f3teles sobre a &#039;alma em dois corpos&#039; ainda eram citadas - Correio Braziliense - Radar<\/title>\n<meta name=\"description\" content=\"&quot;A amizade \u00e9 uma alma que habita em dois corpos.&quot; A frase \u00e9 de Arist\u00f3teles, mas a origem hist\u00f3rica \u00e9 surpreendente.\" \/>\n<meta name=\"robots\" content=\"index, follow, max-snippet:-1, max-image-preview:large, max-video-preview:-1\" \/>\n<link rel=\"canonical\" href=\"https:\/\/www.correiobraziliense.com.br\/cbradar\/mais-de-500-anos-depois-de-partir-as-palavras-de-aristoteles-sobre-a-alma-em-dois-corpos-ainda-eram-citadas\/\" \/>\n<meta property=\"og:locale\" content=\"pt_BR\" \/>\n<meta property=\"og:type\" content=\"article\" \/>\n<meta property=\"og:title\" content=\"Mais de 500 anos depois de partir, as palavras de Arist\u00f3teles sobre a &#039;alma em dois corpos&#039; ainda eram citadas - Correio Braziliense - Radar\" \/>\n<meta property=\"og:description\" content=\"&quot;A amizade \u00e9 uma alma que habita em dois corpos.&quot; A frase \u00e9 de Arist\u00f3teles, mas a origem hist\u00f3rica \u00e9 surpreendente.\" \/>\n<meta property=\"og:url\" content=\"https:\/\/www.correiobraziliense.com.br\/cbradar\/mais-de-500-anos-depois-de-partir-as-palavras-de-aristoteles-sobre-a-alma-em-dois-corpos-ainda-eram-citadas\/\" \/>\n<meta property=\"og:site_name\" content=\"Correio Braziliense - Radar\" \/>\n<meta property=\"article:published_time\" content=\"2026-05-01T15:39:00+00:00\" \/>\n<meta property=\"og:image\" content=\"https:\/\/www.correiobraziliense.com.br\/cbradar\/wp-content\/uploads\/2026\/04\/IMAGEM_720p_1776547937339.jpg\" \/>\n\t<meta property=\"og:image:width\" content=\"1280\" \/>\n\t<meta property=\"og:image:height\" content=\"720\" \/>\n\t<meta property=\"og:image:type\" content=\"image\/jpeg\" \/>\n<meta name=\"author\" content=\"Paulo Custodio\" \/>\n<meta name=\"twitter:card\" content=\"summary_large_image\" \/>\n<meta name=\"twitter:label1\" content=\"Escrito por\" \/>\n\t<meta name=\"twitter:data1\" content=\"Paulo Custodio\" \/>\n\t<meta name=\"twitter:label2\" content=\"Est. tempo de leitura\" \/>\n\t<meta name=\"twitter:data2\" content=\"5 minutos\" \/>\n<!-- \/ Yoast SEO plugin. -->","yoast_head_json":{"title":"Mais de 500 anos depois de partir, as palavras de Arist\u00f3teles sobre a 'alma em dois corpos' ainda eram citadas - Correio Braziliense - Radar","description":"\"A amizade \u00e9 uma alma que habita em dois corpos.\" A frase \u00e9 de Arist\u00f3teles, mas a origem hist\u00f3rica \u00e9 surpreendente.","robots":{"index":"index","follow":"follow","max-snippet":"max-snippet:-1","max-image-preview":"max-image-preview:large","max-video-preview":"max-video-preview:-1"},"canonical":"https:\/\/www.correiobraziliense.com.br\/cbradar\/mais-de-500-anos-depois-de-partir-as-palavras-de-aristoteles-sobre-a-alma-em-dois-corpos-ainda-eram-citadas\/","og_locale":"pt_BR","og_type":"article","og_title":"Mais de 500 anos depois de partir, as palavras de Arist\u00f3teles sobre a 'alma em dois corpos' ainda eram citadas - Correio Braziliense - Radar","og_description":"\"A amizade \u00e9 uma alma que habita em dois corpos.\" A frase \u00e9 de Arist\u00f3teles, mas a origem hist\u00f3rica \u00e9 surpreendente.","og_url":"https:\/\/www.correiobraziliense.com.br\/cbradar\/mais-de-500-anos-depois-de-partir-as-palavras-de-aristoteles-sobre-a-alma-em-dois-corpos-ainda-eram-citadas\/","og_site_name":"Correio Braziliense - Radar","article_published_time":"2026-05-01T15:39:00+00:00","og_image":[{"width":1280,"height":720,"url":"https:\/\/www.correiobraziliense.com.br\/cbradar\/wp-content\/uploads\/2026\/04\/IMAGEM_720p_1776547937339.jpg","type":"image\/jpeg"}],"author":"Paulo Custodio","twitter_card":"summary_large_image","twitter_misc":{"Escrito por":"Paulo Custodio","Est. tempo de leitura":"5 minutos"},"schema":{"@context":"https:\/\/schema.org","@graph":[{"@type":"WebPage","@id":"https:\/\/www.correiobraziliense.com.br\/cbradar\/mais-de-500-anos-depois-de-partir-as-palavras-de-aristoteles-sobre-a-alma-em-dois-corpos-ainda-eram-citadas\/","url":"https:\/\/www.correiobraziliense.com.br\/cbradar\/mais-de-500-anos-depois-de-partir-as-palavras-de-aristoteles-sobre-a-alma-em-dois-corpos-ainda-eram-citadas\/","name":"Mais de 500 anos depois de partir, as palavras de Arist\u00f3teles sobre a 'alma em dois corpos' ainda eram citadas - Correio Braziliense - Radar","isPartOf":{"@id":"https:\/\/www.correiobraziliense.com.br\/cbradar\/#website"},"primaryImageOfPage":{"@id":"https:\/\/www.correiobraziliense.com.br\/cbradar\/mais-de-500-anos-depois-de-partir-as-palavras-de-aristoteles-sobre-a-alma-em-dois-corpos-ainda-eram-citadas\/#primaryimage"},"image":{"@id":"https:\/\/www.correiobraziliense.com.br\/cbradar\/mais-de-500-anos-depois-de-partir-as-palavras-de-aristoteles-sobre-a-alma-em-dois-corpos-ainda-eram-citadas\/#primaryimage"},"thumbnailUrl":"https:\/\/www.correiobraziliense.com.br\/cbradar\/wp-content\/uploads\/2026\/04\/IMAGEM_720p_1776547937339.jpg","datePublished":"2026-05-01T15:39:00+00:00","author":{"@id":"https:\/\/www.correiobraziliense.com.br\/cbradar\/#\/schema\/person\/4cec7857301a9a1a2ef249893cd908d3"},"description":"\"A amizade \u00e9 uma alma que habita em dois corpos.\" A frase \u00e9 de Arist\u00f3teles, mas a origem hist\u00f3rica \u00e9 surpreendente.","breadcrumb":{"@id":"https:\/\/www.correiobraziliense.com.br\/cbradar\/mais-de-500-anos-depois-de-partir-as-palavras-de-aristoteles-sobre-a-alma-em-dois-corpos-ainda-eram-citadas\/#breadcrumb"},"inLanguage":"pt-BR","potentialAction":[{"@type":"ReadAction","target":["https:\/\/www.correiobraziliense.com.br\/cbradar\/mais-de-500-anos-depois-de-partir-as-palavras-de-aristoteles-sobre-a-alma-em-dois-corpos-ainda-eram-citadas\/"]}]},{"@type":"ImageObject","inLanguage":"pt-BR","@id":"https:\/\/www.correiobraziliense.com.br\/cbradar\/mais-de-500-anos-depois-de-partir-as-palavras-de-aristoteles-sobre-a-alma-em-dois-corpos-ainda-eram-citadas\/#primaryimage","url":"https:\/\/www.correiobraziliense.com.br\/cbradar\/wp-content\/uploads\/2026\/04\/IMAGEM_720p_1776547937339.jpg","contentUrl":"https:\/\/www.correiobraziliense.com.br\/cbradar\/wp-content\/uploads\/2026\/04\/IMAGEM_720p_1776547937339.jpg","width":1280,"height":720,"caption":"O significado e a origem hist\u00f3rica da cita\u00e7\u00e3o de Arist\u00f3teles"},{"@type":"BreadcrumbList","@id":"https:\/\/www.correiobraziliense.com.br\/cbradar\/mais-de-500-anos-depois-de-partir-as-palavras-de-aristoteles-sobre-a-alma-em-dois-corpos-ainda-eram-citadas\/#breadcrumb","itemListElement":[{"@type":"ListItem","position":1,"name":"In\u00edcio","item":"https:\/\/www.correiobraziliense.com.br\/cbradar\/"},{"@type":"ListItem","position":2,"name":"Mais de 500 anos depois de partir, as palavras de Arist\u00f3teles sobre a &#8216;alma em dois corpos&#8217; ainda eram citadas"}]},{"@type":"WebSite","@id":"https:\/\/www.correiobraziliense.com.br\/cbradar\/#website","url":"https:\/\/www.correiobraziliense.com.br\/cbradar\/","name":"Correio Braziliense - Radar","description":"Acompanhe as \u00faltimas not\u00edcias e fique bem informado sobre tudo o que acontece no Brasil e no mundo.","potentialAction":[{"@type":"SearchAction","target":{"@type":"EntryPoint","urlTemplate":"https:\/\/www.correiobraziliense.com.br\/cbradar\/?s={search_term_string}"},"query-input":{"@type":"PropertyValueSpecification","valueRequired":true,"valueName":"search_term_string"}}],"inLanguage":"pt-BR"},{"@type":"Person","@id":"https:\/\/www.correiobraziliense.com.br\/cbradar\/#\/schema\/person\/4cec7857301a9a1a2ef249893cd908d3","name":"Paulo Custodio","image":{"@type":"ImageObject","inLanguage":"pt-BR","@id":"https:\/\/www.correiobraziliense.com.br\/cbradar\/#\/schema\/person\/image\/","url":"https:\/\/secure.gravatar.com\/avatar\/bcd67168d1534e8fcf4f45c726a87cea?s=96&d=mm&r=g","contentUrl":"https:\/\/secure.gravatar.com\/avatar\/bcd67168d1534e8fcf4f45c726a87cea?s=96&d=mm&r=g","caption":"Paulo Custodio"},"sameAs":["https:\/\/www.correiobraziliense.com.br\/cbradar"],"url":"https:\/\/www.correiobraziliense.com.br\/cbradar\/author\/paulomyth\/"}]}},"_links":{"self":[{"href":"https:\/\/www.correiobraziliense.com.br\/cbradar\/wp-json\/wp\/v2\/posts\/235261","targetHints":{"allow":["GET"]}}],"collection":[{"href":"https:\/\/www.correiobraziliense.com.br\/cbradar\/wp-json\/wp\/v2\/posts"}],"about":[{"href":"https:\/\/www.correiobraziliense.com.br\/cbradar\/wp-json\/wp\/v2\/types\/post"}],"author":[{"embeddable":true,"href":"https:\/\/www.correiobraziliense.com.br\/cbradar\/wp-json\/wp\/v2\/users\/11"}],"replies":[{"embeddable":true,"href":"https:\/\/www.correiobraziliense.com.br\/cbradar\/wp-json\/wp\/v2\/comments?post=235261"}],"version-history":[{"count":1,"href":"https:\/\/www.correiobraziliense.com.br\/cbradar\/wp-json\/wp\/v2\/posts\/235261\/revisions"}],"predecessor-version":[{"id":235264,"href":"https:\/\/www.correiobraziliense.com.br\/cbradar\/wp-json\/wp\/v2\/posts\/235261\/revisions\/235264"}],"wp:featuredmedia":[{"embeddable":true,"href":"https:\/\/www.correiobraziliense.com.br\/cbradar\/wp-json\/wp\/v2\/media\/228089"}],"wp:attachment":[{"href":"https:\/\/www.correiobraziliense.com.br\/cbradar\/wp-json\/wp\/v2\/media?parent=235261"}],"wp:term":[{"taxonomy":"category","embeddable":true,"href":"https:\/\/www.correiobraziliense.com.br\/cbradar\/wp-json\/wp\/v2\/categories?post=235261"},{"taxonomy":"post_tag","embeddable":true,"href":"https:\/\/www.correiobraziliense.com.br\/cbradar\/wp-json\/wp\/v2\/tags?post=235261"}],"curies":[{"name":"wp","href":"https:\/\/api.w.org\/{rel}","templated":true}]}}