{"id":235265,"date":"2026-05-01T11:35:00","date_gmt":"2026-05-01T14:35:00","guid":{"rendered":"https:\/\/www.correiobraziliense.com.br\/cbradar\/?p=235265"},"modified":"2026-05-01T10:13:19","modified_gmt":"2026-05-01T13:13:19","slug":"estudos-comportamentais-atestam-que-criancas-que-passam-os-primeiros-10-anos-de-vida-sem-irmaos-nao-se-tornam-adultos-egoistas-ou-dependentes-elas-desenvolvem-silenciosamente-algo-que-a-maioria-das-p","status":"publish","type":"post","link":"https:\/\/www.correiobraziliense.com.br\/cbradar\/estudos-comportamentais-atestam-que-criancas-que-passam-os-primeiros-10-anos-de-vida-sem-irmaos-nao-se-tornam-adultos-egoistas-ou-dependentes-elas-desenvolvem-silenciosamente-algo-que-a-maioria-das-p\/","title":{"rendered":"Estudos comportamentais atestam que crian\u00e7as que passam os primeiros 10 anos de vida sem irm\u00e3os n\u00e3o se tornam adultos ego\u00edstas ou dependentes; elas desenvolvem silenciosamente algo que a maioria das pessoas de fam\u00edlias grandes nunca precisou praticar: a impressionante habilidade neurol\u00f3gica de usar o pr\u00f3prio t\u00e9dio como combust\u00edvel para criar solu\u00e7\u00f5es altamente criativas"},"content":{"rendered":"\n<p>Por que tanta gente ainda torce o nariz quando ouve que uma crian\u00e7a \u00e9 <strong>filha \u00fanica<\/strong>? A desconfian\u00e7a tem ra\u00edzes antigas: mais de um s\u00e9culo atr\u00e1s, a condi\u00e7\u00e3o j\u00e1 era tratada como \u201cuma doen\u00e7a em si mesma\u201d por certos c\u00edrculos da psicologia. Mas a neuroci\u00eancia contempor\u00e2nea enterrou esse veredito. Longe de produzir adultos mimados ou dependentes, a inf\u00e2ncia sem irm\u00e3os funciona como uma oficina silenciosa onde o c\u00e9rebro aprende a transformar o vazio em fa\u00edsca criativa.<\/p>\n\n\n\n<h2 class=\"wp-block-heading\">O estere\u00f3tipo do filho \u00fanico mimado resiste aos fatos?<\/h2>\n\n\n\n<p>N\u00e3o. A imagem da crian\u00e7a ego\u00edsta e mal-ajustada \u00e9 um mito que sobreviveu por mais de um s\u00e9culo, mas que desmorona diante das evid\u00eancias. A <a href=\"https:\/\/en.wikipedia.org\/wiki\/Only_child\" target=\"_blank\" rel=\"noreferrer noopener\">literatura acad\u00eamica<\/a> re\u00fane dezenas de estudos que mostram que <strong>filhos \u00fanicos<\/strong> n\u00e3o diferem significativamente de crian\u00e7as com irm\u00e3os em tra\u00e7os como sociabilidade, maturidade emocional ou generosidade.<\/p>\n\n\n\n<p>O vi\u00e9s nasceu no fim dos anos 1800 e nunca se confirmou. O tempo mostrou que a profecia n\u00e3o se cumpriu: os dados simplesmente n\u00e3o sustentam a lenda do \u201cfilho \u00fanico problema\u201d.<\/p>\n\n\n<div class=\"wp-block-image\">\n<figure class=\"aligncenter size-full\"><img decoding=\"async\" width=\"1280\" height=\"720\" src=\"https:\/\/www.correiobraziliense.com.br\/cbradar\/wp-content\/uploads\/2026\/05\/IMAGEM_720p_1777641019575.jpg\" alt=\"Como o t\u00e9dio na inf\u00e2ncia sem irm\u00e3os impulsiona a criatividade e a autonomia intelectual\" class=\"wp-image-235268\" srcset=\"https:\/\/www.correiobraziliense.com.br\/cbradar\/wp-content\/uploads\/2026\/05\/IMAGEM_720p_1777641019575.jpg 1280w, https:\/\/www.correiobraziliense.com.br\/cbradar\/wp-content\/uploads\/2026\/05\/IMAGEM_720p_1777641019575-300x169.jpg 300w, https:\/\/www.correiobraziliense.com.br\/cbradar\/wp-content\/uploads\/2026\/05\/IMAGEM_720p_1777641019575-768x432.jpg 768w, https:\/\/www.correiobraziliense.com.br\/cbradar\/wp-content\/uploads\/2026\/05\/IMAGEM_720p_1777641019575-750x422.jpg 750w, https:\/\/www.correiobraziliense.com.br\/cbradar\/wp-content\/uploads\/2026\/05\/IMAGEM_720p_1777641019575-1140x641.jpg 1140w\" sizes=\"(max-width: 1280px) 100vw, 1280px\" \/><figcaption class=\"wp-element-caption\">Como o t\u00e9dio na inf\u00e2ncia sem irm\u00e3os impulsiona a criatividade e a autonomia intelectual<\/figcaption><\/figure><\/div>\n\n\n<h2 class=\"wp-block-heading\">Como a aus\u00eancia de irm\u00e3os molda o c\u00e9rebro nos primeiros 10 anos?<\/h2>\n\n\n\n<p>Sem a presen\u00e7a de irm\u00e3os da mesma faixa et\u00e1ria em casa, o c\u00f3rtex pr\u00e9-frontal da crian\u00e7a tende a buscar est\u00edmulos internos com mais frequ\u00eancia, como se o c\u00e9rebro, diante do sil\u00eancio, aprendesse a \u201cpuxar assunto\u201d consigo mesmo. <\/p>\n\n\n\n<p>Essa din\u00e2mica favorece o desenvolvimento das fun\u00e7\u00f5es executivas, como:<\/p>\n\n\n\n<ul class=\"wp-block-list\">\n<li>planejamento<\/li>\n\n\n\n<li>mem\u00f3ria de trabalho<\/li>\n\n\n\n<li>flexibilidade cognitiva<\/li>\n<\/ul>\n\n\n\n<p>Em vez de esperar que algu\u00e9m proponha uma brincadeira, o filho \u00fanico precisa organizar sozinho o pr\u00f3prio universo l\u00fadico. Essa pr\u00e1tica di\u00e1ria fortalece os circuitos neurais ligados \u00e0 resolu\u00e7\u00e3o de problemas, funcionando como um treino invis\u00edvel que, mais tarde, pode se traduzir em maior criatividade aplicada.<\/p>\n\n\n\n<p>Leia tamb\u00e9m: <a href=\"https:\/\/www.correiobraziliense.com.br\/cbradar\/a-palavra-que-muita-gente-evita-usar-em-redacao-formal-mas-esta-correta-segundo-o-vocabulario-ortografico-da-lingua-portuguesa\/\" target=\"_blank\" rel=\"noreferrer noopener\">A palavra que muita gente evita usar em reda\u00e7\u00e3o formal, mas est\u00e1 correta segundo o Vocabul\u00e1rio Ortogr\u00e1fico da L\u00edngua Portuguesa<\/a><\/p>\n\n\n\n<h2 class=\"wp-block-heading\">O que acontece no c\u00e9rebro quando a crian\u00e7a se entedia?<\/h2>\n\n\n\n<p>O t\u00e9dio, longe de ser um inimigo, funciona como um gatilho neuroqu\u00edmico. Quando a crian\u00e7a n\u00e3o recebe entretenimento pronto, o sistema de recompensa do c\u00e9rebro entra em modo de busca, liberando <strong>dopamina<\/strong> \u00e0 medida que ela mesma encontra algo interessante para fazer. \u00c9 o famoso \u201cdevaneio\u201d que prepara o terreno para <strong>insights<\/strong>.<\/p>\n\n\n\n<p>Uma pesquisa da <a href=\"https:\/\/knowledge.lancashire.ac.uk\/id\/eprint\/22263\/\" target=\"_blank\" rel=\"noreferrer noopener\">Universidade de Central Lancashire<\/a>, conduzida pelas psic\u00f3logas <strong>Sandi Mann<\/strong> e <strong>Rebekah Cadman<\/strong>, mostrou que pessoas submetidas a tarefas entediantes antes de um desafio criativo geravam ideias mais originais. Para o filho \u00fanico, essa situa\u00e7\u00e3o de \u201ct\u00e9dio produtivo\u201d \u00e9 corriqueira, o que torna a busca por solu\u00e7\u00f5es inventivas um h\u00e1bito neurol\u00f3gico.<\/p>\n\n\n\n<h2 class=\"wp-block-heading\">Filhos \u00fanicos s\u00e3o mais criativos do que crian\u00e7as com irm\u00e3os?<\/h2>\n\n\n\n<p>N\u00e3o se trata de uma competi\u00e7\u00e3o, mas as evid\u00eancias apontam que a configura\u00e7\u00e3o familiar influencia o tipo de criatividade que se desenvolve. Enquanto crian\u00e7as com irm\u00e3os treinam a criatividade social (negocia\u00e7\u00e3o, persuas\u00e3o, jogo coletivo), os <strong>filhos \u00fanicos<\/strong> tendem a cultivar uma criatividade mais introspectiva e autoral.<\/p>\n\n\n\n<p>\u00c9 uma criatividade que n\u00e3o depende de plateia. Nasce do t\u00e9dio, se alimenta da solid\u00e3o e des\u00e1gua em narrativas, inven\u00e7\u00f5es e solu\u00e7\u00f5es que surpreendem exatamente porque n\u00e3o foram negociadas com ningu\u00e9m.<\/p>\n\n\n<div class=\"wp-block-image\">\n<figure class=\"aligncenter size-full\"><img decoding=\"async\" width=\"1280\" height=\"720\" src=\"https:\/\/www.correiobraziliense.com.br\/cbradar\/wp-content\/uploads\/2026\/05\/IMAGEM_720p_1777641023435.jpg\" alt=\"Como o t\u00e9dio na inf\u00e2ncia sem irm\u00e3os impulsiona a criatividade e a autonomia intelectual\" class=\"wp-image-235267\" srcset=\"https:\/\/www.correiobraziliense.com.br\/cbradar\/wp-content\/uploads\/2026\/05\/IMAGEM_720p_1777641023435.jpg 1280w, https:\/\/www.correiobraziliense.com.br\/cbradar\/wp-content\/uploads\/2026\/05\/IMAGEM_720p_1777641023435-300x169.jpg 300w, https:\/\/www.correiobraziliense.com.br\/cbradar\/wp-content\/uploads\/2026\/05\/IMAGEM_720p_1777641023435-768x432.jpg 768w, https:\/\/www.correiobraziliense.com.br\/cbradar\/wp-content\/uploads\/2026\/05\/IMAGEM_720p_1777641023435-750x422.jpg 750w, https:\/\/www.correiobraziliense.com.br\/cbradar\/wp-content\/uploads\/2026\/05\/IMAGEM_720p_1777641023435-1140x641.jpg 1140w\" sizes=\"(max-width: 1280px) 100vw, 1280px\" \/><figcaption class=\"wp-element-caption\">Como o t\u00e9dio na inf\u00e2ncia sem irm\u00e3os impulsiona a criatividade e a autonomia intelectual<\/figcaption><\/figure><\/div>\n\n\n<h2 class=\"wp-block-heading\">Como os pais podem proteger esse espa\u00e7o criativo?<\/h2>\n\n\n\n<p>A principal amea\u00e7a ao t\u00e9dio criativo n\u00e3o \u00e9 a falta de irm\u00e3os, mas o excesso de telas. Tablets e smartphones oferecem est\u00edmulo pronto, sequestrando a oportunidade de o c\u00e9rebro se entreter sozinho. A orienta\u00e7\u00e3o de especialistas \u00e9 simples: <strong>n\u00e3o preencher todos os espa\u00e7os vazios<\/strong>.<\/p>\n\n\n\n<p>Permitir que a crian\u00e7a experimente o \u00f3cio, o sil\u00eancio e at\u00e9 a monotonia \u00e9 um investimento neurol\u00f3gico de longo prazo. Como mostram as pesquisas, esses momentos de \u201cvazio\u201d s\u00e3o, na verdade, o combust\u00edvel que acende a m\u00e1quina da imagina\u00e7\u00e3o.<\/p>\n","protected":false},"excerpt":{"rendered":"<p>Por que tanta gente ainda torce o nariz quando ouve que uma crian\u00e7a \u00e9 filha \u00fanica? A desconfian\u00e7a tem ra\u00edzes antigas: mais de um s\u00e9culo atr\u00e1s, a condi\u00e7\u00e3o j\u00e1 era tratada como \u201cuma doen\u00e7a em si mesma\u201d por certos c\u00edrculos da psicologia. Mas a neuroci\u00eancia contempor\u00e2nea enterrou esse veredito. Longe de produzir adultos mimados ou [&hellip;]<\/p>\n","protected":false},"author":11,"featured_media":235266,"comment_status":"open","ping_status":"open","sticky":false,"template":"","format":"standard","meta":{"_yoast_wpseo_focuskw":"filhos \u00fanicos t\u00e9dio criativo","_yoast_wpseo_title":"","_yoast_wpseo_metadesc":"Filhos \u00fanicos s\u00e3o mesmo ego\u00edstas? A neuroci\u00eancia revela que a solid\u00e3o infantil pode ser o motor de uma mente mais inventiva. Entenda por qu\u00ea.","jnews-multi-image_gallery":[],"jnews_single_post":{"format":"standard"},"jnews_primary_category":[],"jnews_social_meta":[],"jnews_override_counter":[],"footnotes":""},"categories":[119],"tags":[2614,7955,18478,7844],"class_list":["post-235265","post","type-post","status-publish","format-standard","has-post-thumbnail","hentry","category-bem-estar","tag-criatividade","tag-desenvolvimento-infantil","tag-filhos-unicos","tag-tedio"],"yoast_head":"<!-- This site is optimized with the Yoast SEO plugin v24.6 - https:\/\/yoast.com\/wordpress\/plugins\/seo\/ -->\n<title>Estudos comportamentais atestam que crian\u00e7as que passam os primeiros 10 anos de vida sem irm\u00e3os n\u00e3o se tornam adultos ego\u00edstas ou dependentes; elas desenvolvem silenciosamente algo que a maioria das pessoas de fam\u00edlias grandes nunca precisou praticar: a impressionante habilidade neurol\u00f3gica de usar o pr\u00f3prio t\u00e9dio como combust\u00edvel para criar solu\u00e7\u00f5es altamente criativas - Correio Braziliense - Radar<\/title>\n<meta name=\"description\" content=\"Filhos \u00fanicos s\u00e3o mesmo ego\u00edstas? A neuroci\u00eancia revela que a solid\u00e3o infantil pode ser o motor de uma mente mais inventiva. Entenda por qu\u00ea.\" \/>\n<meta name=\"robots\" content=\"index, follow, max-snippet:-1, max-image-preview:large, max-video-preview:-1\" \/>\n<link rel=\"canonical\" href=\"https:\/\/www.correiobraziliense.com.br\/cbradar\/estudos-comportamentais-atestam-que-criancas-que-passam-os-primeiros-10-anos-de-vida-sem-irmaos-nao-se-tornam-adultos-egoistas-ou-dependentes-elas-desenvolvem-silenciosamente-algo-que-a-maioria-das-p\/\" \/>\n<meta property=\"og:locale\" content=\"pt_BR\" \/>\n<meta property=\"og:type\" content=\"article\" \/>\n<meta property=\"og:title\" content=\"Estudos comportamentais atestam que crian\u00e7as que passam os primeiros 10 anos de vida sem irm\u00e3os n\u00e3o se tornam adultos ego\u00edstas ou dependentes; elas desenvolvem silenciosamente algo que a maioria das pessoas de fam\u00edlias grandes nunca precisou praticar: a impressionante habilidade neurol\u00f3gica de usar o pr\u00f3prio t\u00e9dio como combust\u00edvel para criar solu\u00e7\u00f5es altamente criativas - Correio Braziliense - Radar\" \/>\n<meta property=\"og:description\" content=\"Filhos \u00fanicos s\u00e3o mesmo ego\u00edstas? A neuroci\u00eancia revela que a solid\u00e3o infantil pode ser o motor de uma mente mais inventiva. Entenda por qu\u00ea.\" \/>\n<meta property=\"og:url\" content=\"https:\/\/www.correiobraziliense.com.br\/cbradar\/estudos-comportamentais-atestam-que-criancas-que-passam-os-primeiros-10-anos-de-vida-sem-irmaos-nao-se-tornam-adultos-egoistas-ou-dependentes-elas-desenvolvem-silenciosamente-algo-que-a-maioria-das-p\/\" \/>\n<meta property=\"og:site_name\" content=\"Correio Braziliense - Radar\" \/>\n<meta property=\"article:published_time\" content=\"2026-05-01T14:35:00+00:00\" \/>\n<meta property=\"og:image\" content=\"https:\/\/www.correiobraziliense.com.br\/cbradar\/wp-content\/uploads\/2026\/05\/IMAGEM_720p_1777640957011.jpg\" \/>\n\t<meta property=\"og:image:width\" content=\"1280\" \/>\n\t<meta property=\"og:image:height\" content=\"720\" \/>\n\t<meta property=\"og:image:type\" content=\"image\/jpeg\" \/>\n<meta name=\"author\" content=\"Paulo Custodio\" \/>\n<meta name=\"twitter:card\" content=\"summary_large_image\" \/>\n<meta name=\"twitter:label1\" content=\"Escrito por\" \/>\n\t<meta name=\"twitter:data1\" content=\"Paulo Custodio\" \/>\n\t<meta name=\"twitter:label2\" content=\"Est. tempo de leitura\" \/>\n\t<meta name=\"twitter:data2\" content=\"5 minutos\" \/>\n<!-- \/ Yoast SEO plugin. -->","yoast_head_json":{"title":"Estudos comportamentais atestam que crian\u00e7as que passam os primeiros 10 anos de vida sem irm\u00e3os n\u00e3o se tornam adultos ego\u00edstas ou dependentes; elas desenvolvem silenciosamente algo que a maioria das pessoas de fam\u00edlias grandes nunca precisou praticar: a impressionante habilidade neurol\u00f3gica de usar o pr\u00f3prio t\u00e9dio como combust\u00edvel para criar solu\u00e7\u00f5es altamente criativas - Correio Braziliense - Radar","description":"Filhos \u00fanicos s\u00e3o mesmo ego\u00edstas? A neuroci\u00eancia revela que a solid\u00e3o infantil pode ser o motor de uma mente mais inventiva. Entenda por qu\u00ea.","robots":{"index":"index","follow":"follow","max-snippet":"max-snippet:-1","max-image-preview":"max-image-preview:large","max-video-preview":"max-video-preview:-1"},"canonical":"https:\/\/www.correiobraziliense.com.br\/cbradar\/estudos-comportamentais-atestam-que-criancas-que-passam-os-primeiros-10-anos-de-vida-sem-irmaos-nao-se-tornam-adultos-egoistas-ou-dependentes-elas-desenvolvem-silenciosamente-algo-que-a-maioria-das-p\/","og_locale":"pt_BR","og_type":"article","og_title":"Estudos comportamentais atestam que crian\u00e7as que passam os primeiros 10 anos de vida sem irm\u00e3os n\u00e3o se tornam adultos ego\u00edstas ou dependentes; elas desenvolvem silenciosamente algo que a maioria das pessoas de fam\u00edlias grandes nunca precisou praticar: a impressionante habilidade neurol\u00f3gica de usar o pr\u00f3prio t\u00e9dio como combust\u00edvel para criar solu\u00e7\u00f5es altamente criativas - Correio Braziliense - Radar","og_description":"Filhos \u00fanicos s\u00e3o mesmo ego\u00edstas? A neuroci\u00eancia revela que a solid\u00e3o infantil pode ser o motor de uma mente mais inventiva. Entenda por qu\u00ea.","og_url":"https:\/\/www.correiobraziliense.com.br\/cbradar\/estudos-comportamentais-atestam-que-criancas-que-passam-os-primeiros-10-anos-de-vida-sem-irmaos-nao-se-tornam-adultos-egoistas-ou-dependentes-elas-desenvolvem-silenciosamente-algo-que-a-maioria-das-p\/","og_site_name":"Correio Braziliense - Radar","article_published_time":"2026-05-01T14:35:00+00:00","og_image":[{"width":1280,"height":720,"url":"https:\/\/www.correiobraziliense.com.br\/cbradar\/wp-content\/uploads\/2026\/05\/IMAGEM_720p_1777640957011.jpg","type":"image\/jpeg"}],"author":"Paulo Custodio","twitter_card":"summary_large_image","twitter_misc":{"Escrito por":"Paulo Custodio","Est. tempo de leitura":"5 minutos"},"schema":{"@context":"https:\/\/schema.org","@graph":[{"@type":"WebPage","@id":"https:\/\/www.correiobraziliense.com.br\/cbradar\/estudos-comportamentais-atestam-que-criancas-que-passam-os-primeiros-10-anos-de-vida-sem-irmaos-nao-se-tornam-adultos-egoistas-ou-dependentes-elas-desenvolvem-silenciosamente-algo-que-a-maioria-das-p\/","url":"https:\/\/www.correiobraziliense.com.br\/cbradar\/estudos-comportamentais-atestam-que-criancas-que-passam-os-primeiros-10-anos-de-vida-sem-irmaos-nao-se-tornam-adultos-egoistas-ou-dependentes-elas-desenvolvem-silenciosamente-algo-que-a-maioria-das-p\/","name":"Estudos comportamentais atestam que crian\u00e7as que passam os primeiros 10 anos de vida sem irm\u00e3os n\u00e3o se tornam adultos ego\u00edstas ou dependentes; elas desenvolvem silenciosamente algo que a maioria das pessoas de fam\u00edlias grandes nunca precisou praticar: a impressionante habilidade neurol\u00f3gica de usar o pr\u00f3prio t\u00e9dio como combust\u00edvel para criar solu\u00e7\u00f5es altamente criativas - Correio Braziliense - Radar","isPartOf":{"@id":"https:\/\/www.correiobraziliense.com.br\/cbradar\/#website"},"primaryImageOfPage":{"@id":"https:\/\/www.correiobraziliense.com.br\/cbradar\/estudos-comportamentais-atestam-que-criancas-que-passam-os-primeiros-10-anos-de-vida-sem-irmaos-nao-se-tornam-adultos-egoistas-ou-dependentes-elas-desenvolvem-silenciosamente-algo-que-a-maioria-das-p\/#primaryimage"},"image":{"@id":"https:\/\/www.correiobraziliense.com.br\/cbradar\/estudos-comportamentais-atestam-que-criancas-que-passam-os-primeiros-10-anos-de-vida-sem-irmaos-nao-se-tornam-adultos-egoistas-ou-dependentes-elas-desenvolvem-silenciosamente-algo-que-a-maioria-das-p\/#primaryimage"},"thumbnailUrl":"https:\/\/www.correiobraziliense.com.br\/cbradar\/wp-content\/uploads\/2026\/05\/IMAGEM_720p_1777640957011.jpg","datePublished":"2026-05-01T14:35:00+00:00","author":{"@id":"https:\/\/www.correiobraziliense.com.br\/cbradar\/#\/schema\/person\/4cec7857301a9a1a2ef249893cd908d3"},"description":"Filhos \u00fanicos s\u00e3o mesmo ego\u00edstas? A neuroci\u00eancia revela que a solid\u00e3o infantil pode ser o motor de uma mente mais inventiva. Entenda por qu\u00ea.","breadcrumb":{"@id":"https:\/\/www.correiobraziliense.com.br\/cbradar\/estudos-comportamentais-atestam-que-criancas-que-passam-os-primeiros-10-anos-de-vida-sem-irmaos-nao-se-tornam-adultos-egoistas-ou-dependentes-elas-desenvolvem-silenciosamente-algo-que-a-maioria-das-p\/#breadcrumb"},"inLanguage":"pt-BR","potentialAction":[{"@type":"ReadAction","target":["https:\/\/www.correiobraziliense.com.br\/cbradar\/estudos-comportamentais-atestam-que-criancas-que-passam-os-primeiros-10-anos-de-vida-sem-irmaos-nao-se-tornam-adultos-egoistas-ou-dependentes-elas-desenvolvem-silenciosamente-algo-que-a-maioria-das-p\/"]}]},{"@type":"ImageObject","inLanguage":"pt-BR","@id":"https:\/\/www.correiobraziliense.com.br\/cbradar\/estudos-comportamentais-atestam-que-criancas-que-passam-os-primeiros-10-anos-de-vida-sem-irmaos-nao-se-tornam-adultos-egoistas-ou-dependentes-elas-desenvolvem-silenciosamente-algo-que-a-maioria-das-p\/#primaryimage","url":"https:\/\/www.correiobraziliense.com.br\/cbradar\/wp-content\/uploads\/2026\/05\/IMAGEM_720p_1777640957011.jpg","contentUrl":"https:\/\/www.correiobraziliense.com.br\/cbradar\/wp-content\/uploads\/2026\/05\/IMAGEM_720p_1777640957011.jpg","width":1280,"height":720,"caption":"Como o t\u00e9dio na inf\u00e2ncia sem irm\u00e3os impulsiona a criatividade e a autonomia intelectual"},{"@type":"BreadcrumbList","@id":"https:\/\/www.correiobraziliense.com.br\/cbradar\/estudos-comportamentais-atestam-que-criancas-que-passam-os-primeiros-10-anos-de-vida-sem-irmaos-nao-se-tornam-adultos-egoistas-ou-dependentes-elas-desenvolvem-silenciosamente-algo-que-a-maioria-das-p\/#breadcrumb","itemListElement":[{"@type":"ListItem","position":1,"name":"In\u00edcio","item":"https:\/\/www.correiobraziliense.com.br\/cbradar\/"},{"@type":"ListItem","position":2,"name":"Estudos comportamentais atestam que crian\u00e7as que passam os primeiros 10 anos de vida sem irm\u00e3os n\u00e3o se tornam adultos ego\u00edstas ou dependentes; elas desenvolvem silenciosamente algo que a maioria das pessoas de fam\u00edlias grandes nunca precisou praticar: a impressionante habilidade neurol\u00f3gica de usar o pr\u00f3prio t\u00e9dio como combust\u00edvel para criar solu\u00e7\u00f5es altamente criativas"}]},{"@type":"WebSite","@id":"https:\/\/www.correiobraziliense.com.br\/cbradar\/#website","url":"https:\/\/www.correiobraziliense.com.br\/cbradar\/","name":"Correio Braziliense - Radar","description":"Acompanhe as \u00faltimas not\u00edcias e fique bem informado sobre tudo o que acontece no Brasil e no mundo.","potentialAction":[{"@type":"SearchAction","target":{"@type":"EntryPoint","urlTemplate":"https:\/\/www.correiobraziliense.com.br\/cbradar\/?s={search_term_string}"},"query-input":{"@type":"PropertyValueSpecification","valueRequired":true,"valueName":"search_term_string"}}],"inLanguage":"pt-BR"},{"@type":"Person","@id":"https:\/\/www.correiobraziliense.com.br\/cbradar\/#\/schema\/person\/4cec7857301a9a1a2ef249893cd908d3","name":"Paulo Custodio","image":{"@type":"ImageObject","inLanguage":"pt-BR","@id":"https:\/\/www.correiobraziliense.com.br\/cbradar\/#\/schema\/person\/image\/","url":"https:\/\/secure.gravatar.com\/avatar\/bcd67168d1534e8fcf4f45c726a87cea?s=96&d=mm&r=g","contentUrl":"https:\/\/secure.gravatar.com\/avatar\/bcd67168d1534e8fcf4f45c726a87cea?s=96&d=mm&r=g","caption":"Paulo Custodio"},"sameAs":["https:\/\/www.correiobraziliense.com.br\/cbradar"],"url":"https:\/\/www.correiobraziliense.com.br\/cbradar\/author\/paulomyth\/"}]}},"_links":{"self":[{"href":"https:\/\/www.correiobraziliense.com.br\/cbradar\/wp-json\/wp\/v2\/posts\/235265","targetHints":{"allow":["GET"]}}],"collection":[{"href":"https:\/\/www.correiobraziliense.com.br\/cbradar\/wp-json\/wp\/v2\/posts"}],"about":[{"href":"https:\/\/www.correiobraziliense.com.br\/cbradar\/wp-json\/wp\/v2\/types\/post"}],"author":[{"embeddable":true,"href":"https:\/\/www.correiobraziliense.com.br\/cbradar\/wp-json\/wp\/v2\/users\/11"}],"replies":[{"embeddable":true,"href":"https:\/\/www.correiobraziliense.com.br\/cbradar\/wp-json\/wp\/v2\/comments?post=235265"}],"version-history":[{"count":1,"href":"https:\/\/www.correiobraziliense.com.br\/cbradar\/wp-json\/wp\/v2\/posts\/235265\/revisions"}],"predecessor-version":[{"id":235269,"href":"https:\/\/www.correiobraziliense.com.br\/cbradar\/wp-json\/wp\/v2\/posts\/235265\/revisions\/235269"}],"wp:featuredmedia":[{"embeddable":true,"href":"https:\/\/www.correiobraziliense.com.br\/cbradar\/wp-json\/wp\/v2\/media\/235266"}],"wp:attachment":[{"href":"https:\/\/www.correiobraziliense.com.br\/cbradar\/wp-json\/wp\/v2\/media?parent=235265"}],"wp:term":[{"taxonomy":"category","embeddable":true,"href":"https:\/\/www.correiobraziliense.com.br\/cbradar\/wp-json\/wp\/v2\/categories?post=235265"},{"taxonomy":"post_tag","embeddable":true,"href":"https:\/\/www.correiobraziliense.com.br\/cbradar\/wp-json\/wp\/v2\/tags?post=235265"}],"curies":[{"name":"wp","href":"https:\/\/api.w.org\/{rel}","templated":true}]}}