{"id":235278,"date":"2026-05-01T13:19:00","date_gmt":"2026-05-01T16:19:00","guid":{"rendered":"https:\/\/www.correiobraziliense.com.br\/cbradar\/?p=235278"},"modified":"2026-05-01T10:52:19","modified_gmt":"2026-05-01T13:52:19","slug":"reduzir-o-acucar-na-alimentacao-ajuda-muito-na-saude-mas-os-reais-beneficios-so-aparecem-se-a-reducao-for-consistente-por-pelo-menos-7-dias-seguidos","status":"publish","type":"post","link":"https:\/\/www.correiobraziliense.com.br\/cbradar\/reduzir-o-acucar-na-alimentacao-ajuda-muito-na-saude-mas-os-reais-beneficios-so-aparecem-se-a-reducao-for-consistente-por-pelo-menos-7-dias-seguidos\/","title":{"rendered":"Reduzir o a\u00e7\u00facar na alimenta\u00e7\u00e3o ajuda muito na sa\u00fade, mas os reais benef\u00edcios s\u00f3 aparecem se a redu\u00e7\u00e3o for consistente por pelo menos 7 dias seguidos"},"content":{"rendered":"\n<p>Por que tanta gente abandona a tentativa de <strong>reduzir o a\u00e7\u00facar<\/strong> bem na v\u00e9spera de sentir os efeitos positivos? Os primeiros dias s\u00e3o ingratos: cansa\u00e7o, irrita\u00e7\u00e3o e aquela vontade incontrol\u00e1vel de comer um doce. Mas a ci\u00eancia tem um recado claro, o corpo precisa de ao menos 7 dias consecutivos de baixa ingest\u00e3o para come\u00e7ar a virar a chave metab\u00f3lica de verdade.<\/p>\n\n\n\n<h2 class=\"wp-block-heading\">O que acontece nas primeiras 24 horas sem a\u00e7\u00facar adicionado?<\/h2>\n\n\n\n<p>Nas horas iniciais, o organismo ainda opera no modo \u201cmontanha-russa\u201d da <a href=\"https:\/\/pt.wikipedia.org\/wiki\/A%C3%A7%C3%BAcar\" target=\"_blank\" rel=\"noreferrer noopener\">glicose<\/a>. A insulina come\u00e7a a cair e o f\u00edgado passa a liberar glicog\u00eanio para manter o c\u00e9rebro funcionando. \u00c9 um per\u00edodo de transi\u00e7\u00e3o silenciosa, mas que j\u00e1 prepara o terreno para as adapta\u00e7\u00f5es seguintes.<\/p>\n\n\n\n<p>O que a maioria das pessoas sente nessa fase \u00e9 um desconforto difuso. Dor de cabe\u00e7a leve, oscila\u00e7\u00e3o de humor e uma sensa\u00e7\u00e3o de vazio que o c\u00e9rebro insiste em preencher com a lembran\u00e7a de um chocolate. \u00c9 o sistema de recompensa gritando por dopamina r\u00e1pida.<\/p>\n\n\n<div class=\"wp-block-image\">\n<figure class=\"aligncenter size-full\"><img decoding=\"async\" width=\"1280\" height=\"720\" src=\"https:\/\/www.correiobraziliense.com.br\/cbradar\/wp-content\/uploads\/2026\/05\/IMAGEM_720p_1777643332796.jpg\" alt=\"Os benef\u00edcios metab\u00f3licos e cognitivos da redu\u00e7\u00e3o do a\u00e7\u00facar\" class=\"wp-image-235287\" srcset=\"https:\/\/www.correiobraziliense.com.br\/cbradar\/wp-content\/uploads\/2026\/05\/IMAGEM_720p_1777643332796.jpg 1280w, https:\/\/www.correiobraziliense.com.br\/cbradar\/wp-content\/uploads\/2026\/05\/IMAGEM_720p_1777643332796-300x169.jpg 300w, https:\/\/www.correiobraziliense.com.br\/cbradar\/wp-content\/uploads\/2026\/05\/IMAGEM_720p_1777643332796-768x432.jpg 768w, https:\/\/www.correiobraziliense.com.br\/cbradar\/wp-content\/uploads\/2026\/05\/IMAGEM_720p_1777643332796-750x422.jpg 750w, https:\/\/www.correiobraziliense.com.br\/cbradar\/wp-content\/uploads\/2026\/05\/IMAGEM_720p_1777643332796-1140x641.jpg 1140w\" sizes=\"(max-width: 1280px) 100vw, 1280px\" \/><figcaption class=\"wp-element-caption\">Os benef\u00edcios metab\u00f3licos e cognitivos da redu\u00e7\u00e3o do a\u00e7\u00facar<\/figcaption><\/figure><\/div>\n\n\n<h2 class=\"wp-block-heading\">Por que o terceiro dia costuma ser o mais dif\u00edcil?<\/h2>\n\n\n\n<p>O terceiro dia concentra o pico da abstin\u00eancia. A <strong>dopamina<\/strong> basal despenca porque o c\u00e9rebro perdeu o est\u00edmulo di\u00e1rio do a\u00e7\u00facar e ainda n\u00e3o aprendeu a se regular sem ele. O resultado \u00e9 irritabilidade, fadiga mental e uma tenta\u00e7\u00e3o poderosa de desistir.<\/p>\n\n\n\n<p>Essa fase tem nome: <strong>s\u00edndrome de abstin\u00eancia do a\u00e7\u00facar<\/strong>. Embora passageira, ela engana muita gente. A sensa\u00e7\u00e3o de estar \u201cpior do que antes\u201d faz com que a decis\u00e3o de largar o a\u00e7\u00facar pare\u00e7a um erro, mas \u00e9 exatamente o oposto \u2014 o c\u00e9rebro est\u00e1 sendo for\u00e7ado a construir novas rotas de prazer.<\/p>\n\n\n\n<p>Leia tamb\u00e9m: <a href=\"https:\/\/www.correiobraziliense.com.br\/cbradar\/a-palavra-que-muita-gente-evita-usar-em-redacao-formal-mas-esta-correta-segundo-o-vocabulario-ortografico-da-lingua-portuguesa\/\" target=\"_blank\" rel=\"noreferrer noopener\">A palavra que muita gente evita usar em reda\u00e7\u00e3o formal, mas est\u00e1 correta segundo o Vocabul\u00e1rio Ortogr\u00e1fico da L\u00edngua Portuguesa<\/a><\/p>\n\n\n\n<h2 class=\"wp-block-heading\">Quais mudan\u00e7as o metabolismo entrega ap\u00f3s 7 dias?<\/h2>\n\n\n\n<p>Ao completar uma semana de consist\u00eancia, a <strong>resist\u00eancia \u00e0 insulina<\/strong> come\u00e7a a ceder. O f\u00edgado reduz o ac\u00famulo de gordura e o corpo finalmente entende que a fonte principal de energia n\u00e3o vir\u00e1 mais dos picos de glicose. \u00c9 como reiniciar um sistema operacional sobrecarregado.<\/p>\n\n\n\n<p>Estudos recentes mostram que n\u00edveis mais est\u00e1veis de <strong>glicose sangu\u00ednea<\/strong> est\u00e3o associados a menos inflama\u00e7\u00e3o sist\u00eamica e melhor funcionamento das mitoc\u00f4ndrias, as usinas de energia das c\u00e9lulas. Os benef\u00edcios reais n\u00e3o s\u00e3o cosm\u00e9ticos; s\u00e3o estruturais.<\/p>\n\n\n\n<p>No v\u00eddeo a seguir, o <strong>Dr. Mauricio Hirata<\/strong>, com mais de 140 mil seguidores, fala algumas dicas de como reduzir o a\u00e7ucar:<\/p>\n\n\n\n<blockquote class=\"instagram-media\" data-instgrm-captioned data-instgrm-permalink=\"https:\/\/www.instagram.com\/reel\/DOQ9p8_jmq3\/?utm_source=ig_embed&amp;utm_campaign=loading\" data-instgrm-version=\"14\" style=\" background:#FFF; border:0; border-radius:3px; box-shadow:0 0 1px 0 rgba(0,0,0,0.5),0 1px 10px 0 rgba(0,0,0,0.15); margin: 1px; max-width:540px; min-width:326px; padding:0; width:99.375%; width:-webkit-calc(100% - 2px); width:calc(100% - 2px);\"><div style=\"padding:16px;\"> <a href=\"https:\/\/www.instagram.com\/reel\/DOQ9p8_jmq3\/?utm_source=ig_embed&amp;utm_campaign=loading\" style=\" background:#FFFFFF; line-height:0; padding:0 0; text-align:center; text-decoration:none; width:100%;\" target=\"_blank\"> <div style=\" display: flex; flex-direction: row; align-items: center;\"> <div style=\"background-color: #F4F4F4; border-radius: 50%; flex-grow: 0; height: 40px; margin-right: 14px; width: 40px;\"><\/div> <div style=\"display: flex; flex-direction: column; flex-grow: 1; justify-content: center;\"> <div style=\" background-color: #F4F4F4; border-radius: 4px; flex-grow: 0; height: 14px; margin-bottom: 6px; width: 100px;\"><\/div> <div style=\" background-color: #F4F4F4; border-radius: 4px; flex-grow: 0; height: 14px; width: 60px;\"><\/div><\/div><\/div><div style=\"padding: 19% 0;\"><\/div> <div style=\"display:block; height:50px; margin:0 auto 12px; width:50px;\"><svg width=\"50px\" height=\"50px\" viewBox=\"0 0 60 60\" version=\"1.1\" xmlns=\"https:\/\/www.w3.org\/2000\/svg\" xmlns:xlink=\"https:\/\/www.w3.org\/1999\/xlink\"><g stroke=\"none\" stroke-width=\"1\" fill=\"none\" fill-rule=\"evenodd\"><g transform=\"translate(-511.000000, -20.000000)\" fill=\"#000000\"><g><path d=\"M556.869,30.41 C554.814,30.41 553.148,32.076 553.148,34.131 C553.148,36.186 554.814,37.852 556.869,37.852 C558.924,37.852 560.59,36.186 560.59,34.131 C560.59,32.076 558.924,30.41 556.869,30.41 M541,60.657 C535.114,60.657 530.342,55.887 530.342,50 C530.342,44.114 535.114,39.342 541,39.342 C546.887,39.342 551.658,44.114 551.658,50 C551.658,55.887 546.887,60.657 541,60.657 M541,33.886 C532.1,33.886 524.886,41.1 524.886,50 C524.886,58.899 532.1,66.113 541,66.113 C549.9,66.113 557.115,58.899 557.115,50 C557.115,41.1 549.9,33.886 541,33.886 M565.378,62.101 C565.244,65.022 564.756,66.606 564.346,67.663 C563.803,69.06 563.154,70.057 562.106,71.106 C561.058,72.155 560.06,72.803 558.662,73.347 C557.607,73.757 556.021,74.244 553.102,74.378 C549.944,74.521 548.997,74.552 541,74.552 C533.003,74.552 532.056,74.521 528.898,74.378 C525.979,74.244 524.393,73.757 523.338,73.347 C521.94,72.803 520.942,72.155 519.894,71.106 C518.846,70.057 518.197,69.06 517.654,67.663 C517.244,66.606 516.755,65.022 516.623,62.101 C516.479,58.943 516.448,57.996 516.448,50 C516.448,42.003 516.479,41.056 516.623,37.899 C516.755,34.978 517.244,33.391 517.654,32.338 C518.197,30.938 518.846,29.942 519.894,28.894 C520.942,27.846 521.94,27.196 523.338,26.654 C524.393,26.244 525.979,25.756 528.898,25.623 C532.057,25.479 533.004,25.448 541,25.448 C548.997,25.448 549.943,25.479 553.102,25.623 C556.021,25.756 557.607,26.244 558.662,26.654 C560.06,27.196 561.058,27.846 562.106,28.894 C563.154,29.942 563.803,30.938 564.346,32.338 C564.756,33.391 565.244,34.978 565.378,37.899 C565.522,41.056 565.552,42.003 565.552,50 C565.552,57.996 565.522,58.943 565.378,62.101 M570.82,37.631 C570.674,34.438 570.167,32.258 569.425,30.349 C568.659,28.377 567.633,26.702 565.965,25.035 C564.297,23.368 562.623,22.342 560.652,21.575 C558.743,20.834 556.562,20.326 553.369,20.18 C550.169,20.033 549.148,20 541,20 C532.853,20 531.831,20.033 528.631,20.18 C525.438,20.326 523.257,20.834 521.349,21.575 C519.376,22.342 517.703,23.368 516.035,25.035 C514.368,26.702 513.342,28.377 512.574,30.349 C511.834,32.258 511.326,34.438 511.181,37.631 C511.035,40.831 511,41.851 511,50 C511,58.147 511.035,59.17 511.181,62.369 C511.326,65.562 511.834,67.743 512.574,69.651 C513.342,71.625 514.368,73.296 516.035,74.965 C517.703,76.634 519.376,77.658 521.349,78.425 C523.257,79.167 525.438,79.673 528.631,79.82 C531.831,79.965 532.853,80.001 541,80.001 C549.148,80.001 550.169,79.965 553.369,79.82 C556.562,79.673 558.743,79.167 560.652,78.425 C562.623,77.658 564.297,76.634 565.965,74.965 C567.633,73.296 568.659,71.625 569.425,69.651 C570.167,67.743 570.674,65.562 570.82,62.369 C570.966,59.17 571,58.147 571,50 C571,41.851 570.966,40.831 570.82,37.631\"><\/path><\/g><\/g><\/g><\/svg><\/div><div style=\"padding-top: 8px;\"> <div style=\" color:#3897f0; font-family:Arial,sans-serif; font-size:14px; font-style:normal; font-weight:550; line-height:18px;\">Ver essa foto no Instagram<\/div><\/div><div style=\"padding: 12.5% 0;\"><\/div> <div style=\"display: flex; flex-direction: row; margin-bottom: 14px; align-items: center;\"><div> <div style=\"background-color: #F4F4F4; border-radius: 50%; height: 12.5px; width: 12.5px; transform: translateX(0px) translateY(7px);\"><\/div> <div style=\"background-color: #F4F4F4; height: 12.5px; transform: rotate(-45deg) translateX(3px) translateY(1px); width: 12.5px; flex-grow: 0; margin-right: 14px; margin-left: 2px;\"><\/div> <div style=\"background-color: #F4F4F4; border-radius: 50%; height: 12.5px; width: 12.5px; transform: translateX(9px) translateY(-18px);\"><\/div><\/div><div style=\"margin-left: 8px;\"> <div style=\" background-color: #F4F4F4; border-radius: 50%; flex-grow: 0; height: 20px; width: 20px;\"><\/div> <div style=\" width: 0; height: 0; border-top: 2px solid transparent; border-left: 6px solid #f4f4f4; border-bottom: 2px solid transparent; transform: translateX(16px) translateY(-4px) rotate(30deg)\"><\/div><\/div><div style=\"margin-left: auto;\"> <div style=\" width: 0px; border-top: 8px solid #F4F4F4; border-right: 8px solid transparent; transform: translateY(16px);\"><\/div> <div style=\" background-color: #F4F4F4; flex-grow: 0; height: 12px; width: 16px; transform: translateY(-4px);\"><\/div> <div style=\" width: 0; height: 0; border-top: 8px solid #F4F4F4; border-left: 8px solid transparent; transform: translateY(-4px) translateX(8px);\"><\/div><\/div><\/div> <div style=\"display: flex; flex-direction: column; flex-grow: 1; justify-content: center; margin-bottom: 24px;\"> <div style=\" background-color: #F4F4F4; border-radius: 4px; flex-grow: 0; height: 14px; margin-bottom: 6px; width: 224px;\"><\/div> <div style=\" background-color: #F4F4F4; border-radius: 4px; flex-grow: 0; height: 14px; width: 144px;\"><\/div><\/div><\/a><p style=\" color:#c9c8cd; font-family:Arial,sans-serif; font-size:14px; line-height:17px; margin-bottom:0; margin-top:8px; overflow:hidden; padding:8px 0 7px; text-align:center; text-overflow:ellipsis; white-space:nowrap;\"><a href=\"https:\/\/www.instagram.com\/reel\/DOQ9p8_jmq3\/?utm_source=ig_embed&amp;utm_campaign=loading\" style=\" color:#c9c8cd; font-family:Arial,sans-serif; font-size:14px; font-style:normal; font-weight:normal; line-height:17px; text-decoration:none;\" target=\"_blank\">Um post compartilhado por Dr. Mauricio Hirata (@dr.mauriciohirata)<\/a><\/p><\/div><\/blockquote>\n<script async src=\"\/\/www.instagram.com\/embed.js\"><\/script>\n\n\n\n<h2 class=\"wp-block-heading\">A pele realmente melhora em t\u00e3o pouco tempo?<\/h2>\n\n\n\n<p>Sim, e a explica\u00e7\u00e3o est\u00e1 na <strong>glica\u00e7\u00e3o<\/strong>. O excesso de a\u00e7\u00facar no sangue se liga a prote\u00ednas como o col\u00e1geno e a elastina, enrijecendo-as. Quando a glicose circulante cai por v\u00e1rios dias seguidos, esse processo desacelera.<\/p>\n\n\n\n<p>A <strong><a href=\"https:\/\/www.who.int\/news-room\/fact-sheets\/detail\/healthy-diet\" target=\"_blank\" rel=\"noreferrer noopener\">Organiza\u00e7\u00e3o Mundial da Sa\u00fade<\/a> <\/strong>recomenda que os a\u00e7\u00facares livres representem menos de 10% das calorias di\u00e1rias totais. Sete dias respeitando esse limite j\u00e1 s\u00e3o suficientes para reduzir marcadores inflamat\u00f3rios que pioram a acne e aceleram o envelhecimento cut\u00e2neo.<\/p>\n\n\n<div class=\"wp-block-image\">\n<figure class=\"aligncenter size-full\"><img decoding=\"async\" width=\"1280\" height=\"720\" src=\"https:\/\/www.correiobraziliense.com.br\/cbradar\/wp-content\/uploads\/2026\/05\/IMAGEM_720p_1777643335239.jpg\" alt=\"Os benef\u00edcios metab\u00f3licos e cognitivos da redu\u00e7\u00e3o do a\u00e7\u00facar\" class=\"wp-image-235286\" srcset=\"https:\/\/www.correiobraziliense.com.br\/cbradar\/wp-content\/uploads\/2026\/05\/IMAGEM_720p_1777643335239.jpg 1280w, https:\/\/www.correiobraziliense.com.br\/cbradar\/wp-content\/uploads\/2026\/05\/IMAGEM_720p_1777643335239-300x169.jpg 300w, https:\/\/www.correiobraziliense.com.br\/cbradar\/wp-content\/uploads\/2026\/05\/IMAGEM_720p_1777643335239-768x432.jpg 768w, https:\/\/www.correiobraziliense.com.br\/cbradar\/wp-content\/uploads\/2026\/05\/IMAGEM_720p_1777643335239-750x422.jpg 750w, https:\/\/www.correiobraziliense.com.br\/cbradar\/wp-content\/uploads\/2026\/05\/IMAGEM_720p_1777643335239-1140x641.jpg 1140w\" sizes=\"(max-width: 1280px) 100vw, 1280px\" \/><figcaption class=\"wp-element-caption\">Os benef\u00edcios metab\u00f3licos e cognitivos da redu\u00e7\u00e3o do a\u00e7\u00facar<\/figcaption><\/figure><\/div>\n\n\n<h2 class=\"wp-block-heading\">Como manter a consist\u00eancia depois da primeira semana?<\/h2>\n\n\n\n<p>A estrat\u00e9gia mais eficaz \u00e9 substituir o prazer do a\u00e7\u00facar por outras fontes de recompensa r\u00e1pida. Frutas com fibras, como pera e ma\u00e7\u00e3, enganam o paladar sem provocar pico de insulina. Atividade f\u00edsica leve tamb\u00e9m estimula a libera\u00e7\u00e3o de dopamina de forma natural.<\/p>\n\n\n\n<p>Depois dos primeiros 7 dias, o c\u00e9rebro j\u00e1 come\u00e7ou a recalibrar seus receptores. O doce exagerado volta a ter gosto de exagero. A chave est\u00e1 em n\u00e3o interromper esse processo antes que ele se complete.<\/p>\n","protected":false},"excerpt":{"rendered":"<p>Por que tanta gente abandona a tentativa de reduzir o a\u00e7\u00facar bem na v\u00e9spera de sentir os efeitos positivos? Os primeiros dias s\u00e3o ingratos: cansa\u00e7o, irrita\u00e7\u00e3o e aquela vontade incontrol\u00e1vel de comer um doce. Mas a ci\u00eancia tem um recado claro, o corpo precisa de ao menos 7 dias consecutivos de baixa ingest\u00e3o para come\u00e7ar [&hellip;]<\/p>\n","protected":false},"author":11,"featured_media":235288,"comment_status":"open","ping_status":"open","sticky":false,"template":"","format":"standard","meta":{"_yoast_wpseo_focuskw":"reduzir a\u00e7\u00facar 7 dias","_yoast_wpseo_title":"","_yoast_wpseo_metadesc":"Cortar o a\u00e7\u00facar faz bem, mas por que o corpo s\u00f3 responde depois de 7 dias? Entenda a ci\u00eancia por tr\u00e1s desse prazo e o que realmente muda.","jnews-multi-image_gallery":[],"jnews_single_post":{"format":"standard"},"jnews_primary_category":[],"jnews_social_meta":[],"jnews_override_counter":[],"footnotes":""},"categories":[119],"tags":[1808,281,1318,18480],"class_list":["post-235278","post","type-post","status-publish","format-standard","has-post-thumbnail","hentry","category-bem-estar","tag-acucar","tag-alimentacao","tag-saude-2","tag-sete-dias"],"yoast_head":"<!-- This site is optimized with the Yoast SEO plugin v24.6 - https:\/\/yoast.com\/wordpress\/plugins\/seo\/ -->\n<title>Reduzir o a\u00e7\u00facar na alimenta\u00e7\u00e3o ajuda muito na sa\u00fade, mas os reais benef\u00edcios s\u00f3 aparecem se a redu\u00e7\u00e3o for consistente por pelo menos 7 dias seguidos - Correio Braziliense - Radar<\/title>\n<meta name=\"description\" content=\"Cortar o a\u00e7\u00facar faz bem, mas por que o corpo s\u00f3 responde depois de 7 dias? Entenda a ci\u00eancia por tr\u00e1s desse prazo e o que realmente muda.\" \/>\n<meta name=\"robots\" content=\"index, follow, max-snippet:-1, max-image-preview:large, max-video-preview:-1\" \/>\n<link rel=\"canonical\" href=\"https:\/\/www.correiobraziliense.com.br\/cbradar\/reduzir-o-acucar-na-alimentacao-ajuda-muito-na-saude-mas-os-reais-beneficios-so-aparecem-se-a-reducao-for-consistente-por-pelo-menos-7-dias-seguidos\/\" \/>\n<meta property=\"og:locale\" content=\"pt_BR\" \/>\n<meta property=\"og:type\" content=\"article\" \/>\n<meta property=\"og:title\" content=\"Reduzir o a\u00e7\u00facar na alimenta\u00e7\u00e3o ajuda muito na sa\u00fade, mas os reais benef\u00edcios s\u00f3 aparecem se a redu\u00e7\u00e3o for consistente por pelo menos 7 dias seguidos - Correio Braziliense - Radar\" \/>\n<meta property=\"og:description\" content=\"Cortar o a\u00e7\u00facar faz bem, mas por que o corpo s\u00f3 responde depois de 7 dias? Entenda a ci\u00eancia por tr\u00e1s desse prazo e o que realmente muda.\" \/>\n<meta property=\"og:url\" content=\"https:\/\/www.correiobraziliense.com.br\/cbradar\/reduzir-o-acucar-na-alimentacao-ajuda-muito-na-saude-mas-os-reais-beneficios-so-aparecem-se-a-reducao-for-consistente-por-pelo-menos-7-dias-seguidos\/\" \/>\n<meta property=\"og:site_name\" content=\"Correio Braziliense - Radar\" \/>\n<meta property=\"article:published_time\" content=\"2026-05-01T16:19:00+00:00\" \/>\n<meta property=\"og:image\" content=\"https:\/\/www.correiobraziliense.com.br\/cbradar\/wp-content\/uploads\/2026\/05\/IMAGEM_720p_1777643376437.jpg\" \/>\n\t<meta property=\"og:image:width\" content=\"1280\" \/>\n\t<meta property=\"og:image:height\" content=\"720\" \/>\n\t<meta property=\"og:image:type\" content=\"image\/jpeg\" \/>\n<meta name=\"author\" content=\"Paulo Custodio\" \/>\n<meta name=\"twitter:card\" content=\"summary_large_image\" \/>\n<meta name=\"twitter:label1\" content=\"Escrito por\" \/>\n\t<meta name=\"twitter:data1\" content=\"Paulo Custodio\" \/>\n\t<meta name=\"twitter:label2\" content=\"Est. tempo de leitura\" \/>\n\t<meta name=\"twitter:data2\" content=\"4 minutos\" \/>\n<!-- \/ Yoast SEO plugin. -->","yoast_head_json":{"title":"Reduzir o a\u00e7\u00facar na alimenta\u00e7\u00e3o ajuda muito na sa\u00fade, mas os reais benef\u00edcios s\u00f3 aparecem se a redu\u00e7\u00e3o for consistente por pelo menos 7 dias seguidos - Correio Braziliense - Radar","description":"Cortar o a\u00e7\u00facar faz bem, mas por que o corpo s\u00f3 responde depois de 7 dias? Entenda a ci\u00eancia por tr\u00e1s desse prazo e o que realmente muda.","robots":{"index":"index","follow":"follow","max-snippet":"max-snippet:-1","max-image-preview":"max-image-preview:large","max-video-preview":"max-video-preview:-1"},"canonical":"https:\/\/www.correiobraziliense.com.br\/cbradar\/reduzir-o-acucar-na-alimentacao-ajuda-muito-na-saude-mas-os-reais-beneficios-so-aparecem-se-a-reducao-for-consistente-por-pelo-menos-7-dias-seguidos\/","og_locale":"pt_BR","og_type":"article","og_title":"Reduzir o a\u00e7\u00facar na alimenta\u00e7\u00e3o ajuda muito na sa\u00fade, mas os reais benef\u00edcios s\u00f3 aparecem se a redu\u00e7\u00e3o for consistente por pelo menos 7 dias seguidos - Correio Braziliense - Radar","og_description":"Cortar o a\u00e7\u00facar faz bem, mas por que o corpo s\u00f3 responde depois de 7 dias? Entenda a ci\u00eancia por tr\u00e1s desse prazo e o que realmente muda.","og_url":"https:\/\/www.correiobraziliense.com.br\/cbradar\/reduzir-o-acucar-na-alimentacao-ajuda-muito-na-saude-mas-os-reais-beneficios-so-aparecem-se-a-reducao-for-consistente-por-pelo-menos-7-dias-seguidos\/","og_site_name":"Correio Braziliense - Radar","article_published_time":"2026-05-01T16:19:00+00:00","og_image":[{"width":1280,"height":720,"url":"https:\/\/www.correiobraziliense.com.br\/cbradar\/wp-content\/uploads\/2026\/05\/IMAGEM_720p_1777643376437.jpg","type":"image\/jpeg"}],"author":"Paulo Custodio","twitter_card":"summary_large_image","twitter_misc":{"Escrito por":"Paulo Custodio","Est. tempo de leitura":"4 minutos"},"schema":{"@context":"https:\/\/schema.org","@graph":[{"@type":"WebPage","@id":"https:\/\/www.correiobraziliense.com.br\/cbradar\/reduzir-o-acucar-na-alimentacao-ajuda-muito-na-saude-mas-os-reais-beneficios-so-aparecem-se-a-reducao-for-consistente-por-pelo-menos-7-dias-seguidos\/","url":"https:\/\/www.correiobraziliense.com.br\/cbradar\/reduzir-o-acucar-na-alimentacao-ajuda-muito-na-saude-mas-os-reais-beneficios-so-aparecem-se-a-reducao-for-consistente-por-pelo-menos-7-dias-seguidos\/","name":"Reduzir o a\u00e7\u00facar na alimenta\u00e7\u00e3o ajuda muito na sa\u00fade, mas os reais benef\u00edcios s\u00f3 aparecem se a redu\u00e7\u00e3o for consistente por pelo menos 7 dias seguidos - Correio Braziliense - Radar","isPartOf":{"@id":"https:\/\/www.correiobraziliense.com.br\/cbradar\/#website"},"primaryImageOfPage":{"@id":"https:\/\/www.correiobraziliense.com.br\/cbradar\/reduzir-o-acucar-na-alimentacao-ajuda-muito-na-saude-mas-os-reais-beneficios-so-aparecem-se-a-reducao-for-consistente-por-pelo-menos-7-dias-seguidos\/#primaryimage"},"image":{"@id":"https:\/\/www.correiobraziliense.com.br\/cbradar\/reduzir-o-acucar-na-alimentacao-ajuda-muito-na-saude-mas-os-reais-beneficios-so-aparecem-se-a-reducao-for-consistente-por-pelo-menos-7-dias-seguidos\/#primaryimage"},"thumbnailUrl":"https:\/\/www.correiobraziliense.com.br\/cbradar\/wp-content\/uploads\/2026\/05\/IMAGEM_720p_1777643376437.jpg","datePublished":"2026-05-01T16:19:00+00:00","author":{"@id":"https:\/\/www.correiobraziliense.com.br\/cbradar\/#\/schema\/person\/4cec7857301a9a1a2ef249893cd908d3"},"description":"Cortar o a\u00e7\u00facar faz bem, mas por que o corpo s\u00f3 responde depois de 7 dias? Entenda a ci\u00eancia por tr\u00e1s desse prazo e o que realmente muda.","breadcrumb":{"@id":"https:\/\/www.correiobraziliense.com.br\/cbradar\/reduzir-o-acucar-na-alimentacao-ajuda-muito-na-saude-mas-os-reais-beneficios-so-aparecem-se-a-reducao-for-consistente-por-pelo-menos-7-dias-seguidos\/#breadcrumb"},"inLanguage":"pt-BR","potentialAction":[{"@type":"ReadAction","target":["https:\/\/www.correiobraziliense.com.br\/cbradar\/reduzir-o-acucar-na-alimentacao-ajuda-muito-na-saude-mas-os-reais-beneficios-so-aparecem-se-a-reducao-for-consistente-por-pelo-menos-7-dias-seguidos\/"]}]},{"@type":"ImageObject","inLanguage":"pt-BR","@id":"https:\/\/www.correiobraziliense.com.br\/cbradar\/reduzir-o-acucar-na-alimentacao-ajuda-muito-na-saude-mas-os-reais-beneficios-so-aparecem-se-a-reducao-for-consistente-por-pelo-menos-7-dias-seguidos\/#primaryimage","url":"https:\/\/www.correiobraziliense.com.br\/cbradar\/wp-content\/uploads\/2026\/05\/IMAGEM_720p_1777643376437.jpg","contentUrl":"https:\/\/www.correiobraziliense.com.br\/cbradar\/wp-content\/uploads\/2026\/05\/IMAGEM_720p_1777643376437.jpg","width":1280,"height":720,"caption":"Os benef\u00edcios metab\u00f3licos e cognitivos da redu\u00e7\u00e3o do a\u00e7\u00facar"},{"@type":"BreadcrumbList","@id":"https:\/\/www.correiobraziliense.com.br\/cbradar\/reduzir-o-acucar-na-alimentacao-ajuda-muito-na-saude-mas-os-reais-beneficios-so-aparecem-se-a-reducao-for-consistente-por-pelo-menos-7-dias-seguidos\/#breadcrumb","itemListElement":[{"@type":"ListItem","position":1,"name":"In\u00edcio","item":"https:\/\/www.correiobraziliense.com.br\/cbradar\/"},{"@type":"ListItem","position":2,"name":"Reduzir o a\u00e7\u00facar na alimenta\u00e7\u00e3o ajuda muito na sa\u00fade, mas os reais benef\u00edcios s\u00f3 aparecem se a redu\u00e7\u00e3o for consistente por pelo menos 7 dias seguidos"}]},{"@type":"WebSite","@id":"https:\/\/www.correiobraziliense.com.br\/cbradar\/#website","url":"https:\/\/www.correiobraziliense.com.br\/cbradar\/","name":"Correio Braziliense - Radar","description":"Acompanhe as \u00faltimas not\u00edcias e fique bem informado sobre tudo o que acontece no Brasil e no mundo.","potentialAction":[{"@type":"SearchAction","target":{"@type":"EntryPoint","urlTemplate":"https:\/\/www.correiobraziliense.com.br\/cbradar\/?s={search_term_string}"},"query-input":{"@type":"PropertyValueSpecification","valueRequired":true,"valueName":"search_term_string"}}],"inLanguage":"pt-BR"},{"@type":"Person","@id":"https:\/\/www.correiobraziliense.com.br\/cbradar\/#\/schema\/person\/4cec7857301a9a1a2ef249893cd908d3","name":"Paulo Custodio","image":{"@type":"ImageObject","inLanguage":"pt-BR","@id":"https:\/\/www.correiobraziliense.com.br\/cbradar\/#\/schema\/person\/image\/","url":"https:\/\/secure.gravatar.com\/avatar\/bcd67168d1534e8fcf4f45c726a87cea?s=96&d=mm&r=g","contentUrl":"https:\/\/secure.gravatar.com\/avatar\/bcd67168d1534e8fcf4f45c726a87cea?s=96&d=mm&r=g","caption":"Paulo Custodio"},"sameAs":["https:\/\/www.correiobraziliense.com.br\/cbradar"],"url":"https:\/\/www.correiobraziliense.com.br\/cbradar\/author\/paulomyth\/"}]}},"_links":{"self":[{"href":"https:\/\/www.correiobraziliense.com.br\/cbradar\/wp-json\/wp\/v2\/posts\/235278","targetHints":{"allow":["GET"]}}],"collection":[{"href":"https:\/\/www.correiobraziliense.com.br\/cbradar\/wp-json\/wp\/v2\/posts"}],"about":[{"href":"https:\/\/www.correiobraziliense.com.br\/cbradar\/wp-json\/wp\/v2\/types\/post"}],"author":[{"embeddable":true,"href":"https:\/\/www.correiobraziliense.com.br\/cbradar\/wp-json\/wp\/v2\/users\/11"}],"replies":[{"embeddable":true,"href":"https:\/\/www.correiobraziliense.com.br\/cbradar\/wp-json\/wp\/v2\/comments?post=235278"}],"version-history":[{"count":1,"href":"https:\/\/www.correiobraziliense.com.br\/cbradar\/wp-json\/wp\/v2\/posts\/235278\/revisions"}],"predecessor-version":[{"id":235290,"href":"https:\/\/www.correiobraziliense.com.br\/cbradar\/wp-json\/wp\/v2\/posts\/235278\/revisions\/235290"}],"wp:featuredmedia":[{"embeddable":true,"href":"https:\/\/www.correiobraziliense.com.br\/cbradar\/wp-json\/wp\/v2\/media\/235288"}],"wp:attachment":[{"href":"https:\/\/www.correiobraziliense.com.br\/cbradar\/wp-json\/wp\/v2\/media?parent=235278"}],"wp:term":[{"taxonomy":"category","embeddable":true,"href":"https:\/\/www.correiobraziliense.com.br\/cbradar\/wp-json\/wp\/v2\/categories?post=235278"},{"taxonomy":"post_tag","embeddable":true,"href":"https:\/\/www.correiobraziliense.com.br\/cbradar\/wp-json\/wp\/v2\/tags?post=235278"}],"curies":[{"name":"wp","href":"https:\/\/api.w.org\/{rel}","templated":true}]}}