{"id":235280,"date":"2026-05-01T15:09:00","date_gmt":"2026-05-01T18:09:00","guid":{"rendered":"https:\/\/www.correiobraziliense.com.br\/cbradar\/?p=235280"},"modified":"2026-05-01T11:09:48","modified_gmt":"2026-05-01T14:09:48","slug":"a-psicologia-diz-que-pessoas-que-falam-sozinhas-nao-sao-estranhas-elas-estao-organizando-pensamentos-de-maneira-mais-eficiente-do-que-a-maioria","status":"publish","type":"post","link":"https:\/\/www.correiobraziliense.com.br\/cbradar\/a-psicologia-diz-que-pessoas-que-falam-sozinhas-nao-sao-estranhas-elas-estao-organizando-pensamentos-de-maneira-mais-eficiente-do-que-a-maioria\/","title":{"rendered":"A psicologia diz que pessoas que falam sozinhas n\u00e3o s\u00e3o estranhas, elas est\u00e3o organizando pensamentos de maneira mais eficiente do que a maioria"},"content":{"rendered":"\n<p>Muitos consideram um sinal de loucura, mas as <strong>pessoas que falam sozinhas<\/strong> possuem uma rara habilidade de controle sobre a mente humana. A psicologia comprova que verbalizar ideias acelera o racioc\u00ednio natural, bloqueia distra\u00e7\u00f5es externas e organiza processos muito complexos instantaneamente.<\/p>\n\n\n\n<h2 class=\"wp-block-heading\">Por que o nosso c\u00e9rebro precisa vocalizar algumas ideias complexas?<\/h2>\n\n\n\n<p>A enorme sobrecarga de informa\u00e7\u00f5es di\u00e1rias cria um verdadeiro caos na cabe\u00e7a de qualquer adulto. Quando voc\u00ea apenas pensa em um grande problema, as ideias tendem a se misturar, originando um ciclo infinito de ansiedade extrema e muita confus\u00e3o mental.<\/p>\n\n\n\n<p>Ao mover os l\u00e1bios e emitir som, voc\u00ea for\u00e7a o seu racioc\u00ednio a desacelerar e estruturar as frases de forma absolutamente l\u00f3gica. Isso ativa os mesmos circuitos ligados ao <a href=\"https:\/\/pt.wikipedia.org\/wiki\/Di%C3%A1logo_interno\" target=\"_blank\" rel=\"noreferrer noopener\"><strong>di\u00e1logo interno<\/strong><\/a>, limpando o caminho natural para resolu\u00e7\u00f5es muito \u00e1geis.<\/p>\n\n\n<div class=\"wp-block-image\">\n<figure class=\"aligncenter size-full\"><img decoding=\"async\" width=\"1280\" height=\"720\" src=\"https:\/\/www.correiobraziliense.com.br\/cbradar\/wp-content\/uploads\/2026\/05\/IMAGEM_720p_1777644505138.jpg\" alt=\"Os benef\u00edcios cognitivos do di\u00e1logo interno em voz alta\" class=\"wp-image-235293\" srcset=\"https:\/\/www.correiobraziliense.com.br\/cbradar\/wp-content\/uploads\/2026\/05\/IMAGEM_720p_1777644505138.jpg 1280w, https:\/\/www.correiobraziliense.com.br\/cbradar\/wp-content\/uploads\/2026\/05\/IMAGEM_720p_1777644505138-300x169.jpg 300w, https:\/\/www.correiobraziliense.com.br\/cbradar\/wp-content\/uploads\/2026\/05\/IMAGEM_720p_1777644505138-768x432.jpg 768w, https:\/\/www.correiobraziliense.com.br\/cbradar\/wp-content\/uploads\/2026\/05\/IMAGEM_720p_1777644505138-750x422.jpg 750w, https:\/\/www.correiobraziliense.com.br\/cbradar\/wp-content\/uploads\/2026\/05\/IMAGEM_720p_1777644505138-1140x641.jpg 1140w\" sizes=\"(max-width: 1280px) 100vw, 1280px\" \/><figcaption class=\"wp-element-caption\">Os benef\u00edcios cognitivos do di\u00e1logo interno em voz alta<\/figcaption><\/figure><\/div>\n\n\n<p>Leia tamb\u00e9m: <a href=\"https:\/\/www.correiobraziliense.com.br\/cbradar\/a-palavra-que-muita-gente-evita-usar-em-redacao-formal-mas-esta-correta-segundo-o-vocabulario-ortografico-da-lingua-portuguesa\/\" target=\"_blank\" rel=\"noreferrer noopener\">A palavra que muita gente evita usar em reda\u00e7\u00e3o formal, mas est\u00e1 correta segundo o Vocabul\u00e1rio Ortogr\u00e1fico da L\u00edngua Portuguesa<\/a><\/p>\n\n\n\n<h2 class=\"wp-block-heading\">Como a ci\u00eancia enxerga a conversa consigo mesmo na rotina?<\/h2>\n\n\n\n<p>Observar algu\u00e9m resmungando no corredor do supermercado costuma gerar muitos olhares tortos e preconceitos. No entanto, estudos rigorosos validados pela <a href=\"https:\/\/www.apa.org\/monitor\/2023\/11\/conversations-key-to-wellbeing\" target=\"_blank\" rel=\"noreferrer noopener\"><strong>American Psychological Association<\/strong><\/a> demonstram que buscar objetos repetindo os nomes deles em voz alta melhora radicalmente o tempo de rea\u00e7\u00e3o.<\/p>\n\n\n\n<p>O forte som da sua pr\u00f3pria voz atua como uma \u00e2ncora de aten\u00e7\u00e3o extremamente poderosa no cotidiano. As <strong>pessoas que falam sozinhas<\/strong> ativam a mem\u00f3ria de trabalho com mais facilidade, impedindo perdas perigosas de foco no meio de ambientes bastante barulhentos.<\/p>\n\n\n\n<h2 class=\"wp-block-heading\">Quais s\u00e3o as vantagens reais de pensar em voz alta?<\/h2>\n\n\n\n<p>Externalizar as graves preocupa\u00e7\u00f5es funciona como uma verdadeira v\u00e1lvula de escape emocional para o c\u00e9rebro adulto. Quem utiliza esse recurso diariamente lida melhor com o estresse pesado, reduz picos perigosos de raiva e consegue planejar as pr\u00f3prias finan\u00e7as com muito mais frieza.<\/p>\n\n\n\n<p>Os pesquisadores mais experientes apontam diversas melhorias diretas na produtividade geral de quem adota essa t\u00e9cnica org\u00e2nica e natural. Analise os maiores ganhos listados:<\/p>\n\n\n\n<ul class=\"wp-block-list\">\n<li><strong>Aumento do foco:<\/strong> o som afasta pensamentos intrusivos e direciona a sua aten\u00e7\u00e3o total ao exato momento presente.<\/li>\n\n\n\n<li><strong>Regula\u00e7\u00e3o emocional:<\/strong> escutar a pr\u00f3pria voz acalma os acelerados batimentos card\u00edacos durante crises agudas de p\u00e2nico.<\/li>\n\n\n\n<li><strong>Memoriza\u00e7\u00e3o r\u00e1pida:<\/strong> ler um texto verbalizando as frases dobra a sua capacidade de reter dados vitais para o trabalho.<\/li>\n<\/ul>\n\n\n\n<h2 class=\"wp-block-heading\">Qual \u00e9 o impacto de vocalizar os estudos na fase adulta?<\/h2>\n\n\n\n<p>A grande necessidade de absorver novos idiomas ou habilidades t\u00e9cnicas exige um esfor\u00e7o colossal do intelecto. Quando voc\u00ea estuda em voz baixa ou apenas l\u00ea os livros mentalmente, a reten\u00e7\u00e3o dos dados cai drasticamente, dificultando qualquer tipo de r\u00e1pida qualifica\u00e7\u00e3o profissional.<\/p>\n\n\n\n<p>Ler os seus resumos em voz alta cria um v\u00ednculo forte entre o ouvido e o aparelho fonador. O processo obriga a sua mente a interpretar a mesma informa\u00e7\u00e3o duas vezes seguidas, garantindo que o complexo assunto grude na <strong>mem\u00f3ria de longo prazo<\/strong>.<\/p>\n\n\n<div class=\"wp-block-image\">\n<figure class=\"aligncenter size-full\"><img decoding=\"async\" width=\"1280\" height=\"720\" src=\"https:\/\/www.correiobraziliense.com.br\/cbradar\/wp-content\/uploads\/2026\/05\/IMAGEM_720p_1777644497851.jpg\" alt=\"Os benef\u00edcios cognitivos do di\u00e1logo interno em voz alta\" class=\"wp-image-235294\" srcset=\"https:\/\/www.correiobraziliense.com.br\/cbradar\/wp-content\/uploads\/2026\/05\/IMAGEM_720p_1777644497851.jpg 1280w, https:\/\/www.correiobraziliense.com.br\/cbradar\/wp-content\/uploads\/2026\/05\/IMAGEM_720p_1777644497851-300x169.jpg 300w, https:\/\/www.correiobraziliense.com.br\/cbradar\/wp-content\/uploads\/2026\/05\/IMAGEM_720p_1777644497851-768x432.jpg 768w, https:\/\/www.correiobraziliense.com.br\/cbradar\/wp-content\/uploads\/2026\/05\/IMAGEM_720p_1777644497851-750x422.jpg 750w, https:\/\/www.correiobraziliense.com.br\/cbradar\/wp-content\/uploads\/2026\/05\/IMAGEM_720p_1777644497851-1140x641.jpg 1140w\" sizes=\"(max-width: 1280px) 100vw, 1280px\" \/><figcaption class=\"wp-element-caption\">Os benef\u00edcios cognitivos do di\u00e1logo interno em voz alta<\/figcaption><\/figure><\/div>\n\n\n<h2 class=\"wp-block-heading\">Existe algum limite saud\u00e1vel para essa vocaliza\u00e7\u00e3o di\u00e1ria e constante?<\/h2>\n\n\n\n<p>Conversar com o vento \u00e9 extremamente produtivo, desde que as palavras ajudem a clarear o seu tortuoso caminho. A pr\u00e1tica segue sendo totalmente ben\u00e9fica quando voc\u00ea narra passos de um projeto profissional pesado, tenta achar as chaves perdidas ou ensaia uma apresenta\u00e7\u00e3o formal.<\/p>\n\n\n\n<p>A fronteira da preocupa\u00e7\u00e3o cl\u00ednica surge apenas se as referidas falas envolverem agressivas alucina\u00e7\u00f5es auditivas, vozes de terceiros inexistentes ou di\u00e1logos que causam profunda ang\u00fastia. Fora dessas condi\u00e7\u00f5es extremas e muito raras, o h\u00e1bito sonoro reflete apenas um c\u00e9rebro atuando em alta performance.<\/p>\n\n\n\n<h2 class=\"wp-block-heading\">O que fazer quando a conversa vira uma perigosa rumina\u00e7\u00e3o mental?<\/h2>\n\n\n\n<p>Algumas <strong>pessoas que falam sozinhas<\/strong> acabam escorregando velozmente para o lado mais escuro e negativo dessa pr\u00e1tica, repetindo cr\u00edticas severas contra si mesmas. Quando voc\u00ea perceber que est\u00e1 se punindo duramente em voz alta por um simples erro passado, corte o som imediatamente.<\/p>\n\n\n\n<p>Mude a chave da negatividade trocando a primeira pessoa pela terceira pessoa de forma intencional e consciente. Dizer o seu pr\u00f3prio nome em voz alta acompanhado de uma frase positiva cria o necess\u00e1rio <strong>distanciamento psicol\u00f3gico<\/strong>. Assim, voc\u00ea transforma a in\u00fatil culpa em orienta\u00e7\u00e3o puramente objetiva.<\/p>\n","protected":false},"excerpt":{"rendered":"<p>Muitos consideram um sinal de loucura, mas as pessoas que falam sozinhas possuem uma rara habilidade de controle sobre a mente humana. A psicologia comprova que verbalizar ideias acelera o racioc\u00ednio natural, bloqueia distra\u00e7\u00f5es externas e organiza processos muito complexos instantaneamente. Por que o nosso c\u00e9rebro precisa vocalizar algumas ideias complexas? A enorme sobrecarga de [&hellip;]<\/p>\n","protected":false},"author":11,"featured_media":235295,"comment_status":"open","ping_status":"open","sticky":false,"template":"","format":"standard","meta":{"_yoast_wpseo_focuskw":"pessoas que falam sozinhas","_yoast_wpseo_title":"","_yoast_wpseo_metadesc":"O sil\u00eancio absoluto nem sempre reflete uma concentra\u00e7\u00e3o profunda. Avalie como verbalizar as suas ideias melhora a sua efici\u00eancia mental no cotidiano.","jnews-multi-image_gallery":[],"jnews_single_post":{"format":"standard"},"jnews_primary_category":[],"jnews_social_meta":[],"jnews_override_counter":[],"footnotes":""},"categories":[119],"tags":[6396,8192,4162,404],"class_list":["post-235280","post","type-post","status-publish","format-standard","has-post-thumbnail","hentry","category-bem-estar","tag-cognicao","tag-foco","tag-inteligencia","tag-psicologia"],"yoast_head":"<!-- This site is optimized with the Yoast SEO plugin v24.6 - https:\/\/yoast.com\/wordpress\/plugins\/seo\/ -->\n<title>A psicologia diz que pessoas que falam sozinhas n\u00e3o s\u00e3o estranhas, elas est\u00e3o organizando pensamentos de maneira mais eficiente do que a maioria - Correio Braziliense - Radar<\/title>\n<meta name=\"description\" content=\"O sil\u00eancio absoluto nem sempre reflete uma concentra\u00e7\u00e3o profunda. Avalie como verbalizar as suas ideias melhora a sua efici\u00eancia mental no cotidiano.\" \/>\n<meta name=\"robots\" content=\"index, follow, max-snippet:-1, max-image-preview:large, max-video-preview:-1\" \/>\n<link rel=\"canonical\" href=\"https:\/\/www.correiobraziliense.com.br\/cbradar\/a-psicologia-diz-que-pessoas-que-falam-sozinhas-nao-sao-estranhas-elas-estao-organizando-pensamentos-de-maneira-mais-eficiente-do-que-a-maioria\/\" \/>\n<meta property=\"og:locale\" content=\"pt_BR\" \/>\n<meta property=\"og:type\" content=\"article\" \/>\n<meta property=\"og:title\" content=\"A psicologia diz que pessoas que falam sozinhas n\u00e3o s\u00e3o estranhas, elas est\u00e3o organizando pensamentos de maneira mais eficiente do que a maioria - Correio Braziliense - Radar\" \/>\n<meta property=\"og:description\" content=\"O sil\u00eancio absoluto nem sempre reflete uma concentra\u00e7\u00e3o profunda. Avalie como verbalizar as suas ideias melhora a sua efici\u00eancia mental no cotidiano.\" \/>\n<meta property=\"og:url\" content=\"https:\/\/www.correiobraziliense.com.br\/cbradar\/a-psicologia-diz-que-pessoas-que-falam-sozinhas-nao-sao-estranhas-elas-estao-organizando-pensamentos-de-maneira-mais-eficiente-do-que-a-maioria\/\" \/>\n<meta property=\"og:site_name\" content=\"Correio Braziliense - Radar\" \/>\n<meta property=\"article:published_time\" content=\"2026-05-01T18:09:00+00:00\" \/>\n<meta property=\"og:image\" content=\"https:\/\/www.correiobraziliense.com.br\/cbradar\/wp-content\/uploads\/2026\/05\/IMAGEM_720p_1777644494985.jpg\" \/>\n\t<meta property=\"og:image:width\" content=\"1280\" \/>\n\t<meta property=\"og:image:height\" content=\"720\" \/>\n\t<meta property=\"og:image:type\" content=\"image\/jpeg\" \/>\n<meta name=\"author\" content=\"Paulo Custodio\" \/>\n<meta name=\"twitter:card\" content=\"summary_large_image\" \/>\n<meta name=\"twitter:label1\" content=\"Escrito por\" \/>\n\t<meta name=\"twitter:data1\" content=\"Paulo Custodio\" \/>\n\t<meta name=\"twitter:label2\" content=\"Est. tempo de leitura\" \/>\n\t<meta name=\"twitter:data2\" content=\"5 minutos\" \/>\n<!-- \/ Yoast SEO plugin. -->","yoast_head_json":{"title":"A psicologia diz que pessoas que falam sozinhas n\u00e3o s\u00e3o estranhas, elas est\u00e3o organizando pensamentos de maneira mais eficiente do que a maioria - Correio Braziliense - Radar","description":"O sil\u00eancio absoluto nem sempre reflete uma concentra\u00e7\u00e3o profunda. Avalie como verbalizar as suas ideias melhora a sua efici\u00eancia mental no cotidiano.","robots":{"index":"index","follow":"follow","max-snippet":"max-snippet:-1","max-image-preview":"max-image-preview:large","max-video-preview":"max-video-preview:-1"},"canonical":"https:\/\/www.correiobraziliense.com.br\/cbradar\/a-psicologia-diz-que-pessoas-que-falam-sozinhas-nao-sao-estranhas-elas-estao-organizando-pensamentos-de-maneira-mais-eficiente-do-que-a-maioria\/","og_locale":"pt_BR","og_type":"article","og_title":"A psicologia diz que pessoas que falam sozinhas n\u00e3o s\u00e3o estranhas, elas est\u00e3o organizando pensamentos de maneira mais eficiente do que a maioria - Correio Braziliense - Radar","og_description":"O sil\u00eancio absoluto nem sempre reflete uma concentra\u00e7\u00e3o profunda. Avalie como verbalizar as suas ideias melhora a sua efici\u00eancia mental no cotidiano.","og_url":"https:\/\/www.correiobraziliense.com.br\/cbradar\/a-psicologia-diz-que-pessoas-que-falam-sozinhas-nao-sao-estranhas-elas-estao-organizando-pensamentos-de-maneira-mais-eficiente-do-que-a-maioria\/","og_site_name":"Correio Braziliense - Radar","article_published_time":"2026-05-01T18:09:00+00:00","og_image":[{"width":1280,"height":720,"url":"https:\/\/www.correiobraziliense.com.br\/cbradar\/wp-content\/uploads\/2026\/05\/IMAGEM_720p_1777644494985.jpg","type":"image\/jpeg"}],"author":"Paulo Custodio","twitter_card":"summary_large_image","twitter_misc":{"Escrito por":"Paulo Custodio","Est. tempo de leitura":"5 minutos"},"schema":{"@context":"https:\/\/schema.org","@graph":[{"@type":"WebPage","@id":"https:\/\/www.correiobraziliense.com.br\/cbradar\/a-psicologia-diz-que-pessoas-que-falam-sozinhas-nao-sao-estranhas-elas-estao-organizando-pensamentos-de-maneira-mais-eficiente-do-que-a-maioria\/","url":"https:\/\/www.correiobraziliense.com.br\/cbradar\/a-psicologia-diz-que-pessoas-que-falam-sozinhas-nao-sao-estranhas-elas-estao-organizando-pensamentos-de-maneira-mais-eficiente-do-que-a-maioria\/","name":"A psicologia diz que pessoas que falam sozinhas n\u00e3o s\u00e3o estranhas, elas est\u00e3o organizando pensamentos de maneira mais eficiente do que a maioria - Correio Braziliense - Radar","isPartOf":{"@id":"https:\/\/www.correiobraziliense.com.br\/cbradar\/#website"},"primaryImageOfPage":{"@id":"https:\/\/www.correiobraziliense.com.br\/cbradar\/a-psicologia-diz-que-pessoas-que-falam-sozinhas-nao-sao-estranhas-elas-estao-organizando-pensamentos-de-maneira-mais-eficiente-do-que-a-maioria\/#primaryimage"},"image":{"@id":"https:\/\/www.correiobraziliense.com.br\/cbradar\/a-psicologia-diz-que-pessoas-que-falam-sozinhas-nao-sao-estranhas-elas-estao-organizando-pensamentos-de-maneira-mais-eficiente-do-que-a-maioria\/#primaryimage"},"thumbnailUrl":"https:\/\/www.correiobraziliense.com.br\/cbradar\/wp-content\/uploads\/2026\/05\/IMAGEM_720p_1777644494985.jpg","datePublished":"2026-05-01T18:09:00+00:00","author":{"@id":"https:\/\/www.correiobraziliense.com.br\/cbradar\/#\/schema\/person\/4cec7857301a9a1a2ef249893cd908d3"},"description":"O sil\u00eancio absoluto nem sempre reflete uma concentra\u00e7\u00e3o profunda. Avalie como verbalizar as suas ideias melhora a sua efici\u00eancia mental no cotidiano.","breadcrumb":{"@id":"https:\/\/www.correiobraziliense.com.br\/cbradar\/a-psicologia-diz-que-pessoas-que-falam-sozinhas-nao-sao-estranhas-elas-estao-organizando-pensamentos-de-maneira-mais-eficiente-do-que-a-maioria\/#breadcrumb"},"inLanguage":"pt-BR","potentialAction":[{"@type":"ReadAction","target":["https:\/\/www.correiobraziliense.com.br\/cbradar\/a-psicologia-diz-que-pessoas-que-falam-sozinhas-nao-sao-estranhas-elas-estao-organizando-pensamentos-de-maneira-mais-eficiente-do-que-a-maioria\/"]}]},{"@type":"ImageObject","inLanguage":"pt-BR","@id":"https:\/\/www.correiobraziliense.com.br\/cbradar\/a-psicologia-diz-que-pessoas-que-falam-sozinhas-nao-sao-estranhas-elas-estao-organizando-pensamentos-de-maneira-mais-eficiente-do-que-a-maioria\/#primaryimage","url":"https:\/\/www.correiobraziliense.com.br\/cbradar\/wp-content\/uploads\/2026\/05\/IMAGEM_720p_1777644494985.jpg","contentUrl":"https:\/\/www.correiobraziliense.com.br\/cbradar\/wp-content\/uploads\/2026\/05\/IMAGEM_720p_1777644494985.jpg","width":1280,"height":720,"caption":"Os benef\u00edcios cognitivos do di\u00e1logo interno em voz alta"},{"@type":"BreadcrumbList","@id":"https:\/\/www.correiobraziliense.com.br\/cbradar\/a-psicologia-diz-que-pessoas-que-falam-sozinhas-nao-sao-estranhas-elas-estao-organizando-pensamentos-de-maneira-mais-eficiente-do-que-a-maioria\/#breadcrumb","itemListElement":[{"@type":"ListItem","position":1,"name":"In\u00edcio","item":"https:\/\/www.correiobraziliense.com.br\/cbradar\/"},{"@type":"ListItem","position":2,"name":"A psicologia diz que pessoas que falam sozinhas n\u00e3o s\u00e3o estranhas, elas est\u00e3o organizando pensamentos de maneira mais eficiente do que a maioria"}]},{"@type":"WebSite","@id":"https:\/\/www.correiobraziliense.com.br\/cbradar\/#website","url":"https:\/\/www.correiobraziliense.com.br\/cbradar\/","name":"Correio Braziliense - Radar","description":"Acompanhe as \u00faltimas not\u00edcias e fique bem informado sobre tudo o que acontece no Brasil e no mundo.","potentialAction":[{"@type":"SearchAction","target":{"@type":"EntryPoint","urlTemplate":"https:\/\/www.correiobraziliense.com.br\/cbradar\/?s={search_term_string}"},"query-input":{"@type":"PropertyValueSpecification","valueRequired":true,"valueName":"search_term_string"}}],"inLanguage":"pt-BR"},{"@type":"Person","@id":"https:\/\/www.correiobraziliense.com.br\/cbradar\/#\/schema\/person\/4cec7857301a9a1a2ef249893cd908d3","name":"Paulo Custodio","image":{"@type":"ImageObject","inLanguage":"pt-BR","@id":"https:\/\/www.correiobraziliense.com.br\/cbradar\/#\/schema\/person\/image\/","url":"https:\/\/secure.gravatar.com\/avatar\/bcd67168d1534e8fcf4f45c726a87cea?s=96&d=mm&r=g","contentUrl":"https:\/\/secure.gravatar.com\/avatar\/bcd67168d1534e8fcf4f45c726a87cea?s=96&d=mm&r=g","caption":"Paulo Custodio"},"sameAs":["https:\/\/www.correiobraziliense.com.br\/cbradar"],"url":"https:\/\/www.correiobraziliense.com.br\/cbradar\/author\/paulomyth\/"}]}},"_links":{"self":[{"href":"https:\/\/www.correiobraziliense.com.br\/cbradar\/wp-json\/wp\/v2\/posts\/235280","targetHints":{"allow":["GET"]}}],"collection":[{"href":"https:\/\/www.correiobraziliense.com.br\/cbradar\/wp-json\/wp\/v2\/posts"}],"about":[{"href":"https:\/\/www.correiobraziliense.com.br\/cbradar\/wp-json\/wp\/v2\/types\/post"}],"author":[{"embeddable":true,"href":"https:\/\/www.correiobraziliense.com.br\/cbradar\/wp-json\/wp\/v2\/users\/11"}],"replies":[{"embeddable":true,"href":"https:\/\/www.correiobraziliense.com.br\/cbradar\/wp-json\/wp\/v2\/comments?post=235280"}],"version-history":[{"count":1,"href":"https:\/\/www.correiobraziliense.com.br\/cbradar\/wp-json\/wp\/v2\/posts\/235280\/revisions"}],"predecessor-version":[{"id":235302,"href":"https:\/\/www.correiobraziliense.com.br\/cbradar\/wp-json\/wp\/v2\/posts\/235280\/revisions\/235302"}],"wp:featuredmedia":[{"embeddable":true,"href":"https:\/\/www.correiobraziliense.com.br\/cbradar\/wp-json\/wp\/v2\/media\/235295"}],"wp:attachment":[{"href":"https:\/\/www.correiobraziliense.com.br\/cbradar\/wp-json\/wp\/v2\/media?parent=235280"}],"wp:term":[{"taxonomy":"category","embeddable":true,"href":"https:\/\/www.correiobraziliense.com.br\/cbradar\/wp-json\/wp\/v2\/categories?post=235280"},{"taxonomy":"post_tag","embeddable":true,"href":"https:\/\/www.correiobraziliense.com.br\/cbradar\/wp-json\/wp\/v2\/tags?post=235280"}],"curies":[{"name":"wp","href":"https:\/\/api.w.org\/{rel}","templated":true}]}}