{"id":235300,"date":"2026-05-02T01:00:00","date_gmt":"2026-05-02T04:00:00","guid":{"rendered":"https:\/\/www.correiobraziliense.com.br\/cbradar\/?p=235300"},"modified":"2026-05-01T12:08:19","modified_gmt":"2026-05-01T15:08:19","slug":"muita-gente-nao-percebe-que-quem-sustenta-a-casa-sozinho-depois-da-separacao-esta-vivendo-dois-medos-ao-mesmo-tempo-o-de-falhar-nas-contas-e-o-de-nao-conseguir-ser-emocionalmente-forte-o-tempo-todo","status":"publish","type":"post","link":"https:\/\/www.correiobraziliense.com.br\/cbradar\/muita-gente-nao-percebe-que-quem-sustenta-a-casa-sozinho-depois-da-separacao-esta-vivendo-dois-medos-ao-mesmo-tempo-o-de-falhar-nas-contas-e-o-de-nao-conseguir-ser-emocionalmente-forte-o-tempo-todo\/","title":{"rendered":"Muita gente n\u00e3o percebe que quem sustenta a casa sozinho depois da separa\u00e7\u00e3o est\u00e1 vivendo dois medos ao mesmo tempo, o de falhar nas contas e o de n\u00e3o conseguir ser emocionalmente forte o tempo todo"},"content":{"rendered":"\n<p>Enfrentar a jornada de manter um lar sozinho ap\u00f3s uma separa\u00e7\u00e3o exige um equil\u00edbrio quase imposs\u00edvel entre a sobreviv\u00eancia financeira e o suporte emocional. Muitas vezes, a press\u00e3o externa ignora o peso invis\u00edvel de carregar todas as responsabilidades dom\u00e9sticas sem aux\u00edlio. Compreender esses desafios \u00e9 essencial para reconstruir a estabilidade pessoal com dignidade.<\/p>\n\n\n\n<h2 class=\"wp-block-heading\">Como equilibrar o or\u00e7amento dom\u00e9stico com apenas uma renda?<\/h2>\n\n\n\n<p>A transi\u00e7\u00e3o para um or\u00e7amento individual requer uma an\u00e1lise rigorosa de todos os custos fixos que antes eram compartilhados pelo casal. \u00c9 fundamental priorizar gastos essenciais como moradia, alimenta\u00e7\u00e3o e sa\u00fade, eliminando imediatamente assinaturas ou servi\u00e7os sup\u00e9rfluos que comprometam a renda. Manter uma planilha detalhada ajuda a visualizar onde cada centavo est\u00e1 sendo aplicado mensalmente com total clareza.<\/p>\n\n\n\n<p>Negociar d\u00edvidas antigas e buscar formas alternativas de renda extra pode aliviar a tens\u00e3o constante de falhar nos compromissos financeiros. O medo de n\u00e3o conseguir quitar as contas deve ser combatido com planejamento estrat\u00e9gico e cortes inteligentes que n\u00e3o sacrifiquem totalmente o bem-estar. Ter controle sobre as pr\u00f3prias finan\u00e7as \u00e9 o primeiro passo para recuperar a necess\u00e1ria autoconfian\u00e7a.<\/p>\n\n\n\n<figure class=\"wp-block-image size-full\"><img decoding=\"async\" width=\"1280\" height=\"720\" src=\"https:\/\/www.correiobraziliense.com.br\/cbradar\/wp-content\/uploads\/2026\/05\/Gemini_Generated_Image_k5wjjvk5wjjvk5wj-1-1.png\" alt=\"Muita gente n\u00e3o percebe que quem sustenta a casa sozinho depois da separa\u00e7\u00e3o est\u00e1 vivendo dois medos ao mesmo tempo, o de falhar nas contas e o de n\u00e3o conseguir ser emocionalmente forte o tempo todo\" class=\"wp-image-235481\" srcset=\"https:\/\/www.correiobraziliense.com.br\/cbradar\/wp-content\/uploads\/2026\/05\/Gemini_Generated_Image_k5wjjvk5wjjvk5wj-1-1.png 1280w, https:\/\/www.correiobraziliense.com.br\/cbradar\/wp-content\/uploads\/2026\/05\/Gemini_Generated_Image_k5wjjvk5wjjvk5wj-1-1-300x169.png 300w, https:\/\/www.correiobraziliense.com.br\/cbradar\/wp-content\/uploads\/2026\/05\/Gemini_Generated_Image_k5wjjvk5wjjvk5wj-1-1-768x432.png 768w, https:\/\/www.correiobraziliense.com.br\/cbradar\/wp-content\/uploads\/2026\/05\/Gemini_Generated_Image_k5wjjvk5wjjvk5wj-1-1-750x422.png 750w, https:\/\/www.correiobraziliense.com.br\/cbradar\/wp-content\/uploads\/2026\/05\/Gemini_Generated_Image_k5wjjvk5wjjvk5wj-1-1-1140x641.png 1140w\" sizes=\"(max-width: 1280px) 100vw, 1280px\" \/><figcaption class=\"wp-element-caption\">Vida ap\u00f3s separa\u00e7\u00e3o exige equil\u00edbrio financeiro e for\u00e7a emocional<\/figcaption><\/figure>\n\n\n\n<h2 class=\"wp-block-heading\">De que forma o esgotamento emocional afeta as decis\u00f5es di\u00e1rias?<\/h2>\n\n\n\n<p>Viver sob o estresse cont\u00ednuo de ser o \u00fanico pilar da casa drena a energia mental necess\u00e1ria para escolhas conscientes. O cansa\u00e7o acumulado muitas vezes resulta em rea\u00e7\u00f5es impulsivas ou na sensa\u00e7\u00e3o paralisante de incapacidade diante de pequenos problemas cotidianos. Reconhecer que a for\u00e7a emocional tem limites naturais permite que o indiv\u00edduo busque momentos de pausa para evitar o colapso.<\/p>\n\n\n\n<p>Manter uma postura resiliente o tempo todo \u00e9 uma exig\u00eancia social injusta que gera sentimentos de culpa e solid\u00e3o profunda. \u00c9 vital permitir-se momentos de vulnerabilidade para processar a dor da separa\u00e7\u00e3o sem o peso das obriga\u00e7\u00f5es externas imediatas. Fortalecer o psicol\u00f3gico atrav\u00e9s de redes de apoio ou terapia ajuda a clarear a mente para os novos desafios.<\/p>\n\n\n\n<h2 class=\"wp-block-heading\">Quais estrat\u00e9gias pr\u00e1ticas ajudam na organiza\u00e7\u00e3o da nova rotina?<\/h2>\n\n\n\n<p>Estabelecer prioridades claras \u00e9 a maneira mais eficiente de n\u00e3o se perder em meio ao caos de gerenciar tudo sozinho. Organizar as tarefas dom\u00e9sticas por ordem de urg\u00eancia evita que o ac\u00famulo de fun\u00e7\u00f5es gere uma ansiedade desnecess\u00e1ria no final do dia. Criar h\u00e1bitos simples de automa\u00e7\u00e3o financeira e limpeza facilita a manuten\u00e7\u00e3o da ordem sem exigir esfor\u00e7o mental constante.<\/p>\n\n\n\n<p>Para otimizar o gerenciamento do seu novo cotidiano, considere os seguintes pontos de apoio:<\/p>\n\n\n\n<ul class=\"wp-block-list\">\n<li>Cria\u00e7\u00e3o de fundo de reserva.<\/li>\n\n\n\n<li>Divis\u00e3o de tarefas com filhos.<\/li>\n\n\n\n<li>Busca por aconselhamento jur\u00eddico gratuito.<\/li>\n\n\n\n<li>Participa\u00e7\u00e3o em grupos de apoio.<\/li>\n\n\n\n<li>Estabelecimento de limites com ex-parceiros.<\/li>\n<\/ul>\n\n\n\n<h2 class=\"wp-block-heading\">Por que a rede de apoio \u00e9 indispens\u00e1vel nesse processo?<\/h2>\n\n\n\n<p>Ningu\u00e9m consegue sustentar todas as demandas da vida adulta de forma isolada sem sofrer consequ\u00eancias graves na sa\u00fade f\u00edsica. Contar com amigos pr\u00f3ximos ou familiares para tarefas simples pode ser o diferencial entre o sucesso e o esgotamento total. Delegar pequenas responsabilidades permite que o foco principal permane\u00e7a na reconstru\u00e7\u00e3o da carreira e na estabilidade dos filhos envolvidos.<\/p>\n\n\n\n<p>O suporte social oferece uma perspectiva externa que ajuda a validar os sentimentos de cansa\u00e7o e medo vivenciados no dia a dia. Conversar com pessoas que passaram por situa\u00e7\u00f5es semelhantes diminui a sensa\u00e7\u00e3o de isolamento e fornece dicas pr\u00e1ticas valiosas. Aceitar ajuda n\u00e3o \u00e9 um sinal de fraqueza, mas uma estrat\u00e9gia inteligente para garantir a pr\u00f3pria sobreviv\u00eancia emocional.<\/p>\n\n\n\n<figure class=\"wp-block-image size-full\"><img decoding=\"async\" width=\"1280\" height=\"720\" src=\"https:\/\/www.correiobraziliense.com.br\/cbradar\/wp-content\/uploads\/2026\/05\/Gemini_Generated_Image_jpgjq4jpgjq4jpgj-1-1.png\" alt=\"Muita gente n\u00e3o percebe que quem sustenta a casa sozinho depois da separa\u00e7\u00e3o est\u00e1 vivendo dois medos ao mesmo tempo, o de falhar nas contas e o de n\u00e3o conseguir ser emocionalmente forte o tempo todo\" class=\"wp-image-235484\" srcset=\"https:\/\/www.correiobraziliense.com.br\/cbradar\/wp-content\/uploads\/2026\/05\/Gemini_Generated_Image_jpgjq4jpgjq4jpgj-1-1.png 1280w, https:\/\/www.correiobraziliense.com.br\/cbradar\/wp-content\/uploads\/2026\/05\/Gemini_Generated_Image_jpgjq4jpgjq4jpgj-1-1-300x169.png 300w, https:\/\/www.correiobraziliense.com.br\/cbradar\/wp-content\/uploads\/2026\/05\/Gemini_Generated_Image_jpgjq4jpgjq4jpgj-1-1-768x432.png 768w, https:\/\/www.correiobraziliense.com.br\/cbradar\/wp-content\/uploads\/2026\/05\/Gemini_Generated_Image_jpgjq4jpgjq4jpgj-1-1-750x422.png 750w, https:\/\/www.correiobraziliense.com.br\/cbradar\/wp-content\/uploads\/2026\/05\/Gemini_Generated_Image_jpgjq4jpgjq4jpgj-1-1-1140x641.png 1140w\" sizes=\"(max-width: 1280px) 100vw, 1280px\" \/><figcaption class=\"wp-element-caption\">Vida ap\u00f3s separa\u00e7\u00e3o exige equil\u00edbrio financeiro e for\u00e7a emocional<\/figcaption><\/figure>\n\n\n\n<p>Leia tamb\u00e9m: <a href=\"https:\/\/www.correiobraziliense.com.br\/cbradar\/a-psicologia-diz-que-a-parte-mais-dificil-de-cuidar-de-um-pai-doente-nao-e-a-rotina-e-perceber-que-voce-nunca-desliga-de-verdade\/\" target=\"_blank\" rel=\"noreferrer noopener\">A psicologia diz que a parte mais dif\u00edcil de cuidar de um pai doente n\u00e3o \u00e9 a rotina, \u00e9 perceber que voc\u00ea nunca desliga de verdade<\/a><\/p>\n\n\n\n<h2 class=\"wp-block-heading\">Como o Poder Judici\u00e1rio auxilia na garantia da seguran\u00e7a financeira?<\/h2>\n\n\n\n<p>Garantir o pagamento correto da pens\u00e3o aliment\u00edcia \u00e9 um direito fundamental que assegura a manuten\u00e7\u00e3o digna dos dependentes ap\u00f3s o div\u00f3rcio. O aux\u00edlio jur\u00eddico especializado permite que os acordos financeiros sejam cumpridos rigorosamente, reduzindo a sobrecarga sobre quem ficou respons\u00e1vel pela casa. Buscar orienta\u00e7\u00e3o legal formalizada \u00e9 o caminho mais seguro para evitar conflitos diretos e garantir a paz.<\/p>\n\n\n\n<p>O <strong>Conselho Nacional de Justi\u00e7a<\/strong> oferece diretrizes claras sobre os direitos de fam\u00edlia e os procedimentos para solicitar revis\u00f5es de valores alimentares. \u00c9 poss\u00edvel consultar as normas vigentes e os deveres parentais diretamente no portal do <a href=\"https:\/\/www.google.com\/search?q=https:\/\/www.cnj.jus.br\/programas-e-acoes\/conciliacao-e-mediacao\/guia-da-conciliacao-familia\/&amp;authuser=5\" target=\"_blank\" rel=\"noreferrer noopener\">Conselho Na<\/a><a href=\"https:\/\/www.cnj.jus.br\/programas-e-acoes\/conciliacao-e-mediacao\/\" target=\"_blank\" rel=\"noreferrer noopener\">cional de Justi\u00e7a<\/a>. Manter-se amparado pela lei proporciona a <strong>seguran\u00e7a jur\u00eddica<\/strong> necess\u00e1ria para focar na prosperidade da sua fam\u00edlia agora.<\/p>\n","protected":false},"excerpt":{"rendered":"<p>Enfrentar a jornada de manter um lar sozinho ap\u00f3s uma separa\u00e7\u00e3o exige um equil\u00edbrio quase imposs\u00edvel entre a sobreviv\u00eancia financeira e o suporte emocional. Muitas vezes, a press\u00e3o externa ignora o peso invis\u00edvel de carregar todas as responsabilidades dom\u00e9sticas sem aux\u00edlio. Compreender esses desafios \u00e9 essencial para reconstruir a estabilidade pessoal com dignidade. Como equilibrar [&hellip;]<\/p>\n","protected":false},"author":21,"featured_media":235478,"comment_status":"open","ping_status":"open","sticky":false,"template":"","format":"standard","meta":{"_yoast_wpseo_focuskw":"manter casa sozinho ap\u00f3s separa\u00e7\u00e3o dif\u00edcil","_yoast_wpseo_title":"","_yoast_wpseo_metadesc":"Manter uma casa sozinho ap\u00f3s a separa\u00e7\u00e3o exige decis\u00f5es dif\u00edceis. Existe um custo invis\u00edvel que poucos consideram no dia a dia.","jnews-multi-image_gallery":[],"jnews_single_post":{"format":"standard"},"jnews_primary_category":[],"jnews_social_meta":[],"jnews_override_counter":[],"footnotes":""},"categories":[112],"tags":[7731,404,6746,15021],"class_list":["post-235300","post","type-post","status-publish","format-standard","has-post-thumbnail","hentry","category-curiosidades","tag-medo","tag-psicologia","tag-relacao","tag-separacao"],"yoast_head":"<!-- This site is optimized with the Yoast SEO plugin v24.6 - https:\/\/yoast.com\/wordpress\/plugins\/seo\/ -->\n<title>Muita gente n\u00e3o percebe que quem sustenta a casa sozinho depois da separa\u00e7\u00e3o est\u00e1 vivendo dois medos ao mesmo tempo, o de falhar nas contas e o de n\u00e3o conseguir ser emocionalmente forte o tempo todo - Correio Braziliense - Radar<\/title>\n<meta name=\"description\" content=\"Manter uma casa sozinho ap\u00f3s a separa\u00e7\u00e3o exige decis\u00f5es dif\u00edceis. Existe um custo invis\u00edvel que poucos consideram no dia a dia.\" \/>\n<meta name=\"robots\" content=\"index, follow, max-snippet:-1, max-image-preview:large, max-video-preview:-1\" \/>\n<link rel=\"canonical\" href=\"https:\/\/www.correiobraziliense.com.br\/cbradar\/muita-gente-nao-percebe-que-quem-sustenta-a-casa-sozinho-depois-da-separacao-esta-vivendo-dois-medos-ao-mesmo-tempo-o-de-falhar-nas-contas-e-o-de-nao-conseguir-ser-emocionalmente-forte-o-tempo-todo\/\" \/>\n<meta property=\"og:locale\" content=\"pt_BR\" \/>\n<meta property=\"og:type\" content=\"article\" \/>\n<meta property=\"og:title\" content=\"Muita gente n\u00e3o percebe que quem sustenta a casa sozinho depois da separa\u00e7\u00e3o est\u00e1 vivendo dois medos ao mesmo tempo, o de falhar nas contas e o de n\u00e3o conseguir ser emocionalmente forte o tempo todo - Correio Braziliense - Radar\" \/>\n<meta property=\"og:description\" content=\"Manter uma casa sozinho ap\u00f3s a separa\u00e7\u00e3o exige decis\u00f5es dif\u00edceis. Existe um custo invis\u00edvel que poucos consideram no dia a dia.\" \/>\n<meta property=\"og:url\" content=\"https:\/\/www.correiobraziliense.com.br\/cbradar\/muita-gente-nao-percebe-que-quem-sustenta-a-casa-sozinho-depois-da-separacao-esta-vivendo-dois-medos-ao-mesmo-tempo-o-de-falhar-nas-contas-e-o-de-nao-conseguir-ser-emocionalmente-forte-o-tempo-todo\/\" \/>\n<meta property=\"og:site_name\" content=\"Correio Braziliense - Radar\" \/>\n<meta property=\"article:published_time\" content=\"2026-05-02T04:00:00+00:00\" \/>\n<meta property=\"og:image\" content=\"https:\/\/www.correiobraziliense.com.br\/cbradar\/wp-content\/uploads\/2026\/05\/Gemini_Generated_Image_43su3s43su3s43su-1-1.png\" \/>\n\t<meta property=\"og:image:width\" content=\"1280\" \/>\n\t<meta property=\"og:image:height\" content=\"720\" \/>\n\t<meta property=\"og:image:type\" content=\"image\/png\" \/>\n<meta name=\"author\" content=\"Patrick Silva\" \/>\n<meta name=\"twitter:card\" content=\"summary_large_image\" \/>\n<meta name=\"twitter:label1\" content=\"Escrito por\" \/>\n\t<meta name=\"twitter:data1\" content=\"Patrick Silva\" \/>\n\t<meta name=\"twitter:label2\" content=\"Est. tempo de leitura\" \/>\n\t<meta name=\"twitter:data2\" content=\"5 minutos\" \/>\n<!-- \/ Yoast SEO plugin. -->","yoast_head_json":{"title":"Muita gente n\u00e3o percebe que quem sustenta a casa sozinho depois da separa\u00e7\u00e3o est\u00e1 vivendo dois medos ao mesmo tempo, o de falhar nas contas e o de n\u00e3o conseguir ser emocionalmente forte o tempo todo - Correio Braziliense - Radar","description":"Manter uma casa sozinho ap\u00f3s a separa\u00e7\u00e3o exige decis\u00f5es dif\u00edceis. Existe um custo invis\u00edvel que poucos consideram no dia a dia.","robots":{"index":"index","follow":"follow","max-snippet":"max-snippet:-1","max-image-preview":"max-image-preview:large","max-video-preview":"max-video-preview:-1"},"canonical":"https:\/\/www.correiobraziliense.com.br\/cbradar\/muita-gente-nao-percebe-que-quem-sustenta-a-casa-sozinho-depois-da-separacao-esta-vivendo-dois-medos-ao-mesmo-tempo-o-de-falhar-nas-contas-e-o-de-nao-conseguir-ser-emocionalmente-forte-o-tempo-todo\/","og_locale":"pt_BR","og_type":"article","og_title":"Muita gente n\u00e3o percebe que quem sustenta a casa sozinho depois da separa\u00e7\u00e3o est\u00e1 vivendo dois medos ao mesmo tempo, o de falhar nas contas e o de n\u00e3o conseguir ser emocionalmente forte o tempo todo - Correio Braziliense - Radar","og_description":"Manter uma casa sozinho ap\u00f3s a separa\u00e7\u00e3o exige decis\u00f5es dif\u00edceis. Existe um custo invis\u00edvel que poucos consideram no dia a dia.","og_url":"https:\/\/www.correiobraziliense.com.br\/cbradar\/muita-gente-nao-percebe-que-quem-sustenta-a-casa-sozinho-depois-da-separacao-esta-vivendo-dois-medos-ao-mesmo-tempo-o-de-falhar-nas-contas-e-o-de-nao-conseguir-ser-emocionalmente-forte-o-tempo-todo\/","og_site_name":"Correio Braziliense - Radar","article_published_time":"2026-05-02T04:00:00+00:00","og_image":[{"width":1280,"height":720,"url":"https:\/\/www.correiobraziliense.com.br\/cbradar\/wp-content\/uploads\/2026\/05\/Gemini_Generated_Image_43su3s43su3s43su-1-1.png","type":"image\/png"}],"author":"Patrick Silva","twitter_card":"summary_large_image","twitter_misc":{"Escrito por":"Patrick Silva","Est. tempo de leitura":"5 minutos"},"schema":{"@context":"https:\/\/schema.org","@graph":[{"@type":"WebPage","@id":"https:\/\/www.correiobraziliense.com.br\/cbradar\/muita-gente-nao-percebe-que-quem-sustenta-a-casa-sozinho-depois-da-separacao-esta-vivendo-dois-medos-ao-mesmo-tempo-o-de-falhar-nas-contas-e-o-de-nao-conseguir-ser-emocionalmente-forte-o-tempo-todo\/","url":"https:\/\/www.correiobraziliense.com.br\/cbradar\/muita-gente-nao-percebe-que-quem-sustenta-a-casa-sozinho-depois-da-separacao-esta-vivendo-dois-medos-ao-mesmo-tempo-o-de-falhar-nas-contas-e-o-de-nao-conseguir-ser-emocionalmente-forte-o-tempo-todo\/","name":"Muita gente n\u00e3o percebe que quem sustenta a casa sozinho depois da separa\u00e7\u00e3o est\u00e1 vivendo dois medos ao mesmo tempo, o de falhar nas contas e o de n\u00e3o conseguir ser emocionalmente forte o tempo todo - Correio Braziliense - Radar","isPartOf":{"@id":"https:\/\/www.correiobraziliense.com.br\/cbradar\/#website"},"primaryImageOfPage":{"@id":"https:\/\/www.correiobraziliense.com.br\/cbradar\/muita-gente-nao-percebe-que-quem-sustenta-a-casa-sozinho-depois-da-separacao-esta-vivendo-dois-medos-ao-mesmo-tempo-o-de-falhar-nas-contas-e-o-de-nao-conseguir-ser-emocionalmente-forte-o-tempo-todo\/#primaryimage"},"image":{"@id":"https:\/\/www.correiobraziliense.com.br\/cbradar\/muita-gente-nao-percebe-que-quem-sustenta-a-casa-sozinho-depois-da-separacao-esta-vivendo-dois-medos-ao-mesmo-tempo-o-de-falhar-nas-contas-e-o-de-nao-conseguir-ser-emocionalmente-forte-o-tempo-todo\/#primaryimage"},"thumbnailUrl":"https:\/\/www.correiobraziliense.com.br\/cbradar\/wp-content\/uploads\/2026\/05\/Gemini_Generated_Image_43su3s43su3s43su-1-1.png","datePublished":"2026-05-02T04:00:00+00:00","author":{"@id":"https:\/\/www.correiobraziliense.com.br\/cbradar\/#\/schema\/person\/5440b72be9c7eb74f446c846479dc4da"},"description":"Manter uma casa sozinho ap\u00f3s a separa\u00e7\u00e3o exige decis\u00f5es dif\u00edceis. Existe um custo invis\u00edvel que poucos consideram no dia a dia.","breadcrumb":{"@id":"https:\/\/www.correiobraziliense.com.br\/cbradar\/muita-gente-nao-percebe-que-quem-sustenta-a-casa-sozinho-depois-da-separacao-esta-vivendo-dois-medos-ao-mesmo-tempo-o-de-falhar-nas-contas-e-o-de-nao-conseguir-ser-emocionalmente-forte-o-tempo-todo\/#breadcrumb"},"inLanguage":"pt-BR","potentialAction":[{"@type":"ReadAction","target":["https:\/\/www.correiobraziliense.com.br\/cbradar\/muita-gente-nao-percebe-que-quem-sustenta-a-casa-sozinho-depois-da-separacao-esta-vivendo-dois-medos-ao-mesmo-tempo-o-de-falhar-nas-contas-e-o-de-nao-conseguir-ser-emocionalmente-forte-o-tempo-todo\/"]}]},{"@type":"ImageObject","inLanguage":"pt-BR","@id":"https:\/\/www.correiobraziliense.com.br\/cbradar\/muita-gente-nao-percebe-que-quem-sustenta-a-casa-sozinho-depois-da-separacao-esta-vivendo-dois-medos-ao-mesmo-tempo-o-de-falhar-nas-contas-e-o-de-nao-conseguir-ser-emocionalmente-forte-o-tempo-todo\/#primaryimage","url":"https:\/\/www.correiobraziliense.com.br\/cbradar\/wp-content\/uploads\/2026\/05\/Gemini_Generated_Image_43su3s43su3s43su-1-1.png","contentUrl":"https:\/\/www.correiobraziliense.com.br\/cbradar\/wp-content\/uploads\/2026\/05\/Gemini_Generated_Image_43su3s43su3s43su-1-1.png","width":1280,"height":720,"caption":"Vida ap\u00f3s separa\u00e7\u00e3o exige equil\u00edbrio financeiro e for\u00e7a emocional"},{"@type":"BreadcrumbList","@id":"https:\/\/www.correiobraziliense.com.br\/cbradar\/muita-gente-nao-percebe-que-quem-sustenta-a-casa-sozinho-depois-da-separacao-esta-vivendo-dois-medos-ao-mesmo-tempo-o-de-falhar-nas-contas-e-o-de-nao-conseguir-ser-emocionalmente-forte-o-tempo-todo\/#breadcrumb","itemListElement":[{"@type":"ListItem","position":1,"name":"In\u00edcio","item":"https:\/\/www.correiobraziliense.com.br\/cbradar\/"},{"@type":"ListItem","position":2,"name":"Muita gente n\u00e3o percebe que quem sustenta a casa sozinho depois da separa\u00e7\u00e3o est\u00e1 vivendo dois medos ao mesmo tempo, o de falhar nas contas e o de n\u00e3o conseguir ser emocionalmente forte o tempo todo"}]},{"@type":"WebSite","@id":"https:\/\/www.correiobraziliense.com.br\/cbradar\/#website","url":"https:\/\/www.correiobraziliense.com.br\/cbradar\/","name":"Correio Braziliense - Radar","description":"Acompanhe as \u00faltimas not\u00edcias e fique bem informado sobre tudo o que acontece no Brasil e no mundo.","potentialAction":[{"@type":"SearchAction","target":{"@type":"EntryPoint","urlTemplate":"https:\/\/www.correiobraziliense.com.br\/cbradar\/?s={search_term_string}"},"query-input":{"@type":"PropertyValueSpecification","valueRequired":true,"valueName":"search_term_string"}}],"inLanguage":"pt-BR"},{"@type":"Person","@id":"https:\/\/www.correiobraziliense.com.br\/cbradar\/#\/schema\/person\/5440b72be9c7eb74f446c846479dc4da","name":"Patrick Silva","image":{"@type":"ImageObject","inLanguage":"pt-BR","@id":"https:\/\/www.correiobraziliense.com.br\/cbradar\/#\/schema\/person\/image\/","url":"https:\/\/secure.gravatar.com\/avatar\/944109df296fc087785c9715fd5f80b2?s=96&d=mm&r=g","contentUrl":"https:\/\/secure.gravatar.com\/avatar\/944109df296fc087785c9715fd5f80b2?s=96&d=mm&r=g","caption":"Patrick Silva"},"sameAs":["https:\/\/www.correiobraziliense.com.br\/cbradar\/"],"url":"https:\/\/www.correiobraziliense.com.br\/cbradar\/author\/patrick-silva\/"}]}},"_links":{"self":[{"href":"https:\/\/www.correiobraziliense.com.br\/cbradar\/wp-json\/wp\/v2\/posts\/235300","targetHints":{"allow":["GET"]}}],"collection":[{"href":"https:\/\/www.correiobraziliense.com.br\/cbradar\/wp-json\/wp\/v2\/posts"}],"about":[{"href":"https:\/\/www.correiobraziliense.com.br\/cbradar\/wp-json\/wp\/v2\/types\/post"}],"author":[{"embeddable":true,"href":"https:\/\/www.correiobraziliense.com.br\/cbradar\/wp-json\/wp\/v2\/users\/21"}],"replies":[{"embeddable":true,"href":"https:\/\/www.correiobraziliense.com.br\/cbradar\/wp-json\/wp\/v2\/comments?post=235300"}],"version-history":[{"count":4,"href":"https:\/\/www.correiobraziliense.com.br\/cbradar\/wp-json\/wp\/v2\/posts\/235300\/revisions"}],"predecessor-version":[{"id":235488,"href":"https:\/\/www.correiobraziliense.com.br\/cbradar\/wp-json\/wp\/v2\/posts\/235300\/revisions\/235488"}],"wp:featuredmedia":[{"embeddable":true,"href":"https:\/\/www.correiobraziliense.com.br\/cbradar\/wp-json\/wp\/v2\/media\/235478"}],"wp:attachment":[{"href":"https:\/\/www.correiobraziliense.com.br\/cbradar\/wp-json\/wp\/v2\/media?parent=235300"}],"wp:term":[{"taxonomy":"category","embeddable":true,"href":"https:\/\/www.correiobraziliense.com.br\/cbradar\/wp-json\/wp\/v2\/categories?post=235300"},{"taxonomy":"post_tag","embeddable":true,"href":"https:\/\/www.correiobraziliense.com.br\/cbradar\/wp-json\/wp\/v2\/tags?post=235300"}],"curies":[{"name":"wp","href":"https:\/\/api.w.org\/{rel}","templated":true}]}}