{"id":235301,"date":"2026-05-02T00:30:00","date_gmt":"2026-05-02T03:30:00","guid":{"rendered":"https:\/\/www.correiobraziliense.com.br\/cbradar\/?p=235301"},"modified":"2026-05-01T12:43:04","modified_gmt":"2026-05-01T15:43:04","slug":"o-que-o-acucar-faz-no-intestino-e-na-pele","status":"publish","type":"post","link":"https:\/\/www.correiobraziliense.com.br\/cbradar\/o-que-o-acucar-faz-no-intestino-e-na-pele\/","title":{"rendered":"O que o a\u00e7\u00facar faz no intestino e na pele"},"content":{"rendered":"\n<p>O consumo excessivo de sacarose desencadeia processos inflamat\u00f3rios silenciosos que afetam drasticamente o equil\u00edbrio da microbiota intestinal e a elasticidade cut\u00e2nea. Compreender como o a\u00e7\u00facar refinado interage com as c\u00e9lulas humanas \u00e9 fundamental para quem busca longevidade e bem-estar. Pequenas mudan\u00e7as alimentares podem reverter danos profundos causados por dietas ricas em carboidratos processados diariamente.<\/p>\n\n\n\n<h2 class=\"wp-block-heading\">De que maneira o a\u00e7\u00facar desequilibra a flora bacteriana?<\/h2>\n\n\n\n<p>Quando ingerimos grandes quantidades de a\u00e7\u00facar, as bact\u00e9rias patog\u00eanicas no intestino se alimentam rapidamente, causando um crescimento desordenado e perigoso. Esse fen\u00f4meno, conhecido como <strong>disbiose<\/strong>, prejudica a absor\u00e7\u00e3o de nutrientes vitais e enfraquece o sistema imunol\u00f3gico global do hospedeiro. Manter o equil\u00edbrio biol\u00f3gico exige reduzir drasticamente alimentos ultraprocessados para favorecer as col\u00f4nias bacterianas ben\u00e9ficas presentes internamente.<\/p>\n\n\n\n<p>Al\u00e9m da disbiose, o a\u00e7\u00facar estimula a permeabilidade intestinal, permitindo que toxinas atravessem a parede do \u00f3rg\u00e3o e entrem na circula\u00e7\u00e3o sangu\u00ednea. Esse vazamento gera uma resposta inflamat\u00f3ria sist\u00eamica que pode ser sentida em todo o corpo sob diversas formas cl\u00ednicas. Priorizar fibras e alimentos naturais \u00e9 o caminho l\u00f3gico para restaurar a integridade das paredes do seu intestino.<\/p>\n\n\n\n<figure class=\"wp-block-image size-full\"><img decoding=\"async\" width=\"1280\" height=\"720\" src=\"https:\/\/www.correiobraziliense.com.br\/cbradar\/wp-content\/uploads\/2026\/05\/Gemini_Generated_Image_bk7lusbk7lusbk7l-1-1.png\" alt=\"O que o a\u00e7\u00facar faz no intestino e na pele\" class=\"wp-image-235556\" srcset=\"https:\/\/www.correiobraziliense.com.br\/cbradar\/wp-content\/uploads\/2026\/05\/Gemini_Generated_Image_bk7lusbk7lusbk7l-1-1.png 1280w, https:\/\/www.correiobraziliense.com.br\/cbradar\/wp-content\/uploads\/2026\/05\/Gemini_Generated_Image_bk7lusbk7lusbk7l-1-1-300x169.png 300w, https:\/\/www.correiobraziliense.com.br\/cbradar\/wp-content\/uploads\/2026\/05\/Gemini_Generated_Image_bk7lusbk7lusbk7l-1-1-768x432.png 768w, https:\/\/www.correiobraziliense.com.br\/cbradar\/wp-content\/uploads\/2026\/05\/Gemini_Generated_Image_bk7lusbk7lusbk7l-1-1-750x422.png 750w, https:\/\/www.correiobraziliense.com.br\/cbradar\/wp-content\/uploads\/2026\/05\/Gemini_Generated_Image_bk7lusbk7lusbk7l-1-1-1140x641.png 1140w\" sizes=\"(max-width: 1280px) 100vw, 1280px\" \/><figcaption class=\"wp-element-caption\">Excesso de a\u00e7\u00facar prejudica intestino, pele e equil\u00edbrio do corpo<\/figcaption><\/figure>\n\n\n\n<h2 class=\"wp-block-heading\">Por que o consumo de doces acelera o envelhecimento facial?<\/h2>\n\n\n\n<p>A rela\u00e7\u00e3o entre a\u00e7\u00facar e pele ocorre principalmente atrav\u00e9s de um processo qu\u00edmico complexo chamado <strong>glica\u00e7\u00e3o<\/strong> n\u00e3o enzim\u00e1tica das prote\u00ednas. Mol\u00e9culas de glicose se ligam permanentemente ao col\u00e1geno e \u00e0 elastina, tornando as fibras r\u00edgidas, quebradi\u00e7as e incapazes de sustentar o tecido. O resultado vis\u00edvel dessa rea\u00e7\u00e3o interna \u00e9 o surgimento precoce de rugas profundas e perda de firmeza facial.<\/p>\n\n\n\n<p>Dietas com alto \u00edndice glic\u00eamico provocam picos de insulina que estimulam a produ\u00e7\u00e3o excessiva de sebo pelas gl\u00e2ndulas seb\u00e1ceas. Esse \u00f3leo em excesso obstrui os poros e cria um ambiente prop\u00edcio para o desenvolvimento de acne inflamat\u00f3ria persistente em adultos. Reduzir o a\u00e7\u00facar ajuda a equilibrar os horm\u00f4nios e devolve o brilho natural e a sa\u00fade para a derme.<\/p>\n\n\n\n<h2 class=\"wp-block-heading\">Quais sinais corporais indicam o excesso de glicose?<\/h2>\n\n\n\n<p>O corpo humano emite diversos alertas sutis quando os n\u00edveis de a\u00e7\u00facar est\u00e3o sobrecarregando os sistemas metab\u00f3licos internos. Notar mudan\u00e7as na digest\u00e3o, fadiga ap\u00f3s as refei\u00e7\u00f5es e altera\u00e7\u00f5es na textura da pele s\u00e3o passos essenciais para o diagn\u00f3stico precoce. Estar atento aos sinais biol\u00f3gicos permite ajustes diet\u00e9ticos r\u00e1pidos que preservam a integridade f\u00edsica e evitam doen\u00e7as metab\u00f3licas severas no futuro.<\/p>\n\n\n\n<p>Para identificar os impactos mais comuns desse consumo exagerado, analise as seguintes evid\u00eancias biol\u00f3gicas:<\/p>\n\n\n\n<ul class=\"wp-block-list\">\n<li>Aumento da acne inflamat\u00f3ria.<\/li>\n\n\n\n<li>Sensa\u00e7\u00e3o constante de incha\u00e7o abdominal.<\/li>\n\n\n\n<li>Aparecimento de manchas escuras.<\/li>\n\n\n\n<li>Oscila\u00e7\u00f5es frequentes de energia.<\/li>\n\n\n\n<li>Fragilidade excessiva das unhas.<\/li>\n<\/ul>\n\n\n\n<h2 class=\"wp-block-heading\">Como o eixo intestino-c\u00e9rebro reage ao a\u00e7\u00facar refinado?<\/h2>\n\n\n\n<p>O intestino \u00e9 frequentemente chamado de segundo c\u00e9rebro devido \u00e0 sua vasta rede neural e produ\u00e7\u00e3o de neurotransmissores importantes. O a\u00e7\u00facar interfere na s\u00edntese de <strong>serotonina<\/strong>, subst\u00e2ncia respons\u00e1vel pela regula\u00e7\u00e3o do humor e do sono profundo. Quando a microbiota est\u00e1 prejudicada pela glicose, a sa\u00fade mental pode sofrer decl\u00ednios significativos, gerando ansiedade constante e epis\u00f3dios frequentes de irritabilidade emocional inexplic\u00e1vel.<\/p>\n\n\n\n<p>A inflama\u00e7\u00e3o intestinal causada pelos carboidratos simples envia sinais negativos diretamente ao sistema nervoso central atrav\u00e9s do nervo vago. Esse ciclo vicioso aumenta o desejo por mais alimentos a\u00e7ucarados, criando uma depend\u00eancia qu\u00edmica dif\u00edcil de ser quebrada sem disciplina. Priorizar alimentos probi\u00f3ticos ajuda a silenciar esses sinais inflamat\u00f3rios e restaura a clareza mental necess\u00e1ria para decis\u00f5es di\u00e1rias equilibradas.<\/p>\n\n\n\n<p>Voc\u00ea sabe o que o a\u00e7\u00facar realmente faz no seu corpo? No v\u00eddeo de hoje, do canal <em>Ol\u00e1, Ci\u00eancia!<\/em>, com mais de 2,55 milh\u00f5es de inscritos, voc\u00ea vai descobrir de forma simples e direta como o a\u00e7\u00facar afeta seu organismo muito al\u00e9m do que voc\u00ea imagina.<\/p>\n\n\n\n<figure class=\"wp-block-embed is-type-video is-provider-youtube wp-block-embed-youtube wp-embed-aspect-16-9 wp-has-aspect-ratio\"><div class=\"wp-block-embed__wrapper\">\n<div class=\"jeg_video_container jeg_video_content\"><iframe loading=\"lazy\" title=\"O que o A\u00c7\u00daCAR REALMENTE faz no seu corpo\" width=\"500\" height=\"281\" src=\"https:\/\/www.youtube.com\/embed\/srtw0Kt5UEY?feature=oembed\" frameborder=\"0\" allow=\"accelerometer; autoplay; clipboard-write; encrypted-media; gyroscope; picture-in-picture; web-share\" referrerpolicy=\"strict-origin-when-cross-origin\" allowfullscreen><\/iframe><\/div>\n<\/div><\/figure>\n\n\n\n<p>Leia tamb\u00e9m: <a href=\"https:\/\/www.correiobraziliense.com.br\/cbradar\/fazer-treino-curto-em-casa-pode-melhorar-o-condicionamento-mais-do-que-esperar-o-dia-perfeito-para-a-academia-mas-so-funciona-com-regularidade-real\/\" target=\"_blank\" rel=\"noreferrer noopener\">Fazer treino curto em casa pode melhorar o condicionamento mais do que esperar o dia perfeito para a academia, mas s\u00f3 funciona com regularidade real<\/a><\/p>\n\n\n\n<h2 class=\"wp-block-heading\">Quais s\u00e3o as diretrizes para uma dieta equilibrada?<\/h2>\n\n\n\n<p>Reduzir o consumo de a\u00e7\u00facar refinado exige um planejamento alimentar focado na ingest\u00e3o de vegetais, prote\u00ednas magras e gorduras boas. Essa mudan\u00e7a estrat\u00e9gica ajuda a estabilizar os n\u00edveis de insulina e interrompe o ciclo inflamat\u00f3rio que prejudica a derme e o trato digestivo simultaneamente. Priorizar escolhas naturais garante que o organismo receba os nutrientes necess\u00e1rios para manter a <strong>vitalidade biol\u00f3gica<\/strong>.<\/p>\n\n\n\n<p>A <strong>Organiza\u00e7\u00e3o Pan-Americana da Sa\u00fade<\/strong> orienta que o a\u00e7\u00facar livre n\u00e3o deve exceder dez por cento da ingest\u00e3o cal\u00f3rica di\u00e1ria total, conforme as diretrizes em <a target=\"_blank\" rel=\"noreferrer noopener\" href=\"https:\/\/www.paho.org\/pt\/topicos\/alimentacao-saudavel\">Organiza\u00e7\u00e3o Pan-Americana da Sa\u00fade<\/a>. Seguir esses par\u00e2metros oficiais protege o cora\u00e7\u00e3o e a pele contra danos oxidativos severos. Cuidar do seu interior \u00e9 o segredo para refletir uma <strong>apar\u00eancia saud\u00e1vel<\/strong> e radiante externamente.<\/p>\n","protected":false},"excerpt":{"rendered":"<p>O consumo excessivo de sacarose desencadeia processos inflamat\u00f3rios silenciosos que afetam drasticamente o equil\u00edbrio da microbiota intestinal e a elasticidade cut\u00e2nea. Compreender como o a\u00e7\u00facar refinado interage com as c\u00e9lulas humanas \u00e9 fundamental para quem busca longevidade e bem-estar. Pequenas mudan\u00e7as alimentares podem reverter danos profundos causados por dietas ricas em carboidratos processados diariamente. De [&hellip;]<\/p>\n","protected":false},"author":21,"featured_media":235506,"comment_status":"open","ping_status":"open","sticky":false,"template":"","format":"standard","meta":{"_yoast_wpseo_focuskw":"efeitos do a\u00e7\u00facar no intestino e na pele","_yoast_wpseo_title":"","_yoast_wpseo_metadesc":"O a\u00e7\u00facar n\u00e3o altera apenas o peso. Ele interfere em processos internos que podem mudar a apar\u00eancia da pele e o funcionamento do corpo.","jnews-multi-image_gallery":[],"jnews_single_post":{"format":"standard"},"jnews_primary_category":[],"jnews_social_meta":[],"jnews_override_counter":[],"footnotes":""},"categories":[119,4404],"tags":[1808,1422,5364],"class_list":["post-235301","post","type-post","status-publish","format-standard","has-post-thumbnail","hentry","category-bem-estar","category-saude","tag-acucar","tag-intestino","tag-pele-2"],"yoast_head":"<!-- This site is optimized with the Yoast SEO plugin v24.6 - https:\/\/yoast.com\/wordpress\/plugins\/seo\/ -->\n<title>O que o a\u00e7\u00facar faz no intestino e na pele - Correio Braziliense - Radar<\/title>\n<meta name=\"description\" content=\"O a\u00e7\u00facar n\u00e3o altera apenas o peso. Ele interfere em processos internos que podem mudar a apar\u00eancia da pele e o funcionamento do corpo.\" \/>\n<meta name=\"robots\" content=\"index, follow, max-snippet:-1, max-image-preview:large, max-video-preview:-1\" \/>\n<link rel=\"canonical\" href=\"https:\/\/www.correiobraziliense.com.br\/cbradar\/o-que-o-acucar-faz-no-intestino-e-na-pele\/\" \/>\n<meta property=\"og:locale\" content=\"pt_BR\" \/>\n<meta property=\"og:type\" content=\"article\" \/>\n<meta property=\"og:title\" content=\"O que o a\u00e7\u00facar faz no intestino e na pele - Correio Braziliense - Radar\" \/>\n<meta property=\"og:description\" content=\"O a\u00e7\u00facar n\u00e3o altera apenas o peso. Ele interfere em processos internos que podem mudar a apar\u00eancia da pele e o funcionamento do corpo.\" \/>\n<meta property=\"og:url\" content=\"https:\/\/www.correiobraziliense.com.br\/cbradar\/o-que-o-acucar-faz-no-intestino-e-na-pele\/\" \/>\n<meta property=\"og:site_name\" content=\"Correio Braziliense - Radar\" \/>\n<meta property=\"article:published_time\" content=\"2026-05-02T03:30:00+00:00\" \/>\n<meta property=\"og:image\" content=\"https:\/\/www.correiobraziliense.com.br\/cbradar\/wp-content\/uploads\/2026\/05\/Gemini_Generated_Image_4ccoqp4ccoqp4cco-1-1.png\" \/>\n\t<meta property=\"og:image:width\" content=\"1280\" \/>\n\t<meta property=\"og:image:height\" content=\"720\" \/>\n\t<meta property=\"og:image:type\" content=\"image\/png\" \/>\n<meta name=\"author\" content=\"Patrick Silva\" \/>\n<meta name=\"twitter:card\" content=\"summary_large_image\" \/>\n<meta name=\"twitter:label1\" content=\"Escrito por\" \/>\n\t<meta name=\"twitter:data1\" content=\"Patrick Silva\" \/>\n\t<meta name=\"twitter:label2\" content=\"Est. tempo de leitura\" \/>\n\t<meta name=\"twitter:data2\" content=\"5 minutos\" \/>\n<!-- \/ Yoast SEO plugin. -->","yoast_head_json":{"title":"O que o a\u00e7\u00facar faz no intestino e na pele - Correio Braziliense - Radar","description":"O a\u00e7\u00facar n\u00e3o altera apenas o peso. Ele interfere em processos internos que podem mudar a apar\u00eancia da pele e o funcionamento do corpo.","robots":{"index":"index","follow":"follow","max-snippet":"max-snippet:-1","max-image-preview":"max-image-preview:large","max-video-preview":"max-video-preview:-1"},"canonical":"https:\/\/www.correiobraziliense.com.br\/cbradar\/o-que-o-acucar-faz-no-intestino-e-na-pele\/","og_locale":"pt_BR","og_type":"article","og_title":"O que o a\u00e7\u00facar faz no intestino e na pele - Correio Braziliense - Radar","og_description":"O a\u00e7\u00facar n\u00e3o altera apenas o peso. Ele interfere em processos internos que podem mudar a apar\u00eancia da pele e o funcionamento do corpo.","og_url":"https:\/\/www.correiobraziliense.com.br\/cbradar\/o-que-o-acucar-faz-no-intestino-e-na-pele\/","og_site_name":"Correio Braziliense - Radar","article_published_time":"2026-05-02T03:30:00+00:00","og_image":[{"width":1280,"height":720,"url":"https:\/\/www.correiobraziliense.com.br\/cbradar\/wp-content\/uploads\/2026\/05\/Gemini_Generated_Image_4ccoqp4ccoqp4cco-1-1.png","type":"image\/png"}],"author":"Patrick Silva","twitter_card":"summary_large_image","twitter_misc":{"Escrito por":"Patrick Silva","Est. tempo de leitura":"5 minutos"},"schema":{"@context":"https:\/\/schema.org","@graph":[{"@type":"WebPage","@id":"https:\/\/www.correiobraziliense.com.br\/cbradar\/o-que-o-acucar-faz-no-intestino-e-na-pele\/","url":"https:\/\/www.correiobraziliense.com.br\/cbradar\/o-que-o-acucar-faz-no-intestino-e-na-pele\/","name":"O que o a\u00e7\u00facar faz no intestino e na pele - Correio Braziliense - Radar","isPartOf":{"@id":"https:\/\/www.correiobraziliense.com.br\/cbradar\/#website"},"primaryImageOfPage":{"@id":"https:\/\/www.correiobraziliense.com.br\/cbradar\/o-que-o-acucar-faz-no-intestino-e-na-pele\/#primaryimage"},"image":{"@id":"https:\/\/www.correiobraziliense.com.br\/cbradar\/o-que-o-acucar-faz-no-intestino-e-na-pele\/#primaryimage"},"thumbnailUrl":"https:\/\/www.correiobraziliense.com.br\/cbradar\/wp-content\/uploads\/2026\/05\/Gemini_Generated_Image_4ccoqp4ccoqp4cco-1-1.png","datePublished":"2026-05-02T03:30:00+00:00","author":{"@id":"https:\/\/www.correiobraziliense.com.br\/cbradar\/#\/schema\/person\/5440b72be9c7eb74f446c846479dc4da"},"description":"O a\u00e7\u00facar n\u00e3o altera apenas o peso. Ele interfere em processos internos que podem mudar a apar\u00eancia da pele e o funcionamento do corpo.","breadcrumb":{"@id":"https:\/\/www.correiobraziliense.com.br\/cbradar\/o-que-o-acucar-faz-no-intestino-e-na-pele\/#breadcrumb"},"inLanguage":"pt-BR","potentialAction":[{"@type":"ReadAction","target":["https:\/\/www.correiobraziliense.com.br\/cbradar\/o-que-o-acucar-faz-no-intestino-e-na-pele\/"]}]},{"@type":"ImageObject","inLanguage":"pt-BR","@id":"https:\/\/www.correiobraziliense.com.br\/cbradar\/o-que-o-acucar-faz-no-intestino-e-na-pele\/#primaryimage","url":"https:\/\/www.correiobraziliense.com.br\/cbradar\/wp-content\/uploads\/2026\/05\/Gemini_Generated_Image_4ccoqp4ccoqp4cco-1-1.png","contentUrl":"https:\/\/www.correiobraziliense.com.br\/cbradar\/wp-content\/uploads\/2026\/05\/Gemini_Generated_Image_4ccoqp4ccoqp4cco-1-1.png","width":1280,"height":720,"caption":"Excesso de a\u00e7\u00facar prejudica intestino, pele e equil\u00edbrio do corpo"},{"@type":"BreadcrumbList","@id":"https:\/\/www.correiobraziliense.com.br\/cbradar\/o-que-o-acucar-faz-no-intestino-e-na-pele\/#breadcrumb","itemListElement":[{"@type":"ListItem","position":1,"name":"In\u00edcio","item":"https:\/\/www.correiobraziliense.com.br\/cbradar\/"},{"@type":"ListItem","position":2,"name":"O que o a\u00e7\u00facar faz no intestino e na pele"}]},{"@type":"WebSite","@id":"https:\/\/www.correiobraziliense.com.br\/cbradar\/#website","url":"https:\/\/www.correiobraziliense.com.br\/cbradar\/","name":"Correio Braziliense - Radar","description":"Acompanhe as \u00faltimas not\u00edcias e fique bem informado sobre tudo o que acontece no Brasil e no mundo.","potentialAction":[{"@type":"SearchAction","target":{"@type":"EntryPoint","urlTemplate":"https:\/\/www.correiobraziliense.com.br\/cbradar\/?s={search_term_string}"},"query-input":{"@type":"PropertyValueSpecification","valueRequired":true,"valueName":"search_term_string"}}],"inLanguage":"pt-BR"},{"@type":"Person","@id":"https:\/\/www.correiobraziliense.com.br\/cbradar\/#\/schema\/person\/5440b72be9c7eb74f446c846479dc4da","name":"Patrick Silva","image":{"@type":"ImageObject","inLanguage":"pt-BR","@id":"https:\/\/www.correiobraziliense.com.br\/cbradar\/#\/schema\/person\/image\/","url":"https:\/\/secure.gravatar.com\/avatar\/944109df296fc087785c9715fd5f80b2?s=96&d=mm&r=g","contentUrl":"https:\/\/secure.gravatar.com\/avatar\/944109df296fc087785c9715fd5f80b2?s=96&d=mm&r=g","caption":"Patrick Silva"},"sameAs":["https:\/\/www.correiobraziliense.com.br\/cbradar\/"],"url":"https:\/\/www.correiobraziliense.com.br\/cbradar\/author\/patrick-silva\/"}]}},"_links":{"self":[{"href":"https:\/\/www.correiobraziliense.com.br\/cbradar\/wp-json\/wp\/v2\/posts\/235301","targetHints":{"allow":["GET"]}}],"collection":[{"href":"https:\/\/www.correiobraziliense.com.br\/cbradar\/wp-json\/wp\/v2\/posts"}],"about":[{"href":"https:\/\/www.correiobraziliense.com.br\/cbradar\/wp-json\/wp\/v2\/types\/post"}],"author":[{"embeddable":true,"href":"https:\/\/www.correiobraziliense.com.br\/cbradar\/wp-json\/wp\/v2\/users\/21"}],"replies":[{"embeddable":true,"href":"https:\/\/www.correiobraziliense.com.br\/cbradar\/wp-json\/wp\/v2\/comments?post=235301"}],"version-history":[{"count":3,"href":"https:\/\/www.correiobraziliense.com.br\/cbradar\/wp-json\/wp\/v2\/posts\/235301\/revisions"}],"predecessor-version":[{"id":235557,"href":"https:\/\/www.correiobraziliense.com.br\/cbradar\/wp-json\/wp\/v2\/posts\/235301\/revisions\/235557"}],"wp:featuredmedia":[{"embeddable":true,"href":"https:\/\/www.correiobraziliense.com.br\/cbradar\/wp-json\/wp\/v2\/media\/235506"}],"wp:attachment":[{"href":"https:\/\/www.correiobraziliense.com.br\/cbradar\/wp-json\/wp\/v2\/media?parent=235301"}],"wp:term":[{"taxonomy":"category","embeddable":true,"href":"https:\/\/www.correiobraziliense.com.br\/cbradar\/wp-json\/wp\/v2\/categories?post=235301"},{"taxonomy":"post_tag","embeddable":true,"href":"https:\/\/www.correiobraziliense.com.br\/cbradar\/wp-json\/wp\/v2\/tags?post=235301"}],"curies":[{"name":"wp","href":"https:\/\/api.w.org\/{rel}","templated":true}]}}