{"id":235309,"date":"2026-05-01T16:09:00","date_gmt":"2026-05-01T19:09:00","guid":{"rendered":"https:\/\/www.correiobraziliense.com.br\/cbradar\/?p=235309"},"modified":"2026-05-01T11:18:44","modified_gmt":"2026-05-01T14:18:44","slug":"nomes-de-meninas-inspirados-em-plantas-delicadas-que-transbordam-a-criatividade","status":"publish","type":"post","link":"https:\/\/www.correiobraziliense.com.br\/cbradar\/nomes-de-meninas-inspirados-em-plantas-delicadas-que-transbordam-a-criatividade\/","title":{"rendered":"Nomes de meninas inspirados em plantas delicadas que transbordam a criatividade"},"content":{"rendered":"\n<p>H\u00e1 mais de 390 mil esp\u00e9cies bot\u00e2nicas catalogadas na natureza que rendem lindos <strong>nomes de meninas<\/strong> hoje. Batizar a sua filha homenageando as plantas delicadas imprime uma identidade po\u00e9tica rara, ligando toda a hist\u00f3ria dela \u00e0 for\u00e7a silenciosa e sempre adapt\u00e1vel da nossa flora silvestre.<\/p>\n\n\n\n<h2 class=\"wp-block-heading\">Por que a flora silvestre oferece as melhores op\u00e7\u00f5es de batismo?<\/h2>\n\n\n\n<p>Buscar boas refer\u00eancias textuais na natureza org\u00e2nica afasta os novos pais das exaustivas listas saturadas das enormes maternidades urbanas atuais. Raras flores silvestres carregam intensas hist\u00f3rias de pura resist\u00eancia f\u00edsica e beleza sutil que moldam positivamente a brilhante personalidade sonora da crian\u00e7a rec\u00e9m-nascida.<\/p>\n\n\n\n<p>Usar a terminologia biol\u00f3gica exata para homenagear a rica terra transforma o frio documento de identidade em uma verdadeira poesia verbal di\u00e1ria.<\/p>\n\n\n<div class=\"wp-block-image\">\n<figure class=\"aligncenter size-full\"><img decoding=\"async\" width=\"1280\" height=\"720\" src=\"https:\/\/www.correiobraziliense.com.br\/cbradar\/wp-content\/uploads\/2026\/05\/IMAGEM_720p_1777605396913.jpg\" alt=\"O retorno dos nomes femininos florais dos anos 90\" class=\"wp-image-235149\" srcset=\"https:\/\/www.correiobraziliense.com.br\/cbradar\/wp-content\/uploads\/2026\/05\/IMAGEM_720p_1777605396913.jpg 1280w, https:\/\/www.correiobraziliense.com.br\/cbradar\/wp-content\/uploads\/2026\/05\/IMAGEM_720p_1777605396913-300x169.jpg 300w, https:\/\/www.correiobraziliense.com.br\/cbradar\/wp-content\/uploads\/2026\/05\/IMAGEM_720p_1777605396913-768x432.jpg 768w, https:\/\/www.correiobraziliense.com.br\/cbradar\/wp-content\/uploads\/2026\/05\/IMAGEM_720p_1777605396913-750x422.jpg 750w, https:\/\/www.correiobraziliense.com.br\/cbradar\/wp-content\/uploads\/2026\/05\/IMAGEM_720p_1777605396913-1140x641.jpg 1140w\" sizes=\"(max-width: 1280px) 100vw, 1280px\" \/><figcaption class=\"wp-element-caption\">Op\u00e7\u00f5es criativas e o significado bot\u00e2nico de nomes femininos<\/figcaption><\/figure><\/div>\n\n\n<h2 class=\"wp-block-heading\">Quais s\u00e3o as op\u00e7\u00f5es curtas com sonoridade doce e moderna?<\/h2>\n\n\n\n<p>As curtas nomenclaturas facilitam absurdamente a alfabetiza\u00e7\u00e3o infantil precoce e evitam terr\u00edveis apelidos indesejados no barulhento p\u00e1tio da escola prim\u00e1ria. Finas ra\u00edzes bot\u00e2nicas pequenas entregam uma admir\u00e1vel pron\u00fancia internacional bastante sofisticada para a nossa nova gera\u00e7\u00e3o altamente globalizada.<\/p>\n\n\n\n<p>Muitas folhagens coloridas possuem nomenclaturas extremamente mel\u00f3dicas e muito f\u00e1ceis de soletrar.<\/p>\n\n\n\n<p>Analise atenciosamente as op\u00e7\u00f5es curtas mais elogiadas nos cart\u00f3rios recentemente:<\/p>\n\n\n\n<ul class=\"wp-block-list\">\n<li><strong>L\u00edrio<\/strong>: uma cl\u00e1ssica flor branca que sempre aparece fortemente associada \u00e0 pura harmonia org\u00e2nica.<\/li>\n\n\n\n<li><strong>Lis<\/strong>: uma graciosa varia\u00e7\u00e3o minimalista que tradicionalmente significa uma grande deusa doce e perfeitamente serena.<\/li>\n\n\n\n<li><strong>Flora<\/strong>: o robusto termo direto que abra\u00e7a gentilmente toda a abundante vida vegetal terrestre.<\/li>\n\n\n\n<li><strong>\u00cdris<\/strong>: uma ador\u00e1vel planta multicolorida repleta de p\u00e9talas muito bem desenhadas pela nossa s\u00e1bia natureza.<\/li>\n<\/ul>\n\n\n\n<h2 class=\"wp-block-heading\">Como os termos de origem ind\u00edgena valorizam a nossa terra?<\/h2>\n\n\n\n<p>Resgatar brilhantemente o antigo idioma dos bravos povos origin\u00e1rios sempre honra as verdadeiras e esquecidas ra\u00edzes hist\u00f3ricas sul-americanas. As densas matas nativas brasileiras guardam dezenas de bel\u00edssimas nomenclaturas femininas repletas de significados absolutamente profundos, bastante espirituais e muito guerreiros.<\/p>\n\n\n\n<p>Batizar uma jovem beb\u00ea com o sonoro nome <strong>Iracema<\/strong> invoca imediatamente a grande magia dos l\u00e1bios de mel frequentemente citados na famosa literatura. Outra indom\u00e1vel op\u00e7\u00e3o tupi \u00e9 a m\u00edstica <strong><a href=\"https:\/\/pt.wikipedia.org\/wiki\/Mimosa_tenuiflora\" target=\"_blank\" rel=\"noreferrer noopener\">Jurema<\/a><\/strong>, que traduz com perfei\u00e7\u00e3o a ex\u00f3tica \u00e1rvore de \u00e1reas secas.<\/p>\n\n\n\n<p>Leia tamb\u00e9m: <a href=\"https:\/\/www.correiobraziliense.com.br\/cbradar\/a-palavra-que-muita-gente-evita-usar-em-redacao-formal-mas-esta-correta-segundo-o-vocabulario-ortografico-da-lingua-portuguesa\/\" target=\"_blank\" rel=\"noreferrer noopener\">A palavra que muita gente evita usar em reda\u00e7\u00e3o formal, mas est\u00e1 correta segundo o Vocabul\u00e1rio Ortogr\u00e1fico da L\u00edngua Portuguesa<\/a><\/p>\n\n\n\n<h3 class=\"wp-block-heading\">A for\u00e7a por tr\u00e1s da popularidade da flor de l\u00f3tus<\/h3>\n\n\n\n<p>A fabulosa planta aqu\u00e1tica que brota totalmente intacta da lama densa simboliza firmemente a mais alta pureza m\u00e1xima do esp\u00edrito humano. Chamar a sua amada herdeira de <strong>L\u00f3tus<\/strong> imprime uma forte aura de imensa resili\u00eancia e constante renova\u00e7\u00e3o energ\u00e9tica di\u00e1ria.<\/p>\n\n\n\n<p>Essa ex\u00f3tica nomenclatura oriental conquista muito e merecido espa\u00e7o nos novos e luxuosos registros ocidentais modernos. \u00c9 uma excelente escolha curta e inteligente que transcende a bot\u00e2nica comum para abra\u00e7ar de vez uma rica bagagem filos\u00f3fica milenar extremamente positiva.<\/p>\n\n\n\n<h2 class=\"wp-block-heading\">Quais flores arom\u00e1ticas geram nomenclaturas elegantes?<\/h2>\n\n\n\n<p>O valioso perfume naturalmente exalado pelas delicadas p\u00e9talas tamb\u00e9m pauta excelentes escolhas muito sofisticadas para o registro civil definitivo. Ess\u00eancias raras altamente extra\u00eddas para a cara alta perfumaria mundial batizam \u00f3timas mulheres fortes que deixam marcas inesquec\u00edveis nos ambientes fechados.<\/p>\n\n\n\n<p>A sempre suave e branca flor de <strong>Jasmim<\/strong> entrega rapidamente um ar muito cl\u00e1ssico e bastante rom\u00e2ntico para qualquer jovem menina sonhadora. J\u00e1 a fina variante <strong>Ac\u00e1cia<\/strong> homenageia habilmente a resistente \u00e1rvore de longos cachos dourados que sobrevive bem em solos muito castigados.<\/p>\n\n\n<div class=\"wp-block-image\">\n<figure class=\"aligncenter size-full\"><img decoding=\"async\" width=\"1280\" height=\"720\" src=\"https:\/\/www.correiobraziliense.com.br\/cbradar\/wp-content\/uploads\/2026\/05\/IMAGEM_720p_1777605274053.jpg\" alt=\"O retorno dos nomes femininos florais dos anos 90\" class=\"wp-image-235147\" srcset=\"https:\/\/www.correiobraziliense.com.br\/cbradar\/wp-content\/uploads\/2026\/05\/IMAGEM_720p_1777605274053.jpg 1280w, https:\/\/www.correiobraziliense.com.br\/cbradar\/wp-content\/uploads\/2026\/05\/IMAGEM_720p_1777605274053-300x169.jpg 300w, https:\/\/www.correiobraziliense.com.br\/cbradar\/wp-content\/uploads\/2026\/05\/IMAGEM_720p_1777605274053-768x432.jpg 768w, https:\/\/www.correiobraziliense.com.br\/cbradar\/wp-content\/uploads\/2026\/05\/IMAGEM_720p_1777605274053-750x422.jpg 750w, https:\/\/www.correiobraziliense.com.br\/cbradar\/wp-content\/uploads\/2026\/05\/IMAGEM_720p_1777605274053-1140x641.jpg 1140w\" sizes=\"(max-width: 1280px) 100vw, 1280px\" \/><figcaption class=\"wp-element-caption\">Op\u00e7\u00f5es criativas e o significado bot\u00e2nico de nomes femininos<\/figcaption><\/figure><\/div>\n\n\n<h2 class=\"wp-block-heading\">Quais \u00e1rvores frut\u00edferas inspiram registros cheios de do\u00e7ura?<\/h2>\n\n\n\n<p>A rica temporada oficial de colheita primaveril tamb\u00e9m fornece fabulosas op\u00e7\u00f5es bastante originais para o nome principal de uma filha t\u00e3o aguardada. Sementes cheias de vida pulsante e doces polpas nutritivas representam a farta generosidade org\u00e2nica da nossa m\u00e3e terra.<\/p>\n\n\n\n<p>O belo nome <strong>Amora<\/strong> desponta rapidamente como uma doce e forte tend\u00eancia moderna entre os jovens casais sonhadores. A cl\u00e1ssica variante <strong>Melissa<\/strong> carrega um suave significado silvestre ligado \u00e0s ativas abelhas, garantindo uma ador\u00e1vel identidade sonora perfeita para crian\u00e7as simp\u00e1ticas.<\/p>\n\n\n\n<h2 class=\"wp-block-heading\">Como escolher a identidade floral ideal para a sua beb\u00ea?<\/h2>\n\n\n\n<p>Pronuncie pausadamente todas as criativas op\u00e7\u00f5es verdes em voz alta junto com os antigos sobrenomes da extensa fam\u00edlia paterna e materna. A perfeita jun\u00e7\u00e3o fon\u00e9tica oficial precisa fluir muito naturalmente nas bocas, sem causar absolutamente nenhum inc\u00f4modo bloqueio durante a r\u00e1pida fala rotineira.<\/p>\n\n\n\n<p>Pesquise profundamente o exigente habitat original e o longo ciclo de vida real da admirada esp\u00e9cie bot\u00e2nica escolhida a dedo. Entregar um formid\u00e1vel nome totalmente ecol\u00f3gico para a amada nova integrante da casa \u00e9 o genu\u00edno primeiro ato formal de pura conex\u00e3o com a vida.<\/p>\n","protected":false},"excerpt":{"rendered":"<p>H\u00e1 mais de 390 mil esp\u00e9cies bot\u00e2nicas catalogadas na natureza que rendem lindos nomes de meninas hoje. Batizar a sua filha homenageando as plantas delicadas imprime uma identidade po\u00e9tica rara, ligando toda a hist\u00f3ria dela \u00e0 for\u00e7a silenciosa e sempre adapt\u00e1vel da nossa flora silvestre. Por que a flora silvestre oferece as melhores op\u00e7\u00f5es de [&hellip;]<\/p>\n","protected":false},"author":11,"featured_media":228294,"comment_status":"open","ping_status":"open","sticky":false,"template":"","format":"standard","meta":{"_yoast_wpseo_focuskw":"nomes de meninas","_yoast_wpseo_title":"","_yoast_wpseo_metadesc":"A escolha do batismo marca a identidade da crian\u00e7a para sempre. Avalie op\u00e7\u00f5es florais originais que fogem do comum para registrar a sua filha.","jnews-multi-image_gallery":[],"jnews_single_post":{"format":"standard"},"jnews_primary_category":[],"jnews_social_meta":[],"jnews_override_counter":[],"footnotes":""},"categories":[108],"tags":[18354,2614,5704,5202],"class_list":["post-235309","post","type-post","status-publish","format-standard","has-post-thumbnail","hentry","category-cidades","tag-botanica","tag-criatividade","tag-maternidade","tag-nomes"],"yoast_head":"<!-- This site is optimized with the Yoast SEO plugin v24.6 - https:\/\/yoast.com\/wordpress\/plugins\/seo\/ -->\n<title>Nomes de meninas inspirados em plantas delicadas que transbordam a criatividade - Correio Braziliense - Radar<\/title>\n<meta name=\"description\" content=\"A escolha do batismo marca a identidade da crian\u00e7a para sempre. Avalie op\u00e7\u00f5es florais originais que fogem do comum para registrar a sua filha.\" \/>\n<meta name=\"robots\" content=\"index, follow, max-snippet:-1, max-image-preview:large, max-video-preview:-1\" \/>\n<link rel=\"canonical\" href=\"https:\/\/www.correiobraziliense.com.br\/cbradar\/nomes-de-meninas-inspirados-em-plantas-delicadas-que-transbordam-a-criatividade\/\" \/>\n<meta property=\"og:locale\" content=\"pt_BR\" \/>\n<meta property=\"og:type\" content=\"article\" \/>\n<meta property=\"og:title\" content=\"Nomes de meninas inspirados em plantas delicadas que transbordam a criatividade - Correio Braziliense - Radar\" \/>\n<meta property=\"og:description\" content=\"A escolha do batismo marca a identidade da crian\u00e7a para sempre. Avalie op\u00e7\u00f5es florais originais que fogem do comum para registrar a sua filha.\" \/>\n<meta property=\"og:url\" content=\"https:\/\/www.correiobraziliense.com.br\/cbradar\/nomes-de-meninas-inspirados-em-plantas-delicadas-que-transbordam-a-criatividade\/\" \/>\n<meta property=\"og:site_name\" content=\"Correio Braziliense - Radar\" \/>\n<meta property=\"article:published_time\" content=\"2026-05-01T19:09:00+00:00\" \/>\n<meta property=\"og:image\" content=\"https:\/\/www.correiobraziliense.com.br\/cbradar\/wp-content\/uploads\/2026\/04\/IMAGEM_720p_1776595961908.jpg\" \/>\n\t<meta property=\"og:image:width\" content=\"1280\" \/>\n\t<meta property=\"og:image:height\" content=\"720\" \/>\n\t<meta property=\"og:image:type\" content=\"image\/jpeg\" \/>\n<meta name=\"author\" content=\"Paulo Custodio\" \/>\n<meta name=\"twitter:card\" content=\"summary_large_image\" \/>\n<meta name=\"twitter:label1\" content=\"Escrito por\" \/>\n\t<meta name=\"twitter:data1\" content=\"Paulo Custodio\" \/>\n\t<meta name=\"twitter:label2\" content=\"Est. tempo de leitura\" \/>\n\t<meta name=\"twitter:data2\" content=\"5 minutos\" \/>\n<!-- \/ Yoast SEO plugin. -->","yoast_head_json":{"title":"Nomes de meninas inspirados em plantas delicadas que transbordam a criatividade - Correio Braziliense - Radar","description":"A escolha do batismo marca a identidade da crian\u00e7a para sempre. Avalie op\u00e7\u00f5es florais originais que fogem do comum para registrar a sua filha.","robots":{"index":"index","follow":"follow","max-snippet":"max-snippet:-1","max-image-preview":"max-image-preview:large","max-video-preview":"max-video-preview:-1"},"canonical":"https:\/\/www.correiobraziliense.com.br\/cbradar\/nomes-de-meninas-inspirados-em-plantas-delicadas-que-transbordam-a-criatividade\/","og_locale":"pt_BR","og_type":"article","og_title":"Nomes de meninas inspirados em plantas delicadas que transbordam a criatividade - Correio Braziliense - Radar","og_description":"A escolha do batismo marca a identidade da crian\u00e7a para sempre. Avalie op\u00e7\u00f5es florais originais que fogem do comum para registrar a sua filha.","og_url":"https:\/\/www.correiobraziliense.com.br\/cbradar\/nomes-de-meninas-inspirados-em-plantas-delicadas-que-transbordam-a-criatividade\/","og_site_name":"Correio Braziliense - Radar","article_published_time":"2026-05-01T19:09:00+00:00","og_image":[{"width":1280,"height":720,"url":"https:\/\/www.correiobraziliense.com.br\/cbradar\/wp-content\/uploads\/2026\/04\/IMAGEM_720p_1776595961908.jpg","type":"image\/jpeg"}],"author":"Paulo Custodio","twitter_card":"summary_large_image","twitter_misc":{"Escrito por":"Paulo Custodio","Est. tempo de leitura":"5 minutos"},"schema":{"@context":"https:\/\/schema.org","@graph":[{"@type":"WebPage","@id":"https:\/\/www.correiobraziliense.com.br\/cbradar\/nomes-de-meninas-inspirados-em-plantas-delicadas-que-transbordam-a-criatividade\/","url":"https:\/\/www.correiobraziliense.com.br\/cbradar\/nomes-de-meninas-inspirados-em-plantas-delicadas-que-transbordam-a-criatividade\/","name":"Nomes de meninas inspirados em plantas delicadas que transbordam a criatividade - Correio Braziliense - Radar","isPartOf":{"@id":"https:\/\/www.correiobraziliense.com.br\/cbradar\/#website"},"primaryImageOfPage":{"@id":"https:\/\/www.correiobraziliense.com.br\/cbradar\/nomes-de-meninas-inspirados-em-plantas-delicadas-que-transbordam-a-criatividade\/#primaryimage"},"image":{"@id":"https:\/\/www.correiobraziliense.com.br\/cbradar\/nomes-de-meninas-inspirados-em-plantas-delicadas-que-transbordam-a-criatividade\/#primaryimage"},"thumbnailUrl":"https:\/\/www.correiobraziliense.com.br\/cbradar\/wp-content\/uploads\/2026\/04\/IMAGEM_720p_1776595961908.jpg","datePublished":"2026-05-01T19:09:00+00:00","author":{"@id":"https:\/\/www.correiobraziliense.com.br\/cbradar\/#\/schema\/person\/4cec7857301a9a1a2ef249893cd908d3"},"description":"A escolha do batismo marca a identidade da crian\u00e7a para sempre. Avalie op\u00e7\u00f5es florais originais que fogem do comum para registrar a sua filha.","breadcrumb":{"@id":"https:\/\/www.correiobraziliense.com.br\/cbradar\/nomes-de-meninas-inspirados-em-plantas-delicadas-que-transbordam-a-criatividade\/#breadcrumb"},"inLanguage":"pt-BR","potentialAction":[{"@type":"ReadAction","target":["https:\/\/www.correiobraziliense.com.br\/cbradar\/nomes-de-meninas-inspirados-em-plantas-delicadas-que-transbordam-a-criatividade\/"]}]},{"@type":"ImageObject","inLanguage":"pt-BR","@id":"https:\/\/www.correiobraziliense.com.br\/cbradar\/nomes-de-meninas-inspirados-em-plantas-delicadas-que-transbordam-a-criatividade\/#primaryimage","url":"https:\/\/www.correiobraziliense.com.br\/cbradar\/wp-content\/uploads\/2026\/04\/IMAGEM_720p_1776595961908.jpg","contentUrl":"https:\/\/www.correiobraziliense.com.br\/cbradar\/wp-content\/uploads\/2026\/04\/IMAGEM_720p_1776595961908.jpg","width":1280,"height":720,"caption":"Nomes de meninas inspirados em plantas delicadas"},{"@type":"BreadcrumbList","@id":"https:\/\/www.correiobraziliense.com.br\/cbradar\/nomes-de-meninas-inspirados-em-plantas-delicadas-que-transbordam-a-criatividade\/#breadcrumb","itemListElement":[{"@type":"ListItem","position":1,"name":"In\u00edcio","item":"https:\/\/www.correiobraziliense.com.br\/cbradar\/"},{"@type":"ListItem","position":2,"name":"Nomes de meninas inspirados em plantas delicadas que transbordam a criatividade"}]},{"@type":"WebSite","@id":"https:\/\/www.correiobraziliense.com.br\/cbradar\/#website","url":"https:\/\/www.correiobraziliense.com.br\/cbradar\/","name":"Correio Braziliense - Radar","description":"Acompanhe as \u00faltimas not\u00edcias e fique bem informado sobre tudo o que acontece no Brasil e no mundo.","potentialAction":[{"@type":"SearchAction","target":{"@type":"EntryPoint","urlTemplate":"https:\/\/www.correiobraziliense.com.br\/cbradar\/?s={search_term_string}"},"query-input":{"@type":"PropertyValueSpecification","valueRequired":true,"valueName":"search_term_string"}}],"inLanguage":"pt-BR"},{"@type":"Person","@id":"https:\/\/www.correiobraziliense.com.br\/cbradar\/#\/schema\/person\/4cec7857301a9a1a2ef249893cd908d3","name":"Paulo Custodio","image":{"@type":"ImageObject","inLanguage":"pt-BR","@id":"https:\/\/www.correiobraziliense.com.br\/cbradar\/#\/schema\/person\/image\/","url":"https:\/\/secure.gravatar.com\/avatar\/bcd67168d1534e8fcf4f45c726a87cea?s=96&d=mm&r=g","contentUrl":"https:\/\/secure.gravatar.com\/avatar\/bcd67168d1534e8fcf4f45c726a87cea?s=96&d=mm&r=g","caption":"Paulo Custodio"},"sameAs":["https:\/\/www.correiobraziliense.com.br\/cbradar"],"url":"https:\/\/www.correiobraziliense.com.br\/cbradar\/author\/paulomyth\/"}]}},"_links":{"self":[{"href":"https:\/\/www.correiobraziliense.com.br\/cbradar\/wp-json\/wp\/v2\/posts\/235309","targetHints":{"allow":["GET"]}}],"collection":[{"href":"https:\/\/www.correiobraziliense.com.br\/cbradar\/wp-json\/wp\/v2\/posts"}],"about":[{"href":"https:\/\/www.correiobraziliense.com.br\/cbradar\/wp-json\/wp\/v2\/types\/post"}],"author":[{"embeddable":true,"href":"https:\/\/www.correiobraziliense.com.br\/cbradar\/wp-json\/wp\/v2\/users\/11"}],"replies":[{"embeddable":true,"href":"https:\/\/www.correiobraziliense.com.br\/cbradar\/wp-json\/wp\/v2\/comments?post=235309"}],"version-history":[{"count":4,"href":"https:\/\/www.correiobraziliense.com.br\/cbradar\/wp-json\/wp\/v2\/posts\/235309\/revisions"}],"predecessor-version":[{"id":235331,"href":"https:\/\/www.correiobraziliense.com.br\/cbradar\/wp-json\/wp\/v2\/posts\/235309\/revisions\/235331"}],"wp:featuredmedia":[{"embeddable":true,"href":"https:\/\/www.correiobraziliense.com.br\/cbradar\/wp-json\/wp\/v2\/media\/228294"}],"wp:attachment":[{"href":"https:\/\/www.correiobraziliense.com.br\/cbradar\/wp-json\/wp\/v2\/media?parent=235309"}],"wp:term":[{"taxonomy":"category","embeddable":true,"href":"https:\/\/www.correiobraziliense.com.br\/cbradar\/wp-json\/wp\/v2\/categories?post=235309"},{"taxonomy":"post_tag","embeddable":true,"href":"https:\/\/www.correiobraziliense.com.br\/cbradar\/wp-json\/wp\/v2\/tags?post=235309"}],"curies":[{"name":"wp","href":"https:\/\/api.w.org\/{rel}","templated":true}]}}