{"id":235324,"date":"2026-05-02T03:00:00","date_gmt":"2026-05-02T06:00:00","guid":{"rendered":"https:\/\/www.correiobraziliense.com.br\/cbradar\/?p=235324"},"modified":"2026-05-01T11:48:44","modified_gmt":"2026-05-01T14:48:44","slug":"citacao-do-dia-do-escritor-frances-antoine-de-saint-exupery-tu-te-tornas-eternamente-responsavel-por-aquilo-que-cativas","status":"publish","type":"post","link":"https:\/\/www.correiobraziliense.com.br\/cbradar\/citacao-do-dia-do-escritor-frances-antoine-de-saint-exupery-tu-te-tornas-eternamente-responsavel-por-aquilo-que-cativas\/","title":{"rendered":"Cita\u00e7\u00e3o do dia do escritor franc\u00eas Antoine de Saint-Exup\u00e9ry: \u201cTu te tornas eternamente respons\u00e1vel por aquilo que cativas\u201d"},"content":{"rendered":"\n<p>A famosa frase de <strong>Antoine de Saint-Exup\u00e9ry<\/strong> ressoa profundamente em nossas rela\u00e7\u00f5es modernas, destacando a import\u00e2ncia da responsabilidade afetiva no cotidiano. Compreender o peso das nossas conex\u00f5es \u00e9 essencial para construir la\u00e7os duradouros e significativos com as pessoas ao nosso redor. Zelar pelo que cativamos evita m\u00e1goas e fortalece o car\u00e1ter humano.<\/p>\n\n\n\n<h2 class=\"wp-block-heading\">Como essa filosofia impacta a responsabilidade afetiva atual?<\/h2>\n\n\n\n<p>No contexto contempor\u00e2neo, a ideia de ser respons\u00e1vel pelo que cativamos sugere que nossas intera\u00e7\u00f5es digitais e f\u00edsicas carregam consequ\u00eancias emocionais reais para os outros. Ignorar o impacto de nossas palavras e a\u00e7\u00f5es pode gerar feridas profundas em quem confiou em nossa presen\u00e7a. Praticar a <strong>responsabilidade afetiva<\/strong> \u00e9 um ato de coragem necess\u00e1rio para manter sociedades mais saud\u00e1veis.<\/p>\n\n\n\n<p>Assumir esse compromisso exige maturidade para lidar com as expectativas alheias de maneira \u00e9tica e transparente durante toda a conviv\u00eancia. Muitas pessoas fogem da profundidade emocional por medo da carga que os relacionamentos s\u00e9rios imp\u00f5em sobre a liberdade individual. No entanto, o crescimento pessoal genu\u00edno ocorre quando aprendemos a honrar os sentimentos que despertamos deliberadamente no pr\u00f3ximo.<\/p>\n\n\n\n<figure class=\"wp-block-image size-full\"><img decoding=\"async\" width=\"1280\" height=\"720\" src=\"https:\/\/www.correiobraziliense.com.br\/cbradar\/wp-content\/uploads\/2026\/05\/Gemini_Generated_Image_ehqkxcehqkxcehqk-1-1.png\" alt=\"Cita\u00e7\u00e3o do dia do escritor franc\u00eas Antoine de Saint-Exup\u00e9ry: \u201cTu te tornas eternamente respons\u00e1vel por aquilo que cativas\u201d\" class=\"wp-image-235437\" srcset=\"https:\/\/www.correiobraziliense.com.br\/cbradar\/wp-content\/uploads\/2026\/05\/Gemini_Generated_Image_ehqkxcehqkxcehqk-1-1.png 1280w, https:\/\/www.correiobraziliense.com.br\/cbradar\/wp-content\/uploads\/2026\/05\/Gemini_Generated_Image_ehqkxcehqkxcehqk-1-1-300x169.png 300w, https:\/\/www.correiobraziliense.com.br\/cbradar\/wp-content\/uploads\/2026\/05\/Gemini_Generated_Image_ehqkxcehqkxcehqk-1-1-768x432.png 768w, https:\/\/www.correiobraziliense.com.br\/cbradar\/wp-content\/uploads\/2026\/05\/Gemini_Generated_Image_ehqkxcehqkxcehqk-1-1-750x422.png 750w, https:\/\/www.correiobraziliense.com.br\/cbradar\/wp-content\/uploads\/2026\/05\/Gemini_Generated_Image_ehqkxcehqkxcehqk-1-1-1140x641.png 1140w\" sizes=\"(max-width: 1280px) 100vw, 1280px\" \/><figcaption class=\"wp-element-caption\">Responsabilidade afetiva fortalece v\u00ednculos e promove rela\u00e7\u00f5es mais saud\u00e1veis<\/figcaption><\/figure>\n\n\n\n<h2 class=\"wp-block-heading\">Qual a import\u00e2ncia do cuidado nas rela\u00e7\u00f5es profissionais?<\/h2>\n\n\n\n<p>Levar os ensinamentos de <strong>Antoine de Saint-Exup\u00e9ry<\/strong> para o ambiente corporativo melhora significativamente o clima organizacional e a produtividade da equipe. L\u00edderes que cativam seus colaboradores atrav\u00e9s da empatia devem ser respons\u00e1veis por manter um ambiente seguro e motivador constantemente. A confian\u00e7a m\u00fatua \u00e9 um patrim\u00f4nio valioso que exige manuten\u00e7\u00e3o di\u00e1ria para n\u00e3o se desgastar rapidamente.<\/p>\n\n\n\n<p>Quando um gestor conquista a admira\u00e7\u00e3o de seus subordinados, ele assume o dever \u00e9tico de guiar essas carreiras com justi\u00e7a e respeito. Falhar nessa miss\u00e3o pode desmoronar a estrutura psicol\u00f3gica de um profissional dedicado que investiu sua lealdade naquela rela\u00e7\u00e3o laboral. O sucesso de qualquer empresa moderna depende diretamente da qualidade dos v\u00ednculos humanos estabelecidos entre os s\u00f3cios.<\/p>\n\n\n\n<h2 class=\"wp-block-heading\">Como aplicar o conceito de cativar no dia a dia?<\/h2>\n\n\n\n<p>Praticar a arte de cativar envolve ouvir atentamente e demonstrar interesse real pelas necessidades e sonhos das pessoas que cruzam nosso caminho. Ser presente de forma aut\u00eantica transforma intera\u00e7\u00f5es banais em momentos de conex\u00e3o profunda e enriquecedora para ambas as partes envolvidas. <\/p>\n\n\n\n<p>Pequenos gestos de gentileza di\u00e1ria s\u00e3o as sementes que cultivam amizades verdadeiras e la\u00e7os familiares inquebr\u00e1veis:<\/p>\n\n\n\n<ul class=\"wp-block-list\">\n<li>Manter a honestidade constante.<\/li>\n\n\n\n<li>Demonstrar gratid\u00e3o por gestos simples.<\/li>\n\n\n\n<li>Respeitar os limites do outro.<\/li>\n\n\n\n<li>Cumprir promessas feitas verbalmente.<\/li>\n\n\n\n<li>Oferecer suporte em momentos dif\u00edceis.<\/li>\n<\/ul>\n\n\n\n<h2 class=\"wp-block-heading\">Por que a liberdade individual depende da responsabilidade m\u00fatua?<\/h2>\n\n\n\n<p>A verdadeira liberdade n\u00e3o significa aus\u00eancia de v\u00ednculos, mas sim a capacidade de escolher quais responsabilidades desejamos abra\u00e7ar em nossa vida. Ao cativarmos algu\u00e9m, limitamos voluntariamente nossa autonomia em prol de um bem maior compartilhado entre dois indiv\u00edduos pensantes. Esse paradoxo fortalece a dignidade humana ao transformar o compromisso em uma ferramenta de evolu\u00e7\u00e3o moral e social coletiva.<\/p>\n\n\n\n<p>Fugir das obriga\u00e7\u00f5es emocionais resulta em um vazio existencial que impede a constru\u00e7\u00e3o de uma identidade s\u00f3lida e respeitada pela comunidade. O isolamento total pode parecer atraente, mas \u00e9 na troca com o outro que descobrimos nossas melhores virtudes e defeitos latentes. Ser respons\u00e1vel por algu\u00e9m \u00e9 o que nos torna verdadeiramente humanos e integrados ao tecido da sociedade.<\/p>\n\n\n\n<p>Para enriquecer a compreens\u00e3o sobre literatura e sensibilidade humana, este v\u00eddeo do canal Paulo Rezzutti (603 mil inscritos) apresenta a trajet\u00f3ria de Antoine de Saint-Exup\u00e9ry, revelando nuances por tr\u00e1s de sua obra mais famosa.<\/p>\n\n\n\n<figure class=\"wp-block-embed is-type-video is-provider-youtube wp-block-embed-youtube wp-embed-aspect-16-9 wp-has-aspect-ratio\"><div class=\"wp-block-embed__wrapper\">\n<div class=\"jeg_video_container jeg_video_content\"><iframe loading=\"lazy\" title=\"Antoine de Saint-Exup\u00e9ry, o pai do Pequeno Pr\u00edncipe\" width=\"500\" height=\"281\" src=\"https:\/\/www.youtube.com\/embed\/2PoyYO86XxA?feature=oembed\" frameborder=\"0\" allow=\"accelerometer; autoplay; clipboard-write; encrypted-media; gyroscope; picture-in-picture; web-share\" referrerpolicy=\"strict-origin-when-cross-origin\" allowfullscreen><\/iframe><\/div>\n<\/div><\/figure>\n\n\n\n<p>Leia tamb\u00e9m: <a href=\"https:\/\/www.correiobraziliense.com.br\/cbradar\/aristoteles-dizia-que-a-paz-interior-nao-nasce-da-fuga-dos-problemas-mas-do-equilibrio-com-que-voce-enfrenta-cada-um-deles\/\" target=\"_blank\" rel=\"noreferrer noopener\">Arist\u00f3teles dizia que a paz interior n\u00e3o nasce da fuga dos problemas, mas do equil\u00edbrio com que voc\u00ea enfrenta cada um deles<\/a><\/p>\n\n\n\n<h2 class=\"wp-block-heading\">Quais s\u00e3o as li\u00e7\u00f5es liter\u00e1rias para o autoconhecimento profundo?<\/h2>\n\n\n\n<p>A obra de <strong>Antoine de Saint-Exup\u00e9ry<\/strong> convida cada leitor a olhar para dentro e avaliar a qualidade dos la\u00e7os que tem cultivado ultimamente. Refletir sobre quem cativamos ajuda a entender nossas pr\u00f3prias car\u00eancias e os valores que realmente priorizamos em nossa jornada terrestre. O autoconhecimento \u00e9 a base necess\u00e1ria para exercer a responsabilidade externa com equil\u00edbrio e sabedoria.<\/p>\n\n\n\n<p>Al\u00e9m da reflex\u00e3o pessoal, a literatura cl\u00e1ssica oferece ferramentas para compreendermos as nuances da alma humana em diferentes fases da vida adulta. O acervo da <strong>Biblioteca Nacional de Portugal<\/strong> disponibiliza recursos valiosos para quem deseja explorar temas de \u00e9tica e filosofia universal atrav\u00e9s de grandes autores mundiais. Acesse o portal oficial em <a href=\"https:\/\/www.bnportugal.gov.pt\" target=\"_blank\" rel=\"noreferrer noopener\">Biblioteca Nacional de Portugal<\/a>.<\/p>\n","protected":false},"excerpt":{"rendered":"<p>A famosa frase de Antoine de Saint-Exup\u00e9ry ressoa profundamente em nossas rela\u00e7\u00f5es modernas, destacando a import\u00e2ncia da responsabilidade afetiva no cotidiano. Compreender o peso das nossas conex\u00f5es \u00e9 essencial para construir la\u00e7os duradouros e significativos com as pessoas ao nosso redor. Zelar pelo que cativamos evita m\u00e1goas e fortalece o car\u00e1ter humano. Como essa filosofia [&hellip;]<\/p>\n","protected":false},"author":21,"featured_media":235435,"comment_status":"open","ping_status":"open","sticky":false,"template":"","format":"standard","meta":{"_yoast_wpseo_focuskw":"responsabilidade afetiva nas rela\u00e7\u00f5es","_yoast_wpseo_title":"","_yoast_wpseo_metadesc":"A frase de Antoine de Saint-Exup\u00e9ry revela um compromisso que poucos assumem nas rela\u00e7\u00f5es atuais. Existe um peso que muitos evitam encarar.","jnews-multi-image_gallery":[],"jnews_single_post":{"format":"standard"},"jnews_primary_category":[],"jnews_social_meta":[],"jnews_override_counter":[],"footnotes":""},"categories":[112],"tags":[18482,14352,5078,10394],"class_list":["post-235324","post","type-post","status-publish","format-standard","has-post-thumbnail","hentry","category-curiosidades","tag-antoine-de-saint-exupery","tag-citacao","tag-filosofia","tag-frase"],"yoast_head":"<!-- This site is optimized with the Yoast SEO plugin v24.6 - https:\/\/yoast.com\/wordpress\/plugins\/seo\/ -->\n<title>Cita\u00e7\u00e3o do dia do escritor franc\u00eas Antoine de Saint-Exup\u00e9ry: \u201cTu te tornas eternamente respons\u00e1vel por aquilo que cativas\u201d - Correio Braziliense - Radar<\/title>\n<meta name=\"description\" content=\"A frase de Antoine de Saint-Exup\u00e9ry revela um compromisso que poucos assumem nas rela\u00e7\u00f5es atuais. Existe um peso que muitos evitam encarar.\" \/>\n<meta name=\"robots\" content=\"index, follow, max-snippet:-1, max-image-preview:large, max-video-preview:-1\" \/>\n<link rel=\"canonical\" href=\"https:\/\/www.correiobraziliense.com.br\/cbradar\/citacao-do-dia-do-escritor-frances-antoine-de-saint-exupery-tu-te-tornas-eternamente-responsavel-por-aquilo-que-cativas\/\" \/>\n<meta property=\"og:locale\" content=\"pt_BR\" \/>\n<meta property=\"og:type\" content=\"article\" \/>\n<meta property=\"og:title\" content=\"Cita\u00e7\u00e3o do dia do escritor franc\u00eas Antoine de Saint-Exup\u00e9ry: \u201cTu te tornas eternamente respons\u00e1vel por aquilo que cativas\u201d - Correio Braziliense - Radar\" \/>\n<meta property=\"og:description\" content=\"A frase de Antoine de Saint-Exup\u00e9ry revela um compromisso que poucos assumem nas rela\u00e7\u00f5es atuais. Existe um peso que muitos evitam encarar.\" \/>\n<meta property=\"og:url\" content=\"https:\/\/www.correiobraziliense.com.br\/cbradar\/citacao-do-dia-do-escritor-frances-antoine-de-saint-exupery-tu-te-tornas-eternamente-responsavel-por-aquilo-que-cativas\/\" \/>\n<meta property=\"og:site_name\" content=\"Correio Braziliense - Radar\" \/>\n<meta property=\"article:published_time\" content=\"2026-05-02T06:00:00+00:00\" \/>\n<meta property=\"og:image\" content=\"https:\/\/www.correiobraziliense.com.br\/cbradar\/wp-content\/uploads\/2026\/05\/Gemini_Generated_Image_4bckmw4bckmw4bck-1-1.png\" \/>\n\t<meta property=\"og:image:width\" content=\"1280\" \/>\n\t<meta property=\"og:image:height\" content=\"720\" \/>\n\t<meta property=\"og:image:type\" content=\"image\/png\" \/>\n<meta name=\"author\" content=\"Patrick Silva\" \/>\n<meta name=\"twitter:card\" content=\"summary_large_image\" \/>\n<meta name=\"twitter:label1\" content=\"Escrito por\" \/>\n\t<meta name=\"twitter:data1\" content=\"Patrick Silva\" \/>\n\t<meta name=\"twitter:label2\" content=\"Est. tempo de leitura\" \/>\n\t<meta name=\"twitter:data2\" content=\"5 minutos\" \/>\n<!-- \/ Yoast SEO plugin. -->","yoast_head_json":{"title":"Cita\u00e7\u00e3o do dia do escritor franc\u00eas Antoine de Saint-Exup\u00e9ry: \u201cTu te tornas eternamente respons\u00e1vel por aquilo que cativas\u201d - Correio Braziliense - Radar","description":"A frase de Antoine de Saint-Exup\u00e9ry revela um compromisso que poucos assumem nas rela\u00e7\u00f5es atuais. Existe um peso que muitos evitam encarar.","robots":{"index":"index","follow":"follow","max-snippet":"max-snippet:-1","max-image-preview":"max-image-preview:large","max-video-preview":"max-video-preview:-1"},"canonical":"https:\/\/www.correiobraziliense.com.br\/cbradar\/citacao-do-dia-do-escritor-frances-antoine-de-saint-exupery-tu-te-tornas-eternamente-responsavel-por-aquilo-que-cativas\/","og_locale":"pt_BR","og_type":"article","og_title":"Cita\u00e7\u00e3o do dia do escritor franc\u00eas Antoine de Saint-Exup\u00e9ry: \u201cTu te tornas eternamente respons\u00e1vel por aquilo que cativas\u201d - Correio Braziliense - Radar","og_description":"A frase de Antoine de Saint-Exup\u00e9ry revela um compromisso que poucos assumem nas rela\u00e7\u00f5es atuais. Existe um peso que muitos evitam encarar.","og_url":"https:\/\/www.correiobraziliense.com.br\/cbradar\/citacao-do-dia-do-escritor-frances-antoine-de-saint-exupery-tu-te-tornas-eternamente-responsavel-por-aquilo-que-cativas\/","og_site_name":"Correio Braziliense - Radar","article_published_time":"2026-05-02T06:00:00+00:00","og_image":[{"width":1280,"height":720,"url":"https:\/\/www.correiobraziliense.com.br\/cbradar\/wp-content\/uploads\/2026\/05\/Gemini_Generated_Image_4bckmw4bckmw4bck-1-1.png","type":"image\/png"}],"author":"Patrick Silva","twitter_card":"summary_large_image","twitter_misc":{"Escrito por":"Patrick Silva","Est. tempo de leitura":"5 minutos"},"schema":{"@context":"https:\/\/schema.org","@graph":[{"@type":"WebPage","@id":"https:\/\/www.correiobraziliense.com.br\/cbradar\/citacao-do-dia-do-escritor-frances-antoine-de-saint-exupery-tu-te-tornas-eternamente-responsavel-por-aquilo-que-cativas\/","url":"https:\/\/www.correiobraziliense.com.br\/cbradar\/citacao-do-dia-do-escritor-frances-antoine-de-saint-exupery-tu-te-tornas-eternamente-responsavel-por-aquilo-que-cativas\/","name":"Cita\u00e7\u00e3o do dia do escritor franc\u00eas Antoine de Saint-Exup\u00e9ry: \u201cTu te tornas eternamente respons\u00e1vel por aquilo que cativas\u201d - Correio Braziliense - Radar","isPartOf":{"@id":"https:\/\/www.correiobraziliense.com.br\/cbradar\/#website"},"primaryImageOfPage":{"@id":"https:\/\/www.correiobraziliense.com.br\/cbradar\/citacao-do-dia-do-escritor-frances-antoine-de-saint-exupery-tu-te-tornas-eternamente-responsavel-por-aquilo-que-cativas\/#primaryimage"},"image":{"@id":"https:\/\/www.correiobraziliense.com.br\/cbradar\/citacao-do-dia-do-escritor-frances-antoine-de-saint-exupery-tu-te-tornas-eternamente-responsavel-por-aquilo-que-cativas\/#primaryimage"},"thumbnailUrl":"https:\/\/www.correiobraziliense.com.br\/cbradar\/wp-content\/uploads\/2026\/05\/Gemini_Generated_Image_4bckmw4bckmw4bck-1-1.png","datePublished":"2026-05-02T06:00:00+00:00","author":{"@id":"https:\/\/www.correiobraziliense.com.br\/cbradar\/#\/schema\/person\/5440b72be9c7eb74f446c846479dc4da"},"description":"A frase de Antoine de Saint-Exup\u00e9ry revela um compromisso que poucos assumem nas rela\u00e7\u00f5es atuais. Existe um peso que muitos evitam encarar.","breadcrumb":{"@id":"https:\/\/www.correiobraziliense.com.br\/cbradar\/citacao-do-dia-do-escritor-frances-antoine-de-saint-exupery-tu-te-tornas-eternamente-responsavel-por-aquilo-que-cativas\/#breadcrumb"},"inLanguage":"pt-BR","potentialAction":[{"@type":"ReadAction","target":["https:\/\/www.correiobraziliense.com.br\/cbradar\/citacao-do-dia-do-escritor-frances-antoine-de-saint-exupery-tu-te-tornas-eternamente-responsavel-por-aquilo-que-cativas\/"]}]},{"@type":"ImageObject","inLanguage":"pt-BR","@id":"https:\/\/www.correiobraziliense.com.br\/cbradar\/citacao-do-dia-do-escritor-frances-antoine-de-saint-exupery-tu-te-tornas-eternamente-responsavel-por-aquilo-que-cativas\/#primaryimage","url":"https:\/\/www.correiobraziliense.com.br\/cbradar\/wp-content\/uploads\/2026\/05\/Gemini_Generated_Image_4bckmw4bckmw4bck-1-1.png","contentUrl":"https:\/\/www.correiobraziliense.com.br\/cbradar\/wp-content\/uploads\/2026\/05\/Gemini_Generated_Image_4bckmw4bckmw4bck-1-1.png","width":1280,"height":720,"caption":"Responsabilidade afetiva fortalece v\u00ednculos e promove rela\u00e7\u00f5es mais saud\u00e1veis"},{"@type":"BreadcrumbList","@id":"https:\/\/www.correiobraziliense.com.br\/cbradar\/citacao-do-dia-do-escritor-frances-antoine-de-saint-exupery-tu-te-tornas-eternamente-responsavel-por-aquilo-que-cativas\/#breadcrumb","itemListElement":[{"@type":"ListItem","position":1,"name":"In\u00edcio","item":"https:\/\/www.correiobraziliense.com.br\/cbradar\/"},{"@type":"ListItem","position":2,"name":"Cita\u00e7\u00e3o do dia do escritor franc\u00eas Antoine de Saint-Exup\u00e9ry: \u201cTu te tornas eternamente respons\u00e1vel por aquilo que cativas\u201d"}]},{"@type":"WebSite","@id":"https:\/\/www.correiobraziliense.com.br\/cbradar\/#website","url":"https:\/\/www.correiobraziliense.com.br\/cbradar\/","name":"Correio Braziliense - Radar","description":"Acompanhe as \u00faltimas not\u00edcias e fique bem informado sobre tudo o que acontece no Brasil e no mundo.","potentialAction":[{"@type":"SearchAction","target":{"@type":"EntryPoint","urlTemplate":"https:\/\/www.correiobraziliense.com.br\/cbradar\/?s={search_term_string}"},"query-input":{"@type":"PropertyValueSpecification","valueRequired":true,"valueName":"search_term_string"}}],"inLanguage":"pt-BR"},{"@type":"Person","@id":"https:\/\/www.correiobraziliense.com.br\/cbradar\/#\/schema\/person\/5440b72be9c7eb74f446c846479dc4da","name":"Patrick Silva","image":{"@type":"ImageObject","inLanguage":"pt-BR","@id":"https:\/\/www.correiobraziliense.com.br\/cbradar\/#\/schema\/person\/image\/","url":"https:\/\/secure.gravatar.com\/avatar\/944109df296fc087785c9715fd5f80b2?s=96&d=mm&r=g","contentUrl":"https:\/\/secure.gravatar.com\/avatar\/944109df296fc087785c9715fd5f80b2?s=96&d=mm&r=g","caption":"Patrick Silva"},"sameAs":["https:\/\/www.correiobraziliense.com.br\/cbradar\/"],"url":"https:\/\/www.correiobraziliense.com.br\/cbradar\/author\/patrick-silva\/"}]}},"_links":{"self":[{"href":"https:\/\/www.correiobraziliense.com.br\/cbradar\/wp-json\/wp\/v2\/posts\/235324","targetHints":{"allow":["GET"]}}],"collection":[{"href":"https:\/\/www.correiobraziliense.com.br\/cbradar\/wp-json\/wp\/v2\/posts"}],"about":[{"href":"https:\/\/www.correiobraziliense.com.br\/cbradar\/wp-json\/wp\/v2\/types\/post"}],"author":[{"embeddable":true,"href":"https:\/\/www.correiobraziliense.com.br\/cbradar\/wp-json\/wp\/v2\/users\/21"}],"replies":[{"embeddable":true,"href":"https:\/\/www.correiobraziliense.com.br\/cbradar\/wp-json\/wp\/v2\/comments?post=235324"}],"version-history":[{"count":4,"href":"https:\/\/www.correiobraziliense.com.br\/cbradar\/wp-json\/wp\/v2\/posts\/235324\/revisions"}],"predecessor-version":[{"id":235444,"href":"https:\/\/www.correiobraziliense.com.br\/cbradar\/wp-json\/wp\/v2\/posts\/235324\/revisions\/235444"}],"wp:featuredmedia":[{"embeddable":true,"href":"https:\/\/www.correiobraziliense.com.br\/cbradar\/wp-json\/wp\/v2\/media\/235435"}],"wp:attachment":[{"href":"https:\/\/www.correiobraziliense.com.br\/cbradar\/wp-json\/wp\/v2\/media?parent=235324"}],"wp:term":[{"taxonomy":"category","embeddable":true,"href":"https:\/\/www.correiobraziliense.com.br\/cbradar\/wp-json\/wp\/v2\/categories?post=235324"},{"taxonomy":"post_tag","embeddable":true,"href":"https:\/\/www.correiobraziliense.com.br\/cbradar\/wp-json\/wp\/v2\/tags?post=235324"}],"curies":[{"name":"wp","href":"https:\/\/api.w.org\/{rel}","templated":true}]}}