{"id":235325,"date":"2026-05-02T02:30:00","date_gmt":"2026-05-02T05:30:00","guid":{"rendered":"https:\/\/www.correiobraziliense.com.br\/cbradar\/?p=235325"},"modified":"2026-05-01T12:50:08","modified_gmt":"2026-05-01T15:50:08","slug":"o-que-o-acai-faz-no-intestino-e-na-glicose","status":"publish","type":"post","link":"https:\/\/www.correiobraziliense.com.br\/cbradar\/o-que-o-acai-faz-no-intestino-e-na-glicose\/","title":{"rendered":"O que o a\u00e7a\u00ed faz no intestino e na glicose"},"content":{"rendered":"\n<p>O a\u00e7a\u00ed \u00e9 um superalimento brasileiro reconhecido mundialmente por sua densidade nutricional e potentes propriedades antioxidantes ben\u00e9ficas ao organismo. Integrar esse fruto na dieta di\u00e1ria melhora o tr\u00e2nsito intestinal e auxilia no controle glic\u00eamico de maneira eficiente. Entender como seus compostos bioativos interagem com o sistema digestivo \u00e9 fundamental para promover <strong>longevidade celular<\/strong>.<\/p>\n\n\n\n<h2 class=\"wp-block-heading\">Como as fibras do fruto auxiliam a digest\u00e3o?<\/h2>\n\n\n\n<p>A alta concentra\u00e7\u00e3o de fibras insol\u00faveis presentes na polpa do fruto estimula os movimentos perist\u00e1lticos, facilitando a passagem dos res\u00edduos pelo trato digestivo. Esse processo mec\u00e2nico previne a constipa\u00e7\u00e3o e garante que o corpo elimine toxinas de forma regular e saud\u00e1vel. Consumir a fruta regularmente \u00e9 uma escolha inteligente para manter o <strong>conforto abdominal<\/strong> e a leveza.<\/p>\n\n\n\n<p>Al\u00e9m do efeito mec\u00e2nico, as fibras atuam como prebi\u00f3ticos, alimentando as bact\u00e9rias ben\u00e9ficas que habitam a nossa microbiota intestinal profunda. Uma flora equilibrada fortalece o sistema imunol\u00f3gico e melhora a absor\u00e7\u00e3o de nutrientes vitais ingeridos em outras refei\u00e7\u00f5es. Priorizar o consumo da polpa pura potencializa esses efeitos protetores, garantindo que o seu <strong>sistema digest\u00f3rio<\/strong> funcione perfeitamente.<\/p>\n\n\n\n<figure class=\"wp-block-image size-full\"><img decoding=\"async\" width=\"1280\" height=\"720\" src=\"https:\/\/www.correiobraziliense.com.br\/cbradar\/wp-content\/uploads\/2026\/05\/Gemini_Generated_Image_fdtylcfdtylcfdty-1-1.png\" alt=\"O que o a\u00e7a\u00ed faz no intestino e na glicose\" class=\"wp-image-235572\" srcset=\"https:\/\/www.correiobraziliense.com.br\/cbradar\/wp-content\/uploads\/2026\/05\/Gemini_Generated_Image_fdtylcfdtylcfdty-1-1.png 1280w, https:\/\/www.correiobraziliense.com.br\/cbradar\/wp-content\/uploads\/2026\/05\/Gemini_Generated_Image_fdtylcfdtylcfdty-1-1-300x169.png 300w, https:\/\/www.correiobraziliense.com.br\/cbradar\/wp-content\/uploads\/2026\/05\/Gemini_Generated_Image_fdtylcfdtylcfdty-1-1-768x432.png 768w, https:\/\/www.correiobraziliense.com.br\/cbradar\/wp-content\/uploads\/2026\/05\/Gemini_Generated_Image_fdtylcfdtylcfdty-1-1-750x422.png 750w, https:\/\/www.correiobraziliense.com.br\/cbradar\/wp-content\/uploads\/2026\/05\/Gemini_Generated_Image_fdtylcfdtylcfdty-1-1-1140x641.png 1140w\" sizes=\"(max-width: 1280px) 100vw, 1280px\" \/><figcaption class=\"wp-element-caption\">A\u00e7a\u00ed melhora digest\u00e3o, energia e equil\u00edbrio metab\u00f3lico<\/figcaption><\/figure>\n\n\n\n<h2 class=\"wp-block-heading\">De que maneira as antocianinas influenciam o a\u00e7\u00facar sangu\u00edneo?<\/h2>\n\n\n\n<p>As antocianinas s\u00e3o pigmentos naturais respons\u00e1veis pela cor escura do fruto e possuem uma a\u00e7\u00e3o direta na sensibilidade \u00e0 insulina. Esses antioxidantes combatem o estresse oxidativo nas c\u00e9lulas pancre\u00e1ticas, melhorando a capacidade do organismo de processar a glicose dispon\u00edvel. Manter n\u00edveis est\u00e1veis de a\u00e7\u00facar no sangue \u00e9 essencial para evitar picos energ\u00e9ticos seguidos de fadiga extrema.<\/p>\n\n\n\n<p>O consumo estrat\u00e9gico dessa gordura boa aliada aos antioxidantes retarda a absor\u00e7\u00e3o de carboidratos simples presentes na dieta comum brasileira. Isso significa que o a\u00e7\u00facar entra na corrente sangu\u00ednea de forma gradual, protegendo o p\u00e2ncreas de sobrecargas perigosas. Integrar esse alimento na rotina alimentar \u00e9 uma forma natural de promover a <strong>estabilidade metab\u00f3lica<\/strong> sem recorrer a subst\u00e2ncias qu\u00edmicas.<\/p>\n\n\n\n<h2 class=\"wp-block-heading\">Quais s\u00e3o as vantagens reais para o metabolismo humano?<\/h2>\n\n\n\n<p>Os benef\u00edcios nutricionais desse fruto amaz\u00f4nico v\u00e3o muito al\u00e9m da saciedade imediata oferecida ap\u00f3s uma refei\u00e7\u00e3o completa e saborosa. Sua composi\u00e7\u00e3o qu\u00edmica \u00fanica interage com diversos sistemas biol\u00f3gicos, promovendo uma limpeza interna profunda e auxiliando na regenera\u00e7\u00e3o dos tecidos. Estar atento aos componentes dessa fruta permite que voc\u00ea aproveite ao m\u00e1ximo cada benef\u00edcio que a natureza oferece.<\/p>\n\n\n\n<p>Para compreender melhor como esses nutrientes agem diretamente no seu bem-estar, avalie os seguintes benef\u00edcios biol\u00f3gicos observados:<\/p>\n\n\n\n<ul class=\"wp-block-list\">\n<li>Melhora do fluxo sangu\u00edneo.<\/li>\n\n\n\n<li>Redu\u00e7\u00e3o da inflama\u00e7\u00e3o cr\u00f4nica.<\/li>\n\n\n\n<li>Aumento da saciedade prolongada.<\/li>\n\n\n\n<li>Prote\u00e7\u00e3o contra danos oxidativos.<\/li>\n\n\n\n<li>Regula\u00e7\u00e3o da microbiota interna.<\/li>\n<\/ul>\n\n\n\n<h2 class=\"wp-block-heading\">Por que a gordura do a\u00e7a\u00ed \u00e9 aliada do p\u00e2ncreas?<\/h2>\n\n\n\n<p>Diferente de outras frutas ricas em carboidratos, o fruto amaz\u00f4nico possui um perfil lip\u00eddico composto majoritariamente por gorduras monoinsaturadas e poliinsaturadas saud\u00e1veis. Essas gorduras retardam o esvaziamento g\u00e1strico, o que impacta positivamente na resposta glic\u00eamica do organismo logo ap\u00f3s o consumo. Manter uma ingest\u00e3o equilibrada desses lip\u00eddios \u00e9 fundamental para preservar a sa\u00fade das suas <strong>fun\u00e7\u00f5es metab\u00f3licas<\/strong> e glandulares.<\/p>\n\n\n\n<p>As gorduras saud\u00e1veis tamb\u00e9m auxiliam na absor\u00e7\u00e3o de vitaminas lipossol\u00faveis, que s\u00e3o fundamentais para a manuten\u00e7\u00e3o da barreira intestinal contra agentes patog\u00eanicos externos. Esse mecanismo de prote\u00e7\u00e3o m\u00fatua entre lip\u00eddios e fibras cria um ambiente interno hostil para inflama\u00e7\u00f5es sist\u00eamicas recorrentes. Escolher a vers\u00e3o sem xaropes adicionais garante que essas gorduras cumpram seu papel de <strong>prote\u00e7\u00e3o cardiovascular<\/strong> efetiva.<\/p>\n\n\n\n<p>Voc\u00ea sabe quais s\u00e3o os verdadeiros benef\u00edcios do a\u00e7a\u00ed e se ele pode fazer mal em algumas situa\u00e7\u00f5es? No v\u00eddeo de hoje, do canal <em>Nutricionista Patricia Leite<\/em>, com mais de 8,18 milh\u00f5es de inscritos, voc\u00ea vai descobrir para que serve, seus efeitos no corpo e os principais cuidados ao consumir esse alimento t\u00e3o popular.<\/p>\n\n\n\n<figure class=\"wp-block-embed is-type-video is-provider-youtube wp-block-embed-youtube wp-embed-aspect-16-9 wp-has-aspect-ratio\"><div class=\"wp-block-embed__wrapper\">\n<div class=\"jeg_video_container jeg_video_content\"><iframe loading=\"lazy\" title=\"Benef\u00edcios do A\u00e7a\u00ed - Para Que Serve? Faz Mal? [DICAS e CUIDADOS]\" width=\"500\" height=\"281\" src=\"https:\/\/www.youtube.com\/embed\/N27HqIHDTAU?feature=oembed\" frameborder=\"0\" allow=\"accelerometer; autoplay; clipboard-write; encrypted-media; gyroscope; picture-in-picture; web-share\" referrerpolicy=\"strict-origin-when-cross-origin\" allowfullscreen><\/iframe><\/div>\n<\/div><\/figure>\n\n\n\n<p>Leia tamb\u00e9m: <a href=\"https:\/\/www.correiobraziliense.com.br\/cbradar\/fazer-treino-curto-em-casa-pode-melhorar-o-condicionamento-mais-do-que-esperar-o-dia-perfeito-para-a-academia-mas-so-funciona-com-regularidade-real\/\" target=\"_blank\" rel=\"noreferrer noopener\">Fazer treino curto em casa pode melhorar o condicionamento mais do que esperar o dia perfeito para a academia, mas s\u00f3 funciona com regularidade real<\/a><\/p>\n\n\n\n<h2 class=\"wp-block-heading\">Qual a recomenda\u00e7\u00e3o para o consumo seguro e eficaz?<\/h2>\n\n\n\n<p>Para obter os efeitos positivos na glicose e no intestino, \u00e9 indispens\u00e1vel consumir o a\u00e7a\u00ed em sua forma mais pura e natural. Evitar adi\u00e7\u00f5es de a\u00e7\u00facares refinados ou xaropes de guaran\u00e1 impede que o \u00edndice glic\u00eamico da refei\u00e7\u00e3o dispare de forma prejudicial ao corpo. Priorizar acompanhamentos como castanhas ou sementes potencializa o valor nutricional desta <strong>refei\u00e7\u00e3o funcional<\/strong> completa.<\/p>\n\n\n\n<p>A <strong>Organiza\u00e7\u00e3o das Na\u00e7\u00f5es Unidas para a Alimenta\u00e7\u00e3o e a Agricultura<\/strong> destaca o valor desse fruto para a seguran\u00e7a nutricional e o desenvolvimento sustent\u00e1vel. Voc\u00ea pode encontrar detalhes sobre a composi\u00e7\u00e3o nutricional no portal oficial da <a href=\"https:\/\/www.fao.org\/home\/en\" target=\"_blank\" rel=\"noreferrer noopener\">Organiza\u00e7\u00e3o das Na\u00e7\u00f5es Unidas para a Alimenta\u00e7\u00e3o e a Agricultura<\/a>. Seguir essas orienta\u00e7\u00f5es t\u00e9cnicas garante que voc\u00ea aproveite todas as propriedades da fruta para manter sua <strong>sa\u00fade em dia<\/strong>.<\/p>\n","protected":false},"excerpt":{"rendered":"<p>O a\u00e7a\u00ed \u00e9 um superalimento brasileiro reconhecido mundialmente por sua densidade nutricional e potentes propriedades antioxidantes ben\u00e9ficas ao organismo. Integrar esse fruto na dieta di\u00e1ria melhora o tr\u00e2nsito intestinal e auxilia no controle glic\u00eamico de maneira eficiente. Entender como seus compostos bioativos interagem com o sistema digestivo \u00e9 fundamental para promover longevidade celular. Como as [&hellip;]<\/p>\n","protected":false},"author":21,"featured_media":235496,"comment_status":"open","ping_status":"open","sticky":false,"template":"","format":"standard","meta":{"_yoast_wpseo_focuskw":"benef\u00edcios do a\u00e7a\u00ed no intestino e glicose","_yoast_wpseo_title":"","_yoast_wpseo_metadesc":"Muito al\u00e9m do sabor, o a\u00e7a\u00ed pode alterar processos internos do corpo. A forma de consumo define seus efeitos reais.","jnews-multi-image_gallery":[],"jnews_single_post":{"format":"standard"},"jnews_primary_category":[],"jnews_social_meta":[],"jnews_override_counter":[],"footnotes":""},"categories":[119,4404],"tags":[937,6731,1422],"class_list":["post-235325","post","type-post","status-publish","format-standard","has-post-thumbnail","hentry","category-bem-estar","category-saude","tag-acai","tag-glicose","tag-intestino"],"yoast_head":"<!-- This site is optimized with the Yoast SEO plugin v24.6 - https:\/\/yoast.com\/wordpress\/plugins\/seo\/ -->\n<title>O que o a\u00e7a\u00ed faz no intestino e na glicose - Correio Braziliense - Radar<\/title>\n<meta name=\"description\" content=\"Muito al\u00e9m do sabor, o a\u00e7a\u00ed pode alterar processos internos do corpo. A forma de consumo define seus efeitos reais.\" \/>\n<meta name=\"robots\" content=\"index, follow, max-snippet:-1, max-image-preview:large, max-video-preview:-1\" \/>\n<link rel=\"canonical\" href=\"https:\/\/www.correiobraziliense.com.br\/cbradar\/o-que-o-acai-faz-no-intestino-e-na-glicose\/\" \/>\n<meta property=\"og:locale\" content=\"pt_BR\" \/>\n<meta property=\"og:type\" content=\"article\" \/>\n<meta property=\"og:title\" content=\"O que o a\u00e7a\u00ed faz no intestino e na glicose - Correio Braziliense - Radar\" \/>\n<meta property=\"og:description\" content=\"Muito al\u00e9m do sabor, o a\u00e7a\u00ed pode alterar processos internos do corpo. A forma de consumo define seus efeitos reais.\" \/>\n<meta property=\"og:url\" content=\"https:\/\/www.correiobraziliense.com.br\/cbradar\/o-que-o-acai-faz-no-intestino-e-na-glicose\/\" \/>\n<meta property=\"og:site_name\" content=\"Correio Braziliense - Radar\" \/>\n<meta property=\"article:published_time\" content=\"2026-05-02T05:30:00+00:00\" \/>\n<meta property=\"og:image\" content=\"https:\/\/www.correiobraziliense.com.br\/cbradar\/wp-content\/uploads\/2026\/05\/Gemini_Generated_Image_rrg06wrrg06wrrg0-1-1.png\" \/>\n\t<meta property=\"og:image:width\" content=\"1280\" \/>\n\t<meta property=\"og:image:height\" content=\"720\" \/>\n\t<meta property=\"og:image:type\" content=\"image\/png\" \/>\n<meta name=\"author\" content=\"Patrick Silva\" \/>\n<meta name=\"twitter:card\" content=\"summary_large_image\" \/>\n<meta name=\"twitter:label1\" content=\"Escrito por\" \/>\n\t<meta name=\"twitter:data1\" content=\"Patrick Silva\" \/>\n\t<meta name=\"twitter:label2\" content=\"Est. tempo de leitura\" \/>\n\t<meta name=\"twitter:data2\" content=\"5 minutos\" \/>\n<!-- \/ Yoast SEO plugin. -->","yoast_head_json":{"title":"O que o a\u00e7a\u00ed faz no intestino e na glicose - Correio Braziliense - Radar","description":"Muito al\u00e9m do sabor, o a\u00e7a\u00ed pode alterar processos internos do corpo. A forma de consumo define seus efeitos reais.","robots":{"index":"index","follow":"follow","max-snippet":"max-snippet:-1","max-image-preview":"max-image-preview:large","max-video-preview":"max-video-preview:-1"},"canonical":"https:\/\/www.correiobraziliense.com.br\/cbradar\/o-que-o-acai-faz-no-intestino-e-na-glicose\/","og_locale":"pt_BR","og_type":"article","og_title":"O que o a\u00e7a\u00ed faz no intestino e na glicose - Correio Braziliense - Radar","og_description":"Muito al\u00e9m do sabor, o a\u00e7a\u00ed pode alterar processos internos do corpo. A forma de consumo define seus efeitos reais.","og_url":"https:\/\/www.correiobraziliense.com.br\/cbradar\/o-que-o-acai-faz-no-intestino-e-na-glicose\/","og_site_name":"Correio Braziliense - Radar","article_published_time":"2026-05-02T05:30:00+00:00","og_image":[{"width":1280,"height":720,"url":"https:\/\/www.correiobraziliense.com.br\/cbradar\/wp-content\/uploads\/2026\/05\/Gemini_Generated_Image_rrg06wrrg06wrrg0-1-1.png","type":"image\/png"}],"author":"Patrick Silva","twitter_card":"summary_large_image","twitter_misc":{"Escrito por":"Patrick Silva","Est. tempo de leitura":"5 minutos"},"schema":{"@context":"https:\/\/schema.org","@graph":[{"@type":"WebPage","@id":"https:\/\/www.correiobraziliense.com.br\/cbradar\/o-que-o-acai-faz-no-intestino-e-na-glicose\/","url":"https:\/\/www.correiobraziliense.com.br\/cbradar\/o-que-o-acai-faz-no-intestino-e-na-glicose\/","name":"O que o a\u00e7a\u00ed faz no intestino e na glicose - Correio Braziliense - Radar","isPartOf":{"@id":"https:\/\/www.correiobraziliense.com.br\/cbradar\/#website"},"primaryImageOfPage":{"@id":"https:\/\/www.correiobraziliense.com.br\/cbradar\/o-que-o-acai-faz-no-intestino-e-na-glicose\/#primaryimage"},"image":{"@id":"https:\/\/www.correiobraziliense.com.br\/cbradar\/o-que-o-acai-faz-no-intestino-e-na-glicose\/#primaryimage"},"thumbnailUrl":"https:\/\/www.correiobraziliense.com.br\/cbradar\/wp-content\/uploads\/2026\/05\/Gemini_Generated_Image_rrg06wrrg06wrrg0-1-1.png","datePublished":"2026-05-02T05:30:00+00:00","author":{"@id":"https:\/\/www.correiobraziliense.com.br\/cbradar\/#\/schema\/person\/5440b72be9c7eb74f446c846479dc4da"},"description":"Muito al\u00e9m do sabor, o a\u00e7a\u00ed pode alterar processos internos do corpo. A forma de consumo define seus efeitos reais.","breadcrumb":{"@id":"https:\/\/www.correiobraziliense.com.br\/cbradar\/o-que-o-acai-faz-no-intestino-e-na-glicose\/#breadcrumb"},"inLanguage":"pt-BR","potentialAction":[{"@type":"ReadAction","target":["https:\/\/www.correiobraziliense.com.br\/cbradar\/o-que-o-acai-faz-no-intestino-e-na-glicose\/"]}]},{"@type":"ImageObject","inLanguage":"pt-BR","@id":"https:\/\/www.correiobraziliense.com.br\/cbradar\/o-que-o-acai-faz-no-intestino-e-na-glicose\/#primaryimage","url":"https:\/\/www.correiobraziliense.com.br\/cbradar\/wp-content\/uploads\/2026\/05\/Gemini_Generated_Image_rrg06wrrg06wrrg0-1-1.png","contentUrl":"https:\/\/www.correiobraziliense.com.br\/cbradar\/wp-content\/uploads\/2026\/05\/Gemini_Generated_Image_rrg06wrrg06wrrg0-1-1.png","width":1280,"height":720,"caption":"A\u00e7a\u00ed melhora digest\u00e3o, energia e equil\u00edbrio metab\u00f3lico"},{"@type":"BreadcrumbList","@id":"https:\/\/www.correiobraziliense.com.br\/cbradar\/o-que-o-acai-faz-no-intestino-e-na-glicose\/#breadcrumb","itemListElement":[{"@type":"ListItem","position":1,"name":"In\u00edcio","item":"https:\/\/www.correiobraziliense.com.br\/cbradar\/"},{"@type":"ListItem","position":2,"name":"O que o a\u00e7a\u00ed faz no intestino e na glicose"}]},{"@type":"WebSite","@id":"https:\/\/www.correiobraziliense.com.br\/cbradar\/#website","url":"https:\/\/www.correiobraziliense.com.br\/cbradar\/","name":"Correio Braziliense - Radar","description":"Acompanhe as \u00faltimas not\u00edcias e fique bem informado sobre tudo o que acontece no Brasil e no mundo.","potentialAction":[{"@type":"SearchAction","target":{"@type":"EntryPoint","urlTemplate":"https:\/\/www.correiobraziliense.com.br\/cbradar\/?s={search_term_string}"},"query-input":{"@type":"PropertyValueSpecification","valueRequired":true,"valueName":"search_term_string"}}],"inLanguage":"pt-BR"},{"@type":"Person","@id":"https:\/\/www.correiobraziliense.com.br\/cbradar\/#\/schema\/person\/5440b72be9c7eb74f446c846479dc4da","name":"Patrick Silva","image":{"@type":"ImageObject","inLanguage":"pt-BR","@id":"https:\/\/www.correiobraziliense.com.br\/cbradar\/#\/schema\/person\/image\/","url":"https:\/\/secure.gravatar.com\/avatar\/944109df296fc087785c9715fd5f80b2?s=96&d=mm&r=g","contentUrl":"https:\/\/secure.gravatar.com\/avatar\/944109df296fc087785c9715fd5f80b2?s=96&d=mm&r=g","caption":"Patrick Silva"},"sameAs":["https:\/\/www.correiobraziliense.com.br\/cbradar\/"],"url":"https:\/\/www.correiobraziliense.com.br\/cbradar\/author\/patrick-silva\/"}]}},"_links":{"self":[{"href":"https:\/\/www.correiobraziliense.com.br\/cbradar\/wp-json\/wp\/v2\/posts\/235325","targetHints":{"allow":["GET"]}}],"collection":[{"href":"https:\/\/www.correiobraziliense.com.br\/cbradar\/wp-json\/wp\/v2\/posts"}],"about":[{"href":"https:\/\/www.correiobraziliense.com.br\/cbradar\/wp-json\/wp\/v2\/types\/post"}],"author":[{"embeddable":true,"href":"https:\/\/www.correiobraziliense.com.br\/cbradar\/wp-json\/wp\/v2\/users\/21"}],"replies":[{"embeddable":true,"href":"https:\/\/www.correiobraziliense.com.br\/cbradar\/wp-json\/wp\/v2\/comments?post=235325"}],"version-history":[{"count":2,"href":"https:\/\/www.correiobraziliense.com.br\/cbradar\/wp-json\/wp\/v2\/posts\/235325\/revisions"}],"predecessor-version":[{"id":235574,"href":"https:\/\/www.correiobraziliense.com.br\/cbradar\/wp-json\/wp\/v2\/posts\/235325\/revisions\/235574"}],"wp:featuredmedia":[{"embeddable":true,"href":"https:\/\/www.correiobraziliense.com.br\/cbradar\/wp-json\/wp\/v2\/media\/235496"}],"wp:attachment":[{"href":"https:\/\/www.correiobraziliense.com.br\/cbradar\/wp-json\/wp\/v2\/media?parent=235325"}],"wp:term":[{"taxonomy":"category","embeddable":true,"href":"https:\/\/www.correiobraziliense.com.br\/cbradar\/wp-json\/wp\/v2\/categories?post=235325"},{"taxonomy":"post_tag","embeddable":true,"href":"https:\/\/www.correiobraziliense.com.br\/cbradar\/wp-json\/wp\/v2\/tags?post=235325"}],"curies":[{"name":"wp","href":"https:\/\/api.w.org\/{rel}","templated":true}]}}