{"id":235326,"date":"2026-05-02T02:00:00","date_gmt":"2026-05-02T05:00:00","guid":{"rendered":"https:\/\/www.correiobraziliense.com.br\/cbradar\/?p=235326"},"modified":"2026-05-01T12:14:59","modified_gmt":"2026-05-01T15:14:59","slug":"muita-gente-nao-percebe-que-quem-voltou-a-morar-com-os-pais-na-vida-adulta-esta-vivendo-dois-constrangimentos-ao-mesmo-tempo-o-de-parecer-que-regrediu-e-o-de-precisar-reconstruir-a-propria-independen","status":"publish","type":"post","link":"https:\/\/www.correiobraziliense.com.br\/cbradar\/muita-gente-nao-percebe-que-quem-voltou-a-morar-com-os-pais-na-vida-adulta-esta-vivendo-dois-constrangimentos-ao-mesmo-tempo-o-de-parecer-que-regrediu-e-o-de-precisar-reconstruir-a-propria-independen\/","title":{"rendered":"Muita gente n\u00e3o percebe que quem voltou a morar com os pais na vida adulta est\u00e1 vivendo dois constrangimentos ao mesmo tempo, o de parecer que regrediu e o de precisar reconstruir a pr\u00f3pria independ\u00eancia do zero"},"content":{"rendered":"\n<p>Retornar ao lar dos pais na vida adulta representa um desafio emocional e social que muitos enfrentam silenciosamente hoje. Essa transi\u00e7\u00e3o gera um sentimento de retrocesso pessoal, enquanto a necessidade de reconstruir a independ\u00eancia financeira e emocional se torna uma prioridade urgente. Compreender essa realidade \u00e9 fundamental para superar o estigma social envolvido.<\/p>\n\n\n\n<h2 class=\"wp-block-heading\">Como lidar com a sensa\u00e7\u00e3o de fracasso ao retornar?<\/h2>\n\n\n\n<p>Muitos adultos associam o retorno \u00e0 casa dos pais a uma falha nos marcos tradicionais de sucesso e autonomia. No entanto, \u00e9 necess\u00e1rio entender que as flutua\u00e7\u00f5es econ\u00f4micas e crises pessoais s\u00e3o vari\u00e1veis externas que n\u00e3o definem o valor individual de ningu\u00e9m. Aceitar essa fase como um movimento estrat\u00e9gico tempor\u00e1rio ajuda a reduzir a carga de <strong>ansiedade social<\/strong>.<\/p>\n\n\n\n<p>A compara\u00e7\u00e3o constante com colegas que mant\u00eam a pr\u00f3pria resid\u00eancia alimenta um ciclo t\u00f3xico de autocr\u00edtica e des\u00e2nimo persistente. Focar em metas pequenas e tang\u00edveis permite que a mente perceba avan\u00e7os reais, mesmo dentro de um ambiente antigo e familiar. O <strong>sucesso pessoal<\/strong> n\u00e3o segue uma linha reta e o retorno pode ser o impulso necess\u00e1rio para mudan\u00e7as.<\/p>\n\n\n\n<figure class=\"wp-block-image size-full\"><img decoding=\"async\" width=\"1280\" height=\"720\" src=\"https:\/\/www.correiobraziliense.com.br\/cbradar\/wp-content\/uploads\/2026\/05\/Gemini_Generated_Image_bptyy9bptyy9bpty-1-1.png\" alt=\"Muita gente n\u00e3o percebe que quem voltou a morar com os pais na vida adulta est\u00e1 vivendo dois constrangimentos ao mesmo tempo, o de parecer que regrediu e o de precisar reconstruir a pr\u00f3pria independ\u00eancia do zero\" class=\"wp-image-235498\" srcset=\"https:\/\/www.correiobraziliense.com.br\/cbradar\/wp-content\/uploads\/2026\/05\/Gemini_Generated_Image_bptyy9bptyy9bpty-1-1.png 1280w, https:\/\/www.correiobraziliense.com.br\/cbradar\/wp-content\/uploads\/2026\/05\/Gemini_Generated_Image_bptyy9bptyy9bpty-1-1-300x169.png 300w, https:\/\/www.correiobraziliense.com.br\/cbradar\/wp-content\/uploads\/2026\/05\/Gemini_Generated_Image_bptyy9bptyy9bpty-1-1-768x432.png 768w, https:\/\/www.correiobraziliense.com.br\/cbradar\/wp-content\/uploads\/2026\/05\/Gemini_Generated_Image_bptyy9bptyy9bpty-1-1-750x422.png 750w, https:\/\/www.correiobraziliense.com.br\/cbradar\/wp-content\/uploads\/2026\/05\/Gemini_Generated_Image_bptyy9bptyy9bpty-1-1-1140x641.png 1140w\" sizes=\"(max-width: 1280px) 100vw, 1280px\" \/><figcaption class=\"wp-element-caption\">Voltar a morar com os pais exige adapta\u00e7\u00e3o e planejamento financeiro<\/figcaption><\/figure>\n\n\n\n<h2 class=\"wp-block-heading\">De que maneira a conviv\u00eancia familiar impacta a sa\u00fade mental?<\/h2>\n\n\n\n<p>Restabelecer din\u00e2micas de autoridade com os pais pode gerar conflitos de identidade e perdas significativas de privacidade no cotidiano. O adulto frequentemente se sente tratado como adolescente, o que dificulta o exerc\u00edcio da pr\u00f3pria autonomia em decis\u00f5es simples e complexas. \u00c9 fundamental estabelecer limites claros e respeitosos para manter a harmonia dom\u00e9stica e a <strong>paz de esp\u00edrito<\/strong>.<\/p>\n\n\n\n<p>O ambiente familiar oferece conforto, mas tamb\u00e9m pode atuar como uma zona de conforto perigosa que estagna o crescimento profissional. Manter uma rotina de trabalho ou estudos fora de casa preserva a sensa\u00e7\u00e3o de produtividade e conex\u00e3o com o mundo exterior. Equilibrar a gratid\u00e3o pelo apoio recebido com a preserva\u00e7\u00e3o da pr\u00f3pria individualidade \u00e9 um desafio constante di\u00e1rio.<\/p>\n\n\n\n<h2 class=\"wp-block-heading\">Quais passos aceleram o processo de reconquista da autonomia?<\/h2>\n\n\n\n<p>Reconstruir a independ\u00eancia exige um planejamento financeiro rigoroso e a defini\u00e7\u00e3o de prazos realistas para uma nova mudan\u00e7a definitiva. Aproveitar a redu\u00e7\u00e3o de custos fixos para quitar d\u00edvidas e criar uma reserva de emerg\u00eancia s\u00f3lida acelera o retorno ao mercado imobili\u00e1rio. Cada economia feita representa um passo concreto em dire\u00e7\u00e3o \u00e0 liberdade de morar sozinho novamente em breve.<\/p>\n\n\n\n<p>Para estruturar essa nova fase de maneira organizada, observe os seguintes pilares fundamentais para a sua reestrutura\u00e7\u00e3o:<\/p>\n\n\n\n<ul class=\"wp-block-list\">\n<li>Economia sistem\u00e1tica de renda.<\/li>\n\n\n\n<li>Redefini\u00e7\u00e3o de limites pessoais.<\/li>\n\n\n\n<li>Manuten\u00e7\u00e3o da rede social.<\/li>\n\n\n\n<li>Busca por novas qualifica\u00e7\u00f5es.<\/li>\n\n\n\n<li>Cuidado com a sa\u00fade f\u00edsica.<\/li>\n<\/ul>\n\n\n\n<h2 class=\"wp-block-heading\">Como gerenciar as expectativas dos pais durante a estadia?<\/h2>\n\n\n\n<p>A comunica\u00e7\u00e3o aberta sobre as inten\u00e7\u00f5es de sa\u00edda e os planos futuros evita desentendimentos sobre a dura\u00e7\u00e3o da perman\u00eancia. Os pais muitas vezes projetam medos ou desejos de prote\u00e7\u00e3o que podem sufocar a iniciativa do filho adulto em busca de novos horizontes. Manter todos informados sobre os progressos financeiros cria um ambiente de coopera\u00e7\u00e3o m\u00fatua e apoio verdadeiro.<\/p>\n\n\n\n<p>Assumir responsabilidades financeiras ou operacionais na casa demonstra maturidade e ajuda a aliviar o fardo dos cuidadores originais da fam\u00edlia. Contribuir com as contas de luz ou compras de supermercado altera a percep\u00e7\u00e3o de depend\u00eancia total para um modelo de colabora\u00e7\u00e3o solid\u00e1ria. Essa atitude proativa fortalece os la\u00e7os afetivos e valida a compet\u00eancia do <strong>adulto residente<\/strong>.<\/p>\n\n\n\n<figure class=\"wp-block-image size-full\"><img decoding=\"async\" width=\"1280\" height=\"720\" src=\"https:\/\/www.correiobraziliense.com.br\/cbradar\/wp-content\/uploads\/2026\/05\/Gemini_Generated_Image_mmugn3mmugn3mmug-1-1.png\" alt=\"Muita gente n\u00e3o percebe que quem voltou a morar com os pais na vida adulta est\u00e1 vivendo dois constrangimentos ao mesmo tempo, o de parecer que regrediu e o de precisar reconstruir a pr\u00f3pria independ\u00eancia do zero\" class=\"wp-image-235500\" srcset=\"https:\/\/www.correiobraziliense.com.br\/cbradar\/wp-content\/uploads\/2026\/05\/Gemini_Generated_Image_mmugn3mmugn3mmug-1-1.png 1280w, https:\/\/www.correiobraziliense.com.br\/cbradar\/wp-content\/uploads\/2026\/05\/Gemini_Generated_Image_mmugn3mmugn3mmug-1-1-300x169.png 300w, https:\/\/www.correiobraziliense.com.br\/cbradar\/wp-content\/uploads\/2026\/05\/Gemini_Generated_Image_mmugn3mmugn3mmug-1-1-768x432.png 768w, https:\/\/www.correiobraziliense.com.br\/cbradar\/wp-content\/uploads\/2026\/05\/Gemini_Generated_Image_mmugn3mmugn3mmug-1-1-750x422.png 750w, https:\/\/www.correiobraziliense.com.br\/cbradar\/wp-content\/uploads\/2026\/05\/Gemini_Generated_Image_mmugn3mmugn3mmug-1-1-1140x641.png 1140w\" sizes=\"(max-width: 1280px) 100vw, 1280px\" \/><figcaption class=\"wp-element-caption\">Voltar a morar com os pais exige adapta\u00e7\u00e3o e planejamento financeiro<\/figcaption><\/figure>\n\n\n\n<p>Leia tamb\u00e9m: <a href=\"https:\/\/www.correiobraziliense.com.br\/cbradar\/a-psicologia-diz-que-a-parte-mais-dificil-de-cuidar-de-um-pai-doente-nao-e-a-rotina-e-perceber-que-voce-nunca-desliga-de-verdade\/\" target=\"_blank\" rel=\"noreferrer noopener\">A psicologia diz que a parte mais dif\u00edcil de cuidar de um pai doente n\u00e3o \u00e9 a rotina, \u00e9 perceber que voc\u00ea nunca desliga de verdade<\/a><\/p>\n\n\n\n<h2 class=\"wp-block-heading\">Qual \u00e9 a tend\u00eancia global sobre a gera\u00e7\u00e3o bumerangue?<\/h2>\n\n\n\n<p>O fen\u00f4meno de jovens e adultos retornando para a casa dos pais cresceu globalmente devido ao aumento do custo de vida. Essa mudan\u00e7a demogr\u00e1fica altera as estruturas familiares tradicionais e exige novas pol\u00edticas p\u00fablicas de suporte econ\u00f4mico para a popula\u00e7\u00e3o jovem trabalhadora. Entender que essa situa\u00e7\u00e3o \u00e9 comum em diversos pa\u00edses ajuda a normalizar a experi\u00eancia e reduzir o estigma.<\/p>\n\n\n\n<p>De acordo com dados oficiais, as crises habitacionais t\u00eam for\u00e7ado milhares de indiv\u00edduos a reavaliarem seus planos de moradia e independ\u00eancia imediata. Informa\u00e7\u00f5es detalhadas sobre as estat\u00edsticas de emprego e renda podem ser consultadas no portal da <strong>Organiza\u00e7\u00e3o Internacional do Trabalho<\/strong> atrav\u00e9s do link <a href=\"https:\/\/www.ilo.org\/sites\/default\/files\/2024-09\/GET_2024_EN%20web.pdf\" target=\"_blank\" rel=\"noreferrer noopener\">Organiza\u00e7\u00e3o Internacional do Trabalho<\/a>. Manter o foco no futuro \u00e9 essencial para superar essa fase de transi\u00e7\u00e3o.<\/p>\n","protected":false},"excerpt":{"rendered":"<p>Retornar ao lar dos pais na vida adulta representa um desafio emocional e social que muitos enfrentam silenciosamente hoje. Essa transi\u00e7\u00e3o gera um sentimento de retrocesso pessoal, enquanto a necessidade de reconstruir a independ\u00eancia financeira e emocional se torna uma prioridade urgente. Compreender essa realidade \u00e9 fundamental para superar o estigma social envolvido. Como lidar [&hellip;]<\/p>\n","protected":false},"author":21,"featured_media":235495,"comment_status":"open","ping_status":"open","sticky":false,"template":"","format":"standard","meta":{"_yoast_wpseo_focuskw":"voltar morar com pais adulto desafios","_yoast_wpseo_title":"","_yoast_wpseo_metadesc":"Voltar a morar com os pais na vida adulta mexe com identidade e planos. Existe um peso interno que poucos conseguem explicar com clareza.","jnews-multi-image_gallery":[],"jnews_single_post":{"format":"standard"},"jnews_primary_category":[],"jnews_social_meta":[],"jnews_override_counter":[],"footnotes":""},"categories":[112],"tags":[6801,2857,404,6800],"class_list":["post-235326","post","type-post","status-publish","format-standard","has-post-thumbnail","hentry","category-curiosidades","tag-independencia","tag-pais","tag-psicologia","tag-vida-adulta"],"yoast_head":"<!-- This site is optimized with the Yoast SEO plugin v24.6 - https:\/\/yoast.com\/wordpress\/plugins\/seo\/ -->\n<title>Muita gente n\u00e3o percebe que quem voltou a morar com os pais na vida adulta est\u00e1 vivendo dois constrangimentos ao mesmo tempo, o de parecer que regrediu e o de precisar reconstruir a pr\u00f3pria independ\u00eancia do zero - Correio Braziliense - Radar<\/title>\n<meta name=\"description\" content=\"Voltar a morar com os pais na vida adulta mexe com identidade e planos. Existe um peso interno que poucos conseguem explicar com clareza.\" \/>\n<meta name=\"robots\" content=\"index, follow, max-snippet:-1, max-image-preview:large, max-video-preview:-1\" \/>\n<link rel=\"canonical\" href=\"https:\/\/www.correiobraziliense.com.br\/cbradar\/muita-gente-nao-percebe-que-quem-voltou-a-morar-com-os-pais-na-vida-adulta-esta-vivendo-dois-constrangimentos-ao-mesmo-tempo-o-de-parecer-que-regrediu-e-o-de-precisar-reconstruir-a-propria-independen\/\" \/>\n<meta property=\"og:locale\" content=\"pt_BR\" \/>\n<meta property=\"og:type\" content=\"article\" \/>\n<meta property=\"og:title\" content=\"Muita gente n\u00e3o percebe que quem voltou a morar com os pais na vida adulta est\u00e1 vivendo dois constrangimentos ao mesmo tempo, o de parecer que regrediu e o de precisar reconstruir a pr\u00f3pria independ\u00eancia do zero - Correio Braziliense - Radar\" \/>\n<meta property=\"og:description\" content=\"Voltar a morar com os pais na vida adulta mexe com identidade e planos. Existe um peso interno que poucos conseguem explicar com clareza.\" \/>\n<meta property=\"og:url\" content=\"https:\/\/www.correiobraziliense.com.br\/cbradar\/muita-gente-nao-percebe-que-quem-voltou-a-morar-com-os-pais-na-vida-adulta-esta-vivendo-dois-constrangimentos-ao-mesmo-tempo-o-de-parecer-que-regrediu-e-o-de-precisar-reconstruir-a-propria-independen\/\" \/>\n<meta property=\"og:site_name\" content=\"Correio Braziliense - Radar\" \/>\n<meta property=\"article:published_time\" content=\"2026-05-02T05:00:00+00:00\" \/>\n<meta property=\"og:image\" content=\"https:\/\/www.correiobraziliense.com.br\/cbradar\/wp-content\/uploads\/2026\/05\/Gemini_Generated_Image_niuzhtniuzhtniuz-1-1.png\" \/>\n\t<meta property=\"og:image:width\" content=\"1280\" \/>\n\t<meta property=\"og:image:height\" content=\"720\" \/>\n\t<meta property=\"og:image:type\" content=\"image\/png\" \/>\n<meta name=\"author\" content=\"Patrick Silva\" \/>\n<meta name=\"twitter:card\" content=\"summary_large_image\" \/>\n<meta name=\"twitter:label1\" content=\"Escrito por\" \/>\n\t<meta name=\"twitter:data1\" content=\"Patrick Silva\" \/>\n\t<meta name=\"twitter:label2\" content=\"Est. tempo de leitura\" \/>\n\t<meta name=\"twitter:data2\" content=\"5 minutos\" \/>\n<!-- \/ Yoast SEO plugin. -->","yoast_head_json":{"title":"Muita gente n\u00e3o percebe que quem voltou a morar com os pais na vida adulta est\u00e1 vivendo dois constrangimentos ao mesmo tempo, o de parecer que regrediu e o de precisar reconstruir a pr\u00f3pria independ\u00eancia do zero - Correio Braziliense - Radar","description":"Voltar a morar com os pais na vida adulta mexe com identidade e planos. Existe um peso interno que poucos conseguem explicar com clareza.","robots":{"index":"index","follow":"follow","max-snippet":"max-snippet:-1","max-image-preview":"max-image-preview:large","max-video-preview":"max-video-preview:-1"},"canonical":"https:\/\/www.correiobraziliense.com.br\/cbradar\/muita-gente-nao-percebe-que-quem-voltou-a-morar-com-os-pais-na-vida-adulta-esta-vivendo-dois-constrangimentos-ao-mesmo-tempo-o-de-parecer-que-regrediu-e-o-de-precisar-reconstruir-a-propria-independen\/","og_locale":"pt_BR","og_type":"article","og_title":"Muita gente n\u00e3o percebe que quem voltou a morar com os pais na vida adulta est\u00e1 vivendo dois constrangimentos ao mesmo tempo, o de parecer que regrediu e o de precisar reconstruir a pr\u00f3pria independ\u00eancia do zero - Correio Braziliense - Radar","og_description":"Voltar a morar com os pais na vida adulta mexe com identidade e planos. Existe um peso interno que poucos conseguem explicar com clareza.","og_url":"https:\/\/www.correiobraziliense.com.br\/cbradar\/muita-gente-nao-percebe-que-quem-voltou-a-morar-com-os-pais-na-vida-adulta-esta-vivendo-dois-constrangimentos-ao-mesmo-tempo-o-de-parecer-que-regrediu-e-o-de-precisar-reconstruir-a-propria-independen\/","og_site_name":"Correio Braziliense - Radar","article_published_time":"2026-05-02T05:00:00+00:00","og_image":[{"width":1280,"height":720,"url":"https:\/\/www.correiobraziliense.com.br\/cbradar\/wp-content\/uploads\/2026\/05\/Gemini_Generated_Image_niuzhtniuzhtniuz-1-1.png","type":"image\/png"}],"author":"Patrick Silva","twitter_card":"summary_large_image","twitter_misc":{"Escrito por":"Patrick Silva","Est. tempo de leitura":"5 minutos"},"schema":{"@context":"https:\/\/schema.org","@graph":[{"@type":"WebPage","@id":"https:\/\/www.correiobraziliense.com.br\/cbradar\/muita-gente-nao-percebe-que-quem-voltou-a-morar-com-os-pais-na-vida-adulta-esta-vivendo-dois-constrangimentos-ao-mesmo-tempo-o-de-parecer-que-regrediu-e-o-de-precisar-reconstruir-a-propria-independen\/","url":"https:\/\/www.correiobraziliense.com.br\/cbradar\/muita-gente-nao-percebe-que-quem-voltou-a-morar-com-os-pais-na-vida-adulta-esta-vivendo-dois-constrangimentos-ao-mesmo-tempo-o-de-parecer-que-regrediu-e-o-de-precisar-reconstruir-a-propria-independen\/","name":"Muita gente n\u00e3o percebe que quem voltou a morar com os pais na vida adulta est\u00e1 vivendo dois constrangimentos ao mesmo tempo, o de parecer que regrediu e o de precisar reconstruir a pr\u00f3pria independ\u00eancia do zero - Correio Braziliense - Radar","isPartOf":{"@id":"https:\/\/www.correiobraziliense.com.br\/cbradar\/#website"},"primaryImageOfPage":{"@id":"https:\/\/www.correiobraziliense.com.br\/cbradar\/muita-gente-nao-percebe-que-quem-voltou-a-morar-com-os-pais-na-vida-adulta-esta-vivendo-dois-constrangimentos-ao-mesmo-tempo-o-de-parecer-que-regrediu-e-o-de-precisar-reconstruir-a-propria-independen\/#primaryimage"},"image":{"@id":"https:\/\/www.correiobraziliense.com.br\/cbradar\/muita-gente-nao-percebe-que-quem-voltou-a-morar-com-os-pais-na-vida-adulta-esta-vivendo-dois-constrangimentos-ao-mesmo-tempo-o-de-parecer-que-regrediu-e-o-de-precisar-reconstruir-a-propria-independen\/#primaryimage"},"thumbnailUrl":"https:\/\/www.correiobraziliense.com.br\/cbradar\/wp-content\/uploads\/2026\/05\/Gemini_Generated_Image_niuzhtniuzhtniuz-1-1.png","datePublished":"2026-05-02T05:00:00+00:00","author":{"@id":"https:\/\/www.correiobraziliense.com.br\/cbradar\/#\/schema\/person\/5440b72be9c7eb74f446c846479dc4da"},"description":"Voltar a morar com os pais na vida adulta mexe com identidade e planos. Existe um peso interno que poucos conseguem explicar com clareza.","breadcrumb":{"@id":"https:\/\/www.correiobraziliense.com.br\/cbradar\/muita-gente-nao-percebe-que-quem-voltou-a-morar-com-os-pais-na-vida-adulta-esta-vivendo-dois-constrangimentos-ao-mesmo-tempo-o-de-parecer-que-regrediu-e-o-de-precisar-reconstruir-a-propria-independen\/#breadcrumb"},"inLanguage":"pt-BR","potentialAction":[{"@type":"ReadAction","target":["https:\/\/www.correiobraziliense.com.br\/cbradar\/muita-gente-nao-percebe-que-quem-voltou-a-morar-com-os-pais-na-vida-adulta-esta-vivendo-dois-constrangimentos-ao-mesmo-tempo-o-de-parecer-que-regrediu-e-o-de-precisar-reconstruir-a-propria-independen\/"]}]},{"@type":"ImageObject","inLanguage":"pt-BR","@id":"https:\/\/www.correiobraziliense.com.br\/cbradar\/muita-gente-nao-percebe-que-quem-voltou-a-morar-com-os-pais-na-vida-adulta-esta-vivendo-dois-constrangimentos-ao-mesmo-tempo-o-de-parecer-que-regrediu-e-o-de-precisar-reconstruir-a-propria-independen\/#primaryimage","url":"https:\/\/www.correiobraziliense.com.br\/cbradar\/wp-content\/uploads\/2026\/05\/Gemini_Generated_Image_niuzhtniuzhtniuz-1-1.png","contentUrl":"https:\/\/www.correiobraziliense.com.br\/cbradar\/wp-content\/uploads\/2026\/05\/Gemini_Generated_Image_niuzhtniuzhtniuz-1-1.png","width":1280,"height":720,"caption":"Voltar a morar com os pais exige adapta\u00e7\u00e3o e planejamento financeiro"},{"@type":"BreadcrumbList","@id":"https:\/\/www.correiobraziliense.com.br\/cbradar\/muita-gente-nao-percebe-que-quem-voltou-a-morar-com-os-pais-na-vida-adulta-esta-vivendo-dois-constrangimentos-ao-mesmo-tempo-o-de-parecer-que-regrediu-e-o-de-precisar-reconstruir-a-propria-independen\/#breadcrumb","itemListElement":[{"@type":"ListItem","position":1,"name":"In\u00edcio","item":"https:\/\/www.correiobraziliense.com.br\/cbradar\/"},{"@type":"ListItem","position":2,"name":"Muita gente n\u00e3o percebe que quem voltou a morar com os pais na vida adulta est\u00e1 vivendo dois constrangimentos ao mesmo tempo, o de parecer que regrediu e o de precisar reconstruir a pr\u00f3pria independ\u00eancia do zero"}]},{"@type":"WebSite","@id":"https:\/\/www.correiobraziliense.com.br\/cbradar\/#website","url":"https:\/\/www.correiobraziliense.com.br\/cbradar\/","name":"Correio Braziliense - Radar","description":"Acompanhe as \u00faltimas not\u00edcias e fique bem informado sobre tudo o que acontece no Brasil e no mundo.","potentialAction":[{"@type":"SearchAction","target":{"@type":"EntryPoint","urlTemplate":"https:\/\/www.correiobraziliense.com.br\/cbradar\/?s={search_term_string}"},"query-input":{"@type":"PropertyValueSpecification","valueRequired":true,"valueName":"search_term_string"}}],"inLanguage":"pt-BR"},{"@type":"Person","@id":"https:\/\/www.correiobraziliense.com.br\/cbradar\/#\/schema\/person\/5440b72be9c7eb74f446c846479dc4da","name":"Patrick Silva","image":{"@type":"ImageObject","inLanguage":"pt-BR","@id":"https:\/\/www.correiobraziliense.com.br\/cbradar\/#\/schema\/person\/image\/","url":"https:\/\/secure.gravatar.com\/avatar\/944109df296fc087785c9715fd5f80b2?s=96&d=mm&r=g","contentUrl":"https:\/\/secure.gravatar.com\/avatar\/944109df296fc087785c9715fd5f80b2?s=96&d=mm&r=g","caption":"Patrick Silva"},"sameAs":["https:\/\/www.correiobraziliense.com.br\/cbradar\/"],"url":"https:\/\/www.correiobraziliense.com.br\/cbradar\/author\/patrick-silva\/"}]}},"_links":{"self":[{"href":"https:\/\/www.correiobraziliense.com.br\/cbradar\/wp-json\/wp\/v2\/posts\/235326","targetHints":{"allow":["GET"]}}],"collection":[{"href":"https:\/\/www.correiobraziliense.com.br\/cbradar\/wp-json\/wp\/v2\/posts"}],"about":[{"href":"https:\/\/www.correiobraziliense.com.br\/cbradar\/wp-json\/wp\/v2\/types\/post"}],"author":[{"embeddable":true,"href":"https:\/\/www.correiobraziliense.com.br\/cbradar\/wp-json\/wp\/v2\/users\/21"}],"replies":[{"embeddable":true,"href":"https:\/\/www.correiobraziliense.com.br\/cbradar\/wp-json\/wp\/v2\/comments?post=235326"}],"version-history":[{"count":3,"href":"https:\/\/www.correiobraziliense.com.br\/cbradar\/wp-json\/wp\/v2\/posts\/235326\/revisions"}],"predecessor-version":[{"id":235502,"href":"https:\/\/www.correiobraziliense.com.br\/cbradar\/wp-json\/wp\/v2\/posts\/235326\/revisions\/235502"}],"wp:featuredmedia":[{"embeddable":true,"href":"https:\/\/www.correiobraziliense.com.br\/cbradar\/wp-json\/wp\/v2\/media\/235495"}],"wp:attachment":[{"href":"https:\/\/www.correiobraziliense.com.br\/cbradar\/wp-json\/wp\/v2\/media?parent=235326"}],"wp:term":[{"taxonomy":"category","embeddable":true,"href":"https:\/\/www.correiobraziliense.com.br\/cbradar\/wp-json\/wp\/v2\/categories?post=235326"},{"taxonomy":"post_tag","embeddable":true,"href":"https:\/\/www.correiobraziliense.com.br\/cbradar\/wp-json\/wp\/v2\/tags?post=235326"}],"curies":[{"name":"wp","href":"https:\/\/api.w.org\/{rel}","templated":true}]}}