{"id":235327,"date":"2026-05-02T07:05:00","date_gmt":"2026-05-02T10:05:00","guid":{"rendered":"https:\/\/www.correiobraziliense.com.br\/cbradar\/?p=235327"},"modified":"2026-05-01T11:27:48","modified_gmt":"2026-05-01T14:27:48","slug":"como-desenvolver-uma-comunicacao-mais-clara-e-confiante-no-trabalho-com-habitos-simples-que-melhoram-sua-imagem","status":"publish","type":"post","link":"https:\/\/www.correiobraziliense.com.br\/cbradar\/como-desenvolver-uma-comunicacao-mais-clara-e-confiante-no-trabalho-com-habitos-simples-que-melhoram-sua-imagem\/","title":{"rendered":"Como desenvolver uma comunica\u00e7\u00e3o mais clara e confiante no trabalho, com h\u00e1bitos simples que melhoram sua imagem"},"content":{"rendered":"\n<p>A habilidade de transmitir ideias com precis\u00e3o \u00e9 um dos pilares para quem deseja alcan\u00e7ar novos patamares na carreira e fortalecer a autoridade. Muitas vezes, pequenos ajustes na forma como nos expressamos podem transformar a percep\u00e7\u00e3o dos colegas e gestores sobre nossa compet\u00eancia t\u00e9cnica. Entender como a <strong>comunica\u00e7\u00e3o clara<\/strong> influencia o ambiente de trabalho permite que as intera\u00e7\u00f5es se tornem mais produtivas e livres de ru\u00eddos desnecess\u00e1rios.<\/p>\n\n\n\n<h2 class=\"wp-block-heading\">Import\u00e2ncia da clareza para a credibilidade profissional<\/h2>\n\n\n\n<p>Uma <strong>comunica\u00e7\u00e3o clara<\/strong> atua como um cart\u00e3o de visitas intelectual que demonstra organiza\u00e7\u00e3o de pensamento e seguran\u00e7a nas decis\u00f5es tomadas no dia a dia. Quando voc\u00ea consegue explicar conceitos complexos de maneira simples, a confian\u00e7a dos clientes e parceiros de neg\u00f3cios em seu trabalho aumenta consideravelmente.<\/p>\n\n\n\n<p>O uso de <strong>termos objetivos<\/strong> reduz o risco de interpreta\u00e7\u00f5es equivocadas que geram retrabalho e desgaste nas rela\u00e7\u00f5es interpessoais. Profissionais que dominam essa arte costumam ser mais valorizados em grandes centros corporativos, como <strong>S\u00e3o Paulo<\/strong> ou <strong>Nova York<\/strong>, onde o tempo \u00e9 um recurso escasso.<\/p>\n\n\n<div class=\"wp-block-image\">\n<figure class=\"aligncenter size-full\"><img decoding=\"async\" width=\"1280\" height=\"720\" src=\"https:\/\/www.correiobraziliense.com.br\/cbradar\/wp-content\/uploads\/2026\/05\/pessoa-1.jpg\" alt=\"\" class=\"wp-image-235370\" srcset=\"https:\/\/www.correiobraziliense.com.br\/cbradar\/wp-content\/uploads\/2026\/05\/pessoa-1.jpg 1280w, https:\/\/www.correiobraziliense.com.br\/cbradar\/wp-content\/uploads\/2026\/05\/pessoa-1-300x169.jpg 300w, https:\/\/www.correiobraziliense.com.br\/cbradar\/wp-content\/uploads\/2026\/05\/pessoa-1-768x432.jpg 768w, https:\/\/www.correiobraziliense.com.br\/cbradar\/wp-content\/uploads\/2026\/05\/pessoa-1-750x422.jpg 750w, https:\/\/www.correiobraziliense.com.br\/cbradar\/wp-content\/uploads\/2026\/05\/pessoa-1-1140x641.jpg 1140w\" sizes=\"(max-width: 1280px) 100vw, 1280px\" \/><figcaption class=\"wp-element-caption\">O uso de termos objetivos reduz o risco de interpreta\u00e7\u00f5es equivocadas que geram retrabalho e desgaste nas rela\u00e7\u00f5es interpessoais<\/figcaption><\/figure><\/div>\n\n\n<p>Leia tamb\u00e9m: <a href=\"https:\/\/www.correiobraziliense.com.br\/cbradar\/?p=231207\" target=\"_blank\" rel=\"noreferrer noopener\">Crian\u00e7as que convivem com av\u00f3s desenvolvem habilidades importantes que v\u00e3o al\u00e9m da sala de aula<\/a><\/p>\n\n\n\n<h2 class=\"wp-block-heading\">H\u00e1bitos simples para melhorar sua express\u00e3o verbal<\/h2>\n\n\n\n<p>Para desenvolver uma <strong>fala confiante<\/strong>, \u00e9 essencial praticar a escuta ativa antes de formular qualquer resposta ou argumento durante reuni\u00f5es importantes. O sil\u00eancio estrat\u00e9gico permite que voc\u00ea processe a informa\u00e7\u00e3o e entregue uma solu\u00e7\u00e3o muito mais alinhada \u00e0s expectativas da empresa e do mercado.<\/p>\n\n\n\n<p>Evitar v\u00edcios de linguagem e pausas excessivas ajuda a manter o ritmo da conversa e prende a aten\u00e7\u00e3o do interlocutor de forma natural. Um conselho \u00fatil \u00e9 gravar suas pr\u00f3prias apresenta\u00e7\u00f5es para identificar pontos de melhoria na dic\u00e7\u00e3o e na postura corporal, que tamb\u00e9m comunica muito sobre voc\u00ea.<\/p>\n\n\n\n<h2 class=\"wp-block-heading\">Como a escrita profissional impacta sua imagem<\/h2>\n\n\n\n<p>A forma como voc\u00ea redige e-mails e mensagens em plataformas como o <strong>Slack<\/strong> ou <strong>Microsoft Teams<\/strong> reflete seu n\u00edvel de profissionalismo e aten\u00e7\u00e3o aos detalhes. Textos bem estruturados e diretos facilitam a vida de quem recebe a demanda e projetam uma imagem de alta efici\u00eancia e respeito pelo tempo alheio.<\/p>\n\n\n\n<ul class=\"wp-block-list\">\n<li>Estrutura\u00e7\u00e3o l\u00f3gica das ideias antes de iniciar a fala ou escrita.<\/li>\n\n\n\n<li>Uso de pausas pontuais para enfatizar informa\u00e7\u00f5es cruciais.<\/li>\n\n\n\n<li>Elimina\u00e7\u00e3o de palavras desnecess\u00e1rias que poluem o discurso.<\/li>\n\n\n\n<li>Feedback constante com a equipe para alinhar entendimentos.<\/li>\n<\/ul>\n\n\n\n<p>Utilizar uma gram\u00e1tica correta e escolher as palavras certas s\u00e3o diferenciais competitivos em um cen\u00e1rio onde a pressa muitas vezes compromete a qualidade da escrita. Grandes marcas como a <strong>Google<\/strong> e a <strong>Apple<\/strong> priorizam colaboradores que conseguem documentar processos de forma impec\u00e1vel e sem ambiguidades.<\/p>\n\n\n<div class=\"wp-block-image\">\n<figure class=\"aligncenter size-full\"><img decoding=\"async\" width=\"1280\" height=\"720\" src=\"https:\/\/www.correiobraziliense.com.br\/cbradar\/wp-content\/uploads\/2026\/04\/pessoa-calma.jpg\" alt=\"\" class=\"wp-image-233324\" srcset=\"https:\/\/www.correiobraziliense.com.br\/cbradar\/wp-content\/uploads\/2026\/04\/pessoa-calma.jpg 1280w, https:\/\/www.correiobraziliense.com.br\/cbradar\/wp-content\/uploads\/2026\/04\/pessoa-calma-300x169.jpg 300w, https:\/\/www.correiobraziliense.com.br\/cbradar\/wp-content\/uploads\/2026\/04\/pessoa-calma-768x432.jpg 768w, https:\/\/www.correiobraziliense.com.br\/cbradar\/wp-content\/uploads\/2026\/04\/pessoa-calma-750x422.jpg 750w, https:\/\/www.correiobraziliense.com.br\/cbradar\/wp-content\/uploads\/2026\/04\/pessoa-calma-1140x641.jpg 1140w\" sizes=\"(max-width: 1280px) 100vw, 1280px\" \/><figcaption class=\"wp-element-caption\">Adotar h\u00e1bitos que refor\u00e7am a intelig\u00eancia emocional, como a medita\u00e7\u00e3o e o estabelecimento de limites claros<\/figcaption><\/figure><\/div>\n\n\n<h2 class=\"wp-block-heading\">Comunica\u00e7\u00e3o n\u00e3o verbal e o fortalecimento da autoridade<\/h2>\n\n\n\n<p>A <strong>postura corporal<\/strong> e o contato visual s\u00e3o componentes fundamentais que complementam a mensagem dita, transmitindo honestidade e dom\u00ednio sobre o assunto tratado. Manter uma posi\u00e7\u00e3o aberta e gestos moderados ajuda a criar uma conex\u00e3o imediata com o p\u00fablico, seja em uma palestra ou conversa informal.<\/p>\n\n\n\n<p>O tom de voz deve ser ajustado conforme o ambiente, garantindo que a autoridade seja exercida sem parecer agressividade ou inseguran\u00e7a perante os ouvintes. Observar l\u00edderes de sucesso em empresas como a <strong>Amazon<\/strong> pode oferecer insights valiosos sobre como utilizar o corpo a favor da sua mensagem principal.<\/p>\n\n\n\n<h2 class=\"wp-block-heading\">Impacto positivo da assertividade nos resultados da equipe<\/h2>\n\n\n\n<p>Ser um <strong>comunicador assertivo<\/strong> significa saber expressar opini\u00f5es e necessidades de forma firme, por\u00e9m respeitosa, garantindo que seu ponto de vista seja considerado. Isso promove um clima organizacional mais saud\u00e1vel e incentiva a colabora\u00e7\u00e3o entre diferentes departamentos de uma organiza\u00e7\u00e3o moderna e din\u00e2mica.<\/p>\n\n\n\n<p>Ao dominar essas t\u00e9cnicas, voc\u00ea n\u00e3o apenas melhora sua imagem, mas tamb\u00e9m contribui para a fluidez dos processos internos e o sucesso coletivo. Investir continuamente no aprimoramento da linguagem \u00e9 o caminho mais curto para quem busca lideran\u00e7a e reconhecimento genu\u00edno em qualquer setor de atua\u00e7\u00e3o.<\/p>\n","protected":false},"excerpt":{"rendered":"<p>A habilidade de transmitir ideias com precis\u00e3o \u00e9 um dos pilares para quem deseja alcan\u00e7ar novos patamares na carreira e fortalecer a autoridade. Muitas vezes, pequenos ajustes na forma como nos expressamos podem transformar a percep\u00e7\u00e3o dos colegas e gestores sobre nossa compet\u00eancia t\u00e9cnica. Entender como a comunica\u00e7\u00e3o clara influencia o ambiente de trabalho permite [&hellip;]<\/p>\n","protected":false},"author":9,"featured_media":235362,"comment_status":"open","ping_status":"open","sticky":false,"template":"","format":"standard","meta":{"_yoast_wpseo_focuskw":"comunica\u00e7\u00e3o","_yoast_wpseo_title":"","_yoast_wpseo_metadesc":"Aprenda como melhorar sua comunica\u00e7\u00e3o no trabalho e transmitir mais seguran\u00e7a clareza e profissionalismo no dia a dia","jnews-multi-image_gallery":[],"jnews_single_post":{"format":"standard"},"jnews_primary_category":[],"jnews_social_meta":[],"jnews_override_counter":[],"footnotes":""},"categories":[112],"tags":[4255,18488,18487],"class_list":["post-235327","post","type-post","status-publish","format-standard","has-post-thumbnail","hentry","category-curiosidades","tag-comunicacao","tag-credibilidade-profissional","tag-expressao-verbal"],"yoast_head":"<!-- This site is optimized with the Yoast SEO plugin v24.6 - https:\/\/yoast.com\/wordpress\/plugins\/seo\/ -->\n<title>Como desenvolver uma comunica\u00e7\u00e3o mais clara e confiante no trabalho, com h\u00e1bitos simples que melhoram sua imagem - Correio Braziliense - Radar<\/title>\n<meta name=\"description\" content=\"Aprenda como melhorar sua comunica\u00e7\u00e3o no trabalho e transmitir mais seguran\u00e7a clareza e profissionalismo no dia a dia\" \/>\n<meta name=\"robots\" content=\"index, follow, max-snippet:-1, max-image-preview:large, max-video-preview:-1\" \/>\n<link rel=\"canonical\" href=\"https:\/\/www.correiobraziliense.com.br\/cbradar\/como-desenvolver-uma-comunicacao-mais-clara-e-confiante-no-trabalho-com-habitos-simples-que-melhoram-sua-imagem\/\" \/>\n<meta property=\"og:locale\" content=\"pt_BR\" \/>\n<meta property=\"og:type\" content=\"article\" \/>\n<meta property=\"og:title\" content=\"Como desenvolver uma comunica\u00e7\u00e3o mais clara e confiante no trabalho, com h\u00e1bitos simples que melhoram sua imagem - Correio Braziliense - Radar\" \/>\n<meta property=\"og:description\" content=\"Aprenda como melhorar sua comunica\u00e7\u00e3o no trabalho e transmitir mais seguran\u00e7a clareza e profissionalismo no dia a dia\" \/>\n<meta property=\"og:url\" content=\"https:\/\/www.correiobraziliense.com.br\/cbradar\/como-desenvolver-uma-comunicacao-mais-clara-e-confiante-no-trabalho-com-habitos-simples-que-melhoram-sua-imagem\/\" \/>\n<meta property=\"og:site_name\" content=\"Correio Braziliense - Radar\" \/>\n<meta property=\"article:published_time\" content=\"2026-05-02T10:05:00+00:00\" \/>\n<meta property=\"og:image\" content=\"https:\/\/www.correiobraziliense.com.br\/cbradar\/wp-content\/uploads\/2026\/05\/pessoa.jpg\" \/>\n\t<meta property=\"og:image:width\" content=\"1280\" \/>\n\t<meta property=\"og:image:height\" content=\"720\" \/>\n\t<meta property=\"og:image:type\" content=\"image\/jpeg\" \/>\n<meta name=\"author\" content=\"Daniely Cardoso\" \/>\n<meta name=\"twitter:card\" content=\"summary_large_image\" \/>\n<meta name=\"twitter:label1\" content=\"Escrito por\" \/>\n\t<meta name=\"twitter:data1\" content=\"Daniely Cardoso\" \/>\n\t<meta name=\"twitter:label2\" content=\"Est. tempo de leitura\" \/>\n\t<meta name=\"twitter:data2\" content=\"5 minutos\" \/>\n<!-- \/ Yoast SEO plugin. -->","yoast_head_json":{"title":"Como desenvolver uma comunica\u00e7\u00e3o mais clara e confiante no trabalho, com h\u00e1bitos simples que melhoram sua imagem - Correio Braziliense - Radar","description":"Aprenda como melhorar sua comunica\u00e7\u00e3o no trabalho e transmitir mais seguran\u00e7a clareza e profissionalismo no dia a dia","robots":{"index":"index","follow":"follow","max-snippet":"max-snippet:-1","max-image-preview":"max-image-preview:large","max-video-preview":"max-video-preview:-1"},"canonical":"https:\/\/www.correiobraziliense.com.br\/cbradar\/como-desenvolver-uma-comunicacao-mais-clara-e-confiante-no-trabalho-com-habitos-simples-que-melhoram-sua-imagem\/","og_locale":"pt_BR","og_type":"article","og_title":"Como desenvolver uma comunica\u00e7\u00e3o mais clara e confiante no trabalho, com h\u00e1bitos simples que melhoram sua imagem - Correio Braziliense - Radar","og_description":"Aprenda como melhorar sua comunica\u00e7\u00e3o no trabalho e transmitir mais seguran\u00e7a clareza e profissionalismo no dia a dia","og_url":"https:\/\/www.correiobraziliense.com.br\/cbradar\/como-desenvolver-uma-comunicacao-mais-clara-e-confiante-no-trabalho-com-habitos-simples-que-melhoram-sua-imagem\/","og_site_name":"Correio Braziliense - Radar","article_published_time":"2026-05-02T10:05:00+00:00","og_image":[{"width":1280,"height":720,"url":"https:\/\/www.correiobraziliense.com.br\/cbradar\/wp-content\/uploads\/2026\/05\/pessoa.jpg","type":"image\/jpeg"}],"author":"Daniely Cardoso","twitter_card":"summary_large_image","twitter_misc":{"Escrito por":"Daniely Cardoso","Est. tempo de leitura":"5 minutos"},"schema":{"@context":"https:\/\/schema.org","@graph":[{"@type":"WebPage","@id":"https:\/\/www.correiobraziliense.com.br\/cbradar\/como-desenvolver-uma-comunicacao-mais-clara-e-confiante-no-trabalho-com-habitos-simples-que-melhoram-sua-imagem\/","url":"https:\/\/www.correiobraziliense.com.br\/cbradar\/como-desenvolver-uma-comunicacao-mais-clara-e-confiante-no-trabalho-com-habitos-simples-que-melhoram-sua-imagem\/","name":"Como desenvolver uma comunica\u00e7\u00e3o mais clara e confiante no trabalho, com h\u00e1bitos simples que melhoram sua imagem - Correio Braziliense - Radar","isPartOf":{"@id":"https:\/\/www.correiobraziliense.com.br\/cbradar\/#website"},"primaryImageOfPage":{"@id":"https:\/\/www.correiobraziliense.com.br\/cbradar\/como-desenvolver-uma-comunicacao-mais-clara-e-confiante-no-trabalho-com-habitos-simples-que-melhoram-sua-imagem\/#primaryimage"},"image":{"@id":"https:\/\/www.correiobraziliense.com.br\/cbradar\/como-desenvolver-uma-comunicacao-mais-clara-e-confiante-no-trabalho-com-habitos-simples-que-melhoram-sua-imagem\/#primaryimage"},"thumbnailUrl":"https:\/\/www.correiobraziliense.com.br\/cbradar\/wp-content\/uploads\/2026\/05\/pessoa.jpg","datePublished":"2026-05-02T10:05:00+00:00","author":{"@id":"https:\/\/www.correiobraziliense.com.br\/cbradar\/#\/schema\/person\/7356666e12ec0ee53f348ee5db227032"},"description":"Aprenda como melhorar sua comunica\u00e7\u00e3o no trabalho e transmitir mais seguran\u00e7a clareza e profissionalismo no dia a dia","breadcrumb":{"@id":"https:\/\/www.correiobraziliense.com.br\/cbradar\/como-desenvolver-uma-comunicacao-mais-clara-e-confiante-no-trabalho-com-habitos-simples-que-melhoram-sua-imagem\/#breadcrumb"},"inLanguage":"pt-BR","potentialAction":[{"@type":"ReadAction","target":["https:\/\/www.correiobraziliense.com.br\/cbradar\/como-desenvolver-uma-comunicacao-mais-clara-e-confiante-no-trabalho-com-habitos-simples-que-melhoram-sua-imagem\/"]}]},{"@type":"ImageObject","inLanguage":"pt-BR","@id":"https:\/\/www.correiobraziliense.com.br\/cbradar\/como-desenvolver-uma-comunicacao-mais-clara-e-confiante-no-trabalho-com-habitos-simples-que-melhoram-sua-imagem\/#primaryimage","url":"https:\/\/www.correiobraziliense.com.br\/cbradar\/wp-content\/uploads\/2026\/05\/pessoa.jpg","contentUrl":"https:\/\/www.correiobraziliense.com.br\/cbradar\/wp-content\/uploads\/2026\/05\/pessoa.jpg","width":1280,"height":720,"caption":"Uma comunica\u00e7\u00e3o clara atua como um cart\u00e3o de visitas intelectual que demonstra organiza\u00e7\u00e3o de pensamento"},{"@type":"BreadcrumbList","@id":"https:\/\/www.correiobraziliense.com.br\/cbradar\/como-desenvolver-uma-comunicacao-mais-clara-e-confiante-no-trabalho-com-habitos-simples-que-melhoram-sua-imagem\/#breadcrumb","itemListElement":[{"@type":"ListItem","position":1,"name":"In\u00edcio","item":"https:\/\/www.correiobraziliense.com.br\/cbradar\/"},{"@type":"ListItem","position":2,"name":"Como desenvolver uma comunica\u00e7\u00e3o mais clara e confiante no trabalho, com h\u00e1bitos simples que melhoram sua imagem"}]},{"@type":"WebSite","@id":"https:\/\/www.correiobraziliense.com.br\/cbradar\/#website","url":"https:\/\/www.correiobraziliense.com.br\/cbradar\/","name":"Correio Braziliense - Radar","description":"Acompanhe as \u00faltimas not\u00edcias e fique bem informado sobre tudo o que acontece no Brasil e no mundo.","potentialAction":[{"@type":"SearchAction","target":{"@type":"EntryPoint","urlTemplate":"https:\/\/www.correiobraziliense.com.br\/cbradar\/?s={search_term_string}"},"query-input":{"@type":"PropertyValueSpecification","valueRequired":true,"valueName":"search_term_string"}}],"inLanguage":"pt-BR"},{"@type":"Person","@id":"https:\/\/www.correiobraziliense.com.br\/cbradar\/#\/schema\/person\/7356666e12ec0ee53f348ee5db227032","name":"Daniely Cardoso","image":{"@type":"ImageObject","inLanguage":"pt-BR","@id":"https:\/\/www.correiobraziliense.com.br\/cbradar\/#\/schema\/person\/image\/","url":"https:\/\/secure.gravatar.com\/avatar\/4b80ddbd124d1f071b626d52d62e5dff?s=96&d=mm&r=g","contentUrl":"https:\/\/secure.gravatar.com\/avatar\/4b80ddbd124d1f071b626d52d62e5dff?s=96&d=mm&r=g","caption":"Daniely Cardoso"},"description":"Redatora nos portais CB Radar e EM Foco, formada pela Universidade Federal de Goi\u00e1s, em Goi\u00e2nia. Apaixonada por comunica\u00e7\u00e3o, arte, decora\u00e7\u00e3o e tend\u00eancias, atuo na produ\u00e7\u00e3o de conte\u00fados envolventes sobre curiosidades, moda, beleza e paisagismo, sempre com um olhar atento \u00e0s novidades do momento.","sameAs":["https:\/\/www.correiobraziliense.com.br\/cbradar"],"url":"https:\/\/www.correiobraziliense.com.br\/cbradar\/author\/danielymyth\/"}]}},"_links":{"self":[{"href":"https:\/\/www.correiobraziliense.com.br\/cbradar\/wp-json\/wp\/v2\/posts\/235327","targetHints":{"allow":["GET"]}}],"collection":[{"href":"https:\/\/www.correiobraziliense.com.br\/cbradar\/wp-json\/wp\/v2\/posts"}],"about":[{"href":"https:\/\/www.correiobraziliense.com.br\/cbradar\/wp-json\/wp\/v2\/types\/post"}],"author":[{"embeddable":true,"href":"https:\/\/www.correiobraziliense.com.br\/cbradar\/wp-json\/wp\/v2\/users\/9"}],"replies":[{"embeddable":true,"href":"https:\/\/www.correiobraziliense.com.br\/cbradar\/wp-json\/wp\/v2\/comments?post=235327"}],"version-history":[{"count":1,"href":"https:\/\/www.correiobraziliense.com.br\/cbradar\/wp-json\/wp\/v2\/posts\/235327\/revisions"}],"predecessor-version":[{"id":235372,"href":"https:\/\/www.correiobraziliense.com.br\/cbradar\/wp-json\/wp\/v2\/posts\/235327\/revisions\/235372"}],"wp:featuredmedia":[{"embeddable":true,"href":"https:\/\/www.correiobraziliense.com.br\/cbradar\/wp-json\/wp\/v2\/media\/235362"}],"wp:attachment":[{"href":"https:\/\/www.correiobraziliense.com.br\/cbradar\/wp-json\/wp\/v2\/media?parent=235327"}],"wp:term":[{"taxonomy":"category","embeddable":true,"href":"https:\/\/www.correiobraziliense.com.br\/cbradar\/wp-json\/wp\/v2\/categories?post=235327"},{"taxonomy":"post_tag","embeddable":true,"href":"https:\/\/www.correiobraziliense.com.br\/cbradar\/wp-json\/wp\/v2\/tags?post=235327"}],"curies":[{"name":"wp","href":"https:\/\/api.w.org\/{rel}","templated":true}]}}