{"id":235332,"date":"2026-05-01T16:49:00","date_gmt":"2026-05-01T19:49:00","guid":{"rendered":"https:\/\/www.correiobraziliense.com.br\/cbradar\/?p=235332"},"modified":"2026-05-01T11:25:21","modified_gmt":"2026-05-01T14:25:21","slug":"o-nome-masculino-com-so-3-letras-que-esta-crescendo-no-brasil-por-ser-moderno-e-facil-de-pronunciar","status":"publish","type":"post","link":"https:\/\/www.correiobraziliense.com.br\/cbradar\/o-nome-masculino-com-so-3-letras-que-esta-crescendo-no-brasil-por-ser-moderno-e-facil-de-pronunciar\/","title":{"rendered":"O nome masculino com s\u00f3 3 letras que est\u00e1 crescendo no Brasil por ser moderno e f\u00e1cil de pronunciar"},"content":{"rendered":"\n<p>Por que tantos pais est\u00e3o escolhendo um nome com apenas tr\u00eas letras para os filhos? A resposta est\u00e1 na simplicidade poderosa de <strong>T\u00e9o<\/strong>, um nome que disparou nos cart\u00f3rios brasileiros nos \u00faltimos anos. Sua ascens\u00e3o n\u00e3o \u00e9 moda passageira: \u00e9 o encontro entre um significado forte, uma sonoridade que atravessa fronteiras e a praticidade que a vida contempor\u00e2nea pede.<\/p>\n\n\n\n<h2 class=\"wp-block-heading\">Por que T\u00e9o \u00e9 o nome de 3 letras que mais atrai os pais brasileiros?<\/h2>\n\n\n\n<p>O nome <strong>T\u00e9o<\/strong> re\u00fane tr\u00eas caracter\u00edsticas que os pais modernos valorizam: \u00e9 curto, f\u00e1cil de pronunciar e carrega um significado grandioso. Diferente de apelidos que funcionam s\u00f3 na intimidade, T\u00e9o tem for\u00e7a pr\u00f3pria para brilhar sozinho no registro de nascimento.<\/p>\n\n\n\n<p>A prefer\u00eancia por nomes de tr\u00eas letras reflete uma busca por autenticidade sem excessos.<\/p>\n\n\n<div class=\"wp-block-image\">\n<figure class=\"aligncenter size-full\"><img decoding=\"async\" width=\"1280\" height=\"720\" src=\"https:\/\/www.correiobraziliense.com.br\/cbradar\/wp-content\/uploads\/2026\/05\/IMAGEM_720p_1777645401395.jpg\" alt=\"Nome T\u00e9o como destaque de popularidade\" class=\"wp-image-235354\" srcset=\"https:\/\/www.correiobraziliense.com.br\/cbradar\/wp-content\/uploads\/2026\/05\/IMAGEM_720p_1777645401395.jpg 1280w, https:\/\/www.correiobraziliense.com.br\/cbradar\/wp-content\/uploads\/2026\/05\/IMAGEM_720p_1777645401395-300x169.jpg 300w, https:\/\/www.correiobraziliense.com.br\/cbradar\/wp-content\/uploads\/2026\/05\/IMAGEM_720p_1777645401395-768x432.jpg 768w, https:\/\/www.correiobraziliense.com.br\/cbradar\/wp-content\/uploads\/2026\/05\/IMAGEM_720p_1777645401395-750x422.jpg 750w, https:\/\/www.correiobraziliense.com.br\/cbradar\/wp-content\/uploads\/2026\/05\/IMAGEM_720p_1777645401395-1140x641.jpg 1140w\" sizes=\"(max-width: 1280px) 100vw, 1280px\" \/><figcaption class=\"wp-element-caption\">Nome T\u00e9o como destaque de popularidade<\/figcaption><\/figure><\/div>\n\n\n<h2 class=\"wp-block-heading\">Qual o significado por tr\u00e1s do nome T\u00e9o?<\/h2>\n\n\n\n<p>Com origem no grego <strong>the\u00f3s<\/strong>, T\u00e9o significa literalmente \u201cDeus\u201d ou \u201cDeus Supremo\u201d. Na Antiguidade, a palavra era usada para designar divindades gregas e, com o cristianismo, passou a se referir ao Deus \u00fanico.<\/p>\n\n\n\n<p>Tamb\u00e9m funciona como diminutivo de <strong>Teodoro<\/strong>, nome que une the\u00f3s (Deus) e doron (d\u00e1diva), resultando em \u201cpresente de Deus\u201d. \u00c9 um nome pequeno no tamanho, mas gigante no simbolismo.<\/p>\n\n\n\n<p>Leia tamb\u00e9m: <a href=\"https:\/\/www.correiobraziliense.com.br\/cbradar\/a-palavra-que-muita-gente-evita-usar-em-redacao-formal-mas-esta-correta-segundo-o-vocabulario-ortografico-da-lingua-portuguesa\/\" target=\"_blank\" rel=\"noreferrer noopener\">A palavra que muita gente evita usar em reda\u00e7\u00e3o formal, mas est\u00e1 correta segundo o Vocabul\u00e1rio Ortogr\u00e1fico da L\u00edngua Portuguesa<\/a><\/p>\n\n\n\n<h2 class=\"wp-block-heading\">T\u00e9o \u00e9 um nome b\u00edblico ou religioso?<\/h2>\n\n\n\n<p>Embora n\u00e3o apare\u00e7a diretamente na B\u00edblia como um personagem, T\u00e9o carrega em sua raiz a palavra grega para Deus, a mesma que deu origem a termos como Teologia e Teocracia. Essa conex\u00e3o espiritual agrada pais que buscam um nome com fundo religioso, mas sem o peso dos nomes b\u00edblicos tradicionais.<\/p>\n\n\n\n<p>A <a href=\"https:\/\/pt.wikipedia.org\/wiki\/Lista_de_unidades_federativas_do_Brasil_por_nomes_mais_registrados\" target=\"_blank\" rel=\"noreferrer noopener\">lista de nomes mais registrados no Brasil<\/a> revela que a variante <strong>Theo<\/strong> j\u00e1 figurava entre os dez primeiros em 2022. A vers\u00e3o abrasileirada T\u00e9o cresce na mesma onda de espiritualidade e modernidade.<\/p>\n\n\n\n<h2 class=\"wp-block-heading\">Como a cultura pop e as redes sociais impulsionaram o nome T\u00e9o?<\/h2>\n\n\n\n<p>O nome ganhou tra\u00e7\u00e3o extra com a exposi\u00e7\u00e3o em s\u00e9ries, filmes e perfis de influenciadores. <strong>Theo<\/strong> \u00e9 comum em produ\u00e7\u00f5es internacionais, e a adapta\u00e7\u00e3o para T\u00e9o trouxe um toque brasileiro sem perder a pegada global.<\/p>\n\n\n\n<p>Influenciadores digitais que escolheram o nome para os filhos ajudaram a consolidar a tend\u00eancia. <\/p>\n\n\n<div class=\"wp-block-image\">\n<figure class=\"aligncenter size-full\"><img decoding=\"async\" width=\"1280\" height=\"720\" src=\"https:\/\/www.correiobraziliense.com.br\/cbradar\/wp-content\/uploads\/2026\/05\/IMAGEM_720p_1777645404902.jpg\" alt=\"Nome T\u00e9o como destaque de popularidade\" class=\"wp-image-235355\" srcset=\"https:\/\/www.correiobraziliense.com.br\/cbradar\/wp-content\/uploads\/2026\/05\/IMAGEM_720p_1777645404902.jpg 1280w, https:\/\/www.correiobraziliense.com.br\/cbradar\/wp-content\/uploads\/2026\/05\/IMAGEM_720p_1777645404902-300x169.jpg 300w, https:\/\/www.correiobraziliense.com.br\/cbradar\/wp-content\/uploads\/2026\/05\/IMAGEM_720p_1777645404902-768x432.jpg 768w, https:\/\/www.correiobraziliense.com.br\/cbradar\/wp-content\/uploads\/2026\/05\/IMAGEM_720p_1777645404902-750x422.jpg 750w, https:\/\/www.correiobraziliense.com.br\/cbradar\/wp-content\/uploads\/2026\/05\/IMAGEM_720p_1777645404902-1140x641.jpg 1140w\" sizes=\"(max-width: 1280px) 100vw, 1280px\" \/><figcaption class=\"wp-element-caption\">Nome T\u00e9o como destaque de popularidade<\/figcaption><\/figure><\/div>\n\n\n<h2 class=\"wp-block-heading\">T\u00e9o \u00e9 f\u00e1cil de pronunciar em outros idiomas?<\/h2>\n\n\n\n<p>Sim, e esse \u00e9 um dos trunfos do nome. A grafia T\u00e9o \u00e9 intuitiva para falantes de portugu\u00eas, enquanto a vers\u00e3o <strong>Theo<\/strong> funciona perfeitamente em ingl\u00eas, franc\u00eas, alem\u00e3o e holand\u00eas. Em um mundo cada vez mais conectado, nomes com pron\u00fancia internacional viram vantagem.<\/p>\n\n\n\n<p>A versatilidade tamb\u00e9m aparece nos nomes compostos. <strong>Theo Gabriel<\/strong>, <strong>Enzo Theo<\/strong> e <strong>Theo Rafael<\/strong> s\u00e3o combina\u00e7\u00f5es frequentes nos cart\u00f3rios. Os pais conseguem um nome curto e ainda abrem espa\u00e7o para um segundo nome significativo.<\/p>\n\n\n\n<h2 class=\"wp-block-heading\">O crescimento de T\u00e9o \u00e9 tend\u00eancia passageira ou nome consolidado?<\/h2>\n\n\n\n<p>Os n\u00fameros indicam que T\u00e9o e suas varia\u00e7\u00f5es n\u00e3o s\u00e3o moda de um ano s\u00f3. O nome aparece consistentemente entre os mais registrados desde 2022, com crescimento est\u00e1vel. A prefer\u00eancia por nomes curtos e significativos n\u00e3o d\u00e1 sinais de recuo.<\/p>\n\n\n\n<p>Especialistas em comportamento familiar apontam que nomes minimalistas, com significado forte e pron\u00fancia simples, tendem a permanecer no gosto popular por d\u00e9cadas. T\u00e9o parece ter chegado para ficar.<\/p>\n","protected":false},"excerpt":{"rendered":"<p>Por que tantos pais est\u00e3o escolhendo um nome com apenas tr\u00eas letras para os filhos? A resposta est\u00e1 na simplicidade poderosa de T\u00e9o, um nome que disparou nos cart\u00f3rios brasileiros nos \u00faltimos anos. Sua ascens\u00e3o n\u00e3o \u00e9 moda passageira: \u00e9 o encontro entre um significado forte, uma sonoridade que atravessa fronteiras e a praticidade que [&hellip;]<\/p>\n","protected":false},"author":11,"featured_media":235353,"comment_status":"open","ping_status":"open","sticky":false,"template":"","format":"standard","meta":{"_yoast_wpseo_focuskw":"T\u00e9o nome masculino 3 letras","_yoast_wpseo_title":"","_yoast_wpseo_metadesc":"Tr\u00eas letras, um significado divino e uma legi\u00e3o de pais fascinados. Entenda por que T\u00e9o disparou nos cart\u00f3rios brasileiros e virou sin\u00f4nimo de nome moderno.","jnews-multi-image_gallery":[],"jnews_single_post":{"format":"standard"},"jnews_primary_category":[],"jnews_social_meta":[],"jnews_override_counter":[],"footnotes":""},"categories":[112],"tags":[5313,11461,12232,18483],"class_list":["post-235332","post","type-post","status-publish","format-standard","has-post-thumbnail","hentry","category-curiosidades","tag-nome-de-bebe","tag-nomes-curtos","tag-popularidade","tag-teo"],"yoast_head":"<!-- This site is optimized with the Yoast SEO plugin v24.6 - https:\/\/yoast.com\/wordpress\/plugins\/seo\/ -->\n<title>O nome masculino com s\u00f3 3 letras que est\u00e1 crescendo no Brasil por ser moderno e f\u00e1cil de pronunciar - Correio Braziliense - Radar<\/title>\n<meta name=\"description\" content=\"Tr\u00eas letras, um significado divino e uma legi\u00e3o de pais fascinados. Entenda por que T\u00e9o disparou nos cart\u00f3rios brasileiros e virou sin\u00f4nimo de nome moderno.\" \/>\n<meta name=\"robots\" content=\"index, follow, max-snippet:-1, max-image-preview:large, max-video-preview:-1\" \/>\n<link rel=\"canonical\" href=\"https:\/\/www.correiobraziliense.com.br\/cbradar\/o-nome-masculino-com-so-3-letras-que-esta-crescendo-no-brasil-por-ser-moderno-e-facil-de-pronunciar\/\" \/>\n<meta property=\"og:locale\" content=\"pt_BR\" \/>\n<meta property=\"og:type\" content=\"article\" \/>\n<meta property=\"og:title\" content=\"O nome masculino com s\u00f3 3 letras que est\u00e1 crescendo no Brasil por ser moderno e f\u00e1cil de pronunciar - Correio Braziliense - Radar\" \/>\n<meta property=\"og:description\" content=\"Tr\u00eas letras, um significado divino e uma legi\u00e3o de pais fascinados. Entenda por que T\u00e9o disparou nos cart\u00f3rios brasileiros e virou sin\u00f4nimo de nome moderno.\" \/>\n<meta property=\"og:url\" content=\"https:\/\/www.correiobraziliense.com.br\/cbradar\/o-nome-masculino-com-so-3-letras-que-esta-crescendo-no-brasil-por-ser-moderno-e-facil-de-pronunciar\/\" \/>\n<meta property=\"og:site_name\" content=\"Correio Braziliense - Radar\" \/>\n<meta property=\"article:published_time\" content=\"2026-05-01T19:49:00+00:00\" \/>\n<meta property=\"og:image\" content=\"https:\/\/www.correiobraziliense.com.br\/cbradar\/wp-content\/uploads\/2026\/05\/IMAGEM_720p_1777645398708.jpg\" \/>\n\t<meta property=\"og:image:width\" content=\"1280\" \/>\n\t<meta property=\"og:image:height\" content=\"720\" \/>\n\t<meta property=\"og:image:type\" content=\"image\/jpeg\" \/>\n<meta name=\"author\" content=\"Paulo Custodio\" \/>\n<meta name=\"twitter:card\" content=\"summary_large_image\" \/>\n<meta name=\"twitter:label1\" content=\"Escrito por\" \/>\n\t<meta name=\"twitter:data1\" content=\"Paulo Custodio\" \/>\n\t<meta name=\"twitter:label2\" content=\"Est. tempo de leitura\" \/>\n\t<meta name=\"twitter:data2\" content=\"4 minutos\" \/>\n<!-- \/ Yoast SEO plugin. -->","yoast_head_json":{"title":"O nome masculino com s\u00f3 3 letras que est\u00e1 crescendo no Brasil por ser moderno e f\u00e1cil de pronunciar - Correio Braziliense - Radar","description":"Tr\u00eas letras, um significado divino e uma legi\u00e3o de pais fascinados. Entenda por que T\u00e9o disparou nos cart\u00f3rios brasileiros e virou sin\u00f4nimo de nome moderno.","robots":{"index":"index","follow":"follow","max-snippet":"max-snippet:-1","max-image-preview":"max-image-preview:large","max-video-preview":"max-video-preview:-1"},"canonical":"https:\/\/www.correiobraziliense.com.br\/cbradar\/o-nome-masculino-com-so-3-letras-que-esta-crescendo-no-brasil-por-ser-moderno-e-facil-de-pronunciar\/","og_locale":"pt_BR","og_type":"article","og_title":"O nome masculino com s\u00f3 3 letras que est\u00e1 crescendo no Brasil por ser moderno e f\u00e1cil de pronunciar - Correio Braziliense - Radar","og_description":"Tr\u00eas letras, um significado divino e uma legi\u00e3o de pais fascinados. Entenda por que T\u00e9o disparou nos cart\u00f3rios brasileiros e virou sin\u00f4nimo de nome moderno.","og_url":"https:\/\/www.correiobraziliense.com.br\/cbradar\/o-nome-masculino-com-so-3-letras-que-esta-crescendo-no-brasil-por-ser-moderno-e-facil-de-pronunciar\/","og_site_name":"Correio Braziliense - Radar","article_published_time":"2026-05-01T19:49:00+00:00","og_image":[{"width":1280,"height":720,"url":"https:\/\/www.correiobraziliense.com.br\/cbradar\/wp-content\/uploads\/2026\/05\/IMAGEM_720p_1777645398708.jpg","type":"image\/jpeg"}],"author":"Paulo Custodio","twitter_card":"summary_large_image","twitter_misc":{"Escrito por":"Paulo Custodio","Est. tempo de leitura":"4 minutos"},"schema":{"@context":"https:\/\/schema.org","@graph":[{"@type":"WebPage","@id":"https:\/\/www.correiobraziliense.com.br\/cbradar\/o-nome-masculino-com-so-3-letras-que-esta-crescendo-no-brasil-por-ser-moderno-e-facil-de-pronunciar\/","url":"https:\/\/www.correiobraziliense.com.br\/cbradar\/o-nome-masculino-com-so-3-letras-que-esta-crescendo-no-brasil-por-ser-moderno-e-facil-de-pronunciar\/","name":"O nome masculino com s\u00f3 3 letras que est\u00e1 crescendo no Brasil por ser moderno e f\u00e1cil de pronunciar - Correio Braziliense - Radar","isPartOf":{"@id":"https:\/\/www.correiobraziliense.com.br\/cbradar\/#website"},"primaryImageOfPage":{"@id":"https:\/\/www.correiobraziliense.com.br\/cbradar\/o-nome-masculino-com-so-3-letras-que-esta-crescendo-no-brasil-por-ser-moderno-e-facil-de-pronunciar\/#primaryimage"},"image":{"@id":"https:\/\/www.correiobraziliense.com.br\/cbradar\/o-nome-masculino-com-so-3-letras-que-esta-crescendo-no-brasil-por-ser-moderno-e-facil-de-pronunciar\/#primaryimage"},"thumbnailUrl":"https:\/\/www.correiobraziliense.com.br\/cbradar\/wp-content\/uploads\/2026\/05\/IMAGEM_720p_1777645398708.jpg","datePublished":"2026-05-01T19:49:00+00:00","author":{"@id":"https:\/\/www.correiobraziliense.com.br\/cbradar\/#\/schema\/person\/4cec7857301a9a1a2ef249893cd908d3"},"description":"Tr\u00eas letras, um significado divino e uma legi\u00e3o de pais fascinados. Entenda por que T\u00e9o disparou nos cart\u00f3rios brasileiros e virou sin\u00f4nimo de nome moderno.","breadcrumb":{"@id":"https:\/\/www.correiobraziliense.com.br\/cbradar\/o-nome-masculino-com-so-3-letras-que-esta-crescendo-no-brasil-por-ser-moderno-e-facil-de-pronunciar\/#breadcrumb"},"inLanguage":"pt-BR","potentialAction":[{"@type":"ReadAction","target":["https:\/\/www.correiobraziliense.com.br\/cbradar\/o-nome-masculino-com-so-3-letras-que-esta-crescendo-no-brasil-por-ser-moderno-e-facil-de-pronunciar\/"]}]},{"@type":"ImageObject","inLanguage":"pt-BR","@id":"https:\/\/www.correiobraziliense.com.br\/cbradar\/o-nome-masculino-com-so-3-letras-que-esta-crescendo-no-brasil-por-ser-moderno-e-facil-de-pronunciar\/#primaryimage","url":"https:\/\/www.correiobraziliense.com.br\/cbradar\/wp-content\/uploads\/2026\/05\/IMAGEM_720p_1777645398708.jpg","contentUrl":"https:\/\/www.correiobraziliense.com.br\/cbradar\/wp-content\/uploads\/2026\/05\/IMAGEM_720p_1777645398708.jpg","width":1280,"height":720,"caption":"Nome T\u00e9o como destaque de popularidade"},{"@type":"BreadcrumbList","@id":"https:\/\/www.correiobraziliense.com.br\/cbradar\/o-nome-masculino-com-so-3-letras-que-esta-crescendo-no-brasil-por-ser-moderno-e-facil-de-pronunciar\/#breadcrumb","itemListElement":[{"@type":"ListItem","position":1,"name":"In\u00edcio","item":"https:\/\/www.correiobraziliense.com.br\/cbradar\/"},{"@type":"ListItem","position":2,"name":"O nome masculino com s\u00f3 3 letras que est\u00e1 crescendo no Brasil por ser moderno e f\u00e1cil de pronunciar"}]},{"@type":"WebSite","@id":"https:\/\/www.correiobraziliense.com.br\/cbradar\/#website","url":"https:\/\/www.correiobraziliense.com.br\/cbradar\/","name":"Correio Braziliense - Radar","description":"Acompanhe as \u00faltimas not\u00edcias e fique bem informado sobre tudo o que acontece no Brasil e no mundo.","potentialAction":[{"@type":"SearchAction","target":{"@type":"EntryPoint","urlTemplate":"https:\/\/www.correiobraziliense.com.br\/cbradar\/?s={search_term_string}"},"query-input":{"@type":"PropertyValueSpecification","valueRequired":true,"valueName":"search_term_string"}}],"inLanguage":"pt-BR"},{"@type":"Person","@id":"https:\/\/www.correiobraziliense.com.br\/cbradar\/#\/schema\/person\/4cec7857301a9a1a2ef249893cd908d3","name":"Paulo Custodio","image":{"@type":"ImageObject","inLanguage":"pt-BR","@id":"https:\/\/www.correiobraziliense.com.br\/cbradar\/#\/schema\/person\/image\/","url":"https:\/\/secure.gravatar.com\/avatar\/bcd67168d1534e8fcf4f45c726a87cea?s=96&d=mm&r=g","contentUrl":"https:\/\/secure.gravatar.com\/avatar\/bcd67168d1534e8fcf4f45c726a87cea?s=96&d=mm&r=g","caption":"Paulo Custodio"},"sameAs":["https:\/\/www.correiobraziliense.com.br\/cbradar"],"url":"https:\/\/www.correiobraziliense.com.br\/cbradar\/author\/paulomyth\/"}]}},"_links":{"self":[{"href":"https:\/\/www.correiobraziliense.com.br\/cbradar\/wp-json\/wp\/v2\/posts\/235332","targetHints":{"allow":["GET"]}}],"collection":[{"href":"https:\/\/www.correiobraziliense.com.br\/cbradar\/wp-json\/wp\/v2\/posts"}],"about":[{"href":"https:\/\/www.correiobraziliense.com.br\/cbradar\/wp-json\/wp\/v2\/types\/post"}],"author":[{"embeddable":true,"href":"https:\/\/www.correiobraziliense.com.br\/cbradar\/wp-json\/wp\/v2\/users\/11"}],"replies":[{"embeddable":true,"href":"https:\/\/www.correiobraziliense.com.br\/cbradar\/wp-json\/wp\/v2\/comments?post=235332"}],"version-history":[{"count":1,"href":"https:\/\/www.correiobraziliense.com.br\/cbradar\/wp-json\/wp\/v2\/posts\/235332\/revisions"}],"predecessor-version":[{"id":235360,"href":"https:\/\/www.correiobraziliense.com.br\/cbradar\/wp-json\/wp\/v2\/posts\/235332\/revisions\/235360"}],"wp:featuredmedia":[{"embeddable":true,"href":"https:\/\/www.correiobraziliense.com.br\/cbradar\/wp-json\/wp\/v2\/media\/235353"}],"wp:attachment":[{"href":"https:\/\/www.correiobraziliense.com.br\/cbradar\/wp-json\/wp\/v2\/media?parent=235332"}],"wp:term":[{"taxonomy":"category","embeddable":true,"href":"https:\/\/www.correiobraziliense.com.br\/cbradar\/wp-json\/wp\/v2\/categories?post=235332"},{"taxonomy":"post_tag","embeddable":true,"href":"https:\/\/www.correiobraziliense.com.br\/cbradar\/wp-json\/wp\/v2\/tags?post=235332"}],"curies":[{"name":"wp","href":"https:\/\/api.w.org\/{rel}","templated":true}]}}