{"id":235338,"date":"2026-05-02T03:30:00","date_gmt":"2026-05-02T06:30:00","guid":{"rendered":"https:\/\/www.correiobraziliense.com.br\/cbradar\/?p=235338"},"modified":"2026-05-01T11:54:40","modified_gmt":"2026-05-01T14:54:40","slug":"citacao-do-dia-de-confucio-nao-corrijas-o-homem-zombando-dele-corrige-o-instruindo-o","status":"publish","type":"post","link":"https:\/\/www.correiobraziliense.com.br\/cbradar\/citacao-do-dia-de-confucio-nao-corrijas-o-homem-zombando-dele-corrige-o-instruindo-o\/","title":{"rendered":"Cita\u00e7\u00e3o do dia de Conf\u00facio: \u201cN\u00e3o corrijas o homem zombando dele, corrige-o instruindo-o\u201d"},"content":{"rendered":"\n<p>A filosofia de <strong>Conf\u00facio<\/strong> oferece li\u00e7\u00f5es atemporais sobre lideran\u00e7a e desenvolvimento humano atrav\u00e9s da educa\u00e7\u00e3o respeitosa e \u00e9tica constante. Evitar o deboche ao apontar erros alheios preserva a dignidade do pr\u00f3ximo e garante que o aprendizado seja efetivo. Adotar uma postura de instrutor fortalece os v\u00ednculos sociais e promove um ambiente saud\u00e1vel.<\/p>\n\n\n\n<h2 class=\"wp-block-heading\">Como a instru\u00e7\u00e3o substitui o deboche na educa\u00e7\u00e3o moderna?<\/h2>\n\n\n\n<p>Utilizar a instru\u00e7\u00e3o direta em vez da zombaria cria uma ponte de confian\u00e7a necess\u00e1ria para que o erro se transforme em evolu\u00e7\u00e3o. Quando uma pessoa \u00e9 humilhada publicamente, o c\u00e9rebro ativa mecanismos de defesa que bloqueiam a assimila\u00e7\u00e3o de novos conhecimentos importantes. O foco deve ser sempre a melhoria do indiv\u00edduo atrav\u00e9s de orienta\u00e7\u00f5es claras e pr\u00e1ticas.<\/p>\n\n\n\n<p>O deboche funciona apenas como uma barreira que isola quem erra, impedindo que a corre\u00e7\u00e3o seja vista como uma oportunidade real. <strong>Conf\u00facio<\/strong> acreditava que a sabedoria deve ser compartilhada com generosidade para elevar o n\u00edvel moral de toda a sociedade civil. Instruir com paci\u00eancia \u00e9 um investimento no futuro coletivo que gera resultados s\u00f3lidos e duradouros.<\/p>\n\n\n\n<figure class=\"wp-block-image size-full\"><img decoding=\"async\" width=\"1280\" height=\"720\" src=\"https:\/\/www.correiobraziliense.com.br\/cbradar\/wp-content\/uploads\/2026\/05\/Gemini_Generated_Image_ojtr9jojtr9jojtr-1-1.png\" alt=\"\" class=\"wp-image-235447\" srcset=\"https:\/\/www.correiobraziliense.com.br\/cbradar\/wp-content\/uploads\/2026\/05\/Gemini_Generated_Image_ojtr9jojtr9jojtr-1-1.png 1280w, https:\/\/www.correiobraziliense.com.br\/cbradar\/wp-content\/uploads\/2026\/05\/Gemini_Generated_Image_ojtr9jojtr9jojtr-1-1-300x169.png 300w, https:\/\/www.correiobraziliense.com.br\/cbradar\/wp-content\/uploads\/2026\/05\/Gemini_Generated_Image_ojtr9jojtr9jojtr-1-1-768x432.png 768w, https:\/\/www.correiobraziliense.com.br\/cbradar\/wp-content\/uploads\/2026\/05\/Gemini_Generated_Image_ojtr9jojtr9jojtr-1-1-750x422.png 750w, https:\/\/www.correiobraziliense.com.br\/cbradar\/wp-content\/uploads\/2026\/05\/Gemini_Generated_Image_ojtr9jojtr9jojtr-1-1-1140x641.png 1140w\" sizes=\"(max-width: 1280px) 100vw, 1280px\" \/><figcaption class=\"wp-element-caption\">Ensinar com respeito fortalece v\u00ednculos e melhora o aprendizado coletivo<\/figcaption><\/figure>\n\n\n\n<h2 class=\"wp-block-heading\">Por que o respeito m\u00fatuo acelera o aprendizado corporativo?<\/h2>\n\n\n\n<p>No ambiente de trabalho, a corre\u00e7\u00e3o baseada no ensino fortalece a cultura organizacional e aumenta a produtividade de todos os colaboradores. Quando l\u00edderes optam por instruir tecnicamente sem ridicularizar falhas, a equipe se sente segura para inovar e reportar dificuldades honestamente. O respeito m\u00fatuo \u00e9 o alicerce para uma comunica\u00e7\u00e3o assertiva que evita desperd\u00edcios e erros repetitivos.<\/p>\n\n\n\n<p>Empresas que priorizam o desenvolvimento cont\u00ednuo atrav\u00e9s da instru\u00e7\u00e3o respeitosa ret\u00eam talentos com muito mais facilidade ao longo dos anos. A zombaria gera rotatividade e desmotiva\u00e7\u00e3o profunda, destruindo o engajamento necess\u00e1rio para o alcance de metas ambiciosas. Tratar o erro como um passo pedag\u00f3gico transforma crises em momentos de fortalecimento institucional para todo o grupo envolvido.<\/p>\n\n\n\n<h2 class=\"wp-block-heading\">Quais s\u00e3o as vantagens de ensinar com paci\u00eancia pedag\u00f3gica?<\/h2>\n\n\n\n<p>A paci\u00eancia ao ensinar permite que o aprendiz processe informa\u00e7\u00f5es complexas sem a press\u00e3o paralisante do julgamento social imediato. Essa abordagem pedag\u00f3gica respeita o tempo individual de cada um, garantindo que a base do conhecimento seja s\u00f3lida e bem aplicada. Promover a instru\u00e7\u00e3o \u00e9 o caminho mais curto para formar cidad\u00e3os conscientes, produtivos e \u00e9ticos em sociedade.<\/p>\n\n\n\n<p>Para integrar esses ensinamentos valiosos no seu cotidiano, considere os seguintes pilares fundamentais da instru\u00e7\u00e3o eficaz:<\/p>\n\n\n\n<ul class=\"wp-block-list\">\n<li>Clareza na comunica\u00e7\u00e3o verbal.<\/li>\n\n\n\n<li>Empatia com as dificuldades alheias.<\/li>\n\n\n\n<li>Oferecimento de exemplos pr\u00e1ticos.<\/li>\n\n\n\n<li>Feedback construtivo e reservado.<\/li>\n\n\n\n<li>Acompanhamento do progresso individual.<\/li>\n<\/ul>\n\n\n\n<h2 class=\"wp-block-heading\">De que maneira a \u00e9tica confuciana molda l\u00edderes atuais?<\/h2>\n\n\n\n<p>L\u00edderes modernos utilizam os princ\u00edpios de <strong>Conf\u00facio<\/strong> para gerenciar conflitos internos com equil\u00edbrio e uma vis\u00e3o humanista necess\u00e1ria. A autoridade exercida atrav\u00e9s do ensino inspira seguidores leais que buscam a excel\u00eancia por convic\u00e7\u00e3o, n\u00e3o por medo de retalia\u00e7\u00f5es. Essa lideran\u00e7a \u00e9tica promove a justi\u00e7a e a harmonia, elementos fundamentais para o sucesso de qualquer organiza\u00e7\u00e3o.<\/p>\n\n\n\n<p>A instru\u00e7\u00e3o constante eleva o padr\u00e3o de comportamento de toda a rede de contatos profissionais e pessoais do gestor. Ao recusar o deboche como ferramenta de controle, o l\u00edder demonstra integridade e ganha o respeito genu\u00edno de seus pares. A \u00e9tica na corre\u00e7\u00e3o \u00e9 o diferencial que separa chefes autorit\u00e1rios de grandes mentores que deixam legados positivos reais.<\/p>\n\n\n\n<p>Para aprofundar reflex\u00f5es sobre car\u00e1ter e conduta no cotidiano, este v\u00eddeo do canal Corvo Seco (567 mil inscritos) apresenta os ensinamentos de Conf\u00facio, destacando virtudes ligadas \u00e0 sabedoria e equil\u00edbrio nas escolhas di\u00e1rias:<\/p>\n\n\n\n<figure class=\"wp-block-embed is-type-video is-provider-youtube wp-block-embed-youtube wp-embed-aspect-16-9 wp-has-aspect-ratio\"><div class=\"wp-block-embed__wrapper\">\n<div class=\"jeg_video_container jeg_video_content\"><iframe loading=\"lazy\" title=\"Conf\u00facio - As Virtudes da Sabedoria\" width=\"500\" height=\"281\" src=\"https:\/\/www.youtube.com\/embed\/44o6MYyOfrc?feature=oembed\" frameborder=\"0\" allow=\"accelerometer; autoplay; clipboard-write; encrypted-media; gyroscope; picture-in-picture; web-share\" referrerpolicy=\"strict-origin-when-cross-origin\" allowfullscreen><\/iframe><\/div>\n<\/div><\/figure>\n\n\n\n<p>Leia tamb\u00e9m: <a href=\"https:\/\/www.correiobraziliense.com.br\/cbradar\/aristoteles-dizia-que-a-paz-interior-nao-nasce-da-fuga-dos-problemas-mas-do-equilibrio-com-que-voce-enfrenta-cada-um-deles\/\" target=\"_blank\" rel=\"noreferrer noopener\">Arist\u00f3teles dizia que a paz interior n\u00e3o nasce da fuga dos problemas, mas do equil\u00edbrio com que voc\u00ea enfrenta cada um deles<\/a><\/p>\n\n\n\n<h2 class=\"wp-block-heading\">Como a pedagogia do respeito previne conflitos sociais?<\/h2>\n\n\n\n<p>Substituir a zombaria pela educa\u00e7\u00e3o direta reduz a agressividade nas intera\u00e7\u00f5es humanas e favorece a media\u00e7\u00e3o de conflitos complexos. Sociedades que investem na instru\u00e7\u00e3o como forma de corre\u00e7\u00e3o constroem cidad\u00e3os mais tolerantes e preparados para o di\u00e1logo construtivo. A pedagogia do respeito \u00e9 uma ferramenta poderosa para combater o preconceito e a exclus\u00e3o em todos os n\u00edveis.<\/p>\n\n\n\n<p>A <strong>UNESCO<\/strong> enfatiza que a educa\u00e7\u00e3o de qualidade deve promover a paz e o entendimento m\u00fatuo entre diferentes culturas globais. Para entender melhor os par\u00e2metros internacionais sobre o ensino \u00e9tico, consulte os detalhes no portal da <a href=\"https:\/\/www.unesco.org\/pt\" target=\"_blank\" rel=\"noreferrer noopener\">UNESCO<\/a>. Aplicar a instru\u00e7\u00e3o respeitosa \u00e9 o passo fundamental para garantir a <strong>harmonia social<\/strong> e o progresso humano de forma sustent\u00e1vel hoje.<\/p>\n","protected":false},"excerpt":{"rendered":"<p>A filosofia de Conf\u00facio oferece li\u00e7\u00f5es atemporais sobre lideran\u00e7a e desenvolvimento humano atrav\u00e9s da educa\u00e7\u00e3o respeitosa e \u00e9tica constante. Evitar o deboche ao apontar erros alheios preserva a dignidade do pr\u00f3ximo e garante que o aprendizado seja efetivo. Adotar uma postura de instrutor fortalece os v\u00ednculos sociais e promove um ambiente saud\u00e1vel. Como a instru\u00e7\u00e3o [&hellip;]<\/p>\n","protected":false},"author":21,"featured_media":235446,"comment_status":"open","ping_status":"open","sticky":false,"template":"","format":"standard","meta":{"_yoast_wpseo_focuskw":"ensinamentos de conf\u00facio sobre respeito","_yoast_wpseo_title":"","_yoast_wpseo_metadesc":"A forma de corrigir algu\u00e9m pode definir o resultado do aprendizado. Um princ\u00edpio de Conf\u00facio revela por que isso importa.","jnews-multi-image_gallery":[],"jnews_single_post":{"format":"standard"},"jnews_primary_category":[],"jnews_social_meta":[],"jnews_override_counter":[],"footnotes":""},"categories":[112],"tags":[14352,18484,13403,16918],"class_list":["post-235338","post","type-post","status-publish","format-standard","has-post-thumbnail","hentry","category-curiosidades","tag-citacao","tag-citacao-do-confucio","tag-confucio","tag-frase-do-dia"],"yoast_head":"<!-- This site is optimized with the Yoast SEO plugin v24.6 - https:\/\/yoast.com\/wordpress\/plugins\/seo\/ -->\n<title>Cita\u00e7\u00e3o do dia de Conf\u00facio: \u201cN\u00e3o corrijas o homem zombando dele, corrige-o instruindo-o\u201d - Correio Braziliense - Radar<\/title>\n<meta name=\"description\" content=\"A forma de corrigir algu\u00e9m pode definir o resultado do aprendizado. Um princ\u00edpio de Conf\u00facio revela por que isso importa.\" \/>\n<meta name=\"robots\" content=\"index, follow, max-snippet:-1, max-image-preview:large, max-video-preview:-1\" \/>\n<link rel=\"canonical\" href=\"https:\/\/www.correiobraziliense.com.br\/cbradar\/citacao-do-dia-de-confucio-nao-corrijas-o-homem-zombando-dele-corrige-o-instruindo-o\/\" \/>\n<meta property=\"og:locale\" content=\"pt_BR\" \/>\n<meta property=\"og:type\" content=\"article\" \/>\n<meta property=\"og:title\" content=\"Cita\u00e7\u00e3o do dia de Conf\u00facio: \u201cN\u00e3o corrijas o homem zombando dele, corrige-o instruindo-o\u201d - Correio Braziliense - Radar\" \/>\n<meta property=\"og:description\" content=\"A forma de corrigir algu\u00e9m pode definir o resultado do aprendizado. Um princ\u00edpio de Conf\u00facio revela por que isso importa.\" \/>\n<meta property=\"og:url\" content=\"https:\/\/www.correiobraziliense.com.br\/cbradar\/citacao-do-dia-de-confucio-nao-corrijas-o-homem-zombando-dele-corrige-o-instruindo-o\/\" \/>\n<meta property=\"og:site_name\" content=\"Correio Braziliense - Radar\" \/>\n<meta property=\"article:published_time\" content=\"2026-05-02T06:30:00+00:00\" \/>\n<meta property=\"og:image\" content=\"https:\/\/www.correiobraziliense.com.br\/cbradar\/wp-content\/uploads\/2026\/05\/Gemini_Generated_Image_v8xnayv8xnayv8xn-1-1.png\" \/>\n\t<meta property=\"og:image:width\" content=\"1280\" \/>\n\t<meta property=\"og:image:height\" content=\"720\" \/>\n\t<meta property=\"og:image:type\" content=\"image\/png\" \/>\n<meta name=\"author\" content=\"Patrick Silva\" \/>\n<meta name=\"twitter:card\" content=\"summary_large_image\" \/>\n<meta name=\"twitter:label1\" content=\"Escrito por\" \/>\n\t<meta name=\"twitter:data1\" content=\"Patrick Silva\" \/>\n\t<meta name=\"twitter:label2\" content=\"Est. tempo de leitura\" \/>\n\t<meta name=\"twitter:data2\" content=\"5 minutos\" \/>\n<!-- \/ Yoast SEO plugin. -->","yoast_head_json":{"title":"Cita\u00e7\u00e3o do dia de Conf\u00facio: \u201cN\u00e3o corrijas o homem zombando dele, corrige-o instruindo-o\u201d - Correio Braziliense - Radar","description":"A forma de corrigir algu\u00e9m pode definir o resultado do aprendizado. Um princ\u00edpio de Conf\u00facio revela por que isso importa.","robots":{"index":"index","follow":"follow","max-snippet":"max-snippet:-1","max-image-preview":"max-image-preview:large","max-video-preview":"max-video-preview:-1"},"canonical":"https:\/\/www.correiobraziliense.com.br\/cbradar\/citacao-do-dia-de-confucio-nao-corrijas-o-homem-zombando-dele-corrige-o-instruindo-o\/","og_locale":"pt_BR","og_type":"article","og_title":"Cita\u00e7\u00e3o do dia de Conf\u00facio: \u201cN\u00e3o corrijas o homem zombando dele, corrige-o instruindo-o\u201d - Correio Braziliense - Radar","og_description":"A forma de corrigir algu\u00e9m pode definir o resultado do aprendizado. Um princ\u00edpio de Conf\u00facio revela por que isso importa.","og_url":"https:\/\/www.correiobraziliense.com.br\/cbradar\/citacao-do-dia-de-confucio-nao-corrijas-o-homem-zombando-dele-corrige-o-instruindo-o\/","og_site_name":"Correio Braziliense - Radar","article_published_time":"2026-05-02T06:30:00+00:00","og_image":[{"width":1280,"height":720,"url":"https:\/\/www.correiobraziliense.com.br\/cbradar\/wp-content\/uploads\/2026\/05\/Gemini_Generated_Image_v8xnayv8xnayv8xn-1-1.png","type":"image\/png"}],"author":"Patrick Silva","twitter_card":"summary_large_image","twitter_misc":{"Escrito por":"Patrick Silva","Est. tempo de leitura":"5 minutos"},"schema":{"@context":"https:\/\/schema.org","@graph":[{"@type":"WebPage","@id":"https:\/\/www.correiobraziliense.com.br\/cbradar\/citacao-do-dia-de-confucio-nao-corrijas-o-homem-zombando-dele-corrige-o-instruindo-o\/","url":"https:\/\/www.correiobraziliense.com.br\/cbradar\/citacao-do-dia-de-confucio-nao-corrijas-o-homem-zombando-dele-corrige-o-instruindo-o\/","name":"Cita\u00e7\u00e3o do dia de Conf\u00facio: \u201cN\u00e3o corrijas o homem zombando dele, corrige-o instruindo-o\u201d - Correio Braziliense - Radar","isPartOf":{"@id":"https:\/\/www.correiobraziliense.com.br\/cbradar\/#website"},"primaryImageOfPage":{"@id":"https:\/\/www.correiobraziliense.com.br\/cbradar\/citacao-do-dia-de-confucio-nao-corrijas-o-homem-zombando-dele-corrige-o-instruindo-o\/#primaryimage"},"image":{"@id":"https:\/\/www.correiobraziliense.com.br\/cbradar\/citacao-do-dia-de-confucio-nao-corrijas-o-homem-zombando-dele-corrige-o-instruindo-o\/#primaryimage"},"thumbnailUrl":"https:\/\/www.correiobraziliense.com.br\/cbradar\/wp-content\/uploads\/2026\/05\/Gemini_Generated_Image_v8xnayv8xnayv8xn-1-1.png","datePublished":"2026-05-02T06:30:00+00:00","author":{"@id":"https:\/\/www.correiobraziliense.com.br\/cbradar\/#\/schema\/person\/5440b72be9c7eb74f446c846479dc4da"},"description":"A forma de corrigir algu\u00e9m pode definir o resultado do aprendizado. Um princ\u00edpio de Conf\u00facio revela por que isso importa.","breadcrumb":{"@id":"https:\/\/www.correiobraziliense.com.br\/cbradar\/citacao-do-dia-de-confucio-nao-corrijas-o-homem-zombando-dele-corrige-o-instruindo-o\/#breadcrumb"},"inLanguage":"pt-BR","potentialAction":[{"@type":"ReadAction","target":["https:\/\/www.correiobraziliense.com.br\/cbradar\/citacao-do-dia-de-confucio-nao-corrijas-o-homem-zombando-dele-corrige-o-instruindo-o\/"]}]},{"@type":"ImageObject","inLanguage":"pt-BR","@id":"https:\/\/www.correiobraziliense.com.br\/cbradar\/citacao-do-dia-de-confucio-nao-corrijas-o-homem-zombando-dele-corrige-o-instruindo-o\/#primaryimage","url":"https:\/\/www.correiobraziliense.com.br\/cbradar\/wp-content\/uploads\/2026\/05\/Gemini_Generated_Image_v8xnayv8xnayv8xn-1-1.png","contentUrl":"https:\/\/www.correiobraziliense.com.br\/cbradar\/wp-content\/uploads\/2026\/05\/Gemini_Generated_Image_v8xnayv8xnayv8xn-1-1.png","width":1280,"height":720,"caption":"Ensinar com respeito fortalece v\u00ednculos e melhora o aprendizado coletivo"},{"@type":"BreadcrumbList","@id":"https:\/\/www.correiobraziliense.com.br\/cbradar\/citacao-do-dia-de-confucio-nao-corrijas-o-homem-zombando-dele-corrige-o-instruindo-o\/#breadcrumb","itemListElement":[{"@type":"ListItem","position":1,"name":"In\u00edcio","item":"https:\/\/www.correiobraziliense.com.br\/cbradar\/"},{"@type":"ListItem","position":2,"name":"Cita\u00e7\u00e3o do dia de Conf\u00facio: \u201cN\u00e3o corrijas o homem zombando dele, corrige-o instruindo-o\u201d"}]},{"@type":"WebSite","@id":"https:\/\/www.correiobraziliense.com.br\/cbradar\/#website","url":"https:\/\/www.correiobraziliense.com.br\/cbradar\/","name":"Correio Braziliense - Radar","description":"Acompanhe as \u00faltimas not\u00edcias e fique bem informado sobre tudo o que acontece no Brasil e no mundo.","potentialAction":[{"@type":"SearchAction","target":{"@type":"EntryPoint","urlTemplate":"https:\/\/www.correiobraziliense.com.br\/cbradar\/?s={search_term_string}"},"query-input":{"@type":"PropertyValueSpecification","valueRequired":true,"valueName":"search_term_string"}}],"inLanguage":"pt-BR"},{"@type":"Person","@id":"https:\/\/www.correiobraziliense.com.br\/cbradar\/#\/schema\/person\/5440b72be9c7eb74f446c846479dc4da","name":"Patrick Silva","image":{"@type":"ImageObject","inLanguage":"pt-BR","@id":"https:\/\/www.correiobraziliense.com.br\/cbradar\/#\/schema\/person\/image\/","url":"https:\/\/secure.gravatar.com\/avatar\/944109df296fc087785c9715fd5f80b2?s=96&d=mm&r=g","contentUrl":"https:\/\/secure.gravatar.com\/avatar\/944109df296fc087785c9715fd5f80b2?s=96&d=mm&r=g","caption":"Patrick Silva"},"sameAs":["https:\/\/www.correiobraziliense.com.br\/cbradar\/"],"url":"https:\/\/www.correiobraziliense.com.br\/cbradar\/author\/patrick-silva\/"}]}},"_links":{"self":[{"href":"https:\/\/www.correiobraziliense.com.br\/cbradar\/wp-json\/wp\/v2\/posts\/235338","targetHints":{"allow":["GET"]}}],"collection":[{"href":"https:\/\/www.correiobraziliense.com.br\/cbradar\/wp-json\/wp\/v2\/posts"}],"about":[{"href":"https:\/\/www.correiobraziliense.com.br\/cbradar\/wp-json\/wp\/v2\/types\/post"}],"author":[{"embeddable":true,"href":"https:\/\/www.correiobraziliense.com.br\/cbradar\/wp-json\/wp\/v2\/users\/21"}],"replies":[{"embeddable":true,"href":"https:\/\/www.correiobraziliense.com.br\/cbradar\/wp-json\/wp\/v2\/comments?post=235338"}],"version-history":[{"count":4,"href":"https:\/\/www.correiobraziliense.com.br\/cbradar\/wp-json\/wp\/v2\/posts\/235338\/revisions"}],"predecessor-version":[{"id":235453,"href":"https:\/\/www.correiobraziliense.com.br\/cbradar\/wp-json\/wp\/v2\/posts\/235338\/revisions\/235453"}],"wp:featuredmedia":[{"embeddable":true,"href":"https:\/\/www.correiobraziliense.com.br\/cbradar\/wp-json\/wp\/v2\/media\/235446"}],"wp:attachment":[{"href":"https:\/\/www.correiobraziliense.com.br\/cbradar\/wp-json\/wp\/v2\/media?parent=235338"}],"wp:term":[{"taxonomy":"category","embeddable":true,"href":"https:\/\/www.correiobraziliense.com.br\/cbradar\/wp-json\/wp\/v2\/categories?post=235338"},{"taxonomy":"post_tag","embeddable":true,"href":"https:\/\/www.correiobraziliense.com.br\/cbradar\/wp-json\/wp\/v2\/tags?post=235338"}],"curies":[{"name":"wp","href":"https:\/\/api.w.org\/{rel}","templated":true}]}}