{"id":235365,"date":"2026-05-01T18:39:00","date_gmt":"2026-05-01T21:39:00","guid":{"rendered":"https:\/\/www.correiobraziliense.com.br\/cbradar\/?p=235365"},"modified":"2026-05-01T11:36:09","modified_gmt":"2026-05-01T14:36:09","slug":"os-filhos-mais-calmos-costumam-nascer-em-um-desses-3-meses-do-ano-segundo-estudo","status":"publish","type":"post","link":"https:\/\/www.correiobraziliense.com.br\/cbradar\/os-filhos-mais-calmos-costumam-nascer-em-um-desses-3-meses-do-ano-segundo-estudo\/","title":{"rendered":"Os filhos mais calmos costumam nascer em um desses 3 meses do ano, segundo estudo"},"content":{"rendered":"\n<p>A ci\u00eancia m\u00e9dica analisou centenas de indiv\u00edduos adultos para provar que a \u00e9poca exata do parto molda ativamente o c\u00e9rebro biol\u00f3gico, originando <strong>filhos que s\u00e3o mais calmos<\/strong>. Os rec\u00e9m-nascidos que chegam ao nosso mundo durante os meses de setembro, outubro e novembro apresentam n\u00edveis muito baixos de irritabilidade rotineira ao longo de toda a vida.<\/p>\n\n\n\n<h2 class=\"wp-block-heading\">Por que motivo a ci\u00eancia liga a \u00e9poca do parto ao comportamento infantil?<\/h2>\n\n\n\n<p>O profundo desenvolvimento humano dentro do \u00fatero materno depende de diversos fatores externos que v\u00e3o muito al\u00e9m da simples heran\u00e7a gen\u00e9tica. As mulheres gr\u00e1vidas durante o pico do luminoso ver\u00e3o enfrentam fortes exposi\u00e7\u00f5es aos raios solares constantes, absorvendo alt\u00edssimas taxas de vitamina D at\u00e9 ao momento do nascimento.<\/p>\n\n\n\n<p>Esta intensa varia\u00e7\u00e3o qu\u00edmica natural altera a<a href=\"https:\/\/pmc.ncbi.nlm.nih.gov\/articles\/PMC2075470\/\" target=\"_blank\" rel=\"noreferrer noopener\"> forma\u00e7\u00e3o dos complexos recetores de dopamina <\/a>e de serotonina no c\u00e9rebro do pequeno feto. O forte padr\u00e3o sazonal afeta de forma direta a capacidade inata de o rec\u00e9m-nascido lidar com o stress profundo e as s\u00fabitas frustra\u00e7\u00f5es nos seus primeiros anos.<\/p>\n\n\n<div class=\"wp-block-image\">\n<figure class=\"aligncenter size-full\"><img decoding=\"async\" width=\"1280\" height=\"720\" src=\"https:\/\/www.correiobraziliense.com.br\/cbradar\/wp-content\/uploads\/2026\/05\/IMAGEM_720p_1777645921002.jpg\" alt=\"Filhos que s\u00e3o mais calmos costumam nascer nestes 3 meses do ano\" class=\"wp-image-235394\" srcset=\"https:\/\/www.correiobraziliense.com.br\/cbradar\/wp-content\/uploads\/2026\/05\/IMAGEM_720p_1777645921002.jpg 1280w, https:\/\/www.correiobraziliense.com.br\/cbradar\/wp-content\/uploads\/2026\/05\/IMAGEM_720p_1777645921002-300x169.jpg 300w, https:\/\/www.correiobraziliense.com.br\/cbradar\/wp-content\/uploads\/2026\/05\/IMAGEM_720p_1777645921002-768x432.jpg 768w, https:\/\/www.correiobraziliense.com.br\/cbradar\/wp-content\/uploads\/2026\/05\/IMAGEM_720p_1777645921002-750x422.jpg 750w, https:\/\/www.correiobraziliense.com.br\/cbradar\/wp-content\/uploads\/2026\/05\/IMAGEM_720p_1777645921002-1140x641.jpg 1140w\" sizes=\"(max-width: 1280px) 100vw, 1280px\" \/><figcaption class=\"wp-element-caption\">Filhos que s\u00e3o mais calmos costumam nascer nestes 3 meses do ano<\/figcaption><\/figure><\/div>\n\n\n<h2 class=\"wp-block-heading\">Quais s\u00e3o as conclus\u00f5es dos cientistas sobre a forte oscila\u00e7\u00e3o de humor?<\/h2>\n\n\n\n<p>Uma rigorosa e extensa investiga\u00e7\u00e3o neurol\u00f3gica conduzida na prestigiada <a href=\"https:\/\/pt.wikipedia.org\/wiki\/Universidade_Semmelweis\" target=\"_blank\" rel=\"noreferrer noopener\"><strong>Universidade Semmelweis<\/strong><\/a> avaliou o verdadeiro impacto cl\u00ednico das esta\u00e7\u00f5es do ano na mente humana. Os peritos acad\u00e9micos notaram que as pessoas nascidas na \u00e9poca do outono possuem uma tend\u00eancia natural para evitar perigosas oscila\u00e7\u00f5es emocionais di\u00e1rias.<\/p>\n\n\n\n<p>O clima externo ameno desta espec\u00edfica fase anual reduz drasticamente o risco biol\u00f3gico de a crian\u00e7a desenvolver uma personalidade excessivamente explosiva. As crian\u00e7as outonais mant\u00eam um humor bastante constante face aos pequenos problemas rotineiros, evitando exaustivos ataques de choro descontrolados quando s\u00e3o prontamente contrariadas pelos seus cuidadores.<\/p>\n\n\n\n<h2 class=\"wp-block-heading\">Quais s\u00e3o os exatos tr\u00eas meses que geram as crian\u00e7as mais pac\u00edficas?<\/h2>\n\n\n\n<p>O delimitado intervalo temporal foca-se na exata fase de transi\u00e7\u00e3o em que as temperaturas come\u00e7am a baixar velozmente no grande hemisf\u00e9rio norte. O revelador estudo h\u00fangaro estipulou uma janela cronol\u00f3gica muito apertada para conseguir identificar os maiores picos de duradoura estabilidade emocional.<\/p>\n\n\n\n<p>Avalie os per\u00edodos exatos de nascimento indicados:<\/p>\n\n\n\n<ul class=\"wp-block-list\">\n<li><strong>Setembro:<\/strong> assinala o claro fim do forte calor de ver\u00e3o e o in\u00edcio do precioso equil\u00edbrio qu\u00edmico no complexo organismo materno.<\/li>\n\n\n\n<li><strong>Outubro:<\/strong> regista o n\u00edvel cient\u00edfico mais elevado de nascimentos diretamente associados a um temperamento humano totalmente d\u00f3cil e focado.<\/li>\n\n\n\n<li><strong>Novembro:<\/strong> encerra a segura janela de profunda tranquilidade neurol\u00f3gica instantes antes do pico escuro do rigoroso e gelado inverno europeu.<\/li>\n<\/ul>\n\n\n\n<h3 class=\"wp-block-heading\">O rigoroso inverno possui um perigoso efeito oposto no c\u00e9rebro?<\/h3>\n\n\n\n<p>A mesma exigente linha de pesquisa m\u00e9dica aponta que os beb\u00e9s nascidos nas fases mais frias e escuras do g\u00e9lido inverno sofrem com outros obst\u00e1culos. Estas pequenas crian\u00e7as costumam apresentar uma propens\u00e3o qu\u00edmica ligeiramente maior para severos estados de humor depressivos durante a longa fase adulta.<\/p>\n\n\n\n<p>A falta de luz solar na reta final da complexa gesta\u00e7\u00e3o inibe vias qu\u00edmicas que garantem a boa disposi\u00e7\u00e3o natural. Assim, o desejado equil\u00edbrio absoluto do sistema nervoso reside mesmo nos serenos meses de suave e progressiva transi\u00e7\u00e3o clim\u00e1tica.<\/p>\n\n\n<div class=\"wp-block-image\">\n<figure class=\"aligncenter size-full\"><img decoding=\"async\" width=\"1280\" height=\"720\" src=\"https:\/\/www.correiobraziliense.com.br\/cbradar\/wp-content\/uploads\/2026\/05\/IMAGEM_720p_1777645913437.jpg\" alt=\"Filhos que s\u00e3o mais calmos costumam nascer nestes 3 meses do ano\" class=\"wp-image-235393\" srcset=\"https:\/\/www.correiobraziliense.com.br\/cbradar\/wp-content\/uploads\/2026\/05\/IMAGEM_720p_1777645913437.jpg 1280w, https:\/\/www.correiobraziliense.com.br\/cbradar\/wp-content\/uploads\/2026\/05\/IMAGEM_720p_1777645913437-300x169.jpg 300w, https:\/\/www.correiobraziliense.com.br\/cbradar\/wp-content\/uploads\/2026\/05\/IMAGEM_720p_1777645913437-768x432.jpg 768w, https:\/\/www.correiobraziliense.com.br\/cbradar\/wp-content\/uploads\/2026\/05\/IMAGEM_720p_1777645913437-750x422.jpg 750w, https:\/\/www.correiobraziliense.com.br\/cbradar\/wp-content\/uploads\/2026\/05\/IMAGEM_720p_1777645913437-1140x641.jpg 1140w\" sizes=\"(max-width: 1280px) 100vw, 1280px\" \/><figcaption class=\"wp-element-caption\">Filhos que s\u00e3o mais calmos costumam nascer nestes 3 meses do ano<\/figcaption><\/figure><\/div>\n\n\n<h2 class=\"wp-block-heading\">Como a temperatura externa afeta a gesta\u00e7\u00e3o de forma estritamente biol\u00f3gica?<\/h2>\n\n\n\n<p>O calor ambiental excessivo aumenta perigosamente os n\u00edveis de cortisol no fluxo sangu\u00edneo da exausta m\u00e3e, transferindo o forte stress t\u00e9rmico para a sens\u00edvel barreira da placenta. Quando a mulher passa o delicado final da gravidez num clima muito fresco, o feto repousa sem este pesado banho hormonal.<\/p>\n\n\n\n<p>A gradual redu\u00e7\u00e3o di\u00e1ria da luz solar tamb\u00e9m ajuda a ajustar atempadamente o delicado rel\u00f3gio biol\u00f3gico da crian\u00e7a antes mesmo do seu primeiro choro. Esta suave cad\u00eancia org\u00e2nica cria um maduro sistema nervoso muito mais adapt\u00e1vel aos altos ru\u00eddos e aos est\u00edmulos agressivos t\u00edpicos de uma casa movimentada.<\/p>\n\n\n\n<p>Leia tamb\u00e9m: <a href=\"https:\/\/www.correiobraziliense.com.br\/cbradar\/a-palavra-que-muita-gente-evita-usar-em-redacao-formal-mas-esta-correta-segundo-o-vocabulario-ortografico-da-lingua-portuguesa\/\" target=\"_blank\" rel=\"noreferrer noopener\">A palavra que muita gente evita usar em reda\u00e7\u00e3o formal, mas est\u00e1 correta segundo o Vocabul\u00e1rio Ortogr\u00e1fico da L\u00edngua Portuguesa<\/a><\/p>\n\n\n\n<h2 class=\"wp-block-heading\">Existe alguma forma cl\u00ednica de replicar esta profunda calma noutras \u00e9pocas do ano?<\/h2>\n\n\n\n<p>O espec\u00edfico m\u00eas de nascimento fornece apenas uma ligeira inclina\u00e7\u00e3o qu\u00edmica inicial para a t\u00e3o desejada tranquilidade. Os zelosos pais que acolhem ruidosos rec\u00e9m-nascidos em pleno pico de calor podem mimetizar as imensas vantagens do outono atrav\u00e9s da rigorosa aplica\u00e7\u00e3o de rotinas ambientais extremamente pac\u00edficas.<\/p>\n\n\n\n<p>Manter os pequenos quartos sempre frescos, escurecer o repousante ambiente ao final da tarde e controlar a excessiva agita\u00e7\u00e3o visual cria um excelente e seguro casulo protetor. O ambiente rico em profundo amor familiar supera facilmente qualquer pequena e fr\u00e1gil vantagem biol\u00f3gica fornecida pelo imprevis\u00edvel calend\u00e1rio anual.<\/p>\n","protected":false},"excerpt":{"rendered":"<p>A ci\u00eancia m\u00e9dica analisou centenas de indiv\u00edduos adultos para provar que a \u00e9poca exata do parto molda ativamente o c\u00e9rebro biol\u00f3gico, originando filhos que s\u00e3o mais calmos. Os rec\u00e9m-nascidos que chegam ao nosso mundo durante os meses de setembro, outubro e novembro apresentam n\u00edveis muito baixos de irritabilidade rotineira ao longo de toda a vida. [&hellip;]<\/p>\n","protected":false},"author":11,"featured_media":235392,"comment_status":"open","ping_status":"open","sticky":false,"template":"","format":"standard","meta":{"_yoast_wpseo_focuskw":"filhos que s\u00e3o mais calmos","_yoast_wpseo_title":"","_yoast_wpseo_metadesc":"A \u00e9poca exata do ano afeta ativamente o complexo desenvolvimento neurol\u00f3gico humano. Avalie como o clima outonal molda as emo\u00e7\u00f5es biol\u00f3gicas de um beb\u00e9.","jnews-multi-image_gallery":[],"jnews_single_post":{"format":"standard"},"jnews_primary_category":[],"jnews_social_meta":[],"jnews_override_counter":[],"footnotes":""},"categories":[112],"tags":[18489,4718,16800,404],"class_list":["post-235365","post","type-post","status-publish","format-standard","has-post-thumbnail","hentry","category-curiosidades","tag-bebes-4","tag-comportamento","tag-pediatria","tag-psicologia"],"yoast_head":"<!-- This site is optimized with the Yoast SEO plugin v24.6 - https:\/\/yoast.com\/wordpress\/plugins\/seo\/ -->\n<title>Os filhos mais calmos costumam nascer em um desses 3 meses do ano, segundo estudo - Correio Braziliense - Radar<\/title>\n<meta name=\"description\" content=\"A \u00e9poca exata do ano afeta ativamente o complexo desenvolvimento neurol\u00f3gico humano. Avalie como o clima outonal molda as emo\u00e7\u00f5es biol\u00f3gicas de um beb\u00e9.\" \/>\n<meta name=\"robots\" content=\"index, follow, max-snippet:-1, max-image-preview:large, max-video-preview:-1\" \/>\n<link rel=\"canonical\" href=\"https:\/\/www.correiobraziliense.com.br\/cbradar\/os-filhos-mais-calmos-costumam-nascer-em-um-desses-3-meses-do-ano-segundo-estudo\/\" \/>\n<meta property=\"og:locale\" content=\"pt_BR\" \/>\n<meta property=\"og:type\" content=\"article\" \/>\n<meta property=\"og:title\" content=\"Os filhos mais calmos costumam nascer em um desses 3 meses do ano, segundo estudo - Correio Braziliense - Radar\" \/>\n<meta property=\"og:description\" content=\"A \u00e9poca exata do ano afeta ativamente o complexo desenvolvimento neurol\u00f3gico humano. Avalie como o clima outonal molda as emo\u00e7\u00f5es biol\u00f3gicas de um beb\u00e9.\" \/>\n<meta property=\"og:url\" content=\"https:\/\/www.correiobraziliense.com.br\/cbradar\/os-filhos-mais-calmos-costumam-nascer-em-um-desses-3-meses-do-ano-segundo-estudo\/\" \/>\n<meta property=\"og:site_name\" content=\"Correio Braziliense - Radar\" \/>\n<meta property=\"article:published_time\" content=\"2026-05-01T21:39:00+00:00\" \/>\n<meta property=\"og:image\" content=\"https:\/\/www.correiobraziliense.com.br\/cbradar\/wp-content\/uploads\/2026\/05\/IMAGEM_720p_1777645929661.jpg\" \/>\n\t<meta property=\"og:image:width\" content=\"1280\" \/>\n\t<meta property=\"og:image:height\" content=\"720\" \/>\n\t<meta property=\"og:image:type\" content=\"image\/jpeg\" \/>\n<meta name=\"author\" content=\"Paulo Custodio\" \/>\n<meta name=\"twitter:card\" content=\"summary_large_image\" \/>\n<meta name=\"twitter:label1\" content=\"Escrito por\" \/>\n\t<meta name=\"twitter:data1\" content=\"Paulo Custodio\" \/>\n\t<meta name=\"twitter:label2\" content=\"Est. tempo de leitura\" \/>\n\t<meta name=\"twitter:data2\" content=\"5 minutos\" \/>\n<!-- \/ Yoast SEO plugin. -->","yoast_head_json":{"title":"Os filhos mais calmos costumam nascer em um desses 3 meses do ano, segundo estudo - Correio Braziliense - Radar","description":"A \u00e9poca exata do ano afeta ativamente o complexo desenvolvimento neurol\u00f3gico humano. Avalie como o clima outonal molda as emo\u00e7\u00f5es biol\u00f3gicas de um beb\u00e9.","robots":{"index":"index","follow":"follow","max-snippet":"max-snippet:-1","max-image-preview":"max-image-preview:large","max-video-preview":"max-video-preview:-1"},"canonical":"https:\/\/www.correiobraziliense.com.br\/cbradar\/os-filhos-mais-calmos-costumam-nascer-em-um-desses-3-meses-do-ano-segundo-estudo\/","og_locale":"pt_BR","og_type":"article","og_title":"Os filhos mais calmos costumam nascer em um desses 3 meses do ano, segundo estudo - Correio Braziliense - Radar","og_description":"A \u00e9poca exata do ano afeta ativamente o complexo desenvolvimento neurol\u00f3gico humano. Avalie como o clima outonal molda as emo\u00e7\u00f5es biol\u00f3gicas de um beb\u00e9.","og_url":"https:\/\/www.correiobraziliense.com.br\/cbradar\/os-filhos-mais-calmos-costumam-nascer-em-um-desses-3-meses-do-ano-segundo-estudo\/","og_site_name":"Correio Braziliense - Radar","article_published_time":"2026-05-01T21:39:00+00:00","og_image":[{"width":1280,"height":720,"url":"https:\/\/www.correiobraziliense.com.br\/cbradar\/wp-content\/uploads\/2026\/05\/IMAGEM_720p_1777645929661.jpg","type":"image\/jpeg"}],"author":"Paulo Custodio","twitter_card":"summary_large_image","twitter_misc":{"Escrito por":"Paulo Custodio","Est. tempo de leitura":"5 minutos"},"schema":{"@context":"https:\/\/schema.org","@graph":[{"@type":"WebPage","@id":"https:\/\/www.correiobraziliense.com.br\/cbradar\/os-filhos-mais-calmos-costumam-nascer-em-um-desses-3-meses-do-ano-segundo-estudo\/","url":"https:\/\/www.correiobraziliense.com.br\/cbradar\/os-filhos-mais-calmos-costumam-nascer-em-um-desses-3-meses-do-ano-segundo-estudo\/","name":"Os filhos mais calmos costumam nascer em um desses 3 meses do ano, segundo estudo - Correio Braziliense - Radar","isPartOf":{"@id":"https:\/\/www.correiobraziliense.com.br\/cbradar\/#website"},"primaryImageOfPage":{"@id":"https:\/\/www.correiobraziliense.com.br\/cbradar\/os-filhos-mais-calmos-costumam-nascer-em-um-desses-3-meses-do-ano-segundo-estudo\/#primaryimage"},"image":{"@id":"https:\/\/www.correiobraziliense.com.br\/cbradar\/os-filhos-mais-calmos-costumam-nascer-em-um-desses-3-meses-do-ano-segundo-estudo\/#primaryimage"},"thumbnailUrl":"https:\/\/www.correiobraziliense.com.br\/cbradar\/wp-content\/uploads\/2026\/05\/IMAGEM_720p_1777645929661.jpg","datePublished":"2026-05-01T21:39:00+00:00","author":{"@id":"https:\/\/www.correiobraziliense.com.br\/cbradar\/#\/schema\/person\/4cec7857301a9a1a2ef249893cd908d3"},"description":"A \u00e9poca exata do ano afeta ativamente o complexo desenvolvimento neurol\u00f3gico humano. Avalie como o clima outonal molda as emo\u00e7\u00f5es biol\u00f3gicas de um beb\u00e9.","breadcrumb":{"@id":"https:\/\/www.correiobraziliense.com.br\/cbradar\/os-filhos-mais-calmos-costumam-nascer-em-um-desses-3-meses-do-ano-segundo-estudo\/#breadcrumb"},"inLanguage":"pt-BR","potentialAction":[{"@type":"ReadAction","target":["https:\/\/www.correiobraziliense.com.br\/cbradar\/os-filhos-mais-calmos-costumam-nascer-em-um-desses-3-meses-do-ano-segundo-estudo\/"]}]},{"@type":"ImageObject","inLanguage":"pt-BR","@id":"https:\/\/www.correiobraziliense.com.br\/cbradar\/os-filhos-mais-calmos-costumam-nascer-em-um-desses-3-meses-do-ano-segundo-estudo\/#primaryimage","url":"https:\/\/www.correiobraziliense.com.br\/cbradar\/wp-content\/uploads\/2026\/05\/IMAGEM_720p_1777645929661.jpg","contentUrl":"https:\/\/www.correiobraziliense.com.br\/cbradar\/wp-content\/uploads\/2026\/05\/IMAGEM_720p_1777645929661.jpg","width":1280,"height":720,"caption":"Filhos que s\u00e3o mais calmos costumam nascer nestes 3 meses do ano"},{"@type":"BreadcrumbList","@id":"https:\/\/www.correiobraziliense.com.br\/cbradar\/os-filhos-mais-calmos-costumam-nascer-em-um-desses-3-meses-do-ano-segundo-estudo\/#breadcrumb","itemListElement":[{"@type":"ListItem","position":1,"name":"In\u00edcio","item":"https:\/\/www.correiobraziliense.com.br\/cbradar\/"},{"@type":"ListItem","position":2,"name":"Os filhos mais calmos costumam nascer em um desses 3 meses do ano, segundo estudo"}]},{"@type":"WebSite","@id":"https:\/\/www.correiobraziliense.com.br\/cbradar\/#website","url":"https:\/\/www.correiobraziliense.com.br\/cbradar\/","name":"Correio Braziliense - Radar","description":"Acompanhe as \u00faltimas not\u00edcias e fique bem informado sobre tudo o que acontece no Brasil e no mundo.","potentialAction":[{"@type":"SearchAction","target":{"@type":"EntryPoint","urlTemplate":"https:\/\/www.correiobraziliense.com.br\/cbradar\/?s={search_term_string}"},"query-input":{"@type":"PropertyValueSpecification","valueRequired":true,"valueName":"search_term_string"}}],"inLanguage":"pt-BR"},{"@type":"Person","@id":"https:\/\/www.correiobraziliense.com.br\/cbradar\/#\/schema\/person\/4cec7857301a9a1a2ef249893cd908d3","name":"Paulo Custodio","image":{"@type":"ImageObject","inLanguage":"pt-BR","@id":"https:\/\/www.correiobraziliense.com.br\/cbradar\/#\/schema\/person\/image\/","url":"https:\/\/secure.gravatar.com\/avatar\/bcd67168d1534e8fcf4f45c726a87cea?s=96&d=mm&r=g","contentUrl":"https:\/\/secure.gravatar.com\/avatar\/bcd67168d1534e8fcf4f45c726a87cea?s=96&d=mm&r=g","caption":"Paulo Custodio"},"sameAs":["https:\/\/www.correiobraziliense.com.br\/cbradar"],"url":"https:\/\/www.correiobraziliense.com.br\/cbradar\/author\/paulomyth\/"}]}},"_links":{"self":[{"href":"https:\/\/www.correiobraziliense.com.br\/cbradar\/wp-json\/wp\/v2\/posts\/235365","targetHints":{"allow":["GET"]}}],"collection":[{"href":"https:\/\/www.correiobraziliense.com.br\/cbradar\/wp-json\/wp\/v2\/posts"}],"about":[{"href":"https:\/\/www.correiobraziliense.com.br\/cbradar\/wp-json\/wp\/v2\/types\/post"}],"author":[{"embeddable":true,"href":"https:\/\/www.correiobraziliense.com.br\/cbradar\/wp-json\/wp\/v2\/users\/11"}],"replies":[{"embeddable":true,"href":"https:\/\/www.correiobraziliense.com.br\/cbradar\/wp-json\/wp\/v2\/comments?post=235365"}],"version-history":[{"count":4,"href":"https:\/\/www.correiobraziliense.com.br\/cbradar\/wp-json\/wp\/v2\/posts\/235365\/revisions"}],"predecessor-version":[{"id":235408,"href":"https:\/\/www.correiobraziliense.com.br\/cbradar\/wp-json\/wp\/v2\/posts\/235365\/revisions\/235408"}],"wp:featuredmedia":[{"embeddable":true,"href":"https:\/\/www.correiobraziliense.com.br\/cbradar\/wp-json\/wp\/v2\/media\/235392"}],"wp:attachment":[{"href":"https:\/\/www.correiobraziliense.com.br\/cbradar\/wp-json\/wp\/v2\/media?parent=235365"}],"wp:term":[{"taxonomy":"category","embeddable":true,"href":"https:\/\/www.correiobraziliense.com.br\/cbradar\/wp-json\/wp\/v2\/categories?post=235365"},{"taxonomy":"post_tag","embeddable":true,"href":"https:\/\/www.correiobraziliense.com.br\/cbradar\/wp-json\/wp\/v2\/tags?post=235365"}],"curies":[{"name":"wp","href":"https:\/\/api.w.org\/{rel}","templated":true}]}}