{"id":23538,"date":"2025-04-15T15:50:00","date_gmt":"2025-04-15T18:50:00","guid":{"rendered":"https:\/\/www.correiobraziliense.com.br\/cbradar\/?p=23538"},"modified":"2025-04-15T05:11:17","modified_gmt":"2025-04-15T08:11:17","slug":"o-paraiso-de-areia-com-graos-de-quartzo-fica-no-brasil-confira","status":"publish","type":"post","link":"https:\/\/www.correiobraziliense.com.br\/cbradar\/o-paraiso-de-areia-com-graos-de-quartzo-fica-no-brasil-confira\/","title":{"rendered":"O para\u00edso de areia com gr\u00e3os de quartzo fica no Brasil, confira"},"content":{"rendered":"\n<p><strong><a href=\"https:\/\/cabofrio.rj.gov.br\/\" target=\"_blank\" rel=\"noreferrer noopener\">Cabo\u202fFrio<\/a><\/strong>, localizada na deslumbrante <strong>Regi\u00e3o dos Lagos do Rio de Janeiro<\/strong>, \u00e9 um dos destinos tur\u00edsticos mais procurados do <strong><a href=\"https:\/\/www.correiobraziliense.com.br\/cbradar\/cidade-eleita-a-segunda-melhor-do-brasil-fica-no-parana\/\" target=\"_blank\" rel=\"noreferrer noopener\">Brasil<\/a><\/strong>. Suas praias de areia branca, \u00e1guas cristalinas e clima agrad\u00e1vel ao longo do ano encantam visitantes de todas as partes. Mas n\u00e3o \u00e9 s\u00f3 o litoral que chama aten\u00e7\u00e3o: a cidade tamb\u00e9m tem import\u00e2ncia hist\u00f3rica e cultural, com constru\u00e7\u00f5es coloniais, gastronomia rica e eventos tradicionais que fazem dela um lugar \u00fanico.<\/p>\n\n\n\n<p>Neste artigo, voc\u00ea vai encontrar tudo o que precisa saber para planejar sua viagem para <strong>Cabo\u202fFrio<\/strong>: um mergulho na hist\u00f3ria local, curiosidades que surpreendem, o que fazer na cidade, onde se hospedar, como circular com seguran\u00e7a e muito mais. Continue a leitura e descubra por que esse para\u00edso fluminense merece estar no seu pr\u00f3ximo roteiro de viagem!<\/p>\n\n\n\n<h2 class=\"wp-block-heading\">Qual \u00e9 a hist\u00f3ria de Cabo Frio?<\/h2>\n\n\n\n<p>A hist\u00f3ria de <strong>Cabo Frio<\/strong> come\u00e7a oficialmente em <strong>13 de novembro de 1615<\/strong>, com a chegada dos portugueses liderados por <strong>Martim de S\u00e1<\/strong>. A regi\u00e3o, no entanto, j\u00e1 era habitada por povos ind\u00edgenas tupinamb\u00e1s, que viviam da pesca e da coleta. Os colonizadores constru\u00edram o <strong>Forte de S\u00e3o Mateus <\/strong>para proteger a \u00e1rea de invas\u00f5es francesas e piratas, consolidando a presen\u00e7a portuguesa e iniciando a organiza\u00e7\u00e3o urbana da cidade.<\/p>\n\n\n\n<p>Com o passar dos s\u00e9culos, <strong>Cabo Frio<\/strong> se desenvolveu como importante entreposto comercial e pesqueiro, al\u00e9m de ter se destacado na extra\u00e7\u00e3o de sal marinho \u2013 atividade que foi fundamental para a economia local durante muito tempo. Hoje, elementos da hist\u00f3ria colonial ainda est\u00e3o presentes nas ruas de paralelep\u00edpedos, igrejas centen\u00e1rias e no pr\u00f3prio forte, que se tornou um s\u00edmbolo do turismo em <strong>Cabo Frio.<\/strong><\/p>\n\n\n<div class=\"wp-block-image\">\n<figure class=\"aligncenter size-large\"><img decoding=\"async\" width=\"1024\" height=\"576\" src=\"https:\/\/www.correiobraziliense.com.br\/cbradar\/wp-content\/uploads\/2025\/02\/Cabo-Frio_1740203492395-1024x576.jpg\" alt=\"Conhe\u00e7a a cidade brasileira que tem um &quot;tesouro escondido&quot;\" class=\"wp-image-4990\" srcset=\"https:\/\/www.correiobraziliense.com.br\/cbradar\/wp-content\/uploads\/2025\/02\/Cabo-Frio_1740203492395-1024x576.jpg 1024w, https:\/\/www.correiobraziliense.com.br\/cbradar\/wp-content\/uploads\/2025\/02\/Cabo-Frio_1740203492395-300x169.jpg 300w, https:\/\/www.correiobraziliense.com.br\/cbradar\/wp-content\/uploads\/2025\/02\/Cabo-Frio_1740203492395-768x432.jpg 768w, https:\/\/www.correiobraziliense.com.br\/cbradar\/wp-content\/uploads\/2025\/02\/Cabo-Frio_1740203492395-750x422.jpg 750w, https:\/\/www.correiobraziliense.com.br\/cbradar\/wp-content\/uploads\/2025\/02\/Cabo-Frio_1740203492395-1140x641.jpg 1140w, https:\/\/www.correiobraziliense.com.br\/cbradar\/wp-content\/uploads\/2025\/02\/Cabo-Frio_1740203492395.jpg 1280w\" sizes=\"(max-width: 1024px) 100vw, 1024px\" \/><figcaption class=\"wp-element-caption\">Cabo frio \/\/ Cr\u00e9ditos: depositphotos.com \/ Cristian_Lourenco<\/figcaption><\/figure><\/div>\n\n\n<h2 class=\"wp-block-heading\">Quais s\u00e3o as curiosidades mais interessantes sobre Cabo Frio?<\/h2>\n\n\n\n<p>Uma das curiosidades mais encantadoras sobre <strong>Cabo Frio \u00e9 o fen\u00f4meno que d\u00e1 \u00e0 areia de suas praias uma colora\u00e7\u00e3o t\u00e3o branca: ela \u00e9 composta por gr\u00e3os de quartzo extremamente finos<\/strong>, que n\u00e3o esquentam mesmo sob o sol forte. Al\u00e9m disso, o munic\u00edpio \u00e9 conhecido por sediar eventos culturais e religiosos marcantes, como a<strong> Festa de S\u00e3o Benedito<\/strong>, com mais de<strong> 300 anos<\/strong> de tradi\u00e7\u00e3o e participa\u00e7\u00e3o popular vibrante.<\/p>\n\n\n\n<p>A cidade tamb\u00e9m possui s\u00edmbolos que refor\u00e7am sua identidade: a bandeira de <strong>Cabo Frio <\/strong>exibe as cores azul e branca, representando o c\u00e9u e o mar da regi\u00e3o. O bras\u00e3o inclui elementos como o sal, a \u00e2ncora e o peixe, homenageando a hist\u00f3ria mar\u00edtima e pesqueira do munic\u00edpio. Esses emblemas refor\u00e7am o orgulho local e o v\u00ednculo da popula\u00e7\u00e3o com suas ra\u00edzes hist\u00f3ricas.<\/p>\n\n\n\n<h2 class=\"wp-block-heading\">Quais s\u00e3o os principais pontos tur\u00edsticos de Cabo Frio?<\/h2>\n\n\n\n<p>Entre os destaques tur\u00edsticos de <strong>Cabo Frio <\/strong>est\u00e1 a ic\u00f4nica<strong> Praia do Forte<\/strong>, com \u00e1guas claras e infraestrutura ideal para toda a fam\u00edlia. O <strong>Forte S\u00e3o Mateus<\/strong>, no extremo da praia, \u00e9 um dos cart\u00f5es-postais da cidade e oferece uma vista espetacular do mar. Outros pontos muito visitados incluem a Ilha do <strong>Japon\u00eas<\/strong>, ideal para um banho tranquilo, e o charmoso<strong> Bairro da Passagem<\/strong>, com casar\u00f5es coloniais e restaurantes aconchegantes.<\/p>\n\n\n\n<p>A melhor \u00e9poca para visitar esses atrativos costuma ser entre abril e junho ou de setembro a novembro, quando as temperaturas ainda s\u00e3o agrad\u00e1veis, mas o fluxo de turistas \u00e9 menor. Durante o ver\u00e3o e feriados prolongados, a cidade recebe muitos visitantes, o que pode impactar no acesso e na lota\u00e7\u00e3o das atra\u00e7\u00f5es. Uma boa dica \u00e9 explorar os roteiros menos \u00f3bvios, como passeios de barco pelas ilhas e trilhas ecol\u00f3gicas na regi\u00e3o.<\/p>\n\n\n\n<h2 class=\"wp-block-heading\">Como \u00e9 o clima de Cabo Frio e qual a melhor \u00e9poca para visit\u00e1-la?<\/h2>\n\n\n\n<p><strong>Cabo Frio<\/strong> possui um clima tropical litor\u00e2neo, com temperaturas m\u00e9dias anuais em torno de <strong>24\u202f\u00b0C<\/strong>. O ver\u00e3o \u00e9 quente e \u00famido, com term\u00f4metros que ultrapassam os <strong>30\u202f\u00b0C<\/strong>, especialmente entre dezembro e mar\u00e7o. J\u00e1 o inverno, de junho a agosto, \u00e9 mais ameno e seco, com temperaturas que raramente ficam abaixo dos <strong>18\u202f\u00b0C<\/strong>. As chuvas s\u00e3o mais frequentes no ver\u00e3o, mas geralmente n\u00e3o atrapalham os passeios.<\/p>\n\n\n\n<p>Para quem busca tranquilidade e economia, os meses de abril, maio, setembro e outubro s\u00e3o ideais, com menos turistas e pre\u00e7os mais acess\u00edveis em hospedagens e servi\u00e7os. O ver\u00e3o, por outro lado, \u00e9 a alta temporada, ideal para quem quer curtir o agito, festas e eventos locais. Leve roupas leves, protetor solar e cal\u00e7ados confort\u00e1veis, mas n\u00e3o se esque\u00e7a de um casaco para noites mais frescas.<\/p>\n\n\n\n<h2 class=\"wp-block-heading\">O que fazer em Cabo Frio al\u00e9m dos pontos tur\u00edsticos?<\/h2>\n\n\n\n<p>Al\u00e9m das praias e pontos famosos, o turismo em <strong>Cabo Frio <\/strong>tamb\u00e9m inclui viv\u00eancias locais encantadoras. Uma visita ao <strong>Mercado Municipal do Peixe <\/strong>permite conhecer melhor a cultura pesqueira da cidade e saborear frutos-do-mar fresquinhos. J\u00e1 na <strong>Rua dos Biqu\u00ednis<\/strong>, o visitante encontra moda praia diretamente dos fabricantes, com \u00f3timos pre\u00e7os. O bairro da <strong>Passagem oferece caf\u00e9s<\/strong>, feirinhas e ruas cheias de hist\u00f3ria para explorar a p\u00e9.<\/p>\n\n\n\n<p>Na hora de comer, n\u00e3o deixe de experimentar pratos t\u00edpicos como moqueca, caldeirada de frutos-do-mar e bolinhos de peixe. Restaurantes tradicionais, como o <strong>Gal\u00e1pagos<\/strong> ou o <strong>Zequinha\u2019s<\/strong>, s\u00e3o boas pedidas. Para se hospedar, h\u00e1 pousadas aconchegantes pr\u00f3ximas \u00e0 <strong>Praia do Forte<\/strong>, al\u00e9m de hostels para quem busca op\u00e7\u00f5es econ\u00f4micas. Aplicativos de transporte, aluguel de bicicletas e \u00f4nibus municipais facilitam o deslocamento pela cidade.<\/p>\n\n\n\n<h2 class=\"wp-block-heading\">Quais s\u00e3o as dicas essenciais para quem visita Cabo Frio?<\/h2>\n\n\n\n<p>Para aproveitar <strong>Cabo Frio<\/strong> com tranquilidade, \u00e9 importante tomar precau\u00e7\u00f5es simples: evite deixar objetos de valor na areia ou em carros e mantenha seus pertences sempre \u00e0 vista. A cidade \u00e9 segura para turistas, mas, como em qualquer destino popular, \u00e9 recomend\u00e1vel manter a aten\u00e7\u00e3o em locais muito movimentados. O transporte p\u00fablico \u00e9 funcional e barato, com \u00f4nibus circulando por bairros tur\u00edsticos.<\/p>\n\n\n\n<p>Quer economizar? Planeje sua viagem para a baixa temporada, pesquise passagens a\u00e9reas com anteced\u00eancia e aproveite cupons de desconto em sites de reserva. Evite cair em pegadinhas, como passeios excessivamente caros oferecidos na praia ou pre\u00e7os inflacionados em barracas. Busque indica\u00e7\u00f5es com moradores e prefira estabelecimentos bem avaliados online.<\/p>\n\n\n\n<h2 class=\"wp-block-heading\">Perguntas Frequentes (FAQ)<\/h2>\n\n\n\n<p><strong>Qual \u00e9 a melhor \u00e9poca do ano para visitar Cabo Frio?<\/strong><br>Geralmente, depende do clima e dos eventos locais, como festivais ou feriados.<\/p>\n\n\n\n<p><strong>Quais pratos t\u00edpicos devem ser experimentados?<\/strong><br>Busque restaurantes tradicionais para provar a culin\u00e1ria local de <strong>Cabo Frio<\/strong>.<\/p>\n\n\n\n<p><strong>Quais s\u00e3o as melhores op\u00e7\u00f5es de transporte na cidade?<\/strong><br>Use \u00f4nibus, t\u00e1xis, aplicativos ou aluguel de bicicletas, dependendo da infraestrutura de <strong>Cabo Frio.<\/strong><\/p>\n\n\n\n<p><strong>Cabo Frio \u00e9 segura para turistas?<\/strong><br>Em geral, sim, mas \u00e9 importante manter os cuidados de praxe em qualquer grande centro urbano.<\/p>\n\n\n\n<p><strong>Que eventos e festivais ocorrem anualmente em Cabo Frio?<\/strong><br>H\u00e1 celebra\u00e7\u00f5es religiosas, gastron\u00f4micas ou art\u00edsticas ao longo do ano; consulte calend\u00e1rios oficiais para se programar.<\/p>\n","protected":false},"excerpt":{"rendered":"<p>Cabo\u202fFrio, localizada na deslumbrante Regi\u00e3o dos Lagos do Rio de Janeiro, \u00e9 um dos destinos tur\u00edsticos mais procurados do Brasil. Suas praias de areia branca, \u00e1guas cristalinas e clima agrad\u00e1vel ao longo do ano encantam visitantes de todas as partes. Mas n\u00e3o \u00e9 s\u00f3 o litoral que chama aten\u00e7\u00e3o: a cidade tamb\u00e9m tem import\u00e2ncia hist\u00f3rica [&hellip;]<\/p>\n","protected":false},"author":8,"featured_media":4989,"comment_status":"open","ping_status":"open","sticky":false,"template":"","format":"standard","meta":{"_yoast_wpseo_focuskw":"areia","_yoast_wpseo_title":"","_yoast_wpseo_metadesc":"Descubra qual \u00e9 o para\u00edso de areia com gr\u00e3os de quartzo do Brasil! Veja esse destino incr\u00edvel de beleza natural impressionante.","jnews-multi-image_gallery":[],"jnews_single_post":{"format":"standard"},"jnews_primary_category":[],"jnews_social_meta":[],"jnews_override_counter":[],"footnotes":""},"categories":[108,111],"tags":[3357,954,304],"class_list":["post-23538","post","type-post","status-publish","format-standard","has-post-thumbnail","hentry","category-cidades","category-turismo","tag-areia-branca","tag-cabo-frio","tag-rio-de-janeiro"],"yoast_head":"<!-- This site is optimized with the Yoast SEO plugin v24.6 - https:\/\/yoast.com\/wordpress\/plugins\/seo\/ -->\n<title>O para\u00edso de areia com gr\u00e3os de quartzo fica no Brasil, confira - Correio Braziliense - Radar<\/title>\n<meta name=\"description\" content=\"Descubra qual \u00e9 o para\u00edso de areia com gr\u00e3os de quartzo do Brasil! Veja esse destino incr\u00edvel de beleza natural impressionante.\" \/>\n<meta name=\"robots\" content=\"index, follow, max-snippet:-1, max-image-preview:large, max-video-preview:-1\" \/>\n<link rel=\"canonical\" href=\"https:\/\/www.correiobraziliense.com.br\/cbradar\/o-paraiso-de-areia-com-graos-de-quartzo-fica-no-brasil-confira\/\" \/>\n<meta property=\"og:locale\" content=\"pt_BR\" \/>\n<meta property=\"og:type\" content=\"article\" \/>\n<meta property=\"og:title\" content=\"O para\u00edso de areia com gr\u00e3os de quartzo fica no Brasil, confira - Correio Braziliense - Radar\" \/>\n<meta property=\"og:description\" content=\"Descubra qual \u00e9 o para\u00edso de areia com gr\u00e3os de quartzo do Brasil! Veja esse destino incr\u00edvel de beleza natural impressionante.\" \/>\n<meta property=\"og:url\" content=\"https:\/\/www.correiobraziliense.com.br\/cbradar\/o-paraiso-de-areia-com-graos-de-quartzo-fica-no-brasil-confira\/\" \/>\n<meta property=\"og:site_name\" content=\"Correio Braziliense - Radar\" \/>\n<meta property=\"article:published_time\" content=\"2025-04-15T18:50:00+00:00\" \/>\n<meta property=\"og:image\" content=\"https:\/\/www.correiobraziliense.com.br\/cbradar\/wp-content\/uploads\/2025\/02\/Cabo-Frio_1740203505623.jpg\" \/>\n\t<meta property=\"og:image:width\" content=\"1280\" \/>\n\t<meta property=\"og:image:height\" content=\"720\" \/>\n\t<meta property=\"og:image:type\" content=\"image\/jpeg\" \/>\n<meta name=\"author\" content=\"Maura Pereira\" \/>\n<meta name=\"twitter:card\" content=\"summary_large_image\" \/>\n<meta name=\"twitter:label1\" content=\"Escrito por\" \/>\n\t<meta name=\"twitter:data1\" content=\"Maura Pereira\" \/>\n\t<meta name=\"twitter:label2\" content=\"Est. tempo de leitura\" \/>\n\t<meta name=\"twitter:data2\" content=\"7 minutos\" \/>\n<!-- \/ Yoast SEO plugin. -->","yoast_head_json":{"title":"O para\u00edso de areia com gr\u00e3os de quartzo fica no Brasil, confira - Correio Braziliense - Radar","description":"Descubra qual \u00e9 o para\u00edso de areia com gr\u00e3os de quartzo do Brasil! Veja esse destino incr\u00edvel de beleza natural impressionante.","robots":{"index":"index","follow":"follow","max-snippet":"max-snippet:-1","max-image-preview":"max-image-preview:large","max-video-preview":"max-video-preview:-1"},"canonical":"https:\/\/www.correiobraziliense.com.br\/cbradar\/o-paraiso-de-areia-com-graos-de-quartzo-fica-no-brasil-confira\/","og_locale":"pt_BR","og_type":"article","og_title":"O para\u00edso de areia com gr\u00e3os de quartzo fica no Brasil, confira - Correio Braziliense - Radar","og_description":"Descubra qual \u00e9 o para\u00edso de areia com gr\u00e3os de quartzo do Brasil! Veja esse destino incr\u00edvel de beleza natural impressionante.","og_url":"https:\/\/www.correiobraziliense.com.br\/cbradar\/o-paraiso-de-areia-com-graos-de-quartzo-fica-no-brasil-confira\/","og_site_name":"Correio Braziliense - Radar","article_published_time":"2025-04-15T18:50:00+00:00","og_image":[{"width":1280,"height":720,"url":"https:\/\/www.correiobraziliense.com.br\/cbradar\/wp-content\/uploads\/2025\/02\/Cabo-Frio_1740203505623.jpg","type":"image\/jpeg"}],"author":"Maura Pereira","twitter_card":"summary_large_image","twitter_misc":{"Escrito por":"Maura Pereira","Est. tempo de leitura":"7 minutos"},"schema":{"@context":"https:\/\/schema.org","@graph":[{"@type":"WebPage","@id":"https:\/\/www.correiobraziliense.com.br\/cbradar\/o-paraiso-de-areia-com-graos-de-quartzo-fica-no-brasil-confira\/","url":"https:\/\/www.correiobraziliense.com.br\/cbradar\/o-paraiso-de-areia-com-graos-de-quartzo-fica-no-brasil-confira\/","name":"O para\u00edso de areia com gr\u00e3os de quartzo fica no Brasil, confira - Correio Braziliense - Radar","isPartOf":{"@id":"https:\/\/www.correiobraziliense.com.br\/cbradar\/#website"},"primaryImageOfPage":{"@id":"https:\/\/www.correiobraziliense.com.br\/cbradar\/o-paraiso-de-areia-com-graos-de-quartzo-fica-no-brasil-confira\/#primaryimage"},"image":{"@id":"https:\/\/www.correiobraziliense.com.br\/cbradar\/o-paraiso-de-areia-com-graos-de-quartzo-fica-no-brasil-confira\/#primaryimage"},"thumbnailUrl":"https:\/\/www.correiobraziliense.com.br\/cbradar\/wp-content\/uploads\/2025\/02\/Cabo-Frio_1740203505623.jpg","datePublished":"2025-04-15T18:50:00+00:00","author":{"@id":"https:\/\/www.correiobraziliense.com.br\/cbradar\/#\/schema\/person\/4053c651a9bfc785afc6f4cbc9032fd3"},"description":"Descubra qual \u00e9 o para\u00edso de areia com gr\u00e3os de quartzo do Brasil! Veja esse destino incr\u00edvel de beleza natural impressionante.","breadcrumb":{"@id":"https:\/\/www.correiobraziliense.com.br\/cbradar\/o-paraiso-de-areia-com-graos-de-quartzo-fica-no-brasil-confira\/#breadcrumb"},"inLanguage":"pt-BR","potentialAction":[{"@type":"ReadAction","target":["https:\/\/www.correiobraziliense.com.br\/cbradar\/o-paraiso-de-areia-com-graos-de-quartzo-fica-no-brasil-confira\/"]}]},{"@type":"ImageObject","inLanguage":"pt-BR","@id":"https:\/\/www.correiobraziliense.com.br\/cbradar\/o-paraiso-de-areia-com-graos-de-quartzo-fica-no-brasil-confira\/#primaryimage","url":"https:\/\/www.correiobraziliense.com.br\/cbradar\/wp-content\/uploads\/2025\/02\/Cabo-Frio_1740203505623.jpg","contentUrl":"https:\/\/www.correiobraziliense.com.br\/cbradar\/wp-content\/uploads\/2025\/02\/Cabo-Frio_1740203505623.jpg","width":1280,"height":720,"caption":"Em Cabo Frio, encontre praias para relaxar, \u00f3timos restaurantes, passeios de barco e divers\u00e3o para toda a fam\u00edlia. \/\/ Cr\u00e9ditos: depositphotos.com \/ Cristian_Lourenco"},{"@type":"BreadcrumbList","@id":"https:\/\/www.correiobraziliense.com.br\/cbradar\/o-paraiso-de-areia-com-graos-de-quartzo-fica-no-brasil-confira\/#breadcrumb","itemListElement":[{"@type":"ListItem","position":1,"name":"In\u00edcio","item":"https:\/\/www.correiobraziliense.com.br\/cbradar\/"},{"@type":"ListItem","position":2,"name":"O para\u00edso de areia com gr\u00e3os de quartzo fica no Brasil, confira"}]},{"@type":"WebSite","@id":"https:\/\/www.correiobraziliense.com.br\/cbradar\/#website","url":"https:\/\/www.correiobraziliense.com.br\/cbradar\/","name":"Correio Braziliense - Radar","description":"Acompanhe as \u00faltimas not\u00edcias e fique bem informado sobre tudo o que acontece no Brasil e no mundo.","potentialAction":[{"@type":"SearchAction","target":{"@type":"EntryPoint","urlTemplate":"https:\/\/www.correiobraziliense.com.br\/cbradar\/?s={search_term_string}"},"query-input":{"@type":"PropertyValueSpecification","valueRequired":true,"valueName":"search_term_string"}}],"inLanguage":"pt-BR"},{"@type":"Person","@id":"https:\/\/www.correiobraziliense.com.br\/cbradar\/#\/schema\/person\/4053c651a9bfc785afc6f4cbc9032fd3","name":"Maura Pereira","image":{"@type":"ImageObject","inLanguage":"pt-BR","@id":"https:\/\/www.correiobraziliense.com.br\/cbradar\/#\/schema\/person\/image\/","url":"https:\/\/secure.gravatar.com\/avatar\/3effd6bdadfa447f15089c7f7144eaa6?s=96&d=mm&r=g","contentUrl":"https:\/\/secure.gravatar.com\/avatar\/3effd6bdadfa447f15089c7f7144eaa6?s=96&d=mm&r=g","caption":"Maura Pereira"},"sameAs":["https:\/\/www.correiobraziliense.com.br\/"],"url":"https:\/\/www.correiobraziliense.com.br\/cbradar\/author\/mauramyth\/"}]}},"_links":{"self":[{"href":"https:\/\/www.correiobraziliense.com.br\/cbradar\/wp-json\/wp\/v2\/posts\/23538","targetHints":{"allow":["GET"]}}],"collection":[{"href":"https:\/\/www.correiobraziliense.com.br\/cbradar\/wp-json\/wp\/v2\/posts"}],"about":[{"href":"https:\/\/www.correiobraziliense.com.br\/cbradar\/wp-json\/wp\/v2\/types\/post"}],"author":[{"embeddable":true,"href":"https:\/\/www.correiobraziliense.com.br\/cbradar\/wp-json\/wp\/v2\/users\/8"}],"replies":[{"embeddable":true,"href":"https:\/\/www.correiobraziliense.com.br\/cbradar\/wp-json\/wp\/v2\/comments?post=23538"}],"version-history":[{"count":9,"href":"https:\/\/www.correiobraziliense.com.br\/cbradar\/wp-json\/wp\/v2\/posts\/23538\/revisions"}],"predecessor-version":[{"id":23567,"href":"https:\/\/www.correiobraziliense.com.br\/cbradar\/wp-json\/wp\/v2\/posts\/23538\/revisions\/23567"}],"wp:featuredmedia":[{"embeddable":true,"href":"https:\/\/www.correiobraziliense.com.br\/cbradar\/wp-json\/wp\/v2\/media\/4989"}],"wp:attachment":[{"href":"https:\/\/www.correiobraziliense.com.br\/cbradar\/wp-json\/wp\/v2\/media?parent=23538"}],"wp:term":[{"taxonomy":"category","embeddable":true,"href":"https:\/\/www.correiobraziliense.com.br\/cbradar\/wp-json\/wp\/v2\/categories?post=23538"},{"taxonomy":"post_tag","embeddable":true,"href":"https:\/\/www.correiobraziliense.com.br\/cbradar\/wp-json\/wp\/v2\/tags?post=23538"}],"curies":[{"name":"wp","href":"https:\/\/api.w.org\/{rel}","templated":true}]}}