{"id":235386,"date":"2026-05-01T23:05:00","date_gmt":"2026-05-02T02:05:00","guid":{"rendered":"https:\/\/www.correiobraziliense.com.br\/cbradar\/?p=235386"},"modified":"2026-05-01T15:40:37","modified_gmt":"2026-05-01T18:40:37","slug":"onde-o-mar-invade-as-ruas-de-proposito-para-limpar-essa-cidade-brasileira-encanta-pelo-patrimonio-historico","status":"publish","type":"post","link":"https:\/\/www.correiobraziliense.com.br\/cbradar\/onde-o-mar-invade-as-ruas-de-proposito-para-limpar-essa-cidade-brasileira-encanta-pelo-patrimonio-historico\/","title":{"rendered":"Onde o mar invade as ruas de prop\u00f3sito para limpar, essa cidade brasileira encanta pelo patrim\u00f4nio hist\u00f3rico"},"content":{"rendered":"\n<p>Quando a mar\u00e9 cheia avan\u00e7a nas noites de lua, o oceano invade suavemente as ruas de pedra de <strong>Paraty<\/strong>, cobrindo o cal\u00e7amento colonial como parte de um projeto urbano pensado ainda no s\u00e9culo XVIII. Entre patrim\u00f4nio hist\u00f3rico e igrejas barrocas, essa cena se repete h\u00e1 s\u00e9culos. Em <strong>2019<\/strong>, a <strong>UNESCO<\/strong> reconheceu <strong>Paraty<\/strong> e <strong>Ilha Grande<\/strong> como <strong>Patrim\u00f4nio Mundial<\/strong>, na categoria de s\u00edtio misto, o primeiro do <strong>Brasil<\/strong> e da <strong>Am\u00e9rica Latina<\/strong> a unir patrim\u00f4nio cultural e natural.<\/p>\n\n\n\n<h2 class=\"wp-block-heading\">O isolamento que manteve a cidade intacta<\/h2>\n\n\n\n<p>Fundada no s\u00e9culo XVII, <strong>Paraty<\/strong> ganhou destaque como principal porto do escoamento do ouro vindo de <strong>Minas Gerais<\/strong>, pelo chamado <strong>Caminho do Ouro<\/strong>. Com o decl\u00ednio da minera\u00e7\u00e3o e a abertura de novas rotas, a cidade perdeu relev\u00e2ncia e acabou isolada por d\u00e9cadas. Paradoxalmente, foi esse esquecimento que preservou seu conjunto arquitet\u00f4nico quase intacto.<\/p>\n\n\n\n<p>A redescoberta veio apenas nos anos <strong>1970<\/strong>, com a constru\u00e7\u00e3o da rodovia <strong>Rio-Santos<\/strong>, que revelou ao pa\u00eds ruas, igrejas e casar\u00f5es praticamente inalterados desde o s\u00e9culo XVIII. O reconhecimento oficial j\u00e1 havia come\u00e7ado antes: em <strong>1958<\/strong>, o <a href=\"http:\/\/portal.iphan.gov.br\/noticias\/detalhes\/5164\/paraty-e-ilha-grande-rj-ganham-titulo-de-patrimonio-mundial-da-unesco\" target=\"_blank\" rel=\"noreferrer noopener\"><strong>IPHAN<\/strong> <\/a>tombou o centro hist\u00f3rico. Mais recentemente, em <strong>2025<\/strong>, a revista <strong>Forbes<\/strong> incluiu <strong>Paraty<\/strong> entre as <strong>50<\/strong> vilas mais bonitas do mundo. Entre as curiosidades da arquitetura local, destaca-se o uso de abacaxis esculpidos nas fachadas \u2014 s\u00edmbolo de riqueza, hospitalidade e status na \u00e9poca colonial.<\/p>\n\n\n<div class=\"wp-block-image\">\n<figure class=\"aligncenter size-large\"><img decoding=\"async\" width=\"1024\" height=\"576\" src=\"https:\/\/www.correiobraziliense.com.br\/cbradar\/wp-content\/uploads\/2025\/04\/Paraty_1744545537065-1024x576.jpg\" alt=\"Cada uma dessas cidades oferece elementos que inspiram vida, decora\u00e7\u00e3o e paisagismo,\" class=\"wp-image-22895\" srcset=\"https:\/\/www.correiobraziliense.com.br\/cbradar\/wp-content\/uploads\/2025\/04\/Paraty_1744545537065-1024x576.jpg 1024w, https:\/\/www.correiobraziliense.com.br\/cbradar\/wp-content\/uploads\/2025\/04\/Paraty_1744545537065-300x169.jpg 300w, https:\/\/www.correiobraziliense.com.br\/cbradar\/wp-content\/uploads\/2025\/04\/Paraty_1744545537065-768x432.jpg 768w, https:\/\/www.correiobraziliense.com.br\/cbradar\/wp-content\/uploads\/2025\/04\/Paraty_1744545537065-750x422.jpg 750w, https:\/\/www.correiobraziliense.com.br\/cbradar\/wp-content\/uploads\/2025\/04\/Paraty_1744545537065-1140x641.jpg 1140w, https:\/\/www.correiobraziliense.com.br\/cbradar\/wp-content\/uploads\/2025\/04\/Paraty_1744545537065.jpg 1280w\" sizes=\"(max-width: 1024px) 100vw, 1024px\" \/><figcaption class=\"wp-element-caption\">Paraty \u00e9 um munic\u00edpio hist\u00f3rico no Rio de Janeiro famoso por praias, cultura e patrim\u00f4nio. \/\/ Cr\u00e9ditos: depositphotos.com \/ dabldy<\/figcaption><\/figure><\/div>\n\n\n<h2 class=\"wp-block-heading\">O que visitar nas ruas de pedra e al\u00e9m delas?<\/h2>\n\n\n\n<p>Paraty concentra mais de 65 ilhas, cerca de 90 praias catalogadas e um centro hist\u00f3rico onde carros n\u00e3o entram. A variedade de atra\u00e7\u00f5es permite montar roteiros de dois dias ou duas semanas.<\/p>\n\n\n\n<ul class=\"wp-block-list\">\n<li><strong>Centro Hist\u00f3rico<\/strong>: ruas cal\u00e7adas com pedras irregulares (&#8220;p\u00e9 de moleque&#8221;), casar\u00f5es coloniais, galerias de arte e restaurantes. Fechado para ve\u00edculos, percorre-se todo a p\u00e9.<\/li>\n\n\n\n<li><strong>Saco do Mamangu\u00e1<\/strong>: considerado o \u00fanico fiorde tropical do <strong>Brasil<\/strong>, com \u00e1guas calmas cercadas por montanhas cobertas de Mata Atl\u00e2ntica. Acess\u00edvel por barco ou caiaque.<\/li>\n\n\n\n<li><strong>Praia do Cachada\u00e7o<\/strong> (Trindade): piscinas naturais entre rochas, acess\u00edvel por trilha curta ou barco. Cercada por reserva de Mata Atl\u00e2ntica.<\/li>\n\n\n\n<li><strong>Caminho do Ouro<\/strong>: trecho preservado da estrada colonial que ligava Paraty \u00e0s minas, com cal\u00e7amento original em pedra. Trilha guiada de cerca de 2 horas.<\/li>\n\n\n\n<li><strong>Forte Defensor Perp\u00e9tuo<\/strong>: constru\u00eddo em 1822, abriga museu com pe\u00e7as de artilharia e vista panor\u00e2mica da ba\u00eda.<\/li>\n<\/ul>\n\n\n\n<p>O v\u00eddeo do canal <strong>Vamos Fugir Blog<\/strong> oferece um guia completo sobre <strong>Paraty, no Rio de Janeiro<\/strong>, abrangendo desde o seu centro hist\u00f3rico preservado at\u00e9 praias paradis\u00edacas, cachoeiras e gastronomia local.<\/p>\n\n\n\n<figure class=\"wp-block-embed aligncenter is-type-video is-provider-youtube wp-block-embed-youtube wp-embed-aspect-16-9 wp-has-aspect-ratio\"><div class=\"wp-block-embed__wrapper\">\n<div class=\"jeg_video_container jeg_video_content\"><iframe loading=\"lazy\" title=\"O que fazer em Paraty - RJ? (Melhores praias, cachoeiras, passeios, pre\u00e7os, e onde se hospedar)\" width=\"500\" height=\"281\" src=\"https:\/\/www.youtube.com\/embed\/Ed91KjgmVMw?feature=oembed\" frameborder=\"0\" allow=\"accelerometer; autoplay; clipboard-write; encrypted-media; gyroscope; picture-in-picture; web-share\" referrerpolicy=\"strict-origin-when-cross-origin\" allowfullscreen><\/iframe><\/div>\n<\/div><\/figure>\n\n\n\n<h2 class=\"wp-block-heading\">FLIP, cacha\u00e7a e festas que movem a cidade o ano inteiro<\/h2>\n\n\n\n<p>Paraty \u00e9 tamb\u00e9m <strong>Cidade Criativa da Gastronomia pela UNESCO<\/strong> desde 2017. A agenda cultural justifica viagens em qualquer m\u00eas do ano. A <strong>FLIP<\/strong> (Festa Liter\u00e1ria Internacional de Paraty), realizada todo julho desde 2003, \u00e9 um dos maiores eventos liter\u00e1rios da <strong>Am\u00e9rica do Sul<\/strong>. O <strong>Festival da Cacha\u00e7a, Cultura e Sabores<\/strong>, em agosto, celebra a tradi\u00e7\u00e3o dos alambiques com degusta\u00e7\u00f5es e m\u00fasica.<\/p>\n\n\n\n<p>A produ\u00e7\u00e3o de cacha\u00e7a artesanal \u00e9 parte da identidade local. Alambiques como o <strong>Engenho D&#8217;Ouro<\/strong> e a <strong>Pedra Branca<\/strong> abrem as portas para visitas guiadas, degusta\u00e7\u00f5es e explica\u00e7\u00f5es sobre o processo de destila\u00e7\u00e3o. A tradi\u00e7\u00e3o religiosa tamb\u00e9m pulsa: a <strong>Festa do Divino Esp\u00edrito Santo<\/strong> leva cortejos e m\u00fasica \u00e0s ruas do centro hist\u00f3rico h\u00e1 gera\u00e7\u00f5es.<\/p>\n\n\n<div class=\"wp-block-image\">\n<figure class=\"aligncenter size-large\"><img decoding=\"async\" width=\"1024\" height=\"576\" src=\"https:\/\/www.correiobraziliense.com.br\/cbradar\/wp-content\/uploads\/2025\/07\/Edicoes-58-1024x576.png\" alt=\"Essa cidade do Rio de Janeiro \u00e9 uma verdadeira rel\u00edquia colonial cheia de tranquilidade\" class=\"wp-image-72472\" srcset=\"https:\/\/www.correiobraziliense.com.br\/cbradar\/wp-content\/uploads\/2025\/07\/Edicoes-58-1024x576.png 1024w, https:\/\/www.correiobraziliense.com.br\/cbradar\/wp-content\/uploads\/2025\/07\/Edicoes-58-300x169.png 300w, https:\/\/www.correiobraziliense.com.br\/cbradar\/wp-content\/uploads\/2025\/07\/Edicoes-58-768x432.png 768w, https:\/\/www.correiobraziliense.com.br\/cbradar\/wp-content\/uploads\/2025\/07\/Edicoes-58-750x422.png 750w, https:\/\/www.correiobraziliense.com.br\/cbradar\/wp-content\/uploads\/2025\/07\/Edicoes-58-1140x641.png 1140w, https:\/\/www.correiobraziliense.com.br\/cbradar\/wp-content\/uploads\/2025\/07\/Edicoes-58.png 1280w\" sizes=\"(max-width: 1024px) 100vw, 1024px\" \/><figcaption class=\"wp-element-caption\">Deixe-se encantar por Paraty, destino charmoso com ruas de pedra, igrejas antigas e passeios de barco inesquec\u00edveis. \/\/ Cr\u00e9ditos: Wikipedia<\/figcaption><\/figure><\/div>\n\n\n<h2 class=\"wp-block-heading\">Quando o clima favorece praia e centro hist\u00f3rico?<\/h2>\n\n\n\n<p>O per\u00edodo mais seco, de maio a setembro, \u00e9 ideal para explorar trilhas e o centro hist\u00f3rico sem chuvas. No ver\u00e3o, as praias ficam mais movimentadas e os eventos se multiplicam.<\/p>\n\n\n\n<style>\n  \/* --- CONTAINER BLINDADO --- *\/\n  .clima-grid-final {\n    font-family: -apple-system, BlinkMacSystemFont, \"Segoe UI\", Roboto, Arial, sans-serif !important;\n    width: 100% !important;\n    max-width: 1200px !important;\n    margin: 20px auto !important;\n    display: grid !important;\n    grid-template-columns: repeat(4, 1fr) !important; \n    gap: 15px !important;\n    box-sizing: border-box !important;\n  }\n\n  .clima-grid-final * {\n    box-sizing: border-box !important;\n  }\n\n  \/* --- CARD PADR\u00c3O (ESTILO COSTA VERDE) --- *\/\n  .card-clima {\n    background: #ffffff !important;\n    border: 1px solid #e0e0e0 !important;\n    border-radius: 20px !important;\n    padding: 20px 10px !important;\n    text-align: center !important;\n    display: flex !important;\n    flex-direction: column !important;\n    align-items: center !important;\n    box-shadow: 0 4px 10px rgba(0, 0, 0, 0.05) !important;\n    transition: transform 0.2s ease, border-color 0.2s ease !important;\n    height: 100% !important;\n  }\n\n  .card-clima:hover {\n    transform: translateY(-5px) !important;\n    border-color: #1e88e5 !important; \/* Destaque em Azul conforme seu tema *\/\n  }\n\n  \/* --- TIPOGRAFIA --- *\/\n  .estacao-nome { \n    font-size: 14px !important; \n    font-weight: 800 !important; \n    color: #1e88e5 !important; \n    text-transform: uppercase !important; \n    margin: 0 0 5px 0 !important; \n  }\n  \n  .estacao-meses { \n    font-size: 10px !important; \n    font-weight: 700 !important; \n    color: #666666 !important; \n    text-transform: uppercase !important; \n    margin-bottom: 15px !important; \n    display: block !important;\n  }\n  \n  .temp-valor { \n    font-size: 24px !important; \n    font-weight: 800 !important; \n    color: #000000 !important; \n    line-height: 1.1 !important; \n    margin: 0 !important;\n  }\n  \n  .temp-label { \n    font-size: 9px !important; \n    font-weight: 600 !important; \n    color: #999999 !important; \n    text-transform: uppercase !important; \n    margin-bottom: 15px !important; \n    display: block !important;\n  }\n  \n  .clima-desc { \n    font-size: 12px !important; \n    line-height: 1.4 !important; \n    color: #333333 !important; \n    margin-bottom: 15px !important; \n    flex-grow: 1 !important; \n  }\n\n  \/* --- TAGS DE STATUS --- *\/\n  .tag-status {\n    padding: 5px 12px !important;\n    border-radius: 20px !important;\n    font-size: 9px !important;\n    font-weight: 800 !important;\n    text-transform: uppercase !important;\n    margin-top: auto !important;\n  }\n\n  .status-alta { background-color: #ffebee !important; color: #c62828 !important; border: 1px solid #ffcdd2 !important; }\n  .status-media { background-color: #fff3e0 !important; color: #ef6c00 !important; border: 1px solid #ffe0b2 !important; }\n  .status-baixa { background-color: #e8f5e9 !important; color: #2e7d32 !important; border: 1px solid #c8e6c9 !important; }\n\n  \/* --- RESPONSIVIDADE --- *\/\n  @media (max-width: 900px) {\n    .clima-grid-final { grid-template-columns: repeat(2, 1fr) !important; }\n  }\n  @media (max-width: 500px) {\n    .clima-grid-final { grid-template-columns: 1fr !important; }\n  }\n<\/style>\n\n<div class=\"google-auto-ads-ignore clima-grid-final\">\n  \n  <!-- VER\u00c3O -->\n  <div class=\"card-clima\">\n    <div class=\"estacao-nome\">\ud83d\udea4 Ver\u00e3o<\/div>\n    <span class=\"estacao-meses\">Dez &#8211; Fev<\/span>\n    <div class=\"temp-valor\">22-32\u00b0C<\/div>\n    <span class=\"temp-label\">Temperatura<\/span>\n    <div class=\"clima-desc\">Aproveite o calor intenso para curtir as <b>praias, explorar as ilhas<\/b> e fazer inesquec\u00edveis <b>passeios de barco<\/b> pela ba\u00eda.<\/div>\n    <div class=\"tag-status status-alta\">\u26c8\ufe0f Chuva Alta<\/div>\n  <\/div>\n\n  <!-- OUTONO -->\n  <div class=\"card-clima\">\n    <div class=\"estacao-nome\">\ud83d\udef6 Outono<\/div>\n    <span class=\"estacao-meses\">Mar &#8211; Mai<\/span>\n    <div class=\"temp-valor\">20-28\u00b0C<\/div>\n    <span class=\"temp-label\">Temperatura<\/span>\n    <div class=\"clima-desc\">Clima ameno, perfeito para <b>trilhas<\/b> e explorar de <b>caiaque<\/b> o cen\u00e1rio \u00fanico do fiorde tropical no <b>Saco do Mamangu\u00e1<\/b>.<\/div>\n    <div class=\"tag-status status-media\">\ud83c\udf26\ufe0f Chuva M\u00e9dia<\/div>\n  <\/div>\n\n  <!-- INVERNO -->\n  <div class=\"card-clima\">\n    <div class=\"estacao-nome\">\ud83d\udcda Inverno<\/div>\n    <span class=\"estacao-meses\">Jun &#8211; Ago<\/span>\n    <div class=\"temp-valor\">16-24\u00b0C<\/div>\n    <span class=\"temp-label\">Temperatura<\/span>\n    <div class=\"clima-desc\">Tempo seco ideal para caminhar no <b>Centro Hist\u00f3rico<\/b>, curtir a <b>FLIP<\/b> e o tradicional <b>Festival da Cacha\u00e7a<\/b>.<\/div>\n    <div class=\"tag-status status-baixa\">\u2600\ufe0f Chuva Baixa<\/div>\n  <\/div>\n\n  <!-- PRIMAVERA -->\n  <div class=\"card-clima\">\n    <div class=\"estacao-nome\">\ud83c\udf0a Primavera<\/div>\n    <span class=\"estacao-meses\">Set &#8211; Nov<\/span>\n    <div class=\"temp-valor\">18-28\u00b0C<\/div>\n    <span class=\"temp-label\">Temperatura<\/span>\n    <div class=\"clima-desc\">\u00d3tima \u00e9poca para as <b>piscinas naturais e praias de Trindade<\/b>, aproveitando o florescer da regi\u00e3o e o ecoturismo.<\/div>\n    <div class=\"tag-status status-media\">\ud83c\udf38 Chuva M\u00e9dia<\/div>\n  <\/div>\n\n<\/div>\n\n\n\n<p><em>Temperaturas aproximadas. Consulte a previs\u00e3o atualizada no <a href=\"https:\/\/www.climatempo.com.br\/previsao-do-tempo\/cidade\/321\/paraty-rj\" target=\"_blank\" rel=\"noreferrer noopener\"><strong>Climatempo<\/strong><\/a>. Condi\u00e7\u00f5es podem variar.<\/em><\/p>\n\n\n<div class=\"wp-block-image\">\n<figure class=\"aligncenter size-large\"><img decoding=\"async\" width=\"1024\" height=\"576\" src=\"https:\/\/www.correiobraziliense.com.br\/cbradar\/wp-content\/uploads\/2025\/07\/Edicoes-59-1024x576.png\" alt=\"A cidade hist\u00f3rica do Rio de Janeiro que parece parada no tempo e conquista pelo sossego com \u00e1guas que encantam qualquer um\" class=\"wp-image-72471\" srcset=\"https:\/\/www.correiobraziliense.com.br\/cbradar\/wp-content\/uploads\/2025\/07\/Edicoes-59-1024x576.png 1024w, https:\/\/www.correiobraziliense.com.br\/cbradar\/wp-content\/uploads\/2025\/07\/Edicoes-59-300x169.png 300w, https:\/\/www.correiobraziliense.com.br\/cbradar\/wp-content\/uploads\/2025\/07\/Edicoes-59-768x432.png 768w, https:\/\/www.correiobraziliense.com.br\/cbradar\/wp-content\/uploads\/2025\/07\/Edicoes-59-750x422.png 750w, https:\/\/www.correiobraziliense.com.br\/cbradar\/wp-content\/uploads\/2025\/07\/Edicoes-59-1140x641.png 1140w, https:\/\/www.correiobraziliense.com.br\/cbradar\/wp-content\/uploads\/2025\/07\/Edicoes-59.png 1280w\" sizes=\"(max-width: 1024px) 100vw, 1024px\" \/><figcaption class=\"wp-element-caption\">Paraty abriga centro hist\u00f3rico tombado pela Unesco e \u00e1rea protegida com rica biodiversidade. \/\/ Cr\u00e9ditos: Wikipedia<\/figcaption><\/figure><\/div>\n\n\n<h2 class=\"wp-block-heading\">Como chegar \u00e0 cidade entre o Rio e S\u00e3o Paulo?<\/h2>\n\n\n\n<p>Paraty fica a 250 km do <strong>Rio de Janeiro<\/strong> e a 300 km de <strong>S\u00e3o Paulo<\/strong>, com acesso principal pela rodovia <strong>Rio-Santos (BR-101)<\/strong>. N\u00e3o h\u00e1 aeroporto comercial na cidade. Os aeroportos mais pr\u00f3ximos s\u00e3o o <strong>Gale\u00e3o<\/strong> (Rio) e <strong>Guarulhos<\/strong> (S\u00e3o Paulo), ambos a cerca de 4 horas de carro. \u00d4nibus rodovi\u00e1rios fazem a liga\u00e7\u00e3o di\u00e1ria com as duas capitais. A <a href=\"https:\/\/www.paraty.rj.gov.br\/paraty-patrimonio-mundial\" target=\"_blank\" rel=\"noreferrer noopener\"><strong>Prefeitura de Paraty<\/strong><\/a> mant\u00e9m informa\u00e7\u00f5es atualizadas sobre turismo e eventos.<\/p>\n\n\n\n<iframe src=\"https:\/\/www.google.com\/maps\/embed?pb=!1m18!1m12!1m3!1d69774.33404757922!2d-44.74057199176231!3d-23.204421550758227!2m3!1f0!2f0!3f0!3m2!1i1024!2i768!4f13.1!3m3!1m2!1s0x9d6d04d08d0dd9%3A0xea35e93f7a8ac64d!2sParaty%2C%20RJ!5e0!3m2!1spt-BR!2sbr!4v1777646101409!5m2!1spt-BR!2sbr\" width=\"600\" height=\"450\" style=\"border:0;\" allowfullscreen=\"\" loading=\"lazy\" referrerpolicy=\"no-referrer-when-downgrade\"><\/iframe>\n\n\n\n<p><strong>Leia tamb\u00e9m: <a href=\"https:\/\/www.correiobraziliense.com.br\/cbradar\/essa-cidade-do-parana-e-a-2a-mais-inteligente-do-brasil-e-conquista-com-ruas-limpas-empregos-e-qualidade-de-vida\/\" target=\"_blank\" rel=\"noreferrer noopener\">Essa cidade do Paran\u00e1 \u00e9 a 2\u00aa mais inteligente do Brasil e conquista com ruas limpas, empregos e qualidade de vida.<\/a><\/strong><\/p>\n\n\n\n<h2 class=\"wp-block-heading\">Um convite para viver Paraty com os p\u00e9s na hist\u00f3ria<\/h2>\n\n\n\n<p><strong>Paraty<\/strong> \u00e9 um daqueles raros destinos onde o abandono acabou se transformando em prote\u00e7\u00e3o. As mesmas ruas que ficaram para tr\u00e1s com o fim do ciclo do ouro hoje preservam um patrim\u00f4nio completo, cercado por mata atl\u00e2ntica e um litoral repleto de ilhas. Da <strong>FLIP<\/strong> \u00e0 tradi\u00e7\u00e3o da cacha\u00e7a, do <strong>Saco do Mamangu\u00e1<\/strong> ao <strong>Caminho do Ouro<\/strong>, tudo se encaixa em uma cidade que dispensa asfalto para ser aut\u00eantica.<\/p>\n\n\n\n<p>Caminhar descal\u00e7o pelo centro hist\u00f3rico de <strong>Paraty<\/strong>, esperar a mar\u00e9 subir e ver o mar tomar as ruas de pedra do s\u00e9culo XVIII \u00e9 uma experi\u00eancia \u00fanica. \u00c9 nesse instante que fica claro por que a <strong>UNESCO<\/strong> colocou o destino em uma categoria que poucos lugares no mundo conseguem alcan\u00e7ar.<\/p>\n","protected":false},"excerpt":{"rendered":"<p>Quando a mar\u00e9 cheia avan\u00e7a nas noites de lua, o oceano invade suavemente as ruas de pedra de Paraty, cobrindo o cal\u00e7amento colonial como parte de um projeto urbano pensado ainda no s\u00e9culo XVIII. Entre patrim\u00f4nio hist\u00f3rico e igrejas barrocas, essa cena se repete h\u00e1 s\u00e9culos. Em 2019, a UNESCO reconheceu Paraty e Ilha Grande [&hellip;]<\/p>\n","protected":false},"author":8,"featured_media":22897,"comment_status":"open","ping_status":"open","sticky":false,"template":"","format":"standard","meta":{"_yoast_wpseo_focuskw":"patrim\u00f4nio hist\u00f3rico","_yoast_wpseo_title":"","_yoast_wpseo_metadesc":"Um dos cen\u00e1rios mais curiosos do Brasil em uma cidade onde o mar entra nas ruas para limpar e valoriza seu patrim\u00f4nio hist\u00f3rico.","jnews-multi-image_gallery":[],"jnews_single_post":{"format":"standard"},"jnews_primary_category":[],"jnews_social_meta":[],"jnews_override_counter":[],"footnotes":""},"categories":[108,111],"tags":[3263,304],"class_list":["post-235386","post","type-post","status-publish","format-standard","has-post-thumbnail","hentry","category-cidades","category-turismo","tag-paraty","tag-rio-de-janeiro"],"yoast_head":"<!-- This site is optimized with the Yoast SEO plugin v24.6 - https:\/\/yoast.com\/wordpress\/plugins\/seo\/ -->\n<title>Onde o mar invade as ruas de prop\u00f3sito para limpar, essa cidade brasileira encanta pelo patrim\u00f4nio hist\u00f3rico - Correio Braziliense - Radar<\/title>\n<meta name=\"description\" content=\"Um dos cen\u00e1rios mais curiosos do Brasil em uma cidade onde o mar entra nas ruas para limpar e valoriza seu patrim\u00f4nio hist\u00f3rico.\" \/>\n<meta name=\"robots\" content=\"index, follow, max-snippet:-1, max-image-preview:large, max-video-preview:-1\" \/>\n<link rel=\"canonical\" href=\"https:\/\/www.correiobraziliense.com.br\/cbradar\/onde-o-mar-invade-as-ruas-de-proposito-para-limpar-essa-cidade-brasileira-encanta-pelo-patrimonio-historico\/\" \/>\n<meta property=\"og:locale\" content=\"pt_BR\" \/>\n<meta property=\"og:type\" content=\"article\" \/>\n<meta property=\"og:title\" content=\"Onde o mar invade as ruas de prop\u00f3sito para limpar, essa cidade brasileira encanta pelo patrim\u00f4nio hist\u00f3rico - Correio Braziliense - Radar\" \/>\n<meta property=\"og:description\" content=\"Um dos cen\u00e1rios mais curiosos do Brasil em uma cidade onde o mar entra nas ruas para limpar e valoriza seu patrim\u00f4nio hist\u00f3rico.\" \/>\n<meta property=\"og:url\" content=\"https:\/\/www.correiobraziliense.com.br\/cbradar\/onde-o-mar-invade-as-ruas-de-proposito-para-limpar-essa-cidade-brasileira-encanta-pelo-patrimonio-historico\/\" \/>\n<meta property=\"og:site_name\" content=\"Correio Braziliense - Radar\" \/>\n<meta property=\"article:published_time\" content=\"2026-05-02T02:05:00+00:00\" \/>\n<meta property=\"og:image\" content=\"https:\/\/www.correiobraziliense.com.br\/cbradar\/wp-content\/uploads\/2025\/04\/Paraty_1744545547648.jpg\" \/>\n\t<meta property=\"og:image:width\" content=\"1280\" \/>\n\t<meta property=\"og:image:height\" content=\"720\" \/>\n\t<meta property=\"og:image:type\" content=\"image\/jpeg\" \/>\n<meta name=\"author\" content=\"Maura Pereira\" \/>\n<meta name=\"twitter:card\" content=\"summary_large_image\" \/>\n<meta name=\"twitter:label1\" content=\"Escrito por\" \/>\n\t<meta name=\"twitter:data1\" content=\"Maura Pereira\" \/>\n\t<meta name=\"twitter:label2\" content=\"Est. tempo de leitura\" \/>\n\t<meta name=\"twitter:data2\" content=\"7 minutos\" \/>\n<!-- \/ Yoast SEO plugin. -->","yoast_head_json":{"title":"Onde o mar invade as ruas de prop\u00f3sito para limpar, essa cidade brasileira encanta pelo patrim\u00f4nio hist\u00f3rico - Correio Braziliense - Radar","description":"Um dos cen\u00e1rios mais curiosos do Brasil em uma cidade onde o mar entra nas ruas para limpar e valoriza seu patrim\u00f4nio hist\u00f3rico.","robots":{"index":"index","follow":"follow","max-snippet":"max-snippet:-1","max-image-preview":"max-image-preview:large","max-video-preview":"max-video-preview:-1"},"canonical":"https:\/\/www.correiobraziliense.com.br\/cbradar\/onde-o-mar-invade-as-ruas-de-proposito-para-limpar-essa-cidade-brasileira-encanta-pelo-patrimonio-historico\/","og_locale":"pt_BR","og_type":"article","og_title":"Onde o mar invade as ruas de prop\u00f3sito para limpar, essa cidade brasileira encanta pelo patrim\u00f4nio hist\u00f3rico - Correio Braziliense - Radar","og_description":"Um dos cen\u00e1rios mais curiosos do Brasil em uma cidade onde o mar entra nas ruas para limpar e valoriza seu patrim\u00f4nio hist\u00f3rico.","og_url":"https:\/\/www.correiobraziliense.com.br\/cbradar\/onde-o-mar-invade-as-ruas-de-proposito-para-limpar-essa-cidade-brasileira-encanta-pelo-patrimonio-historico\/","og_site_name":"Correio Braziliense - Radar","article_published_time":"2026-05-02T02:05:00+00:00","og_image":[{"width":1280,"height":720,"url":"https:\/\/www.correiobraziliense.com.br\/cbradar\/wp-content\/uploads\/2025\/04\/Paraty_1744545547648.jpg","type":"image\/jpeg"}],"author":"Maura Pereira","twitter_card":"summary_large_image","twitter_misc":{"Escrito por":"Maura Pereira","Est. tempo de leitura":"7 minutos"},"schema":{"@context":"https:\/\/schema.org","@graph":[{"@type":"WebPage","@id":"https:\/\/www.correiobraziliense.com.br\/cbradar\/onde-o-mar-invade-as-ruas-de-proposito-para-limpar-essa-cidade-brasileira-encanta-pelo-patrimonio-historico\/","url":"https:\/\/www.correiobraziliense.com.br\/cbradar\/onde-o-mar-invade-as-ruas-de-proposito-para-limpar-essa-cidade-brasileira-encanta-pelo-patrimonio-historico\/","name":"Onde o mar invade as ruas de prop\u00f3sito para limpar, essa cidade brasileira encanta pelo patrim\u00f4nio hist\u00f3rico - Correio Braziliense - Radar","isPartOf":{"@id":"https:\/\/www.correiobraziliense.com.br\/cbradar\/#website"},"primaryImageOfPage":{"@id":"https:\/\/www.correiobraziliense.com.br\/cbradar\/onde-o-mar-invade-as-ruas-de-proposito-para-limpar-essa-cidade-brasileira-encanta-pelo-patrimonio-historico\/#primaryimage"},"image":{"@id":"https:\/\/www.correiobraziliense.com.br\/cbradar\/onde-o-mar-invade-as-ruas-de-proposito-para-limpar-essa-cidade-brasileira-encanta-pelo-patrimonio-historico\/#primaryimage"},"thumbnailUrl":"https:\/\/www.correiobraziliense.com.br\/cbradar\/wp-content\/uploads\/2025\/04\/Paraty_1744545547648.jpg","datePublished":"2026-05-02T02:05:00+00:00","author":{"@id":"https:\/\/www.correiobraziliense.com.br\/cbradar\/#\/schema\/person\/4053c651a9bfc785afc6f4cbc9032fd3"},"description":"Um dos cen\u00e1rios mais curiosos do Brasil em uma cidade onde o mar entra nas ruas para limpar e valoriza seu patrim\u00f4nio hist\u00f3rico.","breadcrumb":{"@id":"https:\/\/www.correiobraziliense.com.br\/cbradar\/onde-o-mar-invade-as-ruas-de-proposito-para-limpar-essa-cidade-brasileira-encanta-pelo-patrimonio-historico\/#breadcrumb"},"inLanguage":"pt-BR","potentialAction":[{"@type":"ReadAction","target":["https:\/\/www.correiobraziliense.com.br\/cbradar\/onde-o-mar-invade-as-ruas-de-proposito-para-limpar-essa-cidade-brasileira-encanta-pelo-patrimonio-historico\/"]}]},{"@type":"ImageObject","inLanguage":"pt-BR","@id":"https:\/\/www.correiobraziliense.com.br\/cbradar\/onde-o-mar-invade-as-ruas-de-proposito-para-limpar-essa-cidade-brasileira-encanta-pelo-patrimonio-historico\/#primaryimage","url":"https:\/\/www.correiobraziliense.com.br\/cbradar\/wp-content\/uploads\/2025\/04\/Paraty_1744545547648.jpg","contentUrl":"https:\/\/www.correiobraziliense.com.br\/cbradar\/wp-content\/uploads\/2025\/04\/Paraty_1744545547648.jpg","width":1280,"height":720,"caption":"Encante-se com Paraty, cen\u00e1rio paradis\u00edaco onde hist\u00f3ria e natureza se unem para emocionar. \/\/ Cr\u00e9ditos: depositphotos.com \/ xura"},{"@type":"BreadcrumbList","@id":"https:\/\/www.correiobraziliense.com.br\/cbradar\/onde-o-mar-invade-as-ruas-de-proposito-para-limpar-essa-cidade-brasileira-encanta-pelo-patrimonio-historico\/#breadcrumb","itemListElement":[{"@type":"ListItem","position":1,"name":"In\u00edcio","item":"https:\/\/www.correiobraziliense.com.br\/cbradar\/"},{"@type":"ListItem","position":2,"name":"Onde o mar invade as ruas de prop\u00f3sito para limpar, essa cidade brasileira encanta pelo patrim\u00f4nio hist\u00f3rico"}]},{"@type":"WebSite","@id":"https:\/\/www.correiobraziliense.com.br\/cbradar\/#website","url":"https:\/\/www.correiobraziliense.com.br\/cbradar\/","name":"Correio Braziliense - Radar","description":"Acompanhe as \u00faltimas not\u00edcias e fique bem informado sobre tudo o que acontece no Brasil e no mundo.","potentialAction":[{"@type":"SearchAction","target":{"@type":"EntryPoint","urlTemplate":"https:\/\/www.correiobraziliense.com.br\/cbradar\/?s={search_term_string}"},"query-input":{"@type":"PropertyValueSpecification","valueRequired":true,"valueName":"search_term_string"}}],"inLanguage":"pt-BR"},{"@type":"Person","@id":"https:\/\/www.correiobraziliense.com.br\/cbradar\/#\/schema\/person\/4053c651a9bfc785afc6f4cbc9032fd3","name":"Maura Pereira","image":{"@type":"ImageObject","inLanguage":"pt-BR","@id":"https:\/\/www.correiobraziliense.com.br\/cbradar\/#\/schema\/person\/image\/","url":"https:\/\/secure.gravatar.com\/avatar\/3effd6bdadfa447f15089c7f7144eaa6?s=96&d=mm&r=g","contentUrl":"https:\/\/secure.gravatar.com\/avatar\/3effd6bdadfa447f15089c7f7144eaa6?s=96&d=mm&r=g","caption":"Maura Pereira"},"sameAs":["https:\/\/www.correiobraziliense.com.br\/"],"url":"https:\/\/www.correiobraziliense.com.br\/cbradar\/author\/mauramyth\/"}]}},"_links":{"self":[{"href":"https:\/\/www.correiobraziliense.com.br\/cbradar\/wp-json\/wp\/v2\/posts\/235386","targetHints":{"allow":["GET"]}}],"collection":[{"href":"https:\/\/www.correiobraziliense.com.br\/cbradar\/wp-json\/wp\/v2\/posts"}],"about":[{"href":"https:\/\/www.correiobraziliense.com.br\/cbradar\/wp-json\/wp\/v2\/types\/post"}],"author":[{"embeddable":true,"href":"https:\/\/www.correiobraziliense.com.br\/cbradar\/wp-json\/wp\/v2\/users\/8"}],"replies":[{"embeddable":true,"href":"https:\/\/www.correiobraziliense.com.br\/cbradar\/wp-json\/wp\/v2\/comments?post=235386"}],"version-history":[{"count":6,"href":"https:\/\/www.correiobraziliense.com.br\/cbradar\/wp-json\/wp\/v2\/posts\/235386\/revisions"}],"predecessor-version":[{"id":235422,"href":"https:\/\/www.correiobraziliense.com.br\/cbradar\/wp-json\/wp\/v2\/posts\/235386\/revisions\/235422"}],"wp:featuredmedia":[{"embeddable":true,"href":"https:\/\/www.correiobraziliense.com.br\/cbradar\/wp-json\/wp\/v2\/media\/22897"}],"wp:attachment":[{"href":"https:\/\/www.correiobraziliense.com.br\/cbradar\/wp-json\/wp\/v2\/media?parent=235386"}],"wp:term":[{"taxonomy":"category","embeddable":true,"href":"https:\/\/www.correiobraziliense.com.br\/cbradar\/wp-json\/wp\/v2\/categories?post=235386"},{"taxonomy":"post_tag","embeddable":true,"href":"https:\/\/www.correiobraziliense.com.br\/cbradar\/wp-json\/wp\/v2\/tags?post=235386"}],"curies":[{"name":"wp","href":"https:\/\/api.w.org\/{rel}","templated":true}]}}