{"id":235581,"date":"2026-05-02T06:55:00","date_gmt":"2026-05-02T09:55:00","guid":{"rendered":"https:\/\/www.correiobraziliense.com.br\/cbradar\/?p=235581"},"modified":"2026-05-01T12:57:34","modified_gmt":"2026-05-01T15:57:34","slug":"esqueca-a-caminhada-o-exercicio-de-apoio-na-cadeira-recomendado-para-que-maiores-de-65-anos-ganhem-estabilidade-ao-levantar-e-sentar","status":"publish","type":"post","link":"https:\/\/www.correiobraziliense.com.br\/cbradar\/esqueca-a-caminhada-o-exercicio-de-apoio-na-cadeira-recomendado-para-que-maiores-de-65-anos-ganhem-estabilidade-ao-levantar-e-sentar\/","title":{"rendered":"Esque\u00e7a a caminhada: o exerc\u00edcio de apoio na cadeira recomendado para que maiores de 65 anos ganhem estabilidade ao levantar e sentar"},"content":{"rendered":"\n<p>Manter a autonomia f\u00edsica ap\u00f3s os sessenta e cinco anos exige foco em movimentos que protegem as articula\u00e7\u00f5es e fortalecem os m\u00fasculos das pernas. Embora caminhar seja valioso, existe um exerc\u00edcio espec\u00edfico realizado com o aux\u00edlio de uma cadeira que transforma a seguran\u00e7a ao levantar e sentar. Praticar essa atividade devolve o equil\u00edbrio necess\u00e1rio para uma rotina independente.<\/p>\n\n\n\n<h2 class=\"wp-block-heading\">Por que a for\u00e7a nas pernas \u00e9 vital nesta fase?<\/h2>\n\n\n\n<p>O enfraquecimento natural da musculatura dos membros inferiores dificulta tarefas simples como sair do sof\u00e1 ou utilizar o banheiro sem aux\u00edlio. Quando os m\u00fasculos das coxas perdem o vigor, o corpo sobrecarrega a coluna e os joelhos, aumentando consideravelmente os riscos de quedas perigosas. Fortalecer essa base \u00e9 o segredo para manter a liberdade de movimento plena.<\/p>\n\n\n\n<p>Ter estabilidade f\u00edsica permite que as atividades sociais e dom\u00e9sticas ocorram sem o medo constante de desequil\u00edbrios ou trope\u00e7os inesperados. O corpo humano precisa de est\u00edmulos espec\u00edficos para manter as fibras musculares ativas e prontas para responder aos comandos do c\u00e9rebro com rapidez. Priorizar a musculatura das pernas garante uma base s\u00f3lida para enfrentar os desafios do cotidiano.<\/p>\n\n\n\n<figure class=\"wp-block-image size-full\"><img decoding=\"async\" width=\"1280\" height=\"720\" src=\"https:\/\/www.correiobraziliense.com.br\/cbradar\/wp-content\/uploads\/2026\/05\/Gemini_Generated_Image_wanb0qwanb0qwanb-1-1.png\" alt=\"Esque\u00e7a a caminhada: o exerc\u00edcio de apoio na cadeira recomendado para que maiores de 65 anos ganhem estabilidade ao levantar e sentar\" class=\"wp-image-235588\" srcset=\"https:\/\/www.correiobraziliense.com.br\/cbradar\/wp-content\/uploads\/2026\/05\/Gemini_Generated_Image_wanb0qwanb0qwanb-1-1.png 1280w, https:\/\/www.correiobraziliense.com.br\/cbradar\/wp-content\/uploads\/2026\/05\/Gemini_Generated_Image_wanb0qwanb0qwanb-1-1-300x169.png 300w, https:\/\/www.correiobraziliense.com.br\/cbradar\/wp-content\/uploads\/2026\/05\/Gemini_Generated_Image_wanb0qwanb0qwanb-1-1-768x432.png 768w, https:\/\/www.correiobraziliense.com.br\/cbradar\/wp-content\/uploads\/2026\/05\/Gemini_Generated_Image_wanb0qwanb0qwanb-1-1-750x422.png 750w, https:\/\/www.correiobraziliense.com.br\/cbradar\/wp-content\/uploads\/2026\/05\/Gemini_Generated_Image_wanb0qwanb0qwanb-1-1-1140x641.png 1140w\" sizes=\"(max-width: 1280px) 100vw, 1280px\" \/><figcaption class=\"wp-element-caption\">Exerc\u00edcio com cadeira melhora for\u00e7a e equil\u00edbrio em idosos<\/figcaption><\/figure>\n\n\n\n<h2 class=\"wp-block-heading\">Como o apoio da cadeira ajuda no equil\u00edbrio?<\/h2>\n\n\n\n<p>Utilizar um m\u00f3vel est\u00e1vel como suporte oferece a seguran\u00e7a psicol\u00f3gica necess\u00e1ria para realizar o movimento de agachar com total confian\u00e7a. O apoio firme das m\u00e3os reduz a press\u00e3o excessiva nas articula\u00e7\u00f5es e permite que o foco do esfor\u00e7o permane\u00e7a exclusivamente nos grandes grupos musculares. Esse m\u00e9todo evita tonturas e garante que o exerc\u00edcio seja realizado com postura correta.<\/p>\n\n\n\n<p>A cadeira funciona como uma guia que delimita a amplitude ideal do movimento, protegendo o praticante de inclina\u00e7\u00f5es bruscas ou perigosas. Ao sentir o suporte pr\u00f3ximo, o corpo relaxa e consegue recrutar as fibras musculares de maneira muito mais eficiente e segura. Essa pr\u00e1tica regular treina o organismo para realizar os gestos di\u00e1rios de forma autom\u00e1tica e equilibrada.<\/p>\n\n\n\n<h2 class=\"wp-block-heading\">Quais passos garantem a execu\u00e7\u00e3o correta do movimento?<\/h2>\n\n\n\n<p>Posicionar os p\u00e9s firmemente no ch\u00e3o, mantendo a largura dos ombros, \u00e9 o ponto de partida para um agachamento seguro. A coluna deve permanecer ereta enquanto o quadril desce suavemente em dire\u00e7\u00e3o ao assento, sem pressa ou movimentos bruscos. Controlar a descida e a subida fortalece os tend\u00f5es e melhora a percep\u00e7\u00e3o espacial necess\u00e1ria para evitar diversos acidentes.<\/p>\n\n\n\n<p>Algumas orienta\u00e7\u00f5es fundamentais garantem que o exerc\u00edcio traga os melhores benef\u00edcios f\u00edsicos:<\/p>\n\n\n\n<ul class=\"wp-block-list\">\n<li>Manter as costas retas durante todo o tempo.<\/li>\n\n\n\n<li>Utilizar uma cadeira que n\u00e3o possua rodinhas.<\/li>\n\n\n\n<li>Respirar de forma profunda e ritmada.<\/li>\n\n\n\n<li>Colocar os bra\u00e7os estendidos para aux\u00edlio extra.<\/li>\n<\/ul>\n\n\n\n<h2 class=\"wp-block-heading\">Qual \u00e9 a frequ\u00eancia ideal para sentir os resultados?<\/h2>\n\n\n\n<p>Iniciar com poucas repeti\u00e7\u00f5es ao longo do dia permite que o organismo se adapte ao novo est\u00edmulo sem gerar fadiga excessiva. Com o passar das semanas, o aumento gradual da intensidade fortalece as conex\u00f5es neurais e melhora a resposta motora do corpo em situa\u00e7\u00f5es reais. A const\u00e2ncia nas sess\u00f5es \u00e9 muito mais importante do que a for\u00e7a empregada inicialmente.<\/p>\n\n\n\n<p>Reservar alguns minutos pela manh\u00e3 ou durante a tarde para praticar esse apoio garante que a musculatura permane\u00e7a desperta e ativa. Quando o exerc\u00edcio se torna parte da rotina, a sensa\u00e7\u00e3o de peso nas pernas diminui e a agilidade para caminhar aumenta visivelmente. Manter o compromisso com o pr\u00f3prio corpo favorece a sa\u00fade mental e f\u00edsica continuamente.<\/p>\n\n\n\n<figure class=\"wp-block-image size-full\"><img decoding=\"async\" width=\"1280\" height=\"720\" src=\"https:\/\/www.correiobraziliense.com.br\/cbradar\/wp-content\/uploads\/2026\/05\/Gemini_Generated_Image_k9ek2kk9ek2kk9ek-1-1.png\" alt=\"Esque\u00e7a a caminhada: o exerc\u00edcio de apoio na cadeira recomendado para que maiores de 65 anos ganhem estabilidade ao levantar e sentar\" class=\"wp-image-235591\" srcset=\"https:\/\/www.correiobraziliense.com.br\/cbradar\/wp-content\/uploads\/2026\/05\/Gemini_Generated_Image_k9ek2kk9ek2kk9ek-1-1.png 1280w, https:\/\/www.correiobraziliense.com.br\/cbradar\/wp-content\/uploads\/2026\/05\/Gemini_Generated_Image_k9ek2kk9ek2kk9ek-1-1-300x169.png 300w, https:\/\/www.correiobraziliense.com.br\/cbradar\/wp-content\/uploads\/2026\/05\/Gemini_Generated_Image_k9ek2kk9ek2kk9ek-1-1-768x432.png 768w, https:\/\/www.correiobraziliense.com.br\/cbradar\/wp-content\/uploads\/2026\/05\/Gemini_Generated_Image_k9ek2kk9ek2kk9ek-1-1-750x422.png 750w, https:\/\/www.correiobraziliense.com.br\/cbradar\/wp-content\/uploads\/2026\/05\/Gemini_Generated_Image_k9ek2kk9ek2kk9ek-1-1-1140x641.png 1140w\" sizes=\"(max-width: 1280px) 100vw, 1280px\" \/><figcaption class=\"wp-element-caption\">Exerc\u00edcio com cadeira melhora for\u00e7a e equil\u00edbrio em idosos<\/figcaption><\/figure>\n\n\n\n<p>Leia tamb\u00e9m:<a href=\"https:\/\/www.correiobraziliense.com.br\/cbradar\/fazer-treino-curto-em-casa-pode-melhorar-o-condicionamento-mais-do-que-esperar-o-dia-perfeito-para-a-academia-mas-so-funciona-com-regularidade-real\/\" target=\"_blank\" rel=\"noreferrer noopener\"> Fazer treino curto em casa pode melhorar o condicionamento mais do que esperar o dia perfeito para a academia, mas s\u00f3 funciona com regularidade real<\/a><\/p>\n\n\n\n<h2 class=\"wp-block-heading\">Como a mobilidade influencia a qualidade de vida?<\/h2>\n\n\n\n<p>Ter a capacidade de se levantar de qualquer assento com facilidade devolve a confian\u00e7a para participar de eventos e reuni\u00f5es familiares. A independ\u00eancia motora reduz a necessidade de supervis\u00e3o constante, permitindo que a pessoa explore novos ambientes com total seguran\u00e7a e prazer. Cuidar da mobilidade \u00e9 um ato de carinho consigo mesmo que rende frutos valiosos para sempre.<\/p>\n\n\n\n<p>Manter as articula\u00e7\u00f5es lubrificadas e os m\u00fasculos tonificados evita dores cr\u00f4nicas que costumam limitar o conv\u00edvio social e as viagens. Conforme as orienta\u00e7\u00f5es do <strong><a target=\"_blank\" rel=\"noreferrer noopener\" href=\"https:\/\/www.nia.nih.gov\/health\/exercise-and-physical-activity\/four-types-exercise-can-improve-your-health-and-physical\">National Institute on Aging<\/a><\/strong>, o treino de for\u00e7a e equil\u00edbrio \u00e9 um dos pilares para o envelhecimento saud\u00e1vel e vigoroso. Investir em movimentos conscientes garante que cada etapa da exist\u00eancia seja vivida com autonomia e dignidade.<\/p>\n","protected":false},"excerpt":{"rendered":"<p>Manter a autonomia f\u00edsica ap\u00f3s os sessenta e cinco anos exige foco em movimentos que protegem as articula\u00e7\u00f5es e fortalecem os m\u00fasculos das pernas. Embora caminhar seja valioso, existe um exerc\u00edcio espec\u00edfico realizado com o aux\u00edlio de uma cadeira que transforma a seguran\u00e7a ao levantar e sentar. Praticar essa atividade devolve o equil\u00edbrio necess\u00e1rio para [&hellip;]<\/p>\n","protected":false},"author":21,"featured_media":235587,"comment_status":"open","ping_status":"open","sticky":false,"template":"","format":"standard","meta":{"_yoast_wpseo_focuskw":"exerc\u00edcio com cadeira para idosos","_yoast_wpseo_title":"","_yoast_wpseo_metadesc":"Exerc\u00edcio com cadeira fortalece pernas, melhora equil\u00edbrio e ajuda idosos a manter autonomia e seguran\u00e7a no dia a dia","jnews-multi-image_gallery":[],"jnews_single_post":{"format":"standard"},"jnews_primary_category":[],"jnews_social_meta":[],"jnews_override_counter":[],"footnotes":""},"categories":[119],"tags":[2724,3559,9015,1807],"class_list":["post-235581","post","type-post","status-publish","format-standard","has-post-thumbnail","hentry","category-bem-estar","tag-caminhada","tag-corpo-humano","tag-estabilidade","tag-exercicio"],"yoast_head":"<!-- This site is optimized with the Yoast SEO plugin v24.6 - https:\/\/yoast.com\/wordpress\/plugins\/seo\/ -->\n<title>Esque\u00e7a a caminhada: o exerc\u00edcio de apoio na cadeira recomendado para que maiores de 65 anos ganhem estabilidade ao levantar e sentar - Correio Braziliense - Radar<\/title>\n<meta name=\"description\" content=\"Exerc\u00edcio com cadeira fortalece pernas, melhora equil\u00edbrio e ajuda idosos a manter autonomia e seguran\u00e7a no dia a dia\" \/>\n<meta name=\"robots\" content=\"index, follow, max-snippet:-1, max-image-preview:large, max-video-preview:-1\" \/>\n<link rel=\"canonical\" href=\"https:\/\/www.correiobraziliense.com.br\/cbradar\/esqueca-a-caminhada-o-exercicio-de-apoio-na-cadeira-recomendado-para-que-maiores-de-65-anos-ganhem-estabilidade-ao-levantar-e-sentar\/\" \/>\n<meta property=\"og:locale\" content=\"pt_BR\" \/>\n<meta property=\"og:type\" content=\"article\" \/>\n<meta property=\"og:title\" content=\"Esque\u00e7a a caminhada: o exerc\u00edcio de apoio na cadeira recomendado para que maiores de 65 anos ganhem estabilidade ao levantar e sentar - Correio Braziliense - Radar\" \/>\n<meta property=\"og:description\" content=\"Exerc\u00edcio com cadeira fortalece pernas, melhora equil\u00edbrio e ajuda idosos a manter autonomia e seguran\u00e7a no dia a dia\" \/>\n<meta property=\"og:url\" content=\"https:\/\/www.correiobraziliense.com.br\/cbradar\/esqueca-a-caminhada-o-exercicio-de-apoio-na-cadeira-recomendado-para-que-maiores-de-65-anos-ganhem-estabilidade-ao-levantar-e-sentar\/\" \/>\n<meta property=\"og:site_name\" content=\"Correio Braziliense - Radar\" \/>\n<meta property=\"article:published_time\" content=\"2026-05-02T09:55:00+00:00\" \/>\n<meta property=\"og:image\" content=\"https:\/\/www.correiobraziliense.com.br\/cbradar\/wp-content\/uploads\/2026\/05\/Gemini_Generated_Image_y9dj80y9dj80y9dj-1-1.png\" \/>\n\t<meta property=\"og:image:width\" content=\"1280\" \/>\n\t<meta property=\"og:image:height\" content=\"720\" \/>\n\t<meta property=\"og:image:type\" content=\"image\/png\" \/>\n<meta name=\"author\" content=\"Patrick Silva\" \/>\n<meta name=\"twitter:card\" content=\"summary_large_image\" \/>\n<meta name=\"twitter:label1\" content=\"Escrito por\" \/>\n\t<meta name=\"twitter:data1\" content=\"Patrick Silva\" \/>\n\t<meta name=\"twitter:label2\" content=\"Est. tempo de leitura\" \/>\n\t<meta name=\"twitter:data2\" content=\"5 minutos\" \/>\n<!-- \/ Yoast SEO plugin. -->","yoast_head_json":{"title":"Esque\u00e7a a caminhada: o exerc\u00edcio de apoio na cadeira recomendado para que maiores de 65 anos ganhem estabilidade ao levantar e sentar - Correio Braziliense - Radar","description":"Exerc\u00edcio com cadeira fortalece pernas, melhora equil\u00edbrio e ajuda idosos a manter autonomia e seguran\u00e7a no dia a dia","robots":{"index":"index","follow":"follow","max-snippet":"max-snippet:-1","max-image-preview":"max-image-preview:large","max-video-preview":"max-video-preview:-1"},"canonical":"https:\/\/www.correiobraziliense.com.br\/cbradar\/esqueca-a-caminhada-o-exercicio-de-apoio-na-cadeira-recomendado-para-que-maiores-de-65-anos-ganhem-estabilidade-ao-levantar-e-sentar\/","og_locale":"pt_BR","og_type":"article","og_title":"Esque\u00e7a a caminhada: o exerc\u00edcio de apoio na cadeira recomendado para que maiores de 65 anos ganhem estabilidade ao levantar e sentar - Correio Braziliense - Radar","og_description":"Exerc\u00edcio com cadeira fortalece pernas, melhora equil\u00edbrio e ajuda idosos a manter autonomia e seguran\u00e7a no dia a dia","og_url":"https:\/\/www.correiobraziliense.com.br\/cbradar\/esqueca-a-caminhada-o-exercicio-de-apoio-na-cadeira-recomendado-para-que-maiores-de-65-anos-ganhem-estabilidade-ao-levantar-e-sentar\/","og_site_name":"Correio Braziliense - Radar","article_published_time":"2026-05-02T09:55:00+00:00","og_image":[{"width":1280,"height":720,"url":"https:\/\/www.correiobraziliense.com.br\/cbradar\/wp-content\/uploads\/2026\/05\/Gemini_Generated_Image_y9dj80y9dj80y9dj-1-1.png","type":"image\/png"}],"author":"Patrick Silva","twitter_card":"summary_large_image","twitter_misc":{"Escrito por":"Patrick Silva","Est. tempo de leitura":"5 minutos"},"schema":{"@context":"https:\/\/schema.org","@graph":[{"@type":"WebPage","@id":"https:\/\/www.correiobraziliense.com.br\/cbradar\/esqueca-a-caminhada-o-exercicio-de-apoio-na-cadeira-recomendado-para-que-maiores-de-65-anos-ganhem-estabilidade-ao-levantar-e-sentar\/","url":"https:\/\/www.correiobraziliense.com.br\/cbradar\/esqueca-a-caminhada-o-exercicio-de-apoio-na-cadeira-recomendado-para-que-maiores-de-65-anos-ganhem-estabilidade-ao-levantar-e-sentar\/","name":"Esque\u00e7a a caminhada: o exerc\u00edcio de apoio na cadeira recomendado para que maiores de 65 anos ganhem estabilidade ao levantar e sentar - Correio Braziliense - Radar","isPartOf":{"@id":"https:\/\/www.correiobraziliense.com.br\/cbradar\/#website"},"primaryImageOfPage":{"@id":"https:\/\/www.correiobraziliense.com.br\/cbradar\/esqueca-a-caminhada-o-exercicio-de-apoio-na-cadeira-recomendado-para-que-maiores-de-65-anos-ganhem-estabilidade-ao-levantar-e-sentar\/#primaryimage"},"image":{"@id":"https:\/\/www.correiobraziliense.com.br\/cbradar\/esqueca-a-caminhada-o-exercicio-de-apoio-na-cadeira-recomendado-para-que-maiores-de-65-anos-ganhem-estabilidade-ao-levantar-e-sentar\/#primaryimage"},"thumbnailUrl":"https:\/\/www.correiobraziliense.com.br\/cbradar\/wp-content\/uploads\/2026\/05\/Gemini_Generated_Image_y9dj80y9dj80y9dj-1-1.png","datePublished":"2026-05-02T09:55:00+00:00","author":{"@id":"https:\/\/www.correiobraziliense.com.br\/cbradar\/#\/schema\/person\/5440b72be9c7eb74f446c846479dc4da"},"description":"Exerc\u00edcio com cadeira fortalece pernas, melhora equil\u00edbrio e ajuda idosos a manter autonomia e seguran\u00e7a no dia a dia","breadcrumb":{"@id":"https:\/\/www.correiobraziliense.com.br\/cbradar\/esqueca-a-caminhada-o-exercicio-de-apoio-na-cadeira-recomendado-para-que-maiores-de-65-anos-ganhem-estabilidade-ao-levantar-e-sentar\/#breadcrumb"},"inLanguage":"pt-BR","potentialAction":[{"@type":"ReadAction","target":["https:\/\/www.correiobraziliense.com.br\/cbradar\/esqueca-a-caminhada-o-exercicio-de-apoio-na-cadeira-recomendado-para-que-maiores-de-65-anos-ganhem-estabilidade-ao-levantar-e-sentar\/"]}]},{"@type":"ImageObject","inLanguage":"pt-BR","@id":"https:\/\/www.correiobraziliense.com.br\/cbradar\/esqueca-a-caminhada-o-exercicio-de-apoio-na-cadeira-recomendado-para-que-maiores-de-65-anos-ganhem-estabilidade-ao-levantar-e-sentar\/#primaryimage","url":"https:\/\/www.correiobraziliense.com.br\/cbradar\/wp-content\/uploads\/2026\/05\/Gemini_Generated_Image_y9dj80y9dj80y9dj-1-1.png","contentUrl":"https:\/\/www.correiobraziliense.com.br\/cbradar\/wp-content\/uploads\/2026\/05\/Gemini_Generated_Image_y9dj80y9dj80y9dj-1-1.png","width":1280,"height":720,"caption":"Exerc\u00edcio com cadeira melhora for\u00e7a e equil\u00edbrio em idosos"},{"@type":"BreadcrumbList","@id":"https:\/\/www.correiobraziliense.com.br\/cbradar\/esqueca-a-caminhada-o-exercicio-de-apoio-na-cadeira-recomendado-para-que-maiores-de-65-anos-ganhem-estabilidade-ao-levantar-e-sentar\/#breadcrumb","itemListElement":[{"@type":"ListItem","position":1,"name":"In\u00edcio","item":"https:\/\/www.correiobraziliense.com.br\/cbradar\/"},{"@type":"ListItem","position":2,"name":"Esque\u00e7a a caminhada: o exerc\u00edcio de apoio na cadeira recomendado para que maiores de 65 anos ganhem estabilidade ao levantar e sentar"}]},{"@type":"WebSite","@id":"https:\/\/www.correiobraziliense.com.br\/cbradar\/#website","url":"https:\/\/www.correiobraziliense.com.br\/cbradar\/","name":"Correio Braziliense - Radar","description":"Acompanhe as \u00faltimas not\u00edcias e fique bem informado sobre tudo o que acontece no Brasil e no mundo.","potentialAction":[{"@type":"SearchAction","target":{"@type":"EntryPoint","urlTemplate":"https:\/\/www.correiobraziliense.com.br\/cbradar\/?s={search_term_string}"},"query-input":{"@type":"PropertyValueSpecification","valueRequired":true,"valueName":"search_term_string"}}],"inLanguage":"pt-BR"},{"@type":"Person","@id":"https:\/\/www.correiobraziliense.com.br\/cbradar\/#\/schema\/person\/5440b72be9c7eb74f446c846479dc4da","name":"Patrick Silva","image":{"@type":"ImageObject","inLanguage":"pt-BR","@id":"https:\/\/www.correiobraziliense.com.br\/cbradar\/#\/schema\/person\/image\/","url":"https:\/\/secure.gravatar.com\/avatar\/944109df296fc087785c9715fd5f80b2?s=96&d=mm&r=g","contentUrl":"https:\/\/secure.gravatar.com\/avatar\/944109df296fc087785c9715fd5f80b2?s=96&d=mm&r=g","caption":"Patrick Silva"},"sameAs":["https:\/\/www.correiobraziliense.com.br\/cbradar\/"],"url":"https:\/\/www.correiobraziliense.com.br\/cbradar\/author\/patrick-silva\/"}]}},"_links":{"self":[{"href":"https:\/\/www.correiobraziliense.com.br\/cbradar\/wp-json\/wp\/v2\/posts\/235581","targetHints":{"allow":["GET"]}}],"collection":[{"href":"https:\/\/www.correiobraziliense.com.br\/cbradar\/wp-json\/wp\/v2\/posts"}],"about":[{"href":"https:\/\/www.correiobraziliense.com.br\/cbradar\/wp-json\/wp\/v2\/types\/post"}],"author":[{"embeddable":true,"href":"https:\/\/www.correiobraziliense.com.br\/cbradar\/wp-json\/wp\/v2\/users\/21"}],"replies":[{"embeddable":true,"href":"https:\/\/www.correiobraziliense.com.br\/cbradar\/wp-json\/wp\/v2\/comments?post=235581"}],"version-history":[{"count":2,"href":"https:\/\/www.correiobraziliense.com.br\/cbradar\/wp-json\/wp\/v2\/posts\/235581\/revisions"}],"predecessor-version":[{"id":235594,"href":"https:\/\/www.correiobraziliense.com.br\/cbradar\/wp-json\/wp\/v2\/posts\/235581\/revisions\/235594"}],"wp:featuredmedia":[{"embeddable":true,"href":"https:\/\/www.correiobraziliense.com.br\/cbradar\/wp-json\/wp\/v2\/media\/235587"}],"wp:attachment":[{"href":"https:\/\/www.correiobraziliense.com.br\/cbradar\/wp-json\/wp\/v2\/media?parent=235581"}],"wp:term":[{"taxonomy":"category","embeddable":true,"href":"https:\/\/www.correiobraziliense.com.br\/cbradar\/wp-json\/wp\/v2\/categories?post=235581"},{"taxonomy":"post_tag","embeddable":true,"href":"https:\/\/www.correiobraziliense.com.br\/cbradar\/wp-json\/wp\/v2\/tags?post=235581"}],"curies":[{"name":"wp","href":"https:\/\/api.w.org\/{rel}","templated":true}]}}