{"id":235609,"date":"2026-05-02T08:05:00","date_gmt":"2026-05-02T11:05:00","guid":{"rendered":"https:\/\/www.correiobraziliense.com.br\/cbradar\/?p=235609"},"modified":"2026-05-01T13:25:47","modified_gmt":"2026-05-01T16:25:47","slug":"3-seruns-poderosos-com-acido-hialuronico-que-devolvem-o-vico-a-maciez-e-o-brilho-da-pele-opaca-em-poucos-dias","status":"publish","type":"post","link":"https:\/\/www.correiobraziliense.com.br\/cbradar\/3-seruns-poderosos-com-acido-hialuronico-que-devolvem-o-vico-a-maciez-e-o-brilho-da-pele-opaca-em-poucos-dias\/","title":{"rendered":"3 s\u00e9runs poderosos com \u00e1cido hialur\u00f4nico que devolvem o vi\u00e7o, a maciez e o brilho da pele opaca em poucos dias"},"content":{"rendered":"\n<p>A perda de luminosidade e a textura \u00e1spera s\u00e3o sinais claros de que a barreira cut\u00e2nea precisa de uma reposi\u00e7\u00e3o h\u00eddrica profunda e imediata. Manter uma rotina de cuidados focada em ativos regeneradores permite que as camadas da derme recuperem a sustenta\u00e7\u00e3o natural e o aspecto saud\u00e1vel rapidamente.<\/p>\n\n\n\n<h2 class=\"wp-block-heading\">Benef\u00edcios do \u00e1cido hialur\u00f4nico na regenera\u00e7\u00e3o da barreira cut\u00e2nea<\/h2>\n\n\n\n<p>O <strong>\u00e1cido hialur\u00f4nico<\/strong> \u00e9 uma mol\u00e9cula capaz de reter at\u00e9 mil vezes o seu peso em \u00e1gua, garantindo uma hidrata\u00e7\u00e3o multicamadas incompar\u00e1vel. Quando aplicado de forma t\u00f3pica, esse ativo preenche espa\u00e7os entre as c\u00e9lulas, reduzindo linhas finas e devolvendo a <strong>elasticidade da pele<\/strong> perdida pelo estresse di\u00e1rio.<\/p>\n\n\n\n<p>Utilizar formula\u00e7\u00f5es com diferentes pesos moleculares permite que o produto atue tanto na superf\u00edcie quanto nas camadas mais profundas do rosto. Esse mecanismo de a\u00e7\u00e3o combate o <strong>ressecamento cr\u00f4nico<\/strong> e protege o tecido contra agressores externos, como a polui\u00e7\u00e3o e as mudan\u00e7as bruscas de temperatura.<\/p>\n\n\n<div class=\"wp-block-image\">\n<figure class=\"aligncenter size-full\"><img decoding=\"async\" width=\"1280\" height=\"720\" src=\"https:\/\/www.correiobraziliense.com.br\/cbradar\/wp-content\/uploads\/2026\/04\/serum-1.jpg\" alt=\"\" class=\"wp-image-224731\" srcset=\"https:\/\/www.correiobraziliense.com.br\/cbradar\/wp-content\/uploads\/2026\/04\/serum-1.jpg 1280w, https:\/\/www.correiobraziliense.com.br\/cbradar\/wp-content\/uploads\/2026\/04\/serum-1-300x169.jpg 300w, https:\/\/www.correiobraziliense.com.br\/cbradar\/wp-content\/uploads\/2026\/04\/serum-1-768x432.jpg 768w, https:\/\/www.correiobraziliense.com.br\/cbradar\/wp-content\/uploads\/2026\/04\/serum-1-750x422.jpg 750w, https:\/\/www.correiobraziliense.com.br\/cbradar\/wp-content\/uploads\/2026\/04\/serum-1-1140x641.jpg 1140w\" sizes=\"(max-width: 1280px) 100vw, 1280px\" \/><figcaption class=\"wp-element-caption\">Optar por empresas como a Principia permite que o consumidor brasileiro tenha acesso a alta tecnologia cosm\u00e9tica<\/figcaption><\/figure><\/div>\n\n\n<p>Leia tamb\u00e9m: <a href=\"https:\/\/www.correiobraziliense.com.br\/cbradar\/3-formas-elegantes-criativas-e-cheias-de-significado-de-usar-um-pingente-personalizado-no-dia-a-dia-para-deixar-o-visual-mais-sofisticado-e-a-producao-mais-unica\/\" target=\"_blank\" rel=\"noreferrer noopener\">3 formas elegantes, criativas e cheias de significado de usar um pingente personalizado no dia a dia para deixar o visual mais sofisticado e a produ\u00e7\u00e3o mais \u00fanica<\/a><\/p>\n\n\n\n<h2 class=\"wp-block-heading\">Como o s\u00e9rum Mineral 89 da Vichy fortalece a pele fragilizada<\/h2>\n\n\n\n<p>O <strong>Mineral 89<\/strong>, da marca <strong>Vichy<\/strong>, combina a famosa \u00e1gua vulc\u00e2nica com uma alta concentra\u00e7\u00e3o de ativos hidratantes para refor\u00e7ar a defesa natural da face. Sua textura em gel de r\u00e1pida absor\u00e7\u00e3o \u00e9 ideal para todos os tipos de pele, proporcionando um <strong>toque aveludado<\/strong> sem pesar ou causar oleosidade excessiva.<\/p>\n\n\n\n<p>Este produto funciona como um preenchedor biol\u00f3gico que suaviza os sinais de cansa\u00e7o e melhora a tonalidade geral do rosto em poucos dias de uso. Ao integrar este passo na sua rotina, voc\u00ea garante uma <strong>apar\u00eancia descansada<\/strong> e pronta para receber outros tratamentos espec\u00edficos ou a maquiagem cotidiana.<\/p>\n\n\n\n<figure class=\"wp-block-embed is-type-rich is-provider-pinterest wp-block-embed-pinterest\"><div class=\"wp-block-embed__wrapper\">\n<iframe loading=\"lazy\" title=\"Vichy Mineral 89 Fortifying &amp; Hydrating Daily Skin Booster | Pure Hyaluronic Acid Serum For Face | Plumps &amp; Hydrates | Repairs Skin Barrier| Lightweight Moisturizing Gel | Fragrance Free &amp; Oil-Free\" src=\"https:\/\/assets.pinterest.com\/ext\/embed.html?id=1078119598281149583&#038;src=oembed\" height=\"899\" width=\"450\" frameborder=\"0\" scrolling=\"no\" ><\/iframe>\n<\/div><\/figure>\n\n\n\n<h2 class=\"wp-block-heading\">S\u00e9rum Hyalu B5 da La Roche-Posay e a recupera\u00e7\u00e3o do vi\u00e7o<\/h2>\n\n\n\n<p>O <strong>Hyalu B5<\/strong>, desenvolvido pela <strong>La Roche-Posay<\/strong>, associa o poder do hialur\u00f4nico \u00e0 vitamina B5 para acelerar o processo de repara\u00e7\u00e3o cut\u00e2nea. Essa combina\u00e7\u00e3o \u00e9 extremamente eficaz para acalmar irrita\u00e7\u00f5es e devolver o <strong>brilho natural<\/strong> que a pele opaca costuma perder devido \u00e0 exposi\u00e7\u00e3o solar acumulada.<\/p>\n\n\n\n<p>A presen\u00e7a de <strong>Madecassoside<\/strong> na f\u00f3rmula auxilia na s\u00edntese de col\u00e1geno, tornando a estrutura do rosto mais firme e visivelmente rejuvenescida. \u00c9 uma excelente escolha para quem busca tratar a <strong>perda de volume<\/strong> enquanto mant\u00e9m a derme profundamente nutrida e protegida contra o envelhecimento precoce.<\/p>\n\n\n\n<ul class=\"wp-block-list\">\n<li><strong>L&#8217;Or\u00e9al Revitalift<\/strong> oferece uma excelente rela\u00e7\u00e3o de custo e benef\u00edcio para hidrata\u00e7\u00e3o di\u00e1ria intensa e preenchimento.<\/li>\n\n\n\n<li><strong>Adcos Hyalu Aqua<\/strong> utiliza tecnologia avan\u00e7ada para promover uma hidrata\u00e7\u00e3o resistente ao suor e climas \u00famidos.<\/li>\n\n\n\n<li><strong>S\u00e9rum Principia<\/strong> \u00e9 uma alternativa acess\u00edvel que entrega resultados s\u00f3lidos na melhoria da textura e maciez.<\/li>\n\n\n\n<li><strong>Bio-Hidrat da Bioage<\/strong> foca na reposi\u00e7\u00e3o de minerais essenciais para uma pele radiante e vi\u00e7osa.<\/li>\n\n\n\n<li><strong>Skinceuticals H.A. Intensifier<\/strong> potencializa os n\u00edveis de \u00e1cido hialur\u00f4nico j\u00e1 presentes naturalmente no corpo humano.<\/li>\n<\/ul>\n\n\n\n<h2 class=\"wp-block-heading\">S\u00e9rum preenchedor L&#8217;Or\u00e9al Revitalift para resultados r\u00e1pidos e acess\u00edveis<\/h2>\n\n\n\n<p>A linha <strong>Revitalift<\/strong> da <strong>L&#8217;Or\u00e9al<\/strong> tornou-se refer\u00eancia global ao democratizar o acesso a tratamentos de alta performance contra a desidrata\u00e7\u00e3o severa. Sua f\u00f3rmula cont\u00e9m 1,5% de <strong>\u00e1cido hialur\u00f4nico puro<\/strong>, o que garante uma absor\u00e7\u00e3o imediata e uma melhora vis\u00edvel na textura logo na primeira aplica\u00e7\u00e3o.<\/p>\n\n\n\n<p>O uso cont\u00ednuo ajuda a redefinir os contornos faciais e a minimizar os poros dilatados causados pela falta de \u00e1gua nas c\u00e9lulas. Um detalhe importante \u00e9 aplicar o produto sempre com o <strong>rosto levemente \u00famido<\/strong> para potencializar a reten\u00e7\u00e3o h\u00eddrica e garantir o m\u00e1ximo aproveitamento dos benef\u00edcios.<\/p>\n\n\n\n<p>Se voc\u00ea gosta de dicas, separamos esse v\u00eddeo do canal da <a href=\"https:\/\/www.youtube.com\/@JoyceVignochi\" target=\"_blank\" rel=\"noreferrer noopener\">Joyce Vignochi<\/a> falando mais sobre o L&#8217;Or\u00e9al Revitalift:<\/p>\n\n\n\n<figure class=\"wp-block-embed is-type-video is-provider-youtube wp-block-embed-youtube wp-embed-aspect-16-9 wp-has-aspect-ratio\"><div class=\"wp-block-embed__wrapper\">\n<div class=\"jeg_video_container jeg_video_content\"><iframe loading=\"lazy\" title=\"CREME REVITALIFT PRO-RETINOL FPS 20 L&#039;Or\u00e9al | CREME para PELES MADURAS, MANCHAS e MELASMA\" width=\"500\" height=\"281\" src=\"https:\/\/www.youtube.com\/embed\/4eVpCCBuSkE?feature=oembed\" frameborder=\"0\" allow=\"accelerometer; autoplay; clipboard-write; encrypted-media; gyroscope; picture-in-picture; web-share\" referrerpolicy=\"strict-origin-when-cross-origin\" allowfullscreen><\/iframe><\/div>\n<\/div><\/figure>\n\n\n\n<h2 class=\"wp-block-heading\">Manter a const\u00e2ncia nos cuidados garante uma face radiante e protegida<\/h2>\n\n\n\n<p>A efic\u00e1cia dos s\u00e9runs depende diretamente da regularidade com que s\u00e3o aplicados, preferencialmente durante as rotinas de limpeza da manh\u00e3 e da noite. Combinar esses produtos com um bom <strong>protetor solar<\/strong> evita que os danos causados pelos raios UV anulem o efeito recuperador dos ativos hidratantes.<\/p>\n\n\n\n<p>Peles bem cuidadas respondem melhor a procedimentos est\u00e9ticos e envelhecem de forma muito mais lenta e harmoniosa ao longo dos anos. Priorizar o <strong>autocuidado facial<\/strong> \u00e9 um investimento que reflete n\u00e3o apenas na est\u00e9tica, mas na sa\u00fade e na autoconfian\u00e7a de quem busca sua melhor vers\u00e3o.<\/p>\n","protected":false},"excerpt":{"rendered":"<p>A perda de luminosidade e a textura \u00e1spera s\u00e3o sinais claros de que a barreira cut\u00e2nea precisa de uma reposi\u00e7\u00e3o h\u00eddrica profunda e imediata. Manter uma rotina de cuidados focada em ativos regeneradores permite que as camadas da derme recuperem a sustenta\u00e7\u00e3o natural e o aspecto saud\u00e1vel rapidamente. Benef\u00edcios do \u00e1cido hialur\u00f4nico na regenera\u00e7\u00e3o da [&hellip;]<\/p>\n","protected":false},"author":9,"featured_media":235618,"comment_status":"open","ping_status":"open","sticky":false,"template":"","format":"standard","meta":{"_yoast_wpseo_focuskw":"s\u00e9runs com \u00e1cido hialur\u00f4nico","_yoast_wpseo_title":"","_yoast_wpseo_metadesc":"Veja como hidratar a pele corretamente e recuperar o brilho com produtos que ajudam a melhorar a textura e o aspecto saud\u00e1vel","jnews-multi-image_gallery":[],"jnews_single_post":{"format":"standard"},"jnews_primary_category":[],"jnews_social_meta":[],"jnews_override_counter":[],"footnotes":""},"categories":[124],"tags":[8942,18527,18526],"class_list":["post-235609","post","type-post","status-publish","format-standard","has-post-thumbnail","hentry","category-beleza","tag-acido-hialuronico","tag-produtos-de-beleza","tag-seruns-poderosos"],"yoast_head":"<!-- This site is optimized with the Yoast SEO plugin v24.6 - https:\/\/yoast.com\/wordpress\/plugins\/seo\/ -->\n<title>3 s\u00e9runs poderosos com \u00e1cido hialur\u00f4nico que devolvem o vi\u00e7o, a maciez e o brilho da pele opaca em poucos dias - Correio Braziliense - Radar<\/title>\n<meta name=\"description\" content=\"Veja como hidratar a pele corretamente e recuperar o brilho com produtos que ajudam a melhorar a textura e o aspecto saud\u00e1vel\" \/>\n<meta name=\"robots\" content=\"index, follow, max-snippet:-1, max-image-preview:large, max-video-preview:-1\" \/>\n<link rel=\"canonical\" href=\"https:\/\/www.correiobraziliense.com.br\/cbradar\/3-seruns-poderosos-com-acido-hialuronico-que-devolvem-o-vico-a-maciez-e-o-brilho-da-pele-opaca-em-poucos-dias\/\" \/>\n<meta property=\"og:locale\" content=\"pt_BR\" \/>\n<meta property=\"og:type\" content=\"article\" \/>\n<meta property=\"og:title\" content=\"3 s\u00e9runs poderosos com \u00e1cido hialur\u00f4nico que devolvem o vi\u00e7o, a maciez e o brilho da pele opaca em poucos dias - Correio Braziliense - Radar\" \/>\n<meta property=\"og:description\" content=\"Veja como hidratar a pele corretamente e recuperar o brilho com produtos que ajudam a melhorar a textura e o aspecto saud\u00e1vel\" \/>\n<meta property=\"og:url\" content=\"https:\/\/www.correiobraziliense.com.br\/cbradar\/3-seruns-poderosos-com-acido-hialuronico-que-devolvem-o-vico-a-maciez-e-o-brilho-da-pele-opaca-em-poucos-dias\/\" \/>\n<meta property=\"og:site_name\" content=\"Correio Braziliense - Radar\" \/>\n<meta property=\"article:published_time\" content=\"2026-05-02T11:05:00+00:00\" \/>\n<meta property=\"og:image\" content=\"https:\/\/www.correiobraziliense.com.br\/cbradar\/wp-content\/uploads\/2026\/05\/serum-facial.jpg\" \/>\n\t<meta property=\"og:image:width\" content=\"1280\" \/>\n\t<meta property=\"og:image:height\" content=\"720\" \/>\n\t<meta property=\"og:image:type\" content=\"image\/jpeg\" \/>\n<meta name=\"author\" content=\"Daniely Cardoso\" \/>\n<meta name=\"twitter:card\" content=\"summary_large_image\" \/>\n<meta name=\"twitter:label1\" content=\"Escrito por\" \/>\n\t<meta name=\"twitter:data1\" content=\"Daniely Cardoso\" \/>\n\t<meta name=\"twitter:label2\" content=\"Est. tempo de leitura\" \/>\n\t<meta name=\"twitter:data2\" content=\"5 minutos\" \/>\n<!-- \/ Yoast SEO plugin. -->","yoast_head_json":{"title":"3 s\u00e9runs poderosos com \u00e1cido hialur\u00f4nico que devolvem o vi\u00e7o, a maciez e o brilho da pele opaca em poucos dias - Correio Braziliense - Radar","description":"Veja como hidratar a pele corretamente e recuperar o brilho com produtos que ajudam a melhorar a textura e o aspecto saud\u00e1vel","robots":{"index":"index","follow":"follow","max-snippet":"max-snippet:-1","max-image-preview":"max-image-preview:large","max-video-preview":"max-video-preview:-1"},"canonical":"https:\/\/www.correiobraziliense.com.br\/cbradar\/3-seruns-poderosos-com-acido-hialuronico-que-devolvem-o-vico-a-maciez-e-o-brilho-da-pele-opaca-em-poucos-dias\/","og_locale":"pt_BR","og_type":"article","og_title":"3 s\u00e9runs poderosos com \u00e1cido hialur\u00f4nico que devolvem o vi\u00e7o, a maciez e o brilho da pele opaca em poucos dias - Correio Braziliense - Radar","og_description":"Veja como hidratar a pele corretamente e recuperar o brilho com produtos que ajudam a melhorar a textura e o aspecto saud\u00e1vel","og_url":"https:\/\/www.correiobraziliense.com.br\/cbradar\/3-seruns-poderosos-com-acido-hialuronico-que-devolvem-o-vico-a-maciez-e-o-brilho-da-pele-opaca-em-poucos-dias\/","og_site_name":"Correio Braziliense - Radar","article_published_time":"2026-05-02T11:05:00+00:00","og_image":[{"width":1280,"height":720,"url":"https:\/\/www.correiobraziliense.com.br\/cbradar\/wp-content\/uploads\/2026\/05\/serum-facial.jpg","type":"image\/jpeg"}],"author":"Daniely Cardoso","twitter_card":"summary_large_image","twitter_misc":{"Escrito por":"Daniely Cardoso","Est. tempo de leitura":"5 minutos"},"schema":{"@context":"https:\/\/schema.org","@graph":[{"@type":"WebPage","@id":"https:\/\/www.correiobraziliense.com.br\/cbradar\/3-seruns-poderosos-com-acido-hialuronico-que-devolvem-o-vico-a-maciez-e-o-brilho-da-pele-opaca-em-poucos-dias\/","url":"https:\/\/www.correiobraziliense.com.br\/cbradar\/3-seruns-poderosos-com-acido-hialuronico-que-devolvem-o-vico-a-maciez-e-o-brilho-da-pele-opaca-em-poucos-dias\/","name":"3 s\u00e9runs poderosos com \u00e1cido hialur\u00f4nico que devolvem o vi\u00e7o, a maciez e o brilho da pele opaca em poucos dias - Correio Braziliense - Radar","isPartOf":{"@id":"https:\/\/www.correiobraziliense.com.br\/cbradar\/#website"},"primaryImageOfPage":{"@id":"https:\/\/www.correiobraziliense.com.br\/cbradar\/3-seruns-poderosos-com-acido-hialuronico-que-devolvem-o-vico-a-maciez-e-o-brilho-da-pele-opaca-em-poucos-dias\/#primaryimage"},"image":{"@id":"https:\/\/www.correiobraziliense.com.br\/cbradar\/3-seruns-poderosos-com-acido-hialuronico-que-devolvem-o-vico-a-maciez-e-o-brilho-da-pele-opaca-em-poucos-dias\/#primaryimage"},"thumbnailUrl":"https:\/\/www.correiobraziliense.com.br\/cbradar\/wp-content\/uploads\/2026\/05\/serum-facial.jpg","datePublished":"2026-05-02T11:05:00+00:00","author":{"@id":"https:\/\/www.correiobraziliense.com.br\/cbradar\/#\/schema\/person\/7356666e12ec0ee53f348ee5db227032"},"description":"Veja como hidratar a pele corretamente e recuperar o brilho com produtos que ajudam a melhorar a textura e o aspecto saud\u00e1vel","breadcrumb":{"@id":"https:\/\/www.correiobraziliense.com.br\/cbradar\/3-seruns-poderosos-com-acido-hialuronico-que-devolvem-o-vico-a-maciez-e-o-brilho-da-pele-opaca-em-poucos-dias\/#breadcrumb"},"inLanguage":"pt-BR","potentialAction":[{"@type":"ReadAction","target":["https:\/\/www.correiobraziliense.com.br\/cbradar\/3-seruns-poderosos-com-acido-hialuronico-que-devolvem-o-vico-a-maciez-e-o-brilho-da-pele-opaca-em-poucos-dias\/"]}]},{"@type":"ImageObject","inLanguage":"pt-BR","@id":"https:\/\/www.correiobraziliense.com.br\/cbradar\/3-seruns-poderosos-com-acido-hialuronico-que-devolvem-o-vico-a-maciez-e-o-brilho-da-pele-opaca-em-poucos-dias\/#primaryimage","url":"https:\/\/www.correiobraziliense.com.br\/cbradar\/wp-content\/uploads\/2026\/05\/serum-facial.jpg","contentUrl":"https:\/\/www.correiobraziliense.com.br\/cbradar\/wp-content\/uploads\/2026\/05\/serum-facial.jpg","width":1280,"height":720,"caption":"Utilizar formula\u00e7\u00f5es com diferentes pesos moleculares permite que o produto atue tanto na superf\u00edcie"},{"@type":"BreadcrumbList","@id":"https:\/\/www.correiobraziliense.com.br\/cbradar\/3-seruns-poderosos-com-acido-hialuronico-que-devolvem-o-vico-a-maciez-e-o-brilho-da-pele-opaca-em-poucos-dias\/#breadcrumb","itemListElement":[{"@type":"ListItem","position":1,"name":"In\u00edcio","item":"https:\/\/www.correiobraziliense.com.br\/cbradar\/"},{"@type":"ListItem","position":2,"name":"3 s\u00e9runs poderosos com \u00e1cido hialur\u00f4nico que devolvem o vi\u00e7o, a maciez e o brilho da pele opaca em poucos dias"}]},{"@type":"WebSite","@id":"https:\/\/www.correiobraziliense.com.br\/cbradar\/#website","url":"https:\/\/www.correiobraziliense.com.br\/cbradar\/","name":"Correio Braziliense - Radar","description":"Acompanhe as \u00faltimas not\u00edcias e fique bem informado sobre tudo o que acontece no Brasil e no mundo.","potentialAction":[{"@type":"SearchAction","target":{"@type":"EntryPoint","urlTemplate":"https:\/\/www.correiobraziliense.com.br\/cbradar\/?s={search_term_string}"},"query-input":{"@type":"PropertyValueSpecification","valueRequired":true,"valueName":"search_term_string"}}],"inLanguage":"pt-BR"},{"@type":"Person","@id":"https:\/\/www.correiobraziliense.com.br\/cbradar\/#\/schema\/person\/7356666e12ec0ee53f348ee5db227032","name":"Daniely Cardoso","image":{"@type":"ImageObject","inLanguage":"pt-BR","@id":"https:\/\/www.correiobraziliense.com.br\/cbradar\/#\/schema\/person\/image\/","url":"https:\/\/secure.gravatar.com\/avatar\/4b80ddbd124d1f071b626d52d62e5dff?s=96&d=mm&r=g","contentUrl":"https:\/\/secure.gravatar.com\/avatar\/4b80ddbd124d1f071b626d52d62e5dff?s=96&d=mm&r=g","caption":"Daniely Cardoso"},"description":"Redatora nos portais CB Radar e EM Foco, formada pela Universidade Federal de Goi\u00e1s, em Goi\u00e2nia. Apaixonada por comunica\u00e7\u00e3o, arte, decora\u00e7\u00e3o e tend\u00eancias, atuo na produ\u00e7\u00e3o de conte\u00fados envolventes sobre curiosidades, moda, beleza e paisagismo, sempre com um olhar atento \u00e0s novidades do momento.","sameAs":["https:\/\/www.correiobraziliense.com.br\/cbradar"],"url":"https:\/\/www.correiobraziliense.com.br\/cbradar\/author\/danielymyth\/"}]}},"_links":{"self":[{"href":"https:\/\/www.correiobraziliense.com.br\/cbradar\/wp-json\/wp\/v2\/posts\/235609","targetHints":{"allow":["GET"]}}],"collection":[{"href":"https:\/\/www.correiobraziliense.com.br\/cbradar\/wp-json\/wp\/v2\/posts"}],"about":[{"href":"https:\/\/www.correiobraziliense.com.br\/cbradar\/wp-json\/wp\/v2\/types\/post"}],"author":[{"embeddable":true,"href":"https:\/\/www.correiobraziliense.com.br\/cbradar\/wp-json\/wp\/v2\/users\/9"}],"replies":[{"embeddable":true,"href":"https:\/\/www.correiobraziliense.com.br\/cbradar\/wp-json\/wp\/v2\/comments?post=235609"}],"version-history":[{"count":1,"href":"https:\/\/www.correiobraziliense.com.br\/cbradar\/wp-json\/wp\/v2\/posts\/235609\/revisions"}],"predecessor-version":[{"id":235619,"href":"https:\/\/www.correiobraziliense.com.br\/cbradar\/wp-json\/wp\/v2\/posts\/235609\/revisions\/235619"}],"wp:featuredmedia":[{"embeddable":true,"href":"https:\/\/www.correiobraziliense.com.br\/cbradar\/wp-json\/wp\/v2\/media\/235618"}],"wp:attachment":[{"href":"https:\/\/www.correiobraziliense.com.br\/cbradar\/wp-json\/wp\/v2\/media?parent=235609"}],"wp:term":[{"taxonomy":"category","embeddable":true,"href":"https:\/\/www.correiobraziliense.com.br\/cbradar\/wp-json\/wp\/v2\/categories?post=235609"},{"taxonomy":"post_tag","embeddable":true,"href":"https:\/\/www.correiobraziliense.com.br\/cbradar\/wp-json\/wp\/v2\/tags?post=235609"}],"curies":[{"name":"wp","href":"https:\/\/api.w.org\/{rel}","templated":true}]}}