{"id":235610,"date":"2026-05-02T04:05:00","date_gmt":"2026-05-02T07:05:00","guid":{"rendered":"https:\/\/www.correiobraziliense.com.br\/cbradar\/?p=235610"},"modified":"2026-05-01T18:34:43","modified_gmt":"2026-05-01T21:34:43","slug":"segundo-jornal-americano-essa-vila-de-pescadores-brasileira-foi-eleita-uma-das-mais-belas-do-mundo","status":"publish","type":"post","link":"https:\/\/www.correiobraziliense.com.br\/cbradar\/segundo-jornal-americano-essa-vila-de-pescadores-brasileira-foi-eleita-uma-das-mais-belas-do-mundo\/","title":{"rendered":"Segundo jornal americano, essa vila de pescadores brasileira foi eleita uma das mais belas do mundo"},"content":{"rendered":"\n<p>Em <strong>Jericoacoara<\/strong>, no litoral oeste do <strong>Cear\u00e1<\/strong>, carros particulares n\u00e3o entram, postes de luz n\u00e3o cortam o c\u00e9u e o p\u00f4r do sol acontece direto sobre o oceano. A vila de pescadores preserva o charme r\u00fastico mesmo recebendo mais de 1,2 milh\u00e3o de visitantes por ano.<\/p>\n\n\n\n<h2 class=\"wp-block-heading\">Como uma vila de pescadores virou parque nacional cobi\u00e7ado<\/h2>\n\n\n\n<p>At\u00e9 o in\u00edcio dos anos 1980, Jeri era apenas uma aldeia isolada entre dunas, sem energia el\u00e9trica e acess\u00edvel apenas por caminhos de areia. A virada veio quando o jornal americano <strong>The Washington Post<\/strong> classificou a praia como uma das dez mais belas do planeta, e a fama internacional chegou junto com windsurfistas e kitesurfistas estrangeiros.<\/p>\n\n\n\n<p>Em fevereiro de <strong>2002<\/strong>, o governo federal transformou a antiga \u00c1rea de Prote\u00e7\u00e3o Ambiental no <strong>Parque Nacional de Jericoacoara<\/strong>. Segundo o <a href=\"https:\/\/www.sgb.gov.br\/w\/parque-nacional-de-jericoacoara-no-ceara-ganhara-roteiro-geoturistico\" target=\"_blank\" rel=\"noreferrer noopener\"><strong>Servi\u00e7o Geol\u00f3gico do Brasil (SGB)<\/strong><\/a>, a unidade hoje protege 8.850 hectares de dunas, manguezais, restingas e uma faixa mar\u00edtima de um quil\u00f4metro entre os munic\u00edpios de Jijoca de Jericoacoara, Cruz e Camocim.<\/p>\n\n\n<div class=\"wp-block-image\">\n<figure class=\"aligncenter size-large\"><img decoding=\"async\" width=\"1024\" height=\"576\" src=\"https:\/\/www.correiobraziliense.com.br\/cbradar\/wp-content\/uploads\/2025\/02\/Jericoacoara_1740685261483-1024x576.jpg\" alt=\"Nessa vila do Cear\u00e1, carros n\u00e3o entram e uma praia surreal quase desconhecida \u00e9 considerada uma das mais belas do mundo\" class=\"wp-image-7040\" srcset=\"https:\/\/www.correiobraziliense.com.br\/cbradar\/wp-content\/uploads\/2025\/02\/Jericoacoara_1740685261483-1024x576.jpg 1024w, https:\/\/www.correiobraziliense.com.br\/cbradar\/wp-content\/uploads\/2025\/02\/Jericoacoara_1740685261483-300x169.jpg 300w, https:\/\/www.correiobraziliense.com.br\/cbradar\/wp-content\/uploads\/2025\/02\/Jericoacoara_1740685261483-768x432.jpg 768w, https:\/\/www.correiobraziliense.com.br\/cbradar\/wp-content\/uploads\/2025\/02\/Jericoacoara_1740685261483-750x422.jpg 750w, https:\/\/www.correiobraziliense.com.br\/cbradar\/wp-content\/uploads\/2025\/02\/Jericoacoara_1740685261483-1140x641.jpg 1140w, https:\/\/www.correiobraziliense.com.br\/cbradar\/wp-content\/uploads\/2025\/02\/Jericoacoara_1740685261483.jpg 1280w\" sizes=\"(max-width: 1024px) 100vw, 1024px\" \/><figcaption class=\"wp-element-caption\">Entre as atra\u00e7\u00f5es de Jericoacoara est\u00e3o Pedra Furada, Lagoa do Para\u00edso, Duna do P\u00f4r do Sol e praias tranquilas. \/\/ Cr\u00e9ditos: depositphotos.com \/ xura<\/figcaption><\/figure><\/div>\n\n\n<h2 class=\"wp-block-heading\">Quais atra\u00e7\u00f5es naturais n\u00e3o podem ficar de fora do roteiro?<\/h2>\n\n\n\n<p><strong>O parque guarda forma\u00e7\u00f5es esculpidas pelo vento e pelo mar ao longo de milh\u00f5es de anos.<\/strong> Os principais cart\u00f5es-postais ficam a poucos minutos da vila, acess\u00edveis a p\u00e9 ou em buggy 4&#215;4.<\/p>\n\n\n\n<ul class=\"wp-block-list\">\n<li><strong>Pedra Furada<\/strong>: arco marinho de quartzo ferruginoso formado no per\u00edodo Quatern\u00e1rio, h\u00e1 cerca de 2,6 milh\u00f5es de anos, com trilha de 30 a 40 minutos pela praia na mar\u00e9 baixa.<\/li>\n\n\n\n<li><strong>Duna do P\u00f4r do Sol<\/strong>: ponto de encontro tradicional ao oeste da vila, onde a posi\u00e7\u00e3o peninsular permite ver o sol nascer e se p\u00f4r no oceano.<\/li>\n\n\n\n<li><strong>Lagoa do Para\u00edso<\/strong>: piscina natural de \u00e1gua doce e cristalina, famosa pelas redes coloridas armadas dentro da \u00e1gua.<\/li>\n\n\n\n<li><strong>Serrote<\/strong>: ponto culminante do parque, com farol a 95 m de altitude e vista panor\u00e2mica das dunas, do mar e da vila.<\/li>\n\n\n\n<li><strong>Mangues do Rio Guri\u00fa<\/strong>: passeio de canoa entre ra\u00edzes, com avistamento de cavalos-marinhos da esp\u00e9cie Hippocampus reidi.<\/li>\n<\/ul>\n\n\n\n<p>As dunas e lagoas do Cear\u00e1 formam um dos cen\u00e1rios mais desejados do litoral nordestino. O v\u00eddeo \u00e9 do canal <strong>Trip Partiu<\/strong>, com<strong> 623 mil inscritos<\/strong>, e detalha os melhores passeios e estrat\u00e9gias para economizar em Jericoacoara:<\/p>\n\n\n\n<figure class=\"wp-block-embed aligncenter is-type-video is-provider-youtube wp-block-embed-youtube wp-embed-aspect-16-9 wp-has-aspect-ratio\"><div class=\"wp-block-embed__wrapper\">\n<div class=\"jeg_video_container jeg_video_content\"><iframe loading=\"lazy\" title=\"JERICOACOARA Cear\u00e1 - melhores passeios + dicas de como economizar\" width=\"500\" height=\"281\" src=\"https:\/\/www.youtube.com\/embed\/19LQuM7Kpww?feature=oembed\" frameborder=\"0\" allow=\"accelerometer; autoplay; clipboard-write; encrypted-media; gyroscope; picture-in-picture; web-share\" referrerpolicy=\"strict-origin-when-cross-origin\" allowfullscreen><\/iframe><\/div>\n<\/div><\/figure>\n\n\n\n<h2 class=\"wp-block-heading\">O sol que atravessa a Pedra Furada acontece s\u00f3 um m\u00eas por ano<\/h2>\n\n\n\n<p>Entre <strong>15 de julho<\/strong> e <strong>15 de agosto<\/strong>, o sol se encaixa no furo do arco rochoso ao se p\u00f4r, criando um espet\u00e1culo que atrai fot\u00f3grafos do mundo todo. O fen\u00f4meno coincide com o auge do solst\u00edcio de inverno, quando o sol se p\u00f5e mais ao norte. Em outras esta\u00e7\u00f5es, a proje\u00e7\u00e3o dos raios cai sobre o mar, sem entrar pelo orif\u00edcio.<\/p>\n\n\n\n<p>O Serrote, onde fica a Pedra Furada, \u00e9 uma das poucas regi\u00f5es com vegeta\u00e7\u00e3o arbustiva no parque. Vale subir o morro pela manh\u00e3, antes do calor, para ver a vila inteira de cima.<\/p>\n\n\n\n<h2 class=\"wp-block-heading\">O que comer em Jericoacoara entre a praia e a vila?<\/h2>\n\n\n\n<p>A gastronomia mistura raiz cearense com toques internacionais trazidos por moradores estrangeiros. Os restaurantes ficam concentrados nas ruas de areia ao redor da pra\u00e7a central.<\/p>\n\n\n\n<ul class=\"wp-block-list\">\n<li><strong>Peixe na telha<\/strong>: cavala, robalo ou camurim assado em telha de barro com leite de coco, banana e farofa, prato cl\u00e1ssico do litoral cearense.<\/li>\n\n\n\n<li><strong>Camar\u00e3o na moranga<\/strong>: ab\u00f3bora recheada com camar\u00f5es ao molho de catupiry, op\u00e7\u00e3o farta para dividir.<\/li>\n\n\n\n<li><strong>Caranguejada<\/strong>: panela coletiva com caranguejos cozidos no caldo de coco, servida com farinha e pimenta.<\/li>\n\n\n\n<li><strong>Tapioca de carne de sol<\/strong>: massa fininha recheada com queijo coalho e carne desfiada, comum nas barraquinhas da pra\u00e7a \u00e0 noite.<\/li>\n\n\n\n<li><strong>Caipiroska de frutas<\/strong>: tradi\u00e7\u00e3o da vila, feita com caj\u00e1, maracuj\u00e1 ou kiwi, servida nos bares ao p\u00f4r do sol.<\/li>\n<\/ul>\n\n\n\n<p><strong>Leia tamb\u00e9m: <a href=\"https:\/\/www.correiobraziliense.com.br\/cbradar\/a-cidade-colonial-mineira-que-tem-uma-maria-fumaca-funcionando-sem-parar-desde-1881\/\" target=\"_blank\" rel=\"noreferrer noopener\">A cidade colonial mineira que tem uma Maria Fuma\u00e7a funcionando sem parar desde 1881.<\/a><\/strong><\/p>\n\n\n<div class=\"wp-block-image\">\n<figure class=\"aligncenter size-large\"><img decoding=\"async\" width=\"1024\" height=\"576\" src=\"https:\/\/www.correiobraziliense.com.br\/cbradar\/wp-content\/uploads\/2025\/02\/Jericoacoara_1739429111227-1024x576.jpg\" alt=\"A vila cearense que abriga uma das praias mais bonitas do mundo e segue como um para\u00edso quase desconhecido\" class=\"wp-image-2190\" srcset=\"https:\/\/www.correiobraziliense.com.br\/cbradar\/wp-content\/uploads\/2025\/02\/Jericoacoara_1739429111227-1024x576.jpg 1024w, https:\/\/www.correiobraziliense.com.br\/cbradar\/wp-content\/uploads\/2025\/02\/Jericoacoara_1739429111227-300x169.jpg 300w, https:\/\/www.correiobraziliense.com.br\/cbradar\/wp-content\/uploads\/2025\/02\/Jericoacoara_1739429111227-768x432.jpg 768w, https:\/\/www.correiobraziliense.com.br\/cbradar\/wp-content\/uploads\/2025\/02\/Jericoacoara_1739429111227-750x422.jpg 750w, https:\/\/www.correiobraziliense.com.br\/cbradar\/wp-content\/uploads\/2025\/02\/Jericoacoara_1739429111227-1140x641.jpg 1140w, https:\/\/www.correiobraziliense.com.br\/cbradar\/wp-content\/uploads\/2025\/02\/Jericoacoara_1739429111227.jpg 1280w\" sizes=\"(max-width: 1024px) 100vw, 1024px\" \/><figcaption class=\"wp-element-caption\">O vilarejo preserva ruas de areia, cultura local e gastronomia rica em frutos do mar e tapiocas t\u00edpicas.\u200b \/\/ Cr\u00e9ditos: depositphotos.com \/ xura<\/figcaption><\/figure><\/div>\n\n\n<h2 class=\"wp-block-heading\">Quando o clima favorece cada tipo de passeio?<\/h2>\n\n\n\n<p><strong>O litoral oeste do Cear\u00e1 tem s\u00f3 duas esta\u00e7\u00f5es marcadas: chuva e seca<\/strong>. A m\u00e9dia anual de chuva \u00e9 de 1.364 mm, concentrada entre fevereiro e maio, segundo o plano de manejo do parque.<\/p>\n\n\n\n<style>\n  \/* --- CONTAINER BLINDADO --- *\/\n  .clima-grid-final {\n    font-family: -apple-system, BlinkMacSystemFont, \"Segoe UI\", Roboto, Arial, sans-serif !important;\n    width: 100% !important;\n    max-width: 1200px !important;\n    margin: 20px auto !important;\n    display: grid !important;\n    grid-template-columns: repeat(4, 1fr) !important; \n    gap: 15px !important;\n    box-sizing: border-box !important;\n  }\n\n  .clima-grid-final * {\n    box-sizing: border-box !important;\n  }\n\n  \/* --- CARD PADR\u00c3O (ESTILO JERICOACOARA) --- *\/\n  .card-clima {\n    background: #ffffff !important;\n    border: 1px solid #e0e0e0 !important;\n    border-radius: 20px !important;\n    padding: 20px 10px !important;\n    text-align: center !important;\n    display: flex !important;\n    flex-direction: column !important;\n    align-items: center !important;\n    box-shadow: 0 4px 10px rgba(0, 0, 0, 0.05) !important;\n    transition: transform 0.2s ease, border-color 0.2s ease !important;\n    height: 100% !important;\n  }\n\n  .card-clima:hover {\n    transform: translateY(-5px) !important;\n    border-color: #fbc02d !important;\n  }\n\n  \/* --- TIPOGRAFIA --- *\/\n  .estacao-nome { \n    font-size: 14px !important; \n    font-weight: 800 !important; \n    color: #f57f17 !important; \n    text-transform: uppercase !important; \n    margin: 0 0 5px 0 !important; \n  }\n  \n  .estacao-meses { \n    font-size: 10px !important; \n    font-weight: 700 !important; \n    color: #666666 !important; \n    text-transform: uppercase !important; \n    margin-bottom: 15px !important; \n    display: block !important;\n  }\n  \n  .temp-valor { \n    font-size: 24px !important; \n    font-weight: 800 !important; \n    color: #000000 !important; \n    line-height: 1.1 !important; \n    margin: 0 !important;\n  }\n  \n  .temp-label { \n    font-size: 9px !important; \n    font-weight: 600 !important; \n    color: #999999 !important; \n    text-transform: uppercase !important; \n    margin-bottom: 15px !important; \n    display: block !important;\n  }\n  \n  .clima-desc { \n    font-size: 12px !important; \n    line-height: 1.4 !important; \n    color: #333333 !important; \n    margin-bottom: 15px !important; \n    flex-grow: 1 !important; \n  }\n\n  \/* --- TAGS DE STATUS --- *\/\n  .tag-status {\n    padding: 5px 12px !important;\n    border-radius: 20px !important;\n    font-size: 9px !important;\n    font-weight: 800 !important;\n    text-transform: uppercase !important;\n    margin-top: auto !important;\n  }\n\n  .status-alta { background-color: #e3f2fd !important; color: #1565c0 !important; border: 1px solid #bbdefb !important; }\n  .status-media { background-color: #fff3e0 !important; color: #ef6c00 !important; border: 1px solid #ffe0b2 !important; }\n  .status-baixa { background-color: #e8f5e9 !important; color: #2e7d32 !important; border: 1px solid #c8e6c9 !important; }\n  .status-vento { background-color: #f3e5f5 !important; color: #7b1fa2 !important; border: 1px solid #e1bee7 !important; }\n\n  \/* --- RESPONSIVIDADE --- *\/\n  @media (max-width: 900px) {\n    .clima-grid-final { grid-template-columns: repeat(2, 1fr) !important; }\n  }\n  @media (max-width: 500px) {\n    .clima-grid-final { grid-template-columns: 1fr !important; }\n  }\n<\/style>\n\n<div class=\"google-auto-ads-ignore clima-grid-final\">\n  \n  <!-- CHUVOSA -->\n  <div class=\"card-clima\">\n    <div class=\"estacao-nome\">\ud83c\udf27\ufe0f Chuvosa<\/div>\n    <span class=\"estacao-meses\">Fev &#8211; Mai<\/span>\n    <div class=\"temp-valor\">23-30\u00b0C<\/div>\n    <span class=\"temp-label\">Temperatura<\/span>\n    <div class=\"clima-desc\">As <b>lagoas est\u00e3o cheias<\/b> e o cen\u00e1rio dos <b>mangues do Guri\u00fa<\/b> ganha vida com a renova\u00e7\u00e3o das \u00e1guas.<\/div>\n    <div class=\"tag-status status-alta\">\ud83c\udf26\ufe0f Chuva Alta<\/div>\n  <\/div>\n\n  <!-- SECA INICIAL -->\n  <div class=\"card-clima\">\n    <div class=\"estacao-nome\">\ud83d\udcf8 Seca Inicial<\/div>\n    <span class=\"estacao-meses\">Jun &#8211; Ago<\/span>\n    <div class=\"temp-valor\">22-31\u00b0C<\/div>\n    <span class=\"temp-label\">Temperatura<\/span>\n    <div class=\"clima-desc\">Melhor \u00e9poca para ver o <b>sol se pondo exatamente no arco da Pedra Furada<\/b>, com tempo limpo e firme.<\/div>\n    <div class=\"tag-status status-baixa\">\u2600\ufe0f Chuva Baixa<\/div>\n  <\/div>\n\n  <!-- VENTO FORTE -->\n  <div class=\"card-clima\">\n    <div class=\"estacao-nome\">\ud83c\udf2c\ufe0f Vento Forte<\/div>\n    <span class=\"estacao-meses\">Set &#8211; Nov<\/span>\n    <div class=\"temp-valor\">23-32\u00b0C<\/div>\n    <span class=\"temp-label\">Temperatura<\/span>\n    <div class=\"clima-desc\">Temporada mundial de ventos constantes, transformando Jeri no para\u00edso para <b>Kitesurf e Windsurf<\/b>.<\/div>\n    <div class=\"tag-status status-vento\">\ud83e\ude81 Muito Baixa<\/div>\n  <\/div>\n\n  <!-- VER\u00c3O -->\n  <div class=\"card-clima\">\n    <div class=\"estacao-nome\">\ud83c\udfd6\ufe0f Ver\u00e3o<\/div>\n    <span class=\"estacao-meses\">Dez &#8211; Jan<\/span>\n    <div class=\"temp-valor\">24-32\u00b0C<\/div>\n    <span class=\"temp-label\">Temperatura<\/span>\n    <div class=\"clima-desc\">Per\u00edodo festivo ideal para curtir as <b>praias<\/b> e o cl\u00e1ssico espet\u00e1culo das <b>dunas ao p\u00f4r do sol<\/b>.<\/div>\n    <div class=\"tag-status status-media\">\ud83c\udf24\ufe0f Chuva M\u00e9dia<\/div>\n  <\/div>\n\n<\/div>\n\n\n\n<p><em>Temperaturas aproximadas com base no <a href=\"https:\/\/www.climatempo.com.br\/previsao-do-tempo\/cidade\/4257\/jijocadejericoacoara-ce\" target=\"_blank\" rel=\"noreferrer noopener\"><strong>Climatempo<\/strong><\/a>. Condi\u00e7\u00f5es podem variar.<\/em><\/p>\n\n\n\n<h2 class=\"wp-block-heading\">Como chegar \u00e0 vila onde s\u00f3 entra carro 4&#215;4?<\/h2>\n\n\n\n<p>Existem dois caminhos principais. O mais r\u00e1pido \u00e9 voar at\u00e9 o <strong>Aeroporto Regional Comandante Ariston Pessoa (JJD)<\/strong>, em <strong>Cruz<\/strong>, inaugurado em 2017 e a cerca de 30 km da vila, com voos diretos de Belo Horizonte, Bras\u00edlia, Campinas e Guarulhos. A alternativa \u00e9 o <strong>Aeroporto Internacional Pinto Martins<\/strong>, em <strong>Fortaleza<\/strong>, a 300 km, seguido de transfer 4&#215;4 ou \u00f4nibus pela <strong>CE-085<\/strong>. O trecho final entre <strong>Jijoca<\/strong> e a vila \u00e9 feito apenas em jardineira ou ve\u00edculo de tra\u00e7\u00e3o nas quatro rodas, atravessando as dunas do parque.<\/p>\n\n\n\n<h2 class=\"wp-block-heading\">A vila que o mundo descobriu antes do Brasil<\/h2>\n\n\n\n<p><strong>Jericoacoara re\u00fane dunas, lagoas, forma\u00e7\u00f5es rochosas raras e uma vila que recusa o asfalto e os postes de luz para preservar a ess\u00eancia.<\/strong> Poucos lugares no mundo equilibram t\u00e3o bem rusticidade e infraestrutura tur\u00edstica de alto padr\u00e3o.<\/p>\n\n\n\n<p>Voc\u00ea precisa pisar em Jeri e descobrir como uma vila sem ruas pavimentadas e sem ilumina\u00e7\u00e3o p\u00fablica entrou para a lista das praias mais bonitas do planeta.<\/p>\n","protected":false},"excerpt":{"rendered":"<p>Em Jericoacoara, no litoral oeste do Cear\u00e1, carros particulares n\u00e3o entram, postes de luz n\u00e3o cortam o c\u00e9u e o p\u00f4r do sol acontece direto sobre o oceano. A vila de pescadores preserva o charme r\u00fastico mesmo recebendo mais de 1,2 milh\u00e3o de visitantes por ano. Como uma vila de pescadores virou parque nacional cobi\u00e7ado [&hellip;]<\/p>\n","protected":false},"author":8,"featured_media":215755,"comment_status":"open","ping_status":"open","sticky":false,"template":"","format":"standard","meta":{"_yoast_wpseo_focuskw":"vila de pescadores","_yoast_wpseo_title":"","_yoast_wpseo_metadesc":"Essa vila de pescadores no Brasil ganhou destaque global ap\u00f3s ser eleita por um jornal americano como uma das mais belas do planeta.","jnews-multi-image_gallery":[],"jnews_single_post":{"format":"standard"},"jnews_primary_category":[],"jnews_social_meta":[],"jnews_override_counter":[],"footnotes":""},"categories":[108,111],"tags":[1460,648],"class_list":["post-235610","post","type-post","status-publish","format-standard","has-post-thumbnail","hentry","category-cidades","category-turismo","tag-ceara","tag-jericoacoara"],"yoast_head":"<!-- This site is optimized with the Yoast SEO plugin v24.6 - https:\/\/yoast.com\/wordpress\/plugins\/seo\/ -->\n<title>Segundo jornal americano, essa vila de pescadores brasileira foi eleita uma das mais belas do mundo - Correio Braziliense - Radar<\/title>\n<meta name=\"description\" content=\"Essa vila de pescadores no Brasil ganhou destaque global ap\u00f3s ser eleita por um jornal americano como uma das mais belas do planeta.\" \/>\n<meta name=\"robots\" content=\"index, follow, max-snippet:-1, max-image-preview:large, max-video-preview:-1\" \/>\n<link rel=\"canonical\" href=\"https:\/\/www.correiobraziliense.com.br\/cbradar\/segundo-jornal-americano-essa-vila-de-pescadores-brasileira-foi-eleita-uma-das-mais-belas-do-mundo\/\" \/>\n<meta property=\"og:locale\" content=\"pt_BR\" \/>\n<meta property=\"og:type\" content=\"article\" \/>\n<meta property=\"og:title\" content=\"Segundo jornal americano, essa vila de pescadores brasileira foi eleita uma das mais belas do mundo - Correio Braziliense - Radar\" \/>\n<meta property=\"og:description\" content=\"Essa vila de pescadores no Brasil ganhou destaque global ap\u00f3s ser eleita por um jornal americano como uma das mais belas do planeta.\" \/>\n<meta property=\"og:url\" content=\"https:\/\/www.correiobraziliense.com.br\/cbradar\/segundo-jornal-americano-essa-vila-de-pescadores-brasileira-foi-eleita-uma-das-mais-belas-do-mundo\/\" \/>\n<meta property=\"og:site_name\" content=\"Correio Braziliense - Radar\" \/>\n<meta property=\"article:published_time\" content=\"2026-05-02T07:05:00+00:00\" \/>\n<meta property=\"og:image\" content=\"https:\/\/www.correiobraziliense.com.br\/cbradar\/wp-content\/uploads\/2026\/03\/aaa-2026-03-27T135700.729.png\" \/>\n\t<meta property=\"og:image:width\" content=\"1280\" \/>\n\t<meta property=\"og:image:height\" content=\"720\" \/>\n\t<meta property=\"og:image:type\" content=\"image\/png\" \/>\n<meta name=\"author\" content=\"Maura Pereira\" \/>\n<meta name=\"twitter:card\" content=\"summary_large_image\" \/>\n<meta name=\"twitter:label1\" content=\"Escrito por\" \/>\n\t<meta name=\"twitter:data1\" content=\"Maura Pereira\" \/>\n\t<meta name=\"twitter:label2\" content=\"Est. tempo de leitura\" \/>\n\t<meta name=\"twitter:data2\" content=\"7 minutos\" \/>\n<!-- \/ Yoast SEO plugin. -->","yoast_head_json":{"title":"Segundo jornal americano, essa vila de pescadores brasileira foi eleita uma das mais belas do mundo - Correio Braziliense - Radar","description":"Essa vila de pescadores no Brasil ganhou destaque global ap\u00f3s ser eleita por um jornal americano como uma das mais belas do planeta.","robots":{"index":"index","follow":"follow","max-snippet":"max-snippet:-1","max-image-preview":"max-image-preview:large","max-video-preview":"max-video-preview:-1"},"canonical":"https:\/\/www.correiobraziliense.com.br\/cbradar\/segundo-jornal-americano-essa-vila-de-pescadores-brasileira-foi-eleita-uma-das-mais-belas-do-mundo\/","og_locale":"pt_BR","og_type":"article","og_title":"Segundo jornal americano, essa vila de pescadores brasileira foi eleita uma das mais belas do mundo - Correio Braziliense - Radar","og_description":"Essa vila de pescadores no Brasil ganhou destaque global ap\u00f3s ser eleita por um jornal americano como uma das mais belas do planeta.","og_url":"https:\/\/www.correiobraziliense.com.br\/cbradar\/segundo-jornal-americano-essa-vila-de-pescadores-brasileira-foi-eleita-uma-das-mais-belas-do-mundo\/","og_site_name":"Correio Braziliense - Radar","article_published_time":"2026-05-02T07:05:00+00:00","og_image":[{"width":1280,"height":720,"url":"https:\/\/www.correiobraziliense.com.br\/cbradar\/wp-content\/uploads\/2026\/03\/aaa-2026-03-27T135700.729.png","type":"image\/png"}],"author":"Maura Pereira","twitter_card":"summary_large_image","twitter_misc":{"Escrito por":"Maura Pereira","Est. tempo de leitura":"7 minutos"},"schema":{"@context":"https:\/\/schema.org","@graph":[{"@type":"WebPage","@id":"https:\/\/www.correiobraziliense.com.br\/cbradar\/segundo-jornal-americano-essa-vila-de-pescadores-brasileira-foi-eleita-uma-das-mais-belas-do-mundo\/","url":"https:\/\/www.correiobraziliense.com.br\/cbradar\/segundo-jornal-americano-essa-vila-de-pescadores-brasileira-foi-eleita-uma-das-mais-belas-do-mundo\/","name":"Segundo jornal americano, essa vila de pescadores brasileira foi eleita uma das mais belas do mundo - Correio Braziliense - Radar","isPartOf":{"@id":"https:\/\/www.correiobraziliense.com.br\/cbradar\/#website"},"primaryImageOfPage":{"@id":"https:\/\/www.correiobraziliense.com.br\/cbradar\/segundo-jornal-americano-essa-vila-de-pescadores-brasileira-foi-eleita-uma-das-mais-belas-do-mundo\/#primaryimage"},"image":{"@id":"https:\/\/www.correiobraziliense.com.br\/cbradar\/segundo-jornal-americano-essa-vila-de-pescadores-brasileira-foi-eleita-uma-das-mais-belas-do-mundo\/#primaryimage"},"thumbnailUrl":"https:\/\/www.correiobraziliense.com.br\/cbradar\/wp-content\/uploads\/2026\/03\/aaa-2026-03-27T135700.729.png","datePublished":"2026-05-02T07:05:00+00:00","author":{"@id":"https:\/\/www.correiobraziliense.com.br\/cbradar\/#\/schema\/person\/4053c651a9bfc785afc6f4cbc9032fd3"},"description":"Essa vila de pescadores no Brasil ganhou destaque global ap\u00f3s ser eleita por um jornal americano como uma das mais belas do planeta.","breadcrumb":{"@id":"https:\/\/www.correiobraziliense.com.br\/cbradar\/segundo-jornal-americano-essa-vila-de-pescadores-brasileira-foi-eleita-uma-das-mais-belas-do-mundo\/#breadcrumb"},"inLanguage":"pt-BR","potentialAction":[{"@type":"ReadAction","target":["https:\/\/www.correiobraziliense.com.br\/cbradar\/segundo-jornal-americano-essa-vila-de-pescadores-brasileira-foi-eleita-uma-das-mais-belas-do-mundo\/"]}]},{"@type":"ImageObject","inLanguage":"pt-BR","@id":"https:\/\/www.correiobraziliense.com.br\/cbradar\/segundo-jornal-americano-essa-vila-de-pescadores-brasileira-foi-eleita-uma-das-mais-belas-do-mundo\/#primaryimage","url":"https:\/\/www.correiobraziliense.com.br\/cbradar\/wp-content\/uploads\/2026\/03\/aaa-2026-03-27T135700.729.png","contentUrl":"https:\/\/www.correiobraziliense.com.br\/cbradar\/wp-content\/uploads\/2026\/03\/aaa-2026-03-27T135700.729.png","width":1280,"height":720,"caption":"Os primeiros registros de Jericoacoara aparecem em cartas geogr\u00e1ficas do s\u00e9culo XVII. \/ Imagem ilustrativa"},{"@type":"BreadcrumbList","@id":"https:\/\/www.correiobraziliense.com.br\/cbradar\/segundo-jornal-americano-essa-vila-de-pescadores-brasileira-foi-eleita-uma-das-mais-belas-do-mundo\/#breadcrumb","itemListElement":[{"@type":"ListItem","position":1,"name":"In\u00edcio","item":"https:\/\/www.correiobraziliense.com.br\/cbradar\/"},{"@type":"ListItem","position":2,"name":"Segundo jornal americano, essa vila de pescadores brasileira foi eleita uma das mais belas do mundo"}]},{"@type":"WebSite","@id":"https:\/\/www.correiobraziliense.com.br\/cbradar\/#website","url":"https:\/\/www.correiobraziliense.com.br\/cbradar\/","name":"Correio Braziliense - Radar","description":"Acompanhe as \u00faltimas not\u00edcias e fique bem informado sobre tudo o que acontece no Brasil e no mundo.","potentialAction":[{"@type":"SearchAction","target":{"@type":"EntryPoint","urlTemplate":"https:\/\/www.correiobraziliense.com.br\/cbradar\/?s={search_term_string}"},"query-input":{"@type":"PropertyValueSpecification","valueRequired":true,"valueName":"search_term_string"}}],"inLanguage":"pt-BR"},{"@type":"Person","@id":"https:\/\/www.correiobraziliense.com.br\/cbradar\/#\/schema\/person\/4053c651a9bfc785afc6f4cbc9032fd3","name":"Maura Pereira","image":{"@type":"ImageObject","inLanguage":"pt-BR","@id":"https:\/\/www.correiobraziliense.com.br\/cbradar\/#\/schema\/person\/image\/","url":"https:\/\/secure.gravatar.com\/avatar\/3effd6bdadfa447f15089c7f7144eaa6?s=96&d=mm&r=g","contentUrl":"https:\/\/secure.gravatar.com\/avatar\/3effd6bdadfa447f15089c7f7144eaa6?s=96&d=mm&r=g","caption":"Maura Pereira"},"sameAs":["https:\/\/www.correiobraziliense.com.br\/"],"url":"https:\/\/www.correiobraziliense.com.br\/cbradar\/author\/mauramyth\/"}]}},"_links":{"self":[{"href":"https:\/\/www.correiobraziliense.com.br\/cbradar\/wp-json\/wp\/v2\/posts\/235610","targetHints":{"allow":["GET"]}}],"collection":[{"href":"https:\/\/www.correiobraziliense.com.br\/cbradar\/wp-json\/wp\/v2\/posts"}],"about":[{"href":"https:\/\/www.correiobraziliense.com.br\/cbradar\/wp-json\/wp\/v2\/types\/post"}],"author":[{"embeddable":true,"href":"https:\/\/www.correiobraziliense.com.br\/cbradar\/wp-json\/wp\/v2\/users\/8"}],"replies":[{"embeddable":true,"href":"https:\/\/www.correiobraziliense.com.br\/cbradar\/wp-json\/wp\/v2\/comments?post=235610"}],"version-history":[{"count":11,"href":"https:\/\/www.correiobraziliense.com.br\/cbradar\/wp-json\/wp\/v2\/posts\/235610\/revisions"}],"predecessor-version":[{"id":235689,"href":"https:\/\/www.correiobraziliense.com.br\/cbradar\/wp-json\/wp\/v2\/posts\/235610\/revisions\/235689"}],"wp:featuredmedia":[{"embeddable":true,"href":"https:\/\/www.correiobraziliense.com.br\/cbradar\/wp-json\/wp\/v2\/media\/215755"}],"wp:attachment":[{"href":"https:\/\/www.correiobraziliense.com.br\/cbradar\/wp-json\/wp\/v2\/media?parent=235610"}],"wp:term":[{"taxonomy":"category","embeddable":true,"href":"https:\/\/www.correiobraziliense.com.br\/cbradar\/wp-json\/wp\/v2\/categories?post=235610"},{"taxonomy":"post_tag","embeddable":true,"href":"https:\/\/www.correiobraziliense.com.br\/cbradar\/wp-json\/wp\/v2\/tags?post=235610"}],"curies":[{"name":"wp","href":"https:\/\/api.w.org\/{rel}","templated":true}]}}