{"id":235611,"date":"2026-05-02T06:25:00","date_gmt":"2026-05-02T09:25:00","guid":{"rendered":"https:\/\/www.correiobraziliense.com.br\/cbradar\/?p=235611"},"modified":"2026-05-01T15:42:31","modified_gmt":"2026-05-01T18:42:31","slug":"holanda-reino-unido-ou-espanha-sao-abastecidos-pela-capital-do-melao-no-sertao-do-nordeste-que-domina-68-das-exportacoes-e-venceu-o-cangaco","status":"publish","type":"post","link":"https:\/\/www.correiobraziliense.com.br\/cbradar\/holanda-reino-unido-ou-espanha-sao-abastecidos-pela-capital-do-melao-no-sertao-do-nordeste-que-domina-68-das-exportacoes-e-venceu-o-cangaco\/","title":{"rendered":"Holanda, Reino Unido ou Espanha s\u00e3o abastecidos pela Capital do Mel\u00e3o no sert\u00e3o do Nordeste que domina 68% das exporta\u00e7\u00f5es e venceu o canga\u00e7o"},"content":{"rendered":"\n<p>Cada mel\u00e3o que chega \u00e0s prateleiras de <strong>Holanda<\/strong>, <strong>Reino Unido<\/strong> ou <strong>Espanha<\/strong> tem grande chance de ter sa\u00eddo do semi\u00e1rido potiguar. <strong>Mossor\u00f3<\/strong>, a 277 km de <strong>Natal<\/strong>, \u00e9 a &#8220;Capital do Mel\u00e3o&#8221; e ainda guarda uma das hist\u00f3rias de resist\u00eancia mais surpreendentes do <strong>Brasil<\/strong>.<\/p>\n\n\n\n<h2 class=\"wp-block-heading\">Como Mossor\u00f3 virou a Capital Nacional do Mel\u00e3o?<\/h2>\n\n\n\n<p>O <strong>Rio Grande do Norte<\/strong> responde por 61% da produ\u00e7\u00e3o brasileira de mel\u00e3o e por 68% do volume exportado, segundo dados do Comit\u00ea Executivo de Fruticultura do estado. A regi\u00e3o de Mossor\u00f3 concentra a maior parte dessa colheita, com a cultura irrigada da <strong>Caatinga<\/strong> beneficiada por sol abundante o ano todo e po\u00e7os artesianos profundos.<\/p>\n\n\n\n<p>O mel\u00e3o potiguar tem <strong>Indica\u00e7\u00e3o Geogr\u00e1fica (IG)<\/strong>, certifica\u00e7\u00e3o que reconhece origem e qualidade e que aparece em apenas 64 produtos brasileiros. Pelo acordo entre o <strong>Mercosul<\/strong> e a <strong>Uni\u00e3o Europeia<\/strong>, a fruta passou \u00e0 lista dos 36 itens nacionais protegidos contra imita\u00e7\u00f5es no exterior. <a href=\"https:\/\/www.coexrn.com.br\/melao-de-mossoro-protegido-pelo-acordo-do-mercosul-uniao-europeia\" target=\"_blank\" rel=\"noreferrer noopener\"><strong>Mais informa\u00e7\u00f5es no COEX-RN<\/strong><\/a>.<\/p>\n\n\n<div class=\"wp-block-image\">\n<figure class=\"aligncenter size-large\"><img decoding=\"async\" width=\"1024\" height=\"576\" src=\"https:\/\/www.correiobraziliense.com.br\/cbradar\/wp-content\/uploads\/2025\/08\/Edicoes-2025-08-06T174531.817-1024x576.png\" alt=\"Holanda, Reino Unido ou Espanha s\u00e3o abastecidos pela Capital do Mel\u00e3o no sert\u00e3o do Nordeste que domina 68% das exporta\u00e7\u00f5es e venceu o canga\u00e7o\" class=\"wp-image-82166\" srcset=\"https:\/\/www.correiobraziliense.com.br\/cbradar\/wp-content\/uploads\/2025\/08\/Edicoes-2025-08-06T174531.817-1024x576.png 1024w, https:\/\/www.correiobraziliense.com.br\/cbradar\/wp-content\/uploads\/2025\/08\/Edicoes-2025-08-06T174531.817-300x169.png 300w, https:\/\/www.correiobraziliense.com.br\/cbradar\/wp-content\/uploads\/2025\/08\/Edicoes-2025-08-06T174531.817-768x432.png 768w, https:\/\/www.correiobraziliense.com.br\/cbradar\/wp-content\/uploads\/2025\/08\/Edicoes-2025-08-06T174531.817-750x422.png 750w, https:\/\/www.correiobraziliense.com.br\/cbradar\/wp-content\/uploads\/2025\/08\/Edicoes-2025-08-06T174531.817-1140x641.png 1140w, https:\/\/www.correiobraziliense.com.br\/cbradar\/wp-content\/uploads\/2025\/08\/Edicoes-2025-08-06T174531.817.png 1280w\" sizes=\"(max-width: 1024px) 100vw, 1024px\" \/><figcaption class=\"wp-element-caption\">Mossor\u00f3 foi pioneira na aboli\u00e7\u00e3o da escravatura no Brasil, cinco anos antes da Lei \u00c1urea. \/\/ Cr\u00e9ditos: Wikipedia<\/figcaption><\/figure><\/div>\n\n\n<h2 class=\"wp-block-heading\">Quanto pesa o mel\u00e3o na economia local?<\/h2>\n\n\n\n<p>A safra 2022\/2023 estimou produ\u00e7\u00e3o de 400 mil toneladas voltadas \u00e0 exporta\u00e7\u00e3o, gerando movimenta\u00e7\u00e3o de R$ 1,1 bilh\u00e3o na economia potiguar segundo o <strong>Sebrae-RN<\/strong>. O setor emprega diretamente cerca de 22 mil pessoas na regi\u00e3o, em uma cadeia que vai do plantio \u00e0 embalagem para os cont\u00eaineres que partem rumo aos portos europeus.<\/p>\n\n\n\n<p>Uma fazenda da regi\u00e3o, a <strong>Agr\u00edcola Famosa<\/strong>, \u00e9 apontada como a maior produtora de mel\u00e3o do mundo, colhendo cerca de um milh\u00e3o de frutos por dia em \u00e1reas irrigadas por po\u00e7os de at\u00e9 800 metros de profundidade. <a href=\"https:\/\/rn.agenciasebrae.com.br\/economia-e-politica\/safra-2022-de-melao-deve-gerar-um-volume-de-r-11-bilhao-em-exportacoes-para-o-rn\/\" target=\"_blank\" rel=\"noreferrer noopener\"><strong>Detalhes da safra na Ag\u00eancia Sebrae-RN<\/strong><\/a>.<\/p>\n\n\n\n<p>As belezas naturais de Jericoacoara encantam viajantes que buscam experi\u00eancias marcantes entre dunas e o mar. O v\u00eddeo \u00e9 do canal <strong>Trip Partiu<\/strong>, com <strong>623 mil inscritos<\/strong>, e detalha roteiros imperd\u00edveis e formas de aproveitar o Cear\u00e1 economizando:<\/p>\n\n\n\n<figure class=\"wp-block-embed aligncenter is-type-video is-provider-youtube wp-block-embed-youtube wp-embed-aspect-16-9 wp-has-aspect-ratio\"><div class=\"wp-block-embed__wrapper\">\n<div class=\"jeg_video_container jeg_video_content\"><iframe loading=\"lazy\" title=\"MOSSOR\u00d3 - RN | A MELHOR CIDADE do INTERIOR do RIO GRANDE DO NORTE\" width=\"500\" height=\"281\" src=\"https:\/\/www.youtube.com\/embed\/yYcen2RblL0?feature=oembed\" frameborder=\"0\" allow=\"accelerometer; autoplay; clipboard-write; encrypted-media; gyroscope; picture-in-picture; web-share\" referrerpolicy=\"strict-origin-when-cross-origin\" allowfullscreen><\/iframe><\/div>\n<\/div><\/figure>\n\n\n\n<h2 class=\"wp-block-heading\">O que ver na cidade que derrotou o canga\u00e7o?<\/h2>\n\n\n\n<p>Mossor\u00f3 \u00e9 conhecida como <strong>Terra da Liberdade<\/strong> por ter libertado seus escravizados em 30 de setembro de 1883, cinco anos antes da <strong>Lei \u00c1urea<\/strong>. Em 13 de junho de 1927, a cidade entrou definitivamente para a hist\u00f3ria ao expulsar o bando de <strong>Virgulino Ferreira da Silva<\/strong>, o <strong>Lampi\u00e3o<\/strong>, sem o aux\u00edlio de for\u00e7as militares federais.<\/p>\n\n\n\n<ul class=\"wp-block-list\">\n<li><strong>Memorial da Resist\u00eancia<\/strong>: inaugurado em 2008, ocupa tr\u00eas andares e quatro m\u00f3dulos com pain\u00e9is, fotografias e proje\u00e7\u00f5es sobre o ataque de 1927. <a href=\"https:\/\/prefeiturademossoro.com.br\/noticias\/memorial-da-resistencia-mantem-viva-a-historia-de-heroismo-de-mossoro\/9387\" target=\"_blank\" rel=\"noreferrer noopener\">Mais na <strong>Prefeitura de Mossor\u00f3<\/strong><\/a>.<\/li>\n\n\n\n<li><strong>Igreja de S\u00e3o Vicente<\/strong>: inaugurada em 1919, serviu como trincheira durante o ataque de Lampi\u00e3o. Ainda preserva marcas de balas e abriga, em junho, o espet\u00e1culo Chuva de Bala no Pa\u00eds de Mossor\u00f3.<\/li>\n\n\n\n<li><strong>Esta\u00e7\u00e3o das Artes Elizeu Ventania<\/strong>: antiga esta\u00e7\u00e3o ferrovi\u00e1ria revitalizada que recebe os grandes shows do Mossor\u00f3 Cidade Junina.<\/li>\n\n\n\n<li><strong>Catedral de Santa Luzia<\/strong>: marco religioso central, com constru\u00e7\u00e3o que remonta ao final do s\u00e9culo XVIII.<\/li>\n\n\n\n<li><strong>Corredor Cultural da Avenida Rio Branco<\/strong>: concentra teatros, museus e o circuito que ganha vida durante o S\u00e3o Jo\u00e3o.<\/li>\n<\/ul>\n\n\n\n<h2 class=\"wp-block-heading\">Por que junho \u00e9 o auge do calend\u00e1rio mossoroense?<\/h2>\n\n\n\n<p>O <strong>Mossor\u00f3 Cidade Junina<\/strong> \u00e9 uma das maiores festas juninas do pa\u00eds, com programa\u00e7\u00e3o durante todo o m\u00eas de junho. Criado em 1997, o evento integrou os arraiais que j\u00e1 existiam na cidade em uma \u00fanica celebra\u00e7\u00e3o que hoje atrai milhares de visitantes. <a href=\"https:\/\/mossorocidadejunina.com.br\/\" target=\"_blank\" rel=\"noreferrer noopener\">Programa\u00e7\u00e3o completa no <strong>site oficial<\/strong><\/a>.<\/p>\n\n\n\n<p>O destaque cultural \u00e9 o espet\u00e1culo Chuva de Bala no Pa\u00eds de Mossor\u00f3, encenado a c\u00e9u aberto na <strong>Igreja de S\u00e3o Vicente<\/strong>, palco real da resist\u00eancia ao canga\u00e7o. Em paralelo, acontecem os concursos de quadrilhas juninas, o tradicional bloco Pingo da Mei Dia e shows nacionais de forr\u00f3 e m\u00fasica regional.<\/p>\n\n\n\n<p><strong>Leia tamb\u00e9m: <a href=\"https:\/\/www.correiobraziliense.com.br\/cbradar\/a-cidade-colonial-mineira-que-tem-uma-maria-fumaca-funcionando-sem-parar-desde-1881\/\" target=\"_blank\" rel=\"noreferrer noopener\">A cidade colonial mineira que tem uma Maria Fuma\u00e7a funcionando sem parar desde 1881.<\/a><\/strong><\/p>\n\n\n<div class=\"wp-block-image\">\n<figure class=\"aligncenter size-large\"><img decoding=\"async\" width=\"1024\" height=\"576\" src=\"https:\/\/www.correiobraziliense.com.br\/cbradar\/wp-content\/uploads\/2025\/08\/Edicoes-2025-08-06T174306.169-1024x576.png\" alt=\"Holanda, Reino Unido ou Espanha s\u00e3o abastecidos pela Capital do Mel\u00e3o no sert\u00e3o do Nordeste que domina 68% das exporta\u00e7\u00f5es e venceu o canga\u00e7o\" class=\"wp-image-82164\" srcset=\"https:\/\/www.correiobraziliense.com.br\/cbradar\/wp-content\/uploads\/2025\/08\/Edicoes-2025-08-06T174306.169-1024x576.png 1024w, https:\/\/www.correiobraziliense.com.br\/cbradar\/wp-content\/uploads\/2025\/08\/Edicoes-2025-08-06T174306.169-300x169.png 300w, https:\/\/www.correiobraziliense.com.br\/cbradar\/wp-content\/uploads\/2025\/08\/Edicoes-2025-08-06T174306.169-768x432.png 768w, https:\/\/www.correiobraziliense.com.br\/cbradar\/wp-content\/uploads\/2025\/08\/Edicoes-2025-08-06T174306.169-750x422.png 750w, https:\/\/www.correiobraziliense.com.br\/cbradar\/wp-content\/uploads\/2025\/08\/Edicoes-2025-08-06T174306.169-1140x641.png 1140w, https:\/\/www.correiobraziliense.com.br\/cbradar\/wp-content\/uploads\/2025\/08\/Edicoes-2025-08-06T174306.169.png 1280w\" sizes=\"(max-width: 1024px) 100vw, 1024px\" \/><figcaption class=\"wp-element-caption\">Mossor\u00f3, RN, \u00e9 a segunda maior cidade do estado, com mais de 300 mil habitantes e vasta \u00e1rea territorial. \/\/ Cr\u00e9ditos: Wikipedia<\/figcaption><\/figure><\/div>\n\n\n<h2 class=\"wp-block-heading\">Quando ir e como chegar a Mossor\u00f3?<\/h2>\n\n\n\n<p><strong>O semi\u00e1rido potiguar tem dois ciclos bem definidos. <\/strong>O per\u00edodo chuvoso vai de fevereiro a maio, com alguma irregularidade, enquanto a esta\u00e7\u00e3o seca de junho a novembro favorece os passeios urbanos e os grandes eventos.<\/p>\n\n\n\n<style>\n  \/* --- CONTAINER BLINDADO --- *\/\n  .clima-grid-final {\n    font-family: -apple-system, BlinkMacSystemFont, \"Segoe UI\", Roboto, Arial, sans-serif !important;\n    width: 100% !important;\n    max-width: 1200px !important;\n    margin: 20px auto !important;\n    display: grid !important;\n    grid-template-columns: repeat(4, 1fr) !important; \n    gap: 15px !important;\n    box-sizing: border-box !important;\n  }\n\n  .clima-grid-final * {\n    box-sizing: border-box !important;\n  }\n\n  \/* --- CARD PADR\u00c3O (ESTILO SERT\u00c3O) --- *\/\n  .card-clima {\n    background: #ffffff !important;\n    border: 1px solid #e0e0e0 !important;\n    border-radius: 20px !important;\n    padding: 20px 10px !important;\n    text-align: center !important;\n    display: flex !important;\n    flex-direction: column !important;\n    align-items: center !important;\n    box-shadow: 0 4px 10px rgba(0, 0, 0, 0.05) !important;\n    transition: transform 0.2s ease, border-color 0.2s ease !important;\n    height: 100% !important;\n  }\n\n  .card-clima:hover {\n    transform: translateY(-5px) !important;\n    border-color: #e65100 !important;\n  }\n\n  \/* --- TIPOGRAFIA --- *\/\n  .estacao-nome { \n    font-size: 14px !important; \n    font-weight: 800 !important; \n    color: #e65100 !important; \n    text-transform: uppercase !important; \n    margin: 0 0 5px 0 !important; \n  }\n  \n  .estacao-meses { \n    font-size: 10px !important; \n    font-weight: 700 !important; \n    color: #666666 !important; \n    text-transform: uppercase !important; \n    margin-bottom: 15px !important; \n    display: block !important;\n  }\n  \n  .temp-valor { \n    font-size: 24px !important; \n    font-weight: 800 !important; \n    color: #000000 !important; \n    line-height: 1.1 !important; \n    margin: 0 !important;\n  }\n  \n  .temp-label { \n    font-size: 9px !important; \n    font-weight: 600 !important; \n    color: #999999 !important; \n    text-transform: uppercase !important; \n    margin-bottom: 15px !important; \n    display: block !important;\n  }\n  \n  .clima-desc { \n    font-size: 12px !important; \n    line-height: 1.4 !important; \n    color: #333333 !important; \n    margin-bottom: 15px !important; \n    flex-grow: 1 !important; \n  }\n\n  \/* --- TAGS DE STATUS --- *\/\n  .tag-status {\n    padding: 5px 12px !important;\n    border-radius: 20px !important;\n    font-size: 9px !important;\n    font-weight: 800 !important;\n    text-transform: uppercase !important;\n    margin-top: auto !important;\n  }\n\n  .status-alta { background-color: #e3f2fd !important; color: #1565c0 !important; border: 1px solid #bbdefb !important; }\n  .status-media { background-color: #fff3e0 !important; color: #ef6c00 !important; border: 1px solid #ffe0b2 !important; }\n  .status-baixa { background-color: #fff8e1 !important; color: #ff8f00 !important; border: 1px solid #ffe082 !important; }\n\n  \/* --- RESPONSIVIDADE --- *\/\n  @media (max-width: 900px) {\n    .clima-grid-final { grid-template-columns: repeat(2, 1fr) !important; }\n  }\n  @media (max-width: 500px) {\n    .clima-grid-final { grid-template-columns: 1fr !important; }\n  }\n<\/style>\n\n<div class=\"google-auto-ads-ignore clima-grid-final\">\n  \n  <!-- VER\u00c3O -->\n  <div class=\"card-clima\">\n    <div class=\"estacao-nome\">\u2600\ufe0f Ver\u00e3o<\/div>\n    <span class=\"estacao-meses\">Dez &#8211; Fev<\/span>\n    <div class=\"temp-valor\">24-34\u00b0C<\/div>\n    <span class=\"temp-label\">Temperatura<\/span>\n    <div class=\"clima-desc\">Marca o <b>in\u00edcio das chuvas<\/b> na regi\u00e3o, sendo um \u00f3timo per\u00edodo para aproveitar os <b>eventos de fim de ano<\/b> na cidade.<\/div>\n    <div class=\"tag-status status-media\">\ud83c\udf26\ufe0f In\u00edcio das Chuvas<\/div>\n  <\/div>\n\n  <!-- OUTONO -->\n  <div class=\"card-clima\">\n    <div class=\"estacao-nome\">\ud83c\udf27\ufe0f Outono<\/div>\n    <span class=\"estacao-meses\">Mar &#8211; Mai<\/span>\n    <div class=\"temp-valor\">23-32\u00b0C<\/div>\n    <span class=\"temp-label\">Temperatura<\/span>\n    <div class=\"clima-desc\">\u00c9poca de <b>chuva alta<\/b>, ideal para explorar a rica <b>gastronomia<\/b> mossoroense e visitar os <b>museus<\/b> locais.<\/div>\n    <div class=\"tag-status status-alta\">\u26c8\ufe0f Chuva Alta<\/div>\n  <\/div>\n\n  <!-- INVERNO -->\n  <div class=\"card-clima\">\n    <div class=\"estacao-nome\">\ud83c\udf3d Inverno<\/div>\n    <span class=\"estacao-meses\">Jun &#8211; Ago<\/span>\n    <div class=\"temp-valor\">23-32\u00b0C<\/div>\n    <span class=\"temp-label\">Temperatura<\/span>\n    <div class=\"clima-desc\">O auge cultural com o <b>Mossor\u00f3 Cidade Junina<\/b>. O tempo seco favorece as festas que tomam conta da cidade.<\/div>\n    <div class=\"tag-status status-baixa\">\u2600\ufe0f Chuva Baixa<\/div>\n  <\/div>\n\n  <!-- PRIMAVERA -->\n  <div class=\"card-clima\">\n    <div class=\"estacao-nome\">\ud83c\udf35 Primavera<\/div>\n    <span class=\"estacao-meses\">Set &#8211; Nov<\/span>\n    <div class=\"temp-valor\">24-34\u00b0C<\/div>\n    <span class=\"temp-label\">Temperatura<\/span>\n    <div class=\"clima-desc\">Com a chuva baixa, \u00e9 o momento perfeito para mergulhar na hist\u00f3ria do <b>centro hist\u00f3rico e do canga\u00e7o<\/b>.<\/div>\n    <div class=\"tag-status status-baixa\">\u2600\ufe0f Chuva Baixa<\/div>\n  <\/div>\n\n<\/div>\n\n\n\n<p><em>Temperaturas aproximadas com base no <a href=\"https:\/\/www.climatempo.com.br\/previsao-do-tempo\/cidade\/333\/mossoro-rn\" target=\"_blank\" rel=\"noreferrer noopener\"><strong>Climatempo<\/strong><\/a>. Condi\u00e7\u00f5es podem variar.<\/em><\/p>\n\n\n\n<p>O acesso principal \u00e9 pela <strong>BR-304<\/strong>, que liga <strong>Natal<\/strong> a <strong>Fortaleza<\/strong> e atravessa a cidade. A viagem de carro saindo da capital potiguar leva cerca de quatro horas. O <strong>Aeroporto Dix-Sept Rosado<\/strong> recebe voos regulares e conecta Mossor\u00f3 a outras capitais nordestinas.<\/p>\n\n\n\n<h2 class=\"wp-block-heading\">Vale conhecer a Terra da Liberdade?<\/h2>\n\n\n\n<p><strong>Mossor\u00f3 une, em uma \u00fanica cidade,<\/strong> agroneg\u00f3cio de classe mundial, patrim\u00f4nio hist\u00f3rico raro e uma das festas mais animadas do calend\u00e1rio brasileiro. \u00c9 o tipo de destino que muda a forma como o viajante entende o sert\u00e3o nordestino.<\/p>\n\n\n\n<p>Voc\u00ea precisa conhecer Mossor\u00f3 em junho e sentir, na mesma noite, o gosto do mel\u00e3o rec\u00e9m-colhido e o eco dos tiros que mudaram a hist\u00f3ria do canga\u00e7o.<\/p>\n","protected":false},"excerpt":{"rendered":"<p>Cada mel\u00e3o que chega \u00e0s prateleiras de Holanda, Reino Unido ou Espanha tem grande chance de ter sa\u00eddo do semi\u00e1rido potiguar. Mossor\u00f3, a 277 km de Natal, \u00e9 a &#8220;Capital do Mel\u00e3o&#8221; e ainda guarda uma das hist\u00f3rias de resist\u00eancia mais surpreendentes do Brasil. Como Mossor\u00f3 virou a Capital Nacional do Mel\u00e3o? O Rio Grande [&hellip;]<\/p>\n","protected":false},"author":8,"featured_media":235700,"comment_status":"open","ping_status":"open","sticky":false,"template":"","format":"standard","meta":{"_yoast_wpseo_focuskw":"Capital do Mel\u00e3o","_yoast_wpseo_title":"","_yoast_wpseo_metadesc":"Do sert\u00e3o esquecido ao destaque global, a \"Capital do Mel\u00e3o\" brasileira exporta mel\u00e3o para a Europa e lidera com 68% das exporta\u00e7\u00f5es","jnews-multi-image_gallery":[],"jnews_single_post":{"format":"standard"},"jnews_primary_category":[],"jnews_social_meta":[],"jnews_override_counter":[],"footnotes":""},"categories":[108,111],"tags":[18538,8904,3826],"class_list":["post-235611","post","type-post","status-publish","format-standard","has-post-thumbnail","hentry","category-cidades","category-turismo","tag-capital-do-melao","tag-mossoro","tag-rio-grande-do-norte"],"yoast_head":"<!-- This site is optimized with the Yoast SEO plugin v24.6 - https:\/\/yoast.com\/wordpress\/plugins\/seo\/ -->\n<title>Holanda, Reino Unido ou Espanha s\u00e3o abastecidos pela Capital do Mel\u00e3o no sert\u00e3o do Nordeste que domina 68% das exporta\u00e7\u00f5es e venceu o canga\u00e7o - Correio Braziliense - Radar<\/title>\n<meta name=\"description\" content=\"Do sert\u00e3o esquecido ao destaque global, a &quot;Capital do Mel\u00e3o&quot; brasileira exporta mel\u00e3o para a Europa e lidera com 68% das exporta\u00e7\u00f5es\" \/>\n<meta name=\"robots\" content=\"index, follow, max-snippet:-1, max-image-preview:large, max-video-preview:-1\" \/>\n<link rel=\"canonical\" href=\"https:\/\/www.correiobraziliense.com.br\/cbradar\/holanda-reino-unido-ou-espanha-sao-abastecidos-pela-capital-do-melao-no-sertao-do-nordeste-que-domina-68-das-exportacoes-e-venceu-o-cangaco\/\" \/>\n<meta property=\"og:locale\" content=\"pt_BR\" \/>\n<meta property=\"og:type\" content=\"article\" \/>\n<meta property=\"og:title\" content=\"Holanda, Reino Unido ou Espanha s\u00e3o abastecidos pela Capital do Mel\u00e3o no sert\u00e3o do Nordeste que domina 68% das exporta\u00e7\u00f5es e venceu o canga\u00e7o - Correio Braziliense - Radar\" \/>\n<meta property=\"og:description\" content=\"Do sert\u00e3o esquecido ao destaque global, a &quot;Capital do Mel\u00e3o&quot; brasileira exporta mel\u00e3o para a Europa e lidera com 68% das exporta\u00e7\u00f5es\" \/>\n<meta property=\"og:url\" content=\"https:\/\/www.correiobraziliense.com.br\/cbradar\/holanda-reino-unido-ou-espanha-sao-abastecidos-pela-capital-do-melao-no-sertao-do-nordeste-que-domina-68-das-exportacoes-e-venceu-o-cangaco\/\" \/>\n<meta property=\"og:site_name\" content=\"Correio Braziliense - Radar\" \/>\n<meta property=\"article:published_time\" content=\"2026-05-02T09:25:00+00:00\" \/>\n<meta property=\"og:image\" content=\"https:\/\/www.correiobraziliense.com.br\/cbradar\/wp-content\/uploads\/2026\/05\/aaa-2026-05-01T150559.893.png\" \/>\n\t<meta property=\"og:image:width\" content=\"1280\" \/>\n\t<meta property=\"og:image:height\" content=\"720\" \/>\n\t<meta property=\"og:image:type\" content=\"image\/png\" \/>\n<meta name=\"author\" content=\"Maura Pereira\" \/>\n<meta name=\"twitter:card\" content=\"summary_large_image\" \/>\n<meta name=\"twitter:label1\" content=\"Escrito por\" \/>\n\t<meta name=\"twitter:data1\" content=\"Maura Pereira\" \/>\n\t<meta name=\"twitter:label2\" content=\"Est. tempo de leitura\" \/>\n\t<meta name=\"twitter:data2\" content=\"6 minutos\" \/>\n<!-- \/ Yoast SEO plugin. -->","yoast_head_json":{"title":"Holanda, Reino Unido ou Espanha s\u00e3o abastecidos pela Capital do Mel\u00e3o no sert\u00e3o do Nordeste que domina 68% das exporta\u00e7\u00f5es e venceu o canga\u00e7o - Correio Braziliense - Radar","description":"Do sert\u00e3o esquecido ao destaque global, a \"Capital do Mel\u00e3o\" brasileira exporta mel\u00e3o para a Europa e lidera com 68% das exporta\u00e7\u00f5es","robots":{"index":"index","follow":"follow","max-snippet":"max-snippet:-1","max-image-preview":"max-image-preview:large","max-video-preview":"max-video-preview:-1"},"canonical":"https:\/\/www.correiobraziliense.com.br\/cbradar\/holanda-reino-unido-ou-espanha-sao-abastecidos-pela-capital-do-melao-no-sertao-do-nordeste-que-domina-68-das-exportacoes-e-venceu-o-cangaco\/","og_locale":"pt_BR","og_type":"article","og_title":"Holanda, Reino Unido ou Espanha s\u00e3o abastecidos pela Capital do Mel\u00e3o no sert\u00e3o do Nordeste que domina 68% das exporta\u00e7\u00f5es e venceu o canga\u00e7o - Correio Braziliense - Radar","og_description":"Do sert\u00e3o esquecido ao destaque global, a \"Capital do Mel\u00e3o\" brasileira exporta mel\u00e3o para a Europa e lidera com 68% das exporta\u00e7\u00f5es","og_url":"https:\/\/www.correiobraziliense.com.br\/cbradar\/holanda-reino-unido-ou-espanha-sao-abastecidos-pela-capital-do-melao-no-sertao-do-nordeste-que-domina-68-das-exportacoes-e-venceu-o-cangaco\/","og_site_name":"Correio Braziliense - Radar","article_published_time":"2026-05-02T09:25:00+00:00","og_image":[{"width":1280,"height":720,"url":"https:\/\/www.correiobraziliense.com.br\/cbradar\/wp-content\/uploads\/2026\/05\/aaa-2026-05-01T150559.893.png","type":"image\/png"}],"author":"Maura Pereira","twitter_card":"summary_large_image","twitter_misc":{"Escrito por":"Maura Pereira","Est. tempo de leitura":"6 minutos"},"schema":{"@context":"https:\/\/schema.org","@graph":[{"@type":"WebPage","@id":"https:\/\/www.correiobraziliense.com.br\/cbradar\/holanda-reino-unido-ou-espanha-sao-abastecidos-pela-capital-do-melao-no-sertao-do-nordeste-que-domina-68-das-exportacoes-e-venceu-o-cangaco\/","url":"https:\/\/www.correiobraziliense.com.br\/cbradar\/holanda-reino-unido-ou-espanha-sao-abastecidos-pela-capital-do-melao-no-sertao-do-nordeste-que-domina-68-das-exportacoes-e-venceu-o-cangaco\/","name":"Holanda, Reino Unido ou Espanha s\u00e3o abastecidos pela Capital do Mel\u00e3o no sert\u00e3o do Nordeste que domina 68% das exporta\u00e7\u00f5es e venceu o canga\u00e7o - Correio Braziliense - Radar","isPartOf":{"@id":"https:\/\/www.correiobraziliense.com.br\/cbradar\/#website"},"primaryImageOfPage":{"@id":"https:\/\/www.correiobraziliense.com.br\/cbradar\/holanda-reino-unido-ou-espanha-sao-abastecidos-pela-capital-do-melao-no-sertao-do-nordeste-que-domina-68-das-exportacoes-e-venceu-o-cangaco\/#primaryimage"},"image":{"@id":"https:\/\/www.correiobraziliense.com.br\/cbradar\/holanda-reino-unido-ou-espanha-sao-abastecidos-pela-capital-do-melao-no-sertao-do-nordeste-que-domina-68-das-exportacoes-e-venceu-o-cangaco\/#primaryimage"},"thumbnailUrl":"https:\/\/www.correiobraziliense.com.br\/cbradar\/wp-content\/uploads\/2026\/05\/aaa-2026-05-01T150559.893.png","datePublished":"2026-05-02T09:25:00+00:00","author":{"@id":"https:\/\/www.correiobraziliense.com.br\/cbradar\/#\/schema\/person\/4053c651a9bfc785afc6f4cbc9032fd3"},"description":"Do sert\u00e3o esquecido ao destaque global, a \"Capital do Mel\u00e3o\" brasileira exporta mel\u00e3o para a Europa e lidera com 68% das exporta\u00e7\u00f5es","breadcrumb":{"@id":"https:\/\/www.correiobraziliense.com.br\/cbradar\/holanda-reino-unido-ou-espanha-sao-abastecidos-pela-capital-do-melao-no-sertao-do-nordeste-que-domina-68-das-exportacoes-e-venceu-o-cangaco\/#breadcrumb"},"inLanguage":"pt-BR","potentialAction":[{"@type":"ReadAction","target":["https:\/\/www.correiobraziliense.com.br\/cbradar\/holanda-reino-unido-ou-espanha-sao-abastecidos-pela-capital-do-melao-no-sertao-do-nordeste-que-domina-68-das-exportacoes-e-venceu-o-cangaco\/"]}]},{"@type":"ImageObject","inLanguage":"pt-BR","@id":"https:\/\/www.correiobraziliense.com.br\/cbradar\/holanda-reino-unido-ou-espanha-sao-abastecidos-pela-capital-do-melao-no-sertao-do-nordeste-que-domina-68-das-exportacoes-e-venceu-o-cangaco\/#primaryimage","url":"https:\/\/www.correiobraziliense.com.br\/cbradar\/wp-content\/uploads\/2026\/05\/aaa-2026-05-01T150559.893.png","contentUrl":"https:\/\/www.correiobraziliense.com.br\/cbradar\/wp-content\/uploads\/2026\/05\/aaa-2026-05-01T150559.893.png","width":1280,"height":720,"caption":"A \"Capital do Mel\u00e3o\" guarda uma das hist\u00f3rias de resist\u00eancia mais surpreendentes do Brasil. \/ Imagem ilustrativa"},{"@type":"BreadcrumbList","@id":"https:\/\/www.correiobraziliense.com.br\/cbradar\/holanda-reino-unido-ou-espanha-sao-abastecidos-pela-capital-do-melao-no-sertao-do-nordeste-que-domina-68-das-exportacoes-e-venceu-o-cangaco\/#breadcrumb","itemListElement":[{"@type":"ListItem","position":1,"name":"In\u00edcio","item":"https:\/\/www.correiobraziliense.com.br\/cbradar\/"},{"@type":"ListItem","position":2,"name":"Holanda, Reino Unido ou Espanha s\u00e3o abastecidos pela Capital do Mel\u00e3o no sert\u00e3o do Nordeste que domina 68% das exporta\u00e7\u00f5es e venceu o canga\u00e7o"}]},{"@type":"WebSite","@id":"https:\/\/www.correiobraziliense.com.br\/cbradar\/#website","url":"https:\/\/www.correiobraziliense.com.br\/cbradar\/","name":"Correio Braziliense - Radar","description":"Acompanhe as \u00faltimas not\u00edcias e fique bem informado sobre tudo o que acontece no Brasil e no mundo.","potentialAction":[{"@type":"SearchAction","target":{"@type":"EntryPoint","urlTemplate":"https:\/\/www.correiobraziliense.com.br\/cbradar\/?s={search_term_string}"},"query-input":{"@type":"PropertyValueSpecification","valueRequired":true,"valueName":"search_term_string"}}],"inLanguage":"pt-BR"},{"@type":"Person","@id":"https:\/\/www.correiobraziliense.com.br\/cbradar\/#\/schema\/person\/4053c651a9bfc785afc6f4cbc9032fd3","name":"Maura Pereira","image":{"@type":"ImageObject","inLanguage":"pt-BR","@id":"https:\/\/www.correiobraziliense.com.br\/cbradar\/#\/schema\/person\/image\/","url":"https:\/\/secure.gravatar.com\/avatar\/3effd6bdadfa447f15089c7f7144eaa6?s=96&d=mm&r=g","contentUrl":"https:\/\/secure.gravatar.com\/avatar\/3effd6bdadfa447f15089c7f7144eaa6?s=96&d=mm&r=g","caption":"Maura Pereira"},"sameAs":["https:\/\/www.correiobraziliense.com.br\/"],"url":"https:\/\/www.correiobraziliense.com.br\/cbradar\/author\/mauramyth\/"}]}},"_links":{"self":[{"href":"https:\/\/www.correiobraziliense.com.br\/cbradar\/wp-json\/wp\/v2\/posts\/235611","targetHints":{"allow":["GET"]}}],"collection":[{"href":"https:\/\/www.correiobraziliense.com.br\/cbradar\/wp-json\/wp\/v2\/posts"}],"about":[{"href":"https:\/\/www.correiobraziliense.com.br\/cbradar\/wp-json\/wp\/v2\/types\/post"}],"author":[{"embeddable":true,"href":"https:\/\/www.correiobraziliense.com.br\/cbradar\/wp-json\/wp\/v2\/users\/8"}],"replies":[{"embeddable":true,"href":"https:\/\/www.correiobraziliense.com.br\/cbradar\/wp-json\/wp\/v2\/comments?post=235611"}],"version-history":[{"count":15,"href":"https:\/\/www.correiobraziliense.com.br\/cbradar\/wp-json\/wp\/v2\/posts\/235611\/revisions"}],"predecessor-version":[{"id":235703,"href":"https:\/\/www.correiobraziliense.com.br\/cbradar\/wp-json\/wp\/v2\/posts\/235611\/revisions\/235703"}],"wp:featuredmedia":[{"embeddable":true,"href":"https:\/\/www.correiobraziliense.com.br\/cbradar\/wp-json\/wp\/v2\/media\/235700"}],"wp:attachment":[{"href":"https:\/\/www.correiobraziliense.com.br\/cbradar\/wp-json\/wp\/v2\/media?parent=235611"}],"wp:term":[{"taxonomy":"category","embeddable":true,"href":"https:\/\/www.correiobraziliense.com.br\/cbradar\/wp-json\/wp\/v2\/categories?post=235611"},{"taxonomy":"post_tag","embeddable":true,"href":"https:\/\/www.correiobraziliense.com.br\/cbradar\/wp-json\/wp\/v2\/tags?post=235611"}],"curies":[{"name":"wp","href":"https:\/\/api.w.org\/{rel}","templated":true}]}}