{"id":235612,"date":"2026-05-02T07:55:00","date_gmt":"2026-05-02T10:55:00","guid":{"rendered":"https:\/\/www.correiobraziliense.com.br\/cbradar\/?p=235612"},"modified":"2026-05-01T15:42:15","modified_gmt":"2026-05-01T18:42:15","slug":"a-unica-cidade-do-rio-com-o-indice-de-vida-muito-alto-e-o-melhor-saneamento-do-estado-se-destaca-pela-qualidade-de-vida","status":"publish","type":"post","link":"https:\/\/www.correiobraziliense.com.br\/cbradar\/a-unica-cidade-do-rio-com-o-indice-de-vida-muito-alto-e-o-melhor-saneamento-do-estado-se-destaca-pela-qualidade-de-vida\/","title":{"rendered":"A \u00fanica cidade do Rio com o \u00edndice de vida muito alto e o melhor saneamento do estado se destaca pela qualidade de vida"},"content":{"rendered":"\n<p>Em <strong>Niter\u00f3i<\/strong>, do outro lado da <strong>Ba\u00eda de Guanabara<\/strong>, mora uma rotina que poucas cidades brasileiras conseguem oferecer. Com IDH de 0,837 e 100% de \u00e1gua tratada desde 2017, a Cidade Sorriso virou refer\u00eancia fluminense em qualidade de vida.<\/p>\n\n\n\n<h2 class=\"wp-block-heading\">A ex-capital que reinventou a voca\u00e7\u00e3o \u00e0 beira da ba\u00eda<\/h2>\n\n\n\n<p>Niter\u00f3i foi capital do estado do <strong>Rio de Janeiro<\/strong> at\u00e9 1974, quando perdeu o posto com a fus\u00e3o dos antigos estados da <strong>Guanabara<\/strong> e do Rio. O baque inicial deu lugar a um novo ciclo de investimentos p\u00fablicos e privados que transformou bairros litor\u00e2neos como <strong>Icara\u00ed<\/strong> e <strong>Santa Rosa<\/strong> nos endere\u00e7os mais valorizados da margem leste da ba\u00eda.<\/p>\n\n\n\n<p>Hoje a cidade tem 481.749 habitantes, segundo o Censo do <strong>Instituto Brasileiro de Geografia e Estat\u00edstica (IBGE)<\/strong> de 2022, e \u00e9 o \u00fanico munic\u00edpio fluminense classificado na faixa &#8220;muito alto&#8221; do \u00cdndice de Desenvolvimento Humano. A combina\u00e7\u00e3o de cultura, orla preservada e gest\u00e3o fiscal a colocou no topo dos rankings sociais do estado.<\/p>\n\n\n<div class=\"wp-block-image\">\n<figure class=\"aligncenter size-large\"><img decoding=\"async\" width=\"1024\" height=\"576\" src=\"https:\/\/www.correiobraziliense.com.br\/cbradar\/wp-content\/uploads\/2025\/07\/Niteroi_1751518770268-1024x576.jpg\" alt=\"A melhor vizinha para viver perto do Rio tem o segundo maior acervo de Niemeyer do mundo e lidera o estado em qualidade de vida\" class=\"wp-image-63938\" srcset=\"https:\/\/www.correiobraziliense.com.br\/cbradar\/wp-content\/uploads\/2025\/07\/Niteroi_1751518770268-1024x576.jpg 1024w, https:\/\/www.correiobraziliense.com.br\/cbradar\/wp-content\/uploads\/2025\/07\/Niteroi_1751518770268-300x169.jpg 300w, https:\/\/www.correiobraziliense.com.br\/cbradar\/wp-content\/uploads\/2025\/07\/Niteroi_1751518770268-768x432.jpg 768w, https:\/\/www.correiobraziliense.com.br\/cbradar\/wp-content\/uploads\/2025\/07\/Niteroi_1751518770268-750x422.jpg 750w, https:\/\/www.correiobraziliense.com.br\/cbradar\/wp-content\/uploads\/2025\/07\/Niteroi_1751518770268-1140x641.jpg 1140w, https:\/\/www.correiobraziliense.com.br\/cbradar\/wp-content\/uploads\/2025\/07\/Niteroi_1751518770268.jpg 1280w\" sizes=\"(max-width: 1024px) 100vw, 1024px\" \/><figcaption class=\"wp-element-caption\">Niter\u00f3i \u00e9 uma cidade do estado do Rio de Janeiro, conhecida por suas praias e arquitetura modernista. \/\/ Cr\u00e9ditos: depositphotos.com \/ dabldy<\/figcaption><\/figure><\/div>\n\n\n<h2 class=\"wp-block-heading\">Os n\u00fameros que explicam a fama da Cidade Sorriso<\/h2>\n\n\n\n<p>Niter\u00f3i lidera em 2026 o <a href=\"https:\/\/niteroi.rj.gov.br\/niteroi-lidera-ranking-de-saneamento-no-estado-do-rio-de-janeiro\/\" target=\"_blank\" rel=\"noreferrer noopener\"><strong>Ranking do Saneamento do Instituto Trata Brasil<\/strong><\/a> entre os munic\u00edpios fluminenses e \u00e9 a \u00fanica cidade do estado entre as dez melhores do pa\u00eds. Cobertura de esgoto chega a 95,55% e o tratamento alcan\u00e7a 97,90%, n\u00fameros pr\u00f3ximos da universaliza\u00e7\u00e3o.<\/p>\n\n\n\n<p>O munic\u00edpio faz parte do grupo seleto de 11 cidades brasileiras com 100% de abastecimento de \u00e1gua. Tamb\u00e9m aparece em primeiro lugar no estado no \u00cdndice de Progresso Social Brasil 2024, levantamento do <strong>Instituto do Homem e Meio Ambiente da Amaz\u00f4nia (Imazon)<\/strong> que avalia desde acesso a moradia at\u00e9 oportunidades de educa\u00e7\u00e3o. Pelo quinto ano consecutivo, recebeu o selo<strong> Tree Cities of the World<\/strong> da <strong>Arbor Day Foundation<\/strong> em parceria com a <strong>Organiza\u00e7\u00e3o das Na\u00e7\u00f5es Unidas para Agricultura e Alimenta\u00e7\u00e3o (FAO)<\/strong>, com mais de 150 mil mudas plantadas.<\/p>\n\n\n\n<p><strong>As belezas naturais do Cear\u00e1 proporcionam experi\u00eancias inesquec\u00edveis em cen\u00e1rios paradis\u00edacos \u00e0 beira-mar. <\/strong>O v\u00eddeo \u00e9 do canal <strong>Trip Partiu<\/strong>, com <strong>623 mil inscritos<\/strong>, e detalha roteiros estrat\u00e9gicos e orienta\u00e7\u00f5es para economizar durante sua estadia em Jericoacoara:<\/p>\n\n\n\n<figure class=\"wp-block-embed aligncenter is-type-video is-provider-youtube wp-block-embed-youtube wp-embed-aspect-16-9 wp-has-aspect-ratio\"><div class=\"wp-block-embed__wrapper\">\n<div class=\"jeg_video_container jeg_video_content\"><iframe loading=\"lazy\" title=\"CONHE\u00c7A NITER\u00d3I A CIDADE SORRISO NO ESTADO DO RIO DE JANEIRO!\" width=\"500\" height=\"281\" src=\"https:\/\/www.youtube.com\/embed\/_RaMywCoYKQ?feature=oembed\" frameborder=\"0\" allow=\"accelerometer; autoplay; clipboard-write; encrypted-media; gyroscope; picture-in-picture; web-share\" referrerpolicy=\"strict-origin-when-cross-origin\" allowfullscreen><\/iframe><\/div>\n<\/div><\/figure>\n\n\n\n<h2 class=\"wp-block-heading\">Onde os niteroienses preferem morar?<\/h2>\n\n\n\n<p>A cidade se divide em cinco regi\u00f5es com perfis bem distintos. Cada uma atende a um estilo de vida diferente, do apartamento de frente para o mar \u00e0 casa de condom\u00ednio entre lagoas.<\/p>\n\n\n\n<ul class=\"wp-block-list\">\n<li><strong>Icara\u00ed<\/strong>: bairro mais populoso, com 77.247 moradores, cal\u00e7ad\u00e3o de frente para o <strong>P\u00e3o de A\u00e7\u00facar<\/strong>, com\u00e9rcio sofisticado e a maior concentra\u00e7\u00e3o de servi\u00e7os da cidade.<\/li>\n\n\n\n<li><strong>S\u00e3o Francisco<\/strong>: praia tranquila, ruas arborizadas e proximidade com o centro, op\u00e7\u00e3o de quem quer rotina familiar a poucos minutos do trabalho.<\/li>\n\n\n\n<li><strong>Charitas<\/strong>: condom\u00ednios de alto padr\u00e3o \u00e0 beira da ba\u00eda, com vista para o Rio e liga\u00e7\u00e3o direta pelo t\u00fanel at\u00e9 a Regi\u00e3o Oce\u00e2nica.<\/li>\n\n\n\n<li><strong>Itacoatiara e Camboinhas<\/strong>: praias oce\u00e2nicas frequentadas por surfistas e fam\u00edlias que preferem casa a apartamento.<\/li>\n\n\n\n<li><strong>Santa Rosa<\/strong>: bairro tradicional pr\u00f3ximo ao centro administrativo, com custo mais acess\u00edvel que a orla e boa malha de transporte.<\/li>\n<\/ul>\n\n\n\n<h2 class=\"wp-block-heading\">Quase um em cada quatro moradores tem mais de 60 anos<\/h2>\n\n\n\n<p>O Censo de 2022 revelou que 23,8% da popula\u00e7\u00e3o niteroiense j\u00e1 passou dos 60 anos, a maior propor\u00e7\u00e3o entre todos os munic\u00edpios do estado do Rio. S\u00e3o 114.821 pessoas nessa faixa et\u00e1ria e 162 centen\u00e1rios, dos quais 135 s\u00e3o mulheres.<\/p>\n\n\n\n<p>Icara\u00ed concentra parte expressiva desse grupo: 14.026 pessoas com mais de 70 anos vivem no bairro, o que o coloca em 9\u00ba lugar no ranking nacional do IBGE para essa faixa. A presen\u00e7a de hospitais de refer\u00eancia, parques arborizados e cal\u00e7ad\u00f5es planos ajuda a explicar por que fam\u00edlias escolhem a cidade para envelhecer.<\/p>\n\n\n\n<p><strong>Leia tamb\u00e9m: <a href=\"https:\/\/www.correiobraziliense.com.br\/cbradar\/a-cidade-colonial-mineira-que-tem-uma-maria-fumaca-funcionando-sem-parar-desde-1881\/\" target=\"_blank\" rel=\"noreferrer noopener\">A cidade colonial mineira que tem uma Maria Fuma\u00e7a funcionando sem parar desde 1881.<\/a><\/strong><\/p>\n\n\n<div class=\"wp-block-image\">\n<figure class=\"aligncenter size-large\"><img decoding=\"async\" width=\"1024\" height=\"576\" src=\"https:\/\/www.correiobraziliense.com.br\/cbradar\/wp-content\/uploads\/2025\/04\/Niteroi_1744874927670-1024x576.jpg\" alt=\"Essa cidade incr\u00edvel do Rio de Janeiro \u00e9 uma das melhores para viver tranquilo\" class=\"wp-image-24833\" srcset=\"https:\/\/www.correiobraziliense.com.br\/cbradar\/wp-content\/uploads\/2025\/04\/Niteroi_1744874927670-1024x576.jpg 1024w, https:\/\/www.correiobraziliense.com.br\/cbradar\/wp-content\/uploads\/2025\/04\/Niteroi_1744874927670-300x169.jpg 300w, https:\/\/www.correiobraziliense.com.br\/cbradar\/wp-content\/uploads\/2025\/04\/Niteroi_1744874927670-768x432.jpg 768w, https:\/\/www.correiobraziliense.com.br\/cbradar\/wp-content\/uploads\/2025\/04\/Niteroi_1744874927670-750x422.jpg 750w, https:\/\/www.correiobraziliense.com.br\/cbradar\/wp-content\/uploads\/2025\/04\/Niteroi_1744874927670-1140x641.jpg 1140w, https:\/\/www.correiobraziliense.com.br\/cbradar\/wp-content\/uploads\/2025\/04\/Niteroi_1744874927670.jpg 1280w\" sizes=\"(max-width: 1024px) 100vw, 1024px\" \/><figcaption class=\"wp-element-caption\">Viver em Niter\u00f3i \u00e9 apostar em um futuro promissor, com oportunidades reais e seguran\u00e7a para crescer. \/\/ Cr\u00e9ditos: depositphotos.com \/ Ranimiro<\/figcaption><\/figure><\/div>\n\n\n<h2 class=\"wp-block-heading\">O que fazer no dia a dia entre praia, parque e museu?<\/h2>\n\n\n\n<p>O lazer do morador acontece praticamente o ano todo ao ar livre. As atra\u00e7\u00f5es se distribuem entre a orla da ba\u00eda e a costa oce\u00e2nica, conectadas pelo t\u00fanel <strong>Charitas-Cafub\u00e1<\/strong>.<\/p>\n\n\n\n<ul class=\"wp-block-list\">\n<li><strong>Caminho Niemeyer<\/strong>: conjunto arquitet\u00f4nico de Oscar Niemeyer com o ic\u00f4nico Museu de Arte Contempor\u00e2nea, Teatro Popular e Funda\u00e7\u00e3o, \u00e0 beira da ba\u00eda.<\/li>\n\n\n\n<li><strong>Parque da Cidade<\/strong>: mirante a 270 metros de altitude com vista da Ba\u00eda de Guanabara, ponto tradicional de voos de parapente.<\/li>\n\n\n\n<li><strong>Praia de Itacoatiara<\/strong>: enseada cercada de cost\u00f5es rochosos, escolhida pelos surfistas locais e pelas fam\u00edlias da Regi\u00e3o Oce\u00e2nica.<\/li>\n\n\n\n<li><strong>Mercado de Peixe S\u00e3o Pedro<\/strong>: ponto de encontro para comprar pescados frescos no <strong>Centro<\/strong> e provar petiscos nos boxes vizinhos.<\/li>\n\n\n\n<li><strong>Fortaleza de Santa Cruz<\/strong>: complexo militar do s\u00e9culo 16 na entrada da ba\u00eda, com visitas guiadas e vista do <strong>Cristo Redentor<\/strong> ao longe.<\/li>\n<\/ul>\n\n\n\n<h2 class=\"wp-block-heading\">Como \u00e9 o clima ao longo do ano em Niter\u00f3i?<\/h2>\n\n\n\n<p>O clima tropical da cidade tem ver\u00f5es quentes e invernos amenos, suavizados pela brisa da ba\u00eda. Chuvas se concentram entre dezembro e mar\u00e7o.<\/p>\n\n\n\n<style>\n  \/* --- CONTAINER BLINDADO --- *\/\n  .clima-grid-final {\n    font-family: -apple-system, BlinkMacSystemFont, \"Segoe UI\", Roboto, Arial, sans-serif !important;\n    width: 100% !important;\n    max-width: 1200px !important;\n    margin: 20px auto !important;\n    display: grid !important;\n    grid-template-columns: repeat(4, 1fr) !important; \n    gap: 15px !important;\n    box-sizing: border-box !important;\n  }\n\n  .clima-grid-final * {\n    box-sizing: border-box !important;\n  }\n\n  \/* --- CARD PADR\u00c3O (ESTILO NITER\u00d3I) --- *\/\n  .card-clima {\n    background: #ffffff !important;\n    border: 1px solid #e0e0e0 !important;\n    border-radius: 20px !important;\n    padding: 20px 10px !important;\n    text-align: center !important;\n    display: flex !important;\n    flex-direction: column !important;\n    align-items: center !important;\n    box-shadow: 0 4px 10px rgba(0, 0, 0, 0.05) !important;\n    transition: transform 0.2s ease, border-color 0.2s ease !important;\n    height: 100% !important;\n  }\n\n  .card-clima:hover {\n    transform: translateY(-5px) !important;\n    border-color: #0d47a1 !important;\n  }\n\n  \/* --- TIPOGRAFIA --- *\/\n  .estacao-nome { \n    font-size: 14px !important; \n    font-weight: 800 !important; \n    color: #0d47a1 !important; \n    text-transform: uppercase !important; \n    margin: 0 0 5px 0 !important; \n  }\n  \n  .estacao-meses { \n    font-size: 10px !important; \n    font-weight: 700 !important; \n    color: #666666 !important; \n    text-transform: uppercase !important; \n    margin-bottom: 15px !important; \n    display: block !important;\n  }\n  \n  .temp-valor { \n    font-size: 24px !important; \n    font-weight: 800 !important; \n    color: #000000 !important; \n    line-height: 1.1 !important; \n    margin: 0 !important;\n  }\n  \n  .temp-label { \n    font-size: 9px !important; \n    font-weight: 600 !important; \n    color: #999999 !important; \n    text-transform: uppercase !important; \n    margin-bottom: 15px !important; \n    display: block !important;\n  }\n  \n  .clima-desc { \n    font-size: 12px !important; \n    line-height: 1.4 !important; \n    color: #333333 !important; \n    margin-bottom: 15px !important; \n    flex-grow: 1 !important; \n  }\n\n  \/* --- TAGS DE STATUS --- *\/\n  .tag-status {\n    padding: 5px 12px !important;\n    border-radius: 20px !important;\n    font-size: 9px !important;\n    font-weight: 800 !important;\n    text-transform: uppercase !important;\n    margin-top: auto !important;\n  }\n\n  .status-alta { background-color: #ffebee !important; color: #c62828 !important; border: 1px solid #ffcdd2 !important; }\n  .status-media { background-color: #fff3e0 !important; color: #ef6c00 !important; border: 1px solid #ffe0b2 !important; }\n  .status-baixa { background-color: #e8f5e9 !important; color: #2e7d32 !important; border: 1px solid #c8e6c9 !important; }\n\n  \/* --- RESPONSIVIDADE --- *\/\n  @media (max-width: 900px) {\n    .clima-grid-final { grid-template-columns: repeat(2, 1fr) !important; }\n  }\n  @media (max-width: 500px) {\n    .clima-grid-final { grid-template-columns: 1fr !important; }\n  }\n<\/style>\n\n<div class=\"google-auto-ads-ignore clima-grid-final\">\n  \n  <!-- VER\u00c3O -->\n  <div class=\"card-clima\">\n    <div class=\"estacao-nome\">\u2600\ufe0f Ver\u00e3o<\/div>\n    <span class=\"estacao-meses\">Dez &#8211; Fev<\/span>\n    <div class=\"temp-valor\">23-32\u00b0C<\/div>\n    <span class=\"temp-label\">Temperatura<\/span>\n    <div class=\"clima-desc\">Aproveite as <b>praias oce\u00e2nicas pela manh\u00e3<\/b> para garantir o melhor lugar antes das chuvas t\u00edpicas da tarde.<\/div>\n    <div class=\"tag-status status-alta\">\u26c8\ufe0f Chuva Alta<\/div>\n  <\/div>\n\n  <!-- OUTONO -->\n  <div class=\"card-clima\">\n    <div class=\"estacao-nome\">\u26f0\ufe0f Outono<\/div>\n    <span class=\"estacao-meses\">Mar &#8211; Mai<\/span>\n    <div class=\"temp-valor\">20-28\u00b0C<\/div>\n    <span class=\"temp-label\">Temperatura<\/span>\n    <div class=\"clima-desc\">Clima ameno e c\u00e9u l\u00edmpido, perfeito para uma <b>caminhada no Parque da Cidade<\/b> com vista para o Rio.<\/div>\n    <div class=\"tag-status status-media\">\ud83c\udf26\ufe0f Chuva M\u00e9dia<\/div>\n  <\/div>\n\n  <!-- INVERNO -->\n  <div class=\"card-clima\">\n    <div class=\"estacao-nome\">\ud83d\uddbc\ufe0f Inverno<\/div>\n    <span class=\"estacao-meses\">Jun &#8211; Ago<\/span>\n    <div class=\"temp-valor\">17-25\u00b0C<\/div>\n    <span class=\"temp-label\">Temperatura<\/span>\n    <div class=\"clima-desc\">O tempo seco \u00e9 a melhor \u00e9poca para explorar o <b>Caminho Niemeyer<\/b> e os diversos <b>museus<\/b> da orla.<\/div>\n    <div class=\"tag-status status-baixa\">\u2600\ufe0f Chuva Baixa<\/div>\n  <\/div>\n\n  <!-- PRIMAVERA -->\n  <div class=\"card-clima\">\n    <div class=\"estacao-nome\">\ud83c\udf05 Primavera<\/div>\n    <span class=\"estacao-meses\">Set &#8211; Nov<\/span>\n    <div class=\"temp-valor\">19-28\u00b0C<\/div>\n    <span class=\"temp-label\">Temperatura<\/span>\n    <div class=\"clima-desc\">Ideal para curtir o <b>cal\u00e7ad\u00e3o de Icara\u00ed ao p\u00f4r do sol<\/b>, aproveitando as temperaturas agrad\u00e1veis da esta\u00e7\u00e3o.<\/div>\n    <div class=\"tag-status status-media\">\ud83c\udf26\ufe0f Chuva M\u00e9dia<\/div>\n  <\/div>\n\n<\/div>\n\n\n\n<p><em>Temperaturas aproximadas com base no <a href=\"https:\/\/www.climatempo.com.br\/previsao-do-tempo\/cidade\/318\/niteroi-rj\" target=\"_blank\" rel=\"noreferrer noopener\"><strong>Climatempo<\/strong><\/a>. Condi\u00e7\u00f5es podem variar.<\/em><\/p>\n\n\n<div class=\"wp-block-image\">\n<figure class=\"aligncenter size-large\"><img decoding=\"async\" width=\"1024\" height=\"576\" src=\"https:\/\/www.correiobraziliense.com.br\/cbradar\/wp-content\/uploads\/2025\/07\/Edicoes-96-1024x576.png\" alt=\"Essa cidade carioca aben\u00e7oada com beleza \u00e9 rica em qualidade de vida\" class=\"wp-image-77210\" srcset=\"https:\/\/www.correiobraziliense.com.br\/cbradar\/wp-content\/uploads\/2025\/07\/Edicoes-96-1024x576.png 1024w, https:\/\/www.correiobraziliense.com.br\/cbradar\/wp-content\/uploads\/2025\/07\/Edicoes-96-300x169.png 300w, https:\/\/www.correiobraziliense.com.br\/cbradar\/wp-content\/uploads\/2025\/07\/Edicoes-96-768x432.png 768w, https:\/\/www.correiobraziliense.com.br\/cbradar\/wp-content\/uploads\/2025\/07\/Edicoes-96-750x422.png 750w, https:\/\/www.correiobraziliense.com.br\/cbradar\/wp-content\/uploads\/2025\/07\/Edicoes-96-1140x641.png 1140w, https:\/\/www.correiobraziliense.com.br\/cbradar\/wp-content\/uploads\/2025\/07\/Edicoes-96.png 1280w\" sizes=\"(max-width: 1024px) 100vw, 1024px\" \/><figcaption class=\"wp-element-caption\">Niter\u00f3i bate recorde em abertura de empresas e aquece mercado de trabalho com setores din\u00e2micos. \/\/ Cr\u00e9ditos: YouTube @brunotadeubraga<\/figcaption><\/figure><\/div>\n\n\n<h2 class=\"wp-block-heading\">Como funciona a travessia para o Rio de Janeiro?<\/h2>\n\n\n\n<p><strong>Apenas 13 km separam Niter\u00f3i da capital fluminense. <\/strong>A travessia mais usada \u00e9 pela <strong>Ponte Presidente Costa e Silva<\/strong>, conhecida como Ponte Rio-Niter\u00f3i, com cerca de 13 quil\u00f4metros de extens\u00e3o. A alternativa c\u00eanica \u00e9 o sistema de barcas que liga a Pra\u00e7a Arariboia \u00e0 Pra\u00e7a XV em pouco mais de 20 minutos, com vista da entrada da ba\u00eda. Quem trabalha no Rio mant\u00e9m a rotina di\u00e1ria sem abrir m\u00e3o da qualidade de vida do outro lado da \u00e1gua.<\/p>\n\n\n\n<h2 class=\"wp-block-heading\">Atravesse a ba\u00eda e descubra a Cidade Sorriso<\/h2>\n\n\n\n<p><strong>Niter\u00f3i combina n\u00fameros de pa\u00eds desenvolvido com a paisagem mais cobi\u00e7ada do Brasil<\/strong>: a ba\u00eda vista de frente. A cidade entrega saneamento universal, IDH de elite, parques arborizados e bairros com identidade pr\u00f3pria.<\/p>\n\n\n\n<p>Voc\u00ea precisa atravessar a Ba\u00eda de Guanabara e descobrir por que tantas fam\u00edlias trocam o asfalto carioca pela margem niteroiense.<\/p>\n","protected":false},"excerpt":{"rendered":"<p>Em Niter\u00f3i, do outro lado da Ba\u00eda de Guanabara, mora uma rotina que poucas cidades brasileiras conseguem oferecer. Com IDH de 0,837 e 100% de \u00e1gua tratada desde 2017, a Cidade Sorriso virou refer\u00eancia fluminense em qualidade de vida. A ex-capital que reinventou a voca\u00e7\u00e3o \u00e0 beira da ba\u00eda Niter\u00f3i foi capital do estado do [&hellip;]<\/p>\n","protected":false},"author":8,"featured_media":214641,"comment_status":"open","ping_status":"open","sticky":false,"template":"","format":"standard","meta":{"_yoast_wpseo_focuskw":"qualidade de vida","_yoast_wpseo_title":"","_yoast_wpseo_metadesc":"Com o melhor saneamento do estado, essa \u00e9 a \u00fanica cidade do Rio com \u00edndice de vida muito alto e qualidade que chama aten\u00e7\u00e3o.","jnews-multi-image_gallery":[],"jnews_single_post":{"format":"standard"},"jnews_primary_category":[],"jnews_social_meta":[],"jnews_override_counter":[],"footnotes":""},"categories":[108,111],"tags":[314,304],"class_list":["post-235612","post","type-post","status-publish","format-standard","has-post-thumbnail","hentry","category-cidades","category-turismo","tag-niteroi","tag-rio-de-janeiro"],"yoast_head":"<!-- This site is optimized with the Yoast SEO plugin v24.6 - https:\/\/yoast.com\/wordpress\/plugins\/seo\/ -->\n<title>A \u00fanica cidade do Rio com o \u00edndice de vida muito alto e o melhor saneamento do estado se destaca pela qualidade de vida - Correio Braziliense - Radar<\/title>\n<meta name=\"description\" content=\"Com o melhor saneamento do estado, essa \u00e9 a \u00fanica cidade do Rio com \u00edndice de vida muito alto e qualidade que chama aten\u00e7\u00e3o.\" \/>\n<meta name=\"robots\" content=\"index, follow, max-snippet:-1, max-image-preview:large, max-video-preview:-1\" \/>\n<link rel=\"canonical\" href=\"https:\/\/www.correiobraziliense.com.br\/cbradar\/a-unica-cidade-do-rio-com-o-indice-de-vida-muito-alto-e-o-melhor-saneamento-do-estado-se-destaca-pela-qualidade-de-vida\/\" \/>\n<meta property=\"og:locale\" content=\"pt_BR\" \/>\n<meta property=\"og:type\" content=\"article\" \/>\n<meta property=\"og:title\" content=\"A \u00fanica cidade do Rio com o \u00edndice de vida muito alto e o melhor saneamento do estado se destaca pela qualidade de vida - Correio Braziliense - Radar\" \/>\n<meta property=\"og:description\" content=\"Com o melhor saneamento do estado, essa \u00e9 a \u00fanica cidade do Rio com \u00edndice de vida muito alto e qualidade que chama aten\u00e7\u00e3o.\" \/>\n<meta property=\"og:url\" content=\"https:\/\/www.correiobraziliense.com.br\/cbradar\/a-unica-cidade-do-rio-com-o-indice-de-vida-muito-alto-e-o-melhor-saneamento-do-estado-se-destaca-pela-qualidade-de-vida\/\" \/>\n<meta property=\"og:site_name\" content=\"Correio Braziliense - Radar\" \/>\n<meta property=\"article:published_time\" content=\"2026-05-02T10:55:00+00:00\" \/>\n<meta property=\"og:image\" content=\"https:\/\/www.correiobraziliense.com.br\/cbradar\/wp-content\/uploads\/2026\/03\/aaa-2026-03-25T215855.185.png\" \/>\n\t<meta property=\"og:image:width\" content=\"1280\" \/>\n\t<meta property=\"og:image:height\" content=\"720\" \/>\n\t<meta property=\"og:image:type\" content=\"image\/png\" \/>\n<meta name=\"author\" content=\"Maura Pereira\" \/>\n<meta name=\"twitter:card\" content=\"summary_large_image\" \/>\n<meta name=\"twitter:label1\" content=\"Escrito por\" \/>\n\t<meta name=\"twitter:data1\" content=\"Maura Pereira\" \/>\n\t<meta name=\"twitter:label2\" content=\"Est. tempo de leitura\" \/>\n\t<meta name=\"twitter:data2\" content=\"7 minutos\" \/>\n<!-- \/ Yoast SEO plugin. -->","yoast_head_json":{"title":"A \u00fanica cidade do Rio com o \u00edndice de vida muito alto e o melhor saneamento do estado se destaca pela qualidade de vida - Correio Braziliense - Radar","description":"Com o melhor saneamento do estado, essa \u00e9 a \u00fanica cidade do Rio com \u00edndice de vida muito alto e qualidade que chama aten\u00e7\u00e3o.","robots":{"index":"index","follow":"follow","max-snippet":"max-snippet:-1","max-image-preview":"max-image-preview:large","max-video-preview":"max-video-preview:-1"},"canonical":"https:\/\/www.correiobraziliense.com.br\/cbradar\/a-unica-cidade-do-rio-com-o-indice-de-vida-muito-alto-e-o-melhor-saneamento-do-estado-se-destaca-pela-qualidade-de-vida\/","og_locale":"pt_BR","og_type":"article","og_title":"A \u00fanica cidade do Rio com o \u00edndice de vida muito alto e o melhor saneamento do estado se destaca pela qualidade de vida - Correio Braziliense - Radar","og_description":"Com o melhor saneamento do estado, essa \u00e9 a \u00fanica cidade do Rio com \u00edndice de vida muito alto e qualidade que chama aten\u00e7\u00e3o.","og_url":"https:\/\/www.correiobraziliense.com.br\/cbradar\/a-unica-cidade-do-rio-com-o-indice-de-vida-muito-alto-e-o-melhor-saneamento-do-estado-se-destaca-pela-qualidade-de-vida\/","og_site_name":"Correio Braziliense - Radar","article_published_time":"2026-05-02T10:55:00+00:00","og_image":[{"width":1280,"height":720,"url":"https:\/\/www.correiobraziliense.com.br\/cbradar\/wp-content\/uploads\/2026\/03\/aaa-2026-03-25T215855.185.png","type":"image\/png"}],"author":"Maura Pereira","twitter_card":"summary_large_image","twitter_misc":{"Escrito por":"Maura Pereira","Est. tempo de leitura":"7 minutos"},"schema":{"@context":"https:\/\/schema.org","@graph":[{"@type":"WebPage","@id":"https:\/\/www.correiobraziliense.com.br\/cbradar\/a-unica-cidade-do-rio-com-o-indice-de-vida-muito-alto-e-o-melhor-saneamento-do-estado-se-destaca-pela-qualidade-de-vida\/","url":"https:\/\/www.correiobraziliense.com.br\/cbradar\/a-unica-cidade-do-rio-com-o-indice-de-vida-muito-alto-e-o-melhor-saneamento-do-estado-se-destaca-pela-qualidade-de-vida\/","name":"A \u00fanica cidade do Rio com o \u00edndice de vida muito alto e o melhor saneamento do estado se destaca pela qualidade de vida - Correio Braziliense - Radar","isPartOf":{"@id":"https:\/\/www.correiobraziliense.com.br\/cbradar\/#website"},"primaryImageOfPage":{"@id":"https:\/\/www.correiobraziliense.com.br\/cbradar\/a-unica-cidade-do-rio-com-o-indice-de-vida-muito-alto-e-o-melhor-saneamento-do-estado-se-destaca-pela-qualidade-de-vida\/#primaryimage"},"image":{"@id":"https:\/\/www.correiobraziliense.com.br\/cbradar\/a-unica-cidade-do-rio-com-o-indice-de-vida-muito-alto-e-o-melhor-saneamento-do-estado-se-destaca-pela-qualidade-de-vida\/#primaryimage"},"thumbnailUrl":"https:\/\/www.correiobraziliense.com.br\/cbradar\/wp-content\/uploads\/2026\/03\/aaa-2026-03-25T215855.185.png","datePublished":"2026-05-02T10:55:00+00:00","author":{"@id":"https:\/\/www.correiobraziliense.com.br\/cbradar\/#\/schema\/person\/4053c651a9bfc785afc6f4cbc9032fd3"},"description":"Com o melhor saneamento do estado, essa \u00e9 a \u00fanica cidade do Rio com \u00edndice de vida muito alto e qualidade que chama aten\u00e7\u00e3o.","breadcrumb":{"@id":"https:\/\/www.correiobraziliense.com.br\/cbradar\/a-unica-cidade-do-rio-com-o-indice-de-vida-muito-alto-e-o-melhor-saneamento-do-estado-se-destaca-pela-qualidade-de-vida\/#breadcrumb"},"inLanguage":"pt-BR","potentialAction":[{"@type":"ReadAction","target":["https:\/\/www.correiobraziliense.com.br\/cbradar\/a-unica-cidade-do-rio-com-o-indice-de-vida-muito-alto-e-o-melhor-saneamento-do-estado-se-destaca-pela-qualidade-de-vida\/"]}]},{"@type":"ImageObject","inLanguage":"pt-BR","@id":"https:\/\/www.correiobraziliense.com.br\/cbradar\/a-unica-cidade-do-rio-com-o-indice-de-vida-muito-alto-e-o-melhor-saneamento-do-estado-se-destaca-pela-qualidade-de-vida\/#primaryimage","url":"https:\/\/www.correiobraziliense.com.br\/cbradar\/wp-content\/uploads\/2026\/03\/aaa-2026-03-25T215855.185.png","contentUrl":"https:\/\/www.correiobraziliense.com.br\/cbradar\/wp-content\/uploads\/2026\/03\/aaa-2026-03-25T215855.185.png","width":1280,"height":720,"caption":"Viver em Niter\u00f3i \u00e9 apostar em um futuro promissor, com oportunidades reais e seguran\u00e7a para crescer"},{"@type":"BreadcrumbList","@id":"https:\/\/www.correiobraziliense.com.br\/cbradar\/a-unica-cidade-do-rio-com-o-indice-de-vida-muito-alto-e-o-melhor-saneamento-do-estado-se-destaca-pela-qualidade-de-vida\/#breadcrumb","itemListElement":[{"@type":"ListItem","position":1,"name":"In\u00edcio","item":"https:\/\/www.correiobraziliense.com.br\/cbradar\/"},{"@type":"ListItem","position":2,"name":"A \u00fanica cidade do Rio com o \u00edndice de vida muito alto e o melhor saneamento do estado se destaca pela qualidade de vida"}]},{"@type":"WebSite","@id":"https:\/\/www.correiobraziliense.com.br\/cbradar\/#website","url":"https:\/\/www.correiobraziliense.com.br\/cbradar\/","name":"Correio Braziliense - Radar","description":"Acompanhe as \u00faltimas not\u00edcias e fique bem informado sobre tudo o que acontece no Brasil e no mundo.","potentialAction":[{"@type":"SearchAction","target":{"@type":"EntryPoint","urlTemplate":"https:\/\/www.correiobraziliense.com.br\/cbradar\/?s={search_term_string}"},"query-input":{"@type":"PropertyValueSpecification","valueRequired":true,"valueName":"search_term_string"}}],"inLanguage":"pt-BR"},{"@type":"Person","@id":"https:\/\/www.correiobraziliense.com.br\/cbradar\/#\/schema\/person\/4053c651a9bfc785afc6f4cbc9032fd3","name":"Maura Pereira","image":{"@type":"ImageObject","inLanguage":"pt-BR","@id":"https:\/\/www.correiobraziliense.com.br\/cbradar\/#\/schema\/person\/image\/","url":"https:\/\/secure.gravatar.com\/avatar\/3effd6bdadfa447f15089c7f7144eaa6?s=96&d=mm&r=g","contentUrl":"https:\/\/secure.gravatar.com\/avatar\/3effd6bdadfa447f15089c7f7144eaa6?s=96&d=mm&r=g","caption":"Maura Pereira"},"sameAs":["https:\/\/www.correiobraziliense.com.br\/"],"url":"https:\/\/www.correiobraziliense.com.br\/cbradar\/author\/mauramyth\/"}]}},"_links":{"self":[{"href":"https:\/\/www.correiobraziliense.com.br\/cbradar\/wp-json\/wp\/v2\/posts\/235612","targetHints":{"allow":["GET"]}}],"collection":[{"href":"https:\/\/www.correiobraziliense.com.br\/cbradar\/wp-json\/wp\/v2\/posts"}],"about":[{"href":"https:\/\/www.correiobraziliense.com.br\/cbradar\/wp-json\/wp\/v2\/types\/post"}],"author":[{"embeddable":true,"href":"https:\/\/www.correiobraziliense.com.br\/cbradar\/wp-json\/wp\/v2\/users\/8"}],"replies":[{"embeddable":true,"href":"https:\/\/www.correiobraziliense.com.br\/cbradar\/wp-json\/wp\/v2\/comments?post=235612"}],"version-history":[{"count":11,"href":"https:\/\/www.correiobraziliense.com.br\/cbradar\/wp-json\/wp\/v2\/posts\/235612\/revisions"}],"predecessor-version":[{"id":235711,"href":"https:\/\/www.correiobraziliense.com.br\/cbradar\/wp-json\/wp\/v2\/posts\/235612\/revisions\/235711"}],"wp:featuredmedia":[{"embeddable":true,"href":"https:\/\/www.correiobraziliense.com.br\/cbradar\/wp-json\/wp\/v2\/media\/214641"}],"wp:attachment":[{"href":"https:\/\/www.correiobraziliense.com.br\/cbradar\/wp-json\/wp\/v2\/media?parent=235612"}],"wp:term":[{"taxonomy":"category","embeddable":true,"href":"https:\/\/www.correiobraziliense.com.br\/cbradar\/wp-json\/wp\/v2\/categories?post=235612"},{"taxonomy":"post_tag","embeddable":true,"href":"https:\/\/www.correiobraziliense.com.br\/cbradar\/wp-json\/wp\/v2\/tags?post=235612"}],"curies":[{"name":"wp","href":"https:\/\/api.w.org\/{rel}","templated":true}]}}