{"id":235775,"date":"2026-05-01T17:30:51","date_gmt":"2026-05-01T20:30:51","guid":{"rendered":"https:\/\/www.correiobraziliense.com.br\/cbradar\/?p=235775"},"modified":"2026-05-01T17:30:54","modified_gmt":"2026-05-01T20:30:54","slug":"a-psicologia-diz-que-o-pai-que-guarda-cada-desenho-cada-boletim-e-cada-impressao-da-mao-nao-e-sentimental-ele-esta-tentando-provar-a-si-mesmo-que-os-anos-realmente-aconteceram","status":"publish","type":"post","link":"https:\/\/www.correiobraziliense.com.br\/cbradar\/a-psicologia-diz-que-o-pai-que-guarda-cada-desenho-cada-boletim-e-cada-impressao-da-mao-nao-e-sentimental-ele-esta-tentando-provar-a-si-mesmo-que-os-anos-realmente-aconteceram\/","title":{"rendered":"A psicologia diz que o pai que guarda cada desenho, cada boletim, e cada impress\u00e3o da m\u00e3o n\u00e3o \u00e9 sentimental, ele est\u00e1 tentando provar a si mesmo que os anos realmente aconteceram"},"content":{"rendered":"\n<p>Guardar desenhos e boletins escolares costuma ser visto apenas como um gesto de carinho paterno, mas a psicologia sugere motiva\u00e7\u00f5es mais profundas. Muitos pais utilizam esses registros f\u00edsicos para ancorar mem\u00f3rias em meio \u00e0 rotina exaustiva do cotidiano. Esses objetos funcionam como provas tang\u00edveis de que o tempo realmente passou e foi vivido.<\/p>\n\n\n\n<h2 class=\"wp-block-heading\">Por que objetos f\u00edsicos ajudam a validar o tempo vivido?<\/h2>\n\n\n\n<p>Viver a paternidade sob intensa press\u00e3o profissional pode gerar uma sensa\u00e7\u00e3o de dissocia\u00e7\u00e3o emocional em rela\u00e7\u00e3o aos momentos dom\u00e9sticos. O c\u00e9rebro, sobrecarregado por prazos e responsabilidades financeiras, muitas vezes processa a rotina como um borr\u00e3o indistingu\u00edvel de tarefas autom\u00e1ticas. Guardar uma impress\u00e3o da m\u00e3o torna-se uma \u00e2ncora necess\u00e1ria para confirmar que aqueles anos intensos realmente existiram.<\/p>\n\n\n\n<p>Esses registros funcionam como testemunhas silenciosas de uma hist\u00f3ria que parece ter sido vivida por outra pessoa no passado. Ao tocar um desenho antigo, o <strong><a href=\"https:\/\/www.correiobraziliense.com.br\/cbradar\/de-acordo-com-estudos-recentes-os-pais-de-hoje-estao-criando-uma-nova-geracao-de-criancas-mimadas\/\" target=\"_blank\" rel=\"noreferrer noopener\">pai <\/a><\/strong>resgata a <strong>presen\u00e7a emocional<\/strong> que o cansa\u00e7o di\u00e1rio tentou apagar durante a jornada. \u00c9 uma tentativa leg\u00edtima de reconectar a identidade atual com o homem que atravessou as fases do crescimento infantil.<\/p>\n\n\n\n<figure class=\"wp-block-image size-full\"><img decoding=\"async\" width=\"1280\" height=\"720\" src=\"https:\/\/www.correiobraziliense.com.br\/cbradar\/wp-content\/uploads\/2026\/05\/Gemini_Generated_Image_1xg6lt1xg6lt1xg6-1-1.png\" alt=\"A psicologia diz que o pai que guarda cada desenho, cada boletim, e cada impress\u00e3o da m\u00e3o n\u00e3o \u00e9 sentimental, ele est\u00e1 tentando provar a si mesmo que os anos realmente aconteceram\" class=\"wp-image-235779\" srcset=\"https:\/\/www.correiobraziliense.com.br\/cbradar\/wp-content\/uploads\/2026\/05\/Gemini_Generated_Image_1xg6lt1xg6lt1xg6-1-1.png 1280w, https:\/\/www.correiobraziliense.com.br\/cbradar\/wp-content\/uploads\/2026\/05\/Gemini_Generated_Image_1xg6lt1xg6lt1xg6-1-1-300x169.png 300w, https:\/\/www.correiobraziliense.com.br\/cbradar\/wp-content\/uploads\/2026\/05\/Gemini_Generated_Image_1xg6lt1xg6lt1xg6-1-1-768x432.png 768w, https:\/\/www.correiobraziliense.com.br\/cbradar\/wp-content\/uploads\/2026\/05\/Gemini_Generated_Image_1xg6lt1xg6lt1xg6-1-1-750x422.png 750w, https:\/\/www.correiobraziliense.com.br\/cbradar\/wp-content\/uploads\/2026\/05\/Gemini_Generated_Image_1xg6lt1xg6lt1xg6-1-1-1140x641.png 1140w\" sizes=\"(max-width: 1280px) 100vw, 1280px\" \/><figcaption class=\"wp-element-caption\">Guardar lembran\u00e7as dos filhos pode revelar mais sobre voc\u00ea do que parece<\/figcaption><\/figure>\n\n\n\n<h2 class=\"wp-block-heading\">Como a rotina autom\u00e1tica afeta a mem\u00f3ria dos pais?<\/h2>\n\n\n\n<p>O fen\u00f4meno da automatiza\u00e7\u00e3o di\u00e1ria faz com que o indiv\u00edduo execute fun\u00e7\u00f5es paternas sem estar plenamente consciente do presente. Quando a sobreviv\u00eancia e o trabalho ocupam o centro da mente, os eventos familiares s\u00e3o registrados de forma superficial e fragmentada. Acumular boletins e lembran\u00e7as escolares \u00e9 uma estrat\u00e9gia para preencher as lacunas deixadas por essa <strong>aus\u00eancia psicol\u00f3gica<\/strong> involunt\u00e1ria.<\/p>\n\n\n\n<p>A sensa\u00e7\u00e3o de que a vida acontece com outra pessoa surge quando n\u00e3o h\u00e1 espa\u00e7o mental para o lazer contemplativo. Colecionar pequenas provas da inf\u00e2ncia dos filhos ajuda a combater o sentimento de que os anos foram perdidos no vazio. Essas cole\u00e7\u00f5es s\u00e3o arquivos de seguran\u00e7a que garantem a <strong>continuidade da narrativa<\/strong> de vida dentro do ambiente familiar dom\u00e9stico.<\/p>\n\n\n\n<h2 class=\"wp-block-heading\">Quais s\u00e3o os benef\u00edcios de cultivar arquivos afetivos familiares?<\/h2>\n\n\n\n<p>Manter esses arquivos proporciona um senso de realiza\u00e7\u00e3o que transcende o sucesso material ou as conquistas profissionais externas. Rever o progresso das crian\u00e7as atrav\u00e9s de produ\u00e7\u00f5es art\u00edsticas ou notas escolares fortalece os v\u00ednculos e promove o autoconhecimento paterno profundo. <\/p>\n\n\n\n<p>Essa pr\u00e1tica ajuda a consolidar a imagem de um pai dedicado, combatendo as inseguran\u00e7as naturais geradas pelas demandas do mundo moderno.<\/p>\n\n\n\n<ul class=\"wp-block-list\">\n<li>Est\u00edmulo ao resgate de mem\u00f3rias.<\/li>\n\n\n\n<li>Fortalecimento do v\u00ednculo geracional.<\/li>\n\n\n\n<li>Redu\u00e7\u00e3o da ansiedade sobre o futuro.<\/li>\n\n\n\n<li>Valida\u00e7\u00e3o do esfor\u00e7o e dedica\u00e7\u00e3o.<\/li>\n\n\n\n<li>Cria\u00e7\u00e3o de um legado hist\u00f3rico.<\/li>\n<\/ul>\n\n\n\n<h2 class=\"wp-block-heading\">De que forma o registro f\u00edsico combate a dissocia\u00e7\u00e3o?<\/h2>\n\n\n\n<p>O contato t\u00e1til com materiais produzidos pelos filhos quebra o fluxo de pensamentos focados apenas em obriga\u00e7\u00f5es futuras e incertezas. Ver a evolu\u00e7\u00e3o da escrita ou dos tra\u00e7os de um desenho for\u00e7a o c\u00e9rebro a reconhecer a <strong>passagem linear do tempo<\/strong>. Essa evid\u00eancia material impede que o pai sinta que sua pr\u00f3pria vida \u00e9 apenas uma sequ\u00eancia de obriga\u00e7\u00f5es.<\/p>\n\n\n\n<p>A dissocia\u00e7\u00e3o ocorre quando o cansa\u00e7o extremo separa a experi\u00eancia f\u00edsica da percep\u00e7\u00e3o consciente de quem vive o momento presente. Os pap\u00e9is guardados em gavetas servem como mediadores entre o passado vivido e a mem\u00f3ria que o pai deseja preservar para sempre. \u00c9 um exerc\u00edcio de <strong>afirma\u00e7\u00e3o existencial<\/strong> necess\u00e1rio para manter a sa\u00fade mental e o equil\u00edbrio emocional.<\/p>\n\n\n\n<figure class=\"wp-block-image size-full\"><img decoding=\"async\" width=\"1280\" height=\"720\" src=\"https:\/\/www.correiobraziliense.com.br\/cbradar\/wp-content\/uploads\/2026\/05\/Gemini_Generated_Image_ozr8qeozr8qeozr8-1-1.png\" alt=\"A psicologia diz que o pai que guarda cada desenho, cada boletim, e cada impress\u00e3o da m\u00e3o n\u00e3o \u00e9 sentimental, ele est\u00e1 tentando provar a si mesmo que os anos realmente aconteceram\" class=\"wp-image-235780\" srcset=\"https:\/\/www.correiobraziliense.com.br\/cbradar\/wp-content\/uploads\/2026\/05\/Gemini_Generated_Image_ozr8qeozr8qeozr8-1-1.png 1280w, https:\/\/www.correiobraziliense.com.br\/cbradar\/wp-content\/uploads\/2026\/05\/Gemini_Generated_Image_ozr8qeozr8qeozr8-1-1-300x169.png 300w, https:\/\/www.correiobraziliense.com.br\/cbradar\/wp-content\/uploads\/2026\/05\/Gemini_Generated_Image_ozr8qeozr8qeozr8-1-1-768x432.png 768w, https:\/\/www.correiobraziliense.com.br\/cbradar\/wp-content\/uploads\/2026\/05\/Gemini_Generated_Image_ozr8qeozr8qeozr8-1-1-750x422.png 750w, https:\/\/www.correiobraziliense.com.br\/cbradar\/wp-content\/uploads\/2026\/05\/Gemini_Generated_Image_ozr8qeozr8qeozr8-1-1-1140x641.png 1140w\" sizes=\"(max-width: 1280px) 100vw, 1280px\" \/><figcaption class=\"wp-element-caption\">Guardar lembran\u00e7as dos filhos pode revelar mais sobre voc\u00ea do que parece<\/figcaption><\/figure>\n\n\n\n<h2 class=\"wp-block-heading\">Como a psicologia explica o colecionismo sentimental na fam\u00edlia?<\/h2>\n\n\n\n<p>Especialistas explicam que esse comportamento reflete a necessidade humana de conferir significado e ordem aos eventos aleat\u00f3rios da vida cotidiana. Organizar as lembran\u00e7as ajuda o indiv\u00edduo a construir uma identidade familiar s\u00f3lida e coerente diante de tantas mudan\u00e7as sociais r\u00e1pidas. Entender essas motiva\u00e7\u00f5es auxilia pais a lidarem melhor com a press\u00e3o por serem sempre provedores fortes e produtivos.<\/p>\n\n\n\n<p>A <strong>Associa\u00e7\u00e3o Americana de Psicologia<\/strong> ressalta que rituais de preserva\u00e7\u00e3o de mem\u00f3ria s\u00e3o fundamentais para garantir o bem-estar psicol\u00f3gico em situa\u00e7\u00f5es de estresse cr\u00f4nico. Voc\u00ea pode entender mais sobre como o c\u00e9rebro humano organiza lembran\u00e7as afetivas acessando o portal oficial da <a href=\"https:\/\/www.apa.org\/topics\/learning-memory\" target=\"_blank\" rel=\"noreferrer noopener\">APA<\/a>. Valorizar esses registros f\u00edsicos \u00e9 um passo essencial para fortalecer a <strong>sa\u00fade emocional<\/strong> de toda a fam\u00edlia brasileira.<\/p>\n","protected":false},"excerpt":{"rendered":"<p>Guardar desenhos e boletins escolares costuma ser visto apenas como um gesto de carinho paterno, mas a psicologia sugere motiva\u00e7\u00f5es mais profundas. Muitos pais utilizam esses registros f\u00edsicos para ancorar mem\u00f3rias em meio \u00e0 rotina exaustiva do cotidiano. Esses objetos funcionam como provas tang\u00edveis de que o tempo realmente passou e foi vivido. Por que [&hellip;]<\/p>\n","protected":false},"author":21,"featured_media":235778,"comment_status":"open","ping_status":"open","sticky":false,"template":"","format":"standard","meta":{"_yoast_wpseo_focuskw":"guardar lembran\u00e7as dos filhos significado","_yoast_wpseo_title":"","_yoast_wpseo_metadesc":"Guardar desenhos e boletins pode parecer afeto, mas revela algo mais profundo. Existe um motivo emocional por tr\u00e1s desse h\u00e1bito silencioso.","jnews-multi-image_gallery":[],"jnews_single_post":{"format":"standard"},"jnews_primary_category":[],"jnews_social_meta":[],"jnews_override_counter":[],"footnotes":""},"categories":[112],"tags":[4377,2858,8463,404],"class_list":["post-235775","post","type-post","status-publish","format-standard","has-post-thumbnail","hentry","category-curiosidades","tag-criancas","tag-filhos","tag-pai","tag-psicologia"],"yoast_head":"<!-- This site is optimized with the Yoast SEO plugin v24.6 - https:\/\/yoast.com\/wordpress\/plugins\/seo\/ -->\n<title>A psicologia diz que o pai que guarda cada desenho, cada boletim, e cada impress\u00e3o da m\u00e3o n\u00e3o \u00e9 sentimental, ele est\u00e1 tentando provar a si mesmo que os anos realmente aconteceram - Correio Braziliense - Radar<\/title>\n<meta name=\"description\" content=\"Guardar desenhos e boletins pode parecer afeto, mas revela algo mais profundo. Existe um motivo emocional por tr\u00e1s desse h\u00e1bito silencioso.\" \/>\n<meta name=\"robots\" content=\"index, follow, max-snippet:-1, max-image-preview:large, max-video-preview:-1\" \/>\n<link rel=\"canonical\" href=\"https:\/\/www.correiobraziliense.com.br\/cbradar\/a-psicologia-diz-que-o-pai-que-guarda-cada-desenho-cada-boletim-e-cada-impressao-da-mao-nao-e-sentimental-ele-esta-tentando-provar-a-si-mesmo-que-os-anos-realmente-aconteceram\/\" \/>\n<meta property=\"og:locale\" content=\"pt_BR\" \/>\n<meta property=\"og:type\" content=\"article\" \/>\n<meta property=\"og:title\" content=\"A psicologia diz que o pai que guarda cada desenho, cada boletim, e cada impress\u00e3o da m\u00e3o n\u00e3o \u00e9 sentimental, ele est\u00e1 tentando provar a si mesmo que os anos realmente aconteceram - Correio Braziliense - Radar\" \/>\n<meta property=\"og:description\" content=\"Guardar desenhos e boletins pode parecer afeto, mas revela algo mais profundo. Existe um motivo emocional por tr\u00e1s desse h\u00e1bito silencioso.\" \/>\n<meta property=\"og:url\" content=\"https:\/\/www.correiobraziliense.com.br\/cbradar\/a-psicologia-diz-que-o-pai-que-guarda-cada-desenho-cada-boletim-e-cada-impressao-da-mao-nao-e-sentimental-ele-esta-tentando-provar-a-si-mesmo-que-os-anos-realmente-aconteceram\/\" \/>\n<meta property=\"og:site_name\" content=\"Correio Braziliense - Radar\" \/>\n<meta property=\"article:published_time\" content=\"2026-05-01T20:30:51+00:00\" \/>\n<meta property=\"article:modified_time\" content=\"2026-05-01T20:30:54+00:00\" \/>\n<meta property=\"og:image\" content=\"https:\/\/www.correiobraziliense.com.br\/cbradar\/wp-content\/uploads\/2026\/05\/Gemini_Generated_Image_vkqa4ivkqa4ivkqa-1-1.png\" \/>\n\t<meta property=\"og:image:width\" content=\"1280\" \/>\n\t<meta property=\"og:image:height\" content=\"720\" \/>\n\t<meta property=\"og:image:type\" content=\"image\/png\" \/>\n<meta name=\"author\" content=\"Patrick Silva\" \/>\n<meta name=\"twitter:card\" content=\"summary_large_image\" \/>\n<meta name=\"twitter:label1\" content=\"Escrito por\" \/>\n\t<meta name=\"twitter:data1\" content=\"Patrick Silva\" \/>\n\t<meta name=\"twitter:label2\" content=\"Est. tempo de leitura\" \/>\n\t<meta name=\"twitter:data2\" content=\"5 minutos\" \/>\n<!-- \/ Yoast SEO plugin. -->","yoast_head_json":{"title":"A psicologia diz que o pai que guarda cada desenho, cada boletim, e cada impress\u00e3o da m\u00e3o n\u00e3o \u00e9 sentimental, ele est\u00e1 tentando provar a si mesmo que os anos realmente aconteceram - Correio Braziliense - Radar","description":"Guardar desenhos e boletins pode parecer afeto, mas revela algo mais profundo. Existe um motivo emocional por tr\u00e1s desse h\u00e1bito silencioso.","robots":{"index":"index","follow":"follow","max-snippet":"max-snippet:-1","max-image-preview":"max-image-preview:large","max-video-preview":"max-video-preview:-1"},"canonical":"https:\/\/www.correiobraziliense.com.br\/cbradar\/a-psicologia-diz-que-o-pai-que-guarda-cada-desenho-cada-boletim-e-cada-impressao-da-mao-nao-e-sentimental-ele-esta-tentando-provar-a-si-mesmo-que-os-anos-realmente-aconteceram\/","og_locale":"pt_BR","og_type":"article","og_title":"A psicologia diz que o pai que guarda cada desenho, cada boletim, e cada impress\u00e3o da m\u00e3o n\u00e3o \u00e9 sentimental, ele est\u00e1 tentando provar a si mesmo que os anos realmente aconteceram - Correio Braziliense - Radar","og_description":"Guardar desenhos e boletins pode parecer afeto, mas revela algo mais profundo. Existe um motivo emocional por tr\u00e1s desse h\u00e1bito silencioso.","og_url":"https:\/\/www.correiobraziliense.com.br\/cbradar\/a-psicologia-diz-que-o-pai-que-guarda-cada-desenho-cada-boletim-e-cada-impressao-da-mao-nao-e-sentimental-ele-esta-tentando-provar-a-si-mesmo-que-os-anos-realmente-aconteceram\/","og_site_name":"Correio Braziliense - Radar","article_published_time":"2026-05-01T20:30:51+00:00","article_modified_time":"2026-05-01T20:30:54+00:00","og_image":[{"width":1280,"height":720,"url":"https:\/\/www.correiobraziliense.com.br\/cbradar\/wp-content\/uploads\/2026\/05\/Gemini_Generated_Image_vkqa4ivkqa4ivkqa-1-1.png","type":"image\/png"}],"author":"Patrick Silva","twitter_card":"summary_large_image","twitter_misc":{"Escrito por":"Patrick Silva","Est. tempo de leitura":"5 minutos"},"schema":{"@context":"https:\/\/schema.org","@graph":[{"@type":"WebPage","@id":"https:\/\/www.correiobraziliense.com.br\/cbradar\/a-psicologia-diz-que-o-pai-que-guarda-cada-desenho-cada-boletim-e-cada-impressao-da-mao-nao-e-sentimental-ele-esta-tentando-provar-a-si-mesmo-que-os-anos-realmente-aconteceram\/","url":"https:\/\/www.correiobraziliense.com.br\/cbradar\/a-psicologia-diz-que-o-pai-que-guarda-cada-desenho-cada-boletim-e-cada-impressao-da-mao-nao-e-sentimental-ele-esta-tentando-provar-a-si-mesmo-que-os-anos-realmente-aconteceram\/","name":"A psicologia diz que o pai que guarda cada desenho, cada boletim, e cada impress\u00e3o da m\u00e3o n\u00e3o \u00e9 sentimental, ele est\u00e1 tentando provar a si mesmo que os anos realmente aconteceram - Correio Braziliense - Radar","isPartOf":{"@id":"https:\/\/www.correiobraziliense.com.br\/cbradar\/#website"},"primaryImageOfPage":{"@id":"https:\/\/www.correiobraziliense.com.br\/cbradar\/a-psicologia-diz-que-o-pai-que-guarda-cada-desenho-cada-boletim-e-cada-impressao-da-mao-nao-e-sentimental-ele-esta-tentando-provar-a-si-mesmo-que-os-anos-realmente-aconteceram\/#primaryimage"},"image":{"@id":"https:\/\/www.correiobraziliense.com.br\/cbradar\/a-psicologia-diz-que-o-pai-que-guarda-cada-desenho-cada-boletim-e-cada-impressao-da-mao-nao-e-sentimental-ele-esta-tentando-provar-a-si-mesmo-que-os-anos-realmente-aconteceram\/#primaryimage"},"thumbnailUrl":"https:\/\/www.correiobraziliense.com.br\/cbradar\/wp-content\/uploads\/2026\/05\/Gemini_Generated_Image_vkqa4ivkqa4ivkqa-1-1.png","datePublished":"2026-05-01T20:30:51+00:00","dateModified":"2026-05-01T20:30:54+00:00","author":{"@id":"https:\/\/www.correiobraziliense.com.br\/cbradar\/#\/schema\/person\/5440b72be9c7eb74f446c846479dc4da"},"description":"Guardar desenhos e boletins pode parecer afeto, mas revela algo mais profundo. Existe um motivo emocional por tr\u00e1s desse h\u00e1bito silencioso.","breadcrumb":{"@id":"https:\/\/www.correiobraziliense.com.br\/cbradar\/a-psicologia-diz-que-o-pai-que-guarda-cada-desenho-cada-boletim-e-cada-impressao-da-mao-nao-e-sentimental-ele-esta-tentando-provar-a-si-mesmo-que-os-anos-realmente-aconteceram\/#breadcrumb"},"inLanguage":"pt-BR","potentialAction":[{"@type":"ReadAction","target":["https:\/\/www.correiobraziliense.com.br\/cbradar\/a-psicologia-diz-que-o-pai-que-guarda-cada-desenho-cada-boletim-e-cada-impressao-da-mao-nao-e-sentimental-ele-esta-tentando-provar-a-si-mesmo-que-os-anos-realmente-aconteceram\/"]}]},{"@type":"ImageObject","inLanguage":"pt-BR","@id":"https:\/\/www.correiobraziliense.com.br\/cbradar\/a-psicologia-diz-que-o-pai-que-guarda-cada-desenho-cada-boletim-e-cada-impressao-da-mao-nao-e-sentimental-ele-esta-tentando-provar-a-si-mesmo-que-os-anos-realmente-aconteceram\/#primaryimage","url":"https:\/\/www.correiobraziliense.com.br\/cbradar\/wp-content\/uploads\/2026\/05\/Gemini_Generated_Image_vkqa4ivkqa4ivkqa-1-1.png","contentUrl":"https:\/\/www.correiobraziliense.com.br\/cbradar\/wp-content\/uploads\/2026\/05\/Gemini_Generated_Image_vkqa4ivkqa4ivkqa-1-1.png","width":1280,"height":720,"caption":"Guardar lembran\u00e7as dos filhos pode revelar mais sobre voc\u00ea do que parece"},{"@type":"BreadcrumbList","@id":"https:\/\/www.correiobraziliense.com.br\/cbradar\/a-psicologia-diz-que-o-pai-que-guarda-cada-desenho-cada-boletim-e-cada-impressao-da-mao-nao-e-sentimental-ele-esta-tentando-provar-a-si-mesmo-que-os-anos-realmente-aconteceram\/#breadcrumb","itemListElement":[{"@type":"ListItem","position":1,"name":"In\u00edcio","item":"https:\/\/www.correiobraziliense.com.br\/cbradar\/"},{"@type":"ListItem","position":2,"name":"A psicologia diz que o pai que guarda cada desenho, cada boletim, e cada impress\u00e3o da m\u00e3o n\u00e3o \u00e9 sentimental, ele est\u00e1 tentando provar a si mesmo que os anos realmente aconteceram"}]},{"@type":"WebSite","@id":"https:\/\/www.correiobraziliense.com.br\/cbradar\/#website","url":"https:\/\/www.correiobraziliense.com.br\/cbradar\/","name":"Correio Braziliense - Radar","description":"Acompanhe as \u00faltimas not\u00edcias e fique bem informado sobre tudo o que acontece no Brasil e no mundo.","potentialAction":[{"@type":"SearchAction","target":{"@type":"EntryPoint","urlTemplate":"https:\/\/www.correiobraziliense.com.br\/cbradar\/?s={search_term_string}"},"query-input":{"@type":"PropertyValueSpecification","valueRequired":true,"valueName":"search_term_string"}}],"inLanguage":"pt-BR"},{"@type":"Person","@id":"https:\/\/www.correiobraziliense.com.br\/cbradar\/#\/schema\/person\/5440b72be9c7eb74f446c846479dc4da","name":"Patrick Silva","image":{"@type":"ImageObject","inLanguage":"pt-BR","@id":"https:\/\/www.correiobraziliense.com.br\/cbradar\/#\/schema\/person\/image\/","url":"https:\/\/secure.gravatar.com\/avatar\/944109df296fc087785c9715fd5f80b2?s=96&d=mm&r=g","contentUrl":"https:\/\/secure.gravatar.com\/avatar\/944109df296fc087785c9715fd5f80b2?s=96&d=mm&r=g","caption":"Patrick Silva"},"sameAs":["https:\/\/www.correiobraziliense.com.br\/cbradar\/"],"url":"https:\/\/www.correiobraziliense.com.br\/cbradar\/author\/patrick-silva\/"}]}},"_links":{"self":[{"href":"https:\/\/www.correiobraziliense.com.br\/cbradar\/wp-json\/wp\/v2\/posts\/235775","targetHints":{"allow":["GET"]}}],"collection":[{"href":"https:\/\/www.correiobraziliense.com.br\/cbradar\/wp-json\/wp\/v2\/posts"}],"about":[{"href":"https:\/\/www.correiobraziliense.com.br\/cbradar\/wp-json\/wp\/v2\/types\/post"}],"author":[{"embeddable":true,"href":"https:\/\/www.correiobraziliense.com.br\/cbradar\/wp-json\/wp\/v2\/users\/21"}],"replies":[{"embeddable":true,"href":"https:\/\/www.correiobraziliense.com.br\/cbradar\/wp-json\/wp\/v2\/comments?post=235775"}],"version-history":[{"count":5,"href":"https:\/\/www.correiobraziliense.com.br\/cbradar\/wp-json\/wp\/v2\/posts\/235775\/revisions"}],"predecessor-version":[{"id":235783,"href":"https:\/\/www.correiobraziliense.com.br\/cbradar\/wp-json\/wp\/v2\/posts\/235775\/revisions\/235783"}],"wp:featuredmedia":[{"embeddable":true,"href":"https:\/\/www.correiobraziliense.com.br\/cbradar\/wp-json\/wp\/v2\/media\/235778"}],"wp:attachment":[{"href":"https:\/\/www.correiobraziliense.com.br\/cbradar\/wp-json\/wp\/v2\/media?parent=235775"}],"wp:term":[{"taxonomy":"category","embeddable":true,"href":"https:\/\/www.correiobraziliense.com.br\/cbradar\/wp-json\/wp\/v2\/categories?post=235775"},{"taxonomy":"post_tag","embeddable":true,"href":"https:\/\/www.correiobraziliense.com.br\/cbradar\/wp-json\/wp\/v2\/tags?post=235775"}],"curies":[{"name":"wp","href":"https:\/\/api.w.org\/{rel}","templated":true}]}}