{"id":235789,"date":"2026-05-01T20:00:20","date_gmt":"2026-05-01T23:00:20","guid":{"rendered":"https:\/\/www.correiobraziliense.com.br\/cbradar\/?p=235789"},"modified":"2026-05-01T20:00:23","modified_gmt":"2026-05-01T23:00:23","slug":"a-psicologia-diz-que-pessoas-que-usam-a-mesma-caneca-de-cafe-por-anos-geralmente-apresentam-estas-caracteristicas-distintas","status":"publish","type":"post","link":"https:\/\/www.correiobraziliense.com.br\/cbradar\/a-psicologia-diz-que-pessoas-que-usam-a-mesma-caneca-de-cafe-por-anos-geralmente-apresentam-estas-caracteristicas-distintas\/","title":{"rendered":"A psicologia diz que pessoas que usam a mesma caneca de caf\u00e9 por anos geralmente apresentam estas caracter\u00edsticas distintas"},"content":{"rendered":"\n<p>Manter um objeto cotidiano por muito tempo revela tra\u00e7os profundos da personalidade e do comportamento humano em sociedade. O uso persistente da mesma caneca de caf\u00e9 ultrapassa o simples utilitarismo, funcionando como uma \u00e2ncora emocional poderosa para enfrentar rotinas exaustivas. Essa escolha repetitiva sinaliza uma busca inconsciente por estabilidade e conforto psicol\u00f3gico di\u00e1rio.<\/p>\n\n\n\n<h2 class=\"wp-block-heading\">Como o apego a objetos define a estabilidade emocional?<\/h2>\n\n\n\n<p>Para a <strong><a href=\"https:\/\/www.correiobraziliense.com.br\/cbradar\/a-psicologia-diz-que-o-pai-que-guarda-cada-desenho-cada-boletim-e-cada-impressao-da-mao-nao-e-sentimental-ele-esta-tentando-provar-a-si-mesmo-que-os-anos-realmente-aconteceram\/\" target=\"_blank\" rel=\"noreferrer noopener\">psicologia <\/a><\/strong>moderna, objetos pessoais de uso constante servem como ferramentas de autorregula\u00e7\u00e3o emocional em momentos estressantes. Possuir uma caneca favorita cria um senso de continuidade que ajuda o c\u00e9rebro a processar transi\u00e7\u00f5es dif\u00edceis entre tarefas complexas. Essa previsibilidade f\u00edsica oferece um suporte mental necess\u00e1rio para quem enfrenta ambientes de trabalho altamente vol\u00e1teis e desafiadores.<\/p>\n\n\n\n<p>O v\u00ednculo com itens inanimados tamb\u00e9m revela uma personalidade que valoriza a <strong>lealdade<\/strong> e a durabilidade nas rela\u00e7\u00f5es interpessoais. Indiv\u00edduos que preservam a mesma caneca por d\u00e9cadas tendem a ser mais resilientes diante de mudan\u00e7as externas bruscas. Eles buscam seguran\u00e7a em detalhes familiares que refor\u00e7am a identidade pessoal contra as press\u00f5es exercidas pelo mundo externo digitalizado.<\/p>\n\n\n\n<figure class=\"wp-block-image size-full\"><img decoding=\"async\" width=\"1280\" height=\"720\" src=\"https:\/\/www.correiobraziliense.com.br\/cbradar\/wp-content\/uploads\/2026\/05\/Gemini_Generated_Image_5tatr35tatr35tat-1-1.png\" alt=\"A psicologia diz que pessoas que usam a mesma caneca de caf\u00e9 por anos geralmente apresentam estas caracter\u00edsticas distintas\" class=\"wp-image-235793\" srcset=\"https:\/\/www.correiobraziliense.com.br\/cbradar\/wp-content\/uploads\/2026\/05\/Gemini_Generated_Image_5tatr35tatr35tat-1-1.png 1280w, https:\/\/www.correiobraziliense.com.br\/cbradar\/wp-content\/uploads\/2026\/05\/Gemini_Generated_Image_5tatr35tatr35tat-1-1-300x169.png 300w, https:\/\/www.correiobraziliense.com.br\/cbradar\/wp-content\/uploads\/2026\/05\/Gemini_Generated_Image_5tatr35tatr35tat-1-1-768x432.png 768w, https:\/\/www.correiobraziliense.com.br\/cbradar\/wp-content\/uploads\/2026\/05\/Gemini_Generated_Image_5tatr35tatr35tat-1-1-750x422.png 750w, https:\/\/www.correiobraziliense.com.br\/cbradar\/wp-content\/uploads\/2026\/05\/Gemini_Generated_Image_5tatr35tatr35tat-1-1-1140x641.png 1140w\" sizes=\"(max-width: 1280px) 100vw, 1280px\" \/><figcaption class=\"wp-element-caption\">Usar sempre a mesma caneca pode dizer mais sobre voc\u00ea do que parece<\/figcaption><\/figure>\n\n\n\n<h2 class=\"wp-block-heading\">De que forma o h\u00e1bito repetitivo influencia a produtividade?<\/h2>\n\n\n\n<p>Manter rituais matinais com o mesmo recipiente ajuda a sinalizar ao sistema nervoso que \u00e9 hora de focar totalmente. A mente humana associa o peso e a textura da caneca conhecida ao estado de prontid\u00e3o mental exigido pela carreira profissional. Esse gatilho sensorial reduz o tempo de adapta\u00e7\u00e3o necess\u00e1rio para iniciar fluxos de trabalho que requerem <strong>alta performance<\/strong>.<\/p>\n\n\n\n<p>Pessoas que mant\u00eam itens antigos demonstram uma resist\u00eancia maior ao consumismo desenfreado, preferindo a funcionalidade testada pela experi\u00eancia pessoal. Essa escolha consciente economiza energia mental que seria gasta em decis\u00f5es irrelevantes sobre qual utens\u00edlio utilizar em cada refei\u00e7\u00e3o do dia. A simplicidade volunt\u00e1ria torna o cotidiano mais fluido, permitindo que a aten\u00e7\u00e3o permane\u00e7a voltada para objetivos muito mais significativos.<\/p>\n\n\n\n<h2 class=\"wp-block-heading\">Quais tra\u00e7os de personalidade est\u00e3o ligados a esse apego?<\/h2>\n\n\n\n<p>O uso prolongado de um mesmo objeto revela nuances psicol\u00f3gicas sobre como o indiv\u00edduo lida com o passado e o presente. Analisar esses comportamentos ajuda a entender a busca por seguran\u00e7a emocional em um mundo em constante transforma\u00e7\u00e3o digital e social. <\/p>\n\n\n\n<p>Analise os tra\u00e7os mais comuns observados em quem preserva seus utens\u00edlios favoritos por longos per\u00edodos de tempo:<\/p>\n\n\n\n<ul class=\"wp-block-list\">\n<li>Alta valoriza\u00e7\u00e3o da <strong>estabilidade<\/strong>.<\/li>\n\n\n\n<li>Tend\u00eancia ao pensamento nost\u00e1lgico.<\/li>\n\n\n\n<li>Prefer\u00eancia por rotinas previs\u00edveis.<\/li>\n\n\n\n<li>Resili\u00eancia em crises externas.<\/li>\n\n\n\n<li>Valoriza\u00e7\u00e3o de conex\u00f5es duradouras.<\/li>\n<\/ul>\n\n\n\n<h2 class=\"wp-block-heading\">Por que a mem\u00f3ria afetiva reside em objetos simples?<\/h2>\n\n\n\n<p>A psicologia do desenvolvimento explica que objetos de transi\u00e7\u00e3o ajudam o adulto a gerenciar sentimentos de solid\u00e3o ou incerteza. Uma caneca antiga carrega mem\u00f3rias de vit\u00f3rias e desafios superados, servindo como um lembrete f\u00edsico de que o indiv\u00edduo \u00e9 capaz de perseverar. O contato visual com o item familiar reduz os n\u00edveis de cortisol e promove a <strong>calma<\/strong>.<\/p>\n\n\n\n<p>Al\u00e9m disso, o apego a itens cotidianos reflete uma necessidade de ancoragem em um cotidiano que muitas vezes parece impessoal. Guardar a caneca que esteve presente em momentos cruciais da carreira refor\u00e7a a narrativa pessoal de crescimento e evolu\u00e7\u00e3o constante. Manter esse v\u00ednculo material \u00e9 uma forma saud\u00e1vel de preservar a pr\u00f3pria ess\u00eancia humana diante de tantas mudan\u00e7as sociais.<\/p>\n\n\n\n<figure class=\"wp-block-image size-full\"><img decoding=\"async\" width=\"1280\" height=\"720\" src=\"https:\/\/www.correiobraziliense.com.br\/cbradar\/wp-content\/uploads\/2026\/05\/Gemini_Generated_Image_dnshh1dnshh1dnsh-1-1.png\" alt=\"A psicologia diz que pessoas que usam a mesma caneca de caf\u00e9 por anos geralmente apresentam estas caracter\u00edsticas distintas\" class=\"wp-image-235795\" srcset=\"https:\/\/www.correiobraziliense.com.br\/cbradar\/wp-content\/uploads\/2026\/05\/Gemini_Generated_Image_dnshh1dnshh1dnsh-1-1.png 1280w, https:\/\/www.correiobraziliense.com.br\/cbradar\/wp-content\/uploads\/2026\/05\/Gemini_Generated_Image_dnshh1dnshh1dnsh-1-1-300x169.png 300w, https:\/\/www.correiobraziliense.com.br\/cbradar\/wp-content\/uploads\/2026\/05\/Gemini_Generated_Image_dnshh1dnshh1dnsh-1-1-768x432.png 768w, https:\/\/www.correiobraziliense.com.br\/cbradar\/wp-content\/uploads\/2026\/05\/Gemini_Generated_Image_dnshh1dnshh1dnsh-1-1-750x422.png 750w, https:\/\/www.correiobraziliense.com.br\/cbradar\/wp-content\/uploads\/2026\/05\/Gemini_Generated_Image_dnshh1dnshh1dnsh-1-1-1140x641.png 1140w\" sizes=\"(max-width: 1280px) 100vw, 1280px\" \/><figcaption class=\"wp-element-caption\">Usar sempre a mesma caneca pode dizer mais sobre voc\u00ea do que parece<\/figcaption><\/figure>\n\n\n\n<h2 class=\"wp-block-heading\">Como o c\u00e9rebro processa o conforto t\u00e1til repetitivo?<\/h2>\n\n\n\n<p>O contato frequente com a mesma superf\u00edcie e temperatura gera uma sensa\u00e7\u00e3o de seguran\u00e7a que o sistema l\u00edmbico reconhece prontamente. Essa familiaridade t\u00e1til ajuda a baixar a guarda defensiva da mente, permitindo uma maior abertura para a criatividade e a resolu\u00e7\u00e3o de conflitos. Utilizar o mesmo objeto diariamente \u00e9 um investimento silencioso na sua pr\u00f3pria <strong>sa\u00fade emocional<\/strong>.<\/p>\n\n\n\n<p>Entender como o apego a bens materiais influencia o bem-estar psicol\u00f3gico \u00e9 um tema recorrente em estudos de comportamento organizacional e social modernos. A <strong>American Psychological Association<\/strong> oferece recursos valiosos sobre como o ambiente f\u00edsico e os objetos pessoais impactam a regula\u00e7\u00e3o das emo\u00e7\u00f5es humanas. Confira as pesquisas detalhadas no portal da <a target=\"_blank\" rel=\"noreferrer noopener\" href=\"https:\/\/www.apa.org\/topics\/emotions\">American Psychological Association<\/a>.<\/p>\n","protected":false},"excerpt":{"rendered":"<p>Manter um objeto cotidiano por muito tempo revela tra\u00e7os profundos da personalidade e do comportamento humano em sociedade. O uso persistente da mesma caneca de caf\u00e9 ultrapassa o simples utilitarismo, funcionando como uma \u00e2ncora emocional poderosa para enfrentar rotinas exaustivas. Essa escolha repetitiva sinaliza uma busca inconsciente por estabilidade e conforto psicol\u00f3gico di\u00e1rio. Como o [&hellip;]<\/p>\n","protected":false},"author":21,"featured_media":235792,"comment_status":"open","ping_status":"open","sticky":false,"template":"","format":"standard","meta":{"_yoast_wpseo_focuskw":"usar a mesma caneca significado psicol\u00f3gico","_yoast_wpseo_title":"","_yoast_wpseo_metadesc":"Usar a mesma caneca por anos pode revelar mais do que h\u00e1bito. Existe um padr\u00e3o emocional por tr\u00e1s dessa escolha repetida no dia a dia.","jnews-multi-image_gallery":[],"jnews_single_post":{"format":"standard"},"jnews_primary_category":[],"jnews_social_meta":[],"jnews_override_counter":[],"footnotes":""},"categories":[112],"tags":[421,18539,12091,404],"class_list":["post-235789","post","type-post","status-publish","format-standard","has-post-thumbnail","hentry","category-curiosidades","tag-cafe","tag-caneca-de-cafe","tag-caracteristicas","tag-psicologia"],"yoast_head":"<!-- This site is optimized with the Yoast SEO plugin v24.6 - https:\/\/yoast.com\/wordpress\/plugins\/seo\/ -->\n<title>A psicologia diz que pessoas que usam a mesma caneca de caf\u00e9 por anos geralmente apresentam estas caracter\u00edsticas distintas - Correio Braziliense - Radar<\/title>\n<meta name=\"description\" content=\"Usar a mesma caneca por anos pode revelar mais do que h\u00e1bito. Existe um padr\u00e3o emocional por tr\u00e1s dessa escolha repetida no dia a dia.\" \/>\n<meta name=\"robots\" content=\"index, follow, max-snippet:-1, max-image-preview:large, max-video-preview:-1\" \/>\n<link rel=\"canonical\" href=\"https:\/\/www.correiobraziliense.com.br\/cbradar\/a-psicologia-diz-que-pessoas-que-usam-a-mesma-caneca-de-cafe-por-anos-geralmente-apresentam-estas-caracteristicas-distintas\/\" \/>\n<meta property=\"og:locale\" content=\"pt_BR\" \/>\n<meta property=\"og:type\" content=\"article\" \/>\n<meta property=\"og:title\" content=\"A psicologia diz que pessoas que usam a mesma caneca de caf\u00e9 por anos geralmente apresentam estas caracter\u00edsticas distintas - Correio Braziliense - Radar\" \/>\n<meta property=\"og:description\" content=\"Usar a mesma caneca por anos pode revelar mais do que h\u00e1bito. Existe um padr\u00e3o emocional por tr\u00e1s dessa escolha repetida no dia a dia.\" \/>\n<meta property=\"og:url\" content=\"https:\/\/www.correiobraziliense.com.br\/cbradar\/a-psicologia-diz-que-pessoas-que-usam-a-mesma-caneca-de-cafe-por-anos-geralmente-apresentam-estas-caracteristicas-distintas\/\" \/>\n<meta property=\"og:site_name\" content=\"Correio Braziliense - Radar\" \/>\n<meta property=\"article:published_time\" content=\"2026-05-01T23:00:20+00:00\" \/>\n<meta property=\"article:modified_time\" content=\"2026-05-01T23:00:23+00:00\" \/>\n<meta property=\"og:image\" content=\"https:\/\/www.correiobraziliense.com.br\/cbradar\/wp-content\/uploads\/2026\/05\/Gemini_Generated_Image_3l0g4x3l0g4x3l0g-1-1.png\" \/>\n\t<meta property=\"og:image:width\" content=\"1280\" \/>\n\t<meta property=\"og:image:height\" content=\"720\" \/>\n\t<meta property=\"og:image:type\" content=\"image\/png\" \/>\n<meta name=\"author\" content=\"Patrick Silva\" \/>\n<meta name=\"twitter:card\" content=\"summary_large_image\" \/>\n<meta name=\"twitter:label1\" content=\"Escrito por\" \/>\n\t<meta name=\"twitter:data1\" content=\"Patrick Silva\" \/>\n\t<meta name=\"twitter:label2\" content=\"Est. tempo de leitura\" \/>\n\t<meta name=\"twitter:data2\" content=\"5 minutos\" \/>\n<!-- \/ Yoast SEO plugin. -->","yoast_head_json":{"title":"A psicologia diz que pessoas que usam a mesma caneca de caf\u00e9 por anos geralmente apresentam estas caracter\u00edsticas distintas - Correio Braziliense - Radar","description":"Usar a mesma caneca por anos pode revelar mais do que h\u00e1bito. Existe um padr\u00e3o emocional por tr\u00e1s dessa escolha repetida no dia a dia.","robots":{"index":"index","follow":"follow","max-snippet":"max-snippet:-1","max-image-preview":"max-image-preview:large","max-video-preview":"max-video-preview:-1"},"canonical":"https:\/\/www.correiobraziliense.com.br\/cbradar\/a-psicologia-diz-que-pessoas-que-usam-a-mesma-caneca-de-cafe-por-anos-geralmente-apresentam-estas-caracteristicas-distintas\/","og_locale":"pt_BR","og_type":"article","og_title":"A psicologia diz que pessoas que usam a mesma caneca de caf\u00e9 por anos geralmente apresentam estas caracter\u00edsticas distintas - Correio Braziliense - Radar","og_description":"Usar a mesma caneca por anos pode revelar mais do que h\u00e1bito. Existe um padr\u00e3o emocional por tr\u00e1s dessa escolha repetida no dia a dia.","og_url":"https:\/\/www.correiobraziliense.com.br\/cbradar\/a-psicologia-diz-que-pessoas-que-usam-a-mesma-caneca-de-cafe-por-anos-geralmente-apresentam-estas-caracteristicas-distintas\/","og_site_name":"Correio Braziliense - Radar","article_published_time":"2026-05-01T23:00:20+00:00","article_modified_time":"2026-05-01T23:00:23+00:00","og_image":[{"width":1280,"height":720,"url":"https:\/\/www.correiobraziliense.com.br\/cbradar\/wp-content\/uploads\/2026\/05\/Gemini_Generated_Image_3l0g4x3l0g4x3l0g-1-1.png","type":"image\/png"}],"author":"Patrick Silva","twitter_card":"summary_large_image","twitter_misc":{"Escrito por":"Patrick Silva","Est. tempo de leitura":"5 minutos"},"schema":{"@context":"https:\/\/schema.org","@graph":[{"@type":"WebPage","@id":"https:\/\/www.correiobraziliense.com.br\/cbradar\/a-psicologia-diz-que-pessoas-que-usam-a-mesma-caneca-de-cafe-por-anos-geralmente-apresentam-estas-caracteristicas-distintas\/","url":"https:\/\/www.correiobraziliense.com.br\/cbradar\/a-psicologia-diz-que-pessoas-que-usam-a-mesma-caneca-de-cafe-por-anos-geralmente-apresentam-estas-caracteristicas-distintas\/","name":"A psicologia diz que pessoas que usam a mesma caneca de caf\u00e9 por anos geralmente apresentam estas caracter\u00edsticas distintas - Correio Braziliense - Radar","isPartOf":{"@id":"https:\/\/www.correiobraziliense.com.br\/cbradar\/#website"},"primaryImageOfPage":{"@id":"https:\/\/www.correiobraziliense.com.br\/cbradar\/a-psicologia-diz-que-pessoas-que-usam-a-mesma-caneca-de-cafe-por-anos-geralmente-apresentam-estas-caracteristicas-distintas\/#primaryimage"},"image":{"@id":"https:\/\/www.correiobraziliense.com.br\/cbradar\/a-psicologia-diz-que-pessoas-que-usam-a-mesma-caneca-de-cafe-por-anos-geralmente-apresentam-estas-caracteristicas-distintas\/#primaryimage"},"thumbnailUrl":"https:\/\/www.correiobraziliense.com.br\/cbradar\/wp-content\/uploads\/2026\/05\/Gemini_Generated_Image_3l0g4x3l0g4x3l0g-1-1.png","datePublished":"2026-05-01T23:00:20+00:00","dateModified":"2026-05-01T23:00:23+00:00","author":{"@id":"https:\/\/www.correiobraziliense.com.br\/cbradar\/#\/schema\/person\/5440b72be9c7eb74f446c846479dc4da"},"description":"Usar a mesma caneca por anos pode revelar mais do que h\u00e1bito. Existe um padr\u00e3o emocional por tr\u00e1s dessa escolha repetida no dia a dia.","breadcrumb":{"@id":"https:\/\/www.correiobraziliense.com.br\/cbradar\/a-psicologia-diz-que-pessoas-que-usam-a-mesma-caneca-de-cafe-por-anos-geralmente-apresentam-estas-caracteristicas-distintas\/#breadcrumb"},"inLanguage":"pt-BR","potentialAction":[{"@type":"ReadAction","target":["https:\/\/www.correiobraziliense.com.br\/cbradar\/a-psicologia-diz-que-pessoas-que-usam-a-mesma-caneca-de-cafe-por-anos-geralmente-apresentam-estas-caracteristicas-distintas\/"]}]},{"@type":"ImageObject","inLanguage":"pt-BR","@id":"https:\/\/www.correiobraziliense.com.br\/cbradar\/a-psicologia-diz-que-pessoas-que-usam-a-mesma-caneca-de-cafe-por-anos-geralmente-apresentam-estas-caracteristicas-distintas\/#primaryimage","url":"https:\/\/www.correiobraziliense.com.br\/cbradar\/wp-content\/uploads\/2026\/05\/Gemini_Generated_Image_3l0g4x3l0g4x3l0g-1-1.png","contentUrl":"https:\/\/www.correiobraziliense.com.br\/cbradar\/wp-content\/uploads\/2026\/05\/Gemini_Generated_Image_3l0g4x3l0g4x3l0g-1-1.png","width":1280,"height":720,"caption":"Usar sempre a mesma caneca pode dizer mais sobre voc\u00ea do que parece"},{"@type":"BreadcrumbList","@id":"https:\/\/www.correiobraziliense.com.br\/cbradar\/a-psicologia-diz-que-pessoas-que-usam-a-mesma-caneca-de-cafe-por-anos-geralmente-apresentam-estas-caracteristicas-distintas\/#breadcrumb","itemListElement":[{"@type":"ListItem","position":1,"name":"In\u00edcio","item":"https:\/\/www.correiobraziliense.com.br\/cbradar\/"},{"@type":"ListItem","position":2,"name":"A psicologia diz que pessoas que usam a mesma caneca de caf\u00e9 por anos geralmente apresentam estas caracter\u00edsticas distintas"}]},{"@type":"WebSite","@id":"https:\/\/www.correiobraziliense.com.br\/cbradar\/#website","url":"https:\/\/www.correiobraziliense.com.br\/cbradar\/","name":"Correio Braziliense - Radar","description":"Acompanhe as \u00faltimas not\u00edcias e fique bem informado sobre tudo o que acontece no Brasil e no mundo.","potentialAction":[{"@type":"SearchAction","target":{"@type":"EntryPoint","urlTemplate":"https:\/\/www.correiobraziliense.com.br\/cbradar\/?s={search_term_string}"},"query-input":{"@type":"PropertyValueSpecification","valueRequired":true,"valueName":"search_term_string"}}],"inLanguage":"pt-BR"},{"@type":"Person","@id":"https:\/\/www.correiobraziliense.com.br\/cbradar\/#\/schema\/person\/5440b72be9c7eb74f446c846479dc4da","name":"Patrick Silva","image":{"@type":"ImageObject","inLanguage":"pt-BR","@id":"https:\/\/www.correiobraziliense.com.br\/cbradar\/#\/schema\/person\/image\/","url":"https:\/\/secure.gravatar.com\/avatar\/944109df296fc087785c9715fd5f80b2?s=96&d=mm&r=g","contentUrl":"https:\/\/secure.gravatar.com\/avatar\/944109df296fc087785c9715fd5f80b2?s=96&d=mm&r=g","caption":"Patrick Silva"},"sameAs":["https:\/\/www.correiobraziliense.com.br\/cbradar\/"],"url":"https:\/\/www.correiobraziliense.com.br\/cbradar\/author\/patrick-silva\/"}]}},"_links":{"self":[{"href":"https:\/\/www.correiobraziliense.com.br\/cbradar\/wp-json\/wp\/v2\/posts\/235789","targetHints":{"allow":["GET"]}}],"collection":[{"href":"https:\/\/www.correiobraziliense.com.br\/cbradar\/wp-json\/wp\/v2\/posts"}],"about":[{"href":"https:\/\/www.correiobraziliense.com.br\/cbradar\/wp-json\/wp\/v2\/types\/post"}],"author":[{"embeddable":true,"href":"https:\/\/www.correiobraziliense.com.br\/cbradar\/wp-json\/wp\/v2\/users\/21"}],"replies":[{"embeddable":true,"href":"https:\/\/www.correiobraziliense.com.br\/cbradar\/wp-json\/wp\/v2\/comments?post=235789"}],"version-history":[{"count":5,"href":"https:\/\/www.correiobraziliense.com.br\/cbradar\/wp-json\/wp\/v2\/posts\/235789\/revisions"}],"predecessor-version":[{"id":235797,"href":"https:\/\/www.correiobraziliense.com.br\/cbradar\/wp-json\/wp\/v2\/posts\/235789\/revisions\/235797"}],"wp:featuredmedia":[{"embeddable":true,"href":"https:\/\/www.correiobraziliense.com.br\/cbradar\/wp-json\/wp\/v2\/media\/235792"}],"wp:attachment":[{"href":"https:\/\/www.correiobraziliense.com.br\/cbradar\/wp-json\/wp\/v2\/media?parent=235789"}],"wp:term":[{"taxonomy":"category","embeddable":true,"href":"https:\/\/www.correiobraziliense.com.br\/cbradar\/wp-json\/wp\/v2\/categories?post=235789"},{"taxonomy":"post_tag","embeddable":true,"href":"https:\/\/www.correiobraziliense.com.br\/cbradar\/wp-json\/wp\/v2\/tags?post=235789"}],"curies":[{"name":"wp","href":"https:\/\/api.w.org\/{rel}","templated":true}]}}