{"id":235798,"date":"2026-05-01T20:39:00","date_gmt":"2026-05-01T23:39:00","guid":{"rendered":"https:\/\/www.correiobraziliense.com.br\/cbradar\/?p=235798"},"modified":"2026-05-01T19:56:51","modified_gmt":"2026-05-01T22:56:51","slug":"as-3-palavras-com-a-letra-g-que-muitos-ainda-escrevem-com-j","status":"publish","type":"post","link":"https:\/\/www.correiobraziliense.com.br\/cbradar\/as-3-palavras-com-a-letra-g-que-muitos-ainda-escrevem-com-j\/","title":{"rendered":"As 3 palavras com a letra G que muitos ainda escrevem com J"},"content":{"rendered":"\n<p>Por que a ortografia confunde tanto na hora de redigir um texto formal? Escrever as <strong>3 palavras com a letra G<\/strong> incorretamente destr\u00f3i a sua imagem. O som id\u00eantico das consoantes antes das vogais E e I cria uma forte armadilha visual que afeta at\u00e9 os leitores ass\u00edduos.<\/p>\n\n\n\n<h2 class=\"wp-block-heading\">Por que o nosso c\u00e9rebro confunde essas consoantes na escrita?<\/h2>\n\n\n\n<p>O sistema fon\u00e9tico do nosso idioma possui uma peculiaridade fonol\u00f3gica muito forte. As duas consoantes produzem exatamente o mesmo som fricativo quando s\u00e3o posicionadas antes das vogais espec\u00edficas. Essa igualdade sonora anula completamente a nossa intui\u00e7\u00e3o auditiva natural durante a digita\u00e7\u00e3o veloz no celular.<\/p>\n\n\n\n<p>Sem uma diferen\u00e7a auditiva clara para guiar a m\u00e3o mec\u00e2nica, o adulto tenta resgatar a antiga imagem visual daquele termo na sua pr\u00f3pria mem\u00f3ria. A intensa correria da pesada rotina de trabalho impede uma longa reflex\u00e3o estrutural antes de enviar uma mensagem eletr\u00f4nica profissional extremamente importante.<\/p>\n\n\n<div class=\"wp-block-image\">\n<figure class=\"aligncenter size-large\"><img decoding=\"async\" width=\"1024\" height=\"576\" src=\"https:\/\/www.correiobraziliense.com.br\/cbradar\/wp-content\/uploads\/2025\/04\/escrita_1744117837072-1024x576.jpg\" alt=\"Crie um plano de metas para seu bem-estar emocional que pode mudar a sua vida!\" class=\"wp-image-20823\" srcset=\"https:\/\/www.correiobraziliense.com.br\/cbradar\/wp-content\/uploads\/2025\/04\/escrita_1744117837072-1024x576.jpg 1024w, https:\/\/www.correiobraziliense.com.br\/cbradar\/wp-content\/uploads\/2025\/04\/escrita_1744117837072-300x169.jpg 300w, https:\/\/www.correiobraziliense.com.br\/cbradar\/wp-content\/uploads\/2025\/04\/escrita_1744117837072-768x432.jpg 768w, https:\/\/www.correiobraziliense.com.br\/cbradar\/wp-content\/uploads\/2025\/04\/escrita_1744117837072-750x422.jpg 750w, https:\/\/www.correiobraziliense.com.br\/cbradar\/wp-content\/uploads\/2025\/04\/escrita_1744117837072-1140x641.jpg 1140w, https:\/\/www.correiobraziliense.com.br\/cbradar\/wp-content\/uploads\/2025\/04\/escrita_1744117837072.jpg 1280w\" sizes=\"(max-width: 1024px) 100vw, 1024px\" \/><figcaption class=\"wp-element-caption\">A regra gramatical e a origem etimol\u00f3gica de voc\u00e1bulos comuns que geram confus\u00f5es ortogr\u00e1ficas di\u00e1rias &#8211; Cr\u00e9ditos: depositphotos.com \/ pressmaster<\/figcaption><\/figure><\/div>\n\n\n<h2 class=\"wp-block-heading\">Quais s\u00e3o os termos exatos que lideram os erros di\u00e1rios?<\/h2>\n\n\n\n<p>O vocabul\u00e1rio dom\u00e9stico e o amplo campo da sa\u00fade abrigam as maiores armadilhas textuais do nosso rico idioma. Muitos termos usados exaustivamente todos os dias em conversas orais informais sofrem fortes e perigosas muta\u00e7\u00f5es indesejadas quando passam definitivamente para o papel impresso corporativo.<\/p>\n\n\n\n<h3 class=\"wp-block-heading\">Como o excesso de tecnologia afeta a nossa mem\u00f3ria visual?<\/h3>\n\n\n\n<p>O uso excessivo dos corretores autom\u00e1ticos em todos os modernos aparelhos celulares atrofia lentamente a preciosa capacidade cerebral de reten\u00e7\u00e3o gr\u00e1fica. O seu c\u00e9rebro simplesmente delega a responsabilidade da revis\u00e3o r\u00e1pida para a m\u00e1quina eletr\u00f4nica e apaga as antigas regras b\u00e1sicas assimiladas na distante escola prim\u00e1ria.<\/p>\n\n\n\n<p>Anotar a grafia correta dessas curtas express\u00f5es elimina permanentemente o perigoso risco de sofrer constrangimentos severos em grupos corporativos fechados. Analise a lista principal:<\/p>\n\n\n\n<ul class=\"wp-block-list\">\n<li><strong>Tigela:<\/strong> O largo recipiente redondo de cozinha sempre pede a s\u00e9tima letra do alfabeto.<\/li>\n\n\n\n<li><strong>Gengiva:<\/strong> A sens\u00edvel mucosa oral avermelhada assombra os pacientes das cl\u00ednicas de odontologia e jamais aceita a letra jota na sua forma\u00e7\u00e3o.<\/li>\n\n\n\n<li><strong>Vagem:<\/strong> O nutritivo alimento verde longo segue a r\u00edgida regra gramatical dos substantivos comuns terminados no sufixo padronizado.<\/li>\n<\/ul>\n\n\n\n<h2 class=\"wp-block-heading\">Como a origem hist\u00f3rica dita a regra da palavra tigela?<\/h2>\n\n\n\n<p>A complexa etimologia explica perfeitamente a estrutura f\u00edsica de cada duro voc\u00e1bulo atual. Essa espec\u00edfica palavra culin\u00e1ria deriva diretamente do cl\u00e1ssico latim tegella, mantendo a sua s\u00f3lida raiz original totalmente intacta durante toda a longa e sinuosa evolu\u00e7\u00e3o fon\u00e9tica do nosso portugu\u00eas moderno e contempor\u00e2neo.<\/p>\n\n\n\n<p>Respeitar rigorosamente a origem hist\u00f3rica imut\u00e1vel da l\u00edngua garante a pureza total do texto redigido e demonstra um vasto n\u00edvel de refinada leitura cultural di\u00e1ria.<\/p>\n\n\n\n<p>Leia tamb\u00e9m: <a href=\"https:\/\/mythneural.app\/team\/3cae4c7d-2e15-489d-8b20-98f88fdacd33\/s\/wordpress\" target=\"_blank\" rel=\"noreferrer noopener\">O que o consumo de creatina faz no c\u00e9rebro e na sua concentra\u00e7\u00e3o<\/a><\/p>\n\n\n\n<h2 class=\"wp-block-heading\">Existe um truque r\u00e1pido para memorizar a escrita de vagem?<\/h2>\n\n\n\n<p>Tentar memorizar longas e complexas cartilhas gramaticais acad\u00eamicas consome um tempo livre precioso demais. A sa\u00edda cognitiva mais inteligente exige agrupar rapidamente os elementos sint\u00e1ticos semelhantes do seu pr\u00f3prio dicion\u00e1rio mental. Todos os substantivos finais que utilizam a termina\u00e7\u00e3o agem pedem obrigatoriamente a mesma consoante sonora.<\/p>\n\n\n\n<p>O rico <strong><a href=\"https:\/\/pt.wikipedia.org\/wiki\/Portugu%C3%AAs_brasileiro\" target=\"_blank\" rel=\"noreferrer noopener\">portugu\u00eas brasileiro<\/a><\/strong> aplica esse exato padr\u00e3o l\u00f3gico em express\u00f5es corriqueiras como folhagem, coragem e viagem quando a \u00faltima atua puramente como um substantivo fixo. Voc\u00ea cria um atalho neurol\u00f3gico muito poderoso associando o saboroso legume verde longo a esse gigante grupo nominal.<\/p>\n\n\n<div class=\"wp-block-image\">\n<figure class=\"aligncenter size-large\"><img decoding=\"async\" width=\"1024\" height=\"576\" src=\"https:\/\/www.correiobraziliense.com.br\/cbradar\/wp-content\/uploads\/2025\/12\/imagem_2025-12-27_092438036-1024x576.png\" alt=\"Exerc\u00edcio de escrita com a m\u00e3o n\u00e3o dominante estimula criatividade cerebral\" class=\"wp-image-163508\" srcset=\"https:\/\/www.correiobraziliense.com.br\/cbradar\/wp-content\/uploads\/2025\/12\/imagem_2025-12-27_092438036-1024x576.png 1024w, https:\/\/www.correiobraziliense.com.br\/cbradar\/wp-content\/uploads\/2025\/12\/imagem_2025-12-27_092438036-300x169.png 300w, https:\/\/www.correiobraziliense.com.br\/cbradar\/wp-content\/uploads\/2025\/12\/imagem_2025-12-27_092438036-768x432.png 768w, https:\/\/www.correiobraziliense.com.br\/cbradar\/wp-content\/uploads\/2025\/12\/imagem_2025-12-27_092438036-750x422.png 750w, https:\/\/www.correiobraziliense.com.br\/cbradar\/wp-content\/uploads\/2025\/12\/imagem_2025-12-27_092438036-1140x641.png 1140w, https:\/\/www.correiobraziliense.com.br\/cbradar\/wp-content\/uploads\/2025\/12\/imagem_2025-12-27_092438036.png 1280w\" sizes=\"(max-width: 1024px) 100vw, 1024px\" \/><figcaption class=\"wp-element-caption\">A regra gramatical e a origem etimol\u00f3gica de voc\u00e1bulos comuns que geram confus\u00f5es ortogr\u00e1ficas di\u00e1rias<\/figcaption><\/figure><\/div>\n\n\n<h2 class=\"wp-block-heading\">Qual o impacto da falha ortogr\u00e1fica na sua rotina profissional?<\/h2>\n\n\n\n<p>Um denso curr\u00edculo t\u00e9cnico impec\u00e1vel perde quase todo o seu imenso valor de mercado ap\u00f3s um \u00fanico e fatal deslize prim\u00e1rio de reda\u00e7\u00e3o formal. Os experientes avaliadores de recursos humanos enxergam a desaten\u00e7\u00e3o ortogr\u00e1fica recorrente como um forte sinal de baixo capricho com a entrega final das tarefas.<\/p>\n\n\n\n<p>Dominar plenamente as duras regras normativas constr\u00f3i uma gigantesca e s\u00f3lida barreira de autoridade inabal\u00e1vel ao seu redor no escrit\u00f3rio. A escrita totalmente limpa e perfeitamente segura eleva o poder magn\u00e9tico da sua comunica\u00e7\u00e3o corporativa di\u00e1ria e projeta enorme respeito em todas as suas importantes negocia\u00e7\u00f5es fechadas.<\/p>\n","protected":false},"excerpt":{"rendered":"<p>Por que a ortografia confunde tanto na hora de redigir um texto formal? Escrever as 3 palavras com a letra G incorretamente destr\u00f3i a sua imagem. O som id\u00eantico das consoantes antes das vogais E e I cria uma forte armadilha visual que afeta at\u00e9 os leitores ass\u00edduos. Por que o nosso c\u00e9rebro confunde essas [&hellip;]<\/p>\n","protected":false},"author":11,"featured_media":228524,"comment_status":"open","ping_status":"open","sticky":false,"template":"","format":"standard","meta":{"_yoast_wpseo_focuskw":"3 palavras com a letra G","_yoast_wpseo_title":"","_yoast_wpseo_metadesc":"A d\u00favida cruel na hora de redigir um e-mail afeta a sua imagem profissional. Avalie como a origem dos termos define a regra exata e evite constrangimentos.","jnews-multi-image_gallery":[],"jnews_single_post":{"format":"standard"},"jnews_primary_category":[],"jnews_social_meta":[],"jnews_override_counter":[],"footnotes":""},"categories":[112],"tags":[4255,12816,11669,6081],"class_list":["post-235798","post","type-post","status-publish","format-standard","has-post-thumbnail","hentry","category-curiosidades","tag-comunicacao","tag-gramatica","tag-ortografia","tag-portugues"],"yoast_head":"<!-- This site is optimized with the Yoast SEO plugin v24.6 - https:\/\/yoast.com\/wordpress\/plugins\/seo\/ -->\n<title>As 3 palavras com a letra G que muitos ainda escrevem com J - Correio Braziliense - Radar<\/title>\n<meta name=\"description\" content=\"A d\u00favida cruel na hora de redigir um e-mail afeta a sua imagem profissional. Avalie como a origem dos termos define a regra exata e evite constrangimentos.\" \/>\n<meta name=\"robots\" content=\"index, follow, max-snippet:-1, max-image-preview:large, max-video-preview:-1\" \/>\n<link rel=\"canonical\" href=\"https:\/\/www.correiobraziliense.com.br\/cbradar\/as-3-palavras-com-a-letra-g-que-muitos-ainda-escrevem-com-j\/\" \/>\n<meta property=\"og:locale\" content=\"pt_BR\" \/>\n<meta property=\"og:type\" content=\"article\" \/>\n<meta property=\"og:title\" content=\"As 3 palavras com a letra G que muitos ainda escrevem com J - Correio Braziliense - Radar\" \/>\n<meta property=\"og:description\" content=\"A d\u00favida cruel na hora de redigir um e-mail afeta a sua imagem profissional. Avalie como a origem dos termos define a regra exata e evite constrangimentos.\" \/>\n<meta property=\"og:url\" content=\"https:\/\/www.correiobraziliense.com.br\/cbradar\/as-3-palavras-com-a-letra-g-que-muitos-ainda-escrevem-com-j\/\" \/>\n<meta property=\"og:site_name\" content=\"Correio Braziliense - Radar\" \/>\n<meta property=\"article:published_time\" content=\"2026-05-01T23:39:00+00:00\" \/>\n<meta property=\"og:image\" content=\"https:\/\/www.correiobraziliense.com.br\/cbradar\/wp-content\/uploads\/2026\/04\/IMAGEM_720p_1776625873614.jpg\" \/>\n\t<meta property=\"og:image:width\" content=\"1280\" \/>\n\t<meta property=\"og:image:height\" content=\"720\" \/>\n\t<meta property=\"og:image:type\" content=\"image\/jpeg\" \/>\n<meta name=\"author\" content=\"Paulo Custodio\" \/>\n<meta name=\"twitter:card\" content=\"summary_large_image\" \/>\n<meta name=\"twitter:label1\" content=\"Escrito por\" \/>\n\t<meta name=\"twitter:data1\" content=\"Paulo Custodio\" \/>\n\t<meta name=\"twitter:label2\" content=\"Est. tempo de leitura\" \/>\n\t<meta name=\"twitter:data2\" content=\"5 minutos\" \/>\n<!-- \/ Yoast SEO plugin. -->","yoast_head_json":{"title":"As 3 palavras com a letra G que muitos ainda escrevem com J - Correio Braziliense - Radar","description":"A d\u00favida cruel na hora de redigir um e-mail afeta a sua imagem profissional. Avalie como a origem dos termos define a regra exata e evite constrangimentos.","robots":{"index":"index","follow":"follow","max-snippet":"max-snippet:-1","max-image-preview":"max-image-preview:large","max-video-preview":"max-video-preview:-1"},"canonical":"https:\/\/www.correiobraziliense.com.br\/cbradar\/as-3-palavras-com-a-letra-g-que-muitos-ainda-escrevem-com-j\/","og_locale":"pt_BR","og_type":"article","og_title":"As 3 palavras com a letra G que muitos ainda escrevem com J - Correio Braziliense - Radar","og_description":"A d\u00favida cruel na hora de redigir um e-mail afeta a sua imagem profissional. Avalie como a origem dos termos define a regra exata e evite constrangimentos.","og_url":"https:\/\/www.correiobraziliense.com.br\/cbradar\/as-3-palavras-com-a-letra-g-que-muitos-ainda-escrevem-com-j\/","og_site_name":"Correio Braziliense - Radar","article_published_time":"2026-05-01T23:39:00+00:00","og_image":[{"width":1280,"height":720,"url":"https:\/\/www.correiobraziliense.com.br\/cbradar\/wp-content\/uploads\/2026\/04\/IMAGEM_720p_1776625873614.jpg","type":"image\/jpeg"}],"author":"Paulo Custodio","twitter_card":"summary_large_image","twitter_misc":{"Escrito por":"Paulo Custodio","Est. tempo de leitura":"5 minutos"},"schema":{"@context":"https:\/\/schema.org","@graph":[{"@type":"WebPage","@id":"https:\/\/www.correiobraziliense.com.br\/cbradar\/as-3-palavras-com-a-letra-g-que-muitos-ainda-escrevem-com-j\/","url":"https:\/\/www.correiobraziliense.com.br\/cbradar\/as-3-palavras-com-a-letra-g-que-muitos-ainda-escrevem-com-j\/","name":"As 3 palavras com a letra G que muitos ainda escrevem com J - Correio Braziliense - Radar","isPartOf":{"@id":"https:\/\/www.correiobraziliense.com.br\/cbradar\/#website"},"primaryImageOfPage":{"@id":"https:\/\/www.correiobraziliense.com.br\/cbradar\/as-3-palavras-com-a-letra-g-que-muitos-ainda-escrevem-com-j\/#primaryimage"},"image":{"@id":"https:\/\/www.correiobraziliense.com.br\/cbradar\/as-3-palavras-com-a-letra-g-que-muitos-ainda-escrevem-com-j\/#primaryimage"},"thumbnailUrl":"https:\/\/www.correiobraziliense.com.br\/cbradar\/wp-content\/uploads\/2026\/04\/IMAGEM_720p_1776625873614.jpg","datePublished":"2026-05-01T23:39:00+00:00","author":{"@id":"https:\/\/www.correiobraziliense.com.br\/cbradar\/#\/schema\/person\/4cec7857301a9a1a2ef249893cd908d3"},"description":"A d\u00favida cruel na hora de redigir um e-mail afeta a sua imagem profissional. Avalie como a origem dos termos define a regra exata e evite constrangimentos.","breadcrumb":{"@id":"https:\/\/www.correiobraziliense.com.br\/cbradar\/as-3-palavras-com-a-letra-g-que-muitos-ainda-escrevem-com-j\/#breadcrumb"},"inLanguage":"pt-BR","potentialAction":[{"@type":"ReadAction","target":["https:\/\/www.correiobraziliense.com.br\/cbradar\/as-3-palavras-com-a-letra-g-que-muitos-ainda-escrevem-com-j\/"]}]},{"@type":"ImageObject","inLanguage":"pt-BR","@id":"https:\/\/www.correiobraziliense.com.br\/cbradar\/as-3-palavras-com-a-letra-g-que-muitos-ainda-escrevem-com-j\/#primaryimage","url":"https:\/\/www.correiobraziliense.com.br\/cbradar\/wp-content\/uploads\/2026\/04\/IMAGEM_720p_1776625873614.jpg","contentUrl":"https:\/\/www.correiobraziliense.com.br\/cbradar\/wp-content\/uploads\/2026\/04\/IMAGEM_720p_1776625873614.jpg","width":1280,"height":720,"caption":"A regra gramatical e a origem etimol\u00f3gica de voc\u00e1bulos comuns que geram confus\u00f5es ortogr\u00e1ficas di\u00e1rias"},{"@type":"BreadcrumbList","@id":"https:\/\/www.correiobraziliense.com.br\/cbradar\/as-3-palavras-com-a-letra-g-que-muitos-ainda-escrevem-com-j\/#breadcrumb","itemListElement":[{"@type":"ListItem","position":1,"name":"In\u00edcio","item":"https:\/\/www.correiobraziliense.com.br\/cbradar\/"},{"@type":"ListItem","position":2,"name":"As 3 palavras com a letra G que muitos ainda escrevem com J"}]},{"@type":"WebSite","@id":"https:\/\/www.correiobraziliense.com.br\/cbradar\/#website","url":"https:\/\/www.correiobraziliense.com.br\/cbradar\/","name":"Correio Braziliense - Radar","description":"Acompanhe as \u00faltimas not\u00edcias e fique bem informado sobre tudo o que acontece no Brasil e no mundo.","potentialAction":[{"@type":"SearchAction","target":{"@type":"EntryPoint","urlTemplate":"https:\/\/www.correiobraziliense.com.br\/cbradar\/?s={search_term_string}"},"query-input":{"@type":"PropertyValueSpecification","valueRequired":true,"valueName":"search_term_string"}}],"inLanguage":"pt-BR"},{"@type":"Person","@id":"https:\/\/www.correiobraziliense.com.br\/cbradar\/#\/schema\/person\/4cec7857301a9a1a2ef249893cd908d3","name":"Paulo Custodio","image":{"@type":"ImageObject","inLanguage":"pt-BR","@id":"https:\/\/www.correiobraziliense.com.br\/cbradar\/#\/schema\/person\/image\/","url":"https:\/\/secure.gravatar.com\/avatar\/bcd67168d1534e8fcf4f45c726a87cea?s=96&d=mm&r=g","contentUrl":"https:\/\/secure.gravatar.com\/avatar\/bcd67168d1534e8fcf4f45c726a87cea?s=96&d=mm&r=g","caption":"Paulo Custodio"},"sameAs":["https:\/\/www.correiobraziliense.com.br\/cbradar"],"url":"https:\/\/www.correiobraziliense.com.br\/cbradar\/author\/paulomyth\/"}]}},"_links":{"self":[{"href":"https:\/\/www.correiobraziliense.com.br\/cbradar\/wp-json\/wp\/v2\/posts\/235798","targetHints":{"allow":["GET"]}}],"collection":[{"href":"https:\/\/www.correiobraziliense.com.br\/cbradar\/wp-json\/wp\/v2\/posts"}],"about":[{"href":"https:\/\/www.correiobraziliense.com.br\/cbradar\/wp-json\/wp\/v2\/types\/post"}],"author":[{"embeddable":true,"href":"https:\/\/www.correiobraziliense.com.br\/cbradar\/wp-json\/wp\/v2\/users\/11"}],"replies":[{"embeddable":true,"href":"https:\/\/www.correiobraziliense.com.br\/cbradar\/wp-json\/wp\/v2\/comments?post=235798"}],"version-history":[{"count":2,"href":"https:\/\/www.correiobraziliense.com.br\/cbradar\/wp-json\/wp\/v2\/posts\/235798\/revisions"}],"predecessor-version":[{"id":235800,"href":"https:\/\/www.correiobraziliense.com.br\/cbradar\/wp-json\/wp\/v2\/posts\/235798\/revisions\/235800"}],"wp:featuredmedia":[{"embeddable":true,"href":"https:\/\/www.correiobraziliense.com.br\/cbradar\/wp-json\/wp\/v2\/media\/228524"}],"wp:attachment":[{"href":"https:\/\/www.correiobraziliense.com.br\/cbradar\/wp-json\/wp\/v2\/media?parent=235798"}],"wp:term":[{"taxonomy":"category","embeddable":true,"href":"https:\/\/www.correiobraziliense.com.br\/cbradar\/wp-json\/wp\/v2\/categories?post=235798"},{"taxonomy":"post_tag","embeddable":true,"href":"https:\/\/www.correiobraziliense.com.br\/cbradar\/wp-json\/wp\/v2\/tags?post=235798"}],"curies":[{"name":"wp","href":"https:\/\/api.w.org\/{rel}","templated":true}]}}