{"id":235801,"date":"2026-05-01T20:03:33","date_gmt":"2026-05-01T23:03:33","guid":{"rendered":"https:\/\/www.correiobraziliense.com.br\/cbradar\/?p=235801"},"modified":"2026-05-01T20:03:35","modified_gmt":"2026-05-01T23:03:35","slug":"citacao-do-dia-de-aristoteles-conhecer-a-si-mesmo-e-o-comeco-de-toda-sabedoria","status":"publish","type":"post","link":"https:\/\/www.correiobraziliense.com.br\/cbradar\/citacao-do-dia-de-aristoteles-conhecer-a-si-mesmo-e-o-comeco-de-toda-sabedoria\/","title":{"rendered":"Cita\u00e7\u00e3o do dia de Arist\u00f3teles, \u201cConhecer a si mesmo \u00e9 o come\u00e7o de toda sabedoria\u201d"},"content":{"rendered":"\n<p>H\u00e1 mais de <strong>2.300<\/strong> anos, <strong>Arist\u00f3teles<\/strong> mapeou a mente humana e provou que <strong>conhecer a si mesmo<\/strong> vale muito mais do que acumular riquezas vazias. O pensador cravou que a verdadeira sabedoria nasce unicamente da observa\u00e7\u00e3o profunda e brutal dos nossos pr\u00f3prios defeitos di\u00e1rios.<\/p>\n\n\n\n<h2 class=\"wp-block-heading\">Como a mentalidade antiga enxerga a busca pela identidade pessoal?<\/h2>\n\n\n\n<p>A intensa correria da vida moderna afasta o adulto da sua pr\u00f3pria ess\u00eancia. Pensadores da antiguidade debatiam ativamente que a ignor\u00e2ncia sobre os pr\u00f3prios limites gera um ciclo perigoso de p\u00e9ssimas <strong>escolhas financeiras<\/strong> e fortes frustra\u00e7\u00f5es em todos os relacionamentos amorosos.<\/p>\n\n\n\n<p>A famosa m\u00e1xima atribu\u00edda \u00e0 figura hist\u00f3rica de <strong><a href=\"https:\/\/pt.wikipedia.org\/wiki\/Arist%C3%B3teles\" target=\"_blank\" rel=\"noreferrer noopener\">Arist\u00f3teles<\/a><\/strong> ecoa o princ\u00edpio reflexivo mais vital da humanidade. A mente precisa dominar fortemente as pr\u00f3prias emo\u00e7\u00f5es antes de tentar controlar as vari\u00e1veis externas e imprevis\u00edveis da nossa complexa sociedade atual.<\/p>\n\n\n<div class=\"wp-block-image\">\n<figure class=\"aligncenter size-full\"><img decoding=\"async\" width=\"1280\" height=\"720\" src=\"https:\/\/www.correiobraziliense.com.br\/cbradar\/wp-content\/uploads\/2026\/05\/IMAGEM_720p_1777676499760.jpg\" alt=\"Como a filosofia cl\u00e1ssica de Arist\u00f3teles sobre autoconhecimento resolve conflitos modernos\" class=\"wp-image-235804\" srcset=\"https:\/\/www.correiobraziliense.com.br\/cbradar\/wp-content\/uploads\/2026\/05\/IMAGEM_720p_1777676499760.jpg 1280w, https:\/\/www.correiobraziliense.com.br\/cbradar\/wp-content\/uploads\/2026\/05\/IMAGEM_720p_1777676499760-300x169.jpg 300w, https:\/\/www.correiobraziliense.com.br\/cbradar\/wp-content\/uploads\/2026\/05\/IMAGEM_720p_1777676499760-768x432.jpg 768w, https:\/\/www.correiobraziliense.com.br\/cbradar\/wp-content\/uploads\/2026\/05\/IMAGEM_720p_1777676499760-750x422.jpg 750w, https:\/\/www.correiobraziliense.com.br\/cbradar\/wp-content\/uploads\/2026\/05\/IMAGEM_720p_1777676499760-1140x641.jpg 1140w\" sizes=\"(max-width: 1280px) 100vw, 1280px\" \/><figcaption class=\"wp-element-caption\">Como a filosofia cl\u00e1ssica de Arist\u00f3teles sobre autoconhecimento resolve conflitos modernos<\/figcaption><\/figure><\/div>\n\n\n<h2 class=\"wp-block-heading\">Por que a falta de clareza emocional sabota o seu amadurecimento?<\/h2>\n\n\n\n<p>Viver no piloto autom\u00e1tico anestesia a sua percep\u00e7\u00e3o da dura realidade. O indiv\u00edduo que foge da introspec\u00e7\u00e3o acaba repetindo falhas dolorosas porque recusa o grande esfor\u00e7o l\u00f3gico de mapear as reais origens da sua irrita\u00e7\u00e3o rotineira e do seu extremo <strong>cansa\u00e7o f\u00edsico<\/strong>.<\/p>\n\n\n\n<p>O <strong>desenvolvimento pessoal<\/strong> aut\u00eantico exige uma honestidade intelectual absurdamente severa. Voc\u00ea paralisa o seu crescimento profissional quando mascara as suas reais fraquezas t\u00e9cnicas utilizando desculpas superficiais em vez de assumir a responsabilidade direta pela sua pr\u00f3pria evolu\u00e7\u00e3o de carreira di\u00e1ria.<\/p>\n\n\n\n<h2 class=\"wp-block-heading\">O que a ci\u00eancia moderna comprova sobre a autoan\u00e1lise constante?<\/h2>\n\n\n\n<p>Estudos da psicologia atual validam amplamente as antigas teorias comportamentais reflexivas. Especialistas focados em comportamento humano da <strong><a href=\"https:\/\/www.apa.org\/topics\/personality\" target=\"_blank\" rel=\"noreferrer noopener\">American Psychological Association<\/a><\/strong> indicam que a alt\u00edssima consci\u00eancia pessoal reduz drasticamente os n\u00edveis agudos de <strong>ansiedade<\/strong> e diminui o forte estresse ocupacional adulto.<\/p>\n\n\n\n<p>O c\u00e9rebro altamente treinado para a autoavalia\u00e7\u00e3o processa conflitos sociais com extrema frieza e precis\u00e3o. Essa pausa estrat\u00e9gica evita respostas impulsivas destrutivas durante as discuss\u00f5es familiares e preserva a integridade de la\u00e7os afetivos valiosos que demoraram longos anos para serem solidificados.<\/p>\n\n\n\n<p>Leia tamb\u00e9m: <a href=\"https:\/\/mythneural.app\/team\/3cae4c7d-2e15-489d-8b20-98f88fdacd33\/s\/wordpress\" target=\"_blank\" rel=\"noreferrer noopener\">O que o consumo de creatina faz no c\u00e9rebro e na sua concentra\u00e7\u00e3o<\/a><\/p>\n\n\n\n<h3 class=\"wp-block-heading\">O impacto do foco interno na tomada de decis\u00f5es dif\u00edceis<\/h3>\n\n\n\n<p>Escolher o caminho correto exige saber exatamente quais valores inegoci\u00e1veis guiam o seu cora\u00e7\u00e3o agitado. Pessoas com alto n\u00edvel de <strong>autopercep\u00e7\u00e3o<\/strong> rejeitam rapidamente diversas propostas aparentemente lucrativas que ferem a paz de esp\u00edrito e destroem o precioso tempo livre familiar.<\/p>\n\n\n\n<p>O autodom\u00ednio absoluto evita que as brutais press\u00f5es externas ditem as regras do seu pr\u00f3prio jogo financeiro. Voc\u00ea passa a blindar o seu patrim\u00f4nio acumulado contra o constante consumo passivo fortemente induzido pelo marketing agressivo das grandes marcas do mercado.<\/p>\n\n\n\n<h2 class=\"wp-block-heading\">Quais atitudes pr\u00e1ticas ativam a verdadeira sabedoria di\u00e1ria?<\/h2>\n\n\n\n<p>Adotar uma rigorosa postura reflexiva n\u00e3o requer horas de medita\u00e7\u00e3o isolada nas montanhas. O adulto moderno desenvolve a forte <strong>intelig\u00eancia \u00edntima<\/strong> atrav\u00e9s de pequenas pausas intencionais inseridas silenciosamente no meio da sua intensa e ca\u00f3tica agenda de trabalho urbano.<\/p>\n\n\n\n<p>O registro documental dos seus pensamentos confusos materializa as grandes ang\u00fastias invis\u00edveis na folha de papel. Analise os <strong>tr\u00eas passos iniciais<\/strong> obrigat\u00f3rios para aplicar o eficiente racioc\u00ednio cl\u00e1ssico na sua rotina:<\/p>\n\n\n\n<ul class=\"wp-block-list\">\n<li><strong>Questionamento anal\u00edtico:<\/strong> Pergunte a si mesmo o motivo real da sua raiva e do seu descontentamento di\u00e1rio antes de culpar rapidamente o tr\u00e2nsito pesado.<\/li>\n\n\n\n<li><strong>Auditoria de h\u00e1bitos:<\/strong> Anote os seus gastos impulsivos na ponta do l\u00e1pis e rastreie o tempo exato perdido rodando as redes sociais durante a noite.<\/li>\n\n\n\n<li><strong>Revis\u00e3o noturna:<\/strong> Separe exatos <strong>cinco<\/strong> minutos cronometrados na cama antes de dormir para julgar as suas atitudes di\u00e1rias e planejar posturas emocionais mais maduras.<\/li>\n<\/ul>\n\n\n<div class=\"wp-block-image\">\n<figure class=\"aligncenter size-full\"><img decoding=\"async\" width=\"1280\" height=\"720\" src=\"https:\/\/www.correiobraziliense.com.br\/cbradar\/wp-content\/uploads\/2026\/05\/IMAGEM_720p_1777676501849.jpg\" alt=\"Como a filosofia cl\u00e1ssica de Arist\u00f3teles sobre autoconhecimento resolve conflitos modernos\" class=\"wp-image-235803\" srcset=\"https:\/\/www.correiobraziliense.com.br\/cbradar\/wp-content\/uploads\/2026\/05\/IMAGEM_720p_1777676501849.jpg 1280w, https:\/\/www.correiobraziliense.com.br\/cbradar\/wp-content\/uploads\/2026\/05\/IMAGEM_720p_1777676501849-300x169.jpg 300w, https:\/\/www.correiobraziliense.com.br\/cbradar\/wp-content\/uploads\/2026\/05\/IMAGEM_720p_1777676501849-768x432.jpg 768w, https:\/\/www.correiobraziliense.com.br\/cbradar\/wp-content\/uploads\/2026\/05\/IMAGEM_720p_1777676501849-750x422.jpg 750w, https:\/\/www.correiobraziliense.com.br\/cbradar\/wp-content\/uploads\/2026\/05\/IMAGEM_720p_1777676501849-1140x641.jpg 1140w\" sizes=\"(max-width: 1280px) 100vw, 1280px\" \/><figcaption class=\"wp-element-caption\">Como a filosofia cl\u00e1ssica de Arist\u00f3teles sobre autoconhecimento resolve conflitos modernos<\/figcaption><\/figure><\/div>\n\n\n<h2 class=\"wp-block-heading\">\u00c9 poss\u00edvel aprender a conhecer a si mesmo ap\u00f3s os trinta anos?<\/h2>\n\n\n\n<p>O grande mito da imutabilidade adulta aprisiona milhares de pessoas em rotinas totalmente insatisfat\u00f3rias e depressivas. A maravilhosa plasticidade neurol\u00f3gica permite que voc\u00ea reconfigure as suas cren\u00e7as limitantes e abandone comportamentos t\u00f3xicos em qualquer fase avan\u00e7ada da sua trajet\u00f3ria cronol\u00f3gica.<\/p>\n\n\n\n<p>A dif\u00edcil jornada para <strong>conhecer a si mesmo<\/strong> atua como um \u00e1rduo projeto vital\u00edcio de lapida\u00e7\u00e3o constante e ininterrupta. Assumir a lideran\u00e7a da pr\u00f3pria mente exige enorme coragem inicial, mas devolve a autonomia absoluta sobre o seu grande destino financeiro e emocional.<\/p>\n","protected":false},"excerpt":{"rendered":"<p>H\u00e1 mais de 2.300 anos, Arist\u00f3teles mapeou a mente humana e provou que conhecer a si mesmo vale muito mais do que acumular riquezas vazias. O pensador cravou que a verdadeira sabedoria nasce unicamente da observa\u00e7\u00e3o profunda e brutal dos nossos pr\u00f3prios defeitos di\u00e1rios. Como a mentalidade antiga enxerga a busca pela identidade pessoal? A [&hellip;]<\/p>\n","protected":false},"author":11,"featured_media":235802,"comment_status":"open","ping_status":"open","sticky":false,"template":"","format":"standard","meta":{"_yoast_wpseo_focuskw":"conhecer a si mesmo","_yoast_wpseo_title":"","_yoast_wpseo_metadesc":"O desejo por status afeta as suas decis\u00f5es di\u00e1rias? Avalie como conhecer a si mesmo transforma a sua mente e constr\u00f3i uma rotina adulta inabal\u00e1vel.","jnews-multi-image_gallery":[],"jnews_single_post":{"format":"standard"},"jnews_primary_category":[],"jnews_social_meta":[],"jnews_override_counter":[],"footnotes":""},"categories":[112],"tags":[1989,7018,5078,10581],"class_list":["post-235801","post","type-post","status-publish","format-standard","has-post-thumbnail","hentry","category-curiosidades","tag-amadurecimento","tag-autoconhecimento","tag-filosofia","tag-sabedoria"],"yoast_head":"<!-- This site is optimized with the Yoast SEO plugin v24.6 - https:\/\/yoast.com\/wordpress\/plugins\/seo\/ -->\n<title>Cita\u00e7\u00e3o do dia de Arist\u00f3teles, \u201cConhecer a si mesmo \u00e9 o come\u00e7o de toda sabedoria\u201d - Correio Braziliense - Radar<\/title>\n<meta name=\"description\" content=\"O desejo por status afeta as suas decis\u00f5es di\u00e1rias? Avalie como conhecer a si mesmo transforma a sua mente e constr\u00f3i uma rotina adulta inabal\u00e1vel.\" \/>\n<meta name=\"robots\" content=\"index, follow, max-snippet:-1, max-image-preview:large, max-video-preview:-1\" \/>\n<link rel=\"canonical\" href=\"https:\/\/www.correiobraziliense.com.br\/cbradar\/citacao-do-dia-de-aristoteles-conhecer-a-si-mesmo-e-o-comeco-de-toda-sabedoria\/\" \/>\n<meta property=\"og:locale\" content=\"pt_BR\" \/>\n<meta property=\"og:type\" content=\"article\" \/>\n<meta property=\"og:title\" content=\"Cita\u00e7\u00e3o do dia de Arist\u00f3teles, \u201cConhecer a si mesmo \u00e9 o come\u00e7o de toda sabedoria\u201d - Correio Braziliense - Radar\" \/>\n<meta property=\"og:description\" content=\"O desejo por status afeta as suas decis\u00f5es di\u00e1rias? Avalie como conhecer a si mesmo transforma a sua mente e constr\u00f3i uma rotina adulta inabal\u00e1vel.\" \/>\n<meta property=\"og:url\" content=\"https:\/\/www.correiobraziliense.com.br\/cbradar\/citacao-do-dia-de-aristoteles-conhecer-a-si-mesmo-e-o-comeco-de-toda-sabedoria\/\" \/>\n<meta property=\"og:site_name\" content=\"Correio Braziliense - Radar\" \/>\n<meta property=\"article:published_time\" content=\"2026-05-01T23:03:33+00:00\" \/>\n<meta property=\"article:modified_time\" content=\"2026-05-01T23:03:35+00:00\" \/>\n<meta property=\"og:image\" content=\"https:\/\/www.correiobraziliense.com.br\/cbradar\/wp-content\/uploads\/2026\/05\/IMAGEM_720p_1777676508868.jpg\" \/>\n\t<meta property=\"og:image:width\" content=\"1280\" \/>\n\t<meta property=\"og:image:height\" content=\"720\" \/>\n\t<meta property=\"og:image:type\" content=\"image\/jpeg\" \/>\n<meta name=\"author\" content=\"Paulo Custodio\" \/>\n<meta name=\"twitter:card\" content=\"summary_large_image\" \/>\n<meta name=\"twitter:label1\" content=\"Escrito por\" \/>\n\t<meta name=\"twitter:data1\" content=\"Paulo Custodio\" \/>\n\t<meta name=\"twitter:label2\" content=\"Est. tempo de leitura\" \/>\n\t<meta name=\"twitter:data2\" content=\"5 minutos\" \/>\n<!-- \/ Yoast SEO plugin. -->","yoast_head_json":{"title":"Cita\u00e7\u00e3o do dia de Arist\u00f3teles, \u201cConhecer a si mesmo \u00e9 o come\u00e7o de toda sabedoria\u201d - Correio Braziliense - Radar","description":"O desejo por status afeta as suas decis\u00f5es di\u00e1rias? Avalie como conhecer a si mesmo transforma a sua mente e constr\u00f3i uma rotina adulta inabal\u00e1vel.","robots":{"index":"index","follow":"follow","max-snippet":"max-snippet:-1","max-image-preview":"max-image-preview:large","max-video-preview":"max-video-preview:-1"},"canonical":"https:\/\/www.correiobraziliense.com.br\/cbradar\/citacao-do-dia-de-aristoteles-conhecer-a-si-mesmo-e-o-comeco-de-toda-sabedoria\/","og_locale":"pt_BR","og_type":"article","og_title":"Cita\u00e7\u00e3o do dia de Arist\u00f3teles, \u201cConhecer a si mesmo \u00e9 o come\u00e7o de toda sabedoria\u201d - Correio Braziliense - Radar","og_description":"O desejo por status afeta as suas decis\u00f5es di\u00e1rias? Avalie como conhecer a si mesmo transforma a sua mente e constr\u00f3i uma rotina adulta inabal\u00e1vel.","og_url":"https:\/\/www.correiobraziliense.com.br\/cbradar\/citacao-do-dia-de-aristoteles-conhecer-a-si-mesmo-e-o-comeco-de-toda-sabedoria\/","og_site_name":"Correio Braziliense - Radar","article_published_time":"2026-05-01T23:03:33+00:00","article_modified_time":"2026-05-01T23:03:35+00:00","og_image":[{"width":1280,"height":720,"url":"https:\/\/www.correiobraziliense.com.br\/cbradar\/wp-content\/uploads\/2026\/05\/IMAGEM_720p_1777676508868.jpg","type":"image\/jpeg"}],"author":"Paulo Custodio","twitter_card":"summary_large_image","twitter_misc":{"Escrito por":"Paulo Custodio","Est. tempo de leitura":"5 minutos"},"schema":{"@context":"https:\/\/schema.org","@graph":[{"@type":"WebPage","@id":"https:\/\/www.correiobraziliense.com.br\/cbradar\/citacao-do-dia-de-aristoteles-conhecer-a-si-mesmo-e-o-comeco-de-toda-sabedoria\/","url":"https:\/\/www.correiobraziliense.com.br\/cbradar\/citacao-do-dia-de-aristoteles-conhecer-a-si-mesmo-e-o-comeco-de-toda-sabedoria\/","name":"Cita\u00e7\u00e3o do dia de Arist\u00f3teles, \u201cConhecer a si mesmo \u00e9 o come\u00e7o de toda sabedoria\u201d - Correio Braziliense - Radar","isPartOf":{"@id":"https:\/\/www.correiobraziliense.com.br\/cbradar\/#website"},"primaryImageOfPage":{"@id":"https:\/\/www.correiobraziliense.com.br\/cbradar\/citacao-do-dia-de-aristoteles-conhecer-a-si-mesmo-e-o-comeco-de-toda-sabedoria\/#primaryimage"},"image":{"@id":"https:\/\/www.correiobraziliense.com.br\/cbradar\/citacao-do-dia-de-aristoteles-conhecer-a-si-mesmo-e-o-comeco-de-toda-sabedoria\/#primaryimage"},"thumbnailUrl":"https:\/\/www.correiobraziliense.com.br\/cbradar\/wp-content\/uploads\/2026\/05\/IMAGEM_720p_1777676508868.jpg","datePublished":"2026-05-01T23:03:33+00:00","dateModified":"2026-05-01T23:03:35+00:00","author":{"@id":"https:\/\/www.correiobraziliense.com.br\/cbradar\/#\/schema\/person\/4cec7857301a9a1a2ef249893cd908d3"},"description":"O desejo por status afeta as suas decis\u00f5es di\u00e1rias? Avalie como conhecer a si mesmo transforma a sua mente e constr\u00f3i uma rotina adulta inabal\u00e1vel.","breadcrumb":{"@id":"https:\/\/www.correiobraziliense.com.br\/cbradar\/citacao-do-dia-de-aristoteles-conhecer-a-si-mesmo-e-o-comeco-de-toda-sabedoria\/#breadcrumb"},"inLanguage":"pt-BR","potentialAction":[{"@type":"ReadAction","target":["https:\/\/www.correiobraziliense.com.br\/cbradar\/citacao-do-dia-de-aristoteles-conhecer-a-si-mesmo-e-o-comeco-de-toda-sabedoria\/"]}]},{"@type":"ImageObject","inLanguage":"pt-BR","@id":"https:\/\/www.correiobraziliense.com.br\/cbradar\/citacao-do-dia-de-aristoteles-conhecer-a-si-mesmo-e-o-comeco-de-toda-sabedoria\/#primaryimage","url":"https:\/\/www.correiobraziliense.com.br\/cbradar\/wp-content\/uploads\/2026\/05\/IMAGEM_720p_1777676508868.jpg","contentUrl":"https:\/\/www.correiobraziliense.com.br\/cbradar\/wp-content\/uploads\/2026\/05\/IMAGEM_720p_1777676508868.jpg","width":1280,"height":720,"caption":"Como a filosofia cl\u00e1ssica de Arist\u00f3teles sobre autoconhecimento resolve conflitos modernos"},{"@type":"BreadcrumbList","@id":"https:\/\/www.correiobraziliense.com.br\/cbradar\/citacao-do-dia-de-aristoteles-conhecer-a-si-mesmo-e-o-comeco-de-toda-sabedoria\/#breadcrumb","itemListElement":[{"@type":"ListItem","position":1,"name":"In\u00edcio","item":"https:\/\/www.correiobraziliense.com.br\/cbradar\/"},{"@type":"ListItem","position":2,"name":"Cita\u00e7\u00e3o do dia de Arist\u00f3teles, \u201cConhecer a si mesmo \u00e9 o come\u00e7o de toda sabedoria\u201d"}]},{"@type":"WebSite","@id":"https:\/\/www.correiobraziliense.com.br\/cbradar\/#website","url":"https:\/\/www.correiobraziliense.com.br\/cbradar\/","name":"Correio Braziliense - Radar","description":"Acompanhe as \u00faltimas not\u00edcias e fique bem informado sobre tudo o que acontece no Brasil e no mundo.","potentialAction":[{"@type":"SearchAction","target":{"@type":"EntryPoint","urlTemplate":"https:\/\/www.correiobraziliense.com.br\/cbradar\/?s={search_term_string}"},"query-input":{"@type":"PropertyValueSpecification","valueRequired":true,"valueName":"search_term_string"}}],"inLanguage":"pt-BR"},{"@type":"Person","@id":"https:\/\/www.correiobraziliense.com.br\/cbradar\/#\/schema\/person\/4cec7857301a9a1a2ef249893cd908d3","name":"Paulo Custodio","image":{"@type":"ImageObject","inLanguage":"pt-BR","@id":"https:\/\/www.correiobraziliense.com.br\/cbradar\/#\/schema\/person\/image\/","url":"https:\/\/secure.gravatar.com\/avatar\/bcd67168d1534e8fcf4f45c726a87cea?s=96&d=mm&r=g","contentUrl":"https:\/\/secure.gravatar.com\/avatar\/bcd67168d1534e8fcf4f45c726a87cea?s=96&d=mm&r=g","caption":"Paulo Custodio"},"sameAs":["https:\/\/www.correiobraziliense.com.br\/cbradar"],"url":"https:\/\/www.correiobraziliense.com.br\/cbradar\/author\/paulomyth\/"}]}},"_links":{"self":[{"href":"https:\/\/www.correiobraziliense.com.br\/cbradar\/wp-json\/wp\/v2\/posts\/235801","targetHints":{"allow":["GET"]}}],"collection":[{"href":"https:\/\/www.correiobraziliense.com.br\/cbradar\/wp-json\/wp\/v2\/posts"}],"about":[{"href":"https:\/\/www.correiobraziliense.com.br\/cbradar\/wp-json\/wp\/v2\/types\/post"}],"author":[{"embeddable":true,"href":"https:\/\/www.correiobraziliense.com.br\/cbradar\/wp-json\/wp\/v2\/users\/11"}],"replies":[{"embeddable":true,"href":"https:\/\/www.correiobraziliense.com.br\/cbradar\/wp-json\/wp\/v2\/comments?post=235801"}],"version-history":[{"count":1,"href":"https:\/\/www.correiobraziliense.com.br\/cbradar\/wp-json\/wp\/v2\/posts\/235801\/revisions"}],"predecessor-version":[{"id":235805,"href":"https:\/\/www.correiobraziliense.com.br\/cbradar\/wp-json\/wp\/v2\/posts\/235801\/revisions\/235805"}],"wp:featuredmedia":[{"embeddable":true,"href":"https:\/\/www.correiobraziliense.com.br\/cbradar\/wp-json\/wp\/v2\/media\/235802"}],"wp:attachment":[{"href":"https:\/\/www.correiobraziliense.com.br\/cbradar\/wp-json\/wp\/v2\/media?parent=235801"}],"wp:term":[{"taxonomy":"category","embeddable":true,"href":"https:\/\/www.correiobraziliense.com.br\/cbradar\/wp-json\/wp\/v2\/categories?post=235801"},{"taxonomy":"post_tag","embeddable":true,"href":"https:\/\/www.correiobraziliense.com.br\/cbradar\/wp-json\/wp\/v2\/tags?post=235801"}],"curies":[{"name":"wp","href":"https:\/\/api.w.org\/{rel}","templated":true}]}}