{"id":235806,"date":"2026-05-02T03:59:00","date_gmt":"2026-05-02T06:59:00","guid":{"rendered":"https:\/\/www.correiobraziliense.com.br\/cbradar\/?p=235806"},"modified":"2026-05-01T20:33:34","modified_gmt":"2026-05-01T23:33:34","slug":"estudos-apontam-que-criancas-que-assumiam-papel-de-mini-adultos-nao-perderam-a-infancia-elas-fortaleceram-habilidades-sociais-que-muitos-aprendem-so-depois","status":"publish","type":"post","link":"https:\/\/www.correiobraziliense.com.br\/cbradar\/estudos-apontam-que-criancas-que-assumiam-papel-de-mini-adultos-nao-perderam-a-infancia-elas-fortaleceram-habilidades-sociais-que-muitos-aprendem-so-depois\/","title":{"rendered":"Estudos apontam que crian\u00e7as que assumiam papel de mini adultos n\u00e3o perderam a inf\u00e2ncia; elas fortaleceram habilidades sociais que muitos aprendem s\u00f3 depois"},"content":{"rendered":"\n<p>A psicologia tem um nome preciso para esse fen\u00f4meno: <strong>parentifica\u00e7\u00e3o na inf\u00e2ncia<\/strong>. E o que os estudos mostram vai al\u00e9m do senso comum: essas crian\u00e7as desenvolvem compet\u00eancias emocionais reais, mas carregam um custo que nem sempre aparece na superf\u00edcie.<\/p>\n\n\n\n<h2 class=\"wp-block-heading\">O que \u00e9 parentifica\u00e7\u00e3o e por que ela acontece?<\/h2>\n\n\n\n<p>A <a href=\"https:\/\/pt.wikipedia.org\/wiki\/Parentifica%C3%A7%C3%A3o\" target=\"_blank\" rel=\"noreferrer noopener\">parentifica\u00e7\u00e3o<\/a> ocorre quando uma crian\u00e7a passa a assumir responsabilidades emocionais ou pr\u00e1ticas que deveriam pertencer aos adultos da fam\u00edlia. Isso pode acontecer em situa\u00e7\u00f5es de doen\u00e7a de um dos pais, aus\u00eancia, depend\u00eancia qu\u00edmica, instabilidade financeira ou sobrecarga emocional dos cuidadores.<\/p>\n\n\n\n<p>N\u00e3o se trata de dar uma tarefa dom\u00e9stica a uma crian\u00e7a. A diferen\u00e7a est\u00e1 na carga: quando o filho passa a ser o suporte emocional da m\u00e3e, o mediador dos conflitos familiares ou o respons\u00e1vel pelos irm\u00e3os mais novos de forma sistem\u00e1tica, ele est\u00e1 ocupando um papel que n\u00e3o \u00e9 o dele. E o desenvolvimento se reorganiza em torno disso.<\/p>\n\n\n<div class=\"wp-block-image\">\n<figure class=\"aligncenter size-full\"><img decoding=\"async\" width=\"1280\" height=\"720\" src=\"https:\/\/www.correiobraziliense.com.br\/cbradar\/wp-content\/uploads\/2026\/05\/IMAGEM_720p_1777677464700.jpg\" alt=\" Crian\u00e7as que assumiram papel de mini adultos\" class=\"wp-image-235809\" srcset=\"https:\/\/www.correiobraziliense.com.br\/cbradar\/wp-content\/uploads\/2026\/05\/IMAGEM_720p_1777677464700.jpg 1280w, https:\/\/www.correiobraziliense.com.br\/cbradar\/wp-content\/uploads\/2026\/05\/IMAGEM_720p_1777677464700-300x169.jpg 300w, https:\/\/www.correiobraziliense.com.br\/cbradar\/wp-content\/uploads\/2026\/05\/IMAGEM_720p_1777677464700-768x432.jpg 768w, https:\/\/www.correiobraziliense.com.br\/cbradar\/wp-content\/uploads\/2026\/05\/IMAGEM_720p_1777677464700-750x422.jpg 750w, https:\/\/www.correiobraziliense.com.br\/cbradar\/wp-content\/uploads\/2026\/05\/IMAGEM_720p_1777677464700-1140x641.jpg 1140w\" sizes=\"(max-width: 1280px) 100vw, 1280px\" \/><figcaption class=\"wp-element-caption\"> Crian\u00e7as que assumiram papel de mini adultos<\/figcaption><\/figure><\/div>\n\n\n<h2 class=\"wp-block-heading\">Quais habilidades essas crian\u00e7as realmente desenvolvem?<\/h2>\n\n\n\n<p>Uma revis\u00e3o sistem\u00e1tica publicada no <a href=\"https:\/\/www.ncbi.nlm.nih.gov\/pmc\/articles\/PMC10341267\/\" target=\"_blank\" rel=\"noreferrer noopener\">National Center for Biotechnology Information<\/a>, conduzida por pesquisadores da <strong>Universidade de Illinois<\/strong> e da <strong>Universidade Estadual da Georgia<\/strong>, identificou que crian\u00e7as parentificadas podem desenvolver trajet\u00f3rias distintas: algumas enfrentam dificuldades duradouras, mas outras demonstram resili\u00eancia genu\u00edna e at\u00e9 crescimento pessoal significativo.<\/p>\n\n\n\n<p>Entre as compet\u00eancias que surgem com mais frequ\u00eancia nesse grupo est\u00e3o habilidades que muitos adultos levam d\u00e9cadas para consolidar:<\/p>\n\n\n\n<ul class=\"wp-block-list\">\n<li><strong>Empatia avan\u00e7ada:<\/strong> a exposi\u00e7\u00e3o precoce \u00e0s emo\u00e7\u00f5es dos adultos treina a leitura emocional do ambiente com precis\u00e3o acima da m\u00e9dia<\/li>\n\n\n\n<li><strong>Responsabilidade pr\u00e1tica:<\/strong> organiza\u00e7\u00e3o de rotinas, tomada de decis\u00e3o em situa\u00e7\u00f5es reais e gest\u00e3o de demandas simult\u00e2neas<\/li>\n\n\n\n<li><strong>Comunica\u00e7\u00e3o interpessoal:<\/strong> media\u00e7\u00e3o de conflitos e negocia\u00e7\u00e3o entre partes com interesses opostos<\/li>\n\n\n\n<li><strong>Toler\u00e2ncia \u00e0 frustra\u00e7\u00e3o:<\/strong> exposi\u00e7\u00e3o a problemas sem solu\u00e7\u00e3o imediata desenvolve resist\u00eancia emocional funcional<\/li>\n\n\n\n<li><strong>Senso de responsabilidade coletiva:<\/strong> consci\u00eancia de que as pr\u00f3prias a\u00e7\u00f5es afetam diretamente outras pessoas<\/li>\n<\/ul>\n\n\n\n<h2 class=\"wp-block-heading\">Esse desenvolvimento precoce tem um custo emocional?<\/h2>\n\n\n\n<p>Sim, e a psicologia \u00e9 clara sobre isso. Os mesmos estudos que identificam ganhos em habilidades sociais tamb\u00e9m documentam padr\u00f5es que acompanham essas crian\u00e7as na vida adulta. <strong>Ansiedade cr\u00f4nica<\/strong>, dificuldade em estabelecer limites e autossufici\u00eancia excessiva s\u00e3o tra\u00e7os comuns em pessoas que viveram parentifica\u00e7\u00e3o intensa.<\/p>\n\n\n\n<p>A l\u00f3gica \u00e9 direta: uma crian\u00e7a que aprendeu a cuidar dos outros desde cedo raramente aprendeu a pedir ajuda. Solicitar suporte passou a parecer fraqueza, e dizer n\u00e3o passou a parecer abandono. Esses padr\u00f5es n\u00e3o somem automaticamente quando a pessoa cresce. Eles migram para os relacionamentos adultos, o ambiente de trabalho e a forma como a pessoa lida com as pr\u00f3prias necessidades.<\/p>\n\n\n\n<h2 class=\"wp-block-heading\">Como diferenciar maturidade saud\u00e1vel de parentifica\u00e7\u00e3o prejudicial?<\/h2>\n\n\n\n<p>Nem toda responsabilidade precoce \u00e9 parentifica\u00e7\u00e3o. A psicologia do desenvolvimento distingue tarefas que promovem autonomia, como arrumar o quarto ou ajudar nas compras, de responsabilidades que invertem os pap\u00e9is familiares de forma sistem\u00e1tica. O crit\u00e9rio central \u00e9 a presen\u00e7a de <strong>press\u00e3o emocional<\/strong> sobre a crian\u00e7a e a aus\u00eancia de espa\u00e7o para que ela simplesmente seja crian\u00e7a.<\/p>\n\n\n\n<p>Quando a maturidade surge da necessidade e n\u00e3o de um desenvolvimento natural e gradual, ela pode parecer compet\u00eancia por fora e esconder sobrecarga por dentro. Reconhecer essa diferen\u00e7a \u00e9 o que permite que adultos que viveram isso entendam de onde v\u00eam certos padr\u00f5es sem se culpar por t\u00ea-los.<\/p>\n\n\n<div class=\"wp-block-image\">\n<figure class=\"aligncenter size-full\"><img decoding=\"async\" width=\"1280\" height=\"720\" src=\"https:\/\/www.correiobraziliense.com.br\/cbradar\/wp-content\/uploads\/2026\/05\/IMAGEM_720p_1777677468872.jpg\" alt=\" Crian\u00e7as que assumiram papel de mini adultos\" class=\"wp-image-235810\" srcset=\"https:\/\/www.correiobraziliense.com.br\/cbradar\/wp-content\/uploads\/2026\/05\/IMAGEM_720p_1777677468872.jpg 1280w, https:\/\/www.correiobraziliense.com.br\/cbradar\/wp-content\/uploads\/2026\/05\/IMAGEM_720p_1777677468872-300x169.jpg 300w, https:\/\/www.correiobraziliense.com.br\/cbradar\/wp-content\/uploads\/2026\/05\/IMAGEM_720p_1777677468872-768x432.jpg 768w, https:\/\/www.correiobraziliense.com.br\/cbradar\/wp-content\/uploads\/2026\/05\/IMAGEM_720p_1777677468872-750x422.jpg 750w, https:\/\/www.correiobraziliense.com.br\/cbradar\/wp-content\/uploads\/2026\/05\/IMAGEM_720p_1777677468872-1140x641.jpg 1140w\" sizes=\"(max-width: 1280px) 100vw, 1280px\" \/><figcaption class=\"wp-element-caption\"> Crian\u00e7as que assumiram papel de mini adultos<\/figcaption><\/figure><\/div>\n\n\n<h2 class=\"wp-block-heading\">O que adultos que foram crian\u00e7as parentificadas costumam sentir?<\/h2>\n\n\n\n<p>Muitos descrevem uma sensa\u00e7\u00e3o constante de responsabilidade pelo estado emocional das pessoas ao redor, mesmo sem serem solicitados. H\u00e1 tamb\u00e9m dificuldade em receber cuidado sem desconforto, como se aceitar ajuda gerasse uma d\u00edvida impl\u00edcita. <\/p>\n\n\n\n<p>Reconhecer esses padr\u00f5es n\u00e3o apaga o que foi vivido, mas abre espa\u00e7o para mudan\u00e7as reais. Nomear o que aconteceu, entender que foi uma resposta adaptativa ao ambiente e n\u00e3o uma escolha, e aprender progressivamente a ocupar o pr\u00f3prio lugar sem carregar o peso de todos ao redor s\u00e3o movimentos poss\u00edveis. Muitas vezes, esse processo acontece com apoio terap\u00eautico, e n\u00e3o h\u00e1 nenhum problema nisso.<\/p>\n\n\n\n<p>Leia tamb\u00e9m: <a href=\"https:\/\/www.correiobraziliense.com.br\/cbradar\/o-nome-masculino-com-so-3-letras-que-esta-crescendo-no-brasil-por-ser-moderno-e-facil-de-pronunciar\/\" target=\"_blank\" rel=\"noreferrer noopener\">O nome masculino com s\u00f3 3 letras que est\u00e1 crescendo no Brasil por ser moderno e f\u00e1cil de pronunciar<\/a><\/p>\n\n\n\n<h3 class=\"wp-block-heading\">Quando a resili\u00eancia \u00e9 real e quando \u00e9 adapta\u00e7\u00e3o ao sofrimento<\/h3>\n\n\n\n<p>A psicologia diferencia <strong>resili\u00eancia genu\u00edna<\/strong>, em que a pessoa se adapta e cresce a partir de uma experi\u00eancia dif\u00edcil, de <strong>adapta\u00e7\u00e3o funcional ao sofrimento<\/strong>, em que ela aprende a funcionar apesar da dor sem nunca process\u00e1-la de fato. Crian\u00e7as que foram mini adultos podem ter desenvolvido as duas coisas ao mesmo tempo, e s\u00f3 na vida adulta percebem que parte do que chamavam de for\u00e7a era, na verdade, uma armadura.<\/p>\n\n\n\n<h2 class=\"wp-block-heading\">\u00c9 poss\u00edvel ressignificar essa hist\u00f3ria na vida adulta?<\/h2>\n\n\n\n<p>A resposta da psicologia contempor\u00e2nea \u00e9 sim. E ressignificar n\u00e3o significa minimizar. Significa reconhecer que habilidades reais foram desenvolvidas em condi\u00e7\u00f5es que n\u00e3o eram as ideais, e que carregar isso n\u00e3o precisa ser permanente. A <strong>maturidade emocional<\/strong> conquistada nessa trajet\u00f3ria pode ser um recurso genu\u00edno quando a pessoa tamb\u00e9m aprende a us\u00e1-la a seu pr\u00f3prio favor.<\/p>\n\n\n\n<p>Crian\u00e7as que cresceram antes do tempo carregam uma compet\u00eancia rara: sabem ler ambientes complexos, lidar com imprevistos e sustentar rela\u00e7\u00f5es sob press\u00e3o. O que muitas ainda est\u00e3o aprendendo \u00e9 que podem usar tudo isso sem precisar continuar se sacrificando para existir.<\/p>\n","protected":false},"excerpt":{"rendered":"<p>A psicologia tem um nome preciso para esse fen\u00f4meno: parentifica\u00e7\u00e3o na inf\u00e2ncia. E o que os estudos mostram vai al\u00e9m do senso comum: essas crian\u00e7as desenvolvem compet\u00eancias emocionais reais, mas carregam um custo que nem sempre aparece na superf\u00edcie. O que \u00e9 parentifica\u00e7\u00e3o e por que ela acontece? A parentifica\u00e7\u00e3o ocorre quando uma crian\u00e7a passa [&hellip;]<\/p>\n","protected":false},"author":11,"featured_media":227596,"comment_status":"open","ping_status":"open","sticky":false,"template":"","format":"standard","meta":{"_yoast_wpseo_focuskw":"parentifica\u00e7\u00e3o na inf\u00e2ncia","_yoast_wpseo_title":"","_yoast_wpseo_metadesc":"Crescer como mini adulto pode desenvolver habilidades que muitos aprendem tarde. Mas a psicologia mostra que esse ganho tem um custo que poucos percebem.","jnews-multi-image_gallery":[],"jnews_single_post":{"format":"standard"},"jnews_primary_category":[],"jnews_social_meta":[],"jnews_override_counter":[],"footnotes":""},"categories":[119],"tags":[15079,811,14941,18170],"class_list":["post-235806","post","type-post","status-publish","format-standard","has-post-thumbnail","hentry","category-bem-estar","tag-habilidades-sociais","tag-infancia","tag-maturidade-emocional","tag-parentificacao"],"yoast_head":"<!-- This site is optimized with the Yoast SEO plugin v24.6 - https:\/\/yoast.com\/wordpress\/plugins\/seo\/ -->\n<title>Estudos apontam que crian\u00e7as que assumiam papel de mini adultos n\u00e3o perderam a inf\u00e2ncia; elas fortaleceram habilidades sociais que muitos aprendem s\u00f3 depois - Correio Braziliense - Radar<\/title>\n<meta name=\"description\" content=\"Crescer como mini adulto pode desenvolver habilidades que muitos aprendem tarde. Mas a psicologia mostra que esse ganho tem um custo que poucos percebem.\" \/>\n<meta name=\"robots\" content=\"index, follow, max-snippet:-1, max-image-preview:large, max-video-preview:-1\" \/>\n<link rel=\"canonical\" href=\"https:\/\/www.correiobraziliense.com.br\/cbradar\/estudos-apontam-que-criancas-que-assumiam-papel-de-mini-adultos-nao-perderam-a-infancia-elas-fortaleceram-habilidades-sociais-que-muitos-aprendem-so-depois\/\" \/>\n<meta property=\"og:locale\" content=\"pt_BR\" \/>\n<meta property=\"og:type\" content=\"article\" \/>\n<meta property=\"og:title\" content=\"Estudos apontam que crian\u00e7as que assumiam papel de mini adultos n\u00e3o perderam a inf\u00e2ncia; elas fortaleceram habilidades sociais que muitos aprendem s\u00f3 depois - Correio Braziliense - Radar\" \/>\n<meta property=\"og:description\" content=\"Crescer como mini adulto pode desenvolver habilidades que muitos aprendem tarde. Mas a psicologia mostra que esse ganho tem um custo que poucos percebem.\" \/>\n<meta property=\"og:url\" content=\"https:\/\/www.correiobraziliense.com.br\/cbradar\/estudos-apontam-que-criancas-que-assumiam-papel-de-mini-adultos-nao-perderam-a-infancia-elas-fortaleceram-habilidades-sociais-que-muitos-aprendem-so-depois\/\" \/>\n<meta property=\"og:site_name\" content=\"Correio Braziliense - Radar\" \/>\n<meta property=\"article:published_time\" content=\"2026-05-02T06:59:00+00:00\" \/>\n<meta property=\"og:image\" content=\"https:\/\/www.correiobraziliense.com.br\/cbradar\/wp-content\/uploads\/2026\/04\/IMAGEM_720p_1776515010748.jpg\" \/>\n\t<meta property=\"og:image:width\" content=\"1280\" \/>\n\t<meta property=\"og:image:height\" content=\"720\" \/>\n\t<meta property=\"og:image:type\" content=\"image\/jpeg\" \/>\n<meta name=\"author\" content=\"Paulo Custodio\" \/>\n<meta name=\"twitter:card\" content=\"summary_large_image\" \/>\n<meta name=\"twitter:label1\" content=\"Escrito por\" \/>\n\t<meta name=\"twitter:data1\" content=\"Paulo Custodio\" \/>\n\t<meta name=\"twitter:label2\" content=\"Est. tempo de leitura\" \/>\n\t<meta name=\"twitter:data2\" content=\"6 minutos\" \/>\n<!-- \/ Yoast SEO plugin. -->","yoast_head_json":{"title":"Estudos apontam que crian\u00e7as que assumiam papel de mini adultos n\u00e3o perderam a inf\u00e2ncia; elas fortaleceram habilidades sociais que muitos aprendem s\u00f3 depois - Correio Braziliense - Radar","description":"Crescer como mini adulto pode desenvolver habilidades que muitos aprendem tarde. Mas a psicologia mostra que esse ganho tem um custo que poucos percebem.","robots":{"index":"index","follow":"follow","max-snippet":"max-snippet:-1","max-image-preview":"max-image-preview:large","max-video-preview":"max-video-preview:-1"},"canonical":"https:\/\/www.correiobraziliense.com.br\/cbradar\/estudos-apontam-que-criancas-que-assumiam-papel-de-mini-adultos-nao-perderam-a-infancia-elas-fortaleceram-habilidades-sociais-que-muitos-aprendem-so-depois\/","og_locale":"pt_BR","og_type":"article","og_title":"Estudos apontam que crian\u00e7as que assumiam papel de mini adultos n\u00e3o perderam a inf\u00e2ncia; elas fortaleceram habilidades sociais que muitos aprendem s\u00f3 depois - Correio Braziliense - Radar","og_description":"Crescer como mini adulto pode desenvolver habilidades que muitos aprendem tarde. Mas a psicologia mostra que esse ganho tem um custo que poucos percebem.","og_url":"https:\/\/www.correiobraziliense.com.br\/cbradar\/estudos-apontam-que-criancas-que-assumiam-papel-de-mini-adultos-nao-perderam-a-infancia-elas-fortaleceram-habilidades-sociais-que-muitos-aprendem-so-depois\/","og_site_name":"Correio Braziliense - Radar","article_published_time":"2026-05-02T06:59:00+00:00","og_image":[{"width":1280,"height":720,"url":"https:\/\/www.correiobraziliense.com.br\/cbradar\/wp-content\/uploads\/2026\/04\/IMAGEM_720p_1776515010748.jpg","type":"image\/jpeg"}],"author":"Paulo Custodio","twitter_card":"summary_large_image","twitter_misc":{"Escrito por":"Paulo Custodio","Est. tempo de leitura":"6 minutos"},"schema":{"@context":"https:\/\/schema.org","@graph":[{"@type":"WebPage","@id":"https:\/\/www.correiobraziliense.com.br\/cbradar\/estudos-apontam-que-criancas-que-assumiam-papel-de-mini-adultos-nao-perderam-a-infancia-elas-fortaleceram-habilidades-sociais-que-muitos-aprendem-so-depois\/","url":"https:\/\/www.correiobraziliense.com.br\/cbradar\/estudos-apontam-que-criancas-que-assumiam-papel-de-mini-adultos-nao-perderam-a-infancia-elas-fortaleceram-habilidades-sociais-que-muitos-aprendem-so-depois\/","name":"Estudos apontam que crian\u00e7as que assumiam papel de mini adultos n\u00e3o perderam a inf\u00e2ncia; elas fortaleceram habilidades sociais que muitos aprendem s\u00f3 depois - Correio Braziliense - Radar","isPartOf":{"@id":"https:\/\/www.correiobraziliense.com.br\/cbradar\/#website"},"primaryImageOfPage":{"@id":"https:\/\/www.correiobraziliense.com.br\/cbradar\/estudos-apontam-que-criancas-que-assumiam-papel-de-mini-adultos-nao-perderam-a-infancia-elas-fortaleceram-habilidades-sociais-que-muitos-aprendem-so-depois\/#primaryimage"},"image":{"@id":"https:\/\/www.correiobraziliense.com.br\/cbradar\/estudos-apontam-que-criancas-que-assumiam-papel-de-mini-adultos-nao-perderam-a-infancia-elas-fortaleceram-habilidades-sociais-que-muitos-aprendem-so-depois\/#primaryimage"},"thumbnailUrl":"https:\/\/www.correiobraziliense.com.br\/cbradar\/wp-content\/uploads\/2026\/04\/IMAGEM_720p_1776515010748.jpg","datePublished":"2026-05-02T06:59:00+00:00","author":{"@id":"https:\/\/www.correiobraziliense.com.br\/cbradar\/#\/schema\/person\/4cec7857301a9a1a2ef249893cd908d3"},"description":"Crescer como mini adulto pode desenvolver habilidades que muitos aprendem tarde. Mas a psicologia mostra que esse ganho tem um custo que poucos percebem.","breadcrumb":{"@id":"https:\/\/www.correiobraziliense.com.br\/cbradar\/estudos-apontam-que-criancas-que-assumiam-papel-de-mini-adultos-nao-perderam-a-infancia-elas-fortaleceram-habilidades-sociais-que-muitos-aprendem-so-depois\/#breadcrumb"},"inLanguage":"pt-BR","potentialAction":[{"@type":"ReadAction","target":["https:\/\/www.correiobraziliense.com.br\/cbradar\/estudos-apontam-que-criancas-que-assumiam-papel-de-mini-adultos-nao-perderam-a-infancia-elas-fortaleceram-habilidades-sociais-que-muitos-aprendem-so-depois\/"]}]},{"@type":"ImageObject","inLanguage":"pt-BR","@id":"https:\/\/www.correiobraziliense.com.br\/cbradar\/estudos-apontam-que-criancas-que-assumiam-papel-de-mini-adultos-nao-perderam-a-infancia-elas-fortaleceram-habilidades-sociais-que-muitos-aprendem-so-depois\/#primaryimage","url":"https:\/\/www.correiobraziliense.com.br\/cbradar\/wp-content\/uploads\/2026\/04\/IMAGEM_720p_1776515010748.jpg","contentUrl":"https:\/\/www.correiobraziliense.com.br\/cbradar\/wp-content\/uploads\/2026\/04\/IMAGEM_720p_1776515010748.jpg","width":1280,"height":720,"caption":"Os efeitos ben\u00e9ficos na comunica\u00e7\u00e3o e na enorme resili\u00eancia"},{"@type":"BreadcrumbList","@id":"https:\/\/www.correiobraziliense.com.br\/cbradar\/estudos-apontam-que-criancas-que-assumiam-papel-de-mini-adultos-nao-perderam-a-infancia-elas-fortaleceram-habilidades-sociais-que-muitos-aprendem-so-depois\/#breadcrumb","itemListElement":[{"@type":"ListItem","position":1,"name":"In\u00edcio","item":"https:\/\/www.correiobraziliense.com.br\/cbradar\/"},{"@type":"ListItem","position":2,"name":"Estudos apontam que crian\u00e7as que assumiam papel de mini adultos n\u00e3o perderam a inf\u00e2ncia; elas fortaleceram habilidades sociais que muitos aprendem s\u00f3 depois"}]},{"@type":"WebSite","@id":"https:\/\/www.correiobraziliense.com.br\/cbradar\/#website","url":"https:\/\/www.correiobraziliense.com.br\/cbradar\/","name":"Correio Braziliense - Radar","description":"Acompanhe as \u00faltimas not\u00edcias e fique bem informado sobre tudo o que acontece no Brasil e no mundo.","potentialAction":[{"@type":"SearchAction","target":{"@type":"EntryPoint","urlTemplate":"https:\/\/www.correiobraziliense.com.br\/cbradar\/?s={search_term_string}"},"query-input":{"@type":"PropertyValueSpecification","valueRequired":true,"valueName":"search_term_string"}}],"inLanguage":"pt-BR"},{"@type":"Person","@id":"https:\/\/www.correiobraziliense.com.br\/cbradar\/#\/schema\/person\/4cec7857301a9a1a2ef249893cd908d3","name":"Paulo Custodio","image":{"@type":"ImageObject","inLanguage":"pt-BR","@id":"https:\/\/www.correiobraziliense.com.br\/cbradar\/#\/schema\/person\/image\/","url":"https:\/\/secure.gravatar.com\/avatar\/bcd67168d1534e8fcf4f45c726a87cea?s=96&d=mm&r=g","contentUrl":"https:\/\/secure.gravatar.com\/avatar\/bcd67168d1534e8fcf4f45c726a87cea?s=96&d=mm&r=g","caption":"Paulo Custodio"},"sameAs":["https:\/\/www.correiobraziliense.com.br\/cbradar"],"url":"https:\/\/www.correiobraziliense.com.br\/cbradar\/author\/paulomyth\/"}]}},"_links":{"self":[{"href":"https:\/\/www.correiobraziliense.com.br\/cbradar\/wp-json\/wp\/v2\/posts\/235806","targetHints":{"allow":["GET"]}}],"collection":[{"href":"https:\/\/www.correiobraziliense.com.br\/cbradar\/wp-json\/wp\/v2\/posts"}],"about":[{"href":"https:\/\/www.correiobraziliense.com.br\/cbradar\/wp-json\/wp\/v2\/types\/post"}],"author":[{"embeddable":true,"href":"https:\/\/www.correiobraziliense.com.br\/cbradar\/wp-json\/wp\/v2\/users\/11"}],"replies":[{"embeddable":true,"href":"https:\/\/www.correiobraziliense.com.br\/cbradar\/wp-json\/wp\/v2\/comments?post=235806"}],"version-history":[{"count":2,"href":"https:\/\/www.correiobraziliense.com.br\/cbradar\/wp-json\/wp\/v2\/posts\/235806\/revisions"}],"predecessor-version":[{"id":235811,"href":"https:\/\/www.correiobraziliense.com.br\/cbradar\/wp-json\/wp\/v2\/posts\/235806\/revisions\/235811"}],"wp:featuredmedia":[{"embeddable":true,"href":"https:\/\/www.correiobraziliense.com.br\/cbradar\/wp-json\/wp\/v2\/media\/227596"}],"wp:attachment":[{"href":"https:\/\/www.correiobraziliense.com.br\/cbradar\/wp-json\/wp\/v2\/media?parent=235806"}],"wp:term":[{"taxonomy":"category","embeddable":true,"href":"https:\/\/www.correiobraziliense.com.br\/cbradar\/wp-json\/wp\/v2\/categories?post=235806"},{"taxonomy":"post_tag","embeddable":true,"href":"https:\/\/www.correiobraziliense.com.br\/cbradar\/wp-json\/wp\/v2\/tags?post=235806"}],"curies":[{"name":"wp","href":"https:\/\/api.w.org\/{rel}","templated":true}]}}