{"id":235807,"date":"2026-05-02T02:59:00","date_gmt":"2026-05-02T05:59:00","guid":{"rendered":"https:\/\/www.correiobraziliense.com.br\/cbradar\/?p=235807"},"modified":"2026-05-01T20:33:50","modified_gmt":"2026-05-01T23:33:50","slug":"a-psicologia-aponta-que-pessoas-que-sempre-evitam-incomodar-os-outros-nao-sao-educadas-demais-elas-aprenderam-a-se-colocar-em-segundo-plano","status":"publish","type":"post","link":"https:\/\/www.correiobraziliense.com.br\/cbradar\/a-psicologia-aponta-que-pessoas-que-sempre-evitam-incomodar-os-outros-nao-sao-educadas-demais-elas-aprenderam-a-se-colocar-em-segundo-plano\/","title":{"rendered":"A psicologia aponta que pessoas que sempre evitam incomodar os outros n\u00e3o s\u00e3o educadas demais, elas aprenderam a se colocar em segundo plano"},"content":{"rendered":"\n<p>Por que alguns adultos sentem um aperto na garganta antes de fazer um pedido simples? Para a <strong>psicologia do trauma<\/strong>, essa trava n\u00e3o \u00e9 timidez nem excesso de educa\u00e7\u00e3o. \u00c9 uma resposta de sobreviv\u00eancia que se chama <strong>fawning<\/strong>, um mecanismo que ensina a crian\u00e7a a agradar para n\u00e3o sofrer, e que na vida adulta a mant\u00e9m perigosamente em segundo plano.<\/p>\n\n\n\n<h2 class=\"wp-block-heading\">O que \u00e9 a resposta de fawning e por que ela n\u00e3o \u00e9 bondade?<\/h2>\n\n\n\n<p>O termo <strong>fawning<\/strong> foi cunhado pelo psicoterapeuta <strong>Pete Walker<\/strong> como o quarto &#8220;F&#8221; das respostas ao trauma, ao lado de luta, fuga e congelamento. Descreve a tentativa inconsciente de neutralizar uma amea\u00e7a tornando-se mais agrad\u00e1vel, \u00fatil ou invis\u00edvel aos olhos de quem pode ferir.<\/p>\n\n\n\n<p>Diferente de um gesto genu\u00edno de cuidado, o fawn nasce do medo e n\u00e3o da empatia. A <a href=\"https:\/\/www.bps.org.uk\/psychologist\/recognising-fawning-trauma-response-opens-door-compassion-healing-and-reclaiming\" target=\"_blank\" rel=\"noreferrer noopener\">British Psychological Society<\/a> refor\u00e7a que, embora pare\u00e7a gentileza, esse comportamento \u00e9 autom\u00e1tico, profundamente enraizado e voltado para a autoprote\u00e7\u00e3o, e n\u00e3o para a conex\u00e3o aut\u00eantica.<\/p>\n\n\n<div class=\"wp-block-image\">\n<figure class=\"aligncenter size-full\"><img decoding=\"async\" width=\"1280\" height=\"720\" src=\"https:\/\/www.correiobraziliense.com.br\/cbradar\/wp-content\/uploads\/2026\/05\/IMAGEM_720p_1777677784356.jpg\" alt=\"Evitar incomodar os outros \u00e9 um trauma de inf\u00e2ncia disfar\u00e7ado\" class=\"wp-image-235814\" srcset=\"https:\/\/www.correiobraziliense.com.br\/cbradar\/wp-content\/uploads\/2026\/05\/IMAGEM_720p_1777677784356.jpg 1280w, https:\/\/www.correiobraziliense.com.br\/cbradar\/wp-content\/uploads\/2026\/05\/IMAGEM_720p_1777677784356-300x169.jpg 300w, https:\/\/www.correiobraziliense.com.br\/cbradar\/wp-content\/uploads\/2026\/05\/IMAGEM_720p_1777677784356-768x432.jpg 768w, https:\/\/www.correiobraziliense.com.br\/cbradar\/wp-content\/uploads\/2026\/05\/IMAGEM_720p_1777677784356-750x422.jpg 750w, https:\/\/www.correiobraziliense.com.br\/cbradar\/wp-content\/uploads\/2026\/05\/IMAGEM_720p_1777677784356-1140x641.jpg 1140w\" sizes=\"(max-width: 1280px) 100vw, 1280px\" \/><figcaption class=\"wp-element-caption\">Evitar incomodar os outros \u00e9 um trauma de inf\u00e2ncia disfar\u00e7ado<\/figcaption><\/figure><\/div>\n\n\n<h2 class=\"wp-block-heading\">Como a inf\u00e2ncia ensina a crian\u00e7a a se colocar em segundo plano?<\/h2>\n\n\n\n<p>O laborat\u00f3rio desse comportamento \u00e9 o lar. Crian\u00e7as que cresceram com cuidadores imprevis\u00edveis, cr\u00edticos ou emocionalmente indispon\u00edveis aprendem que expressar necessidades traz puni\u00e7\u00e3o, retirada de afeto ou indiferen\u00e7a. A sa\u00edda que o sistema nervoso encontra \u00e9 a adapta\u00e7\u00e3o: tornar-se o mais leve poss\u00edvel para n\u00e3o pesar.<\/p>\n\n\n\n<p>Em vez de chorar, a crian\u00e7a aprende a sorrir. Em vez de pedir ajuda, ela se torna a ajudante. O que parece maturidade precoce \u00e9, na verdade, um colapso da espontaneidade infantil. O c\u00e9rebro entende que a seguran\u00e7a depende de ser invis\u00edvel, e esse roteiro se instala como padr\u00e3o.<\/p>\n\n\n\n<p>Leia tamb\u00e9m: <a href=\"https:\/\/www.correiobraziliense.com.br\/cbradar\/o-nome-masculino-com-so-3-letras-que-esta-crescendo-no-brasil-por-ser-moderno-e-facil-de-pronunciar\/\" target=\"_blank\" rel=\"noreferrer noopener\">O nome masculino com s\u00f3 3 letras que est\u00e1 crescendo no Brasil por ser moderno e f\u00e1cil de pronunciar<\/a><\/p>\n\n\n\n<h2 class=\"wp-block-heading\">Quais s\u00e3o os sinais de que a vida adulta ainda roda no modo fawn?<\/h2>\n\n\n\n<p>O adulto que opera nesse modo costuma ser elogiado como educado, prestativo e tranquilo. Mas o que ningu\u00e9m v\u00ea \u00e9 o custo interno desse funcionamento. Ele diz &#8220;sim&#8221; quando o corpo grita &#8220;n\u00e3o&#8221;, pede desculpas antes de falar e sente culpa por ocupar espa\u00e7o em qualquer ambiente.<\/p>\n\n\n\n<p>Confira os sinais mais comuns de que a resposta de fawning ainda est\u00e1 ativa:<\/p>\n\n\n\n<ul class=\"wp-block-list\">\n<li>Dificuldade intensa de recusar pedidos, mesmo quando sobrecarregado.<\/li>\n\n\n\n<li>Pedido de desculpas constante, at\u00e9 por situa\u00e7\u00f5es fora do seu controle.<\/li>\n\n\n\n<li>Supress\u00e3o autom\u00e1tica de opini\u00f5es para evitar desaprova\u00e7\u00e3o.<\/li>\n\n\n\n<li>Sensa\u00e7\u00e3o de culpa ou ansiedade ao expressar uma necessidade pessoal.<\/li>\n<\/ul>\n\n\n\n<h2 class=\"wp-block-heading\">O que acontece no c\u00e9rebro de quem aprendeu a agradar para sobreviver?<\/h2>\n\n\n\n<p>O pre\u00e7o \u00e9 pago pelo sistema de alarme do corpo. A <strong>am\u00edgdala<\/strong>, estrutura cerebral respons\u00e1vel por detectar perigo, entra em estado de hipervigil\u00e2ncia permanente. Pequenas situa\u00e7\u00f5es sociais, que para outros seriam neutras, disparam um alerta interno de amea\u00e7a iminente de rejei\u00e7\u00e3o ou conflito.<\/p>\n\n\n\n<p>Pesquisas indicam que o trauma infantil est\u00e1 associado a altera\u00e7\u00f5es na atividade cerebral. Um <a href=\"https:\/\/www.apa.org\/topics\/stress\" target=\"_blank\" rel=\"noreferrer noopener\">estudo da American Psychological Association<\/a> sobre neuroimagem mostrou que sobreviventes de trauma apresentam hiperativa\u00e7\u00e3o em centros emocionais e emocionais, o que explica por que o corpo fica em estado de alerta mesmo quando n\u00e3o h\u00e1 perigo real.<\/p>\n\n\n<div class=\"wp-block-image\">\n<figure class=\"aligncenter size-full\"><img decoding=\"async\" width=\"1280\" height=\"720\" src=\"https:\/\/www.correiobraziliense.com.br\/cbradar\/wp-content\/uploads\/2026\/05\/IMAGEM_720p_1777677781447.jpg\" alt=\"Evitar incomodar os outros \u00e9 um trauma de inf\u00e2ncia disfar\u00e7ado\" class=\"wp-image-235816\" srcset=\"https:\/\/www.correiobraziliense.com.br\/cbradar\/wp-content\/uploads\/2026\/05\/IMAGEM_720p_1777677781447.jpg 1280w, https:\/\/www.correiobraziliense.com.br\/cbradar\/wp-content\/uploads\/2026\/05\/IMAGEM_720p_1777677781447-300x169.jpg 300w, https:\/\/www.correiobraziliense.com.br\/cbradar\/wp-content\/uploads\/2026\/05\/IMAGEM_720p_1777677781447-768x432.jpg 768w, https:\/\/www.correiobraziliense.com.br\/cbradar\/wp-content\/uploads\/2026\/05\/IMAGEM_720p_1777677781447-750x422.jpg 750w, https:\/\/www.correiobraziliense.com.br\/cbradar\/wp-content\/uploads\/2026\/05\/IMAGEM_720p_1777677781447-1140x641.jpg 1140w\" sizes=\"(max-width: 1280px) 100vw, 1280px\" \/><figcaption class=\"wp-element-caption\">Evitar incomodar os outros \u00e9 um trauma de inf\u00e2ncia disfar\u00e7ado<\/figcaption><\/figure><\/div>\n\n\n<h2 class=\"wp-block-heading\">Por que a falsa harmonia cobra um pre\u00e7o t\u00e3o alto do corpo?<\/h2>\n\n\n\n<p>Engolir emo\u00e7\u00f5es diariamente n\u00e3o as faz desaparecer. O que era medo de desagradar se transforma em tens\u00e3o muscular, ins\u00f4nia, queda da imunidade e, em casos prolongados, transtornos de ansiedade generalizada. A calma aparente esconde uma guerra interna que o organismo n\u00e3o sustenta para sempre.<\/p>\n\n\n\n<p>O perigo maior est\u00e1 na perda da identidade. Depois de anos priorizando as vontades alheias, a pessoa j\u00e1 n\u00e3o sabe mais o que ela mesma gosta, deseja ou pensa. O sil\u00eancio que come\u00e7ou como estrat\u00e9gia de sobreviv\u00eancia terminou por apagar a voz de dentro.<\/p>\n\n\n\n<h2 class=\"wp-block-heading\">\u00c9 poss\u00edvel ressignificar essa estrat\u00e9gia e recuperar a pr\u00f3pria voz?<\/h2>\n\n\n\n<p>Sim, e o primeiro movimento \u00e9 reconhecer o padr\u00e3o sem culpa. Entender que o fawn foi uma solu\u00e7\u00e3o brilhante que uma crian\u00e7a encontrou para se manter segura tira o peso do julgamento. A partir da\u00ed, exerc\u00edcios graduais de assertividade ajudam a recalibrar o sistema nervoso.<\/p>\n\n\n\n<p>Pequenos &#8220;n\u00e3os&#8221; dados em ambientes seguros funcionam como treino. Aos poucos, o c\u00e9rebro registra que o mundo adulto n\u00e3o reage como o ambiente hostil da inf\u00e2ncia, e que expressar uma opini\u00e3o n\u00e3o resulta em abandono, mas em conex\u00e3o real.<\/p>\n","protected":false},"excerpt":{"rendered":"<p>Por que alguns adultos sentem um aperto na garganta antes de fazer um pedido simples? Para a psicologia do trauma, essa trava n\u00e3o \u00e9 timidez nem excesso de educa\u00e7\u00e3o. \u00c9 uma resposta de sobreviv\u00eancia que se chama fawning, um mecanismo que ensina a crian\u00e7a a agradar para n\u00e3o sofrer, e que na vida adulta a [&hellip;]<\/p>\n","protected":false},"author":11,"featured_media":235815,"comment_status":"open","ping_status":"open","sticky":false,"template":"","format":"standard","meta":{"_yoast_wpseo_focuskw":"trauma infantil evitar conflitos","_yoast_wpseo_title":"","_yoast_wpseo_metadesc":"Evitar incomodar os outros n\u00e3o \u00e9 educa\u00e7\u00e3o, \u00e9 uma resposta ao trauma. Entenda o que o fawn revela sobre sua inf\u00e2ncia e como ele molda sua vida adulta.","jnews-multi-image_gallery":[],"jnews_single_post":{"format":"standard"},"jnews_primary_category":[],"jnews_social_meta":[],"jnews_override_counter":[],"footnotes":""},"categories":[124],"tags":[16704,18540,404,17774],"class_list":["post-235807","post","type-post","status-publish","format-standard","has-post-thumbnail","hentry","category-beleza","tag-agradar","tag-fawning","tag-psicologia","tag-trauma-infantil"],"yoast_head":"<!-- This site is optimized with the Yoast SEO plugin v24.6 - https:\/\/yoast.com\/wordpress\/plugins\/seo\/ -->\n<title>A psicologia aponta que pessoas que sempre evitam incomodar os outros n\u00e3o s\u00e3o educadas demais, elas aprenderam a se colocar em segundo plano - Correio Braziliense - Radar<\/title>\n<meta name=\"description\" content=\"Evitar incomodar os outros n\u00e3o \u00e9 educa\u00e7\u00e3o, \u00e9 uma resposta ao trauma. Entenda o que o fawn revela sobre sua inf\u00e2ncia e como ele molda sua vida adulta.\" \/>\n<meta name=\"robots\" content=\"index, follow, max-snippet:-1, max-image-preview:large, max-video-preview:-1\" \/>\n<link rel=\"canonical\" href=\"https:\/\/www.correiobraziliense.com.br\/cbradar\/a-psicologia-aponta-que-pessoas-que-sempre-evitam-incomodar-os-outros-nao-sao-educadas-demais-elas-aprenderam-a-se-colocar-em-segundo-plano\/\" \/>\n<meta property=\"og:locale\" content=\"pt_BR\" \/>\n<meta property=\"og:type\" content=\"article\" \/>\n<meta property=\"og:title\" content=\"A psicologia aponta que pessoas que sempre evitam incomodar os outros n\u00e3o s\u00e3o educadas demais, elas aprenderam a se colocar em segundo plano - Correio Braziliense - Radar\" \/>\n<meta property=\"og:description\" content=\"Evitar incomodar os outros n\u00e3o \u00e9 educa\u00e7\u00e3o, \u00e9 uma resposta ao trauma. Entenda o que o fawn revela sobre sua inf\u00e2ncia e como ele molda sua vida adulta.\" \/>\n<meta property=\"og:url\" content=\"https:\/\/www.correiobraziliense.com.br\/cbradar\/a-psicologia-aponta-que-pessoas-que-sempre-evitam-incomodar-os-outros-nao-sao-educadas-demais-elas-aprenderam-a-se-colocar-em-segundo-plano\/\" \/>\n<meta property=\"og:site_name\" content=\"Correio Braziliense - Radar\" \/>\n<meta property=\"article:published_time\" content=\"2026-05-02T05:59:00+00:00\" \/>\n<meta property=\"og:image\" content=\"https:\/\/www.correiobraziliense.com.br\/cbradar\/wp-content\/uploads\/2026\/05\/IMAGEM_720p_1777677926921.jpg\" \/>\n\t<meta property=\"og:image:width\" content=\"1280\" \/>\n\t<meta property=\"og:image:height\" content=\"720\" \/>\n\t<meta property=\"og:image:type\" content=\"image\/jpeg\" \/>\n<meta name=\"author\" content=\"Paulo Custodio\" \/>\n<meta name=\"twitter:card\" content=\"summary_large_image\" \/>\n<meta name=\"twitter:label1\" content=\"Escrito por\" \/>\n\t<meta name=\"twitter:data1\" content=\"Paulo Custodio\" \/>\n\t<meta name=\"twitter:label2\" content=\"Est. tempo de leitura\" \/>\n\t<meta name=\"twitter:data2\" content=\"5 minutos\" \/>\n<!-- \/ Yoast SEO plugin. -->","yoast_head_json":{"title":"A psicologia aponta que pessoas que sempre evitam incomodar os outros n\u00e3o s\u00e3o educadas demais, elas aprenderam a se colocar em segundo plano - Correio Braziliense - Radar","description":"Evitar incomodar os outros n\u00e3o \u00e9 educa\u00e7\u00e3o, \u00e9 uma resposta ao trauma. Entenda o que o fawn revela sobre sua inf\u00e2ncia e como ele molda sua vida adulta.","robots":{"index":"index","follow":"follow","max-snippet":"max-snippet:-1","max-image-preview":"max-image-preview:large","max-video-preview":"max-video-preview:-1"},"canonical":"https:\/\/www.correiobraziliense.com.br\/cbradar\/a-psicologia-aponta-que-pessoas-que-sempre-evitam-incomodar-os-outros-nao-sao-educadas-demais-elas-aprenderam-a-se-colocar-em-segundo-plano\/","og_locale":"pt_BR","og_type":"article","og_title":"A psicologia aponta que pessoas que sempre evitam incomodar os outros n\u00e3o s\u00e3o educadas demais, elas aprenderam a se colocar em segundo plano - Correio Braziliense - Radar","og_description":"Evitar incomodar os outros n\u00e3o \u00e9 educa\u00e7\u00e3o, \u00e9 uma resposta ao trauma. Entenda o que o fawn revela sobre sua inf\u00e2ncia e como ele molda sua vida adulta.","og_url":"https:\/\/www.correiobraziliense.com.br\/cbradar\/a-psicologia-aponta-que-pessoas-que-sempre-evitam-incomodar-os-outros-nao-sao-educadas-demais-elas-aprenderam-a-se-colocar-em-segundo-plano\/","og_site_name":"Correio Braziliense - Radar","article_published_time":"2026-05-02T05:59:00+00:00","og_image":[{"width":1280,"height":720,"url":"https:\/\/www.correiobraziliense.com.br\/cbradar\/wp-content\/uploads\/2026\/05\/IMAGEM_720p_1777677926921.jpg","type":"image\/jpeg"}],"author":"Paulo Custodio","twitter_card":"summary_large_image","twitter_misc":{"Escrito por":"Paulo Custodio","Est. tempo de leitura":"5 minutos"},"schema":{"@context":"https:\/\/schema.org","@graph":[{"@type":"WebPage","@id":"https:\/\/www.correiobraziliense.com.br\/cbradar\/a-psicologia-aponta-que-pessoas-que-sempre-evitam-incomodar-os-outros-nao-sao-educadas-demais-elas-aprenderam-a-se-colocar-em-segundo-plano\/","url":"https:\/\/www.correiobraziliense.com.br\/cbradar\/a-psicologia-aponta-que-pessoas-que-sempre-evitam-incomodar-os-outros-nao-sao-educadas-demais-elas-aprenderam-a-se-colocar-em-segundo-plano\/","name":"A psicologia aponta que pessoas que sempre evitam incomodar os outros n\u00e3o s\u00e3o educadas demais, elas aprenderam a se colocar em segundo plano - Correio Braziliense - Radar","isPartOf":{"@id":"https:\/\/www.correiobraziliense.com.br\/cbradar\/#website"},"primaryImageOfPage":{"@id":"https:\/\/www.correiobraziliense.com.br\/cbradar\/a-psicologia-aponta-que-pessoas-que-sempre-evitam-incomodar-os-outros-nao-sao-educadas-demais-elas-aprenderam-a-se-colocar-em-segundo-plano\/#primaryimage"},"image":{"@id":"https:\/\/www.correiobraziliense.com.br\/cbradar\/a-psicologia-aponta-que-pessoas-que-sempre-evitam-incomodar-os-outros-nao-sao-educadas-demais-elas-aprenderam-a-se-colocar-em-segundo-plano\/#primaryimage"},"thumbnailUrl":"https:\/\/www.correiobraziliense.com.br\/cbradar\/wp-content\/uploads\/2026\/05\/IMAGEM_720p_1777677926921.jpg","datePublished":"2026-05-02T05:59:00+00:00","author":{"@id":"https:\/\/www.correiobraziliense.com.br\/cbradar\/#\/schema\/person\/4cec7857301a9a1a2ef249893cd908d3"},"description":"Evitar incomodar os outros n\u00e3o \u00e9 educa\u00e7\u00e3o, \u00e9 uma resposta ao trauma. Entenda o que o fawn revela sobre sua inf\u00e2ncia e como ele molda sua vida adulta.","breadcrumb":{"@id":"https:\/\/www.correiobraziliense.com.br\/cbradar\/a-psicologia-aponta-que-pessoas-que-sempre-evitam-incomodar-os-outros-nao-sao-educadas-demais-elas-aprenderam-a-se-colocar-em-segundo-plano\/#breadcrumb"},"inLanguage":"pt-BR","potentialAction":[{"@type":"ReadAction","target":["https:\/\/www.correiobraziliense.com.br\/cbradar\/a-psicologia-aponta-que-pessoas-que-sempre-evitam-incomodar-os-outros-nao-sao-educadas-demais-elas-aprenderam-a-se-colocar-em-segundo-plano\/"]}]},{"@type":"ImageObject","inLanguage":"pt-BR","@id":"https:\/\/www.correiobraziliense.com.br\/cbradar\/a-psicologia-aponta-que-pessoas-que-sempre-evitam-incomodar-os-outros-nao-sao-educadas-demais-elas-aprenderam-a-se-colocar-em-segundo-plano\/#primaryimage","url":"https:\/\/www.correiobraziliense.com.br\/cbradar\/wp-content\/uploads\/2026\/05\/IMAGEM_720p_1777677926921.jpg","contentUrl":"https:\/\/www.correiobraziliense.com.br\/cbradar\/wp-content\/uploads\/2026\/05\/IMAGEM_720p_1777677926921.jpg","width":1280,"height":720,"caption":"Evitar incomodar os outros \u00e9 um trauma de inf\u00e2ncia disfar\u00e7ado"},{"@type":"BreadcrumbList","@id":"https:\/\/www.correiobraziliense.com.br\/cbradar\/a-psicologia-aponta-que-pessoas-que-sempre-evitam-incomodar-os-outros-nao-sao-educadas-demais-elas-aprenderam-a-se-colocar-em-segundo-plano\/#breadcrumb","itemListElement":[{"@type":"ListItem","position":1,"name":"In\u00edcio","item":"https:\/\/www.correiobraziliense.com.br\/cbradar\/"},{"@type":"ListItem","position":2,"name":"A psicologia aponta que pessoas que sempre evitam incomodar os outros n\u00e3o s\u00e3o educadas demais, elas aprenderam a se colocar em segundo plano"}]},{"@type":"WebSite","@id":"https:\/\/www.correiobraziliense.com.br\/cbradar\/#website","url":"https:\/\/www.correiobraziliense.com.br\/cbradar\/","name":"Correio Braziliense - Radar","description":"Acompanhe as \u00faltimas not\u00edcias e fique bem informado sobre tudo o que acontece no Brasil e no mundo.","potentialAction":[{"@type":"SearchAction","target":{"@type":"EntryPoint","urlTemplate":"https:\/\/www.correiobraziliense.com.br\/cbradar\/?s={search_term_string}"},"query-input":{"@type":"PropertyValueSpecification","valueRequired":true,"valueName":"search_term_string"}}],"inLanguage":"pt-BR"},{"@type":"Person","@id":"https:\/\/www.correiobraziliense.com.br\/cbradar\/#\/schema\/person\/4cec7857301a9a1a2ef249893cd908d3","name":"Paulo Custodio","image":{"@type":"ImageObject","inLanguage":"pt-BR","@id":"https:\/\/www.correiobraziliense.com.br\/cbradar\/#\/schema\/person\/image\/","url":"https:\/\/secure.gravatar.com\/avatar\/bcd67168d1534e8fcf4f45c726a87cea?s=96&d=mm&r=g","contentUrl":"https:\/\/secure.gravatar.com\/avatar\/bcd67168d1534e8fcf4f45c726a87cea?s=96&d=mm&r=g","caption":"Paulo Custodio"},"sameAs":["https:\/\/www.correiobraziliense.com.br\/cbradar"],"url":"https:\/\/www.correiobraziliense.com.br\/cbradar\/author\/paulomyth\/"}]}},"_links":{"self":[{"href":"https:\/\/www.correiobraziliense.com.br\/cbradar\/wp-json\/wp\/v2\/posts\/235807","targetHints":{"allow":["GET"]}}],"collection":[{"href":"https:\/\/www.correiobraziliense.com.br\/cbradar\/wp-json\/wp\/v2\/posts"}],"about":[{"href":"https:\/\/www.correiobraziliense.com.br\/cbradar\/wp-json\/wp\/v2\/types\/post"}],"author":[{"embeddable":true,"href":"https:\/\/www.correiobraziliense.com.br\/cbradar\/wp-json\/wp\/v2\/users\/11"}],"replies":[{"embeddable":true,"href":"https:\/\/www.correiobraziliense.com.br\/cbradar\/wp-json\/wp\/v2\/comments?post=235807"}],"version-history":[{"count":3,"href":"https:\/\/www.correiobraziliense.com.br\/cbradar\/wp-json\/wp\/v2\/posts\/235807\/revisions"}],"predecessor-version":[{"id":235817,"href":"https:\/\/www.correiobraziliense.com.br\/cbradar\/wp-json\/wp\/v2\/posts\/235807\/revisions\/235817"}],"wp:featuredmedia":[{"embeddable":true,"href":"https:\/\/www.correiobraziliense.com.br\/cbradar\/wp-json\/wp\/v2\/media\/235815"}],"wp:attachment":[{"href":"https:\/\/www.correiobraziliense.com.br\/cbradar\/wp-json\/wp\/v2\/media?parent=235807"}],"wp:term":[{"taxonomy":"category","embeddable":true,"href":"https:\/\/www.correiobraziliense.com.br\/cbradar\/wp-json\/wp\/v2\/categories?post=235807"},{"taxonomy":"post_tag","embeddable":true,"href":"https:\/\/www.correiobraziliense.com.br\/cbradar\/wp-json\/wp\/v2\/tags?post=235807"}],"curies":[{"name":"wp","href":"https:\/\/api.w.org\/{rel}","templated":true}]}}