{"id":235827,"date":"2026-05-02T04:45:37","date_gmt":"2026-05-02T07:45:37","guid":{"rendered":"https:\/\/www.correiobraziliense.com.br\/cbradar\/?p=235827"},"modified":"2026-05-02T04:45:39","modified_gmt":"2026-05-02T07:45:39","slug":"milhares-de-passageiros-de-pernambuco-paraiba-rio-grande-do-norte-ceara-e-fernando-de-noronha-ficam-retidos-no-aeroporto-internacional-do-recife-enquanto-chuvas-intensas-cancelam-5-voos-atrasam-ou","status":"publish","type":"post","link":"https:\/\/www.correiobraziliense.com.br\/cbradar\/milhares-de-passageiros-de-pernambuco-paraiba-rio-grande-do-norte-ceara-e-fernando-de-noronha-ficam-retidos-no-aeroporto-internacional-do-recife-enquanto-chuvas-intensas-cancelam-5-voos-atrasam-ou\/","title":{"rendered":"Milhares de passageiros de Pernambuco, Para\u00edba, Rio Grande do Norte, Cear\u00e1 e Fernando de Noronha ficam retidos no Aeroporto Internacional do Recife enquanto chuvas intensas cancelam 5 voos, atrasam outros 14 e afetam Azul, Latam e Voepass \u2014 Bombeiros registram mais de 230 ocorr\u00eancias de pessoas ilhadas e Defesa Civil resgata 340 v\u00edtimas em alagamentos na capital pernambucana"},"content":{"rendered":"\n<p><strong>Fortes chuvas que atingem a Regi\u00e3o Metropolitana do Recife desde a madrugada provocaram caos no Aeroporto Internacional dos Guararapes e nas ruas da capital pernambucana.<\/strong> Ao menos 15 voos foram afetados \u2014 5 cancelamentos e 14 atrasos \u2014 em rotas operadas por Azul, Latam e Voepass com origem ou destino em Petrolina (PE), Fortaleza (CE), Campina Grande (PB), Natal (RN) e Fernando de Noronha. Enquanto isso, o Corpo de Bombeiros Militar de Pernambuco j\u00e1 registrou mais de 230 ocorr\u00eancias de pessoas ilhadas e a Defesa Civil do Recife resgatou 340 v\u00edtimas em alagamentos. A administra\u00e7\u00e3o do Aeroporto Internacional do Recife afirma que a infraestrutura est\u00e1 dispon\u00edvel para pousos e decolagens, mas as condi\u00e7\u00f5es meteorol\u00f3gicas inviabilizam parte das opera\u00e7\u00f5es.<\/p>\n\n\n\n<p><strong>\u26a0\ufe0f ATEN\u00c7\u00c3O PASSAGEIROS:<\/strong> Se voc\u00ea tem voo com origem ou conex\u00e3o no Aeroporto do Recife, verifique o status diretamente com sua companhia antes de sair de casa. Azul, Latam e Voepass est\u00e3o oferecendo reagendamento sem custo. N\u00e3o aceite apenas cr\u00e9dito se preferir o reembolso integral.<\/p>\n\n\n\n<h2 class=\"wp-block-heading\">Voos cancelados confirmados pelo aeroporto<\/h2>\n\n\n\n<figure class=\"wp-block-table\"><table class=\"has-fixed-layout\"><thead><tr><th>Voo<\/th><th>Origem<\/th><th>Destino<\/th><th>Status<\/th><\/tr><\/thead><tbody><tr><td>AZU4253<\/td><td>Petrolina (PE)<\/td><td>Recife (REC)<\/td><td>CANCELADO<\/td><\/tr><tr><td>AZU4533<\/td><td>Fortaleza (FOR)<\/td><td>Recife (REC)<\/td><td>CANCELADO<\/td><\/tr><tr><td>AZU2920<\/td><td>Recife (REC)<\/td><td>Fernando de Noronha<\/td><td>CANCELADO<\/td><\/tr><tr><td>AZU8410<\/td><td>Campina Grande (PB)<\/td><td>Recife (REC)<\/td><td>CANCELADO<\/td><\/tr><tr><td>AZU4115<\/td><td>Natal (NAT)<\/td><td>Recife (REC)<\/td><td>CANCELADO<\/td><\/tr><\/tbody><\/table><\/figure>\n\n\n\n<h2 class=\"wp-block-heading\">Passageiros de cinco estados retidos no efeito cascata<\/h2>\n\n\n\n<p>O caos no Recife produziu um efeito cascata em pelo menos cinco unidades da federa\u00e7\u00e3o. Em <strong>Pernambuco<\/strong>, passageiros que aguardavam embarque para Fernando de Noronha viram seus voos serem cancelados pela manh\u00e3. Em <strong>Para\u00edba<\/strong>, viajantes que esperavam embarcar em Campina Grande com destino ao Recife ficaram sem op\u00e7\u00e3o. Em <strong>Rio Grande do Norte<\/strong> e <strong>Cear\u00e1<\/strong>, voos que sairiam de Natal e Fortaleza com escala no Recife foram cancelados \u2014 afetando passageiros que tinham conex\u00f5es para outras capitais brasileiras e at\u00e9 voos internacionais. Em <strong>Pernambuco interior<\/strong>, quem aguardava em Petrolina viu o trecho at\u00e9 a capital ser suspenso.<\/p>\n\n\n\n<p>O Recife funciona como hub regional para o Nordeste \u2014 quando o aeroporto da capital pernambucana fica comprometido, todo o tr\u00e1fego a\u00e9reo da regi\u00e3o sofre. Para a Azul, Latam e Voepass, isso significa reorganizar tripula\u00e7\u00f5es, aeronaves e malha de hor\u00e1rios sob press\u00e3o.<\/p>\n\n\n\n<h2 class=\"wp-block-heading\">O que cada companhia est\u00e1 oferecendo<\/h2>\n\n\n\n<figure class=\"wp-block-table\"><table class=\"has-fixed-layout\"><thead><tr><th>Companhia<\/th><th>O que oferece<\/th><th>Como acionar<\/th><\/tr><\/thead><tbody><tr><td>Azul<\/td><td>Reagendamento sem custo + cr\u00e9dito ou reembolso integral<\/td><td><a href=\"https:\/\/www.voeazul.com.br\/pt\/atendimento\" target=\"_blank\" rel=\"noreferrer noopener\">Atendimento Azul<\/a><\/td><\/tr><tr><td>Latam<\/td><td>Reagendamento sem custo, reembolso ou reacomoda\u00e7\u00e3o<\/td><td><a href=\"https:\/\/www.latamairlines.com\/br\/pt\/central-de-ajuda\/cancelamentos-e-reembolsos\" target=\"_blank\" rel=\"noreferrer noopener\">Central Latam<\/a><\/td><\/tr><tr><td>Voepass<\/td><td>Reagendamento sem custo ou reembolso integral<\/td><td><a href=\"https:\/\/www.voepass.com.br\/atendimento\" target=\"_blank\" rel=\"noreferrer noopener\">Atendimento Voepass<\/a><\/td><\/tr><\/tbody><\/table><\/figure>\n\n\n\n<h2 class=\"wp-block-heading\">O caos n\u00e3o \u00e9 s\u00f3 no aeroporto: alagamentos no Recife<\/h2>\n\n\n\n<p>A situa\u00e7\u00e3o fora do aeroporto agrava a log\u00edstica para qualquer passageiro que precise se deslocar pela capital. O <strong>Corpo de Bombeiros Militar de Pernambuco<\/strong> registrou mais de 230 ocorr\u00eancias de pessoas ilhadas at\u00e9 o in\u00edcio da tarde. A <strong>Defesa Civil do Recife<\/strong> j\u00e1 resgatou 340 v\u00edtimas em alagamentos espalhados por bairros da Zona Sul, Zona Norte e Centro da capital. Vias importantes que d\u00e3o acesso ao aeroporto est\u00e3o parcialmente bloqueadas, e o servi\u00e7o de t\u00e1xi e aplicativos opera com tempos significativamente maiores que o normal.<\/p>\n\n\n\n<p>\ud83d\udccb Seus direitos pela Resolu\u00e7\u00e3o ANAC 400<\/p>\n\n\n\n<p>Cancelamento por mau tempo <strong>n\u00e3o isenta<\/strong> a companhia das obriga\u00e7\u00f5es legais. Voc\u00ea tem direito a <strong>reembolso integral<\/strong> em at\u00e9 7 dias \u00fateis, <strong>reacomoda\u00e7\u00e3o<\/strong> no pr\u00f3ximo voo dispon\u00edvel ou <strong>cr\u00e9dito<\/strong> para uso futuro. Atrasos acima de 4 horas obrigam a companhia a oferecer alimenta\u00e7\u00e3o. Atrasos noturnos exigem hospedagem e traslado. Veja a \u00edntegra em <a href=\"https:\/\/www.anac.gov.br\/assuntos\/legislacao\/legislacao-1\/resolucoes\/2016\/resolucao-no-400-13-12-2016\" target=\"_blank\" rel=\"noreferrer noopener\">anac.gov.br<\/a>.<\/p>\n\n\n\n<h2 class=\"wp-block-heading\">Perguntas frequentes<\/h2>\n\n\n\n<h3 class=\"wp-block-heading\">Tenho voo com escala no Recife \u2014 fui afetado?<\/h3>\n\n\n\n<p>Verifique o status diretamente com sua companhia. Se o voo de chegada ao Recife foi cancelado e a conex\u00e3o \u00e9 parte do mesmo bilhete, a companhia \u00e9 obrigada a reacomod\u00e1-lo no pr\u00f3ximo voo dispon\u00edvel para o destino final, sem custo adicional.<\/p>\n\n\n\n<h3 class=\"wp-block-heading\">Posso pedir reembolso mesmo com cancelamento por mau tempo?<\/h3>\n\n\n\n<p>Sim. A Resolu\u00e7\u00e3o ANAC 400 garante reembolso integral independentemente da causa \u2014 incluindo chuvas e eventos clim\u00e1ticos. Se a companhia oferecer apenas cr\u00e9dito, voc\u00ea pode recusar e exigir o valor de volta no mesmo meio de pagamento original.<\/p>\n\n\n\n<h3 class=\"wp-block-heading\">Como acompanhar o status dos voos no Aeroporto do Recife em tempo real?<\/h3>\n\n\n\n<p>O FlightAware oferece painel em tempo real do <a href=\"https:\/\/flightaware.com\/live\/airport\/SBRF\" target=\"_blank\" rel=\"noreferrer noopener\">Aeroporto Internacional dos Guararapes (SBRF)<\/a> com todos os voos, atrasos e cancelamentos atualizados a cada minuto.<\/p>\n\n\n\n<p><em>Informa\u00e7\u00f5es baseadas em reportagem da CNN Brasil e dados oficiais do Aeroporto Internacional do Recife, Corpo de Bombeiros Militar de Pernambuco e Defesa Civil do Recife.<\/em><\/p>\n","protected":false},"excerpt":{"rendered":"<p>Fortes chuvas que atingem a Regi\u00e3o Metropolitana do Recife desde a madrugada provocaram caos no Aeroporto Internacional dos Guararapes e nas ruas da capital pernambucana. Ao menos 15 voos foram afetados \u2014 5 cancelamentos e 14 atrasos \u2014 em rotas operadas por Azul, Latam e Voepass com origem ou destino em Petrolina (PE), Fortaleza (CE), [&hellip;]<\/p>\n","protected":false},"author":2,"featured_media":235828,"comment_status":"open","ping_status":"open","sticky":false,"template":"","format":"standard","meta":{"_yoast_wpseo_focuskw":"pernanbuco","_yoast_wpseo_title":"","_yoast_wpseo_metadesc":"Temporal com 150mm de chuva cancela voos da Azul e Latam para Fernando de Noronha pelo Recife. Ba\u00eda do Sancho fechada. Veja direitos e como reagendar.","jnews-multi-image_gallery":[],"jnews_single_post":{"format":"standard"},"jnews_primary_category":[],"jnews_social_meta":[],"jnews_override_counter":[],"footnotes":""},"categories":[169,111],"tags":[18229,18230,18232,18231,18228],"class_list":["post-235827","post","type-post","status-publish","format-standard","has-post-thumbnail","hentry","category-noticias","category-turismo","tag-azul-latam-noronha-cancelamento","tag-baia-do-sancho-fechada-icmbio","tag-direitos-passageiro-voo-cancelado-mau-tempo","tag-temporal-noronha-cancela-voos","tag-voos-cancelados-fernando-de-noronha"],"yoast_head":"<!-- This site is optimized with the Yoast SEO plugin v24.6 - https:\/\/yoast.com\/wordpress\/plugins\/seo\/ -->\n<title>Milhares de passageiros de Pernambuco, Para\u00edba, Rio Grande do Norte, Cear\u00e1 e Fernando de Noronha ficam retidos no Aeroporto Internacional do Recife enquanto chuvas intensas cancelam 5 voos, atrasam outros 14 e afetam Azul, Latam e Voepass \u2014 Bombeiros registram mais de 230 ocorr\u00eancias de pessoas ilhadas e Defesa Civil resgata 340 v\u00edtimas em alagamentos na capital pernambucana - Correio Braziliense - Radar<\/title>\n<meta name=\"description\" content=\"Temporal com 150mm de chuva cancela voos da Azul e Latam para Fernando de Noronha pelo Recife. Ba\u00eda do Sancho fechada. Veja direitos e como reagendar.\" \/>\n<meta name=\"robots\" content=\"index, follow, max-snippet:-1, max-image-preview:large, max-video-preview:-1\" \/>\n<link rel=\"canonical\" href=\"https:\/\/www.correiobraziliense.com.br\/cbradar\/milhares-de-passageiros-de-pernambuco-paraiba-rio-grande-do-norte-ceara-e-fernando-de-noronha-ficam-retidos-no-aeroporto-internacional-do-recife-enquanto-chuvas-intensas-cancelam-5-voos-atrasam-ou\/\" \/>\n<meta property=\"og:locale\" content=\"pt_BR\" \/>\n<meta property=\"og:type\" content=\"article\" \/>\n<meta property=\"og:title\" content=\"Milhares de passageiros de Pernambuco, Para\u00edba, Rio Grande do Norte, Cear\u00e1 e Fernando de Noronha ficam retidos no Aeroporto Internacional do Recife enquanto chuvas intensas cancelam 5 voos, atrasam outros 14 e afetam Azul, Latam e Voepass \u2014 Bombeiros registram mais de 230 ocorr\u00eancias de pessoas ilhadas e Defesa Civil resgata 340 v\u00edtimas em alagamentos na capital pernambucana - Correio Braziliense - Radar\" \/>\n<meta property=\"og:description\" content=\"Temporal com 150mm de chuva cancela voos da Azul e Latam para Fernando de Noronha pelo Recife. Ba\u00eda do Sancho fechada. Veja direitos e como reagendar.\" \/>\n<meta property=\"og:url\" content=\"https:\/\/www.correiobraziliense.com.br\/cbradar\/milhares-de-passageiros-de-pernambuco-paraiba-rio-grande-do-norte-ceara-e-fernando-de-noronha-ficam-retidos-no-aeroporto-internacional-do-recife-enquanto-chuvas-intensas-cancelam-5-voos-atrasam-ou\/\" \/>\n<meta property=\"og:site_name\" content=\"Correio Braziliense - Radar\" \/>\n<meta property=\"article:published_time\" content=\"2026-05-02T07:45:37+00:00\" \/>\n<meta property=\"article:modified_time\" content=\"2026-05-02T07:45:39+00:00\" \/>\n<meta property=\"og:image\" content=\"https:\/\/www.correiobraziliense.com.br\/cbradar\/wp-content\/uploads\/2026\/05\/magnific_tire-o-capuz-do-rapaz-da-_2906378737.jpg\" \/>\n\t<meta property=\"og:image:width\" content=\"1200\" \/>\n\t<meta property=\"og:image:height\" content=\"628\" \/>\n\t<meta property=\"og:image:type\" content=\"image\/jpeg\" \/>\n<meta name=\"author\" content=\"Jo\u00e3o Victor\" \/>\n<meta name=\"twitter:card\" content=\"summary_large_image\" \/>\n<meta name=\"twitter:label1\" content=\"Escrito por\" \/>\n\t<meta name=\"twitter:data1\" content=\"Jo\u00e3o Victor\" \/>\n\t<meta name=\"twitter:label2\" content=\"Est. tempo de leitura\" \/>\n\t<meta name=\"twitter:data2\" content=\"5 minutos\" \/>\n<!-- \/ Yoast SEO plugin. -->","yoast_head_json":{"title":"Milhares de passageiros de Pernambuco, Para\u00edba, Rio Grande do Norte, Cear\u00e1 e Fernando de Noronha ficam retidos no Aeroporto Internacional do Recife enquanto chuvas intensas cancelam 5 voos, atrasam outros 14 e afetam Azul, Latam e Voepass \u2014 Bombeiros registram mais de 230 ocorr\u00eancias de pessoas ilhadas e Defesa Civil resgata 340 v\u00edtimas em alagamentos na capital pernambucana - Correio Braziliense - Radar","description":"Temporal com 150mm de chuva cancela voos da Azul e Latam para Fernando de Noronha pelo Recife. Ba\u00eda do Sancho fechada. Veja direitos e como reagendar.","robots":{"index":"index","follow":"follow","max-snippet":"max-snippet:-1","max-image-preview":"max-image-preview:large","max-video-preview":"max-video-preview:-1"},"canonical":"https:\/\/www.correiobraziliense.com.br\/cbradar\/milhares-de-passageiros-de-pernambuco-paraiba-rio-grande-do-norte-ceara-e-fernando-de-noronha-ficam-retidos-no-aeroporto-internacional-do-recife-enquanto-chuvas-intensas-cancelam-5-voos-atrasam-ou\/","og_locale":"pt_BR","og_type":"article","og_title":"Milhares de passageiros de Pernambuco, Para\u00edba, Rio Grande do Norte, Cear\u00e1 e Fernando de Noronha ficam retidos no Aeroporto Internacional do Recife enquanto chuvas intensas cancelam 5 voos, atrasam outros 14 e afetam Azul, Latam e Voepass \u2014 Bombeiros registram mais de 230 ocorr\u00eancias de pessoas ilhadas e Defesa Civil resgata 340 v\u00edtimas em alagamentos na capital pernambucana - Correio Braziliense - Radar","og_description":"Temporal com 150mm de chuva cancela voos da Azul e Latam para Fernando de Noronha pelo Recife. Ba\u00eda do Sancho fechada. Veja direitos e como reagendar.","og_url":"https:\/\/www.correiobraziliense.com.br\/cbradar\/milhares-de-passageiros-de-pernambuco-paraiba-rio-grande-do-norte-ceara-e-fernando-de-noronha-ficam-retidos-no-aeroporto-internacional-do-recife-enquanto-chuvas-intensas-cancelam-5-voos-atrasam-ou\/","og_site_name":"Correio Braziliense - Radar","article_published_time":"2026-05-02T07:45:37+00:00","article_modified_time":"2026-05-02T07:45:39+00:00","og_image":[{"width":1200,"height":628,"url":"https:\/\/www.correiobraziliense.com.br\/cbradar\/wp-content\/uploads\/2026\/05\/magnific_tire-o-capuz-do-rapaz-da-_2906378737.jpg","type":"image\/jpeg"}],"author":"Jo\u00e3o Victor","twitter_card":"summary_large_image","twitter_misc":{"Escrito por":"Jo\u00e3o Victor","Est. tempo de leitura":"5 minutos"},"schema":{"@context":"https:\/\/schema.org","@graph":[{"@type":"WebPage","@id":"https:\/\/www.correiobraziliense.com.br\/cbradar\/milhares-de-passageiros-de-pernambuco-paraiba-rio-grande-do-norte-ceara-e-fernando-de-noronha-ficam-retidos-no-aeroporto-internacional-do-recife-enquanto-chuvas-intensas-cancelam-5-voos-atrasam-ou\/","url":"https:\/\/www.correiobraziliense.com.br\/cbradar\/milhares-de-passageiros-de-pernambuco-paraiba-rio-grande-do-norte-ceara-e-fernando-de-noronha-ficam-retidos-no-aeroporto-internacional-do-recife-enquanto-chuvas-intensas-cancelam-5-voos-atrasam-ou\/","name":"Milhares de passageiros de Pernambuco, Para\u00edba, Rio Grande do Norte, Cear\u00e1 e Fernando de Noronha ficam retidos no Aeroporto Internacional do Recife enquanto chuvas intensas cancelam 5 voos, atrasam outros 14 e afetam Azul, Latam e Voepass \u2014 Bombeiros registram mais de 230 ocorr\u00eancias de pessoas ilhadas e Defesa Civil resgata 340 v\u00edtimas em alagamentos na capital pernambucana - Correio Braziliense - Radar","isPartOf":{"@id":"https:\/\/www.correiobraziliense.com.br\/cbradar\/#website"},"primaryImageOfPage":{"@id":"https:\/\/www.correiobraziliense.com.br\/cbradar\/milhares-de-passageiros-de-pernambuco-paraiba-rio-grande-do-norte-ceara-e-fernando-de-noronha-ficam-retidos-no-aeroporto-internacional-do-recife-enquanto-chuvas-intensas-cancelam-5-voos-atrasam-ou\/#primaryimage"},"image":{"@id":"https:\/\/www.correiobraziliense.com.br\/cbradar\/milhares-de-passageiros-de-pernambuco-paraiba-rio-grande-do-norte-ceara-e-fernando-de-noronha-ficam-retidos-no-aeroporto-internacional-do-recife-enquanto-chuvas-intensas-cancelam-5-voos-atrasam-ou\/#primaryimage"},"thumbnailUrl":"https:\/\/www.correiobraziliense.com.br\/cbradar\/wp-content\/uploads\/2026\/05\/magnific_tire-o-capuz-do-rapaz-da-_2906378737.jpg","datePublished":"2026-05-02T07:45:37+00:00","dateModified":"2026-05-02T07:45:39+00:00","author":{"@id":"https:\/\/www.correiobraziliense.com.br\/cbradar\/#\/schema\/person\/3718880751cb9505f3c5588976f1d18d"},"description":"Temporal com 150mm de chuva cancela voos da Azul e Latam para Fernando de Noronha pelo Recife. Ba\u00eda do Sancho fechada. Veja direitos e como reagendar.","breadcrumb":{"@id":"https:\/\/www.correiobraziliense.com.br\/cbradar\/milhares-de-passageiros-de-pernambuco-paraiba-rio-grande-do-norte-ceara-e-fernando-de-noronha-ficam-retidos-no-aeroporto-internacional-do-recife-enquanto-chuvas-intensas-cancelam-5-voos-atrasam-ou\/#breadcrumb"},"inLanguage":"pt-BR","potentialAction":[{"@type":"ReadAction","target":["https:\/\/www.correiobraziliense.com.br\/cbradar\/milhares-de-passageiros-de-pernambuco-paraiba-rio-grande-do-norte-ceara-e-fernando-de-noronha-ficam-retidos-no-aeroporto-internacional-do-recife-enquanto-chuvas-intensas-cancelam-5-voos-atrasam-ou\/"]}]},{"@type":"ImageObject","inLanguage":"pt-BR","@id":"https:\/\/www.correiobraziliense.com.br\/cbradar\/milhares-de-passageiros-de-pernambuco-paraiba-rio-grande-do-norte-ceara-e-fernando-de-noronha-ficam-retidos-no-aeroporto-internacional-do-recife-enquanto-chuvas-intensas-cancelam-5-voos-atrasam-ou\/#primaryimage","url":"https:\/\/www.correiobraziliense.com.br\/cbradar\/wp-content\/uploads\/2026\/05\/magnific_tire-o-capuz-do-rapaz-da-_2906378737.jpg","contentUrl":"https:\/\/www.correiobraziliense.com.br\/cbradar\/wp-content\/uploads\/2026\/05\/magnific_tire-o-capuz-do-rapaz-da-_2906378737.jpg","width":1200,"height":628,"caption":"Passageira observa painel com voos cancelados no Aeroporto Internacional dos Guararapes durante o caos provocado pelas chuvas intensas no Recife. Cinco voos foram cancelados e outros quatorze atrasados pela Azul, Latam e Voepass. \u2014 Imagem: Magnific \/ Gerada por IA (ilustrativa)"},{"@type":"BreadcrumbList","@id":"https:\/\/www.correiobraziliense.com.br\/cbradar\/milhares-de-passageiros-de-pernambuco-paraiba-rio-grande-do-norte-ceara-e-fernando-de-noronha-ficam-retidos-no-aeroporto-internacional-do-recife-enquanto-chuvas-intensas-cancelam-5-voos-atrasam-ou\/#breadcrumb","itemListElement":[{"@type":"ListItem","position":1,"name":"In\u00edcio","item":"https:\/\/www.correiobraziliense.com.br\/cbradar\/"},{"@type":"ListItem","position":2,"name":"Milhares de passageiros de Pernambuco, Para\u00edba, Rio Grande do Norte, Cear\u00e1 e Fernando de Noronha ficam retidos no Aeroporto Internacional do Recife enquanto chuvas intensas cancelam 5 voos, atrasam outros 14 e afetam Azul, Latam e Voepass \u2014 Bombeiros registram mais de 230 ocorr\u00eancias de pessoas ilhadas e Defesa Civil resgata 340 v\u00edtimas em alagamentos na capital pernambucana"}]},{"@type":"WebSite","@id":"https:\/\/www.correiobraziliense.com.br\/cbradar\/#website","url":"https:\/\/www.correiobraziliense.com.br\/cbradar\/","name":"Correio Braziliense - Radar","description":"Acompanhe as \u00faltimas not\u00edcias e fique bem informado sobre tudo o que acontece no Brasil e no mundo.","potentialAction":[{"@type":"SearchAction","target":{"@type":"EntryPoint","urlTemplate":"https:\/\/www.correiobraziliense.com.br\/cbradar\/?s={search_term_string}"},"query-input":{"@type":"PropertyValueSpecification","valueRequired":true,"valueName":"search_term_string"}}],"inLanguage":"pt-BR"},{"@type":"Person","@id":"https:\/\/www.correiobraziliense.com.br\/cbradar\/#\/schema\/person\/3718880751cb9505f3c5588976f1d18d","name":"Jo\u00e3o Victor","image":{"@type":"ImageObject","inLanguage":"pt-BR","@id":"https:\/\/www.correiobraziliense.com.br\/cbradar\/#\/schema\/person\/image\/","url":"https:\/\/secure.gravatar.com\/avatar\/c70f0bc70a127808cfa0c6bd5694635c?s=96&d=mm&r=g","contentUrl":"https:\/\/secure.gravatar.com\/avatar\/c70f0bc70a127808cfa0c6bd5694635c?s=96&d=mm&r=g","caption":"Jo\u00e3o Victor"},"url":"https:\/\/www.correiobraziliense.com.br\/cbradar\/author\/joao\/"}]}},"_links":{"self":[{"href":"https:\/\/www.correiobraziliense.com.br\/cbradar\/wp-json\/wp\/v2\/posts\/235827","targetHints":{"allow":["GET"]}}],"collection":[{"href":"https:\/\/www.correiobraziliense.com.br\/cbradar\/wp-json\/wp\/v2\/posts"}],"about":[{"href":"https:\/\/www.correiobraziliense.com.br\/cbradar\/wp-json\/wp\/v2\/types\/post"}],"author":[{"embeddable":true,"href":"https:\/\/www.correiobraziliense.com.br\/cbradar\/wp-json\/wp\/v2\/users\/2"}],"replies":[{"embeddable":true,"href":"https:\/\/www.correiobraziliense.com.br\/cbradar\/wp-json\/wp\/v2\/comments?post=235827"}],"version-history":[{"count":1,"href":"https:\/\/www.correiobraziliense.com.br\/cbradar\/wp-json\/wp\/v2\/posts\/235827\/revisions"}],"predecessor-version":[{"id":235829,"href":"https:\/\/www.correiobraziliense.com.br\/cbradar\/wp-json\/wp\/v2\/posts\/235827\/revisions\/235829"}],"wp:featuredmedia":[{"embeddable":true,"href":"https:\/\/www.correiobraziliense.com.br\/cbradar\/wp-json\/wp\/v2\/media\/235828"}],"wp:attachment":[{"href":"https:\/\/www.correiobraziliense.com.br\/cbradar\/wp-json\/wp\/v2\/media?parent=235827"}],"wp:term":[{"taxonomy":"category","embeddable":true,"href":"https:\/\/www.correiobraziliense.com.br\/cbradar\/wp-json\/wp\/v2\/categories?post=235827"},{"taxonomy":"post_tag","embeddable":true,"href":"https:\/\/www.correiobraziliense.com.br\/cbradar\/wp-json\/wp\/v2\/tags?post=235827"}],"curies":[{"name":"wp","href":"https:\/\/api.w.org\/{rel}","templated":true}]}}