{"id":235832,"date":"2026-05-02T05:50:00","date_gmt":"2026-05-02T08:50:00","guid":{"rendered":"https:\/\/www.correiobraziliense.com.br\/cbradar\/?p=235832"},"modified":"2026-05-02T05:46:53","modified_gmt":"2026-05-02T08:46:53","slug":"a-psicologia-aponta-que-adultos-que-se-isolam-emocionalmente-do-mundo-nao-sao-frios-mas-desenvolveram-fortes-mecanismos-de-defesa-na-infancia","status":"publish","type":"post","link":"https:\/\/www.correiobraziliense.com.br\/cbradar\/a-psicologia-aponta-que-adultos-que-se-isolam-emocionalmente-do-mundo-nao-sao-frios-mas-desenvolveram-fortes-mecanismos-de-defesa-na-infancia\/","title":{"rendered":"A psicologia aponta que adultos que se isolam emocionalmente do mundo n\u00e3o s\u00e3o frios, mas desenvolveram fortes mecanismos de defesa na inf\u00e2ncia"},"content":{"rendered":"\n<p><strong>Isolamento emocional<\/strong> costuma ser lido como indiferen\u00e7a, mas a psicologia cl\u00ednica mostra outro quadro. Em muitos casos, esse afastamento afetivo nasce de experi\u00eancias da <strong>inf\u00e2ncia<\/strong>, marcadas por trauma, apego inseguro, hipervigil\u00e2ncia e dificuldade de regula\u00e7\u00e3o emocional. O que parece frieza, no comportamento adulto, pode ser uma forma aprendida de se proteger.<\/p>\n\n\n\n<h2 class=\"wp-block-heading\">Por que algumas pessoas se fecham tanto nas rela\u00e7\u00f5es?<\/h2>\n\n\n\n<p>O isolamento emocional raramente surge do nada. Ele costuma aparecer quando a crian\u00e7a aprende, cedo demais, que expor medo, tristeza ou necessidade traz cr\u00edtica, rejei\u00e7\u00e3o ou instabilidade. Nessa adapta\u00e7\u00e3o, os mecanismos de defesa entram em cena para reduzir dor ps\u00edquica e manter algum senso de controle.<\/p>\n\n\n\n<p>No comportamento adulto, isso pode aparecer como sil\u00eancio diante de conflitos, dificuldade para pedir ajuda, desconforto com intimidade e tend\u00eancia a racionalizar tudo. O trauma nem sempre deixa lembran\u00e7as claras, mas pode deixar um corpo em alerta e v\u00ednculos marcados por dist\u00e2ncia afetiva.<\/p>\n\n\n\n<h2 class=\"wp-block-heading\">Quais mecanismos de defesa costumam nascer na inf\u00e2ncia?<\/h2>\n\n\n\n<p>Na inf\u00e2ncia, a mente cria estrat\u00e9gias para suportar ambientes emocionais imprevis\u00edveis. Esses mecanismos de defesa n\u00e3o s\u00e3o sinais de fraqueza, e sim respostas de sobreviv\u00eancia ps\u00edquica que fizeram sentido naquele contexto.<\/p>\n\n\n\n<ul class=\"wp-block-list\">\n<li>Evita\u00e7\u00e3o emocional, para n\u00e3o tocar em sentimentos que antes geravam puni\u00e7\u00e3o.<\/li>\n\n\n\n<li>Desligamento afetivo, quando a pessoa reduz o contato com o que sente.<\/li>\n\n\n\n<li>Hipervigil\u00e2ncia, com leitura constante de risco nas rela\u00e7\u00f5es.<\/li>\n\n\n\n<li>Racionaliza\u00e7\u00e3o, ao transformar dor em an\u00e1lise para manter dist\u00e2ncia.<\/li>\n\n\n\n<li>Autossufici\u00eancia r\u00edgida, com recusa em depender de algu\u00e9m.<\/li>\n<\/ul>\n\n\n\n<p>Quando essas respostas ficam cristalizadas, o comportamento adulto pode parecer frio, mas por dentro existe tens\u00e3o. A pessoa at\u00e9 deseja v\u00ednculo, por\u00e9m associa proximidade a invas\u00e3o, cobran\u00e7a ou perda de seguran\u00e7a.<\/p>\n\n\n<div class=\"wp-block-image\">\n<figure class=\"aligncenter\"><img decoding=\"async\" width=\"1280\" height=\"720\" src=\"https:\/\/www.correiobraziliense.com.br\/cbradar\/wp-content\/uploads\/2026\/05\/a-psicologia-aponta-que-adultos-que-se-isolam-emocional-corpo-1.jpg\" alt=\"Hipervigil\u00e2ncia e dist\u00e2ncia afetiva aparecem em conversas \u00edntimas da vida adulta.\" class=\"wp-image-235857\" srcset=\"https:\/\/www.correiobraziliense.com.br\/cbradar\/wp-content\/uploads\/2026\/05\/a-psicologia-aponta-que-adultos-que-se-isolam-emocional-corpo-1.jpg 1280w, https:\/\/www.correiobraziliense.com.br\/cbradar\/wp-content\/uploads\/2026\/05\/a-psicologia-aponta-que-adultos-que-se-isolam-emocional-corpo-1-300x169.jpg 300w, https:\/\/www.correiobraziliense.com.br\/cbradar\/wp-content\/uploads\/2026\/05\/a-psicologia-aponta-que-adultos-que-se-isolam-emocional-corpo-1-768x432.jpg 768w, https:\/\/www.correiobraziliense.com.br\/cbradar\/wp-content\/uploads\/2026\/05\/a-psicologia-aponta-que-adultos-que-se-isolam-emocional-corpo-1-750x422.jpg 750w, https:\/\/www.correiobraziliense.com.br\/cbradar\/wp-content\/uploads\/2026\/05\/a-psicologia-aponta-que-adultos-que-se-isolam-emocional-corpo-1-1140x641.jpg 1140w\" sizes=\"(max-width: 1280px) 100vw, 1280px\" \/><figcaption class=\"wp-element-caption\">Hipervigil\u00e2ncia e dist\u00e2ncia afetiva aparecem em conversas \u00edntimas da vida adulta.<\/figcaption><\/figure><\/div>\n\n\n<h2 class=\"wp-block-heading\">O trauma infantil muda a forma de sentir e reagir?<\/h2>\n\n\n\n<p>Trauma n\u00e3o significa apenas eventos extremos. Rejei\u00e7\u00e3o repetida, neglig\u00eancia emocional, humilha\u00e7\u00e3o constante e ambientes imprevis\u00edveis tamb\u00e9m alteram a forma de perceber amea\u00e7a, confian\u00e7a e pertencimento. A psicologia entende que a mem\u00f3ria emocional pode registrar esse padr\u00e3o mesmo quando a narrativa consciente \u00e9 fragmentada.<\/p>\n\n\n\n<p>Isso ajuda a explicar por que o isolamento emocional aparece em situa\u00e7\u00f5es comuns, como conversas \u00edntimas, cr\u00edticas leves ou demonstra\u00e7\u00f5es de afeto. O sistema ps\u00edquico reage como se precisasse se defender de novo, mesmo quando o risco atual n\u00e3o corresponde ao passado.<\/p>\n\n\n\n<h2 class=\"wp-block-heading\">O que a pesquisa cient\u00edfica mostra sobre inf\u00e2ncia e sofrimento na vida adulta?<\/h2>\n\n\n\n<p>Esse v\u00ednculo entre inf\u00e2ncia e sintomas emocionais na vida adulta n\u00e3o \u00e9 apenas observa\u00e7\u00e3o cl\u00ednica. Ele tamb\u00e9m aparece em pesquisa populacional com grande n\u00famero de participantes, o que d\u00e1 mais peso \u00e0 associa\u00e7\u00e3o entre trauma precoce, estresse e formas de retraimento afetivo.<\/p>\n\n\n\n<p>Segundo o estudo <strong>The assessment of childhood maltreatment and its associations with affective symptoms in adulthood: Results of the German National Cohort (NAKO)<\/strong>, publicado no peri\u00f3dico <strong>World Journal of Biological Psychiatry<\/strong>, a gravidade dos maus-tratos na inf\u00e2ncia esteve associada a sintomas mais intensos de depress\u00e3o, ansiedade e estresse percebido na vida adulta, com destaque para abuso emocional e neglig\u00eancia emocional. Esse achado ajuda a entender por que mecanismos de defesa persistem por tantos anos e moldam o comportamento adulto mesmo sem inten\u00e7\u00e3o consciente. O trabalho pode ser consultado neste <a href=\"https:\/\/pubmed.ncbi.nlm.nih.gov\/35302904\" target=\"_blank\" rel=\"noopener noreferrer\">registro do estudo no PubMed<\/a>.<\/p>\n\n\n\n<h2 class=\"wp-block-heading\">Como esse padr\u00e3o aparece no comportamento adulto?<\/h2>\n\n\n\n<p>O comportamento adulto de quem vive isolamento emocional costuma ter sinais sutis. Nem sempre a pessoa evita todos os v\u00ednculos, mas costuma controlar demais o quanto mostra de si e quando mostra.<\/p>\n\n\n\n<ul class=\"wp-block-list\">\n<li>Dificuldade para nomear sentimentos em conversas importantes.<\/li>\n\n\n\n<li>Inc\u00f4modo com carinho, elogios ou cuidado recebido.<\/li>\n\n\n\n<li>Tend\u00eancia a se afastar quando a rela\u00e7\u00e3o fica mais \u00edntima.<\/li>\n\n\n\n<li>Postura de independ\u00eancia extrema, mesmo em sofrimento.<\/li>\n\n\n\n<li>Leitura r\u00e1pida de cr\u00edtica ou abandono em situa\u00e7\u00f5es neutras.<\/li>\n<\/ul>\n\n\n\n<p>Mecanismos de defesa assim podem funcionar no trabalho e at\u00e9 em amizades superficiais. O problema aparece quando a prote\u00e7\u00e3o bloqueia confian\u00e7a, reciprocidade e elabora\u00e7\u00e3o emocional, mantendo o trauma ativo nas rela\u00e7\u00f5es do presente.<\/p>\n\n\n\n<h2 class=\"wp-block-heading\">H\u00e1 caminho para reduzir o isolamento emocional?<\/h2>\n\n\n\n<p>H\u00e1, mas ele n\u00e3o come\u00e7a com press\u00e3o para a pessoa \u201cse abrir\u201d. Na psicologia, o movimento mais eficaz costuma passar por seguran\u00e7a relacional, reconhecimento dos mecanismos de defesa e reconstru\u00e7\u00e3o gradual da regula\u00e7\u00e3o emocional. Nomear a pr\u00f3pria hist\u00f3ria sem se violentar j\u00e1 \u00e9 parte importante desse processo.<\/p>\n\n\n\n<p>Quando a inf\u00e2ncia foi um lugar de imprevisibilidade, o adulto aprende a sobreviver com dist\u00e2ncia. Ao compreender como trauma, apego e defesa se organizaram ao longo do desenvolvimento, fica mais f\u00e1cil olhar para o isolamento emocional sem moralismo. Em vez de frieza, muitas vezes existe uma estrat\u00e9gia antiga tentando proteger um mundo interno que nunca p\u00f4de relaxar.<\/p>\n","protected":false},"excerpt":{"rendered":"<p>Isolamento emocional costuma ser lido como indiferen\u00e7a, mas a psicologia cl\u00ednica mostra outro quadro. Em muitos casos, esse afastamento afetivo nasce de experi\u00eancias da inf\u00e2ncia, marcadas por trauma, apego inseguro, hipervigil\u00e2ncia e dificuldade de regula\u00e7\u00e3o emocional. O que parece frieza, no comportamento adulto, pode ser uma forma aprendida de se proteger. Por que algumas pessoas [&hellip;]<\/p>\n","protected":false},"author":12,"featured_media":235830,"comment_status":"open","ping_status":"open","sticky":false,"template":"","format":"standard","meta":{"_yoast_wpseo_focuskw":"isolamento emocional","_yoast_wpseo_title":"","_yoast_wpseo_metadesc":"Isolamento emocional nem sempre indica frieza. A inf\u00e2ncia pode deixar marcas discretas que moldam v\u00ednculos, defesa ps\u00edquica e comportamento adulto.","jnews-multi-image_gallery":[],"jnews_single_post":{"format":"standard"},"jnews_primary_category":[],"jnews_social_meta":[],"jnews_override_counter":[],"footnotes":""},"categories":[119],"tags":[17731,18541,18542,404,17774],"class_list":["post-235832","post","type-post","status-publish","format-standard","has-post-thumbnail","hentry","category-bem-estar","tag-comportamento-adulto","tag-isolamento-emocional","tag-mecanismos-de-defesa","tag-psicologia","tag-trauma-infantil"],"yoast_head":"<!-- This site is optimized with the Yoast SEO plugin v24.6 - https:\/\/yoast.com\/wordpress\/plugins\/seo\/ -->\n<title>A psicologia aponta que adultos que se isolam emocionalmente do mundo n\u00e3o s\u00e3o frios, mas desenvolveram fortes mecanismos de defesa na inf\u00e2ncia - Correio Braziliense - Radar<\/title>\n<meta name=\"description\" content=\"Isolamento emocional nem sempre indica frieza. A inf\u00e2ncia pode deixar marcas discretas que moldam v\u00ednculos, defesa ps\u00edquica e comportamento adulto.\" \/>\n<meta name=\"robots\" content=\"index, follow, max-snippet:-1, max-image-preview:large, max-video-preview:-1\" \/>\n<link rel=\"canonical\" href=\"https:\/\/www.correiobraziliense.com.br\/cbradar\/a-psicologia-aponta-que-adultos-que-se-isolam-emocionalmente-do-mundo-nao-sao-frios-mas-desenvolveram-fortes-mecanismos-de-defesa-na-infancia\/\" \/>\n<meta property=\"og:locale\" content=\"pt_BR\" \/>\n<meta property=\"og:type\" content=\"article\" \/>\n<meta property=\"og:title\" content=\"A psicologia aponta que adultos que se isolam emocionalmente do mundo n\u00e3o s\u00e3o frios, mas desenvolveram fortes mecanismos de defesa na inf\u00e2ncia - Correio Braziliense - Radar\" \/>\n<meta property=\"og:description\" content=\"Isolamento emocional nem sempre indica frieza. A inf\u00e2ncia pode deixar marcas discretas que moldam v\u00ednculos, defesa ps\u00edquica e comportamento adulto.\" \/>\n<meta property=\"og:url\" content=\"https:\/\/www.correiobraziliense.com.br\/cbradar\/a-psicologia-aponta-que-adultos-que-se-isolam-emocionalmente-do-mundo-nao-sao-frios-mas-desenvolveram-fortes-mecanismos-de-defesa-na-infancia\/\" \/>\n<meta property=\"og:site_name\" content=\"Correio Braziliense - Radar\" \/>\n<meta property=\"article:published_time\" content=\"2026-05-02T08:50:00+00:00\" \/>\n<meta property=\"og:image\" content=\"https:\/\/www.correiobraziliense.com.br\/cbradar\/wp-content\/uploads\/2026\/05\/a-psicologia-aponta-que-adultos-que-se-isolam-emocionalmente.jpg\" \/>\n\t<meta property=\"og:image:width\" content=\"1280\" \/>\n\t<meta property=\"og:image:height\" content=\"720\" \/>\n\t<meta property=\"og:image:type\" content=\"image\/jpeg\" \/>\n<meta name=\"author\" content=\"Gabriel Leme\" \/>\n<meta name=\"twitter:card\" content=\"summary_large_image\" \/>\n<meta name=\"twitter:label1\" content=\"Escrito por\" \/>\n\t<meta name=\"twitter:data1\" content=\"Gabriel Leme\" \/>\n\t<meta name=\"twitter:label2\" content=\"Est. tempo de leitura\" \/>\n\t<meta name=\"twitter:data2\" content=\"5 minutos\" \/>\n<!-- \/ Yoast SEO plugin. -->","yoast_head_json":{"title":"A psicologia aponta que adultos que se isolam emocionalmente do mundo n\u00e3o s\u00e3o frios, mas desenvolveram fortes mecanismos de defesa na inf\u00e2ncia - Correio Braziliense - Radar","description":"Isolamento emocional nem sempre indica frieza. A inf\u00e2ncia pode deixar marcas discretas que moldam v\u00ednculos, defesa ps\u00edquica e comportamento adulto.","robots":{"index":"index","follow":"follow","max-snippet":"max-snippet:-1","max-image-preview":"max-image-preview:large","max-video-preview":"max-video-preview:-1"},"canonical":"https:\/\/www.correiobraziliense.com.br\/cbradar\/a-psicologia-aponta-que-adultos-que-se-isolam-emocionalmente-do-mundo-nao-sao-frios-mas-desenvolveram-fortes-mecanismos-de-defesa-na-infancia\/","og_locale":"pt_BR","og_type":"article","og_title":"A psicologia aponta que adultos que se isolam emocionalmente do mundo n\u00e3o s\u00e3o frios, mas desenvolveram fortes mecanismos de defesa na inf\u00e2ncia - Correio Braziliense - Radar","og_description":"Isolamento emocional nem sempre indica frieza. A inf\u00e2ncia pode deixar marcas discretas que moldam v\u00ednculos, defesa ps\u00edquica e comportamento adulto.","og_url":"https:\/\/www.correiobraziliense.com.br\/cbradar\/a-psicologia-aponta-que-adultos-que-se-isolam-emocionalmente-do-mundo-nao-sao-frios-mas-desenvolveram-fortes-mecanismos-de-defesa-na-infancia\/","og_site_name":"Correio Braziliense - Radar","article_published_time":"2026-05-02T08:50:00+00:00","og_image":[{"width":1280,"height":720,"url":"https:\/\/www.correiobraziliense.com.br\/cbradar\/wp-content\/uploads\/2026\/05\/a-psicologia-aponta-que-adultos-que-se-isolam-emocionalmente.jpg","type":"image\/jpeg"}],"author":"Gabriel Leme","twitter_card":"summary_large_image","twitter_misc":{"Escrito por":"Gabriel Leme","Est. tempo de leitura":"5 minutos"},"schema":{"@context":"https:\/\/schema.org","@graph":[{"@type":"WebPage","@id":"https:\/\/www.correiobraziliense.com.br\/cbradar\/a-psicologia-aponta-que-adultos-que-se-isolam-emocionalmente-do-mundo-nao-sao-frios-mas-desenvolveram-fortes-mecanismos-de-defesa-na-infancia\/","url":"https:\/\/www.correiobraziliense.com.br\/cbradar\/a-psicologia-aponta-que-adultos-que-se-isolam-emocionalmente-do-mundo-nao-sao-frios-mas-desenvolveram-fortes-mecanismos-de-defesa-na-infancia\/","name":"A psicologia aponta que adultos que se isolam emocionalmente do mundo n\u00e3o s\u00e3o frios, mas desenvolveram fortes mecanismos de defesa na inf\u00e2ncia - Correio Braziliense - Radar","isPartOf":{"@id":"https:\/\/www.correiobraziliense.com.br\/cbradar\/#website"},"primaryImageOfPage":{"@id":"https:\/\/www.correiobraziliense.com.br\/cbradar\/a-psicologia-aponta-que-adultos-que-se-isolam-emocionalmente-do-mundo-nao-sao-frios-mas-desenvolveram-fortes-mecanismos-de-defesa-na-infancia\/#primaryimage"},"image":{"@id":"https:\/\/www.correiobraziliense.com.br\/cbradar\/a-psicologia-aponta-que-adultos-que-se-isolam-emocionalmente-do-mundo-nao-sao-frios-mas-desenvolveram-fortes-mecanismos-de-defesa-na-infancia\/#primaryimage"},"thumbnailUrl":"https:\/\/www.correiobraziliense.com.br\/cbradar\/wp-content\/uploads\/2026\/05\/a-psicologia-aponta-que-adultos-que-se-isolam-emocionalmente.jpg","datePublished":"2026-05-02T08:50:00+00:00","author":{"@id":"https:\/\/www.correiobraziliense.com.br\/cbradar\/#\/schema\/person\/67a081d63a0fe55fb267145a7be2f7c1"},"description":"Isolamento emocional nem sempre indica frieza. A inf\u00e2ncia pode deixar marcas discretas que moldam v\u00ednculos, defesa ps\u00edquica e comportamento adulto.","breadcrumb":{"@id":"https:\/\/www.correiobraziliense.com.br\/cbradar\/a-psicologia-aponta-que-adultos-que-se-isolam-emocionalmente-do-mundo-nao-sao-frios-mas-desenvolveram-fortes-mecanismos-de-defesa-na-infancia\/#breadcrumb"},"inLanguage":"pt-BR","potentialAction":[{"@type":"ReadAction","target":["https:\/\/www.correiobraziliense.com.br\/cbradar\/a-psicologia-aponta-que-adultos-que-se-isolam-emocionalmente-do-mundo-nao-sao-frios-mas-desenvolveram-fortes-mecanismos-de-defesa-na-infancia\/"]}]},{"@type":"ImageObject","inLanguage":"pt-BR","@id":"https:\/\/www.correiobraziliense.com.br\/cbradar\/a-psicologia-aponta-que-adultos-que-se-isolam-emocionalmente-do-mundo-nao-sao-frios-mas-desenvolveram-fortes-mecanismos-de-defesa-na-infancia\/#primaryimage","url":"https:\/\/www.correiobraziliense.com.br\/cbradar\/wp-content\/uploads\/2026\/05\/a-psicologia-aponta-que-adultos-que-se-isolam-emocionalmente.jpg","contentUrl":"https:\/\/www.correiobraziliense.com.br\/cbradar\/wp-content\/uploads\/2026\/05\/a-psicologia-aponta-que-adultos-que-se-isolam-emocionalmente.jpg","width":1280,"height":720,"caption":"Isolamento emocional pode esconder defesa ps\u00edquica aprendida ainda na inf\u00e2ncia."},{"@type":"BreadcrumbList","@id":"https:\/\/www.correiobraziliense.com.br\/cbradar\/a-psicologia-aponta-que-adultos-que-se-isolam-emocionalmente-do-mundo-nao-sao-frios-mas-desenvolveram-fortes-mecanismos-de-defesa-na-infancia\/#breadcrumb","itemListElement":[{"@type":"ListItem","position":1,"name":"In\u00edcio","item":"https:\/\/www.correiobraziliense.com.br\/cbradar\/"},{"@type":"ListItem","position":2,"name":"A psicologia aponta que adultos que se isolam emocionalmente do mundo n\u00e3o s\u00e3o frios, mas desenvolveram fortes mecanismos de defesa na inf\u00e2ncia"}]},{"@type":"WebSite","@id":"https:\/\/www.correiobraziliense.com.br\/cbradar\/#website","url":"https:\/\/www.correiobraziliense.com.br\/cbradar\/","name":"Correio Braziliense - Radar","description":"Acompanhe as \u00faltimas not\u00edcias e fique bem informado sobre tudo o que acontece no Brasil e no mundo.","potentialAction":[{"@type":"SearchAction","target":{"@type":"EntryPoint","urlTemplate":"https:\/\/www.correiobraziliense.com.br\/cbradar\/?s={search_term_string}"},"query-input":{"@type":"PropertyValueSpecification","valueRequired":true,"valueName":"search_term_string"}}],"inLanguage":"pt-BR"},{"@type":"Person","@id":"https:\/\/www.correiobraziliense.com.br\/cbradar\/#\/schema\/person\/67a081d63a0fe55fb267145a7be2f7c1","name":"Gabriel Leme","image":{"@type":"ImageObject","inLanguage":"pt-BR","@id":"https:\/\/www.correiobraziliense.com.br\/cbradar\/#\/schema\/person\/image\/","url":"https:\/\/secure.gravatar.com\/avatar\/85bf2e3517d27149969b72412b460c20?s=96&d=mm&r=g","contentUrl":"https:\/\/secure.gravatar.com\/avatar\/85bf2e3517d27149969b72412b460c20?s=96&d=mm&r=g","caption":"Gabriel Leme"},"sameAs":["https:\/\/www.correiobraziliense.com.br\/"],"url":"https:\/\/www.correiobraziliense.com.br\/cbradar\/author\/gabrielmyth\/"}]}},"_links":{"self":[{"href":"https:\/\/www.correiobraziliense.com.br\/cbradar\/wp-json\/wp\/v2\/posts\/235832","targetHints":{"allow":["GET"]}}],"collection":[{"href":"https:\/\/www.correiobraziliense.com.br\/cbradar\/wp-json\/wp\/v2\/posts"}],"about":[{"href":"https:\/\/www.correiobraziliense.com.br\/cbradar\/wp-json\/wp\/v2\/types\/post"}],"author":[{"embeddable":true,"href":"https:\/\/www.correiobraziliense.com.br\/cbradar\/wp-json\/wp\/v2\/users\/12"}],"replies":[{"embeddable":true,"href":"https:\/\/www.correiobraziliense.com.br\/cbradar\/wp-json\/wp\/v2\/comments?post=235832"}],"version-history":[{"count":1,"href":"https:\/\/www.correiobraziliense.com.br\/cbradar\/wp-json\/wp\/v2\/posts\/235832\/revisions"}],"predecessor-version":[{"id":235858,"href":"https:\/\/www.correiobraziliense.com.br\/cbradar\/wp-json\/wp\/v2\/posts\/235832\/revisions\/235858"}],"wp:featuredmedia":[{"embeddable":true,"href":"https:\/\/www.correiobraziliense.com.br\/cbradar\/wp-json\/wp\/v2\/media\/235830"}],"wp:attachment":[{"href":"https:\/\/www.correiobraziliense.com.br\/cbradar\/wp-json\/wp\/v2\/media?parent=235832"}],"wp:term":[{"taxonomy":"category","embeddable":true,"href":"https:\/\/www.correiobraziliense.com.br\/cbradar\/wp-json\/wp\/v2\/categories?post=235832"},{"taxonomy":"post_tag","embeddable":true,"href":"https:\/\/www.correiobraziliense.com.br\/cbradar\/wp-json\/wp\/v2\/tags?post=235832"}],"curies":[{"name":"wp","href":"https:\/\/api.w.org\/{rel}","templated":true}]}}