{"id":235835,"date":"2026-05-02T06:35:00","date_gmt":"2026-05-02T09:35:00","guid":{"rendered":"https:\/\/www.correiobraziliense.com.br\/cbradar\/?p=235835"},"modified":"2026-05-02T05:55:15","modified_gmt":"2026-05-02T08:55:15","slug":"o-que-o-consumo-do-limao-em-jejum-realmente-faz-no-figado-e-na-digestao","status":"publish","type":"post","link":"https:\/\/www.correiobraziliense.com.br\/cbradar\/o-que-o-consumo-do-limao-em-jejum-realmente-faz-no-figado-e-na-digestao\/","title":{"rendered":"O que o consumo do lim\u00e3o em jejum realmente faz no f\u00edgado e na digest\u00e3o"},"content":{"rendered":"\n<p><strong>Lim\u00e3o em jejum<\/strong> virou h\u00e1bito de muita gente que busca bem-estar, menos estufamento e algum efeito sobre o <strong>f\u00edgado<\/strong>. Na pr\u00e1tica, a rela\u00e7\u00e3o com a <strong>digest\u00e3o<\/strong> existe, mas passa mais por hidrata\u00e7\u00e3o, acidez, sensa\u00e7\u00f5es g\u00e1stricas e composi\u00e7\u00e3o da dieta do que por promessas de <strong>detox natural<\/strong>. Em uma rotina de <strong>alimenta\u00e7\u00e3o saud\u00e1vel<\/strong>, ele pode ter espa\u00e7o, s\u00f3 n\u00e3o faz milagres sozinho.<\/p>\n\n\n\n<h2 class=\"wp-block-heading\">O lim\u00e3o em jejum limpa mesmo o f\u00edgado?<\/h2>\n\n\n\n<p>O f\u00edgado j\u00e1 trabalha o tempo todo para metabolizar \u00e1lcool, medicamentos, horm\u00f4nios e compostos produzidos pelo pr\u00f3prio corpo. Isso significa que lim\u00e3o em jejum n\u00e3o \u201clava\u201d nem \u201cdesintoxica\u201d o \u00f3rg\u00e3o de forma direta. O que existe \u00e9 o consumo de um alimento com vitamina C, \u00e1cido c\u00edtrico e flavonoides, dentro de um contexto alimentar que pode ser melhor ou pior para a sa\u00fade hep\u00e1tica.<\/p>\n\n\n\n<p>Quando a rotina inclui ultraprocessados, excesso de a\u00e7\u00facar, \u00e1lcool frequente e ganho de peso, nenhum copo de \u00e1gua com lim\u00e3o compensa essa sobrecarga metab\u00f3lica. J\u00e1 em uma alimenta\u00e7\u00e3o saud\u00e1vel, com frutas, legumes, fibras e prote\u00ednas adequadas, o lim\u00e3o pode participar como coadjuvante, principalmente pelo sabor e pela facilidade de aumentar o consumo de \u00e1gua ao longo da manh\u00e3.<\/p>\n\n\n\n<h2 class=\"wp-block-heading\">O que acontece com a digest\u00e3o logo cedo?<\/h2>\n\n\n\n<p>A digest\u00e3o pode responder de formas diferentes. Para algumas pessoas, o lim\u00e3o em jejum estimula a saliva\u00e7\u00e3o, melhora a percep\u00e7\u00e3o de leveza e ajuda a iniciar o consumo de l\u00edquidos cedo. Para outras, a acidez agrava queima\u00e7\u00e3o, refluxo, dor epig\u00e1strica ou n\u00e1usea, especialmente em quem j\u00e1 tem gastrite, sensibilidade g\u00e1strica ou esofagite.<\/p>\n\n\n\n<p>Esse efeito varia porque o est\u00f4mago n\u00e3o depende do lim\u00e3o para produzir \u00e1cido. O corpo j\u00e1 secreta \u00e1cido clor\u00eddrico e enzimas digestivas naturalmente. Por isso, a ideia de que o lim\u00e3o \u201cacorda\u201d a digest\u00e3o \u00e9 mais uma simplifica\u00e7\u00e3o do que um mecanismo obrigat\u00f3rio. O que costuma fazer diferen\u00e7a real \u00e9 o conjunto do caf\u00e9 da manh\u00e3, o teor de fibra, a mastiga\u00e7\u00e3o e o intervalo entre refei\u00e7\u00f5es.<\/p>\n\n\n<div class=\"wp-block-image\">\n<figure class=\"aligncenter\"><img decoding=\"async\" src=\"https:\/\/www.correiobraziliense.com.br\/cbradar\/wp-content\/uploads\/2026\/05\/o-que-o-consumo-do-limao-em-jejum-realmente-faz-no-figa-corpo.jpg\" alt=\"Caf\u00e9 da manh\u00e3 equilibrado pesa mais na digest\u00e3o do que o lim\u00e3o.\"\/><figcaption class=\"wp-element-caption\">Caf\u00e9 da manh\u00e3 equilibrado pesa mais na digest\u00e3o do que o lim\u00e3o.<\/figcaption><\/figure><\/div>\n\n\n<h2 class=\"wp-block-heading\">Quando esse h\u00e1bito pode ajudar, e quando atrapalha?<\/h2>\n\n\n\n<p>H\u00e1 situa\u00e7\u00f5es em que o consumo faz sentido e outras em que vale recuar. O ponto central \u00e9 observar sintomas, frequ\u00eancia e contexto cl\u00ednico.<\/p>\n\n\n\n<ul class=\"wp-block-list\">\n<li>Pode ajudar quem bebe pouca \u00e1gua pela manh\u00e3 e passa a se hidratar melhor.<\/li>\n\n\n\n<li>Pode ser \u00fatil para dar sabor sem a\u00e7\u00facar a uma bebida simples.<\/li>\n\n\n\n<li>Pode atrapalhar quem sente azia, refluxo, ardor ou desconforto abdominal.<\/li>\n\n\n\n<li>Pode irritivar a mucosa oral em excesso e aumentar sensibilidade dental.<\/li>\n\n\n\n<li>Pode criar falsa sensa\u00e7\u00e3o de prote\u00e7\u00e3o quando a dieta segue desorganizada.<\/li>\n<\/ul>\n\n\n\n<p>Digest\u00e3o confort\u00e1vel depende menos do hor\u00e1rio do lim\u00e3o e mais da carga total da refei\u00e7\u00e3o. Comer muito r\u00e1pido, exagerar em fritura, pular refei\u00e7\u00f5es e compensar mais tarde costuma pesar mais no est\u00f4mago do que a presen\u00e7a ou aus\u00eancia do c\u00edtrico em jejum.<\/p>\n\n\n\n<h2 class=\"wp-block-heading\">O que a ci\u00eancia j\u00e1 observou sobre compostos c\u00edtricos?<\/h2>\n\n\n\n<p>Os compostos bioativos do lim\u00e3o, como flavonoides e limonoides, s\u00e3o o ponto mais interessante quando o assunto chega ao f\u00edgado e ao intestino. S\u00f3 que boa parte da evid\u00eancia n\u00e3o avalia exatamente \u201c\u00e1gua com lim\u00e3o em jejum\u201d em humanos saud\u00e1veis, e sim componentes c\u00edtricos, suplementa\u00e7\u00e3o ou contextos espec\u00edficos de doen\u00e7a metab\u00f3lica.<\/p>\n\n\n\n<p>Segundo a revis\u00e3o sistem\u00e1tica e meta-an\u00e1lise <a href=\"https:\/\/pubmed.ncbi.nlm.nih.gov\/37877662\/\" target=\"_blank\" rel=\"noopener noreferrer\">Does Flavonoid Supplementation Alleviate Non-Alcoholic Fatty Liver Disease? A Systematic Review and Meta-Analysis of Randomized Controlled Trials<\/a>, publicada no peri\u00f3dico <strong>Nutrients<\/strong>, a suplementa\u00e7\u00e3o de flavonoides em ensaios cl\u00ednicos mostrou melhora de marcadores hep\u00e1ticos como ALT, AST e GGT em adultos com doen\u00e7a hep\u00e1tica gordurosa n\u00e3o alco\u00f3lica. Isso n\u00e3o prova que lim\u00e3o em jejum tenha o mesmo efeito isoladamente, mas refor\u00e7a que compostos vegetais presentes em frutas c\u00edtricas podem participar de estrat\u00e9gias nutricionais voltadas ao f\u00edgado quando o quadro envolve padr\u00e3o alimentar, inflama\u00e7\u00e3o e metabolismo.<\/p>\n\n\n\n<h2 class=\"wp-block-heading\">Detox natural existe ou \u00e9 s\u00f3 linguagem de marketing?<\/h2>\n\n\n\n<p>Detox natural, no sentido biol\u00f3gico, \u00e9 um trabalho cont\u00ednuo do f\u00edgado, dos rins, do intestino, dos pulm\u00f5es e da pele. O problema \u00e9 transformar esse conceito em promessa de atalho. Lim\u00e3o em jejum entrou nessa narrativa porque \u00e9 barato, acess\u00edvel e associado \u00e0 ideia de pureza alimentar, mas o corpo n\u00e3o muda sua capacidade de elimina\u00e7\u00e3o de toxinas por causa de um ingrediente isolado.<\/p>\n\n\n\n<p>Se a inten\u00e7\u00e3o \u00e9 favorecer esse sistema de forma concreta, algumas medidas t\u00eam mais base fisiol\u00f3gica:<\/p>\n\n\n\n<ul class=\"wp-block-list\">\n<li>reduzir \u00e1lcool e excesso de bebidas a\u00e7ucaradas<\/li>\n\n\n\n<li>aumentar fibras de frutas, verduras, feij\u00e3o e aveia<\/li>\n\n\n\n<li>manter ingest\u00e3o adequada de \u00e1gua ao longo do dia<\/li>\n\n\n\n<li>priorizar sono regular e atividade f\u00edsica<\/li>\n\n\n\n<li>controlar excesso de gordura abdominal, que pesa sobre o f\u00edgado<\/li>\n<\/ul>\n\n\n\n<h2 class=\"wp-block-heading\">Como incluir o lim\u00e3o sem exagero na rotina?<\/h2>\n\n\n\n<p>Alimenta\u00e7\u00e3o saud\u00e1vel n\u00e3o precisa de ritual r\u00edgido. O lim\u00e3o pode entrar na \u00e1gua, no tempero da salada, em prepara\u00e7\u00f5es com peixe, em molhos leves e at\u00e9 junto de frutas, desde que n\u00e3o piore sintomas digestivos. Para quem gosta do uso em jejum, vale evitar concentra\u00e7\u00f5es muito fortes, usar canudo quando houver sensibilidade dent\u00e1ria e n\u00e3o substituir o caf\u00e9 da manh\u00e3 por essa bebida.<\/p>\n\n\n\n<p>F\u00edgado e digest\u00e3o respondem muito mais ao padr\u00e3o alimentar repetido por semanas do que a um gesto isolado ao acordar. Quando o lim\u00e3o em jejum aparece dentro de uma rotina com comida de verdade, fibras, hidrata\u00e7\u00e3o e regularidade nas refei\u00e7\u00f5es, ele pode ser apenas mais um detalhe \u00fatil, e n\u00e3o o centro da sa\u00fade digestiva ou hep\u00e1tica.<\/p>\n","protected":false},"excerpt":{"rendered":"<p>Lim\u00e3o em jejum virou h\u00e1bito de muita gente que busca bem-estar, menos estufamento e algum efeito sobre o f\u00edgado. Na pr\u00e1tica, a rela\u00e7\u00e3o com a digest\u00e3o existe, mas passa mais por hidrata\u00e7\u00e3o, acidez, sensa\u00e7\u00f5es g\u00e1stricas e composi\u00e7\u00e3o da dieta do que por promessas de detox natural. Em uma rotina de alimenta\u00e7\u00e3o saud\u00e1vel, ele pode ter [&hellip;]<\/p>\n","protected":false},"author":12,"featured_media":235833,"comment_status":"open","ping_status":"open","sticky":false,"template":"","format":"standard","meta":{"_yoast_wpseo_focuskw":"lim\u00e3o em jejum","_yoast_wpseo_title":"","_yoast_wpseo_metadesc":"Lim\u00e3o em jejum ganhou fama de aliado do f\u00edgado, mas um detalhe sobre digest\u00e3o e detox natural muda bastante o peso desse h\u00e1bito na rotina.","jnews-multi-image_gallery":[],"jnews_single_post":{"format":"standard"},"jnews_primary_category":[],"jnews_social_meta":[],"jnews_override_counter":[],"footnotes":""},"categories":[4404],"tags":[183,5623,15420,12321,18543,1400],"class_list":["post-235835","post","type-post","status-publish","format-standard","has-post-thumbnail","hentry","category-saude","tag-alimentacao-saudavel","tag-alimentos-para-o-figado","tag-detox-natural","tag-digestao-2","tag-limao-em-jejum","tag-nutricao"],"yoast_head":"<!-- This site is optimized with the Yoast SEO plugin v24.6 - https:\/\/yoast.com\/wordpress\/plugins\/seo\/ -->\n<title>O que o consumo do lim\u00e3o em jejum realmente faz no f\u00edgado e na digest\u00e3o - Correio Braziliense - Radar<\/title>\n<meta name=\"description\" content=\"Lim\u00e3o em jejum ganhou fama de aliado do f\u00edgado, mas um detalhe sobre digest\u00e3o e detox natural muda bastante o peso desse h\u00e1bito na rotina.\" \/>\n<meta name=\"robots\" content=\"index, follow, max-snippet:-1, max-image-preview:large, max-video-preview:-1\" \/>\n<link rel=\"canonical\" href=\"https:\/\/www.correiobraziliense.com.br\/cbradar\/o-que-o-consumo-do-limao-em-jejum-realmente-faz-no-figado-e-na-digestao\/\" \/>\n<meta property=\"og:locale\" content=\"pt_BR\" \/>\n<meta property=\"og:type\" content=\"article\" \/>\n<meta property=\"og:title\" content=\"O que o consumo do lim\u00e3o em jejum realmente faz no f\u00edgado e na digest\u00e3o - Correio Braziliense - Radar\" \/>\n<meta property=\"og:description\" content=\"Lim\u00e3o em jejum ganhou fama de aliado do f\u00edgado, mas um detalhe sobre digest\u00e3o e detox natural muda bastante o peso desse h\u00e1bito na rotina.\" \/>\n<meta property=\"og:url\" content=\"https:\/\/www.correiobraziliense.com.br\/cbradar\/o-que-o-consumo-do-limao-em-jejum-realmente-faz-no-figado-e-na-digestao\/\" \/>\n<meta property=\"og:site_name\" content=\"Correio Braziliense - Radar\" \/>\n<meta property=\"article:published_time\" content=\"2026-05-02T09:35:00+00:00\" \/>\n<meta property=\"og:image\" content=\"https:\/\/www.correiobraziliense.com.br\/cbradar\/wp-content\/uploads\/2026\/05\/o-que-o-consumo-do-limao-em-jejum-realmente-faz-no-figado-e-.jpg\" \/>\n\t<meta property=\"og:image:width\" content=\"1280\" \/>\n\t<meta property=\"og:image:height\" content=\"720\" \/>\n\t<meta property=\"og:image:type\" content=\"image\/jpeg\" \/>\n<meta name=\"author\" content=\"Gabriel Leme\" \/>\n<meta name=\"twitter:card\" content=\"summary_large_image\" \/>\n<meta name=\"twitter:label1\" content=\"Escrito por\" \/>\n\t<meta name=\"twitter:data1\" content=\"Gabriel Leme\" \/>\n\t<meta name=\"twitter:label2\" content=\"Est. tempo de leitura\" \/>\n\t<meta name=\"twitter:data2\" content=\"6 minutos\" \/>\n<!-- \/ Yoast SEO plugin. -->","yoast_head_json":{"title":"O que o consumo do lim\u00e3o em jejum realmente faz no f\u00edgado e na digest\u00e3o - Correio Braziliense - Radar","description":"Lim\u00e3o em jejum ganhou fama de aliado do f\u00edgado, mas um detalhe sobre digest\u00e3o e detox natural muda bastante o peso desse h\u00e1bito na rotina.","robots":{"index":"index","follow":"follow","max-snippet":"max-snippet:-1","max-image-preview":"max-image-preview:large","max-video-preview":"max-video-preview:-1"},"canonical":"https:\/\/www.correiobraziliense.com.br\/cbradar\/o-que-o-consumo-do-limao-em-jejum-realmente-faz-no-figado-e-na-digestao\/","og_locale":"pt_BR","og_type":"article","og_title":"O que o consumo do lim\u00e3o em jejum realmente faz no f\u00edgado e na digest\u00e3o - Correio Braziliense - Radar","og_description":"Lim\u00e3o em jejum ganhou fama de aliado do f\u00edgado, mas um detalhe sobre digest\u00e3o e detox natural muda bastante o peso desse h\u00e1bito na rotina.","og_url":"https:\/\/www.correiobraziliense.com.br\/cbradar\/o-que-o-consumo-do-limao-em-jejum-realmente-faz-no-figado-e-na-digestao\/","og_site_name":"Correio Braziliense - Radar","article_published_time":"2026-05-02T09:35:00+00:00","og_image":[{"width":1280,"height":720,"url":"https:\/\/www.correiobraziliense.com.br\/cbradar\/wp-content\/uploads\/2026\/05\/o-que-o-consumo-do-limao-em-jejum-realmente-faz-no-figado-e-.jpg","type":"image\/jpeg"}],"author":"Gabriel Leme","twitter_card":"summary_large_image","twitter_misc":{"Escrito por":"Gabriel Leme","Est. tempo de leitura":"6 minutos"},"schema":{"@context":"https:\/\/schema.org","@graph":[{"@type":"WebPage","@id":"https:\/\/www.correiobraziliense.com.br\/cbradar\/o-que-o-consumo-do-limao-em-jejum-realmente-faz-no-figado-e-na-digestao\/","url":"https:\/\/www.correiobraziliense.com.br\/cbradar\/o-que-o-consumo-do-limao-em-jejum-realmente-faz-no-figado-e-na-digestao\/","name":"O que o consumo do lim\u00e3o em jejum realmente faz no f\u00edgado e na digest\u00e3o - Correio Braziliense - Radar","isPartOf":{"@id":"https:\/\/www.correiobraziliense.com.br\/cbradar\/#website"},"primaryImageOfPage":{"@id":"https:\/\/www.correiobraziliense.com.br\/cbradar\/o-que-o-consumo-do-limao-em-jejum-realmente-faz-no-figado-e-na-digestao\/#primaryimage"},"image":{"@id":"https:\/\/www.correiobraziliense.com.br\/cbradar\/o-que-o-consumo-do-limao-em-jejum-realmente-faz-no-figado-e-na-digestao\/#primaryimage"},"thumbnailUrl":"https:\/\/www.correiobraziliense.com.br\/cbradar\/wp-content\/uploads\/2026\/05\/o-que-o-consumo-do-limao-em-jejum-realmente-faz-no-figado-e-.jpg","datePublished":"2026-05-02T09:35:00+00:00","author":{"@id":"https:\/\/www.correiobraziliense.com.br\/cbradar\/#\/schema\/person\/67a081d63a0fe55fb267145a7be2f7c1"},"description":"Lim\u00e3o em jejum ganhou fama de aliado do f\u00edgado, mas um detalhe sobre digest\u00e3o e detox natural muda bastante o peso desse h\u00e1bito na rotina.","breadcrumb":{"@id":"https:\/\/www.correiobraziliense.com.br\/cbradar\/o-que-o-consumo-do-limao-em-jejum-realmente-faz-no-figado-e-na-digestao\/#breadcrumb"},"inLanguage":"pt-BR","potentialAction":[{"@type":"ReadAction","target":["https:\/\/www.correiobraziliense.com.br\/cbradar\/o-que-o-consumo-do-limao-em-jejum-realmente-faz-no-figado-e-na-digestao\/"]}]},{"@type":"ImageObject","inLanguage":"pt-BR","@id":"https:\/\/www.correiobraziliense.com.br\/cbradar\/o-que-o-consumo-do-limao-em-jejum-realmente-faz-no-figado-e-na-digestao\/#primaryimage","url":"https:\/\/www.correiobraziliense.com.br\/cbradar\/wp-content\/uploads\/2026\/05\/o-que-o-consumo-do-limao-em-jejum-realmente-faz-no-figado-e-.jpg","contentUrl":"https:\/\/www.correiobraziliense.com.br\/cbradar\/wp-content\/uploads\/2026\/05\/o-que-o-consumo-do-limao-em-jejum-realmente-faz-no-figado-e-.jpg","width":1280,"height":720,"caption":"\u00c1gua com lim\u00e3o pode ajudar na hidrata\u00e7\u00e3o, mas n\u00e3o faz detox."},{"@type":"BreadcrumbList","@id":"https:\/\/www.correiobraziliense.com.br\/cbradar\/o-que-o-consumo-do-limao-em-jejum-realmente-faz-no-figado-e-na-digestao\/#breadcrumb","itemListElement":[{"@type":"ListItem","position":1,"name":"In\u00edcio","item":"https:\/\/www.correiobraziliense.com.br\/cbradar\/"},{"@type":"ListItem","position":2,"name":"O que o consumo do lim\u00e3o em jejum realmente faz no f\u00edgado e na digest\u00e3o"}]},{"@type":"WebSite","@id":"https:\/\/www.correiobraziliense.com.br\/cbradar\/#website","url":"https:\/\/www.correiobraziliense.com.br\/cbradar\/","name":"Correio Braziliense - Radar","description":"Acompanhe as \u00faltimas not\u00edcias e fique bem informado sobre tudo o que acontece no Brasil e no mundo.","potentialAction":[{"@type":"SearchAction","target":{"@type":"EntryPoint","urlTemplate":"https:\/\/www.correiobraziliense.com.br\/cbradar\/?s={search_term_string}"},"query-input":{"@type":"PropertyValueSpecification","valueRequired":true,"valueName":"search_term_string"}}],"inLanguage":"pt-BR"},{"@type":"Person","@id":"https:\/\/www.correiobraziliense.com.br\/cbradar\/#\/schema\/person\/67a081d63a0fe55fb267145a7be2f7c1","name":"Gabriel Leme","image":{"@type":"ImageObject","inLanguage":"pt-BR","@id":"https:\/\/www.correiobraziliense.com.br\/cbradar\/#\/schema\/person\/image\/","url":"https:\/\/secure.gravatar.com\/avatar\/85bf2e3517d27149969b72412b460c20?s=96&d=mm&r=g","contentUrl":"https:\/\/secure.gravatar.com\/avatar\/85bf2e3517d27149969b72412b460c20?s=96&d=mm&r=g","caption":"Gabriel Leme"},"sameAs":["https:\/\/www.correiobraziliense.com.br\/"],"url":"https:\/\/www.correiobraziliense.com.br\/cbradar\/author\/gabrielmyth\/"}]}},"_links":{"self":[{"href":"https:\/\/www.correiobraziliense.com.br\/cbradar\/wp-json\/wp\/v2\/posts\/235835","targetHints":{"allow":["GET"]}}],"collection":[{"href":"https:\/\/www.correiobraziliense.com.br\/cbradar\/wp-json\/wp\/v2\/posts"}],"about":[{"href":"https:\/\/www.correiobraziliense.com.br\/cbradar\/wp-json\/wp\/v2\/types\/post"}],"author":[{"embeddable":true,"href":"https:\/\/www.correiobraziliense.com.br\/cbradar\/wp-json\/wp\/v2\/users\/12"}],"replies":[{"embeddable":true,"href":"https:\/\/www.correiobraziliense.com.br\/cbradar\/wp-json\/wp\/v2\/comments?post=235835"}],"version-history":[{"count":1,"href":"https:\/\/www.correiobraziliense.com.br\/cbradar\/wp-json\/wp\/v2\/posts\/235835\/revisions"}],"predecessor-version":[{"id":235859,"href":"https:\/\/www.correiobraziliense.com.br\/cbradar\/wp-json\/wp\/v2\/posts\/235835\/revisions\/235859"}],"wp:featuredmedia":[{"embeddable":true,"href":"https:\/\/www.correiobraziliense.com.br\/cbradar\/wp-json\/wp\/v2\/media\/235833"}],"wp:attachment":[{"href":"https:\/\/www.correiobraziliense.com.br\/cbradar\/wp-json\/wp\/v2\/media?parent=235835"}],"wp:term":[{"taxonomy":"category","embeddable":true,"href":"https:\/\/www.correiobraziliense.com.br\/cbradar\/wp-json\/wp\/v2\/categories?post=235835"},{"taxonomy":"post_tag","embeddable":true,"href":"https:\/\/www.correiobraziliense.com.br\/cbradar\/wp-json\/wp\/v2\/tags?post=235835"}],"curies":[{"name":"wp","href":"https:\/\/api.w.org\/{rel}","templated":true}]}}