{"id":235844,"date":"2026-05-02T07:35:00","date_gmt":"2026-05-02T10:35:00","guid":{"rendered":"https:\/\/www.correiobraziliense.com.br\/cbradar\/?p=235844"},"modified":"2026-05-02T05:55:55","modified_gmt":"2026-05-02T08:55:55","slug":"segundo-grandes-especialistas-em-psicologia-pessoas-que-precisaram-se-virar-completamente-sozinhas-na-infancia-desenvolvem-uma-independencia-emocional-que-poucos-entendem-hoje","status":"publish","type":"post","link":"https:\/\/www.correiobraziliense.com.br\/cbradar\/segundo-grandes-especialistas-em-psicologia-pessoas-que-precisaram-se-virar-completamente-sozinhas-na-infancia-desenvolvem-uma-independencia-emocional-que-poucos-entendem-hoje\/","title":{"rendered":"Segundo grandes especialistas em psicologia, pessoas que precisaram se virar completamente sozinhas na inf\u00e2ncia desenvolvem uma independ\u00eancia emocional que poucos entendem hoje"},"content":{"rendered":"\n<p><strong>Independ\u00eancia emocional<\/strong> costuma ser vista como frieza, quando muitas vezes nasceu de uma adapta\u00e7\u00e3o ps\u00edquica a uma <strong>inf\u00e2ncia dif\u00edcil<\/strong>. Na psicologia, esse padr\u00e3o envolve v\u00ednculo, apego, regula\u00e7\u00e3o emocional, hipervigil\u00e2ncia e formas de autonomia constru\u00eddas cedo demais. Quem aprendeu a se virar sem amparo consistente costuma carregar for\u00e7a real, mas tamb\u00e9m modos de prote\u00e7\u00e3o que nem sempre s\u00e3o lidos corretamente na vida adulta.<\/p>\n\n\n\n<h2 class=\"wp-block-heading\">Por que tanta autonomia pode nascer cedo demais?<\/h2>\n\n\n\n<p>Autonomia \u00e9 uma habilidade saud\u00e1vel quando aparece com suporte, limite e seguran\u00e7a. Em uma inf\u00e2ncia dif\u00edcil, por\u00e9m, ela pode surgir como resposta \u00e0 aus\u00eancia de cuidado previs\u00edvel, ao medo de incomodar e \u00e0 necessidade de resolver sozinho o que uma crian\u00e7a ainda n\u00e3o deveria administrar.<\/p>\n\n\n\n<p>Nesse contexto, a independ\u00eancia emocional n\u00e3o significa aus\u00eancia de afeto. Muitas vezes, ela funciona como defesa ps\u00edquica. A pessoa aprende a conter o choro, reduzir pedidos, antecipar problemas e controlar o ambiente para evitar nova frustra\u00e7\u00e3o. A resili\u00eancia aparece, mas com custo emocional importante.<\/p>\n\n\n\n<h2 class=\"wp-block-heading\">O que os especialistas em psicologia costumam observar nesses adultos?<\/h2>\n\n\n\n<p>Desenvolvimento pessoal, nesse caso, quase sempre passa por reconhecer padr\u00f5es antigos. Psic\u00f3logos observam que adultos com hist\u00f3rico de inf\u00e2ncia dif\u00edcil podem ser competentes, atentos e respons\u00e1veis, mas tamb\u00e9m sentir desconforto diante de depend\u00eancia, vulnerabilidade e ajuda recebida.<\/p>\n\n\n\n<p>Alguns sinais aparecem com frequ\u00eancia na cl\u00ednica e nas pesquisas sobre apego, trauma e adapta\u00e7\u00e3o:<\/p>\n\n\n\n<ul class=\"wp-block-list\">\n<li>dificuldade para pedir apoio, mesmo em situa\u00e7\u00f5es de sobrecarga<\/li>\n\n\n\n<li>tend\u00eancia a resolver crises sem dividir peso com ningu\u00e9m<\/li>\n\n\n\n<li>leitura r\u00e1pida do ambiente, com aten\u00e7\u00e3o constante a mudan\u00e7as de humor<\/li>\n\n\n\n<li>sensa\u00e7\u00e3o de culpa ao descansar ou ao precisar de cuidado<\/li>\n\n\n\n<li>valoriza\u00e7\u00e3o extrema da autonomia, mesmo quando h\u00e1 exaust\u00e3o emocional<\/li>\n<\/ul>\n\n\n<div class=\"wp-block-image\">\n<figure class=\"aligncenter\"><img decoding=\"async\" width=\"1280\" height=\"720\" src=\"https:\/\/www.correiobraziliense.com.br\/cbradar\/wp-content\/uploads\/2026\/05\/segundo-grandes-especialistas-em-psicologia-pessoas-que-corpo-1.jpg\" alt=\"No trabalho, a autossufici\u00eancia pode coexistir com dificuldade de pedir apoio.\" class=\"wp-image-235864\" srcset=\"https:\/\/www.correiobraziliense.com.br\/cbradar\/wp-content\/uploads\/2026\/05\/segundo-grandes-especialistas-em-psicologia-pessoas-que-corpo-1.jpg 1280w, https:\/\/www.correiobraziliense.com.br\/cbradar\/wp-content\/uploads\/2026\/05\/segundo-grandes-especialistas-em-psicologia-pessoas-que-corpo-1-300x169.jpg 300w, https:\/\/www.correiobraziliense.com.br\/cbradar\/wp-content\/uploads\/2026\/05\/segundo-grandes-especialistas-em-psicologia-pessoas-que-corpo-1-768x432.jpg 768w, https:\/\/www.correiobraziliense.com.br\/cbradar\/wp-content\/uploads\/2026\/05\/segundo-grandes-especialistas-em-psicologia-pessoas-que-corpo-1-750x422.jpg 750w, https:\/\/www.correiobraziliense.com.br\/cbradar\/wp-content\/uploads\/2026\/05\/segundo-grandes-especialistas-em-psicologia-pessoas-que-corpo-1-1140x641.jpg 1140w\" sizes=\"(max-width: 1280px) 100vw, 1280px\" \/><figcaption class=\"wp-element-caption\">No trabalho, a autossufici\u00eancia pode coexistir com dificuldade de pedir apoio.<\/figcaption><\/figure><\/div>\n\n\n<h2 class=\"wp-block-heading\">Independ\u00eancia emocional \u00e9 for\u00e7a ou mecanismo de defesa?<\/h2>\n\n\n\n<p>A resposta mais honesta, em psicologia, costuma ser: os dois. A independ\u00eancia emocional pode expressar compet\u00eancia, discernimento e autorregula\u00e7\u00e3o. Ao mesmo tempo, pode esconder evita\u00e7\u00e3o afetiva, medo de rejei\u00e7\u00e3o e cren\u00e7as r\u00edgidas como \u201cse eu relaxar, ningu\u00e9m segura por mim\u201d.<\/p>\n\n\n\n<p>Esse ponto muda a leitura moral do comportamento. Em vez de rotular algu\u00e9m como distante, frio ou dif\u00edcil, faz mais sentido observar a fun\u00e7\u00e3o daquele padr\u00e3o. Em muitos casos, a pessoa n\u00e3o rejeita v\u00ednculo, ela apenas aprendeu que v\u00ednculo podia falhar. A autonomia virou a forma mais segura de continuar em p\u00e9.<\/p>\n\n\n\n<h2 class=\"wp-block-heading\">O que a pesquisa mostra sobre resili\u00eancia ap\u00f3s a adversidade?<\/h2>\n\n\n\n<p>Resili\u00eancia n\u00e3o surge do nada, nem anula sofrimento. Ela depende de recursos internos e externos, como regula\u00e7\u00e3o emocional, apoio social, autoestima, sentido de pertencimento e rela\u00e7\u00f5es minimamente est\u00e1veis. Quando esses elementos faltam na inf\u00e2ncia dif\u00edcil, a adapta\u00e7\u00e3o tende a ser mais solit\u00e1ria e mais defensiva.<\/p>\n\n\n\n<p>Segundo a revis\u00e3o sistem\u00e1tica <strong>A Systematic Review of Amenable Resilience Factors That Moderate and\/or Mediate the Relationship Between Childhood Adversity and Mental Health in Young People<\/strong>, publicada no peri\u00f3dico <strong>Frontiers in Psychiatry<\/strong>, fatores como suporte interpessoal, habilidades de regula\u00e7\u00e3o e cogni\u00e7\u00f5es positivas podem reduzir o impacto da adversidade infantil sobre a sa\u00fade mental. O estudo ajuda a entender por que algumas formas de autonomia protegem, enquanto outras apenas mascaram feridas ainda ativas. O artigo pode ser consultado neste <a href=\"https:\/\/pubmed.ncbi.nlm.nih.gov\/29971021\/\" target=\"_blank\" rel=\"noopener noreferrer\">registro do estudo na base PubMed<\/a>.<\/p>\n\n\n\n<h2 class=\"wp-block-heading\">Como isso aparece nos relacionamentos e no trabalho?<\/h2>\n\n\n\n<p>A autonomia constru\u00edda cedo costuma trazer desempenho elevado, senso de responsabilidade e capacidade de decis\u00e3o. No trabalho, isso pode virar lideran\u00e7a, agilidade e iniciativa. Nos relacionamentos, por\u00e9m, a mesma estrutura pode gerar sil\u00eancio emocional, dificuldade de confiar e h\u00e1bito de processar tudo por dentro.<\/p>\n\n\n\n<p>Quando ningu\u00e9m enxerga essa hist\u00f3ria, a independ\u00eancia emocional \u00e9 interpretada de forma rasa. O parceiro chama de dist\u00e2ncia. A equipe chama de autossufici\u00eancia. A fam\u00edlia chama de dureza. S\u00f3 que, por tr\u00e1s desse funcionamento, pode existir uma pessoa altamente adaptada, que aprendeu a sobreviver antes de aprender a compartilhar.<\/p>\n\n\n\n<h2 class=\"wp-block-heading\">\u00c9 poss\u00edvel manter a for\u00e7a sem viver sempre em alerta?<\/h2>\n\n\n\n<p>Sim, e esse costuma ser um eixo central do desenvolvimento pessoal. O objetivo n\u00e3o \u00e9 abandonar autonomia ou resili\u00eancia, mas ampliar repert\u00f3rio emocional. Isso inclui tolerar apoio, nomear necessidade, rever cren\u00e7as antigas e diferenciar perigo real de lembran\u00e7a corporal de perigo.<\/p>\n\n\n\n<p>Alguns movimentos costumam ajudar nesse processo terap\u00eautico:<\/p>\n\n\n\n<ul class=\"wp-block-list\">\n<li>identificar situa\u00e7\u00f5es em que pedir ajuda ativa vergonha ou culpa<\/li>\n\n\n\n<li>reconhecer sinais f\u00edsicos de tens\u00e3o, controle excessivo e hipervigil\u00e2ncia<\/li>\n\n\n\n<li>treinar comunica\u00e7\u00e3o afetiva sem transformar vulnerabilidade em amea\u00e7a<\/li>\n\n\n\n<li>construir v\u00ednculos consistentes, com previsibilidade e reciprocidade<\/li>\n\n\n\n<li>redefinir autonomia como escolha madura, n\u00e3o como obriga\u00e7\u00e3o permanente<\/li>\n<\/ul>\n\n\n\n<p>Na pr\u00e1tica cl\u00ednica, isso permite que a independ\u00eancia emocional deixe de ser armadura fixa e passe a funcionar como recurso flex\u00edvel. Psicologia n\u00e3o trata autonomia como defeito. O ponto \u00e9 evitar que uma for\u00e7a nascida da inf\u00e2ncia dif\u00edcil continue organizando toda a vida adulta sob l\u00f3gica de sobreviv\u00eancia. Quando resili\u00eancia, v\u00ednculo e autoconsci\u00eancia trabalham juntos, o desenvolvimento pessoal ganha base mais segura e menos solit\u00e1ria.<\/p>\n","protected":false},"excerpt":{"rendered":"<p>Independ\u00eancia emocional costuma ser vista como frieza, quando muitas vezes nasceu de uma adapta\u00e7\u00e3o ps\u00edquica a uma inf\u00e2ncia dif\u00edcil. Na psicologia, esse padr\u00e3o envolve v\u00ednculo, apego, regula\u00e7\u00e3o emocional, hipervigil\u00e2ncia e formas de autonomia constru\u00eddas cedo demais. Quem aprendeu a se virar sem amparo consistente costuma carregar for\u00e7a real, mas tamb\u00e9m modos de prote\u00e7\u00e3o que nem [&hellip;]<\/p>\n","protected":false},"author":12,"featured_media":235842,"comment_status":"open","ping_status":"open","sticky":false,"template":"","format":"standard","meta":{"_yoast_wpseo_focuskw":"independ\u00eancia emocional","_yoast_wpseo_title":"","_yoast_wpseo_metadesc":"A independ\u00eancia emocional pode esconder marcas de uma inf\u00e2ncia dif\u00edcil, e esse detalhe muda a leitura sobre autonomia, v\u00ednculos e resili\u00eancia.","jnews-multi-image_gallery":[],"jnews_single_post":{"format":"standard"},"jnews_primary_category":[],"jnews_social_meta":[],"jnews_override_counter":[],"footnotes":""},"categories":[119],"tags":[8494,5280,18043,18545,404,7670],"class_list":["post-235844","post","type-post","status-publish","format-standard","has-post-thumbnail","hentry","category-bem-estar","tag-autonomia","tag-desenvolvimento-pessoal","tag-independencia-emocional","tag-infancia-dificil","tag-psicologia","tag-resiliencia"],"yoast_head":"<!-- This site is optimized with the Yoast SEO plugin v24.6 - https:\/\/yoast.com\/wordpress\/plugins\/seo\/ -->\n<title>Segundo grandes especialistas em psicologia, pessoas que precisaram se virar completamente sozinhas na inf\u00e2ncia desenvolvem uma independ\u00eancia emocional que poucos entendem hoje - Correio Braziliense - Radar<\/title>\n<meta name=\"description\" content=\"A independ\u00eancia emocional pode esconder marcas de uma inf\u00e2ncia dif\u00edcil, e esse detalhe muda a leitura sobre autonomia, v\u00ednculos e resili\u00eancia.\" \/>\n<meta name=\"robots\" content=\"index, follow, max-snippet:-1, max-image-preview:large, max-video-preview:-1\" \/>\n<link rel=\"canonical\" href=\"https:\/\/www.correiobraziliense.com.br\/cbradar\/segundo-grandes-especialistas-em-psicologia-pessoas-que-precisaram-se-virar-completamente-sozinhas-na-infancia-desenvolvem-uma-independencia-emocional-que-poucos-entendem-hoje\/\" \/>\n<meta property=\"og:locale\" content=\"pt_BR\" \/>\n<meta property=\"og:type\" content=\"article\" \/>\n<meta property=\"og:title\" content=\"Segundo grandes especialistas em psicologia, pessoas que precisaram se virar completamente sozinhas na inf\u00e2ncia desenvolvem uma independ\u00eancia emocional que poucos entendem hoje - Correio Braziliense - Radar\" \/>\n<meta property=\"og:description\" content=\"A independ\u00eancia emocional pode esconder marcas de uma inf\u00e2ncia dif\u00edcil, e esse detalhe muda a leitura sobre autonomia, v\u00ednculos e resili\u00eancia.\" \/>\n<meta property=\"og:url\" content=\"https:\/\/www.correiobraziliense.com.br\/cbradar\/segundo-grandes-especialistas-em-psicologia-pessoas-que-precisaram-se-virar-completamente-sozinhas-na-infancia-desenvolvem-uma-independencia-emocional-que-poucos-entendem-hoje\/\" \/>\n<meta property=\"og:site_name\" content=\"Correio Braziliense - Radar\" \/>\n<meta property=\"article:published_time\" content=\"2026-05-02T10:35:00+00:00\" \/>\n<meta property=\"og:image\" content=\"https:\/\/www.correiobraziliense.com.br\/cbradar\/wp-content\/uploads\/2026\/05\/segundo-grandes-especialistas-em-psicologia-pessoas-que-prec.jpg\" \/>\n\t<meta property=\"og:image:width\" content=\"1280\" \/>\n\t<meta property=\"og:image:height\" content=\"720\" \/>\n\t<meta property=\"og:image:type\" content=\"image\/jpeg\" \/>\n<meta name=\"author\" content=\"Gabriel Leme\" \/>\n<meta name=\"twitter:card\" content=\"summary_large_image\" \/>\n<meta name=\"twitter:label1\" content=\"Escrito por\" \/>\n\t<meta name=\"twitter:data1\" content=\"Gabriel Leme\" \/>\n\t<meta name=\"twitter:label2\" content=\"Est. tempo de leitura\" \/>\n\t<meta name=\"twitter:data2\" content=\"5 minutos\" \/>\n<!-- \/ Yoast SEO plugin. -->","yoast_head_json":{"title":"Segundo grandes especialistas em psicologia, pessoas que precisaram se virar completamente sozinhas na inf\u00e2ncia desenvolvem uma independ\u00eancia emocional que poucos entendem hoje - Correio Braziliense - Radar","description":"A independ\u00eancia emocional pode esconder marcas de uma inf\u00e2ncia dif\u00edcil, e esse detalhe muda a leitura sobre autonomia, v\u00ednculos e resili\u00eancia.","robots":{"index":"index","follow":"follow","max-snippet":"max-snippet:-1","max-image-preview":"max-image-preview:large","max-video-preview":"max-video-preview:-1"},"canonical":"https:\/\/www.correiobraziliense.com.br\/cbradar\/segundo-grandes-especialistas-em-psicologia-pessoas-que-precisaram-se-virar-completamente-sozinhas-na-infancia-desenvolvem-uma-independencia-emocional-que-poucos-entendem-hoje\/","og_locale":"pt_BR","og_type":"article","og_title":"Segundo grandes especialistas em psicologia, pessoas que precisaram se virar completamente sozinhas na inf\u00e2ncia desenvolvem uma independ\u00eancia emocional que poucos entendem hoje - Correio Braziliense - Radar","og_description":"A independ\u00eancia emocional pode esconder marcas de uma inf\u00e2ncia dif\u00edcil, e esse detalhe muda a leitura sobre autonomia, v\u00ednculos e resili\u00eancia.","og_url":"https:\/\/www.correiobraziliense.com.br\/cbradar\/segundo-grandes-especialistas-em-psicologia-pessoas-que-precisaram-se-virar-completamente-sozinhas-na-infancia-desenvolvem-uma-independencia-emocional-que-poucos-entendem-hoje\/","og_site_name":"Correio Braziliense - Radar","article_published_time":"2026-05-02T10:35:00+00:00","og_image":[{"width":1280,"height":720,"url":"https:\/\/www.correiobraziliense.com.br\/cbradar\/wp-content\/uploads\/2026\/05\/segundo-grandes-especialistas-em-psicologia-pessoas-que-prec.jpg","type":"image\/jpeg"}],"author":"Gabriel Leme","twitter_card":"summary_large_image","twitter_misc":{"Escrito por":"Gabriel Leme","Est. tempo de leitura":"5 minutos"},"schema":{"@context":"https:\/\/schema.org","@graph":[{"@type":"WebPage","@id":"https:\/\/www.correiobraziliense.com.br\/cbradar\/segundo-grandes-especialistas-em-psicologia-pessoas-que-precisaram-se-virar-completamente-sozinhas-na-infancia-desenvolvem-uma-independencia-emocional-que-poucos-entendem-hoje\/","url":"https:\/\/www.correiobraziliense.com.br\/cbradar\/segundo-grandes-especialistas-em-psicologia-pessoas-que-precisaram-se-virar-completamente-sozinhas-na-infancia-desenvolvem-uma-independencia-emocional-que-poucos-entendem-hoje\/","name":"Segundo grandes especialistas em psicologia, pessoas que precisaram se virar completamente sozinhas na inf\u00e2ncia desenvolvem uma independ\u00eancia emocional que poucos entendem hoje - Correio Braziliense - Radar","isPartOf":{"@id":"https:\/\/www.correiobraziliense.com.br\/cbradar\/#website"},"primaryImageOfPage":{"@id":"https:\/\/www.correiobraziliense.com.br\/cbradar\/segundo-grandes-especialistas-em-psicologia-pessoas-que-precisaram-se-virar-completamente-sozinhas-na-infancia-desenvolvem-uma-independencia-emocional-que-poucos-entendem-hoje\/#primaryimage"},"image":{"@id":"https:\/\/www.correiobraziliense.com.br\/cbradar\/segundo-grandes-especialistas-em-psicologia-pessoas-que-precisaram-se-virar-completamente-sozinhas-na-infancia-desenvolvem-uma-independencia-emocional-que-poucos-entendem-hoje\/#primaryimage"},"thumbnailUrl":"https:\/\/www.correiobraziliense.com.br\/cbradar\/wp-content\/uploads\/2026\/05\/segundo-grandes-especialistas-em-psicologia-pessoas-que-prec.jpg","datePublished":"2026-05-02T10:35:00+00:00","author":{"@id":"https:\/\/www.correiobraziliense.com.br\/cbradar\/#\/schema\/person\/67a081d63a0fe55fb267145a7be2f7c1"},"description":"A independ\u00eancia emocional pode esconder marcas de uma inf\u00e2ncia dif\u00edcil, e esse detalhe muda a leitura sobre autonomia, v\u00ednculos e resili\u00eancia.","breadcrumb":{"@id":"https:\/\/www.correiobraziliense.com.br\/cbradar\/segundo-grandes-especialistas-em-psicologia-pessoas-que-precisaram-se-virar-completamente-sozinhas-na-infancia-desenvolvem-uma-independencia-emocional-que-poucos-entendem-hoje\/#breadcrumb"},"inLanguage":"pt-BR","potentialAction":[{"@type":"ReadAction","target":["https:\/\/www.correiobraziliense.com.br\/cbradar\/segundo-grandes-especialistas-em-psicologia-pessoas-que-precisaram-se-virar-completamente-sozinhas-na-infancia-desenvolvem-uma-independencia-emocional-que-poucos-entendem-hoje\/"]}]},{"@type":"ImageObject","inLanguage":"pt-BR","@id":"https:\/\/www.correiobraziliense.com.br\/cbradar\/segundo-grandes-especialistas-em-psicologia-pessoas-que-precisaram-se-virar-completamente-sozinhas-na-infancia-desenvolvem-uma-independencia-emocional-que-poucos-entendem-hoje\/#primaryimage","url":"https:\/\/www.correiobraziliense.com.br\/cbradar\/wp-content\/uploads\/2026\/05\/segundo-grandes-especialistas-em-psicologia-pessoas-que-prec.jpg","contentUrl":"https:\/\/www.correiobraziliense.com.br\/cbradar\/wp-content\/uploads\/2026\/05\/segundo-grandes-especialistas-em-psicologia-pessoas-que-prec.jpg","width":1280,"height":720,"caption":"Independ\u00eancia emocional pode esconder prote\u00e7\u00e3o ps\u00edquica constru\u00edda em uma inf\u00e2ncia dif\u00edcil."},{"@type":"BreadcrumbList","@id":"https:\/\/www.correiobraziliense.com.br\/cbradar\/segundo-grandes-especialistas-em-psicologia-pessoas-que-precisaram-se-virar-completamente-sozinhas-na-infancia-desenvolvem-uma-independencia-emocional-que-poucos-entendem-hoje\/#breadcrumb","itemListElement":[{"@type":"ListItem","position":1,"name":"In\u00edcio","item":"https:\/\/www.correiobraziliense.com.br\/cbradar\/"},{"@type":"ListItem","position":2,"name":"Segundo grandes especialistas em psicologia, pessoas que precisaram se virar completamente sozinhas na inf\u00e2ncia desenvolvem uma independ\u00eancia emocional que poucos entendem hoje"}]},{"@type":"WebSite","@id":"https:\/\/www.correiobraziliense.com.br\/cbradar\/#website","url":"https:\/\/www.correiobraziliense.com.br\/cbradar\/","name":"Correio Braziliense - Radar","description":"Acompanhe as \u00faltimas not\u00edcias e fique bem informado sobre tudo o que acontece no Brasil e no mundo.","potentialAction":[{"@type":"SearchAction","target":{"@type":"EntryPoint","urlTemplate":"https:\/\/www.correiobraziliense.com.br\/cbradar\/?s={search_term_string}"},"query-input":{"@type":"PropertyValueSpecification","valueRequired":true,"valueName":"search_term_string"}}],"inLanguage":"pt-BR"},{"@type":"Person","@id":"https:\/\/www.correiobraziliense.com.br\/cbradar\/#\/schema\/person\/67a081d63a0fe55fb267145a7be2f7c1","name":"Gabriel Leme","image":{"@type":"ImageObject","inLanguage":"pt-BR","@id":"https:\/\/www.correiobraziliense.com.br\/cbradar\/#\/schema\/person\/image\/","url":"https:\/\/secure.gravatar.com\/avatar\/85bf2e3517d27149969b72412b460c20?s=96&d=mm&r=g","contentUrl":"https:\/\/secure.gravatar.com\/avatar\/85bf2e3517d27149969b72412b460c20?s=96&d=mm&r=g","caption":"Gabriel Leme"},"sameAs":["https:\/\/www.correiobraziliense.com.br\/"],"url":"https:\/\/www.correiobraziliense.com.br\/cbradar\/author\/gabrielmyth\/"}]}},"_links":{"self":[{"href":"https:\/\/www.correiobraziliense.com.br\/cbradar\/wp-json\/wp\/v2\/posts\/235844","targetHints":{"allow":["GET"]}}],"collection":[{"href":"https:\/\/www.correiobraziliense.com.br\/cbradar\/wp-json\/wp\/v2\/posts"}],"about":[{"href":"https:\/\/www.correiobraziliense.com.br\/cbradar\/wp-json\/wp\/v2\/types\/post"}],"author":[{"embeddable":true,"href":"https:\/\/www.correiobraziliense.com.br\/cbradar\/wp-json\/wp\/v2\/users\/12"}],"replies":[{"embeddable":true,"href":"https:\/\/www.correiobraziliense.com.br\/cbradar\/wp-json\/wp\/v2\/comments?post=235844"}],"version-history":[{"count":1,"href":"https:\/\/www.correiobraziliense.com.br\/cbradar\/wp-json\/wp\/v2\/posts\/235844\/revisions"}],"predecessor-version":[{"id":235865,"href":"https:\/\/www.correiobraziliense.com.br\/cbradar\/wp-json\/wp\/v2\/posts\/235844\/revisions\/235865"}],"wp:featuredmedia":[{"embeddable":true,"href":"https:\/\/www.correiobraziliense.com.br\/cbradar\/wp-json\/wp\/v2\/media\/235842"}],"wp:attachment":[{"href":"https:\/\/www.correiobraziliense.com.br\/cbradar\/wp-json\/wp\/v2\/media?parent=235844"}],"wp:term":[{"taxonomy":"category","embeddable":true,"href":"https:\/\/www.correiobraziliense.com.br\/cbradar\/wp-json\/wp\/v2\/categories?post=235844"},{"taxonomy":"post_tag","embeddable":true,"href":"https:\/\/www.correiobraziliense.com.br\/cbradar\/wp-json\/wp\/v2\/tags?post=235844"}],"curies":[{"name":"wp","href":"https:\/\/api.w.org\/{rel}","templated":true}]}}