{"id":235878,"date":"2026-05-02T06:55:59","date_gmt":"2026-05-02T09:55:59","guid":{"rendered":"https:\/\/www.correiobraziliense.com.br\/cbradar\/?p=235878"},"modified":"2026-05-02T06:58:03","modified_gmt":"2026-05-02T09:58:03","slug":"brasil-se-junta-a-suecia-japao-e-alemanha-ao-adotar-a-casa-de-concreto-pre-moldado-que-fica-pronta-em-semanas-e-resiste-por-decadas-sem-rachaduras","status":"publish","type":"post","link":"https:\/\/www.correiobraziliense.com.br\/cbradar\/brasil-se-junta-a-suecia-japao-e-alemanha-ao-adotar-a-casa-de-concreto-pre-moldado-que-fica-pronta-em-semanas-e-resiste-por-decadas-sem-rachaduras\/","title":{"rendered":"Brasil se junta a Su\u00e9cia, Jap\u00e3o e Alemanha ao adotar a casa de concreto pr\u00e9-moldado que fica pronta em semanas e resiste por d\u00e9cadas sem rachaduras"},"content":{"rendered":"\n<p>O que <strong>Su\u00e9cia, Jap\u00e3o e Alemanha<\/strong> j\u00e1 descobriram faz tempo come\u00e7a a ganhar forma nos terrenos brasileiros: casas que nascem inteiras dentro de f\u00e1bricas. A <strong>casa de concreto pr\u00e9-moldado<\/strong>, feita com pain\u00e9is que saem prontos da ind\u00fastria e s\u00e3o apenas encaixados no local, est\u00e1 reescrevendo as regras da constru\u00e7\u00e3o civil no pa\u00eds. O resultado \u00e9 uma obra que cabe em semanas, n\u00e3o em meses, e uma estrutura que dispensa a tradicional dor de cabe\u00e7a com fissuras.<\/p>\n\n\n\n<h2 class=\"wp-block-heading\">Como a casa de concreto pr\u00e9-moldado chega praticamente pronta ao terreno?<\/h2>\n\n\n\n<p>Diferente da constru\u00e7\u00e3o convencional, em que o concreto \u00e9 misturado, despejado e curado no pr\u00f3prio canteiro, o sistema pr\u00e9-moldado transfere quase todo o trabalho para dentro da ind\u00fastria. Paredes externas, divis\u00f3rias internas e at\u00e9 lajes saem da f\u00e1brica j\u00e1 curadas e com controle de qualidade feito pe\u00e7a por pe\u00e7a.<\/p>\n\n\n\n<p>No terreno, a \u00fanica etapa realmente artesanal \u00e9 a funda\u00e7\u00e3o. Depois que a base est\u00e1 nivelada, os pain\u00e9is chegam em caminh\u00f5es, s\u00e3o i\u00e7ados por guindastes e encaixados uns nos outros. A <a href=\"https:\/\/en.wikipedia.org\/wiki\/Precast_concrete\" target=\"_blank\" rel=\"noreferrer noopener\">tecnologia de concreto pr\u00e9-fabricado<\/a> permite que a estrutura de uma casa t\u00e9rrea fique de p\u00e9 em quest\u00e3o de dias, pronta para receber telhado e acabamentos.<\/p>\n\n\n<div class=\"wp-block-image\">\n<figure class=\"aligncenter size-full\"><img decoding=\"async\" width=\"1280\" height=\"720\" src=\"https:\/\/www.correiobraziliense.com.br\/cbradar\/wp-content\/uploads\/2026\/05\/IMAGEM_720p_1777715581292.jpg\" alt=\"Como o sistema de paredes de concreto pr\u00e9-moldado est\u00e1 chegando ao mercado habitacional brasileiro\" class=\"wp-image-235881\" srcset=\"https:\/\/www.correiobraziliense.com.br\/cbradar\/wp-content\/uploads\/2026\/05\/IMAGEM_720p_1777715581292.jpg 1280w, https:\/\/www.correiobraziliense.com.br\/cbradar\/wp-content\/uploads\/2026\/05\/IMAGEM_720p_1777715581292-300x169.jpg 300w, https:\/\/www.correiobraziliense.com.br\/cbradar\/wp-content\/uploads\/2026\/05\/IMAGEM_720p_1777715581292-768x432.jpg 768w, https:\/\/www.correiobraziliense.com.br\/cbradar\/wp-content\/uploads\/2026\/05\/IMAGEM_720p_1777715581292-750x422.jpg 750w, https:\/\/www.correiobraziliense.com.br\/cbradar\/wp-content\/uploads\/2026\/05\/IMAGEM_720p_1777715581292-1140x641.jpg 1140w\" sizes=\"(max-width: 1280px) 100vw, 1280px\" \/><figcaption class=\"wp-element-caption\">Como o sistema de paredes de concreto pr\u00e9-moldado est\u00e1 chegando ao mercado habitacional brasileiro<\/figcaption><\/figure><\/div>\n\n\n<h2 class=\"wp-block-heading\">Em quanto tempo essa casa fica realmente pronta para morar?<\/h2>\n\n\n\n<p>A velocidade \u00e9 o cart\u00e3o de visita do sistema. Enquanto uma constru\u00e7\u00e3o de alvenaria tradicional pode <strong>levar de 12 a 18 meses<\/strong>, a casa pr\u00e9-moldada tem o cronograma contado em semanas. A fabrica\u00e7\u00e3o das placas acontece simultaneamente \u00e0 prepara\u00e7\u00e3o do terreno, e a montagem da estrutura principal se resolve em poucos dias.<\/p>\n\n\n\n<p>No mercado brasileiro, os prazos m\u00e9dios de entrega variam de <strong>30 a 90 dias<\/strong>, dependendo do tamanho e da complexidade do projeto. Modelos mais compactos, de at\u00e9 50 metros quadrados, podem ser instalados em menos de uma semana \u2014 contando da chegada do primeiro caminh\u00e3o at\u00e9 a conclus\u00e3o da estrutura.<\/p>\n\n\n\n<p>Leia tamb\u00e9m: <a href=\"https:\/\/www.correiobraziliense.com.br\/cbradar\/o-nome-masculino-com-so-3-letras-que-esta-crescendo-no-brasil-por-ser-moderno-e-facil-de-pronunciar\/\" target=\"_blank\" rel=\"noreferrer noopener\">O nome masculino com s\u00f3 3 letras que est\u00e1 crescendo no Brasil por ser moderno e f\u00e1cil de pronunciar<\/a><\/p>\n\n\n\n<h2 class=\"wp-block-heading\">Por que o concreto pr\u00e9-moldado resiste melhor \u00e0s rachaduras?<\/h2>\n\n\n\n<p>A resposta est\u00e1 em uma palavra: <strong>cura<\/strong>.<\/p>\n\n\n\n<p>Na obra tradicional, o concreto cura ao ar livre, exposto a fatores que aumentam o risco de fissuras, como:<\/p>\n\n\n\n<ul class=\"wp-block-list\">\n<li>sol intenso<\/li>\n\n\n\n<li>chuva<\/li>\n\n\n\n<li>vento<\/li>\n\n\n\n<li>varia\u00e7\u00f5es bruscas de temperatura<\/li>\n<\/ul>\n\n\n\n<p>Essas condi\u00e7\u00f5es favorecem principalmente as <strong>fissuras de retra\u00e7\u00e3o<\/strong>, comprometendo a durabilidade da estrutura.<\/p>\n\n\n\n<p>J\u00e1 na f\u00e1brica, cada painel pr\u00e9-moldado passa por um processo de cura em ambiente controlado, com:<\/p>\n\n\n\n<ul class=\"wp-block-list\">\n<li>temperatura monitorada<\/li>\n\n\n\n<li>umidade controlada<\/li>\n\n\n\n<li>tempo de cura padronizado<\/li>\n<\/ul>\n\n\n\n<p>Esse controle industrial praticamente elimina as trincas de origem t\u00e9rmica e hidr\u00e1ulica.<\/p>\n\n\n\n<p>Al\u00e9m disso, o concreto utilizado nos pr\u00e9-moldados costuma apresentar maior resist\u00eancia \u00e0 compress\u00e3o, porque a dosagem de cimento e agregados segue f\u00f3rmulas rigorosas e padronizadas, reduzindo a variabilidade comum no canteiro de obras.<\/p>\n\n\n\n<h2 class=\"wp-block-heading\">O que diz a Associa\u00e7\u00e3o Brasileira da Constru\u00e7\u00e3o Industrializada de Concreto?<\/h2>\n\n\n\n<p>A <a href=\"https:\/\/abcic.org.br\/\" target=\"_blank\" rel=\"noreferrer noopener\">ABCIC<\/a> tem registrado um aumento consistente na migra\u00e7\u00e3o do sistema pr\u00e9-fabricado para o setor habitacional. Antes concentrado em galp\u00f5es industriais e obras de infraestrutura, o m\u00e9todo agora atrai construtoras e compradores finais interessados em prazos mais curtos e maior previsibilidade.<\/p>\n\n\n\n<p>A entidade aponta que o esquadro perfeito, o controle milim\u00e9trico de qualidade e o desperd\u00edcio pr\u00f3ximo de zero s\u00e3o fatores decisivos para essa virada. No canteiro tradicional, perde-se em m\u00e9dia 20% do material; no industrializado, esse \u00edndice cai para menos de 3%.<\/p>\n\n\n\n<h2 class=\"wp-block-heading\">A casa de concreto pr\u00e9-moldado \u00e9 mais barata que a de alvenaria?<\/h2>\n\n\n\n<p>O custo por metro quadrado de uma casa pr\u00e9-moldada bem-acabada gira em torno de<strong> R$ 900 a R$ 1.500<\/strong>, valor competitivo com a alvenaria convencional de mesmo padr\u00e3o. A economia, por\u00e9m, n\u00e3o est\u00e1 apenas no pre\u00e7o da placa \u2014 est\u00e1 no que o mercado chama de &#8220;custos invis\u00edveis&#8221;.<\/p>\n\n\n\n<p>Menos tempo de obra significa menos gastos com m\u00e3o de obra, menos visitas ao canteiro e menos desperd\u00edcio de materiais. Al\u00e9m disso, a previsibilidade do sistema reduz os imprevistos que costumam estourar or\u00e7amentos. O consumidor paga exatamente o que foi contratado, sem surpresas desagrad\u00e1veis no meio do caminho.<\/p>\n\n\n<div class=\"wp-block-image\">\n<figure class=\"aligncenter size-full\"><img decoding=\"async\" width=\"1280\" height=\"720\" src=\"https:\/\/www.correiobraziliense.com.br\/cbradar\/wp-content\/uploads\/2026\/05\/IMAGEM_720p_1777715579131.jpg\" alt=\"Como o sistema de paredes de concreto pr\u00e9-moldado est\u00e1 chegando ao mercado habitacional brasileiro\" class=\"wp-image-235880\" srcset=\"https:\/\/www.correiobraziliense.com.br\/cbradar\/wp-content\/uploads\/2026\/05\/IMAGEM_720p_1777715579131.jpg 1280w, https:\/\/www.correiobraziliense.com.br\/cbradar\/wp-content\/uploads\/2026\/05\/IMAGEM_720p_1777715579131-300x169.jpg 300w, https:\/\/www.correiobraziliense.com.br\/cbradar\/wp-content\/uploads\/2026\/05\/IMAGEM_720p_1777715579131-768x432.jpg 768w, https:\/\/www.correiobraziliense.com.br\/cbradar\/wp-content\/uploads\/2026\/05\/IMAGEM_720p_1777715579131-750x422.jpg 750w, https:\/\/www.correiobraziliense.com.br\/cbradar\/wp-content\/uploads\/2026\/05\/IMAGEM_720p_1777715579131-1140x641.jpg 1140w\" sizes=\"(max-width: 1280px) 100vw, 1280px\" \/><figcaption class=\"wp-element-caption\">Como o sistema de paredes de concreto pr\u00e9-moldado est\u00e1 chegando ao mercado habitacional brasileiro<\/figcaption><\/figure><\/div>\n\n\n<h2 class=\"wp-block-heading\">Como fica a durabilidade ao longo das d\u00e9cadas?<\/h2>\n\n\n\n<p>A longevidade do concreto pr\u00e9-moldado \u00e9 um dos seus trunfos mais silenciosos. Estruturas fabricadas nesse sistema h\u00e1 mais de 50 anos continuam em pleno uso em pa\u00edses da Europa e nos Estados Unidos. A resist\u00eancia natural do concreto \u00e9 potencializada pelo ambiente de produ\u00e7\u00e3o controlado, que elimina a maior parte das vari\u00e1veis que encurtam a vida \u00fatil das constru\u00e7\u00f5es tradicionais.<\/p>\n\n\n\n<p>No Brasil, a ABNT NBR 9062 estabelece requisitos rigorosos para projeto, execu\u00e7\u00e3o e controle de estruturas pr\u00e9-moldadas. Isso significa que cada placa que sai da f\u00e1brica j\u00e1 chega ao terreno com sua resist\u00eancia e qualidade devidamente aferidas. Para o comprador, a promessa \u00e9 simples: uma casa que fica pronta em semanas, mas que foi projetada para durar muitas d\u00e9cadas.<\/p>\n","protected":false},"excerpt":{"rendered":"<p>O que Su\u00e9cia, Jap\u00e3o e Alemanha j\u00e1 descobriram faz tempo come\u00e7a a ganhar forma nos terrenos brasileiros: casas que nascem inteiras dentro de f\u00e1bricas. A casa de concreto pr\u00e9-moldado, feita com pain\u00e9is que saem prontos da ind\u00fastria e s\u00e3o apenas encaixados no local, est\u00e1 reescrevendo as regras da constru\u00e7\u00e3o civil no pa\u00eds. O resultado \u00e9 [&hellip;]<\/p>\n","protected":false},"author":11,"featured_media":235879,"comment_status":"open","ping_status":"open","sticky":false,"template":"","format":"standard","meta":{"_yoast_wpseo_focuskw":"casa concreto pr\u00e9-moldado","_yoast_wpseo_title":"","_yoast_wpseo_metadesc":"A casa de concreto pr\u00e9-moldado chega ao Brasil com uma promessa: estrutura pronta em semanas e resist\u00eancia por d\u00e9cadas.","jnews-multi-image_gallery":[],"jnews_single_post":{"format":"standard"},"jnews_primary_category":[],"jnews_social_meta":[],"jnews_override_counter":[],"footnotes":""},"categories":[143],"tags":[15949,11541,18552,18553],"class_list":["post-235878","post","type-post","status-publish","format-standard","has-post-thumbnail","hentry","category-casa-e-decoracao","tag-concreto","tag-construcao","tag-habitacao","tag-pre-moldado"],"yoast_head":"<!-- This site is optimized with the Yoast SEO plugin v24.6 - https:\/\/yoast.com\/wordpress\/plugins\/seo\/ -->\n<title>Brasil se junta a Su\u00e9cia, Jap\u00e3o e Alemanha ao adotar a casa de concreto pr\u00e9-moldado que fica pronta em semanas e resiste por d\u00e9cadas sem rachaduras - Correio Braziliense - Radar<\/title>\n<meta name=\"description\" content=\"A casa de concreto pr\u00e9-moldado chega ao Brasil com uma promessa: estrutura pronta em semanas e resist\u00eancia por d\u00e9cadas.\" \/>\n<meta name=\"robots\" content=\"index, follow, max-snippet:-1, max-image-preview:large, max-video-preview:-1\" \/>\n<link rel=\"canonical\" href=\"https:\/\/www.correiobraziliense.com.br\/cbradar\/brasil-se-junta-a-suecia-japao-e-alemanha-ao-adotar-a-casa-de-concreto-pre-moldado-que-fica-pronta-em-semanas-e-resiste-por-decadas-sem-rachaduras\/\" \/>\n<meta property=\"og:locale\" content=\"pt_BR\" \/>\n<meta property=\"og:type\" content=\"article\" \/>\n<meta property=\"og:title\" content=\"Brasil se junta a Su\u00e9cia, Jap\u00e3o e Alemanha ao adotar a casa de concreto pr\u00e9-moldado que fica pronta em semanas e resiste por d\u00e9cadas sem rachaduras - Correio Braziliense - Radar\" \/>\n<meta property=\"og:description\" content=\"A casa de concreto pr\u00e9-moldado chega ao Brasil com uma promessa: estrutura pronta em semanas e resist\u00eancia por d\u00e9cadas.\" \/>\n<meta property=\"og:url\" content=\"https:\/\/www.correiobraziliense.com.br\/cbradar\/brasil-se-junta-a-suecia-japao-e-alemanha-ao-adotar-a-casa-de-concreto-pre-moldado-que-fica-pronta-em-semanas-e-resiste-por-decadas-sem-rachaduras\/\" \/>\n<meta property=\"og:site_name\" content=\"Correio Braziliense - Radar\" \/>\n<meta property=\"article:published_time\" content=\"2026-05-02T09:55:59+00:00\" \/>\n<meta property=\"article:modified_time\" content=\"2026-05-02T09:58:03+00:00\" \/>\n<meta property=\"og:image\" content=\"https:\/\/www.correiobraziliense.com.br\/cbradar\/wp-content\/uploads\/2026\/05\/IMAGEM_720p_1777715576827.jpg\" \/>\n\t<meta property=\"og:image:width\" content=\"1280\" \/>\n\t<meta property=\"og:image:height\" content=\"720\" \/>\n\t<meta property=\"og:image:type\" content=\"image\/jpeg\" \/>\n<meta name=\"author\" content=\"Paulo Custodio\" \/>\n<meta name=\"twitter:card\" content=\"summary_large_image\" \/>\n<meta name=\"twitter:label1\" content=\"Escrito por\" \/>\n\t<meta name=\"twitter:data1\" content=\"Paulo Custodio\" \/>\n\t<meta name=\"twitter:label2\" content=\"Est. tempo de leitura\" \/>\n\t<meta name=\"twitter:data2\" content=\"6 minutos\" \/>\n<!-- \/ Yoast SEO plugin. -->","yoast_head_json":{"title":"Brasil se junta a Su\u00e9cia, Jap\u00e3o e Alemanha ao adotar a casa de concreto pr\u00e9-moldado que fica pronta em semanas e resiste por d\u00e9cadas sem rachaduras - Correio Braziliense - Radar","description":"A casa de concreto pr\u00e9-moldado chega ao Brasil com uma promessa: estrutura pronta em semanas e resist\u00eancia por d\u00e9cadas.","robots":{"index":"index","follow":"follow","max-snippet":"max-snippet:-1","max-image-preview":"max-image-preview:large","max-video-preview":"max-video-preview:-1"},"canonical":"https:\/\/www.correiobraziliense.com.br\/cbradar\/brasil-se-junta-a-suecia-japao-e-alemanha-ao-adotar-a-casa-de-concreto-pre-moldado-que-fica-pronta-em-semanas-e-resiste-por-decadas-sem-rachaduras\/","og_locale":"pt_BR","og_type":"article","og_title":"Brasil se junta a Su\u00e9cia, Jap\u00e3o e Alemanha ao adotar a casa de concreto pr\u00e9-moldado que fica pronta em semanas e resiste por d\u00e9cadas sem rachaduras - Correio Braziliense - Radar","og_description":"A casa de concreto pr\u00e9-moldado chega ao Brasil com uma promessa: estrutura pronta em semanas e resist\u00eancia por d\u00e9cadas.","og_url":"https:\/\/www.correiobraziliense.com.br\/cbradar\/brasil-se-junta-a-suecia-japao-e-alemanha-ao-adotar-a-casa-de-concreto-pre-moldado-que-fica-pronta-em-semanas-e-resiste-por-decadas-sem-rachaduras\/","og_site_name":"Correio Braziliense - Radar","article_published_time":"2026-05-02T09:55:59+00:00","article_modified_time":"2026-05-02T09:58:03+00:00","og_image":[{"width":1280,"height":720,"url":"https:\/\/www.correiobraziliense.com.br\/cbradar\/wp-content\/uploads\/2026\/05\/IMAGEM_720p_1777715576827.jpg","type":"image\/jpeg"}],"author":"Paulo Custodio","twitter_card":"summary_large_image","twitter_misc":{"Escrito por":"Paulo Custodio","Est. tempo de leitura":"6 minutos"},"schema":{"@context":"https:\/\/schema.org","@graph":[{"@type":"WebPage","@id":"https:\/\/www.correiobraziliense.com.br\/cbradar\/brasil-se-junta-a-suecia-japao-e-alemanha-ao-adotar-a-casa-de-concreto-pre-moldado-que-fica-pronta-em-semanas-e-resiste-por-decadas-sem-rachaduras\/","url":"https:\/\/www.correiobraziliense.com.br\/cbradar\/brasil-se-junta-a-suecia-japao-e-alemanha-ao-adotar-a-casa-de-concreto-pre-moldado-que-fica-pronta-em-semanas-e-resiste-por-decadas-sem-rachaduras\/","name":"Brasil se junta a Su\u00e9cia, Jap\u00e3o e Alemanha ao adotar a casa de concreto pr\u00e9-moldado que fica pronta em semanas e resiste por d\u00e9cadas sem rachaduras - Correio Braziliense - Radar","isPartOf":{"@id":"https:\/\/www.correiobraziliense.com.br\/cbradar\/#website"},"primaryImageOfPage":{"@id":"https:\/\/www.correiobraziliense.com.br\/cbradar\/brasil-se-junta-a-suecia-japao-e-alemanha-ao-adotar-a-casa-de-concreto-pre-moldado-que-fica-pronta-em-semanas-e-resiste-por-decadas-sem-rachaduras\/#primaryimage"},"image":{"@id":"https:\/\/www.correiobraziliense.com.br\/cbradar\/brasil-se-junta-a-suecia-japao-e-alemanha-ao-adotar-a-casa-de-concreto-pre-moldado-que-fica-pronta-em-semanas-e-resiste-por-decadas-sem-rachaduras\/#primaryimage"},"thumbnailUrl":"https:\/\/www.correiobraziliense.com.br\/cbradar\/wp-content\/uploads\/2026\/05\/IMAGEM_720p_1777715576827.jpg","datePublished":"2026-05-02T09:55:59+00:00","dateModified":"2026-05-02T09:58:03+00:00","author":{"@id":"https:\/\/www.correiobraziliense.com.br\/cbradar\/#\/schema\/person\/4cec7857301a9a1a2ef249893cd908d3"},"description":"A casa de concreto pr\u00e9-moldado chega ao Brasil com uma promessa: estrutura pronta em semanas e resist\u00eancia por d\u00e9cadas.","breadcrumb":{"@id":"https:\/\/www.correiobraziliense.com.br\/cbradar\/brasil-se-junta-a-suecia-japao-e-alemanha-ao-adotar-a-casa-de-concreto-pre-moldado-que-fica-pronta-em-semanas-e-resiste-por-decadas-sem-rachaduras\/#breadcrumb"},"inLanguage":"pt-BR","potentialAction":[{"@type":"ReadAction","target":["https:\/\/www.correiobraziliense.com.br\/cbradar\/brasil-se-junta-a-suecia-japao-e-alemanha-ao-adotar-a-casa-de-concreto-pre-moldado-que-fica-pronta-em-semanas-e-resiste-por-decadas-sem-rachaduras\/"]}]},{"@type":"ImageObject","inLanguage":"pt-BR","@id":"https:\/\/www.correiobraziliense.com.br\/cbradar\/brasil-se-junta-a-suecia-japao-e-alemanha-ao-adotar-a-casa-de-concreto-pre-moldado-que-fica-pronta-em-semanas-e-resiste-por-decadas-sem-rachaduras\/#primaryimage","url":"https:\/\/www.correiobraziliense.com.br\/cbradar\/wp-content\/uploads\/2026\/05\/IMAGEM_720p_1777715576827.jpg","contentUrl":"https:\/\/www.correiobraziliense.com.br\/cbradar\/wp-content\/uploads\/2026\/05\/IMAGEM_720p_1777715576827.jpg","width":1280,"height":720,"caption":"Como o sistema de paredes de concreto pr\u00e9-moldado est\u00e1 chegando ao mercado habitacional brasileiro"},{"@type":"BreadcrumbList","@id":"https:\/\/www.correiobraziliense.com.br\/cbradar\/brasil-se-junta-a-suecia-japao-e-alemanha-ao-adotar-a-casa-de-concreto-pre-moldado-que-fica-pronta-em-semanas-e-resiste-por-decadas-sem-rachaduras\/#breadcrumb","itemListElement":[{"@type":"ListItem","position":1,"name":"In\u00edcio","item":"https:\/\/www.correiobraziliense.com.br\/cbradar\/"},{"@type":"ListItem","position":2,"name":"Brasil se junta a Su\u00e9cia, Jap\u00e3o e Alemanha ao adotar a casa de concreto pr\u00e9-moldado que fica pronta em semanas e resiste por d\u00e9cadas sem rachaduras"}]},{"@type":"WebSite","@id":"https:\/\/www.correiobraziliense.com.br\/cbradar\/#website","url":"https:\/\/www.correiobraziliense.com.br\/cbradar\/","name":"Correio Braziliense - Radar","description":"Acompanhe as \u00faltimas not\u00edcias e fique bem informado sobre tudo o que acontece no Brasil e no mundo.","potentialAction":[{"@type":"SearchAction","target":{"@type":"EntryPoint","urlTemplate":"https:\/\/www.correiobraziliense.com.br\/cbradar\/?s={search_term_string}"},"query-input":{"@type":"PropertyValueSpecification","valueRequired":true,"valueName":"search_term_string"}}],"inLanguage":"pt-BR"},{"@type":"Person","@id":"https:\/\/www.correiobraziliense.com.br\/cbradar\/#\/schema\/person\/4cec7857301a9a1a2ef249893cd908d3","name":"Paulo Custodio","image":{"@type":"ImageObject","inLanguage":"pt-BR","@id":"https:\/\/www.correiobraziliense.com.br\/cbradar\/#\/schema\/person\/image\/","url":"https:\/\/secure.gravatar.com\/avatar\/bcd67168d1534e8fcf4f45c726a87cea?s=96&d=mm&r=g","contentUrl":"https:\/\/secure.gravatar.com\/avatar\/bcd67168d1534e8fcf4f45c726a87cea?s=96&d=mm&r=g","caption":"Paulo Custodio"},"sameAs":["https:\/\/www.correiobraziliense.com.br\/cbradar"],"url":"https:\/\/www.correiobraziliense.com.br\/cbradar\/author\/paulomyth\/"}]}},"_links":{"self":[{"href":"https:\/\/www.correiobraziliense.com.br\/cbradar\/wp-json\/wp\/v2\/posts\/235878","targetHints":{"allow":["GET"]}}],"collection":[{"href":"https:\/\/www.correiobraziliense.com.br\/cbradar\/wp-json\/wp\/v2\/posts"}],"about":[{"href":"https:\/\/www.correiobraziliense.com.br\/cbradar\/wp-json\/wp\/v2\/types\/post"}],"author":[{"embeddable":true,"href":"https:\/\/www.correiobraziliense.com.br\/cbradar\/wp-json\/wp\/v2\/users\/11"}],"replies":[{"embeddable":true,"href":"https:\/\/www.correiobraziliense.com.br\/cbradar\/wp-json\/wp\/v2\/comments?post=235878"}],"version-history":[{"count":2,"href":"https:\/\/www.correiobraziliense.com.br\/cbradar\/wp-json\/wp\/v2\/posts\/235878\/revisions"}],"predecessor-version":[{"id":235884,"href":"https:\/\/www.correiobraziliense.com.br\/cbradar\/wp-json\/wp\/v2\/posts\/235878\/revisions\/235884"}],"wp:featuredmedia":[{"embeddable":true,"href":"https:\/\/www.correiobraziliense.com.br\/cbradar\/wp-json\/wp\/v2\/media\/235879"}],"wp:attachment":[{"href":"https:\/\/www.correiobraziliense.com.br\/cbradar\/wp-json\/wp\/v2\/media?parent=235878"}],"wp:term":[{"taxonomy":"category","embeddable":true,"href":"https:\/\/www.correiobraziliense.com.br\/cbradar\/wp-json\/wp\/v2\/categories?post=235878"},{"taxonomy":"post_tag","embeddable":true,"href":"https:\/\/www.correiobraziliense.com.br\/cbradar\/wp-json\/wp\/v2\/tags?post=235878"}],"curies":[{"name":"wp","href":"https:\/\/api.w.org\/{rel}","templated":true}]}}