{"id":235885,"date":"2026-05-02T07:55:00","date_gmt":"2026-05-02T10:55:00","guid":{"rendered":"https:\/\/www.correiobraziliense.com.br\/cbradar\/?p=235885"},"modified":"2026-05-02T07:28:55","modified_gmt":"2026-05-02T10:28:55","slug":"5-nomes-de-meninas-raros-inspirados-nas-fases-da-lua-e-na-natureza-noturna-perfeitos-para-pais-que-buscam-uma-identidade-mistica-e-forte","status":"publish","type":"post","link":"https:\/\/www.correiobraziliense.com.br\/cbradar\/5-nomes-de-meninas-raros-inspirados-nas-fases-da-lua-e-na-natureza-noturna-perfeitos-para-pais-que-buscam-uma-identidade-mistica-e-forte\/","title":{"rendered":"5 nomes de meninas raros inspirados nas fases da lua e na natureza noturna perfeitos para pais que buscam uma identidade m\u00edstica e forte"},"content":{"rendered":"\n<p>Por que a <strong>Lua<\/strong> exerce tamanho fasc\u00ednio na hora de escolher <strong>5 nomes de meninas raros<\/strong> para o registro civil? A atra\u00e7\u00e3o pelos ciclos celestes e pela maravilhosa tranquilidade da noite guia pais modernos que desejam batizar as filhas com identidades puramente marcantes e originais.<\/p>\n\n\n\n<h2 class=\"wp-block-heading\">Qual o significado oculto de escolher identidades ligadas aos astros?<\/h2>\n\n\n\n<p>Buscar inspira\u00e7\u00e3o no majestoso c\u00e9u noturno reflete um desejo antigo e profundo de conex\u00e3o com o imenso cosmos inexplorado. A humanidade terrestre sempre olhou atenciosamente para as brilhantes estrelas e os grandes sat\u00e9lites naturais em busca de valiosas respostas e extremo conforto espiritual durante os rigorosos momentos obscuros.<\/p>\n\n\n\n<p>Optar conscientemente por nomenclaturas exatas com essa ess\u00eancia celestial transmite uma aura cont\u00ednua de imensa for\u00e7a e um forte mist\u00e9rio absoluto para a crian\u00e7a. As fam\u00edlias modernas sentem intensamente que essas raras palavras carregam o poder vital e a reconfortante const\u00e2ncia milenar da gloriosa <strong>astronomia<\/strong> cl\u00e1ssica estrutural.<\/p>\n\n\n<div class=\"wp-block-image\">\n<figure class=\"aligncenter size-full\"><img decoding=\"async\" width=\"1280\" height=\"720\" src=\"https:\/\/www.correiobraziliense.com.br\/cbradar\/wp-content\/uploads\/2026\/05\/IMAGEM_720p_1777717561883.jpg\" alt=\"Op\u00e7\u00f5es de nomes m\u00edsticos e fortes ligados \u00e0 lua e \u00e0 noite para meninas.\" class=\"wp-image-235888\" srcset=\"https:\/\/www.correiobraziliense.com.br\/cbradar\/wp-content\/uploads\/2026\/05\/IMAGEM_720p_1777717561883.jpg 1280w, https:\/\/www.correiobraziliense.com.br\/cbradar\/wp-content\/uploads\/2026\/05\/IMAGEM_720p_1777717561883-300x169.jpg 300w, https:\/\/www.correiobraziliense.com.br\/cbradar\/wp-content\/uploads\/2026\/05\/IMAGEM_720p_1777717561883-768x432.jpg 768w, https:\/\/www.correiobraziliense.com.br\/cbradar\/wp-content\/uploads\/2026\/05\/IMAGEM_720p_1777717561883-750x422.jpg 750w, https:\/\/www.correiobraziliense.com.br\/cbradar\/wp-content\/uploads\/2026\/05\/IMAGEM_720p_1777717561883-1140x641.jpg 1140w\" sizes=\"(max-width: 1280px) 100vw, 1280px\" \/><figcaption class=\"wp-element-caption\">Op\u00e7\u00f5es de nomes m\u00edsticos e fortes ligados \u00e0 lua e \u00e0 noite para meninas.<\/figcaption><\/figure><\/div>\n\n\n<h3 class=\"wp-block-heading\">A influ\u00eancia da lua na forma\u00e7\u00e3o da personalidade m\u00edstica<\/h3>\n\n\n\n<p>Os especialistas em comportamento humano observam que as crian\u00e7as frequentemente se espelham nos significados reais dos nomes que recebem na inf\u00e2ncia. Carregar um termo que evoca o sat\u00e9lite prateado fomenta uma curiosidade org\u00e2nica pelos fen\u00f4menos celestes e constr\u00f3i uma s\u00f3lida base de calmaria emocional e profunda intelig\u00eancia reflexiva.<\/p>\n\n\n\n<p>Essa m\u00e1gica correspond\u00eancia psicol\u00f3gica entre a denomina\u00e7\u00e3o po\u00e9tica e o desenvolvimento infantil incentiva as jovens a abra\u00e7arem o seu pr\u00f3prio ritmo pessoal calmamente. O respeito pelo tempo natural de amadurecimento humano assemelha-se rigorosamente \u00e0 sutil transi\u00e7\u00e3o mensal das quatro maravilhosas fases lunares no nosso belo c\u00e9u noturno.<\/p>\n\n\n\n<h2 class=\"wp-block-heading\">Como a natureza noturna dita o crescimento das tend\u00eancias onom\u00e1sticas?<\/h2>\n\n\n\n<p>Os diversos institutos de pesquisa familiar documentam frequentemente uma clara mudan\u00e7a no comportamento \u00edntimo dos pais durante a valiosa escolha de uma palavra. Existe uma n\u00edtida fuga crescente das op\u00e7\u00f5es convencionais e hist\u00f3ricas em favor de termos que evocam os belos elementos naturais e os profundos tons esot\u00e9ricos.<\/p>\n\n\n\n<p>Essa nova prefer\u00eancia onom\u00e1stica reflete um forte movimento cultural de extrema valoriza\u00e7\u00e3o do sil\u00eancio contemplativo e da pura serenidade di\u00e1ria da madrugada. Os precisos <a href=\"https:\/\/censo2010.ibge.gov.br\/nomes\/\" target=\"_blank\" rel=\"noreferrer noopener\">registros de nascimento no <strong>Brasil<\/strong><\/a> atestam que a busca por fon\u00e9ticas leves, mas de presen\u00e7a inegavelmente marcante, domina amplamente os maiores cart\u00f3rios atualmente.<\/p>\n\n\n\n<h2 class=\"wp-block-heading\">Quais mitologias antigas inspiram essas belas op\u00e7\u00f5es esot\u00e9ricas?<\/h2>\n\n\n\n<p>As ricas civiliza\u00e7\u00f5es cl\u00e1ssicas europeias veneravam intensamente a rara beleza da noite e a personificavam poeticamente atrav\u00e9s de figuras femininas extremamente poderosas e muito independentes. A antiga cultura romana cultuava majestosas entidades protetoras das matas selvagens e das grandes ca\u00e7adas sob a luz prateada do lindo firmamento estrelado.<\/p>\n\n\n\n<p>A forte e m\u00edtica <a href=\"https:\/\/pt.wikipedia.org\/wiki\/Diana_(mitologia)\" target=\"_blank\" rel=\"noreferrer noopener\">deusa <strong>Diana<\/strong><\/a> representa com surpreendente perfei\u00e7\u00e3o essa fus\u00e3o m\u00e1gica de delicada graciosidade, profundo respeito reverencial e imensa independ\u00eancia pessoal. Essa rica heran\u00e7a mitol\u00f3gica antiga garante firmemente que as meninas batizadas com essas profundas ra\u00edzes onom\u00e1sticas herdem simbolicamente a admir\u00e1vel coragem natural das antigas divindades.<\/p>\n\n\n\n<p>Leia tamb\u00e9m: <a href=\"https:\/\/www.correiobraziliense.com.br\/cbradar\/o-nome-masculino-com-so-3-letras-que-esta-crescendo-no-brasil-por-ser-moderno-e-facil-de-pronunciar\/\" target=\"_blank\" rel=\"noreferrer noopener\">O nome masculino com s\u00f3 3 letras que est\u00e1 crescendo no Brasil por ser moderno e f\u00e1cil de pronunciar<\/a><\/p>\n\n\n\n<h2 class=\"wp-block-heading\">Quais s\u00e3o as nomenclaturas m\u00edsticas recomendadas para as rec\u00e9m-nascidas?<\/h2>\n\n\n\n<p>A criteriosa sele\u00e7\u00e3o ideal precisa obrigatoriamente alinhar uma sonoridade auditiva muito agrad\u00e1vel com um simbolismo hist\u00f3rico realmente profundo e memor\u00e1vel para a jovem fam\u00edlia. As belas alternativas liter\u00e1rias variam significativamente, desde t\u00edmidas refer\u00eancias diretas ao nosso luminoso sat\u00e9lite terrestre at\u00e9 sonoras palavras que descrevem poeticamente o acolhedor sil\u00eancio imenso.<\/p>\n\n\n\n<p>A delicada transi\u00e7\u00e3o fon\u00e9tica entre os termos perfeitamente comuns e as brilhantes escolhas exot\u00e9ricas exige muita sensibilidade emocional paterna e materna. Considere cuidadosamente as excelentes e refinadas sugest\u00f5es onom\u00e1sticas a seguir que trazem as melhores caracter\u00edsticas celestiais para eternizar com enorme eleg\u00e2ncia a nova certid\u00e3o vital:<\/p>\n\n\n\n<ul class=\"wp-block-list\">\n<li><strong>Celeste<\/strong>: remete fortemente \u00e0 linda ab\u00f3bada estrelada e \u00e0 infinidade pura do espa\u00e7o sideral e absolutamente pac\u00edfico.<\/li>\n\n\n\n<li><strong>Serena<\/strong>: invoca diretamente a paz constante, a calma revigorante e o maravilhoso e repousante sil\u00eancio do per\u00edodo noturno longo.<\/li>\n\n\n\n<li><strong>Diana<\/strong>: carrega orgulhosamente a for\u00e7a inabal\u00e1vel da arqueira m\u00edtica e grande divindade protetora da intensa luz lunar pura.<\/li>\n\n\n\n<li><strong>Ayla<\/strong>: significa lindo halo de luz e traz uma fon\u00e9tica extremamente suave, muito graciosa e surpreendentemente moderna atualmente.<\/li>\n\n\n\n<li><strong>Selene<\/strong>: a pr\u00f3pria personifica\u00e7\u00e3o gloriosa do formoso astro prateado na antiga e muito rica mitologia grega cl\u00e1ssica milenar.<\/li>\n<\/ul>\n\n\n<div class=\"wp-block-image\">\n<figure class=\"aligncenter size-full\"><img decoding=\"async\" width=\"1280\" height=\"720\" src=\"https:\/\/www.correiobraziliense.com.br\/cbradar\/wp-content\/uploads\/2026\/05\/IMAGEM_720p_1777717564162.jpg\" alt=\"Op\u00e7\u00f5es de nomes m\u00edsticos e fortes ligados \u00e0 lua e \u00e0 noite para meninas.\" class=\"wp-image-235886\" srcset=\"https:\/\/www.correiobraziliense.com.br\/cbradar\/wp-content\/uploads\/2026\/05\/IMAGEM_720p_1777717564162.jpg 1280w, https:\/\/www.correiobraziliense.com.br\/cbradar\/wp-content\/uploads\/2026\/05\/IMAGEM_720p_1777717564162-300x169.jpg 300w, https:\/\/www.correiobraziliense.com.br\/cbradar\/wp-content\/uploads\/2026\/05\/IMAGEM_720p_1777717564162-768x432.jpg 768w, https:\/\/www.correiobraziliense.com.br\/cbradar\/wp-content\/uploads\/2026\/05\/IMAGEM_720p_1777717564162-750x422.jpg 750w, https:\/\/www.correiobraziliense.com.br\/cbradar\/wp-content\/uploads\/2026\/05\/IMAGEM_720p_1777717564162-1140x641.jpg 1140w\" sizes=\"(max-width: 1280px) 100vw, 1280px\" \/><figcaption class=\"wp-element-caption\">Op\u00e7\u00f5es de nomes m\u00edsticos e fortes ligados \u00e0 lua e \u00e0 noite para meninas.<\/figcaption><\/figure><\/div>\n\n\n<h2 class=\"wp-block-heading\">Por que a for\u00e7a do sagrado feminino reflete as grandes mar\u00e9s oce\u00e2nicas?<\/h2>\n\n\n\n<p>A maravilhosa e exata <strong>astronomia<\/strong> dita perfeitamente o compasso ordenado dos vastos oceanos salgados e influencia o fluxo cont\u00ednuo das reais emo\u00e7\u00f5es humanas. Essa ineg\u00e1vel liga\u00e7\u00e3o biol\u00f3gica e liter\u00e1ria milenar entre o misterioso astro brilhante espacial e as intensas \u00e1guas selvagens profundas sempre esteve intimamente associada \u00e0 valiosa intui\u00e7\u00e3o.<\/p>\n\n\n\n<p>Batizar amorosamente e conscientemente uma pequena menina com refinadas refer\u00eancias a esse imenso poder natural m\u00edstico \u00e9 um firme ato de reconhecimento pleno da sua grande for\u00e7a intr\u00ednseca. A elaborada identidade m\u00e1gica e primorosa servir\u00e1 eternamente como um brilhante lembrete v\u00edvido de que ela carrega a luz eterna intimamente.<\/p>\n","protected":false},"excerpt":{"rendered":"<p>Por que a Lua exerce tamanho fasc\u00ednio na hora de escolher 5 nomes de meninas raros para o registro civil? A atra\u00e7\u00e3o pelos ciclos celestes e pela maravilhosa tranquilidade da noite guia pais modernos que desejam batizar as filhas com identidades puramente marcantes e originais. Qual o significado oculto de escolher identidades ligadas aos astros? [&hellip;]<\/p>\n","protected":false},"author":11,"featured_media":235887,"comment_status":"open","ping_status":"open","sticky":false,"template":"","format":"standard","meta":{"_yoast_wpseo_focuskw":"5 nomes de meninas raros","_yoast_wpseo_title":"","_yoast_wpseo_metadesc":"A escolha de como batizar uma filha dita sua identidade para a vida inteira. Avalie op\u00e7\u00f5es ligadas \u00e0 astronomia e ao misticismo que fogem do lugar comum.","jnews-multi-image_gallery":[],"jnews_single_post":{"format":"standard"},"jnews_primary_category":[],"jnews_social_meta":[],"jnews_override_counter":[],"footnotes":""},"categories":[112],"tags":[1478,9372,10284,5202],"class_list":["post-235885","post","type-post","status-publish","format-standard","has-post-thumbnail","hentry","category-curiosidades","tag-lua","tag-meninas","tag-misticismo","tag-nomes"],"yoast_head":"<!-- This site is optimized with the Yoast SEO plugin v24.6 - https:\/\/yoast.com\/wordpress\/plugins\/seo\/ -->\n<title>5 nomes de meninas raros inspirados nas fases da lua e na natureza noturna perfeitos para pais que buscam uma identidade m\u00edstica e forte - Correio Braziliense - Radar<\/title>\n<meta name=\"description\" content=\"A escolha de como batizar uma filha dita sua identidade para a vida inteira. Avalie op\u00e7\u00f5es ligadas \u00e0 astronomia e ao misticismo que fogem do lugar comum.\" \/>\n<meta name=\"robots\" content=\"index, follow, max-snippet:-1, max-image-preview:large, max-video-preview:-1\" \/>\n<link rel=\"canonical\" href=\"https:\/\/www.correiobraziliense.com.br\/cbradar\/5-nomes-de-meninas-raros-inspirados-nas-fases-da-lua-e-na-natureza-noturna-perfeitos-para-pais-que-buscam-uma-identidade-mistica-e-forte\/\" \/>\n<meta property=\"og:locale\" content=\"pt_BR\" \/>\n<meta property=\"og:type\" content=\"article\" \/>\n<meta property=\"og:title\" content=\"5 nomes de meninas raros inspirados nas fases da lua e na natureza noturna perfeitos para pais que buscam uma identidade m\u00edstica e forte - Correio Braziliense - Radar\" \/>\n<meta property=\"og:description\" content=\"A escolha de como batizar uma filha dita sua identidade para a vida inteira. Avalie op\u00e7\u00f5es ligadas \u00e0 astronomia e ao misticismo que fogem do lugar comum.\" \/>\n<meta property=\"og:url\" content=\"https:\/\/www.correiobraziliense.com.br\/cbradar\/5-nomes-de-meninas-raros-inspirados-nas-fases-da-lua-e-na-natureza-noturna-perfeitos-para-pais-que-buscam-uma-identidade-mistica-e-forte\/\" \/>\n<meta property=\"og:site_name\" content=\"Correio Braziliense - Radar\" \/>\n<meta property=\"article:published_time\" content=\"2026-05-02T10:55:00+00:00\" \/>\n<meta property=\"og:image\" content=\"https:\/\/www.correiobraziliense.com.br\/cbradar\/wp-content\/uploads\/2026\/05\/IMAGEM_720p_1777717559667.jpg\" \/>\n\t<meta property=\"og:image:width\" content=\"1280\" \/>\n\t<meta property=\"og:image:height\" content=\"720\" \/>\n\t<meta property=\"og:image:type\" content=\"image\/jpeg\" \/>\n<meta name=\"author\" content=\"Paulo Custodio\" \/>\n<meta name=\"twitter:card\" content=\"summary_large_image\" \/>\n<meta name=\"twitter:label1\" content=\"Escrito por\" \/>\n\t<meta name=\"twitter:data1\" content=\"Paulo Custodio\" \/>\n\t<meta name=\"twitter:label2\" content=\"Est. tempo de leitura\" \/>\n\t<meta name=\"twitter:data2\" content=\"6 minutos\" \/>\n<!-- \/ Yoast SEO plugin. -->","yoast_head_json":{"title":"5 nomes de meninas raros inspirados nas fases da lua e na natureza noturna perfeitos para pais que buscam uma identidade m\u00edstica e forte - Correio Braziliense - Radar","description":"A escolha de como batizar uma filha dita sua identidade para a vida inteira. Avalie op\u00e7\u00f5es ligadas \u00e0 astronomia e ao misticismo que fogem do lugar comum.","robots":{"index":"index","follow":"follow","max-snippet":"max-snippet:-1","max-image-preview":"max-image-preview:large","max-video-preview":"max-video-preview:-1"},"canonical":"https:\/\/www.correiobraziliense.com.br\/cbradar\/5-nomes-de-meninas-raros-inspirados-nas-fases-da-lua-e-na-natureza-noturna-perfeitos-para-pais-que-buscam-uma-identidade-mistica-e-forte\/","og_locale":"pt_BR","og_type":"article","og_title":"5 nomes de meninas raros inspirados nas fases da lua e na natureza noturna perfeitos para pais que buscam uma identidade m\u00edstica e forte - Correio Braziliense - Radar","og_description":"A escolha de como batizar uma filha dita sua identidade para a vida inteira. Avalie op\u00e7\u00f5es ligadas \u00e0 astronomia e ao misticismo que fogem do lugar comum.","og_url":"https:\/\/www.correiobraziliense.com.br\/cbradar\/5-nomes-de-meninas-raros-inspirados-nas-fases-da-lua-e-na-natureza-noturna-perfeitos-para-pais-que-buscam-uma-identidade-mistica-e-forte\/","og_site_name":"Correio Braziliense - Radar","article_published_time":"2026-05-02T10:55:00+00:00","og_image":[{"width":1280,"height":720,"url":"https:\/\/www.correiobraziliense.com.br\/cbradar\/wp-content\/uploads\/2026\/05\/IMAGEM_720p_1777717559667.jpg","type":"image\/jpeg"}],"author":"Paulo Custodio","twitter_card":"summary_large_image","twitter_misc":{"Escrito por":"Paulo Custodio","Est. tempo de leitura":"6 minutos"},"schema":{"@context":"https:\/\/schema.org","@graph":[{"@type":"WebPage","@id":"https:\/\/www.correiobraziliense.com.br\/cbradar\/5-nomes-de-meninas-raros-inspirados-nas-fases-da-lua-e-na-natureza-noturna-perfeitos-para-pais-que-buscam-uma-identidade-mistica-e-forte\/","url":"https:\/\/www.correiobraziliense.com.br\/cbradar\/5-nomes-de-meninas-raros-inspirados-nas-fases-da-lua-e-na-natureza-noturna-perfeitos-para-pais-que-buscam-uma-identidade-mistica-e-forte\/","name":"5 nomes de meninas raros inspirados nas fases da lua e na natureza noturna perfeitos para pais que buscam uma identidade m\u00edstica e forte - Correio Braziliense - Radar","isPartOf":{"@id":"https:\/\/www.correiobraziliense.com.br\/cbradar\/#website"},"primaryImageOfPage":{"@id":"https:\/\/www.correiobraziliense.com.br\/cbradar\/5-nomes-de-meninas-raros-inspirados-nas-fases-da-lua-e-na-natureza-noturna-perfeitos-para-pais-que-buscam-uma-identidade-mistica-e-forte\/#primaryimage"},"image":{"@id":"https:\/\/www.correiobraziliense.com.br\/cbradar\/5-nomes-de-meninas-raros-inspirados-nas-fases-da-lua-e-na-natureza-noturna-perfeitos-para-pais-que-buscam-uma-identidade-mistica-e-forte\/#primaryimage"},"thumbnailUrl":"https:\/\/www.correiobraziliense.com.br\/cbradar\/wp-content\/uploads\/2026\/05\/IMAGEM_720p_1777717559667.jpg","datePublished":"2026-05-02T10:55:00+00:00","author":{"@id":"https:\/\/www.correiobraziliense.com.br\/cbradar\/#\/schema\/person\/4cec7857301a9a1a2ef249893cd908d3"},"description":"A escolha de como batizar uma filha dita sua identidade para a vida inteira. Avalie op\u00e7\u00f5es ligadas \u00e0 astronomia e ao misticismo que fogem do lugar comum.","breadcrumb":{"@id":"https:\/\/www.correiobraziliense.com.br\/cbradar\/5-nomes-de-meninas-raros-inspirados-nas-fases-da-lua-e-na-natureza-noturna-perfeitos-para-pais-que-buscam-uma-identidade-mistica-e-forte\/#breadcrumb"},"inLanguage":"pt-BR","potentialAction":[{"@type":"ReadAction","target":["https:\/\/www.correiobraziliense.com.br\/cbradar\/5-nomes-de-meninas-raros-inspirados-nas-fases-da-lua-e-na-natureza-noturna-perfeitos-para-pais-que-buscam-uma-identidade-mistica-e-forte\/"]}]},{"@type":"ImageObject","inLanguage":"pt-BR","@id":"https:\/\/www.correiobraziliense.com.br\/cbradar\/5-nomes-de-meninas-raros-inspirados-nas-fases-da-lua-e-na-natureza-noturna-perfeitos-para-pais-que-buscam-uma-identidade-mistica-e-forte\/#primaryimage","url":"https:\/\/www.correiobraziliense.com.br\/cbradar\/wp-content\/uploads\/2026\/05\/IMAGEM_720p_1777717559667.jpg","contentUrl":"https:\/\/www.correiobraziliense.com.br\/cbradar\/wp-content\/uploads\/2026\/05\/IMAGEM_720p_1777717559667.jpg","width":1280,"height":720,"caption":"Op\u00e7\u00f5es de nomes m\u00edsticos e fortes ligados \u00e0 lua e \u00e0 noite para meninas."},{"@type":"BreadcrumbList","@id":"https:\/\/www.correiobraziliense.com.br\/cbradar\/5-nomes-de-meninas-raros-inspirados-nas-fases-da-lua-e-na-natureza-noturna-perfeitos-para-pais-que-buscam-uma-identidade-mistica-e-forte\/#breadcrumb","itemListElement":[{"@type":"ListItem","position":1,"name":"In\u00edcio","item":"https:\/\/www.correiobraziliense.com.br\/cbradar\/"},{"@type":"ListItem","position":2,"name":"5 nomes de meninas raros inspirados nas fases da lua e na natureza noturna perfeitos para pais que buscam uma identidade m\u00edstica e forte"}]},{"@type":"WebSite","@id":"https:\/\/www.correiobraziliense.com.br\/cbradar\/#website","url":"https:\/\/www.correiobraziliense.com.br\/cbradar\/","name":"Correio Braziliense - Radar","description":"Acompanhe as \u00faltimas not\u00edcias e fique bem informado sobre tudo o que acontece no Brasil e no mundo.","potentialAction":[{"@type":"SearchAction","target":{"@type":"EntryPoint","urlTemplate":"https:\/\/www.correiobraziliense.com.br\/cbradar\/?s={search_term_string}"},"query-input":{"@type":"PropertyValueSpecification","valueRequired":true,"valueName":"search_term_string"}}],"inLanguage":"pt-BR"},{"@type":"Person","@id":"https:\/\/www.correiobraziliense.com.br\/cbradar\/#\/schema\/person\/4cec7857301a9a1a2ef249893cd908d3","name":"Paulo Custodio","image":{"@type":"ImageObject","inLanguage":"pt-BR","@id":"https:\/\/www.correiobraziliense.com.br\/cbradar\/#\/schema\/person\/image\/","url":"https:\/\/secure.gravatar.com\/avatar\/bcd67168d1534e8fcf4f45c726a87cea?s=96&d=mm&r=g","contentUrl":"https:\/\/secure.gravatar.com\/avatar\/bcd67168d1534e8fcf4f45c726a87cea?s=96&d=mm&r=g","caption":"Paulo Custodio"},"sameAs":["https:\/\/www.correiobraziliense.com.br\/cbradar"],"url":"https:\/\/www.correiobraziliense.com.br\/cbradar\/author\/paulomyth\/"}]}},"_links":{"self":[{"href":"https:\/\/www.correiobraziliense.com.br\/cbradar\/wp-json\/wp\/v2\/posts\/235885","targetHints":{"allow":["GET"]}}],"collection":[{"href":"https:\/\/www.correiobraziliense.com.br\/cbradar\/wp-json\/wp\/v2\/posts"}],"about":[{"href":"https:\/\/www.correiobraziliense.com.br\/cbradar\/wp-json\/wp\/v2\/types\/post"}],"author":[{"embeddable":true,"href":"https:\/\/www.correiobraziliense.com.br\/cbradar\/wp-json\/wp\/v2\/users\/11"}],"replies":[{"embeddable":true,"href":"https:\/\/www.correiobraziliense.com.br\/cbradar\/wp-json\/wp\/v2\/comments?post=235885"}],"version-history":[{"count":1,"href":"https:\/\/www.correiobraziliense.com.br\/cbradar\/wp-json\/wp\/v2\/posts\/235885\/revisions"}],"predecessor-version":[{"id":235889,"href":"https:\/\/www.correiobraziliense.com.br\/cbradar\/wp-json\/wp\/v2\/posts\/235885\/revisions\/235889"}],"wp:featuredmedia":[{"embeddable":true,"href":"https:\/\/www.correiobraziliense.com.br\/cbradar\/wp-json\/wp\/v2\/media\/235887"}],"wp:attachment":[{"href":"https:\/\/www.correiobraziliense.com.br\/cbradar\/wp-json\/wp\/v2\/media?parent=235885"}],"wp:term":[{"taxonomy":"category","embeddable":true,"href":"https:\/\/www.correiobraziliense.com.br\/cbradar\/wp-json\/wp\/v2\/categories?post=235885"},{"taxonomy":"post_tag","embeddable":true,"href":"https:\/\/www.correiobraziliense.com.br\/cbradar\/wp-json\/wp\/v2\/tags?post=235885"}],"curies":[{"name":"wp","href":"https:\/\/api.w.org\/{rel}","templated":true}]}}