{"id":235944,"date":"2026-05-03T08:45:00","date_gmt":"2026-05-03T11:45:00","guid":{"rendered":"https:\/\/www.correiobraziliense.com.br\/cbradar\/?p=235944"},"modified":"2026-05-02T11:23:28","modified_gmt":"2026-05-02T14:23:28","slug":"este-ou-esse-o-detalhe-que-revela-se-voce-realmente-domina-a-norma-culta","status":"publish","type":"post","link":"https:\/\/www.correiobraziliense.com.br\/cbradar\/este-ou-esse-o-detalhe-que-revela-se-voce-realmente-domina-a-norma-culta\/","title":{"rendered":"&#8220;Este&#8221; ou &#8220;Esse&#8221;? O detalhe que revela se voc\u00ea realmente domina a norma culta"},"content":{"rendered":"\n<p>Dominar o <strong>uso de este e esse<\/strong> exige aten\u00e7\u00e3o redobrada aos detalhes do contexto espacial, temporal e tamb\u00e9m textual. Muitas pessoas ignoram que uma pequena letra altera completamente o sentido pretendido do que est\u00e1 sendo dito ou escrito.<\/p>\n\n\n\n<h2 class=\"wp-block-heading\">Como funciona o uso de este e esse no espa\u00e7o?<\/h2>\n\n\n\n<p>O pronome este indica especificamente aquilo que est\u00e1 fisicamente muito pr\u00f3ximo da pessoa que fala no exato momento. Usar o <strong>termo correto<\/strong> em cada situa\u00e7\u00e3o demonstra total dom\u00ednio sobre a norma culta da l\u00edngua portuguesa moderna. Esse conhecimento pr\u00e1tico <strong>evita ambiguidades<\/strong> perigosas em documentos oficiais de alta relev\u00e2ncia ou em simples conversas cotidianas.<\/p>\n\n\n\n<p>J\u00e1 o pronome esse aponta para objetos situados perto do interlocutor com quem mantemos um di\u00e1logo direto. O <strong>falante atento<\/strong> percebe a dist\u00e2ncia f\u00edsica antes de escolher a palavra ideal para compor sua frase. Aplicar essa <strong>distin\u00e7\u00e3o clara<\/strong> torna a comunica\u00e7\u00e3o muito mais precisa e transmite seguran\u00e7a profissional para quem ouve.<\/p>\n\n\n<div class=\"wp-block-image\">\n<figure class=\"aligncenter size-full\"><img decoding=\"async\" width=\"1280\" height=\"720\" src=\"https:\/\/www.correiobraziliense.com.br\/cbradar\/wp-content\/uploads\/2026\/05\/uso-de-este-e-esse-1.jpg\" alt=\"uso de este e esse\" class=\"wp-image-235956\" srcset=\"https:\/\/www.correiobraziliense.com.br\/cbradar\/wp-content\/uploads\/2026\/05\/uso-de-este-e-esse-1.jpg 1280w, https:\/\/www.correiobraziliense.com.br\/cbradar\/wp-content\/uploads\/2026\/05\/uso-de-este-e-esse-1-300x169.jpg 300w, https:\/\/www.correiobraziliense.com.br\/cbradar\/wp-content\/uploads\/2026\/05\/uso-de-este-e-esse-1-768x432.jpg 768w, https:\/\/www.correiobraziliense.com.br\/cbradar\/wp-content\/uploads\/2026\/05\/uso-de-este-e-esse-1-750x422.jpg 750w, https:\/\/www.correiobraziliense.com.br\/cbradar\/wp-content\/uploads\/2026\/05\/uso-de-este-e-esse-1-1140x641.jpg 1140w\" sizes=\"(max-width: 1280px) 100vw, 1280px\" \/><figcaption class=\"wp-element-caption\">J\u00e1 o pronome esse aponta para objetos situados perto do interlocutor com quem mantemos um di\u00e1logo direto.<\/figcaption><\/figure><\/div>\n\n\n<h2 class=\"wp-block-heading\">Qual a regra para o uso de este e esse no tempo?<\/h2>\n\n\n\n<p>No contexto temporal o pronome este refere-se obrigatoriamente ao momento presente ou ao futuro que se aproxima. O <strong>escritor habilidoso<\/strong> utiliza essa forma para situar o leitor no agora absoluto de maneira muito eficiente. Manter a <strong>coer\u00eancia <\/strong><a href=\"https:\/\/www.correiobraziliense.com.br\/cbradar\/a-regra-gramatical-que-todo-mundo-erra-mas-poucos-admitem\/\" target=\"_blank\" rel=\"noreferrer noopener\"><strong>gramatical<\/strong> <\/a>ajuda a construir uma narrativa temporal l\u00f3gica que facilita a compreens\u00e3o da mensagem.<\/p>\n\n\n\n<p>O voc\u00e1bulo esse serve para indicar um passado pr\u00f3ximo ou momentos que j\u00e1 foram mencionados durante a conversa. Escolher a <strong>grafia adequada<\/strong> permite que o p\u00fablico compreenda o fluxo dos acontecimentos sem qualquer tipo de confus\u00e3o. Estudar essas <strong>nuances lingu\u00edsticas<\/strong> fortalece a base de qualquer produtor de conte\u00fado que busca autoridade na internet.<\/p>\n\n\n\n<p>Para voc\u00ea que gosta de aprofundar, separamos um v\u00eddeo do canal do <a href=\"https:\/\/www.youtube.com\/@ProfessorNoslen\" target=\"_blank\" rel=\"noreferrer noopener\">Professor Noslen<\/a> com mais dicas de quando usar cada express\u00e3o:<\/p>\n\n\n\n<figure class=\"wp-block-embed is-type-video is-provider-youtube wp-block-embed-youtube wp-embed-aspect-16-9 wp-has-aspect-ratio\"><div class=\"wp-block-embed__wrapper\">\n<div class=\"jeg_video_container jeg_video_content\"><iframe loading=\"lazy\" title=\"Este x Esse - com Professor Noslen\" width=\"500\" height=\"281\" src=\"https:\/\/www.youtube.com\/embed\/2XtgyN5dMww?feature=oembed\" frameborder=\"0\" allow=\"accelerometer; autoplay; clipboard-write; encrypted-media; gyroscope; picture-in-picture; web-share\" referrerpolicy=\"strict-origin-when-cross-origin\" allowfullscreen><\/iframe><\/div>\n<\/div><\/figure>\n\n\n\n<h2 class=\"wp-block-heading\">Onde aplicar os pronomes nas refer\u00eancias do texto?<\/h2>\n\n\n\n<p>Dentro de uma reda\u00e7\u00e3o organizada o uso de este serve para apresentar uma ideia nova logo adiante. O <strong>leitor focado<\/strong> consegue antecipar que informa\u00e7\u00f5es importantes e in\u00e9ditas aparecer\u00e3o na sequ\u00eancia imediata do par\u00e1grafo atual. Criar essa <strong>expectativa textual<\/strong> mant\u00e9m o engajamento constante de quem consome a informa\u00e7\u00e3o escrita em suportes digitais.<\/p>\n\n\n\n<p>Por outro lado o termo esse retoma algo que j\u00e1 foi citado anteriormente em frases ou par\u00e1grafos passados. O <strong>uso estrat\u00e9gico<\/strong> de elementos anaf\u00f3ricos impede repeti\u00e7\u00f5es cansativas de nomes pr\u00f3prios ou conceitos t\u00e9cnicos muito complexos. Verificamos abaixo alguns exemplos pr\u00e1ticos para fixar as regras de substitui\u00e7\u00e3o textual mais comuns no cotidiano:<\/p>\n\n\n\n<ul class=\"wp-block-list\">\n<li>O pronome <strong>este<\/strong> introduz o que ser\u00e1 dito.<\/li>\n\n\n\n<li>O pronome <strong>esse<\/strong> recupera o que j\u00e1 foi falado.<\/li>\n\n\n\n<li>Ambas as formas <strong>organizam o fluxo<\/strong> mental.<\/li>\n<\/ul>\n\n\n\n<h2 class=\"wp-block-heading\">Por que o uso de este e esse gera d\u00favidas frequentes?<\/h2>\n\n\n\n<p>A confus\u00e3o surge porque na fala informal as pessoas raramente respeitam essas distin\u00e7\u00f5es t\u00e9cnicas e gramaticais rigorosas. O <strong>brasileiro comum<\/strong> acaba utilizando os pronomes de forma intercambi\u00e1vel em situa\u00e7\u00f5es de relaxamento ou descontra\u00e7\u00e3o social. Buscar a <strong>corre\u00e7\u00e3o gramatical<\/strong> exige um esfor\u00e7o consciente para quebrar h\u00e1bitos viciosos vindos diretamente da nossa oralidade.<\/p>\n\n\n\n<p>Al\u00e9m disso a semelhan\u00e7a sonora gritante entre as palavras contribui para trocas acidentais durante a escrita r\u00e1pida. O <strong>revisor cauteloso<\/strong> sempre busca identificar esses pequenos deslizes ortogr\u00e1ficos antes da publica\u00e7\u00e3o final de qualquer documento. Dominar as <strong>ferramentas da l\u00edngua<\/strong> garante que a mensagem pretendida chegue ao destino final sem ru\u00eddos indesejados.<\/p>\n\n\n<div class=\"wp-block-image\">\n<figure class=\"aligncenter size-full\"><img decoding=\"async\" width=\"1280\" height=\"720\" src=\"https:\/\/www.correiobraziliense.com.br\/cbradar\/wp-content\/uploads\/2026\/05\/uso-de-este-e-esse-2.jpg\" alt=\"uso de este e esse \" class=\"wp-image-235961\" srcset=\"https:\/\/www.correiobraziliense.com.br\/cbradar\/wp-content\/uploads\/2026\/05\/uso-de-este-e-esse-2.jpg 1280w, https:\/\/www.correiobraziliense.com.br\/cbradar\/wp-content\/uploads\/2026\/05\/uso-de-este-e-esse-2-300x169.jpg 300w, https:\/\/www.correiobraziliense.com.br\/cbradar\/wp-content\/uploads\/2026\/05\/uso-de-este-e-esse-2-768x432.jpg 768w, https:\/\/www.correiobraziliense.com.br\/cbradar\/wp-content\/uploads\/2026\/05\/uso-de-este-e-esse-2-750x422.jpg 750w, https:\/\/www.correiobraziliense.com.br\/cbradar\/wp-content\/uploads\/2026\/05\/uso-de-este-e-esse-2-1140x641.jpg 1140w\" sizes=\"(max-width: 1280px) 100vw, 1280px\" \/><figcaption class=\"wp-element-caption\">Al\u00e9m disso a semelhan\u00e7a sonora gritante entre as palavras contribui para trocas acidentais durante a escrita r\u00e1pida.<\/figcaption><\/figure><\/div>\n\n\n<h2 class=\"wp-block-heading\">Como as contra\u00e7\u00f5es alteram a din\u00e2mica das frases?<\/h2>\n\n\n\n<p>\u00c9 muito comum encontrarmos formas variadas como nisto ou nesse dependendo sempre da preposi\u00e7\u00e3o utilizada no texto. O <strong>estudante aplicado<\/strong> reconhece rapidamente que a regra de proximidade continua valendo integralmente para todas essas varia\u00e7\u00f5es. Aplicar a <strong>l\u00f3gica estrutural<\/strong> simplifica bastante o processo de escolha correta durante a produ\u00e7\u00e3o de textos autorais.<\/p>\n\n\n\n<p>Misturar essas formas sem crit\u00e9rio definido prejudica a fluidez da leitura e a autoridade t\u00e9cnica do autor. O <strong>redator t\u00e9cnico<\/strong> prioriza a uniformidade gramatical para manter o alto padr\u00e3o de qualidade exigido pelo mercado. Observe a lista com as varia\u00e7\u00f5es mais utilizadas em textos formais produzidos em territ\u00f3rio brasileiro:<\/p>\n\n\n\n<ol class=\"wp-block-list\">\n<li>Neste e nesse <strong>indicam lugar<\/strong> espec\u00edfico.<\/li>\n\n\n\n<li>Deste e desse <strong>indicam posse<\/strong> clara.<\/li>\n\n\n\n<li>Aquele aponta para o <strong>espa\u00e7o distante<\/strong>.<\/li>\n<\/ol>\n\n\n\n<h2 class=\"wp-block-heading\">Pratique a norma culta para melhorar sua escrita<\/h2>\n\n\n\n<p>Ler autores cl\u00e1ssicos ajuda a fixar os padr\u00f5es gramaticais de forma bastante natural e muito intuitiva. O <strong>exerc\u00edcio constante<\/strong> de escrita fortalece a seguran\u00e7a necess\u00e1ria para enfrentar desafios lingu\u00edsticos cada vez mais complexos. Buscar a <strong>excel\u00eancia verbal<\/strong> \u00e9 um diferencial competitivo importante em qualquer \u00e1rea de atua\u00e7\u00e3o profissional atual.<\/p>\n\n\n\n<p>Para sanar qualquer incerteza sobre a validade de voc\u00e1bulos, o portal da <a href=\"https:\/\/www.academia.org.br\/\" target=\"_blank\" rel=\"noreferrer noopener\">Academia Brasileira de Letras<\/a> oferece suporte t\u00e9cnico indispens\u00e1vel para os escritores. Utilizar esse recurso evita a propaga\u00e7\u00e3o de mitos lingu\u00edsticos e assegura que a mensagem seja transmitida com credibilidade e corre\u00e7\u00e3o gramatical. Investir no conhecimento profundo do idioma \u00e9 o caminho para uma comunica\u00e7\u00e3o profissional.<\/p>\n","protected":false},"excerpt":{"rendered":"<p>Dominar o uso de este e esse exige aten\u00e7\u00e3o redobrada aos detalhes do contexto espacial, temporal e tamb\u00e9m textual. Muitas pessoas ignoram que uma pequena letra altera completamente o sentido pretendido do que est\u00e1 sendo dito ou escrito. Como funciona o uso de este e esse no espa\u00e7o? O pronome este indica especificamente aquilo que [&hellip;]<\/p>\n","protected":false},"author":24,"featured_media":235955,"comment_status":"open","ping_status":"open","sticky":false,"template":"","format":"standard","meta":{"_yoast_wpseo_focuskw":"uso de este e esse","_yoast_wpseo_title":"","_yoast_wpseo_metadesc":"Aprenda a diferenciar pronomes que parecem iguais mas mudam o sentido da sua frase, e entenda a diferen\u00e7a no uso de este e esse.","jnews-multi-image_gallery":[],"jnews_single_post":{"format":"standard"},"jnews_primary_category":[],"jnews_social_meta":[],"jnews_override_counter":[],"footnotes":""},"categories":[112],"tags":[18560,12816,18559],"class_list":["post-235944","post","type-post","status-publish","format-standard","has-post-thumbnail","hentry","category-curiosidades","tag-escrita-correta","tag-gramatica","tag-pronomes-demonstrativos"],"yoast_head":"<!-- This site is optimized with the Yoast SEO plugin v24.6 - https:\/\/yoast.com\/wordpress\/plugins\/seo\/ -->\n<title>&quot;Este&quot; ou &quot;Esse&quot;? O detalhe que revela se voc\u00ea realmente domina a norma culta - Correio Braziliense - Radar<\/title>\n<meta name=\"description\" content=\"Aprenda a diferenciar pronomes que parecem iguais mas mudam o sentido da sua frase, e entenda a diferen\u00e7a no uso de este e esse.\" \/>\n<meta name=\"robots\" content=\"index, follow, max-snippet:-1, max-image-preview:large, max-video-preview:-1\" \/>\n<link rel=\"canonical\" href=\"https:\/\/www.correiobraziliense.com.br\/cbradar\/este-ou-esse-o-detalhe-que-revela-se-voce-realmente-domina-a-norma-culta\/\" \/>\n<meta property=\"og:locale\" content=\"pt_BR\" \/>\n<meta property=\"og:type\" content=\"article\" \/>\n<meta property=\"og:title\" content=\"&quot;Este&quot; ou &quot;Esse&quot;? O detalhe que revela se voc\u00ea realmente domina a norma culta - Correio Braziliense - Radar\" \/>\n<meta property=\"og:description\" content=\"Aprenda a diferenciar pronomes que parecem iguais mas mudam o sentido da sua frase, e entenda a diferen\u00e7a no uso de este e esse.\" \/>\n<meta property=\"og:url\" content=\"https:\/\/www.correiobraziliense.com.br\/cbradar\/este-ou-esse-o-detalhe-que-revela-se-voce-realmente-domina-a-norma-culta\/\" \/>\n<meta property=\"og:site_name\" content=\"Correio Braziliense - Radar\" \/>\n<meta property=\"article:published_time\" content=\"2026-05-03T11:45:00+00:00\" \/>\n<meta property=\"og:image\" content=\"https:\/\/www.correiobraziliense.com.br\/cbradar\/wp-content\/uploads\/2026\/05\/uso-de-este-e-esse.jpg\" \/>\n\t<meta property=\"og:image:width\" content=\"1280\" \/>\n\t<meta property=\"og:image:height\" content=\"720\" \/>\n\t<meta property=\"og:image:type\" content=\"image\/jpeg\" \/>\n<meta name=\"author\" content=\"Bruno Vaz\" \/>\n<meta name=\"twitter:card\" content=\"summary_large_image\" \/>\n<meta name=\"twitter:label1\" content=\"Escrito por\" \/>\n\t<meta name=\"twitter:data1\" content=\"Bruno Vaz\" \/>\n\t<meta name=\"twitter:label2\" content=\"Est. tempo de leitura\" \/>\n\t<meta name=\"twitter:data2\" content=\"6 minutos\" \/>\n<!-- \/ Yoast SEO plugin. -->","yoast_head_json":{"title":"\"Este\" ou \"Esse\"? O detalhe que revela se voc\u00ea realmente domina a norma culta - Correio Braziliense - Radar","description":"Aprenda a diferenciar pronomes que parecem iguais mas mudam o sentido da sua frase, e entenda a diferen\u00e7a no uso de este e esse.","robots":{"index":"index","follow":"follow","max-snippet":"max-snippet:-1","max-image-preview":"max-image-preview:large","max-video-preview":"max-video-preview:-1"},"canonical":"https:\/\/www.correiobraziliense.com.br\/cbradar\/este-ou-esse-o-detalhe-que-revela-se-voce-realmente-domina-a-norma-culta\/","og_locale":"pt_BR","og_type":"article","og_title":"\"Este\" ou \"Esse\"? O detalhe que revela se voc\u00ea realmente domina a norma culta - Correio Braziliense - Radar","og_description":"Aprenda a diferenciar pronomes que parecem iguais mas mudam o sentido da sua frase, e entenda a diferen\u00e7a no uso de este e esse.","og_url":"https:\/\/www.correiobraziliense.com.br\/cbradar\/este-ou-esse-o-detalhe-que-revela-se-voce-realmente-domina-a-norma-culta\/","og_site_name":"Correio Braziliense - Radar","article_published_time":"2026-05-03T11:45:00+00:00","og_image":[{"width":1280,"height":720,"url":"https:\/\/www.correiobraziliense.com.br\/cbradar\/wp-content\/uploads\/2026\/05\/uso-de-este-e-esse.jpg","type":"image\/jpeg"}],"author":"Bruno Vaz","twitter_card":"summary_large_image","twitter_misc":{"Escrito por":"Bruno Vaz","Est. tempo de leitura":"6 minutos"},"schema":{"@context":"https:\/\/schema.org","@graph":[{"@type":"WebPage","@id":"https:\/\/www.correiobraziliense.com.br\/cbradar\/este-ou-esse-o-detalhe-que-revela-se-voce-realmente-domina-a-norma-culta\/","url":"https:\/\/www.correiobraziliense.com.br\/cbradar\/este-ou-esse-o-detalhe-que-revela-se-voce-realmente-domina-a-norma-culta\/","name":"\"Este\" ou \"Esse\"? O detalhe que revela se voc\u00ea realmente domina a norma culta - Correio Braziliense - Radar","isPartOf":{"@id":"https:\/\/www.correiobraziliense.com.br\/cbradar\/#website"},"primaryImageOfPage":{"@id":"https:\/\/www.correiobraziliense.com.br\/cbradar\/este-ou-esse-o-detalhe-que-revela-se-voce-realmente-domina-a-norma-culta\/#primaryimage"},"image":{"@id":"https:\/\/www.correiobraziliense.com.br\/cbradar\/este-ou-esse-o-detalhe-que-revela-se-voce-realmente-domina-a-norma-culta\/#primaryimage"},"thumbnailUrl":"https:\/\/www.correiobraziliense.com.br\/cbradar\/wp-content\/uploads\/2026\/05\/uso-de-este-e-esse.jpg","datePublished":"2026-05-03T11:45:00+00:00","author":{"@id":"https:\/\/www.correiobraziliense.com.br\/cbradar\/#\/schema\/person\/fa8d996f8ec792dc6e8e1d712294923c"},"description":"Aprenda a diferenciar pronomes que parecem iguais mas mudam o sentido da sua frase, e entenda a diferen\u00e7a no uso de este e esse.","breadcrumb":{"@id":"https:\/\/www.correiobraziliense.com.br\/cbradar\/este-ou-esse-o-detalhe-que-revela-se-voce-realmente-domina-a-norma-culta\/#breadcrumb"},"inLanguage":"pt-BR","potentialAction":[{"@type":"ReadAction","target":["https:\/\/www.correiobraziliense.com.br\/cbradar\/este-ou-esse-o-detalhe-que-revela-se-voce-realmente-domina-a-norma-culta\/"]}]},{"@type":"ImageObject","inLanguage":"pt-BR","@id":"https:\/\/www.correiobraziliense.com.br\/cbradar\/este-ou-esse-o-detalhe-que-revela-se-voce-realmente-domina-a-norma-culta\/#primaryimage","url":"https:\/\/www.correiobraziliense.com.br\/cbradar\/wp-content\/uploads\/2026\/05\/uso-de-este-e-esse.jpg","contentUrl":"https:\/\/www.correiobraziliense.com.br\/cbradar\/wp-content\/uploads\/2026\/05\/uso-de-este-e-esse.jpg","width":1280,"height":720,"caption":"Dominar o uso de este e esse exige aten\u00e7\u00e3o redobrada aos detalhes do contexto espacial, temporal e tamb\u00e9m textual."},{"@type":"BreadcrumbList","@id":"https:\/\/www.correiobraziliense.com.br\/cbradar\/este-ou-esse-o-detalhe-que-revela-se-voce-realmente-domina-a-norma-culta\/#breadcrumb","itemListElement":[{"@type":"ListItem","position":1,"name":"In\u00edcio","item":"https:\/\/www.correiobraziliense.com.br\/cbradar\/"},{"@type":"ListItem","position":2,"name":"&#8220;Este&#8221; ou &#8220;Esse&#8221;? O detalhe que revela se voc\u00ea realmente domina a norma culta"}]},{"@type":"WebSite","@id":"https:\/\/www.correiobraziliense.com.br\/cbradar\/#website","url":"https:\/\/www.correiobraziliense.com.br\/cbradar\/","name":"Correio Braziliense - Radar","description":"Acompanhe as \u00faltimas not\u00edcias e fique bem informado sobre tudo o que acontece no Brasil e no mundo.","potentialAction":[{"@type":"SearchAction","target":{"@type":"EntryPoint","urlTemplate":"https:\/\/www.correiobraziliense.com.br\/cbradar\/?s={search_term_string}"},"query-input":{"@type":"PropertyValueSpecification","valueRequired":true,"valueName":"search_term_string"}}],"inLanguage":"pt-BR"},{"@type":"Person","@id":"https:\/\/www.correiobraziliense.com.br\/cbradar\/#\/schema\/person\/fa8d996f8ec792dc6e8e1d712294923c","name":"Bruno Vaz","image":{"@type":"ImageObject","inLanguage":"pt-BR","@id":"https:\/\/www.correiobraziliense.com.br\/cbradar\/#\/schema\/person\/image\/","url":"https:\/\/secure.gravatar.com\/avatar\/b2b7b66985ef75f65bcf72e6ab68dd22?s=96&d=mm&r=g","contentUrl":"https:\/\/secure.gravatar.com\/avatar\/b2b7b66985ef75f65bcf72e6ab68dd22?s=96&d=mm&r=g","caption":"Bruno Vaz"},"sameAs":["https:\/\/www.correiobraziliense.com.br\/cbradar\/"],"url":"https:\/\/www.correiobraziliense.com.br\/cbradar\/author\/bruno-vaz\/"}]}},"_links":{"self":[{"href":"https:\/\/www.correiobraziliense.com.br\/cbradar\/wp-json\/wp\/v2\/posts\/235944","targetHints":{"allow":["GET"]}}],"collection":[{"href":"https:\/\/www.correiobraziliense.com.br\/cbradar\/wp-json\/wp\/v2\/posts"}],"about":[{"href":"https:\/\/www.correiobraziliense.com.br\/cbradar\/wp-json\/wp\/v2\/types\/post"}],"author":[{"embeddable":true,"href":"https:\/\/www.correiobraziliense.com.br\/cbradar\/wp-json\/wp\/v2\/users\/24"}],"replies":[{"embeddable":true,"href":"https:\/\/www.correiobraziliense.com.br\/cbradar\/wp-json\/wp\/v2\/comments?post=235944"}],"version-history":[{"count":1,"href":"https:\/\/www.correiobraziliense.com.br\/cbradar\/wp-json\/wp\/v2\/posts\/235944\/revisions"}],"predecessor-version":[{"id":235962,"href":"https:\/\/www.correiobraziliense.com.br\/cbradar\/wp-json\/wp\/v2\/posts\/235944\/revisions\/235962"}],"wp:featuredmedia":[{"embeddable":true,"href":"https:\/\/www.correiobraziliense.com.br\/cbradar\/wp-json\/wp\/v2\/media\/235955"}],"wp:attachment":[{"href":"https:\/\/www.correiobraziliense.com.br\/cbradar\/wp-json\/wp\/v2\/media?parent=235944"}],"wp:term":[{"taxonomy":"category","embeddable":true,"href":"https:\/\/www.correiobraziliense.com.br\/cbradar\/wp-json\/wp\/v2\/categories?post=235944"},{"taxonomy":"post_tag","embeddable":true,"href":"https:\/\/www.correiobraziliense.com.br\/cbradar\/wp-json\/wp\/v2\/tags?post=235944"}],"curies":[{"name":"wp","href":"https:\/\/api.w.org\/{rel}","templated":true}]}}