{"id":235952,"date":"2026-05-03T03:30:00","date_gmt":"2026-05-03T06:30:00","guid":{"rendered":"https:\/\/www.correiobraziliense.com.br\/cbradar\/?p=235952"},"modified":"2026-05-02T11:27:45","modified_gmt":"2026-05-02T14:27:45","slug":"frase-do-dia-de-madre-teresa-nem-todos-nos-podemos-fazer-grandes-coisas-mas-podemos-fazer-pequenas-coisas-com-muito-amor","status":"publish","type":"post","link":"https:\/\/www.correiobraziliense.com.br\/cbradar\/frase-do-dia-de-madre-teresa-nem-todos-nos-podemos-fazer-grandes-coisas-mas-podemos-fazer-pequenas-coisas-com-muito-amor\/","title":{"rendered":"Frase do dia de Madre Teresa: &#8220;Nem todos n\u00f3s podemos fazer grandes coisas, mas podemos fazer pequenas coisas com muito amor.&#8221;"},"content":{"rendered":"\n<p>Cultivar pequenos gestos de carinho e aten\u00e7\u00e3o transforma a realidade cotidiana de maneira profunda e silenciosa. Muitas vezes, a busca por conquistas grandiosas impede que as pessoas percebam o valor de uma palavra amiga ou de um aux\u00edlio simples no dia a dia. Praticar a dedica\u00e7\u00e3o sincera em cada tarefa m\u00ednima promove uma vida muito mais equilibrada e plena.<\/p>\n\n\n\n<h2 class=\"wp-block-heading\">Como pequenos gestos influenciam a sa\u00fade mental?<\/h2>\n\n\n\n<p>A pr\u00e1tica constante da gentileza libera subst\u00e2ncias qu\u00edmicas no c\u00e9rebro que aumentam a sensa\u00e7\u00e3o de satisfa\u00e7\u00e3o e alegria. Quando o foco da aten\u00e7\u00e3o se volta para o bem alheio, os n\u00edveis de ansiedade e tens\u00e3o costumam diminuir de forma natural e constante. Esse equil\u00edbrio emocional \u00e9 fundamental para manter a clareza mental necess\u00e1ria durante toda a rotina de trabalho.<\/p>\n\n\n\n<p>Demonstrar empatia atrav\u00e9s de a\u00e7\u00f5es simples fortalece a autoestima e cria uma percep\u00e7\u00e3o mais positiva sobre o ambiente social ao redor. O h\u00e1bito de agir com generosidade desinteressada remove barreiras psicol\u00f3gicas e facilita a cria\u00e7\u00e3o de la\u00e7os humanos mais fortes e duradouros. Investir no cuidado com o pr\u00f3ximo traz um retorno emocional imediato que favorece o descanso profundo e restaurador.<\/p>\n\n\n\n<figure class=\"wp-block-image size-full\"><img decoding=\"async\" width=\"1280\" height=\"720\" src=\"https:\/\/www.correiobraziliense.com.br\/cbradar\/wp-content\/uploads\/2026\/05\/Gemini_Generated_Image_3pmmwp3pmmwp3pmm-1-1.png\" alt=\"Frase do dia de Madre Teresa: &quot;Nem todos n\u00f3s podemos fazer grandes coisas, mas podemos fazer pequenas coisas com muito amor.&quot; \" class=\"wp-image-235964\" srcset=\"https:\/\/www.correiobraziliense.com.br\/cbradar\/wp-content\/uploads\/2026\/05\/Gemini_Generated_Image_3pmmwp3pmmwp3pmm-1-1.png 1280w, https:\/\/www.correiobraziliense.com.br\/cbradar\/wp-content\/uploads\/2026\/05\/Gemini_Generated_Image_3pmmwp3pmmwp3pmm-1-1-300x169.png 300w, https:\/\/www.correiobraziliense.com.br\/cbradar\/wp-content\/uploads\/2026\/05\/Gemini_Generated_Image_3pmmwp3pmmwp3pmm-1-1-768x432.png 768w, https:\/\/www.correiobraziliense.com.br\/cbradar\/wp-content\/uploads\/2026\/05\/Gemini_Generated_Image_3pmmwp3pmmwp3pmm-1-1-750x422.png 750w, https:\/\/www.correiobraziliense.com.br\/cbradar\/wp-content\/uploads\/2026\/05\/Gemini_Generated_Image_3pmmwp3pmmwp3pmm-1-1-1140x641.png 1140w\" sizes=\"(max-width: 1280px) 100vw, 1280px\" \/><figcaption class=\"wp-element-caption\">Pequenos gestos de carinho melhoram rela\u00e7\u00f5es e bem-estar<\/figcaption><\/figure>\n\n\n\n<h2 class=\"wp-block-heading\">Por que a inten\u00e7\u00e3o \u00e9 mais importante que o tamanho da a\u00e7\u00e3o?<\/h2>\n\n\n\n<p>O valor real de uma atitude reside na sinceridade e no afeto depositados no momento da execu\u00e7\u00e3o, independentemente da propor\u00e7\u00e3o f\u00edsica. Pequenas demonstra\u00e7\u00f5es de suporte possuem o poder de transformar o humor de algu\u00e9m que enfrenta desafios silenciosos e complexos. Manter a integridade nas inten\u00e7\u00f5es di\u00e1rias assegura que a conex\u00e3o humana seja aut\u00eantica e sempre muito valiosa e inspiradora.<\/p>\n\n\n\n<p>A const\u00e2ncia em realizar tarefas simples com dedica\u00e7\u00e3o total cria uma estrutura de car\u00e1ter baseada no respeito e na paci\u00eancia. Quando cada detalhe \u00e9 tratado com cuidado, a vida ganha uma nova camada de significado e prop\u00f3sito para quem pratica. Ter aten\u00e7\u00e3o aos pormenores demonstra um n\u00edvel elevado de consci\u00eancia e preparo para lidar com situa\u00e7\u00f5es variadas de modo sereno.<\/p>\n\n\n\n<h2 class=\"wp-block-heading\">Quais atitudes rotineiras promovem a empatia?<\/h2>\n\n\n\n<p>Inserir pequenas pr\u00e1ticas de acolhimento no cotidiano ajuda a suavizar as tens\u00f5es que surgem em ambientes competitivos ou apressados. Essas a\u00e7\u00f5es n\u00e3o exigem grandes investimentos financeiros ou tempo excessivo, mas demandam apenas a vontade genu\u00edna de ser \u00fatil. Estar atento \u00e0s necessidades b\u00e1sicas de quem convive ao redor transforma a percep\u00e7\u00e3o de mundo e traz paz para o cora\u00e7\u00e3o humano.<\/p>\n\n\n\n<p>Alguns comportamentos simples podem ser adotados por todos os indiv\u00edduos:<\/p>\n\n\n\n<ul class=\"wp-block-list\">\n<li>Ouvir com aten\u00e7\u00e3o sem interromper a fala alheia.<\/li>\n\n\n\n<li>Oferecer um sorriso sincero em momentos de sauda\u00e7\u00e3o.<\/li>\n\n\n\n<li>Auxiliar em tarefas dom\u00e9sticas sem que seja solicitado.<\/li>\n\n\n\n<li>Enviar mensagens de incentivo para amigos que enfrentam lutas.<\/li>\n<\/ul>\n\n\n\n<h2 class=\"wp-block-heading\">Como a filosofia de aux\u00edlio transforma o ambiente?<\/h2>\n\n\n\n<p>A aplica\u00e7\u00e3o de uma mentalidade focada na colabora\u00e7\u00e3o reduz drasticamente os conflitos interpessoais que desgastam a energia f\u00edsica e mental. Em um local onde o suporte m\u00fatuo \u00e9 a regra, a sensa\u00e7\u00e3o de seguran\u00e7a e acolhimento torna-se predominante para todos. Cultivar esse esp\u00edrito de uni\u00e3o \u00e9 a base para que grandes projetos sejam realizados com sucesso em qualquer grupo social.<\/p>\n\n\n\n<p>Pequenos atos de bondade funcionam como sementes que germinam em relacionamentos mais saud\u00e1veis e transparentes no longo prazo. Quando o afeto \u00e9 o motor principal das intera\u00e7\u00f5es, a comunica\u00e7\u00e3o torna-se muito mais fluida e livre de preconceitos. Manter esse ciclo de positividade beneficia a sa\u00fade coletiva e garante que a harmonia seja mantida por tempo em toda a jornada terrestre.<\/p>\n\n\n\n<p>Voc\u00ea conhece a hist\u00f3ria de dedica\u00e7\u00e3o e compaix\u00e3o de Madre Teresa? No v\u00eddeo de hoje, do canal <em>Catholic 365<\/em>, com mais de 79,7 mil inscritos, voc\u00ea vai descobrir a trajet\u00f3ria da \u201cSanta das Sarjetas\u201d e o impacto de sua miss\u00e3o na vida de milhares de pessoas.<\/p>\n\n\n\n<figure class=\"wp-block-embed is-type-video is-provider-youtube wp-block-embed-youtube wp-embed-aspect-16-9 wp-has-aspect-ratio\"><div class=\"wp-block-embed__wrapper\">\n<div class=\"jeg_video_container jeg_video_content\"><iframe loading=\"lazy\" title=\"The Life Of Mother Teresa (The Saint Of The Gutters)\" width=\"500\" height=\"281\" src=\"https:\/\/www.youtube.com\/embed\/EjMGO--esoA?feature=oembed\" frameborder=\"0\" allow=\"accelerometer; autoplay; clipboard-write; encrypted-media; gyroscope; picture-in-picture; web-share\" referrerpolicy=\"strict-origin-when-cross-origin\" allowfullscreen><\/iframe><\/div>\n<\/div><\/figure>\n\n\n\n<p>Leia tamb\u00e9m:<a href=\"https:\/\/www.correiobraziliense.com.br\/cbradar\/citacao-do-dia-de-confucio-nao-corrijas-o-homem-zombando-dele-corrige-o-instruindo-o\/\" target=\"_blank\" rel=\"noreferrer noopener\"> Cita\u00e7\u00e3o do dia de Conf\u00facio: \u201cN\u00e3o corrijas o homem zombando dele, corrige-o instruindo-o\u201d<\/a><\/p>\n\n\n\n<h2 class=\"wp-block-heading\">Qual o impacto da vis\u00e3o de Madre Teresa nos dias atuais?<\/h2>\n\n\n\n<p>A sabedoria contida nos ensinamentos tradicionais refor\u00e7a que a grandeza n\u00e3o depende apenas de feitos extraordin\u00e1rios ou reconhecidos publicamente. Muitas figuras hist\u00f3ricas focaram na simplicidade como o caminho mais curto para atingir o cora\u00e7\u00e3o da humanidade de forma verdadeira. Essa perspectiva continua relevante em um mundo que valoriza excessivamente a imagem e os resultados r\u00e1pidos e muitas vezes superficiais atuais.<\/p>\n\n\n\n<p>A pr\u00e1tica da caridade em pequenos gestos \u00e9 reconhecida por \u00f3rg\u00e3os como a <strong><a target=\"_blank\" rel=\"noreferrer noopener\" href=\"https:\/\/www.who.int\/news-room\/fact-sheets\/detail\/healthy-diet\">World Health Organization<\/a><\/strong> como fator de prote\u00e7\u00e3o social. <strong>Madre Teresa<\/strong> afirmava: \u201cNem todos n\u00f3s podemos fazer grandes coisas, mas podemos fazer pequenas coisas com muito amor.\u201d Viver sob esse preceito garante que a vida pessoal seja pautada pela paz interna constante e tamb\u00e9m muito plena e duradoura.<\/p>\n","protected":false},"excerpt":{"rendered":"<p>Cultivar pequenos gestos de carinho e aten\u00e7\u00e3o transforma a realidade cotidiana de maneira profunda e silenciosa. Muitas vezes, a busca por conquistas grandiosas impede que as pessoas percebam o valor de uma palavra amiga ou de um aux\u00edlio simples no dia a dia. Praticar a dedica\u00e7\u00e3o sincera em cada tarefa m\u00ednima promove uma vida muito [&hellip;]<\/p>\n","protected":false},"author":21,"featured_media":235963,"comment_status":"open","ping_status":"open","sticky":false,"template":"","format":"standard","meta":{"_yoast_wpseo_focuskw":"pequenos gestos de carinho","_yoast_wpseo_title":"","_yoast_wpseo_metadesc":"Pequenos gestos de carinho fortalecem v\u00ednculos, melhoram o bem-estar emocional e tornam a rotina mais leve e significativa","jnews-multi-image_gallery":[],"jnews_single_post":{"format":"standard"},"jnews_primary_category":[],"jnews_social_meta":[],"jnews_override_counter":[],"footnotes":""},"categories":[112],"tags":[5598,5078,10394,18564],"class_list":["post-235952","post","type-post","status-publish","format-standard","has-post-thumbnail","hentry","category-curiosidades","tag-amor","tag-filosofia","tag-frase","tag-madre-teresa"],"yoast_head":"<!-- This site is optimized with the Yoast SEO plugin v24.6 - https:\/\/yoast.com\/wordpress\/plugins\/seo\/ -->\n<title>Frase do dia de Madre Teresa: &quot;Nem todos n\u00f3s podemos fazer grandes coisas, mas podemos fazer pequenas coisas com muito amor.&quot; - Correio Braziliense - Radar<\/title>\n<meta name=\"description\" content=\"Pequenos gestos de carinho fortalecem v\u00ednculos, melhoram o bem-estar emocional e tornam a rotina mais leve e significativa\" \/>\n<meta name=\"robots\" content=\"index, follow, max-snippet:-1, max-image-preview:large, max-video-preview:-1\" \/>\n<link rel=\"canonical\" href=\"https:\/\/www.correiobraziliense.com.br\/cbradar\/frase-do-dia-de-madre-teresa-nem-todos-nos-podemos-fazer-grandes-coisas-mas-podemos-fazer-pequenas-coisas-com-muito-amor\/\" \/>\n<meta property=\"og:locale\" content=\"pt_BR\" \/>\n<meta property=\"og:type\" content=\"article\" \/>\n<meta property=\"og:title\" content=\"Frase do dia de Madre Teresa: &quot;Nem todos n\u00f3s podemos fazer grandes coisas, mas podemos fazer pequenas coisas com muito amor.&quot; - Correio Braziliense - Radar\" \/>\n<meta property=\"og:description\" content=\"Pequenos gestos de carinho fortalecem v\u00ednculos, melhoram o bem-estar emocional e tornam a rotina mais leve e significativa\" \/>\n<meta property=\"og:url\" content=\"https:\/\/www.correiobraziliense.com.br\/cbradar\/frase-do-dia-de-madre-teresa-nem-todos-nos-podemos-fazer-grandes-coisas-mas-podemos-fazer-pequenas-coisas-com-muito-amor\/\" \/>\n<meta property=\"og:site_name\" content=\"Correio Braziliense - Radar\" \/>\n<meta property=\"article:published_time\" content=\"2026-05-03T06:30:00+00:00\" \/>\n<meta property=\"og:image\" content=\"https:\/\/www.correiobraziliense.com.br\/cbradar\/wp-content\/uploads\/2026\/05\/Gemini_Generated_Image_hym33dhym33dhym3-1-1.png\" \/>\n\t<meta property=\"og:image:width\" content=\"1280\" \/>\n\t<meta property=\"og:image:height\" content=\"720\" \/>\n\t<meta property=\"og:image:type\" content=\"image\/png\" \/>\n<meta name=\"author\" content=\"Patrick Silva\" \/>\n<meta name=\"twitter:card\" content=\"summary_large_image\" \/>\n<meta name=\"twitter:label1\" content=\"Escrito por\" \/>\n\t<meta name=\"twitter:data1\" content=\"Patrick Silva\" \/>\n\t<meta name=\"twitter:label2\" content=\"Est. tempo de leitura\" \/>\n\t<meta name=\"twitter:data2\" content=\"5 minutos\" \/>\n<!-- \/ Yoast SEO plugin. -->","yoast_head_json":{"title":"Frase do dia de Madre Teresa: \"Nem todos n\u00f3s podemos fazer grandes coisas, mas podemos fazer pequenas coisas com muito amor.\" - Correio Braziliense - Radar","description":"Pequenos gestos de carinho fortalecem v\u00ednculos, melhoram o bem-estar emocional e tornam a rotina mais leve e significativa","robots":{"index":"index","follow":"follow","max-snippet":"max-snippet:-1","max-image-preview":"max-image-preview:large","max-video-preview":"max-video-preview:-1"},"canonical":"https:\/\/www.correiobraziliense.com.br\/cbradar\/frase-do-dia-de-madre-teresa-nem-todos-nos-podemos-fazer-grandes-coisas-mas-podemos-fazer-pequenas-coisas-com-muito-amor\/","og_locale":"pt_BR","og_type":"article","og_title":"Frase do dia de Madre Teresa: \"Nem todos n\u00f3s podemos fazer grandes coisas, mas podemos fazer pequenas coisas com muito amor.\" - Correio Braziliense - Radar","og_description":"Pequenos gestos de carinho fortalecem v\u00ednculos, melhoram o bem-estar emocional e tornam a rotina mais leve e significativa","og_url":"https:\/\/www.correiobraziliense.com.br\/cbradar\/frase-do-dia-de-madre-teresa-nem-todos-nos-podemos-fazer-grandes-coisas-mas-podemos-fazer-pequenas-coisas-com-muito-amor\/","og_site_name":"Correio Braziliense - Radar","article_published_time":"2026-05-03T06:30:00+00:00","og_image":[{"width":1280,"height":720,"url":"https:\/\/www.correiobraziliense.com.br\/cbradar\/wp-content\/uploads\/2026\/05\/Gemini_Generated_Image_hym33dhym33dhym3-1-1.png","type":"image\/png"}],"author":"Patrick Silva","twitter_card":"summary_large_image","twitter_misc":{"Escrito por":"Patrick Silva","Est. tempo de leitura":"5 minutos"},"schema":{"@context":"https:\/\/schema.org","@graph":[{"@type":"WebPage","@id":"https:\/\/www.correiobraziliense.com.br\/cbradar\/frase-do-dia-de-madre-teresa-nem-todos-nos-podemos-fazer-grandes-coisas-mas-podemos-fazer-pequenas-coisas-com-muito-amor\/","url":"https:\/\/www.correiobraziliense.com.br\/cbradar\/frase-do-dia-de-madre-teresa-nem-todos-nos-podemos-fazer-grandes-coisas-mas-podemos-fazer-pequenas-coisas-com-muito-amor\/","name":"Frase do dia de Madre Teresa: \"Nem todos n\u00f3s podemos fazer grandes coisas, mas podemos fazer pequenas coisas com muito amor.\" - Correio Braziliense - Radar","isPartOf":{"@id":"https:\/\/www.correiobraziliense.com.br\/cbradar\/#website"},"primaryImageOfPage":{"@id":"https:\/\/www.correiobraziliense.com.br\/cbradar\/frase-do-dia-de-madre-teresa-nem-todos-nos-podemos-fazer-grandes-coisas-mas-podemos-fazer-pequenas-coisas-com-muito-amor\/#primaryimage"},"image":{"@id":"https:\/\/www.correiobraziliense.com.br\/cbradar\/frase-do-dia-de-madre-teresa-nem-todos-nos-podemos-fazer-grandes-coisas-mas-podemos-fazer-pequenas-coisas-com-muito-amor\/#primaryimage"},"thumbnailUrl":"https:\/\/www.correiobraziliense.com.br\/cbradar\/wp-content\/uploads\/2026\/05\/Gemini_Generated_Image_hym33dhym33dhym3-1-1.png","datePublished":"2026-05-03T06:30:00+00:00","author":{"@id":"https:\/\/www.correiobraziliense.com.br\/cbradar\/#\/schema\/person\/5440b72be9c7eb74f446c846479dc4da"},"description":"Pequenos gestos de carinho fortalecem v\u00ednculos, melhoram o bem-estar emocional e tornam a rotina mais leve e significativa","breadcrumb":{"@id":"https:\/\/www.correiobraziliense.com.br\/cbradar\/frase-do-dia-de-madre-teresa-nem-todos-nos-podemos-fazer-grandes-coisas-mas-podemos-fazer-pequenas-coisas-com-muito-amor\/#breadcrumb"},"inLanguage":"pt-BR","potentialAction":[{"@type":"ReadAction","target":["https:\/\/www.correiobraziliense.com.br\/cbradar\/frase-do-dia-de-madre-teresa-nem-todos-nos-podemos-fazer-grandes-coisas-mas-podemos-fazer-pequenas-coisas-com-muito-amor\/"]}]},{"@type":"ImageObject","inLanguage":"pt-BR","@id":"https:\/\/www.correiobraziliense.com.br\/cbradar\/frase-do-dia-de-madre-teresa-nem-todos-nos-podemos-fazer-grandes-coisas-mas-podemos-fazer-pequenas-coisas-com-muito-amor\/#primaryimage","url":"https:\/\/www.correiobraziliense.com.br\/cbradar\/wp-content\/uploads\/2026\/05\/Gemini_Generated_Image_hym33dhym33dhym3-1-1.png","contentUrl":"https:\/\/www.correiobraziliense.com.br\/cbradar\/wp-content\/uploads\/2026\/05\/Gemini_Generated_Image_hym33dhym33dhym3-1-1.png","width":1280,"height":720,"caption":"Pequenos gestos de carinho melhoram rela\u00e7\u00f5es e bem-estar"},{"@type":"BreadcrumbList","@id":"https:\/\/www.correiobraziliense.com.br\/cbradar\/frase-do-dia-de-madre-teresa-nem-todos-nos-podemos-fazer-grandes-coisas-mas-podemos-fazer-pequenas-coisas-com-muito-amor\/#breadcrumb","itemListElement":[{"@type":"ListItem","position":1,"name":"In\u00edcio","item":"https:\/\/www.correiobraziliense.com.br\/cbradar\/"},{"@type":"ListItem","position":2,"name":"Frase do dia de Madre Teresa: &#8220;Nem todos n\u00f3s podemos fazer grandes coisas, mas podemos fazer pequenas coisas com muito amor.&#8221;"}]},{"@type":"WebSite","@id":"https:\/\/www.correiobraziliense.com.br\/cbradar\/#website","url":"https:\/\/www.correiobraziliense.com.br\/cbradar\/","name":"Correio Braziliense - Radar","description":"Acompanhe as \u00faltimas not\u00edcias e fique bem informado sobre tudo o que acontece no Brasil e no mundo.","potentialAction":[{"@type":"SearchAction","target":{"@type":"EntryPoint","urlTemplate":"https:\/\/www.correiobraziliense.com.br\/cbradar\/?s={search_term_string}"},"query-input":{"@type":"PropertyValueSpecification","valueRequired":true,"valueName":"search_term_string"}}],"inLanguage":"pt-BR"},{"@type":"Person","@id":"https:\/\/www.correiobraziliense.com.br\/cbradar\/#\/schema\/person\/5440b72be9c7eb74f446c846479dc4da","name":"Patrick Silva","image":{"@type":"ImageObject","inLanguage":"pt-BR","@id":"https:\/\/www.correiobraziliense.com.br\/cbradar\/#\/schema\/person\/image\/","url":"https:\/\/secure.gravatar.com\/avatar\/944109df296fc087785c9715fd5f80b2?s=96&d=mm&r=g","contentUrl":"https:\/\/secure.gravatar.com\/avatar\/944109df296fc087785c9715fd5f80b2?s=96&d=mm&r=g","caption":"Patrick Silva"},"sameAs":["https:\/\/www.correiobraziliense.com.br\/cbradar\/"],"url":"https:\/\/www.correiobraziliense.com.br\/cbradar\/author\/patrick-silva\/"}]}},"_links":{"self":[{"href":"https:\/\/www.correiobraziliense.com.br\/cbradar\/wp-json\/wp\/v2\/posts\/235952","targetHints":{"allow":["GET"]}}],"collection":[{"href":"https:\/\/www.correiobraziliense.com.br\/cbradar\/wp-json\/wp\/v2\/posts"}],"about":[{"href":"https:\/\/www.correiobraziliense.com.br\/cbradar\/wp-json\/wp\/v2\/types\/post"}],"author":[{"embeddable":true,"href":"https:\/\/www.correiobraziliense.com.br\/cbradar\/wp-json\/wp\/v2\/users\/21"}],"replies":[{"embeddable":true,"href":"https:\/\/www.correiobraziliense.com.br\/cbradar\/wp-json\/wp\/v2\/comments?post=235952"}],"version-history":[{"count":1,"href":"https:\/\/www.correiobraziliense.com.br\/cbradar\/wp-json\/wp\/v2\/posts\/235952\/revisions"}],"predecessor-version":[{"id":235965,"href":"https:\/\/www.correiobraziliense.com.br\/cbradar\/wp-json\/wp\/v2\/posts\/235952\/revisions\/235965"}],"wp:featuredmedia":[{"embeddable":true,"href":"https:\/\/www.correiobraziliense.com.br\/cbradar\/wp-json\/wp\/v2\/media\/235963"}],"wp:attachment":[{"href":"https:\/\/www.correiobraziliense.com.br\/cbradar\/wp-json\/wp\/v2\/media?parent=235952"}],"wp:term":[{"taxonomy":"category","embeddable":true,"href":"https:\/\/www.correiobraziliense.com.br\/cbradar\/wp-json\/wp\/v2\/categories?post=235952"},{"taxonomy":"post_tag","embeddable":true,"href":"https:\/\/www.correiobraziliense.com.br\/cbradar\/wp-json\/wp\/v2\/tags?post=235952"}],"curies":[{"name":"wp","href":"https:\/\/api.w.org\/{rel}","templated":true}]}}