{"id":235953,"date":"2026-05-03T07:05:00","date_gmt":"2026-05-03T10:05:00","guid":{"rendered":"https:\/\/www.correiobraziliense.com.br\/cbradar\/?p=235953"},"modified":"2026-05-02T11:40:42","modified_gmt":"2026-05-02T14:40:42","slug":"livros-que-fazem-adolescentes-voltar-a-gostar-de-ler-sem-sentir-que-estao-estudando","status":"publish","type":"post","link":"https:\/\/www.correiobraziliense.com.br\/cbradar\/livros-que-fazem-adolescentes-voltar-a-gostar-de-ler-sem-sentir-que-estao-estudando\/","title":{"rendered":"Livros que fazem adolescentes voltar a gostar de ler sem sentir que est\u00e3o estudando"},"content":{"rendered":"\n<p>A transi\u00e7\u00e3o para a vida adulta muitas vezes afasta os jovens das bibliotecas quando o ato de abrir uma obra passa a ser associado apenas a obriga\u00e7\u00f5es escolares. Encontrar narrativas que conectem com a realidade juvenil \u00e9 o segredo para transformar o h\u00e1bito de consumo liter\u00e1rio em uma forma de lazer genu\u00edno e prazeroso.<\/p>\n\n\n\n<h2 class=\"wp-block-heading\">O impacto das narrativas contempor\u00e2neas na rotina dos jovens<\/h2>\n\n\n\n<p>O <strong>engajamento liter\u00e1rio<\/strong> na adolesc\u00eancia depende diretamente da capacidade da obra em espelhar conflitos reais e emo\u00e7\u00f5es intensas. Quando o leitor encontra personagens que enfrentam dilemas parecidos com os seus, a barreira entre o papel e a vida real desaparece rapidamente.<\/p>\n\n\n\n<p>Escolher t\u00edtulos com <strong>linguagem \u00e1gil<\/strong> e cap\u00edtulos curtos ajuda a manter o foco em uma era dominada por est\u00edmulos digitais constantes. Hist\u00f3rias que priorizam o di\u00e1logo e a a\u00e7\u00e3o constante evitam que a leitura pare\u00e7a uma tarefa exaustiva ou puramente acad\u00eamica.<\/p>\n\n\n<div class=\"wp-block-image\">\n<figure class=\"aligncenter size-full\"><img decoding=\"async\" width=\"1280\" height=\"720\" src=\"https:\/\/www.correiobraziliense.com.br\/cbradar\/wp-content\/uploads\/2026\/04\/livros.jpg\" alt=\"\" class=\"wp-image-233867\" srcset=\"https:\/\/www.correiobraziliense.com.br\/cbradar\/wp-content\/uploads\/2026\/04\/livros.jpg 1280w, https:\/\/www.correiobraziliense.com.br\/cbradar\/wp-content\/uploads\/2026\/04\/livros-300x169.jpg 300w, https:\/\/www.correiobraziliense.com.br\/cbradar\/wp-content\/uploads\/2026\/04\/livros-768x432.jpg 768w, https:\/\/www.correiobraziliense.com.br\/cbradar\/wp-content\/uploads\/2026\/04\/livros-750x422.jpg 750w, https:\/\/www.correiobraziliense.com.br\/cbradar\/wp-content\/uploads\/2026\/04\/livros-1140x641.jpg 1140w\" sizes=\"(max-width: 1280px) 100vw, 1280px\" \/><figcaption class=\"wp-element-caption\">A leitura desta obra expande o repert\u00f3rio sociocultural, incentivando o uso de um vocabul\u00e1rio mais rico e expressivo em contextos acad\u00eamicos<\/figcaption><\/figure><\/div>\n\n\n<p>Leia tamb\u00e9m: <a href=\"https:\/\/www.correiobraziliense.com.br\/cbradar\/?p=231207\" target=\"_blank\" rel=\"noreferrer noopener\">Crian\u00e7as que convivem com av\u00f3s desenvolvem habilidades importantes que v\u00e3o al\u00e9m da sala de aula<\/a><\/p>\n\n\n\n<h2 class=\"wp-block-heading\">Por que Percy Jackson e os Olimpianos conquista novos leitores<\/h2>\n\n\n\n<p>A saga escrita por <strong>Rick Riordan<\/strong> nos <strong>Estados Unidos<\/strong> \u00e9 um fen\u00f4meno por misturar mitologia cl\u00e1ssica com o cotidiano de um adolescente moderno. O protagonista, que lida com TDAH e dislexia, gera uma identifica\u00e7\u00e3o imediata com jovens que buscam representatividade e aventura em <strong>Nova York<\/strong>.<\/p>\n\n\n\n<p>O humor \u00e1cido e o ritmo fren\u00e9tico da narrativa impedem que o jovem sinta o peso da densidade hist\u00f3rica contida no enredo. \u00c9 uma excelente porta de entrada para quem deseja entender conceitos complexos sem perceber que est\u00e1 absorvendo conte\u00fado cultural relevante de forma org\u00e2nica.<\/p>\n\n\n\n<h2 class=\"wp-block-heading\">A for\u00e7a emocional de A Culpa \u00e9 das Estrelas na literatura juvenil<\/h2>\n\n\n\n<p>O autor <strong>John Green<\/strong> revolucionou o g\u00eanero ao tratar de temas profundos como vida e perda com uma sensibilidade que n\u00e3o subestima a intelig\u00eancia do adolescente. A hist\u00f3ria de Hazel e Augustus em <strong>Indian\u00e1polis<\/strong> foca na urg\u00eancia de viver momentos significativos, algo que ressoa fortemente nessa fase da vida.<\/p>\n\n\n\n<p>A obra utiliza <strong>met\u00e1foras poderosas<\/strong> e di\u00e1logos filos\u00f3ficos que instigam a reflex\u00e3o cr\u00edtica sem utilizar o tom did\u00e1tico de um livro did\u00e1tico convencional. Mergulhar em uma trama que desperta emo\u00e7\u00f5es reais \u00e9 o caminho mais curto para criar um v\u00ednculo duradouro com o objeto livro.<\/p>\n\n\n<div class=\"wp-block-image\">\n<figure class=\"aligncenter size-full\"><img decoding=\"async\" width=\"1280\" height=\"720\" src=\"https:\/\/www.correiobraziliense.com.br\/cbradar\/wp-content\/uploads\/2026\/05\/livros-5.jpg\" alt=\"\" class=\"wp-image-235975\" srcset=\"https:\/\/www.correiobraziliense.com.br\/cbradar\/wp-content\/uploads\/2026\/05\/livros-5.jpg 1280w, https:\/\/www.correiobraziliense.com.br\/cbradar\/wp-content\/uploads\/2026\/05\/livros-5-300x169.jpg 300w, https:\/\/www.correiobraziliense.com.br\/cbradar\/wp-content\/uploads\/2026\/05\/livros-5-768x432.jpg 768w, https:\/\/www.correiobraziliense.com.br\/cbradar\/wp-content\/uploads\/2026\/05\/livros-5-750x422.jpg 750w, https:\/\/www.correiobraziliense.com.br\/cbradar\/wp-content\/uploads\/2026\/05\/livros-5-1140x641.jpg 1140w\" sizes=\"(max-width: 1280px) 100vw, 1280px\" \/><figcaption class=\"wp-element-caption\">Escolher t\u00edtulos com linguagem \u00e1gil e cap\u00edtulos curtos ajuda a manter o foco em uma era dominada por est\u00edmulos digitais constantes<\/figcaption><\/figure><\/div>\n\n\n<h2 class=\"wp-block-heading\">Mundos dist\u00f3picos e a busca por identidade em Jogos Vorazes<\/h2>\n\n\n\n<p>A trilogia de <strong>Suzanne Collins<\/strong> apresenta uma cr\u00edtica social aguda atrav\u00e9s de uma competi\u00e7\u00e3o de sobreviv\u00eancia que prende a aten\u00e7\u00e3o do in\u00edcio ao fim. A jornada de Katniss Everdeen em <strong>Panem<\/strong> levanta quest\u00f5es sobre poder e resist\u00eancia que s\u00e3o fundamentais para a forma\u00e7\u00e3o do pensamento pol\u00edtico dos jovens.<\/p>\n\n\n\n<p>A <strong>tens\u00e3o narrativa<\/strong> constante e a constru\u00e7\u00e3o de um universo rico em detalhes facilitam a imers\u00e3o completa, fazendo com que as horas de leitura passem despercebidas. Analisar como a obra influenciou o cinema e a cultura pop ajuda a entender a relev\u00e2ncia de se manter atualizado com essas hist\u00f3rias.<\/p>\n\n\n\n<link href=\"https:\/\/fonts.googleapis.com\/css2?family=Inter:wght@400;600;700;800&#038;display=swap\" rel=\"stylesheet\">\n<style>\n\/* Prote\u00e7\u00e3o contra inje\u00e7\u00e3o do \"Veja Tamb\u00e9m\" (JNews inline related posts) *\/\n.rdp-pontos-wrapper .jnews_inline_related_post_wrapper,\n.rdp-pontos-wrapper .jnews_inline_related_post,\n.rdp-pontos-wrapper .jeg_postblock,\n.rdp-pontos-wrapper [class*=\"jnews_inline\"],\n.rdp-pontos-wrapper [class*=\"jeg_postblock\"],\n.rdp-pontos-wrapper [class*=\"jeg_block\"] {\n  display: none !important;\n  height: 0 !important;\n  max-height: 0 !important;\n  overflow: hidden !important;\n  visibility: hidden !important;\n  margin: 0 !important;\n  padding: 0 !important;\n  border: none !important;\n  font-size: 0 !important;\n  line-height: 0 !important;\n}\n.rdp-pontos-wrapper {\n  max-width: 100%;\n  margin: 32px 0;\n  background: #F8F9FA;\n  border: 1px solid #E0E0E0;\n  border-radius: 12px;\n  padding: 28px 28px 20px;\n  font-family: 'Inter', sans-serif;\n  box-shadow: 0 4px 20px rgba(47,195,238,0.12);\n  overflow: hidden;\n  contain: layout style;\n  isolation: isolate;\n  position: relative;\n  z-index: 1;\n}\n.rdp-pontos-wrapper > *:not(.rdp-pontos-title):not(.rdp-pontos-grid) {\n  display: none !important;\n  height: 0 !important;\n  overflow: hidden !important;\n  margin: 0 !important;\n  padding: 0 !important;\n  border: none !important;\n}\n.rdp-pontos-title {\n  font-family: 'Inter', sans-serif;\n  font-size: 20px;\n  font-weight: 800;\n  color: #1A1A1A;\n  margin: 0 0 20px 0;\n  line-height: 1.3;\n  text-align: center;\n}\n.rdp-pontos-grid {\n  display: grid;\n  grid-template-columns: repeat(3, 1fr);\n  gap: 18px;\n}\n.rdp-pontos-item {\n  background: #FFFFFF;\n  border: 1px solid #E0E0E0;\n  border-top: 3px solid #2FC3EE;\n  border-radius: 10px;\n  padding: 22px 20px;\n  box-shadow: 0 2px 10px rgba(47,195,238,0.10);\n  transition: box-shadow 0.3s ease, border-color 0.3s ease;\n  text-align: center;\n}\n.rdp-pontos-item:hover {\n  box-shadow: 0 4px 20px rgba(47,195,238,0.22);\n  border-color: #2FC3EE;\n}\n.rdp-pontos-emoji {\n  font-size: 32px;\n  line-height: 1;\n  margin-bottom: 12px;\n  display: block;\n  text-align: center;\n}\n.rdp-pontos-item-title {\n  font-size: 15px;\n  font-weight: 700;\n  color: #1A1A1A;\n  margin-bottom: 8px;\n  line-height: 1.3;\n}\n.rdp-pontos-item-desc {\n  font-size: 14px;\n  color: #333333;\n  line-height: 1.6;\n  margin: 0;\n}\n@media (max-width: 768px) {\n  .rdp-pontos-wrapper {\n    padding: 20px 16px 14px;\n  }\n  .rdp-pontos-grid {\n    grid-template-columns: 1fr;\n    gap: 14px;\n  }\n  .rdp-pontos-title {\n    font-size: 18px;\n  }\n}\n<\/style>\n\n<div class=\"rdp-pontos-wrapper\">\n  <div class=\"rdp-pontos-title\">Recomenda\u00e7\u00f5es Liter\u00e1rias e Estilos<\/div>\n  <div class=\"rdp-pontos-grid\">\n    <div class=\"rdp-pontos-item\">\n      <span class=\"rdp-pontos-emoji\">\ud83e\uddd9\u200d\u2642\ufe0f<\/span>\n      <div class=\"rdp-pontos-item-title\">O Hobbit<\/div>\n      <p class=\"rdp-pontos-item-desc\">Oferece uma introdu\u00e7\u00e3o perfeita ao g\u00eanero de alta fantasia com uma linguagem acess\u00edvel e l\u00fadica.<\/p>\n    <\/div>\n    <div class=\"rdp-pontos-item\">\n      <span class=\"rdp-pontos-emoji\">\u2764\ufe0f<\/span>\n      <div class=\"rdp-pontos-item-title\">Eleanor &#038; Park<\/div>\n      <p class=\"rdp-pontos-item-desc\">Retrata o primeiro amor de forma crua e realista, fugindo dos clich\u00eas a\u00e7ucarados tradicionais.<\/p>\n    <\/div>\n    <div class=\"rdp-pontos-item\">\n      <span class=\"rdp-pontos-emoji\">\ud83d\udd0d<\/span>\n      <div class=\"rdp-pontos-item-title\">Um de N\u00f3s Est\u00e1 Mentindo<\/div>\n      <p class=\"rdp-pontos-item-desc\">Utiliza o mist\u00e9rio e o suspense para prender leitores que preferem tramas investigativas.<\/p>\n    <\/div>\n  <\/div>\n<\/div>\n<div style=\"clear:both;height:0;overflow:hidden;\"><\/div>\n\n\n\n<p>Um ponto crucial para o sucesso \u00e9 permitir que o jovem escolha o g\u00eanero que mais lhe agrada, sem press\u00f5es externas ou julgamentos sobre a qualidade do material. Uma boa ideia \u00e9 visitar livrarias f\u00edsicas para que o contato direto com as capas e sinopses desperte o interesse visual antes mesmo da leitura.<\/p>\n\n\n\n<h2 class=\"wp-block-heading\">Estrat\u00e9gias pr\u00e1ticas para manter o h\u00e1bito da leitura em alta<\/h2>\n\n\n\n<p>Estabelecer um <strong>tempo livre<\/strong> dedicado apenas ao entretenimento liter\u00e1rio, longe de telas e notifica\u00e7\u00f5es, fortalece a concentra\u00e7\u00e3o e a sa\u00fade mental. Criar metas pequenas, como ler poucas p\u00e1ginas antes de dormir, transforma o processo em uma rotina natural e muito menos burocr\u00e1tica.<\/p>\n\n\n\n<p>Participar de <strong>comunidades online<\/strong> ou clubes de leitura permite que o adolescente compartilhe teorias e opini\u00f5es, tornando o ato de ler uma experi\u00eancia social. Integrar a literatura ao dia a dia de forma leve \u00e9 a estrat\u00e9gia definitiva para formar leitores cr\u00edticos, apaixonados e conscientes para o futuro.<\/p>\n","protected":false},"excerpt":{"rendered":"<p>A transi\u00e7\u00e3o para a vida adulta muitas vezes afasta os jovens das bibliotecas quando o ato de abrir uma obra passa a ser associado apenas a obriga\u00e7\u00f5es escolares. Encontrar narrativas que conectem com a realidade juvenil \u00e9 o segredo para transformar o h\u00e1bito de consumo liter\u00e1rio em uma forma de lazer genu\u00edno e prazeroso. O [&hellip;]<\/p>\n","protected":false},"author":9,"featured_media":235973,"comment_status":"open","ping_status":"open","sticky":false,"template":"","format":"standard","meta":{"_yoast_wpseo_focuskw":"livro para adolescentes","_yoast_wpseo_title":"","_yoast_wpseo_metadesc":"Hist\u00f3rias envolventes e atuais que ajudam jovens a criar o h\u00e1bito da leitura de forma leve, prazerosa e conectada com a realidade.","jnews-multi-image_gallery":[],"jnews_single_post":{"format":"standard"},"jnews_primary_category":[],"jnews_social_meta":[],"jnews_override_counter":[],"footnotes":""},"categories":[112],"tags":[520,18562,18563],"class_list":["post-235953","post","type-post","status-publish","format-standard","has-post-thumbnail","hentry","category-curiosidades","tag-livros","tag-livros-para-adolescente","tag-mundo-literario"],"yoast_head":"<!-- This site is optimized with the Yoast SEO plugin v24.6 - https:\/\/yoast.com\/wordpress\/plugins\/seo\/ -->\n<title>Livros que fazem adolescentes voltar a gostar de ler sem sentir que est\u00e3o estudando - Correio Braziliense - Radar<\/title>\n<meta name=\"description\" content=\"Hist\u00f3rias envolventes e atuais que ajudam jovens a criar o h\u00e1bito da leitura de forma leve, prazerosa e conectada com a realidade.\" \/>\n<meta name=\"robots\" content=\"index, follow, max-snippet:-1, max-image-preview:large, max-video-preview:-1\" \/>\n<link rel=\"canonical\" href=\"https:\/\/www.correiobraziliense.com.br\/cbradar\/livros-que-fazem-adolescentes-voltar-a-gostar-de-ler-sem-sentir-que-estao-estudando\/\" \/>\n<meta property=\"og:locale\" content=\"pt_BR\" \/>\n<meta property=\"og:type\" content=\"article\" \/>\n<meta property=\"og:title\" content=\"Livros que fazem adolescentes voltar a gostar de ler sem sentir que est\u00e3o estudando - Correio Braziliense - Radar\" \/>\n<meta property=\"og:description\" content=\"Hist\u00f3rias envolventes e atuais que ajudam jovens a criar o h\u00e1bito da leitura de forma leve, prazerosa e conectada com a realidade.\" \/>\n<meta property=\"og:url\" content=\"https:\/\/www.correiobraziliense.com.br\/cbradar\/livros-que-fazem-adolescentes-voltar-a-gostar-de-ler-sem-sentir-que-estao-estudando\/\" \/>\n<meta property=\"og:site_name\" content=\"Correio Braziliense - Radar\" \/>\n<meta property=\"article:published_time\" content=\"2026-05-03T10:05:00+00:00\" \/>\n<meta property=\"og:image\" content=\"https:\/\/www.correiobraziliense.com.br\/cbradar\/wp-content\/uploads\/2026\/05\/livros-4.jpg\" \/>\n\t<meta property=\"og:image:width\" content=\"1280\" \/>\n\t<meta property=\"og:image:height\" content=\"720\" \/>\n\t<meta property=\"og:image:type\" content=\"image\/jpeg\" \/>\n<meta name=\"author\" content=\"Daniely Cardoso\" \/>\n<meta name=\"twitter:card\" content=\"summary_large_image\" \/>\n<meta name=\"twitter:label1\" content=\"Escrito por\" \/>\n\t<meta name=\"twitter:data1\" content=\"Daniely Cardoso\" \/>\n\t<meta name=\"twitter:label2\" content=\"Est. tempo de leitura\" \/>\n\t<meta name=\"twitter:data2\" content=\"5 minutos\" \/>\n<!-- \/ Yoast SEO plugin. -->","yoast_head_json":{"title":"Livros que fazem adolescentes voltar a gostar de ler sem sentir que est\u00e3o estudando - Correio Braziliense - Radar","description":"Hist\u00f3rias envolventes e atuais que ajudam jovens a criar o h\u00e1bito da leitura de forma leve, prazerosa e conectada com a realidade.","robots":{"index":"index","follow":"follow","max-snippet":"max-snippet:-1","max-image-preview":"max-image-preview:large","max-video-preview":"max-video-preview:-1"},"canonical":"https:\/\/www.correiobraziliense.com.br\/cbradar\/livros-que-fazem-adolescentes-voltar-a-gostar-de-ler-sem-sentir-que-estao-estudando\/","og_locale":"pt_BR","og_type":"article","og_title":"Livros que fazem adolescentes voltar a gostar de ler sem sentir que est\u00e3o estudando - Correio Braziliense - Radar","og_description":"Hist\u00f3rias envolventes e atuais que ajudam jovens a criar o h\u00e1bito da leitura de forma leve, prazerosa e conectada com a realidade.","og_url":"https:\/\/www.correiobraziliense.com.br\/cbradar\/livros-que-fazem-adolescentes-voltar-a-gostar-de-ler-sem-sentir-que-estao-estudando\/","og_site_name":"Correio Braziliense - Radar","article_published_time":"2026-05-03T10:05:00+00:00","og_image":[{"width":1280,"height":720,"url":"https:\/\/www.correiobraziliense.com.br\/cbradar\/wp-content\/uploads\/2026\/05\/livros-4.jpg","type":"image\/jpeg"}],"author":"Daniely Cardoso","twitter_card":"summary_large_image","twitter_misc":{"Escrito por":"Daniely Cardoso","Est. tempo de leitura":"5 minutos"},"schema":{"@context":"https:\/\/schema.org","@graph":[{"@type":"WebPage","@id":"https:\/\/www.correiobraziliense.com.br\/cbradar\/livros-que-fazem-adolescentes-voltar-a-gostar-de-ler-sem-sentir-que-estao-estudando\/","url":"https:\/\/www.correiobraziliense.com.br\/cbradar\/livros-que-fazem-adolescentes-voltar-a-gostar-de-ler-sem-sentir-que-estao-estudando\/","name":"Livros que fazem adolescentes voltar a gostar de ler sem sentir que est\u00e3o estudando - Correio Braziliense - Radar","isPartOf":{"@id":"https:\/\/www.correiobraziliense.com.br\/cbradar\/#website"},"primaryImageOfPage":{"@id":"https:\/\/www.correiobraziliense.com.br\/cbradar\/livros-que-fazem-adolescentes-voltar-a-gostar-de-ler-sem-sentir-que-estao-estudando\/#primaryimage"},"image":{"@id":"https:\/\/www.correiobraziliense.com.br\/cbradar\/livros-que-fazem-adolescentes-voltar-a-gostar-de-ler-sem-sentir-que-estao-estudando\/#primaryimage"},"thumbnailUrl":"https:\/\/www.correiobraziliense.com.br\/cbradar\/wp-content\/uploads\/2026\/05\/livros-4.jpg","datePublished":"2026-05-03T10:05:00+00:00","author":{"@id":"https:\/\/www.correiobraziliense.com.br\/cbradar\/#\/schema\/person\/7356666e12ec0ee53f348ee5db227032"},"description":"Hist\u00f3rias envolventes e atuais que ajudam jovens a criar o h\u00e1bito da leitura de forma leve, prazerosa e conectada com a realidade.","breadcrumb":{"@id":"https:\/\/www.correiobraziliense.com.br\/cbradar\/livros-que-fazem-adolescentes-voltar-a-gostar-de-ler-sem-sentir-que-estao-estudando\/#breadcrumb"},"inLanguage":"pt-BR","potentialAction":[{"@type":"ReadAction","target":["https:\/\/www.correiobraziliense.com.br\/cbradar\/livros-que-fazem-adolescentes-voltar-a-gostar-de-ler-sem-sentir-que-estao-estudando\/"]}]},{"@type":"ImageObject","inLanguage":"pt-BR","@id":"https:\/\/www.correiobraziliense.com.br\/cbradar\/livros-que-fazem-adolescentes-voltar-a-gostar-de-ler-sem-sentir-que-estao-estudando\/#primaryimage","url":"https:\/\/www.correiobraziliense.com.br\/cbradar\/wp-content\/uploads\/2026\/05\/livros-4.jpg","contentUrl":"https:\/\/www.correiobraziliense.com.br\/cbradar\/wp-content\/uploads\/2026\/05\/livros-4.jpg","width":1280,"height":720,"caption":"O engajamento liter\u00e1rio na adolesc\u00eancia depende diretamente da capacidade da obra em espelhar conflitos reais e emo\u00e7\u00f5es intensas"},{"@type":"BreadcrumbList","@id":"https:\/\/www.correiobraziliense.com.br\/cbradar\/livros-que-fazem-adolescentes-voltar-a-gostar-de-ler-sem-sentir-que-estao-estudando\/#breadcrumb","itemListElement":[{"@type":"ListItem","position":1,"name":"In\u00edcio","item":"https:\/\/www.correiobraziliense.com.br\/cbradar\/"},{"@type":"ListItem","position":2,"name":"Livros que fazem adolescentes voltar a gostar de ler sem sentir que est\u00e3o estudando"}]},{"@type":"WebSite","@id":"https:\/\/www.correiobraziliense.com.br\/cbradar\/#website","url":"https:\/\/www.correiobraziliense.com.br\/cbradar\/","name":"Correio Braziliense - Radar","description":"Acompanhe as \u00faltimas not\u00edcias e fique bem informado sobre tudo o que acontece no Brasil e no mundo.","potentialAction":[{"@type":"SearchAction","target":{"@type":"EntryPoint","urlTemplate":"https:\/\/www.correiobraziliense.com.br\/cbradar\/?s={search_term_string}"},"query-input":{"@type":"PropertyValueSpecification","valueRequired":true,"valueName":"search_term_string"}}],"inLanguage":"pt-BR"},{"@type":"Person","@id":"https:\/\/www.correiobraziliense.com.br\/cbradar\/#\/schema\/person\/7356666e12ec0ee53f348ee5db227032","name":"Daniely Cardoso","image":{"@type":"ImageObject","inLanguage":"pt-BR","@id":"https:\/\/www.correiobraziliense.com.br\/cbradar\/#\/schema\/person\/image\/","url":"https:\/\/secure.gravatar.com\/avatar\/4b80ddbd124d1f071b626d52d62e5dff?s=96&d=mm&r=g","contentUrl":"https:\/\/secure.gravatar.com\/avatar\/4b80ddbd124d1f071b626d52d62e5dff?s=96&d=mm&r=g","caption":"Daniely Cardoso"},"description":"Redatora nos portais CB Radar e EM Foco, formada pela Universidade Federal de Goi\u00e1s, em Goi\u00e2nia. Apaixonada por comunica\u00e7\u00e3o, arte, decora\u00e7\u00e3o e tend\u00eancias, atuo na produ\u00e7\u00e3o de conte\u00fados envolventes sobre curiosidades, moda, beleza e paisagismo, sempre com um olhar atento \u00e0s novidades do momento.","sameAs":["https:\/\/www.correiobraziliense.com.br\/cbradar"],"url":"https:\/\/www.correiobraziliense.com.br\/cbradar\/author\/danielymyth\/"}]}},"_links":{"self":[{"href":"https:\/\/www.correiobraziliense.com.br\/cbradar\/wp-json\/wp\/v2\/posts\/235953","targetHints":{"allow":["GET"]}}],"collection":[{"href":"https:\/\/www.correiobraziliense.com.br\/cbradar\/wp-json\/wp\/v2\/posts"}],"about":[{"href":"https:\/\/www.correiobraziliense.com.br\/cbradar\/wp-json\/wp\/v2\/types\/post"}],"author":[{"embeddable":true,"href":"https:\/\/www.correiobraziliense.com.br\/cbradar\/wp-json\/wp\/v2\/users\/9"}],"replies":[{"embeddable":true,"href":"https:\/\/www.correiobraziliense.com.br\/cbradar\/wp-json\/wp\/v2\/comments?post=235953"}],"version-history":[{"count":2,"href":"https:\/\/www.correiobraziliense.com.br\/cbradar\/wp-json\/wp\/v2\/posts\/235953\/revisions"}],"predecessor-version":[{"id":235977,"href":"https:\/\/www.correiobraziliense.com.br\/cbradar\/wp-json\/wp\/v2\/posts\/235953\/revisions\/235977"}],"wp:featuredmedia":[{"embeddable":true,"href":"https:\/\/www.correiobraziliense.com.br\/cbradar\/wp-json\/wp\/v2\/media\/235973"}],"wp:attachment":[{"href":"https:\/\/www.correiobraziliense.com.br\/cbradar\/wp-json\/wp\/v2\/media?parent=235953"}],"wp:term":[{"taxonomy":"category","embeddable":true,"href":"https:\/\/www.correiobraziliense.com.br\/cbradar\/wp-json\/wp\/v2\/categories?post=235953"},{"taxonomy":"post_tag","embeddable":true,"href":"https:\/\/www.correiobraziliense.com.br\/cbradar\/wp-json\/wp\/v2\/tags?post=235953"}],"curies":[{"name":"wp","href":"https:\/\/api.w.org\/{rel}","templated":true}]}}