{"id":235981,"date":"2026-05-03T09:45:00","date_gmt":"2026-05-03T12:45:00","guid":{"rendered":"https:\/\/www.correiobraziliense.com.br\/cbradar\/?p=235981"},"modified":"2026-05-02T11:54:29","modified_gmt":"2026-05-02T14:54:29","slug":"estudos-indicam-que-pessoas-vistas-como-dificeis-pela-propria-familia-nem-sempre-se-tornaram-complicadas-muitas-vezes-foram-apenas-as-primeiras-a-mudar-colocar-limites-e-parar-de-representar-um-pap","status":"publish","type":"post","link":"https:\/\/www.correiobraziliense.com.br\/cbradar\/estudos-indicam-que-pessoas-vistas-como-dificeis-pela-propria-familia-nem-sempre-se-tornaram-complicadas-muitas-vezes-foram-apenas-as-primeiras-a-mudar-colocar-limites-e-parar-de-representar-um-pap\/","title":{"rendered":"Estudos indicam que pessoas vistas como dif\u00edceis pela pr\u00f3pria fam\u00edlia nem sempre se tornaram complicadas. Muitas vezes, foram apenas as primeiras a mudar, colocar limites e parar de representar um papel que j\u00e1 n\u00e3o cabia"},"content":{"rendered":"\n<p>Romper com din\u00e2micas familiares antigas exige uma coragem imensa para enfrentar o desconforto do desconhecido constante. Quando algu\u00e9m decide estabelecer limites claros, o sistema ao redor pode reagir com resist\u00eancia ou julgamentos severos e dolorosos. Esse processo de transforma\u00e7\u00e3o individual busca apenas a preserva\u00e7\u00e3o da sa\u00fade mental e o respeito pela pr\u00f3pria identidade em cada fase da vida.<\/p>\n\n\n\n<h2 class=\"wp-block-heading\">Como o r\u00f3tulo de pessoa dif\u00edcil surge na conviv\u00eancia?<\/h2>\n\n\n\n<p>O ambiente familiar costuma atribuir pap\u00e9is espec\u00edficos para manter a estabilidade emocional de todos os seus integrantes. Quando um indiv\u00edduo resolve questionar comportamentos prejudiciais ou interromper ciclos de sil\u00eancio, o grupo percebe essa mudan\u00e7a como uma amea\u00e7a direta. O r\u00f3tulo negativo serve como uma ferramenta social para tentar restaurar a ordem anterior e desencorajar qualquer transforma\u00e7\u00e3o interna.<\/p>\n\n\n\n<p>A resist\u00eancia familiar acontece porque as pessoas est\u00e3o acostumadas com rea\u00e7\u00f5es previs\u00edveis que garantem o conforto coletivo antigo. Romper com essas expectativas gera um desequil\u00edbrio moment\u00e2neo que muitos interpretam erroneamente como falta de considera\u00e7\u00e3o ou ego\u00edsmo deliberado. Manter a pr\u00f3pria verdade diante de cr\u00edticas exige uma for\u00e7a psicol\u00f3gica imensa para suportar o afastamento tempor\u00e1rio de pessoas queridas.<\/p>\n\n\n\n<figure class=\"wp-block-image size-full\"><img decoding=\"async\" width=\"1280\" height=\"720\" src=\"https:\/\/www.correiobraziliense.com.br\/cbradar\/wp-content\/uploads\/2026\/05\/Gemini_Generated_Image_h3v100h3v100h3v1-1-1.png\" alt=\"Estudos indicam que pessoas vistas como dif\u00edceis pela pr\u00f3pria fam\u00edlia nem sempre se tornaram complicadas. Muitas vezes, foram apenas as primeiras a mudar, colocar limites e parar de representar um papel que j\u00e1 n\u00e3o cabia\" class=\"wp-image-235989\" srcset=\"https:\/\/www.correiobraziliense.com.br\/cbradar\/wp-content\/uploads\/2026\/05\/Gemini_Generated_Image_h3v100h3v100h3v1-1-1.png 1280w, https:\/\/www.correiobraziliense.com.br\/cbradar\/wp-content\/uploads\/2026\/05\/Gemini_Generated_Image_h3v100h3v100h3v1-1-1-300x169.png 300w, https:\/\/www.correiobraziliense.com.br\/cbradar\/wp-content\/uploads\/2026\/05\/Gemini_Generated_Image_h3v100h3v100h3v1-1-1-768x432.png 768w, https:\/\/www.correiobraziliense.com.br\/cbradar\/wp-content\/uploads\/2026\/05\/Gemini_Generated_Image_h3v100h3v100h3v1-1-1-750x422.png 750w, https:\/\/www.correiobraziliense.com.br\/cbradar\/wp-content\/uploads\/2026\/05\/Gemini_Generated_Image_h3v100h3v100h3v1-1-1-1140x641.png 1140w\" sizes=\"(max-width: 1280px) 100vw, 1280px\" \/><figcaption class=\"wp-element-caption\">Impor limites na fam\u00edlia pode gerar conflitos, mas fortalece a sa\u00fade emocional<\/figcaption><\/figure>\n\n\n\n<h2 class=\"wp-block-heading\">Qual \u00e9 a import\u00e2ncia de estabelecer limites saud\u00e1veis?<\/h2>\n\n\n\n<p>Definir o que \u00e9 aceit\u00e1vel em uma rela\u00e7\u00e3o evita o ac\u00famulo de m\u00e1goas e ressentimentos que destroem o afeto. Os limites funcionam como prote\u00e7\u00f5es para a sa\u00fade emocional, garantindo que o indiv\u00edduo n\u00e3o se anule em prol dos desejos alheios. Ter a capacidade de dizer n\u00e3o com firmeza \u00e9 um ato de profundo autoamor e respeito pela pr\u00f3pria hist\u00f3ria pessoal.<\/p>\n\n\n\n<p>Sem barreiras claras, a conviv\u00eancia torna-se um campo f\u00e9rtil para manipula\u00e7\u00f5es emocionais que desgastam a energia vital diariamente. Quando as pessoas compreendem seu valor, elas deixam de aceitar migalhas de aten\u00e7\u00e3o ou comportamentos invasivos. Esse amadurecimento reflete diretamente na qualidade de todas as outras rela\u00e7\u00f5es sociais, criando um ambiente de m\u00fatua valoriza\u00e7\u00e3o e honestidade bastante necess\u00e1ria.<\/p>\n\n\n\n<h2 class=\"wp-block-heading\">Como romper com pap\u00e9is familiares impostos?<\/h2>\n\n\n\n<p>Deixar de representar um personagem criado pela fam\u00edlia exige o reconhecimento de que a identidade \u00e9 fluida e evolutiva. Muitas vezes, o indiv\u00edduo carrega pesos que n\u00e3o lhe pertencem apenas para evitar conflitos ou decep\u00e7\u00f5es alheias. Escolher a autenticidade significa libertar-se de expectativas sufocantes que impedem o crescimento e a realiza\u00e7\u00e3o de sonhos genu\u00ednos e muito importantes.<\/p>\n\n\n\n<p>Algumas estrat\u00e9gias ajudam a trilhar esse caminho com equil\u00edbrio:<\/p>\n\n\n\n<ul class=\"wp-block-list\">\n<li>Reconhecer sentimentos de culpa excessiva.<\/li>\n\n\n\n<li>Comunicar necessidades de forma clara e calma.<\/li>\n\n\n\n<li>Buscar apoio fora do c\u00edrculo familiar imediato.<\/li>\n\n\n\n<li>Respeitar o pr\u00f3prio tempo de amadurecimento interno.<\/li>\n<\/ul>\n\n\n\n<h2 class=\"wp-block-heading\">Por que a mudan\u00e7a individual gera desconforto alheio?<\/h2>\n\n\n\n<p>Quando um integrante do sistema muda, todos os outros s\u00e3o for\u00e7ados a reavaliar suas pr\u00f3prias atitudes e posi\u00e7\u00f5es. O desconforto surge da quebra de padr\u00f5es autom\u00e1ticos que antes funcionavam sem questionamentos profundos ou crises. Essa movimenta\u00e7\u00e3o interna obriga o grupo a olhar para suas falhas, o que pode ser uma experi\u00eancia assustadora para quem prefere a estagna\u00e7\u00e3o emocional.<\/p>\n\n\n\n<p>A evolu\u00e7\u00e3o de uma pessoa serve como um espelho que reflete as inseguran\u00e7as e as acomoda\u00e7\u00f5es dos demais. Aqueles que n\u00e3o est\u00e3o prontos para crescer tendem a projetar suas frustra\u00e7\u00f5es na pessoa que decidiu evoluir primeiro. \u00c9 fundamental compreender que a rea\u00e7\u00e3o negativa do outro fala mais sobre as limita\u00e7\u00f5es dele do que sobre a qualidade da sua nova postura.<\/p>\n\n\n\n<figure class=\"wp-block-image size-full\"><img decoding=\"async\" width=\"1280\" height=\"720\" src=\"https:\/\/www.correiobraziliense.com.br\/cbradar\/wp-content\/uploads\/2026\/05\/Gemini_Generated_Image_3q33wc3q33wc3q33-1-1.png\" alt=\"Estudos indicam que pessoas vistas como dif\u00edceis pela pr\u00f3pria fam\u00edlia nem sempre se tornaram complicadas. Muitas vezes, foram apenas as primeiras a mudar, colocar limites e parar de representar um papel que j\u00e1 n\u00e3o cabia\" class=\"wp-image-235991\" srcset=\"https:\/\/www.correiobraziliense.com.br\/cbradar\/wp-content\/uploads\/2026\/05\/Gemini_Generated_Image_3q33wc3q33wc3q33-1-1.png 1280w, https:\/\/www.correiobraziliense.com.br\/cbradar\/wp-content\/uploads\/2026\/05\/Gemini_Generated_Image_3q33wc3q33wc3q33-1-1-300x169.png 300w, https:\/\/www.correiobraziliense.com.br\/cbradar\/wp-content\/uploads\/2026\/05\/Gemini_Generated_Image_3q33wc3q33wc3q33-1-1-768x432.png 768w, https:\/\/www.correiobraziliense.com.br\/cbradar\/wp-content\/uploads\/2026\/05\/Gemini_Generated_Image_3q33wc3q33wc3q33-1-1-750x422.png 750w, https:\/\/www.correiobraziliense.com.br\/cbradar\/wp-content\/uploads\/2026\/05\/Gemini_Generated_Image_3q33wc3q33wc3q33-1-1-1140x641.png 1140w\" sizes=\"(max-width: 1280px) 100vw, 1280px\" \/><figcaption class=\"wp-element-caption\">Impor limites na fam\u00edlia pode gerar conflitos, mas fortalece a sa\u00fade emocional<\/figcaption><\/figure>\n\n\n\n<p>Leia tamb\u00e9m: <a href=\"https:\/\/www.correiobraziliense.com.br\/cbradar\/de-acordo-com-a-psicologia-os-homens-que-sao-genuinamente-profundamente-infelizes-na-faixa-dos-40-e-50-anos-raramente-parecem-infelizes-do-lado-de-fora\/\" target=\"_blank\" rel=\"noreferrer noopener\">De acordo com a psicologia, os homens que s\u00e3o genuinamente profundamente infelizes na faixa dos 40 e 50 anos raramente parecem infelizes do lado de fora<\/a><\/p>\n\n\n\n<h2 class=\"wp-block-heading\">Qual a import\u00e2ncia da autenticidade na sa\u00fade emocional?<\/h2>\n\n\n\n<p>Viver em conformidade com os pr\u00f3prios valores reduz drasticamente os n\u00edveis de ansiedade e estresse cr\u00f4nico acumulados. Quando as m\u00e1scaras sociais s\u00e3o deixadas de lado, a mente encontra espa\u00e7o para o relaxamento verdadeiro e para a alegria genu\u00edna. Essa integridade pessoal \u00e9 o alicerce para uma exist\u00eancia plena, onde as escolhas s\u00e3o baseadas na consci\u00eancia e no respeito m\u00fatuo constante.<\/p>\n\n\n\n<p>A busca pela preserva\u00e7\u00e3o do equil\u00edbrio ps\u00edquico envolve aceitar que nem todos compreender\u00e3o a necessidade de mudan\u00e7as profundas e necess\u00e1rias. Institui\u00e7\u00f5es como a <strong><a href=\"https:\/\/www.apa.org\/topics\/marriage-relationships\/healthy-relationships\" target=\"_blank\" rel=\"noreferrer noopener\">American Psychological Association<\/a><\/strong> enfatizam que estabelecer limites \u00e9 essencial para prevenir o esgotamento mental e fortalecer as conex\u00f5es humanas. Priorizar a pr\u00f3pria sa\u00fade \u00e9 o primeiro passo para construir rela\u00e7\u00f5es mais saud\u00e1veis e transparentes no futuro.<\/p>\n","protected":false},"excerpt":{"rendered":"<p>Romper com din\u00e2micas familiares antigas exige uma coragem imensa para enfrentar o desconforto do desconhecido constante. Quando algu\u00e9m decide estabelecer limites claros, o sistema ao redor pode reagir com resist\u00eancia ou julgamentos severos e dolorosos. Esse processo de transforma\u00e7\u00e3o individual busca apenas a preserva\u00e7\u00e3o da sa\u00fade mental e o respeito pela pr\u00f3pria identidade em cada [&hellip;]<\/p>\n","protected":false},"author":21,"featured_media":235985,"comment_status":"open","ping_status":"open","sticky":false,"template":"","format":"standard","meta":{"_yoast_wpseo_focuskw":"limites familiares","_yoast_wpseo_title":"","_yoast_wpseo_metadesc":"Mudan\u00e7as pessoais dentro da fam\u00edlia podem gerar conflitos e julgamentos que revelam desafios invis\u00edveis na busca por equil\u00edbrio emocional","jnews-multi-image_gallery":[],"jnews_single_post":{"format":"standard"},"jnews_primary_category":[],"jnews_social_meta":[],"jnews_override_counter":[],"footnotes":""},"categories":[112],"tags":[206,4577,12229,404],"class_list":["post-235981","post","type-post","status-publish","format-standard","has-post-thumbnail","hentry","category-curiosidades","tag-familia","tag-mudanca","tag-pessoas-dificeis","tag-psicologia"],"yoast_head":"<!-- This site is optimized with the Yoast SEO plugin v24.6 - https:\/\/yoast.com\/wordpress\/plugins\/seo\/ -->\n<title>Estudos indicam que pessoas vistas como dif\u00edceis pela pr\u00f3pria fam\u00edlia nem sempre se tornaram complicadas. Muitas vezes, foram apenas as primeiras a mudar, colocar limites e parar de representar um papel que j\u00e1 n\u00e3o cabia - Correio Braziliense - Radar<\/title>\n<meta name=\"description\" content=\"Mudan\u00e7as pessoais dentro da fam\u00edlia podem gerar conflitos e julgamentos que revelam desafios invis\u00edveis na busca por equil\u00edbrio emocional\" \/>\n<meta name=\"robots\" content=\"index, follow, max-snippet:-1, max-image-preview:large, max-video-preview:-1\" \/>\n<link rel=\"canonical\" href=\"https:\/\/www.correiobraziliense.com.br\/cbradar\/estudos-indicam-que-pessoas-vistas-como-dificeis-pela-propria-familia-nem-sempre-se-tornaram-complicadas-muitas-vezes-foram-apenas-as-primeiras-a-mudar-colocar-limites-e-parar-de-representar-um-pap\/\" \/>\n<meta property=\"og:locale\" content=\"pt_BR\" \/>\n<meta property=\"og:type\" content=\"article\" \/>\n<meta property=\"og:title\" content=\"Estudos indicam que pessoas vistas como dif\u00edceis pela pr\u00f3pria fam\u00edlia nem sempre se tornaram complicadas. Muitas vezes, foram apenas as primeiras a mudar, colocar limites e parar de representar um papel que j\u00e1 n\u00e3o cabia - Correio Braziliense - Radar\" \/>\n<meta property=\"og:description\" content=\"Mudan\u00e7as pessoais dentro da fam\u00edlia podem gerar conflitos e julgamentos que revelam desafios invis\u00edveis na busca por equil\u00edbrio emocional\" \/>\n<meta property=\"og:url\" content=\"https:\/\/www.correiobraziliense.com.br\/cbradar\/estudos-indicam-que-pessoas-vistas-como-dificeis-pela-propria-familia-nem-sempre-se-tornaram-complicadas-muitas-vezes-foram-apenas-as-primeiras-a-mudar-colocar-limites-e-parar-de-representar-um-pap\/\" \/>\n<meta property=\"og:site_name\" content=\"Correio Braziliense - Radar\" \/>\n<meta property=\"article:published_time\" content=\"2026-05-03T12:45:00+00:00\" \/>\n<meta property=\"og:image\" content=\"https:\/\/www.correiobraziliense.com.br\/cbradar\/wp-content\/uploads\/2026\/05\/Gemini_Generated_Image_29ep8y29ep8y29ep-1-1.png\" \/>\n\t<meta property=\"og:image:width\" content=\"1280\" \/>\n\t<meta property=\"og:image:height\" content=\"720\" \/>\n\t<meta property=\"og:image:type\" content=\"image\/png\" \/>\n<meta name=\"author\" content=\"Patrick Silva\" \/>\n<meta name=\"twitter:card\" content=\"summary_large_image\" \/>\n<meta name=\"twitter:label1\" content=\"Escrito por\" \/>\n\t<meta name=\"twitter:data1\" content=\"Patrick Silva\" \/>\n\t<meta name=\"twitter:label2\" content=\"Est. tempo de leitura\" \/>\n\t<meta name=\"twitter:data2\" content=\"5 minutos\" \/>\n<!-- \/ Yoast SEO plugin. -->","yoast_head_json":{"title":"Estudos indicam que pessoas vistas como dif\u00edceis pela pr\u00f3pria fam\u00edlia nem sempre se tornaram complicadas. Muitas vezes, foram apenas as primeiras a mudar, colocar limites e parar de representar um papel que j\u00e1 n\u00e3o cabia - Correio Braziliense - Radar","description":"Mudan\u00e7as pessoais dentro da fam\u00edlia podem gerar conflitos e julgamentos que revelam desafios invis\u00edveis na busca por equil\u00edbrio emocional","robots":{"index":"index","follow":"follow","max-snippet":"max-snippet:-1","max-image-preview":"max-image-preview:large","max-video-preview":"max-video-preview:-1"},"canonical":"https:\/\/www.correiobraziliense.com.br\/cbradar\/estudos-indicam-que-pessoas-vistas-como-dificeis-pela-propria-familia-nem-sempre-se-tornaram-complicadas-muitas-vezes-foram-apenas-as-primeiras-a-mudar-colocar-limites-e-parar-de-representar-um-pap\/","og_locale":"pt_BR","og_type":"article","og_title":"Estudos indicam que pessoas vistas como dif\u00edceis pela pr\u00f3pria fam\u00edlia nem sempre se tornaram complicadas. Muitas vezes, foram apenas as primeiras a mudar, colocar limites e parar de representar um papel que j\u00e1 n\u00e3o cabia - Correio Braziliense - Radar","og_description":"Mudan\u00e7as pessoais dentro da fam\u00edlia podem gerar conflitos e julgamentos que revelam desafios invis\u00edveis na busca por equil\u00edbrio emocional","og_url":"https:\/\/www.correiobraziliense.com.br\/cbradar\/estudos-indicam-que-pessoas-vistas-como-dificeis-pela-propria-familia-nem-sempre-se-tornaram-complicadas-muitas-vezes-foram-apenas-as-primeiras-a-mudar-colocar-limites-e-parar-de-representar-um-pap\/","og_site_name":"Correio Braziliense - Radar","article_published_time":"2026-05-03T12:45:00+00:00","og_image":[{"width":1280,"height":720,"url":"https:\/\/www.correiobraziliense.com.br\/cbradar\/wp-content\/uploads\/2026\/05\/Gemini_Generated_Image_29ep8y29ep8y29ep-1-1.png","type":"image\/png"}],"author":"Patrick Silva","twitter_card":"summary_large_image","twitter_misc":{"Escrito por":"Patrick Silva","Est. tempo de leitura":"5 minutos"},"schema":{"@context":"https:\/\/schema.org","@graph":[{"@type":"WebPage","@id":"https:\/\/www.correiobraziliense.com.br\/cbradar\/estudos-indicam-que-pessoas-vistas-como-dificeis-pela-propria-familia-nem-sempre-se-tornaram-complicadas-muitas-vezes-foram-apenas-as-primeiras-a-mudar-colocar-limites-e-parar-de-representar-um-pap\/","url":"https:\/\/www.correiobraziliense.com.br\/cbradar\/estudos-indicam-que-pessoas-vistas-como-dificeis-pela-propria-familia-nem-sempre-se-tornaram-complicadas-muitas-vezes-foram-apenas-as-primeiras-a-mudar-colocar-limites-e-parar-de-representar-um-pap\/","name":"Estudos indicam que pessoas vistas como dif\u00edceis pela pr\u00f3pria fam\u00edlia nem sempre se tornaram complicadas. Muitas vezes, foram apenas as primeiras a mudar, colocar limites e parar de representar um papel que j\u00e1 n\u00e3o cabia - Correio Braziliense - Radar","isPartOf":{"@id":"https:\/\/www.correiobraziliense.com.br\/cbradar\/#website"},"primaryImageOfPage":{"@id":"https:\/\/www.correiobraziliense.com.br\/cbradar\/estudos-indicam-que-pessoas-vistas-como-dificeis-pela-propria-familia-nem-sempre-se-tornaram-complicadas-muitas-vezes-foram-apenas-as-primeiras-a-mudar-colocar-limites-e-parar-de-representar-um-pap\/#primaryimage"},"image":{"@id":"https:\/\/www.correiobraziliense.com.br\/cbradar\/estudos-indicam-que-pessoas-vistas-como-dificeis-pela-propria-familia-nem-sempre-se-tornaram-complicadas-muitas-vezes-foram-apenas-as-primeiras-a-mudar-colocar-limites-e-parar-de-representar-um-pap\/#primaryimage"},"thumbnailUrl":"https:\/\/www.correiobraziliense.com.br\/cbradar\/wp-content\/uploads\/2026\/05\/Gemini_Generated_Image_29ep8y29ep8y29ep-1-1.png","datePublished":"2026-05-03T12:45:00+00:00","author":{"@id":"https:\/\/www.correiobraziliense.com.br\/cbradar\/#\/schema\/person\/5440b72be9c7eb74f446c846479dc4da"},"description":"Mudan\u00e7as pessoais dentro da fam\u00edlia podem gerar conflitos e julgamentos que revelam desafios invis\u00edveis na busca por equil\u00edbrio emocional","breadcrumb":{"@id":"https:\/\/www.correiobraziliense.com.br\/cbradar\/estudos-indicam-que-pessoas-vistas-como-dificeis-pela-propria-familia-nem-sempre-se-tornaram-complicadas-muitas-vezes-foram-apenas-as-primeiras-a-mudar-colocar-limites-e-parar-de-representar-um-pap\/#breadcrumb"},"inLanguage":"pt-BR","potentialAction":[{"@type":"ReadAction","target":["https:\/\/www.correiobraziliense.com.br\/cbradar\/estudos-indicam-que-pessoas-vistas-como-dificeis-pela-propria-familia-nem-sempre-se-tornaram-complicadas-muitas-vezes-foram-apenas-as-primeiras-a-mudar-colocar-limites-e-parar-de-representar-um-pap\/"]}]},{"@type":"ImageObject","inLanguage":"pt-BR","@id":"https:\/\/www.correiobraziliense.com.br\/cbradar\/estudos-indicam-que-pessoas-vistas-como-dificeis-pela-propria-familia-nem-sempre-se-tornaram-complicadas-muitas-vezes-foram-apenas-as-primeiras-a-mudar-colocar-limites-e-parar-de-representar-um-pap\/#primaryimage","url":"https:\/\/www.correiobraziliense.com.br\/cbradar\/wp-content\/uploads\/2026\/05\/Gemini_Generated_Image_29ep8y29ep8y29ep-1-1.png","contentUrl":"https:\/\/www.correiobraziliense.com.br\/cbradar\/wp-content\/uploads\/2026\/05\/Gemini_Generated_Image_29ep8y29ep8y29ep-1-1.png","width":1280,"height":720,"caption":"Impor limites na fam\u00edlia pode gerar conflitos, mas fortalece a sa\u00fade emocional"},{"@type":"BreadcrumbList","@id":"https:\/\/www.correiobraziliense.com.br\/cbradar\/estudos-indicam-que-pessoas-vistas-como-dificeis-pela-propria-familia-nem-sempre-se-tornaram-complicadas-muitas-vezes-foram-apenas-as-primeiras-a-mudar-colocar-limites-e-parar-de-representar-um-pap\/#breadcrumb","itemListElement":[{"@type":"ListItem","position":1,"name":"In\u00edcio","item":"https:\/\/www.correiobraziliense.com.br\/cbradar\/"},{"@type":"ListItem","position":2,"name":"Estudos indicam que pessoas vistas como dif\u00edceis pela pr\u00f3pria fam\u00edlia nem sempre se tornaram complicadas. Muitas vezes, foram apenas as primeiras a mudar, colocar limites e parar de representar um papel que j\u00e1 n\u00e3o cabia"}]},{"@type":"WebSite","@id":"https:\/\/www.correiobraziliense.com.br\/cbradar\/#website","url":"https:\/\/www.correiobraziliense.com.br\/cbradar\/","name":"Correio Braziliense - Radar","description":"Acompanhe as \u00faltimas not\u00edcias e fique bem informado sobre tudo o que acontece no Brasil e no mundo.","potentialAction":[{"@type":"SearchAction","target":{"@type":"EntryPoint","urlTemplate":"https:\/\/www.correiobraziliense.com.br\/cbradar\/?s={search_term_string}"},"query-input":{"@type":"PropertyValueSpecification","valueRequired":true,"valueName":"search_term_string"}}],"inLanguage":"pt-BR"},{"@type":"Person","@id":"https:\/\/www.correiobraziliense.com.br\/cbradar\/#\/schema\/person\/5440b72be9c7eb74f446c846479dc4da","name":"Patrick Silva","image":{"@type":"ImageObject","inLanguage":"pt-BR","@id":"https:\/\/www.correiobraziliense.com.br\/cbradar\/#\/schema\/person\/image\/","url":"https:\/\/secure.gravatar.com\/avatar\/944109df296fc087785c9715fd5f80b2?s=96&d=mm&r=g","contentUrl":"https:\/\/secure.gravatar.com\/avatar\/944109df296fc087785c9715fd5f80b2?s=96&d=mm&r=g","caption":"Patrick Silva"},"sameAs":["https:\/\/www.correiobraziliense.com.br\/cbradar\/"],"url":"https:\/\/www.correiobraziliense.com.br\/cbradar\/author\/patrick-silva\/"}]}},"_links":{"self":[{"href":"https:\/\/www.correiobraziliense.com.br\/cbradar\/wp-json\/wp\/v2\/posts\/235981","targetHints":{"allow":["GET"]}}],"collection":[{"href":"https:\/\/www.correiobraziliense.com.br\/cbradar\/wp-json\/wp\/v2\/posts"}],"about":[{"href":"https:\/\/www.correiobraziliense.com.br\/cbradar\/wp-json\/wp\/v2\/types\/post"}],"author":[{"embeddable":true,"href":"https:\/\/www.correiobraziliense.com.br\/cbradar\/wp-json\/wp\/v2\/users\/21"}],"replies":[{"embeddable":true,"href":"https:\/\/www.correiobraziliense.com.br\/cbradar\/wp-json\/wp\/v2\/comments?post=235981"}],"version-history":[{"count":1,"href":"https:\/\/www.correiobraziliense.com.br\/cbradar\/wp-json\/wp\/v2\/posts\/235981\/revisions"}],"predecessor-version":[{"id":235992,"href":"https:\/\/www.correiobraziliense.com.br\/cbradar\/wp-json\/wp\/v2\/posts\/235981\/revisions\/235992"}],"wp:featuredmedia":[{"embeddable":true,"href":"https:\/\/www.correiobraziliense.com.br\/cbradar\/wp-json\/wp\/v2\/media\/235985"}],"wp:attachment":[{"href":"https:\/\/www.correiobraziliense.com.br\/cbradar\/wp-json\/wp\/v2\/media?parent=235981"}],"wp:term":[{"taxonomy":"category","embeddable":true,"href":"https:\/\/www.correiobraziliense.com.br\/cbradar\/wp-json\/wp\/v2\/categories?post=235981"},{"taxonomy":"post_tag","embeddable":true,"href":"https:\/\/www.correiobraziliense.com.br\/cbradar\/wp-json\/wp\/v2\/tags?post=235981"}],"curies":[{"name":"wp","href":"https:\/\/api.w.org\/{rel}","templated":true}]}}