{"id":236022,"date":"2026-05-03T08:55:00","date_gmt":"2026-05-03T11:55:00","guid":{"rendered":"https:\/\/www.correiobraziliense.com.br\/cbradar\/?p=236022"},"modified":"2026-05-02T12:41:03","modified_gmt":"2026-05-02T15:41:03","slug":"os-signos-que-vao-voltar-a-se-sentir-bonitos-confiantes-e-emocionalmente-iluminados-depois-de-tanto-peso","status":"publish","type":"post","link":"https:\/\/www.correiobraziliense.com.br\/cbradar\/os-signos-que-vao-voltar-a-se-sentir-bonitos-confiantes-e-emocionalmente-iluminados-depois-de-tanto-peso\/","title":{"rendered":"Os signos que v\u00e3o voltar a se sentir bonitos, confiantes e emocionalmente iluminados depois de tanto peso"},"content":{"rendered":"\n<p>O movimento dos astros indica que um per\u00edodo de estagna\u00e7\u00e3o est\u00e1 chegando ao fim, permitindo que certas energias voltem a fluir com leveza e clareza. Muitos indiv\u00edduos atravessaram meses de introspec\u00e7\u00e3o for\u00e7ada, mas agora as portas da <strong>autoconfian\u00e7a<\/strong> e do magnetismo pessoal come\u00e7am a se abrir novamente.<\/p>\n\n\n\n<h2 class=\"wp-block-heading\">O renascimento de Le\u00e3o atrav\u00e9s do reconhecimento interno<\/h2>\n\n\n\n<p>O signo de <strong>Le\u00e3o<\/strong> passou por um intervalo de sombras onde sua vitalidade natural parecia ofuscada por press\u00f5es externas e d\u00favidas constantes. A retomada da <strong>ilumina\u00e7\u00e3o emocional<\/strong> acontece no momento em que esses nativos decidem priorizar o autocuidado e a express\u00e3o aut\u00eantica de seus desejos profundos.<\/p>\n\n\n\n<p>Ao redescobrir o prazer nas pequenas vit\u00f3rias cotidianas, o <strong>leonino<\/strong> consegue projetar uma imagem de seguran\u00e7a que atrai novas oportunidades sociais e amorosas. Essa mudan\u00e7a de postura \u00e9 o combust\u00edvel necess\u00e1rio para que a sensa\u00e7\u00e3o de <strong>beleza interior<\/strong> reflita diretamente na forma como o mundo os percebe agora.<\/p>\n\n\n<div class=\"wp-block-image\">\n<figure class=\"aligncenter size-full\"><img decoding=\"async\" width=\"1280\" height=\"720\" src=\"https:\/\/www.correiobraziliense.com.br\/cbradar\/wp-content\/uploads\/2026\/05\/livros-12.jpg\" alt=\"\" class=\"wp-image-236048\" srcset=\"https:\/\/www.correiobraziliense.com.br\/cbradar\/wp-content\/uploads\/2026\/05\/livros-12.jpg 1280w, https:\/\/www.correiobraziliense.com.br\/cbradar\/wp-content\/uploads\/2026\/05\/livros-12-300x169.jpg 300w, https:\/\/www.correiobraziliense.com.br\/cbradar\/wp-content\/uploads\/2026\/05\/livros-12-768x432.jpg 768w, https:\/\/www.correiobraziliense.com.br\/cbradar\/wp-content\/uploads\/2026\/05\/livros-12-750x422.jpg 750w, https:\/\/www.correiobraziliense.com.br\/cbradar\/wp-content\/uploads\/2026\/05\/livros-12-1140x641.jpg 1140w\" sizes=\"(max-width: 1280px) 100vw, 1280px\" \/><figcaption class=\"wp-element-caption\">Sentir-se bem na pr\u00f3pria pele se torna a prioridade absoluta, refletindo em uma renova\u00e7\u00e3o visual <\/figcaption><\/figure><\/div>\n\n\n<p>Leia tamb\u00e9m:\u00a0<a href=\"https:\/\/www.correiobraziliense.com.br\/cbradar\/3-signos-que-nao-gostam-de-dividir-atencao-e-acabam-sendo-os-mais-ciumentos\/\" target=\"_blank\" rel=\"noreferrer noopener\">3 signos que n\u00e3o gostam de dividir aten\u00e7\u00e3o e acabam sendo os mais ciumentos<\/a><\/p>\n\n\n\n<h2 class=\"wp-block-heading\">Libra encontra o equil\u00edbrio e a paz est\u00e9tica<\/h2>\n\n\n\n<p>Para os nativos de <strong>Libra<\/strong>, o peso emocional das \u00faltimas semanas estava ligado \u00e0 dificuldade de harmonizar as rela\u00e7\u00f5es interpessoais e o amor-pr\u00f3prio. O retorno da <strong>seguran\u00e7a pessoal<\/strong> surge como um b\u00e1lsamo, trazendo uma clareza mental que permite tomar decis\u00f5es sem o peso da indecis\u00e3o cr\u00f4nica anterior.<\/p>\n\n\n\n<p>Sentir-se bem na pr\u00f3pria pele se torna a prioridade absoluta, refletindo em uma renova\u00e7\u00e3o visual e em escolhas que prezam pelo <strong>bem-estar<\/strong> f\u00edsico e mental. A est\u00e9tica equilibrada desses nativos volta a ser um ponto de destaque, facilitando a reconex\u00e3o com ambientes que antes pareciam desconfort\u00e1veis ou hostis.<\/p>\n\n\n\n<h2 class=\"wp-block-heading\">Como Escorpi\u00e3o transmuta o peso em magnetismo pessoal<\/h2>\n\n\n\n<p>O signo de <strong>Escorpi\u00e3o<\/strong> \u00e9 mestre em renascer, e ap\u00f3s um ciclo de confrontos internos, ele emerge com uma <strong>confian\u00e7a inabal\u00e1vel<\/strong> e regenerada. O foco sai das m\u00e1goas do passado e se volta para a constru\u00e7\u00e3o de uma presen\u00e7a poderosa, capaz de influenciar positivamente todos ao redor.<\/p>\n\n\n<div class=\"wp-block-image\">\n<figure class=\"aligncenter size-large\"><img decoding=\"async\" width=\"1200\" height=\"720\" src=\"https:\/\/www.correiobraziliense.com.br\/cbradar\/wp-content\/uploads\/2026\/04\/magnific_a-perfectly-balanced-scal_2893839173-1-1200x720.jpeg\" alt=\"\" class=\"wp-image-234424\" srcset=\"https:\/\/www.correiobraziliense.com.br\/cbradar\/wp-content\/uploads\/2026\/04\/magnific_a-perfectly-balanced-scal_2893839173-1-1200x720.jpeg 1200w, https:\/\/www.correiobraziliense.com.br\/cbradar\/wp-content\/uploads\/2026\/04\/magnific_a-perfectly-balanced-scal_2893839173-1-300x180.jpeg 300w, https:\/\/www.correiobraziliense.com.br\/cbradar\/wp-content\/uploads\/2026\/04\/magnific_a-perfectly-balanced-scal_2893839173-1-768x461.jpeg 768w, https:\/\/www.correiobraziliense.com.br\/cbradar\/wp-content\/uploads\/2026\/04\/magnific_a-perfectly-balanced-scal_2893839173-1-750x450.jpeg 750w, https:\/\/www.correiobraziliense.com.br\/cbradar\/wp-content\/uploads\/2026\/04\/magnific_a-perfectly-balanced-scal_2893839173-1-1140x684.jpeg 1140w, https:\/\/www.correiobraziliense.com.br\/cbradar\/wp-content\/uploads\/2026\/04\/magnific_a-perfectly-balanced-scal_2893839173-1.jpeg 1280w\" sizes=\"(max-width: 1200px) 100vw, 1200px\" \/><figcaption class=\"wp-element-caption\">O perfil de Capric\u00f3rnio \u00e9 marcado por um autocontrole rigoroso que se manifesta como uma frieza produtiva diante de obst\u00e1culos<\/figcaption><\/figure><\/div>\n\n\n<p>Essa fase de <strong>ilumina\u00e7\u00e3o emocional<\/strong> permite que o mist\u00e9rio t\u00edpico do signo seja usado de forma atraente, sem as barreiras defensivas levantadas durante o per\u00edodo de crise. \u00c9 o momento ideal para investir em projetos autorais que exigem coragem e uma pitada de ousadia para serem finalmente concretizados.<\/p>\n\n\n\n<h2 class=\"wp-block-heading\">Estrat\u00e9gias pr\u00e1ticas para sustentar o novo brilho zodiacal<\/h2>\n\n\n\n<p>Manter essa vibra\u00e7\u00e3o elevada exige aten\u00e7\u00e3o aos rituais di\u00e1rios que refor\u00e7am a <strong>identidade positiva<\/strong> e afastam pensamentos sabotadores remanescentes dos ciclos passados. A autonomia conquistada deve ser protegida com limites claros, garantindo que a energia vital n\u00e3o seja desperdi\u00e7ada em situa\u00e7\u00f5es de pouco valor agregado.<\/p>\n\n\n\n<link href=\"https:\/\/fonts.googleapis.com\/css2?family=Inter:wght@400;600;700;800&#038;display=swap\" rel=\"stylesheet\">\n<style>\n\/* Prote\u00e7\u00e3o contra inje\u00e7\u00e3o do \"Veja Tamb\u00e9m\" (JNews inline related posts) *\/\n.rdp-pontos-wrapper .jnews_inline_related_post_wrapper,\n.rdp-pontos-wrapper .jnews_inline_related_post,\n.rdp-pontos-wrapper .jeg_postblock,\n.rdp-pontos-wrapper [class*=\"jnews_inline\"],\n.rdp-pontos-wrapper [class*=\"jeg_postblock\"],\n.rdp-pontos-wrapper [class*=\"jeg_block\"] {\n  display: none !important;\n  height: 0 !important;\n  max-height: 0 !important;\n  overflow: hidden !important;\n  visibility: hidden !important;\n  margin: 0 !important;\n  padding: 0 !important;\n  border: none !important;\n  font-size: 0 !important;\n  line-height: 0 !important;\n}\n.rdp-pontos-wrapper {\n  max-width: 100%;\n  margin: 32px 0;\n  background: #F8F9FA;\n  border: 1px solid #E0E0E0;\n  border-radius: 12px;\n  padding: 28px 28px 20px;\n  font-family: 'Inter', sans-serif;\n  box-shadow: 0 4px 20px rgba(47,195,238,0.12);\n  overflow: hidden;\n  contain: layout style;\n  isolation: isolate;\n  position: relative;\n  z-index: 1;\n}\n.rdp-pontos-wrapper > *:not(.rdp-pontos-title):not(.rdp-pontos-grid) {\n  display: none !important;\n  height: 0 !important;\n  overflow: hidden !important;\n  margin: 0 !important;\n  padding: 0 !important;\n  border: none !important;\n}\n.rdp-pontos-title {\n  font-family: 'Inter', sans-serif;\n  font-size: 20px;\n  font-weight: 800;\n  color: #1A1A1A;\n  margin: 0 0 20px 0;\n  line-height: 1.3;\n  text-align: center;\n}\n.rdp-pontos-grid {\n  display: grid;\n  grid-template-columns: repeat(2, 1fr);\n  gap: 18px;\n}\n.rdp-pontos-item {\n  background: #FFFFFF;\n  border: 1px solid #E0E0E0;\n  border-top: 3px solid #2FC3EE;\n  border-radius: 10px;\n  padding: 22px 20px;\n  box-shadow: 0 2px 10px rgba(47,195,238,0.10);\n  transition: box-shadow 0.3s ease, border-color 0.3s ease;\n  text-align: center;\n}\n.rdp-pontos-item:hover {\n  box-shadow: 0 4px 20px rgba(47,195,238,0.22);\n  border-color: #2FC3EE;\n}\n.rdp-pontos-emoji {\n  font-size: 32px;\n  line-height: 1;\n  margin-bottom: 12px;\n  display: block;\n  text-align: center;\n}\n.rdp-pontos-item-title {\n  font-size: 15px;\n  font-weight: 700;\n  color: #1A1A1A;\n  margin-bottom: 8px;\n  line-height: 1.3;\n}\n.rdp-pontos-item-desc {\n  font-size: 14px;\n  color: #333333;\n  line-height: 1.6;\n  margin: 0;\n}\n@media (max-width: 768px) {\n  .rdp-pontos-wrapper {\n    padding: 20px 16px 14px;\n  }\n  .rdp-pontos-grid {\n    grid-template-columns: 1fr;\n    gap: 14px;\n  }\n  .rdp-pontos-title {\n    font-size: 18px;\n  }\n}\n<\/style>\n\n<div class=\"rdp-pontos-wrapper\">\n  <div class=\"rdp-pontos-title\">Pilares do Bem-Estar e Equil\u00edbrio<\/div>\n  <div class=\"rdp-pontos-grid\">\n    <div class=\"rdp-pontos-item\">\n      <span class=\"rdp-pontos-emoji\">\ud83e\uddd8<\/span>\n      <div class=\"rdp-pontos-item-title\">Pr\u00e1ticas de medita\u00e7\u00e3o<\/div>\n      <p class=\"rdp-pontos-item-desc\">Focadas na visualiza\u00e7\u00e3o criativa, ajudam a fixar o sentimento de merecimento e sucesso pessoal.<\/p>\n    <\/div>\n    <div class=\"rdp-pontos-item\">\n      <span class=\"rdp-pontos-emoji\">\ud83c\udfc3<\/span>\n      <div class=\"rdp-pontos-item-title\">Atividades f\u00edsicas<\/div>\n      <p class=\"rdp-pontos-item-desc\">Pr\u00e1ticas regulares liberam endorfinas que sustentam a percep\u00e7\u00e3o de vigor e jovialidade f\u00edsica durante o dia.<\/p>\n    <\/div>\n    <div class=\"rdp-pontos-item\">\n      <span class=\"rdp-pontos-emoji\">\ud83c\udfe0<\/span>\n      <div class=\"rdp-pontos-item-title\">Renova\u00e7\u00e3o do ambiente<\/div>\n      <p class=\"rdp-pontos-item-desc\">Cuidar do espa\u00e7o dom\u00e9stico elimina energias estagnadas e abre espa\u00e7o para que a criatividade flores\u00e7a.<\/p>\n    <\/div>\n    <div class=\"rdp-pontos-item\">\n      <span class=\"rdp-pontos-emoji\">\ud83c\udf33<\/span>\n      <div class=\"rdp-pontos-item-title\">Conex\u00e3o com a natureza<\/div>\n      <p class=\"rdp-pontos-item-desc\">Auxilia no aterramento das emo\u00e7\u00f5es, evitando flutua\u00e7\u00f5es bruscas de humor em momentos de transi\u00e7\u00e3o.<\/p>\n    <\/div>\n  <\/div>\n<\/div>\n<div style=\"clear:both;height:0;overflow:hidden;\"><\/div>\n\n\n\n<p>Entender que a <strong>confian\u00e7a emocional<\/strong> \u00e9 um m\u00fasculo que precisa de treino constante ajuda a evitar reca\u00eddas em padr\u00f5es de comportamento antigos e limitantes. Ao adotar uma postura de observador consciente, o jovem ou adulto consegue navegar pelas influ\u00eancias planet\u00e1rias com muito mais intelig\u00eancia e menos sofrimento desnecess\u00e1rio.<\/p>\n\n\n\n<h2 class=\"wp-block-heading\">A jornada para uma vida emocionalmente iluminada e livre<\/h2>\n\n\n\n<p>A recupera\u00e7\u00e3o do entusiasmo pela vida \u00e9 um processo que envolve aceitar as li\u00e7\u00f5es dos tempos dif\u00edceis enquanto se abra\u00e7a a <strong>nova identidade<\/strong> que surge. Quando os astros favorecem o brilho pessoal, \u00e9 fundamental n\u00e3o ter medo de ocupar espa\u00e7os e expressar talentos que ficaram guardados por muito tempo.<\/p>\n\n\n\n<p>Este ciclo de <strong>renova\u00e7\u00e3o astrol\u00f3gica<\/strong> \u00e9 apenas o come\u00e7o de uma trajet\u00f3ria mais aut\u00eantica, onde a beleza \u00e9 encarada como um reflexo da sa\u00fade espiritual. Ao caminhar com leveza, o indiv\u00edduo percebe que o peso do passado foi o adubo necess\u00e1rio para o florescimento de uma personalidade muito mais forte.<\/p>\n","protected":false},"excerpt":{"rendered":"<p>O movimento dos astros indica que um per\u00edodo de estagna\u00e7\u00e3o est\u00e1 chegando ao fim, permitindo que certas energias voltem a fluir com leveza e clareza. Muitos indiv\u00edduos atravessaram meses de introspec\u00e7\u00e3o for\u00e7ada, mas agora as portas da autoconfian\u00e7a e do magnetismo pessoal come\u00e7am a se abrir novamente. O renascimento de Le\u00e3o atrav\u00e9s do reconhecimento interno [&hellip;]<\/p>\n","protected":false},"author":9,"featured_media":230397,"comment_status":"open","ping_status":"open","sticky":false,"template":"","format":"standard","meta":{"_yoast_wpseo_focuskw":"signos do zod\u00edaco","_yoast_wpseo_title":"","_yoast_wpseo_metadesc":"Fase de renova\u00e7\u00e3o eleva autoestima e confian\u00e7a, trazendo mais leveza, magnetismo e bem-estar para alguns signos do zod\u00edaco.","jnews-multi-image_gallery":[],"jnews_single_post":{"format":"standard"},"jnews_primary_category":[],"jnews_social_meta":[],"jnews_override_counter":[],"footnotes":""},"categories":[112],"tags":[891,120,1929],"class_list":["post-236022","post","type-post","status-publish","format-standard","has-post-thumbnail","hentry","category-curiosidades","tag-astrologia","tag-bem-estar","tag-signos"],"yoast_head":"<!-- This site is optimized with the Yoast SEO plugin v24.6 - https:\/\/yoast.com\/wordpress\/plugins\/seo\/ -->\n<title>Os signos que v\u00e3o voltar a se sentir bonitos, confiantes e emocionalmente iluminados depois de tanto peso - Correio Braziliense - Radar<\/title>\n<meta name=\"description\" content=\"Fase de renova\u00e7\u00e3o eleva autoestima e confian\u00e7a, trazendo mais leveza, magnetismo e bem-estar para alguns signos do zod\u00edaco.\" \/>\n<meta name=\"robots\" content=\"index, follow, max-snippet:-1, max-image-preview:large, max-video-preview:-1\" \/>\n<link rel=\"canonical\" href=\"https:\/\/www.correiobraziliense.com.br\/cbradar\/os-signos-que-vao-voltar-a-se-sentir-bonitos-confiantes-e-emocionalmente-iluminados-depois-de-tanto-peso\/\" \/>\n<meta property=\"og:locale\" content=\"pt_BR\" \/>\n<meta property=\"og:type\" content=\"article\" \/>\n<meta property=\"og:title\" content=\"Os signos que v\u00e3o voltar a se sentir bonitos, confiantes e emocionalmente iluminados depois de tanto peso - Correio Braziliense - Radar\" \/>\n<meta property=\"og:description\" content=\"Fase de renova\u00e7\u00e3o eleva autoestima e confian\u00e7a, trazendo mais leveza, magnetismo e bem-estar para alguns signos do zod\u00edaco.\" \/>\n<meta property=\"og:url\" content=\"https:\/\/www.correiobraziliense.com.br\/cbradar\/os-signos-que-vao-voltar-a-se-sentir-bonitos-confiantes-e-emocionalmente-iluminados-depois-de-tanto-peso\/\" \/>\n<meta property=\"og:site_name\" content=\"Correio Braziliense - Radar\" \/>\n<meta property=\"article:published_time\" content=\"2026-05-03T11:55:00+00:00\" \/>\n<meta property=\"og:image\" content=\"https:\/\/www.correiobraziliense.com.br\/cbradar\/wp-content\/uploads\/2026\/04\/espontaneo-signo.jpg\" \/>\n\t<meta property=\"og:image:width\" content=\"1280\" \/>\n\t<meta property=\"og:image:height\" content=\"720\" \/>\n\t<meta property=\"og:image:type\" content=\"image\/jpeg\" \/>\n<meta name=\"author\" content=\"Daniely Cardoso\" \/>\n<meta name=\"twitter:card\" content=\"summary_large_image\" \/>\n<meta name=\"twitter:label1\" content=\"Escrito por\" \/>\n\t<meta name=\"twitter:data1\" content=\"Daniely Cardoso\" \/>\n\t<meta name=\"twitter:label2\" content=\"Est. tempo de leitura\" \/>\n\t<meta name=\"twitter:data2\" content=\"5 minutos\" \/>\n<!-- \/ Yoast SEO plugin. -->","yoast_head_json":{"title":"Os signos que v\u00e3o voltar a se sentir bonitos, confiantes e emocionalmente iluminados depois de tanto peso - Correio Braziliense - Radar","description":"Fase de renova\u00e7\u00e3o eleva autoestima e confian\u00e7a, trazendo mais leveza, magnetismo e bem-estar para alguns signos do zod\u00edaco.","robots":{"index":"index","follow":"follow","max-snippet":"max-snippet:-1","max-image-preview":"max-image-preview:large","max-video-preview":"max-video-preview:-1"},"canonical":"https:\/\/www.correiobraziliense.com.br\/cbradar\/os-signos-que-vao-voltar-a-se-sentir-bonitos-confiantes-e-emocionalmente-iluminados-depois-de-tanto-peso\/","og_locale":"pt_BR","og_type":"article","og_title":"Os signos que v\u00e3o voltar a se sentir bonitos, confiantes e emocionalmente iluminados depois de tanto peso - Correio Braziliense - Radar","og_description":"Fase de renova\u00e7\u00e3o eleva autoestima e confian\u00e7a, trazendo mais leveza, magnetismo e bem-estar para alguns signos do zod\u00edaco.","og_url":"https:\/\/www.correiobraziliense.com.br\/cbradar\/os-signos-que-vao-voltar-a-se-sentir-bonitos-confiantes-e-emocionalmente-iluminados-depois-de-tanto-peso\/","og_site_name":"Correio Braziliense - Radar","article_published_time":"2026-05-03T11:55:00+00:00","og_image":[{"width":1280,"height":720,"url":"https:\/\/www.correiobraziliense.com.br\/cbradar\/wp-content\/uploads\/2026\/04\/espontaneo-signo.jpg","type":"image\/jpeg"}],"author":"Daniely Cardoso","twitter_card":"summary_large_image","twitter_misc":{"Escrito por":"Daniely Cardoso","Est. tempo de leitura":"5 minutos"},"schema":{"@context":"https:\/\/schema.org","@graph":[{"@type":"WebPage","@id":"https:\/\/www.correiobraziliense.com.br\/cbradar\/os-signos-que-vao-voltar-a-se-sentir-bonitos-confiantes-e-emocionalmente-iluminados-depois-de-tanto-peso\/","url":"https:\/\/www.correiobraziliense.com.br\/cbradar\/os-signos-que-vao-voltar-a-se-sentir-bonitos-confiantes-e-emocionalmente-iluminados-depois-de-tanto-peso\/","name":"Os signos que v\u00e3o voltar a se sentir bonitos, confiantes e emocionalmente iluminados depois de tanto peso - Correio Braziliense - Radar","isPartOf":{"@id":"https:\/\/www.correiobraziliense.com.br\/cbradar\/#website"},"primaryImageOfPage":{"@id":"https:\/\/www.correiobraziliense.com.br\/cbradar\/os-signos-que-vao-voltar-a-se-sentir-bonitos-confiantes-e-emocionalmente-iluminados-depois-de-tanto-peso\/#primaryimage"},"image":{"@id":"https:\/\/www.correiobraziliense.com.br\/cbradar\/os-signos-que-vao-voltar-a-se-sentir-bonitos-confiantes-e-emocionalmente-iluminados-depois-de-tanto-peso\/#primaryimage"},"thumbnailUrl":"https:\/\/www.correiobraziliense.com.br\/cbradar\/wp-content\/uploads\/2026\/04\/espontaneo-signo.jpg","datePublished":"2026-05-03T11:55:00+00:00","author":{"@id":"https:\/\/www.correiobraziliense.com.br\/cbradar\/#\/schema\/person\/7356666e12ec0ee53f348ee5db227032"},"description":"Fase de renova\u00e7\u00e3o eleva autoestima e confian\u00e7a, trazendo mais leveza, magnetismo e bem-estar para alguns signos do zod\u00edaco.","breadcrumb":{"@id":"https:\/\/www.correiobraziliense.com.br\/cbradar\/os-signos-que-vao-voltar-a-se-sentir-bonitos-confiantes-e-emocionalmente-iluminados-depois-de-tanto-peso\/#breadcrumb"},"inLanguage":"pt-BR","potentialAction":[{"@type":"ReadAction","target":["https:\/\/www.correiobraziliense.com.br\/cbradar\/os-signos-que-vao-voltar-a-se-sentir-bonitos-confiantes-e-emocionalmente-iluminados-depois-de-tanto-peso\/"]}]},{"@type":"ImageObject","inLanguage":"pt-BR","@id":"https:\/\/www.correiobraziliense.com.br\/cbradar\/os-signos-que-vao-voltar-a-se-sentir-bonitos-confiantes-e-emocionalmente-iluminados-depois-de-tanto-peso\/#primaryimage","url":"https:\/\/www.correiobraziliense.com.br\/cbradar\/wp-content\/uploads\/2026\/04\/espontaneo-signo.jpg","contentUrl":"https:\/\/www.correiobraziliense.com.br\/cbradar\/wp-content\/uploads\/2026\/04\/espontaneo-signo.jpg","width":1280,"height":720,"caption":"Entender a din\u00e2mica desses signos ajuda a n\u00e3o levar as palavras para o lado pessoal e a aproveitar o feedback honesto"},{"@type":"BreadcrumbList","@id":"https:\/\/www.correiobraziliense.com.br\/cbradar\/os-signos-que-vao-voltar-a-se-sentir-bonitos-confiantes-e-emocionalmente-iluminados-depois-de-tanto-peso\/#breadcrumb","itemListElement":[{"@type":"ListItem","position":1,"name":"In\u00edcio","item":"https:\/\/www.correiobraziliense.com.br\/cbradar\/"},{"@type":"ListItem","position":2,"name":"Os signos que v\u00e3o voltar a se sentir bonitos, confiantes e emocionalmente iluminados depois de tanto peso"}]},{"@type":"WebSite","@id":"https:\/\/www.correiobraziliense.com.br\/cbradar\/#website","url":"https:\/\/www.correiobraziliense.com.br\/cbradar\/","name":"Correio Braziliense - Radar","description":"Acompanhe as \u00faltimas not\u00edcias e fique bem informado sobre tudo o que acontece no Brasil e no mundo.","potentialAction":[{"@type":"SearchAction","target":{"@type":"EntryPoint","urlTemplate":"https:\/\/www.correiobraziliense.com.br\/cbradar\/?s={search_term_string}"},"query-input":{"@type":"PropertyValueSpecification","valueRequired":true,"valueName":"search_term_string"}}],"inLanguage":"pt-BR"},{"@type":"Person","@id":"https:\/\/www.correiobraziliense.com.br\/cbradar\/#\/schema\/person\/7356666e12ec0ee53f348ee5db227032","name":"Daniely Cardoso","image":{"@type":"ImageObject","inLanguage":"pt-BR","@id":"https:\/\/www.correiobraziliense.com.br\/cbradar\/#\/schema\/person\/image\/","url":"https:\/\/secure.gravatar.com\/avatar\/4b80ddbd124d1f071b626d52d62e5dff?s=96&d=mm&r=g","contentUrl":"https:\/\/secure.gravatar.com\/avatar\/4b80ddbd124d1f071b626d52d62e5dff?s=96&d=mm&r=g","caption":"Daniely Cardoso"},"description":"Redatora nos portais CB Radar e EM Foco, formada pela Universidade Federal de Goi\u00e1s, em Goi\u00e2nia. Apaixonada por comunica\u00e7\u00e3o, arte, decora\u00e7\u00e3o e tend\u00eancias, atuo na produ\u00e7\u00e3o de conte\u00fados envolventes sobre curiosidades, moda, beleza e paisagismo, sempre com um olhar atento \u00e0s novidades do momento.","sameAs":["https:\/\/www.correiobraziliense.com.br\/cbradar"],"url":"https:\/\/www.correiobraziliense.com.br\/cbradar\/author\/danielymyth\/"}]}},"_links":{"self":[{"href":"https:\/\/www.correiobraziliense.com.br\/cbradar\/wp-json\/wp\/v2\/posts\/236022","targetHints":{"allow":["GET"]}}],"collection":[{"href":"https:\/\/www.correiobraziliense.com.br\/cbradar\/wp-json\/wp\/v2\/posts"}],"about":[{"href":"https:\/\/www.correiobraziliense.com.br\/cbradar\/wp-json\/wp\/v2\/types\/post"}],"author":[{"embeddable":true,"href":"https:\/\/www.correiobraziliense.com.br\/cbradar\/wp-json\/wp\/v2\/users\/9"}],"replies":[{"embeddable":true,"href":"https:\/\/www.correiobraziliense.com.br\/cbradar\/wp-json\/wp\/v2\/comments?post=236022"}],"version-history":[{"count":1,"href":"https:\/\/www.correiobraziliense.com.br\/cbradar\/wp-json\/wp\/v2\/posts\/236022\/revisions"}],"predecessor-version":[{"id":236049,"href":"https:\/\/www.correiobraziliense.com.br\/cbradar\/wp-json\/wp\/v2\/posts\/236022\/revisions\/236049"}],"wp:featuredmedia":[{"embeddable":true,"href":"https:\/\/www.correiobraziliense.com.br\/cbradar\/wp-json\/wp\/v2\/media\/230397"}],"wp:attachment":[{"href":"https:\/\/www.correiobraziliense.com.br\/cbradar\/wp-json\/wp\/v2\/media?parent=236022"}],"wp:term":[{"taxonomy":"category","embeddable":true,"href":"https:\/\/www.correiobraziliense.com.br\/cbradar\/wp-json\/wp\/v2\/categories?post=236022"},{"taxonomy":"post_tag","embeddable":true,"href":"https:\/\/www.correiobraziliense.com.br\/cbradar\/wp-json\/wp\/v2\/tags?post=236022"}],"curies":[{"name":"wp","href":"https:\/\/api.w.org\/{rel}","templated":true}]}}