{"id":236025,"date":"2026-05-03T06:55:00","date_gmt":"2026-05-03T09:55:00","guid":{"rendered":"https:\/\/www.correiobraziliense.com.br\/cbradar\/?p=236025"},"modified":"2026-05-02T17:15:47","modified_gmt":"2026-05-02T20:15:47","slug":"este-treino-com-4-movimentos-de-faixa-elastica-para-quem-passou-dos-60-ajuda-a-abrir-os-ombros-e-recuperar-forca-para-tarefas-do-dia-a-dia","status":"publish","type":"post","link":"https:\/\/www.correiobraziliense.com.br\/cbradar\/este-treino-com-4-movimentos-de-faixa-elastica-para-quem-passou-dos-60-ajuda-a-abrir-os-ombros-e-recuperar-forca-para-tarefas-do-dia-a-dia\/","title":{"rendered":"Este treino com 4 movimentos de faixa el\u00e1stica para quem passou dos 60 ajuda a abrir os ombros e recuperar for\u00e7a para tarefas do dia a dia"},"content":{"rendered":"\n<p>Manter a mobilidade dos ombros e a for\u00e7a muscular \u00e9 essencial para preservar a autonomia ap\u00f3s os sessenta anos. O uso de faixas el\u00e1sticas oferece uma resist\u00eancia suave que protege as articula\u00e7\u00f5es enquanto fortalece os tecidos. Praticar exerc\u00edcios focados na postura ajuda a realizar tarefas cotidianas com mais facilidade e seguran\u00e7a. Esse cuidado di\u00e1rio promove um envelhecimento ativo e saud\u00e1vel.<\/p>\n\n\n\n<h2 class=\"wp-block-heading\">Por que a mobilidade dos ombros diminui com o passar dos anos?<\/h2>\n\n\n\n<p>O processo natural de envelhecimento pode causar um encurtamento dos tend\u00f5es e uma redu\u00e7\u00e3o no l\u00edquido sinovial das articula\u00e7\u00f5es superiores. Muitas pessoas acabam adotando uma postura curvada devido ao enfraquecimento dos m\u00fasculos das costas e do peitoral. Essa mudan\u00e7a estrutural dificulta movimentos simples, como alcan\u00e7ar objetos em prateleiras altas ou vestir-se sem ajuda externa durante a manh\u00e3.<\/p>\n\n\n\n<p>A inatividade f\u00edsica prolongada contribui para que as f\u00e1scias musculares se tornem mais r\u00edgidas e menos el\u00e1sticas ao longo do tempo. Quando o corpo n\u00e3o \u00e9 estimulado, a amplitude de movimento diminui, criando uma sensa\u00e7\u00e3o de peso constante nos bra\u00e7os. Recuperar essa flexibilidade exige paci\u00eancia e a escolha de atividades que respeitem os limites biol\u00f3gicos de cada ser.<\/p>\n\n\n\n<figure class=\"wp-block-image size-full\"><img decoding=\"async\" width=\"1280\" height=\"720\" src=\"https:\/\/www.correiobraziliense.com.br\/cbradar\/wp-content\/uploads\/2026\/05\/Gemini_Generated_Image_6bm2tv6bm2tv6bm2-1-1.png\" alt=\"Este treino com 4 movimentos de faixa el\u00e1stica para quem passou dos 60 ajuda a abrir os ombros e recuperar for\u00e7a para tarefas do dia a dia\" class=\"wp-image-236032\" srcset=\"https:\/\/www.correiobraziliense.com.br\/cbradar\/wp-content\/uploads\/2026\/05\/Gemini_Generated_Image_6bm2tv6bm2tv6bm2-1-1.png 1280w, https:\/\/www.correiobraziliense.com.br\/cbradar\/wp-content\/uploads\/2026\/05\/Gemini_Generated_Image_6bm2tv6bm2tv6bm2-1-1-300x169.png 300w, https:\/\/www.correiobraziliense.com.br\/cbradar\/wp-content\/uploads\/2026\/05\/Gemini_Generated_Image_6bm2tv6bm2tv6bm2-1-1-768x432.png 768w, https:\/\/www.correiobraziliense.com.br\/cbradar\/wp-content\/uploads\/2026\/05\/Gemini_Generated_Image_6bm2tv6bm2tv6bm2-1-1-750x422.png 750w, https:\/\/www.correiobraziliense.com.br\/cbradar\/wp-content\/uploads\/2026\/05\/Gemini_Generated_Image_6bm2tv6bm2tv6bm2-1-1-1140x641.png 1140w\" sizes=\"(max-width: 1280px) 100vw, 1280px\" \/><figcaption class=\"wp-element-caption\">Exerc\u00edcios com el\u00e1sticos fortalecem os ombros e melhoram a mobilidade di\u00e1ria<\/figcaption><\/figure>\n\n\n\n<h2 class=\"wp-block-heading\">Quais s\u00e3o as vantagens de utilizar faixas el\u00e1sticas no treinamento?<\/h2>\n\n\n\n<p>As faixas de resist\u00eancia permitem um controle maior sobre a carga aplicada, minimizando o estresse excessivo nos ossos e ligamentos. Diferente dos halteres tradicionais, o el\u00e1stico oferece uma tens\u00e3o progressiva que se adapta perfeitamente \u00e0 for\u00e7a do praticante no momento. Essa caracter\u00edstica torna o acess\u00f3rio extremamente seguro para quem busca fortalecer a musculatura sem correr riscos desnecess\u00e1rios.<\/p>\n\n\n\n<p>Al\u00e9m da praticidade, esse equipamento possibilita a realiza\u00e7\u00e3o de movimentos em diferentes \u00e2ngulos, simulando gestos naturais da vida di\u00e1ria. Guardar um prato ou abrir uma porta pesada tornam-se a\u00e7\u00f5es mais leves ap\u00f3s algumas semanas de pr\u00e1tica regular. A versatilidade do material permite que o treino seja realizado em qualquer c\u00f4modo da resid\u00eancia, facilitando a ades\u00e3o constante.<\/p>\n\n\n\n<h2 class=\"wp-block-heading\">Como executar os quatro movimentos para abrir os ombros?<\/h2>\n\n\n\n<p>A execu\u00e7\u00e3o correta exige que a coluna permane\u00e7a alinhada e os p\u00e9s fiquem bem apoiados no ch\u00e3o durante todo o tempo. Cada movimento deve ser feito de forma lenta, focando na respira\u00e7\u00e3o e na sensa\u00e7\u00e3o de alongamento dos tecidos peitorais. Respeitar a amplitude confort\u00e1vel evita dores posteriores e garante que os benef\u00edcios sejam colhidos de maneira equilibrada.<\/p>\n\n\n\n<p>Os exerc\u00edcios fundamentais para melhorar a postura e a for\u00e7a superior s\u00e3o:<\/p>\n\n\n\n<ul class=\"wp-block-list\">\n<li>Puxada horizontal com os bra\u00e7os estendidos.<\/li>\n\n\n\n<li>Rota\u00e7\u00e3o externa mantendo os cotovelos junto ao tronco.<\/li>\n\n\n\n<li>Eleva\u00e7\u00e3o frontal controlada at\u00e9 a altura dos olhos.<\/li>\n\n\n\n<li>Expans\u00e3o peitoral abrindo a faixa lateralmente.<\/li>\n<\/ul>\n\n\n\n<h2 class=\"wp-block-heading\">De que maneira o fortalecimento superior auxilia nas tarefas di\u00e1rias?<\/h2>\n\n\n\n<p>Ter ombros fortes e flex\u00edveis facilita significativamente o manuseio de objetos pesados, como sacolas de compras ou utens\u00edlios de cozinha. A estabilidade articular conquistada previne pequenos acidentes dom\u00e9sticos que poderiam comprometer a sa\u00fade f\u00edsica a longo prazo. Quando o corpo responde bem aos comandos motores, a sensa\u00e7\u00e3o de compet\u00eancia e autoconfian\u00e7a aumenta durante as atividades do cotidiano.<\/p>\n\n\n\n<p>A for\u00e7a muscular tamb\u00e9m atua como um suporte extra para a coluna cervical, reduzindo tens\u00f5es que costumam causar dores de cabe\u00e7a. Bra\u00e7os resistentes permitem que o indiv\u00edduo realize movimentos de limpeza ou jardinagem com muito menos cansa\u00e7o f\u00edsico. Investir alguns minutos por dia nesse tipo de treinamento garante uma qualidade de vida superior para os pr\u00f3ximos ciclos.<\/p>\n\n\n\n<p>Voc\u00ea sabia que os exerc\u00edcios com el\u00e1stico podem ajudar tanto no emagrecimento quanto no fortalecimento muscular? No v\u00eddeo de hoje, do canal <em>Unimed Fortaleza<\/em>, com mais de 388 mil inscritos, voc\u00ea vai conhecer formas pr\u00e1ticas de usar o treino com el\u00e1stico para melhorar seu condicionamento e cuidar da sa\u00fade.<\/p>\n\n\n\n<figure class=\"wp-block-embed is-type-video is-provider-youtube wp-block-embed-youtube wp-embed-aspect-16-9 wp-has-aspect-ratio\"><div class=\"wp-block-embed__wrapper\">\n<div class=\"jeg_video_container jeg_video_content\"><iframe loading=\"lazy\" title=\"Exerc\u00edcios com el\u00e1stico para emagrecer e fortalecer a musculatura \/\/ Viver Bem\" width=\"500\" height=\"281\" src=\"https:\/\/www.youtube.com\/embed\/wELAKN2QsOU?feature=oembed\" frameborder=\"0\" allow=\"accelerometer; autoplay; clipboard-write; encrypted-media; gyroscope; picture-in-picture; web-share\" referrerpolicy=\"strict-origin-when-cross-origin\" allowfullscreen><\/iframe><\/div>\n<\/div><\/figure>\n\n\n\n<p>Leia tamb\u00e9m: <a href=\"https:\/\/www.correiobraziliense.com.br\/cbradar\/o-que-o-acai-faz-no-intestino-e-na-glicose\/\" target=\"_blank\" rel=\"noreferrer noopener\">O que o a\u00e7a\u00ed faz no intestino e na glicose<\/a><\/p>\n\n\n\n<h2 class=\"wp-block-heading\">Como manter a regularidade e onde buscar mais informa\u00e7\u00f5es t\u00e9cnicas?<\/h2>\n\n\n\n<p>Estabelecer um hor\u00e1rio fixo para os exerc\u00edcios ajuda o c\u00e9rebro a transformar a atividade f\u00edsica em um h\u00e1bito prazeroso. Come\u00e7ar com poucas repeti\u00e7\u00f5es e progredir conforme a seguran\u00e7a aumenta evita o des\u00e2nimo e as poss\u00edveis les\u00f5es musculares. O apoio de familiares ou amigos pode servir como um est\u00edmulo extra para manter a disciplina necess\u00e1ria para os resultados.<\/p>\n\n\n\n<p>Acompanhar as diretrizes de sa\u00fade para o envelhecimento ativo publicadas pelo <strong><a href=\"https:\/\/www.nia.nih.gov\/health\/exercise-and-physical-activity\" target=\"_blank\" rel=\"noreferrer noopener\">National Institute on Aging<\/a><\/strong> fornece uma base t\u00e9cnica confi\u00e1vel para o treino dom\u00e9stico. Compreender a biologia do corpo humano facilita a aceita\u00e7\u00e3o das pr\u00f3prias necessidades f\u00edsicas e incentiva o autocuidado constante. A dedica\u00e7\u00e3o aos movimentos articulares reflete em uma exist\u00eancia mais plena e vibrante.<\/p>\n","protected":false},"excerpt":{"rendered":"<p>Manter a mobilidade dos ombros e a for\u00e7a muscular \u00e9 essencial para preservar a autonomia ap\u00f3s os sessenta anos. O uso de faixas el\u00e1sticas oferece uma resist\u00eancia suave que protege as articula\u00e7\u00f5es enquanto fortalece os tecidos. Praticar exerc\u00edcios focados na postura ajuda a realizar tarefas cotidianas com mais facilidade e seguran\u00e7a. Esse cuidado di\u00e1rio promove [&hellip;]<\/p>\n","protected":false},"author":21,"featured_media":236031,"comment_status":"open","ping_status":"open","sticky":false,"template":"","format":"standard","meta":{"_yoast_wpseo_focuskw":"mobilidade dos ombros","_yoast_wpseo_title":"","_yoast_wpseo_metadesc":"Exerc\u00edcios simples com faixas el\u00e1sticas podem melhorar a mobilidade e fortalecer os ombros ap\u00f3s os sessenta anos com seguran\u00e7a","jnews-multi-image_gallery":[],"jnews_single_post":{"format":"standard"},"jnews_primary_category":[],"jnews_social_meta":[],"jnews_override_counter":[],"footnotes":""},"categories":[119],"tags":[3559,3107,18571,3914],"class_list":["post-236025","post","type-post","status-publish","format-standard","has-post-thumbnail","hentry","category-bem-estar","tag-corpo-humano","tag-dia-a-dia","tag-faixa-elastica","tag-forca"],"yoast_head":"<!-- This site is optimized with the Yoast SEO plugin v24.6 - https:\/\/yoast.com\/wordpress\/plugins\/seo\/ -->\n<title>Este treino com 4 movimentos de faixa el\u00e1stica para quem passou dos 60 ajuda a abrir os ombros e recuperar for\u00e7a para tarefas do dia a dia - Correio Braziliense - Radar<\/title>\n<meta name=\"description\" content=\"Exerc\u00edcios simples com faixas el\u00e1sticas podem melhorar a mobilidade e fortalecer os ombros ap\u00f3s os sessenta anos com seguran\u00e7a\" \/>\n<meta name=\"robots\" content=\"index, follow, max-snippet:-1, max-image-preview:large, max-video-preview:-1\" \/>\n<link rel=\"canonical\" href=\"https:\/\/www.correiobraziliense.com.br\/cbradar\/este-treino-com-4-movimentos-de-faixa-elastica-para-quem-passou-dos-60-ajuda-a-abrir-os-ombros-e-recuperar-forca-para-tarefas-do-dia-a-dia\/\" \/>\n<meta property=\"og:locale\" content=\"pt_BR\" \/>\n<meta property=\"og:type\" content=\"article\" \/>\n<meta property=\"og:title\" content=\"Este treino com 4 movimentos de faixa el\u00e1stica para quem passou dos 60 ajuda a abrir os ombros e recuperar for\u00e7a para tarefas do dia a dia - Correio Braziliense - Radar\" \/>\n<meta property=\"og:description\" content=\"Exerc\u00edcios simples com faixas el\u00e1sticas podem melhorar a mobilidade e fortalecer os ombros ap\u00f3s os sessenta anos com seguran\u00e7a\" \/>\n<meta property=\"og:url\" content=\"https:\/\/www.correiobraziliense.com.br\/cbradar\/este-treino-com-4-movimentos-de-faixa-elastica-para-quem-passou-dos-60-ajuda-a-abrir-os-ombros-e-recuperar-forca-para-tarefas-do-dia-a-dia\/\" \/>\n<meta property=\"og:site_name\" content=\"Correio Braziliense - Radar\" \/>\n<meta property=\"article:published_time\" content=\"2026-05-03T09:55:00+00:00\" \/>\n<meta property=\"og:image\" content=\"https:\/\/www.correiobraziliense.com.br\/cbradar\/wp-content\/uploads\/2026\/05\/Gemini_Generated_Image_p7nywhp7nywhp7ny-1-1.png\" \/>\n\t<meta property=\"og:image:width\" content=\"1280\" \/>\n\t<meta property=\"og:image:height\" content=\"720\" \/>\n\t<meta property=\"og:image:type\" content=\"image\/png\" \/>\n<meta name=\"author\" content=\"Patrick Silva\" \/>\n<meta name=\"twitter:card\" content=\"summary_large_image\" \/>\n<meta name=\"twitter:label1\" content=\"Escrito por\" \/>\n\t<meta name=\"twitter:data1\" content=\"Patrick Silva\" \/>\n\t<meta name=\"twitter:label2\" content=\"Est. tempo de leitura\" \/>\n\t<meta name=\"twitter:data2\" content=\"5 minutos\" \/>\n<!-- \/ Yoast SEO plugin. -->","yoast_head_json":{"title":"Este treino com 4 movimentos de faixa el\u00e1stica para quem passou dos 60 ajuda a abrir os ombros e recuperar for\u00e7a para tarefas do dia a dia - Correio Braziliense - Radar","description":"Exerc\u00edcios simples com faixas el\u00e1sticas podem melhorar a mobilidade e fortalecer os ombros ap\u00f3s os sessenta anos com seguran\u00e7a","robots":{"index":"index","follow":"follow","max-snippet":"max-snippet:-1","max-image-preview":"max-image-preview:large","max-video-preview":"max-video-preview:-1"},"canonical":"https:\/\/www.correiobraziliense.com.br\/cbradar\/este-treino-com-4-movimentos-de-faixa-elastica-para-quem-passou-dos-60-ajuda-a-abrir-os-ombros-e-recuperar-forca-para-tarefas-do-dia-a-dia\/","og_locale":"pt_BR","og_type":"article","og_title":"Este treino com 4 movimentos de faixa el\u00e1stica para quem passou dos 60 ajuda a abrir os ombros e recuperar for\u00e7a para tarefas do dia a dia - Correio Braziliense - Radar","og_description":"Exerc\u00edcios simples com faixas el\u00e1sticas podem melhorar a mobilidade e fortalecer os ombros ap\u00f3s os sessenta anos com seguran\u00e7a","og_url":"https:\/\/www.correiobraziliense.com.br\/cbradar\/este-treino-com-4-movimentos-de-faixa-elastica-para-quem-passou-dos-60-ajuda-a-abrir-os-ombros-e-recuperar-forca-para-tarefas-do-dia-a-dia\/","og_site_name":"Correio Braziliense - Radar","article_published_time":"2026-05-03T09:55:00+00:00","og_image":[{"width":1280,"height":720,"url":"https:\/\/www.correiobraziliense.com.br\/cbradar\/wp-content\/uploads\/2026\/05\/Gemini_Generated_Image_p7nywhp7nywhp7ny-1-1.png","type":"image\/png"}],"author":"Patrick Silva","twitter_card":"summary_large_image","twitter_misc":{"Escrito por":"Patrick Silva","Est. tempo de leitura":"5 minutos"},"schema":{"@context":"https:\/\/schema.org","@graph":[{"@type":"WebPage","@id":"https:\/\/www.correiobraziliense.com.br\/cbradar\/este-treino-com-4-movimentos-de-faixa-elastica-para-quem-passou-dos-60-ajuda-a-abrir-os-ombros-e-recuperar-forca-para-tarefas-do-dia-a-dia\/","url":"https:\/\/www.correiobraziliense.com.br\/cbradar\/este-treino-com-4-movimentos-de-faixa-elastica-para-quem-passou-dos-60-ajuda-a-abrir-os-ombros-e-recuperar-forca-para-tarefas-do-dia-a-dia\/","name":"Este treino com 4 movimentos de faixa el\u00e1stica para quem passou dos 60 ajuda a abrir os ombros e recuperar for\u00e7a para tarefas do dia a dia - Correio Braziliense - Radar","isPartOf":{"@id":"https:\/\/www.correiobraziliense.com.br\/cbradar\/#website"},"primaryImageOfPage":{"@id":"https:\/\/www.correiobraziliense.com.br\/cbradar\/este-treino-com-4-movimentos-de-faixa-elastica-para-quem-passou-dos-60-ajuda-a-abrir-os-ombros-e-recuperar-forca-para-tarefas-do-dia-a-dia\/#primaryimage"},"image":{"@id":"https:\/\/www.correiobraziliense.com.br\/cbradar\/este-treino-com-4-movimentos-de-faixa-elastica-para-quem-passou-dos-60-ajuda-a-abrir-os-ombros-e-recuperar-forca-para-tarefas-do-dia-a-dia\/#primaryimage"},"thumbnailUrl":"https:\/\/www.correiobraziliense.com.br\/cbradar\/wp-content\/uploads\/2026\/05\/Gemini_Generated_Image_p7nywhp7nywhp7ny-1-1.png","datePublished":"2026-05-03T09:55:00+00:00","author":{"@id":"https:\/\/www.correiobraziliense.com.br\/cbradar\/#\/schema\/person\/5440b72be9c7eb74f446c846479dc4da"},"description":"Exerc\u00edcios simples com faixas el\u00e1sticas podem melhorar a mobilidade e fortalecer os ombros ap\u00f3s os sessenta anos com seguran\u00e7a","breadcrumb":{"@id":"https:\/\/www.correiobraziliense.com.br\/cbradar\/este-treino-com-4-movimentos-de-faixa-elastica-para-quem-passou-dos-60-ajuda-a-abrir-os-ombros-e-recuperar-forca-para-tarefas-do-dia-a-dia\/#breadcrumb"},"inLanguage":"pt-BR","potentialAction":[{"@type":"ReadAction","target":["https:\/\/www.correiobraziliense.com.br\/cbradar\/este-treino-com-4-movimentos-de-faixa-elastica-para-quem-passou-dos-60-ajuda-a-abrir-os-ombros-e-recuperar-forca-para-tarefas-do-dia-a-dia\/"]}]},{"@type":"ImageObject","inLanguage":"pt-BR","@id":"https:\/\/www.correiobraziliense.com.br\/cbradar\/este-treino-com-4-movimentos-de-faixa-elastica-para-quem-passou-dos-60-ajuda-a-abrir-os-ombros-e-recuperar-forca-para-tarefas-do-dia-a-dia\/#primaryimage","url":"https:\/\/www.correiobraziliense.com.br\/cbradar\/wp-content\/uploads\/2026\/05\/Gemini_Generated_Image_p7nywhp7nywhp7ny-1-1.png","contentUrl":"https:\/\/www.correiobraziliense.com.br\/cbradar\/wp-content\/uploads\/2026\/05\/Gemini_Generated_Image_p7nywhp7nywhp7ny-1-1.png","width":1280,"height":720,"caption":"Exerc\u00edcios com el\u00e1sticos fortalecem os ombros e melhoram a mobilidade di\u00e1ria"},{"@type":"BreadcrumbList","@id":"https:\/\/www.correiobraziliense.com.br\/cbradar\/este-treino-com-4-movimentos-de-faixa-elastica-para-quem-passou-dos-60-ajuda-a-abrir-os-ombros-e-recuperar-forca-para-tarefas-do-dia-a-dia\/#breadcrumb","itemListElement":[{"@type":"ListItem","position":1,"name":"In\u00edcio","item":"https:\/\/www.correiobraziliense.com.br\/cbradar\/"},{"@type":"ListItem","position":2,"name":"Este treino com 4 movimentos de faixa el\u00e1stica para quem passou dos 60 ajuda a abrir os ombros e recuperar for\u00e7a para tarefas do dia a dia"}]},{"@type":"WebSite","@id":"https:\/\/www.correiobraziliense.com.br\/cbradar\/#website","url":"https:\/\/www.correiobraziliense.com.br\/cbradar\/","name":"Correio Braziliense - Radar","description":"Acompanhe as \u00faltimas not\u00edcias e fique bem informado sobre tudo o que acontece no Brasil e no mundo.","potentialAction":[{"@type":"SearchAction","target":{"@type":"EntryPoint","urlTemplate":"https:\/\/www.correiobraziliense.com.br\/cbradar\/?s={search_term_string}"},"query-input":{"@type":"PropertyValueSpecification","valueRequired":true,"valueName":"search_term_string"}}],"inLanguage":"pt-BR"},{"@type":"Person","@id":"https:\/\/www.correiobraziliense.com.br\/cbradar\/#\/schema\/person\/5440b72be9c7eb74f446c846479dc4da","name":"Patrick Silva","image":{"@type":"ImageObject","inLanguage":"pt-BR","@id":"https:\/\/www.correiobraziliense.com.br\/cbradar\/#\/schema\/person\/image\/","url":"https:\/\/secure.gravatar.com\/avatar\/944109df296fc087785c9715fd5f80b2?s=96&d=mm&r=g","contentUrl":"https:\/\/secure.gravatar.com\/avatar\/944109df296fc087785c9715fd5f80b2?s=96&d=mm&r=g","caption":"Patrick Silva"},"sameAs":["https:\/\/www.correiobraziliense.com.br\/cbradar\/"],"url":"https:\/\/www.correiobraziliense.com.br\/cbradar\/author\/patrick-silva\/"}]}},"_links":{"self":[{"href":"https:\/\/www.correiobraziliense.com.br\/cbradar\/wp-json\/wp\/v2\/posts\/236025","targetHints":{"allow":["GET"]}}],"collection":[{"href":"https:\/\/www.correiobraziliense.com.br\/cbradar\/wp-json\/wp\/v2\/posts"}],"about":[{"href":"https:\/\/www.correiobraziliense.com.br\/cbradar\/wp-json\/wp\/v2\/types\/post"}],"author":[{"embeddable":true,"href":"https:\/\/www.correiobraziliense.com.br\/cbradar\/wp-json\/wp\/v2\/users\/21"}],"replies":[{"embeddable":true,"href":"https:\/\/www.correiobraziliense.com.br\/cbradar\/wp-json\/wp\/v2\/comments?post=236025"}],"version-history":[{"count":1,"href":"https:\/\/www.correiobraziliense.com.br\/cbradar\/wp-json\/wp\/v2\/posts\/236025\/revisions"}],"predecessor-version":[{"id":236033,"href":"https:\/\/www.correiobraziliense.com.br\/cbradar\/wp-json\/wp\/v2\/posts\/236025\/revisions\/236033"}],"wp:featuredmedia":[{"embeddable":true,"href":"https:\/\/www.correiobraziliense.com.br\/cbradar\/wp-json\/wp\/v2\/media\/236031"}],"wp:attachment":[{"href":"https:\/\/www.correiobraziliense.com.br\/cbradar\/wp-json\/wp\/v2\/media?parent=236025"}],"wp:term":[{"taxonomy":"category","embeddable":true,"href":"https:\/\/www.correiobraziliense.com.br\/cbradar\/wp-json\/wp\/v2\/categories?post=236025"},{"taxonomy":"post_tag","embeddable":true,"href":"https:\/\/www.correiobraziliense.com.br\/cbradar\/wp-json\/wp\/v2\/tags?post=236025"}],"curies":[{"name":"wp","href":"https:\/\/api.w.org\/{rel}","templated":true}]}}