{"id":236030,"date":"2026-05-03T11:25:00","date_gmt":"2026-05-03T14:25:00","guid":{"rendered":"https:\/\/www.correiobraziliense.com.br\/cbradar\/?p=236030"},"modified":"2026-05-02T12:31:41","modified_gmt":"2026-05-02T15:31:41","slug":"5-exercicios-da-manha-para-devolver-mobilidade-ao-quadril-depois-dos-60-e-deixar-a-caminhada-mais-firme","status":"publish","type":"post","link":"https:\/\/www.correiobraziliense.com.br\/cbradar\/5-exercicios-da-manha-para-devolver-mobilidade-ao-quadril-depois-dos-60-e-deixar-a-caminhada-mais-firme\/","title":{"rendered":"5 exerc\u00edcios da manh\u00e3 para devolver mobilidade ao quadril depois dos 60 e deixar a caminhada mais firme"},"content":{"rendered":"\n<p>Acordar com o corpo disposto exige aten\u00e7\u00e3o especial \u00e0s articula\u00e7\u00f5es que sustentam o peso humano durante todo o dia. O quadril desempenha papel central na estabilidade necess\u00e1ria para realizar passos seguros e evitar quedas perigosas. Praticar movimentos de mobilidade logo cedo lubrifica as juntas e prepara a musculatura para enfrentar qualquer jornada com total vitalidade e confian\u00e7a.<\/p>\n\n\n\n<h2 class=\"wp-block-heading\">Por que a mobilidade do quadril \u00e9 essencial para a seguran\u00e7a ao caminhar?<\/h2>\n\n\n\n<p>A articula\u00e7\u00e3o do quadril conecta o tronco aos membros inferiores e permite a movimenta\u00e7\u00e3o fluida das pernas no espa\u00e7o. Com o passar do tempo, essa regi\u00e3o pode acumular tens\u00f5es que limitam o alcance dos passos e prejudicam o equil\u00edbrio corporal. Recuperar essa flexibilidade garante que o centro de gravidade permane\u00e7a est\u00e1vel, evitando oscila\u00e7\u00f5es laterais que causam inseguran\u00e7a.<\/p>\n\n\n\n<p>Manter os tecidos conectivos saud\u00e1veis favorece a distribui\u00e7\u00e3o correta da carga sobre os joelhos e a coluna lombar. Quando o quadril funciona bem, o corpo gasta menos energia para se deslocar e as dores articulares diminuem consideravelmente. O movimento consciente logo ao despertar sinaliza ao c\u00e9rebro que o organismo est\u00e1 pronto para agir com firmeza.<\/p>\n\n\n\n<figure class=\"wp-block-image size-full\"><img decoding=\"async\" width=\"1280\" height=\"720\" src=\"https:\/\/www.correiobraziliense.com.br\/cbradar\/wp-content\/uploads\/2026\/05\/Gemini_Generated_Image_cqcu53cqcu53cqcu-1-1.png\" alt=\"5 exerc\u00edcios da manh\u00e3 para devolver mobilidade ao quadril depois dos 60 e deixar a caminhada mais firme\" class=\"wp-image-236036\" srcset=\"https:\/\/www.correiobraziliense.com.br\/cbradar\/wp-content\/uploads\/2026\/05\/Gemini_Generated_Image_cqcu53cqcu53cqcu-1-1.png 1280w, https:\/\/www.correiobraziliense.com.br\/cbradar\/wp-content\/uploads\/2026\/05\/Gemini_Generated_Image_cqcu53cqcu53cqcu-1-1-300x169.png 300w, https:\/\/www.correiobraziliense.com.br\/cbradar\/wp-content\/uploads\/2026\/05\/Gemini_Generated_Image_cqcu53cqcu53cqcu-1-1-768x432.png 768w, https:\/\/www.correiobraziliense.com.br\/cbradar\/wp-content\/uploads\/2026\/05\/Gemini_Generated_Image_cqcu53cqcu53cqcu-1-1-750x422.png 750w, https:\/\/www.correiobraziliense.com.br\/cbradar\/wp-content\/uploads\/2026\/05\/Gemini_Generated_Image_cqcu53cqcu53cqcu-1-1-1140x641.png 1140w\" sizes=\"(max-width: 1280px) 100vw, 1280px\" \/><figcaption class=\"wp-element-caption\">Movimentos matinais melhoram o quadril e aumentam a seguran\u00e7a ao caminhar<\/figcaption><\/figure>\n\n\n\n<h2 class=\"wp-block-heading\">Como o envelhecimento altera a estrutura das articula\u00e7\u00f5es inferiores?<\/h2>\n\n\n\n<p>O encurtamento natural de m\u00fasculos importantes ocorre devido a longos per\u00edodos de inatividade ou posturas inadequadas mantidas por anos. Essa rigidez dificulta a rota\u00e7\u00e3o interna e externa das pernas, tornando a caminhada mais curta e arrastada. O corpo humano necessita de est\u00edmulos gentis para manter a produ\u00e7\u00e3o de subst\u00e2ncias que facilitam o deslizamento entre as cartilagens.<\/p>\n\n\n\n<p>A perda de massa \u00f3ssea e muscular tamb\u00e9m interfere na percep\u00e7\u00e3o de estabilidade ao realizar tarefas simples. Exercitar a mobilidade ajuda a reverter quadros de endurecimento articular, devolvendo a agilidade necess\u00e1ria para subir degraus ou desviar de obst\u00e1culos. A sa\u00fade f\u00edsica depende diretamente da manuten\u00e7\u00e3o desses espa\u00e7os internos que permitem a liberdade de movimentos amplos e potentes.<\/p>\n\n\n\n<h2 class=\"wp-block-heading\">Quais s\u00e3o os melhores movimentos matinais para soltar o quadril?<\/h2>\n\n\n\n<p>Realizar exerc\u00edcios leves antes mesmo de sair do quarto ajuda a despertar os sentidos e melhora o humor matinal. Esses movimentos devem ser feitos sem pressa, focando na respira\u00e7\u00e3o profunda e no relaxamento dos tecidos que cercam a bacia. Pequenas repeti\u00e7\u00f5es di\u00e1rias acumulam benef\u00edcios que transformam a postura e a facilidade de locomo\u00e7\u00e3o em poucos dias.<\/p>\n\n\n\n<p>As pr\u00e1ticas mais indicadas para fortalecer e alongar a regi\u00e3o p\u00e9lvica incluem:<\/p>\n\n\n\n<ul class=\"wp-block-list\">\n<li>Rota\u00e7\u00e3o circular sentada na beira da cama.<\/li>\n\n\n\n<li>Balan\u00e7o lateral das pernas com apoio firme.<\/li>\n\n\n\n<li>Abra\u00e7o de joelhos contra o peito deitado.<\/li>\n\n\n\n<li>Alongamento do m\u00fasculo psoas em posi\u00e7\u00e3o ajoelhada.<\/li>\n\n\n\n<li>Marcha estacion\u00e1ria com eleva\u00e7\u00e3o suave dos joelhos.<\/li>\n<\/ul>\n\n\n\n<h2 class=\"wp-block-heading\">De que maneira a respira\u00e7\u00e3o auxilia no ganho de flexibilidade p\u00e9lvica?<\/h2>\n\n\n\n<p>O oxig\u00eanio transportado pelo sangue relaxa o sistema nervoso e permite que as fibras musculares se alonguem sem resist\u00eancia excessiva. Respirar profundamente enquanto movimenta o quadril ajuda a liberar pontos de tens\u00e3o profunda que se instalam na regi\u00e3o lombar. Essa conex\u00e3o entre mente e corpo \u00e9 fundamental para que o exerc\u00edcio seja eficaz e livre de desconfortos.<\/p>\n\n\n\n<p>A calma mental evita a contra\u00e7\u00e3o involunt\u00e1ria de defesa que muitas pessoas sentem ao tentar alongar \u00e1reas r\u00edgidas. Ao manter um ritmo respirat\u00f3rio constante, o praticante sinaliza seguran\u00e7a para os tend\u00f5es e ligamentos envolvidos no processo. O resultado \u00e9 um ganho de amplitude muito mais r\u00e1pido e duradouro para as atividades f\u00edsicas de rotina intensa.<\/p>\n\n\n\n<p>Voc\u00ea sabia que melhorar a mobilidade do quadril pode transformar seu desempenho e prevenir dores? No v\u00eddeo de hoje, do canal <em>Isabella Campos<\/em>, com mais de 296 mil inscritos, voc\u00ea vai aprender uma sequ\u00eancia pr\u00e1tica de mobilidade de quadril para evoluir com seguran\u00e7a e efici\u00eancia.<\/p>\n\n\n\n<figure class=\"wp-block-embed is-type-video is-provider-youtube wp-block-embed-youtube wp-embed-aspect-16-9 wp-has-aspect-ratio\"><div class=\"wp-block-embed__wrapper\">\n<div class=\"jeg_video_container jeg_video_content\"><iframe loading=\"lazy\" title=\"MOBILIDADE DE QUADRIL - Sequ\u00eancia de exerc\u00edcios para progredir\" width=\"500\" height=\"281\" src=\"https:\/\/www.youtube.com\/embed\/urPHpKncUpk?feature=oembed\" frameborder=\"0\" allow=\"accelerometer; autoplay; clipboard-write; encrypted-media; gyroscope; picture-in-picture; web-share\" referrerpolicy=\"strict-origin-when-cross-origin\" allowfullscreen><\/iframe><\/div>\n<\/div><\/figure>\n\n\n\n<p>Leia tamb\u00e9m: <a href=\"https:\/\/www.correiobraziliense.com.br\/cbradar\/o-que-o-acai-faz-no-intestino-e-na-glicose\/\" target=\"_blank\" rel=\"noreferrer noopener\">O que o a\u00e7a\u00ed faz no intestino e na glicose<\/a><\/p>\n\n\n\n<h2 class=\"wp-block-heading\">Onde buscar orienta\u00e7\u00f5es confi\u00e1veis sobre exerc\u00edcios para a longevidade?<\/h2>\n\n\n\n<p>Consultar profissionais qualificados e fontes com embasamento t\u00e9cnico garante que a pr\u00e1tica dom\u00e9stica ocorra sem riscos de les\u00f5es. O acompanhamento m\u00e9dico \u00e9 essencial para adaptar cada movimento \u00e0s condi\u00e7\u00f5es individuais de sa\u00fade e resist\u00eancia f\u00edsica de cada ser humano. O conhecimento sobre a biomec\u00e2nica corporal permite escolhas mais inteligentes e seguras para o fortalecimento do organismo.<\/p>\n\n\n\n<p>As diretrizes publicadas por organiza\u00e7\u00f5es como o <strong><a href=\"https:\/\/www-nia-nih-gov.translate.goog\/?_x_tr_sl=en&amp;_x_tr_tl=pt&amp;_x_tr_hl=pt&amp;_x_tr_pto=tc\" target=\"_blank\" rel=\"noreferrer noopener\">National Institute on Aging<\/a><\/strong> oferecem exemplos claros de como manter a funcionalidade motora. Aprender a ouvir os sinais do pr\u00f3prio corpo ajuda a ajustar a intensidade dos alongamentos conforme a necessidade de cada manh\u00e3. Investir no autocuidado \u00e9 o caminho mais curto para viver com total independ\u00eancia.<\/p>\n","protected":false},"excerpt":{"rendered":"<p>Acordar com o corpo disposto exige aten\u00e7\u00e3o especial \u00e0s articula\u00e7\u00f5es que sustentam o peso humano durante todo o dia. O quadril desempenha papel central na estabilidade necess\u00e1ria para realizar passos seguros e evitar quedas perigosas. Praticar movimentos de mobilidade logo cedo lubrifica as juntas e prepara a musculatura para enfrentar qualquer jornada com total vitalidade [&hellip;]<\/p>\n","protected":false},"author":21,"featured_media":236035,"comment_status":"open","ping_status":"open","sticky":false,"template":"","format":"standard","meta":{"_yoast_wpseo_focuskw":"mobilidade do quadril","_yoast_wpseo_title":"","_yoast_wpseo_metadesc":"Movimentos simples ao acordar podem melhorar a mobilidade do quadril e trazer mais seguran\u00e7a para caminhar ao longo do dia","jnews-multi-image_gallery":[],"jnews_single_post":{"format":"standard"},"jnews_primary_category":[],"jnews_social_meta":[],"jnews_override_counter":[],"footnotes":""},"categories":[119],"tags":[3559,1317,3369,5372],"class_list":["post-236030","post","type-post","status-publish","format-standard","has-post-thumbnail","hentry","category-bem-estar","tag-corpo-humano","tag-exercicios","tag-mobilidade","tag-quadril"],"yoast_head":"<!-- This site is optimized with the Yoast SEO plugin v24.6 - https:\/\/yoast.com\/wordpress\/plugins\/seo\/ -->\n<title>5 exerc\u00edcios da manh\u00e3 para devolver mobilidade ao quadril depois dos 60 e deixar a caminhada mais firme - Correio Braziliense - Radar<\/title>\n<meta name=\"description\" content=\"Movimentos simples ao acordar podem melhorar a mobilidade do quadril e trazer mais seguran\u00e7a para caminhar ao longo do dia\" \/>\n<meta name=\"robots\" content=\"index, follow, max-snippet:-1, max-image-preview:large, max-video-preview:-1\" \/>\n<link rel=\"canonical\" href=\"https:\/\/www.correiobraziliense.com.br\/cbradar\/5-exercicios-da-manha-para-devolver-mobilidade-ao-quadril-depois-dos-60-e-deixar-a-caminhada-mais-firme\/\" \/>\n<meta property=\"og:locale\" content=\"pt_BR\" \/>\n<meta property=\"og:type\" content=\"article\" \/>\n<meta property=\"og:title\" content=\"5 exerc\u00edcios da manh\u00e3 para devolver mobilidade ao quadril depois dos 60 e deixar a caminhada mais firme - Correio Braziliense - Radar\" \/>\n<meta property=\"og:description\" content=\"Movimentos simples ao acordar podem melhorar a mobilidade do quadril e trazer mais seguran\u00e7a para caminhar ao longo do dia\" \/>\n<meta property=\"og:url\" content=\"https:\/\/www.correiobraziliense.com.br\/cbradar\/5-exercicios-da-manha-para-devolver-mobilidade-ao-quadril-depois-dos-60-e-deixar-a-caminhada-mais-firme\/\" \/>\n<meta property=\"og:site_name\" content=\"Correio Braziliense - Radar\" \/>\n<meta property=\"article:published_time\" content=\"2026-05-03T14:25:00+00:00\" \/>\n<meta property=\"og:image\" content=\"https:\/\/www.correiobraziliense.com.br\/cbradar\/wp-content\/uploads\/2026\/05\/Gemini_Generated_Image_5vu6y25vu6y25vu6-1-1.png\" \/>\n\t<meta property=\"og:image:width\" content=\"1280\" \/>\n\t<meta property=\"og:image:height\" content=\"720\" \/>\n\t<meta property=\"og:image:type\" content=\"image\/png\" \/>\n<meta name=\"author\" content=\"Patrick Silva\" \/>\n<meta name=\"twitter:card\" content=\"summary_large_image\" \/>\n<meta name=\"twitter:label1\" content=\"Escrito por\" \/>\n\t<meta name=\"twitter:data1\" content=\"Patrick Silva\" \/>\n\t<meta name=\"twitter:label2\" content=\"Est. tempo de leitura\" \/>\n\t<meta name=\"twitter:data2\" content=\"5 minutos\" \/>\n<!-- \/ Yoast SEO plugin. -->","yoast_head_json":{"title":"5 exerc\u00edcios da manh\u00e3 para devolver mobilidade ao quadril depois dos 60 e deixar a caminhada mais firme - Correio Braziliense - Radar","description":"Movimentos simples ao acordar podem melhorar a mobilidade do quadril e trazer mais seguran\u00e7a para caminhar ao longo do dia","robots":{"index":"index","follow":"follow","max-snippet":"max-snippet:-1","max-image-preview":"max-image-preview:large","max-video-preview":"max-video-preview:-1"},"canonical":"https:\/\/www.correiobraziliense.com.br\/cbradar\/5-exercicios-da-manha-para-devolver-mobilidade-ao-quadril-depois-dos-60-e-deixar-a-caminhada-mais-firme\/","og_locale":"pt_BR","og_type":"article","og_title":"5 exerc\u00edcios da manh\u00e3 para devolver mobilidade ao quadril depois dos 60 e deixar a caminhada mais firme - Correio Braziliense - Radar","og_description":"Movimentos simples ao acordar podem melhorar a mobilidade do quadril e trazer mais seguran\u00e7a para caminhar ao longo do dia","og_url":"https:\/\/www.correiobraziliense.com.br\/cbradar\/5-exercicios-da-manha-para-devolver-mobilidade-ao-quadril-depois-dos-60-e-deixar-a-caminhada-mais-firme\/","og_site_name":"Correio Braziliense - Radar","article_published_time":"2026-05-03T14:25:00+00:00","og_image":[{"width":1280,"height":720,"url":"https:\/\/www.correiobraziliense.com.br\/cbradar\/wp-content\/uploads\/2026\/05\/Gemini_Generated_Image_5vu6y25vu6y25vu6-1-1.png","type":"image\/png"}],"author":"Patrick Silva","twitter_card":"summary_large_image","twitter_misc":{"Escrito por":"Patrick Silva","Est. tempo de leitura":"5 minutos"},"schema":{"@context":"https:\/\/schema.org","@graph":[{"@type":"WebPage","@id":"https:\/\/www.correiobraziliense.com.br\/cbradar\/5-exercicios-da-manha-para-devolver-mobilidade-ao-quadril-depois-dos-60-e-deixar-a-caminhada-mais-firme\/","url":"https:\/\/www.correiobraziliense.com.br\/cbradar\/5-exercicios-da-manha-para-devolver-mobilidade-ao-quadril-depois-dos-60-e-deixar-a-caminhada-mais-firme\/","name":"5 exerc\u00edcios da manh\u00e3 para devolver mobilidade ao quadril depois dos 60 e deixar a caminhada mais firme - Correio Braziliense - Radar","isPartOf":{"@id":"https:\/\/www.correiobraziliense.com.br\/cbradar\/#website"},"primaryImageOfPage":{"@id":"https:\/\/www.correiobraziliense.com.br\/cbradar\/5-exercicios-da-manha-para-devolver-mobilidade-ao-quadril-depois-dos-60-e-deixar-a-caminhada-mais-firme\/#primaryimage"},"image":{"@id":"https:\/\/www.correiobraziliense.com.br\/cbradar\/5-exercicios-da-manha-para-devolver-mobilidade-ao-quadril-depois-dos-60-e-deixar-a-caminhada-mais-firme\/#primaryimage"},"thumbnailUrl":"https:\/\/www.correiobraziliense.com.br\/cbradar\/wp-content\/uploads\/2026\/05\/Gemini_Generated_Image_5vu6y25vu6y25vu6-1-1.png","datePublished":"2026-05-03T14:25:00+00:00","author":{"@id":"https:\/\/www.correiobraziliense.com.br\/cbradar\/#\/schema\/person\/5440b72be9c7eb74f446c846479dc4da"},"description":"Movimentos simples ao acordar podem melhorar a mobilidade do quadril e trazer mais seguran\u00e7a para caminhar ao longo do dia","breadcrumb":{"@id":"https:\/\/www.correiobraziliense.com.br\/cbradar\/5-exercicios-da-manha-para-devolver-mobilidade-ao-quadril-depois-dos-60-e-deixar-a-caminhada-mais-firme\/#breadcrumb"},"inLanguage":"pt-BR","potentialAction":[{"@type":"ReadAction","target":["https:\/\/www.correiobraziliense.com.br\/cbradar\/5-exercicios-da-manha-para-devolver-mobilidade-ao-quadril-depois-dos-60-e-deixar-a-caminhada-mais-firme\/"]}]},{"@type":"ImageObject","inLanguage":"pt-BR","@id":"https:\/\/www.correiobraziliense.com.br\/cbradar\/5-exercicios-da-manha-para-devolver-mobilidade-ao-quadril-depois-dos-60-e-deixar-a-caminhada-mais-firme\/#primaryimage","url":"https:\/\/www.correiobraziliense.com.br\/cbradar\/wp-content\/uploads\/2026\/05\/Gemini_Generated_Image_5vu6y25vu6y25vu6-1-1.png","contentUrl":"https:\/\/www.correiobraziliense.com.br\/cbradar\/wp-content\/uploads\/2026\/05\/Gemini_Generated_Image_5vu6y25vu6y25vu6-1-1.png","width":1280,"height":720,"caption":"Movimentos matinais melhoram o quadril e aumentam a seguran\u00e7a ao caminhar"},{"@type":"BreadcrumbList","@id":"https:\/\/www.correiobraziliense.com.br\/cbradar\/5-exercicios-da-manha-para-devolver-mobilidade-ao-quadril-depois-dos-60-e-deixar-a-caminhada-mais-firme\/#breadcrumb","itemListElement":[{"@type":"ListItem","position":1,"name":"In\u00edcio","item":"https:\/\/www.correiobraziliense.com.br\/cbradar\/"},{"@type":"ListItem","position":2,"name":"5 exerc\u00edcios da manh\u00e3 para devolver mobilidade ao quadril depois dos 60 e deixar a caminhada mais firme"}]},{"@type":"WebSite","@id":"https:\/\/www.correiobraziliense.com.br\/cbradar\/#website","url":"https:\/\/www.correiobraziliense.com.br\/cbradar\/","name":"Correio Braziliense - Radar","description":"Acompanhe as \u00faltimas not\u00edcias e fique bem informado sobre tudo o que acontece no Brasil e no mundo.","potentialAction":[{"@type":"SearchAction","target":{"@type":"EntryPoint","urlTemplate":"https:\/\/www.correiobraziliense.com.br\/cbradar\/?s={search_term_string}"},"query-input":{"@type":"PropertyValueSpecification","valueRequired":true,"valueName":"search_term_string"}}],"inLanguage":"pt-BR"},{"@type":"Person","@id":"https:\/\/www.correiobraziliense.com.br\/cbradar\/#\/schema\/person\/5440b72be9c7eb74f446c846479dc4da","name":"Patrick Silva","image":{"@type":"ImageObject","inLanguage":"pt-BR","@id":"https:\/\/www.correiobraziliense.com.br\/cbradar\/#\/schema\/person\/image\/","url":"https:\/\/secure.gravatar.com\/avatar\/944109df296fc087785c9715fd5f80b2?s=96&d=mm&r=g","contentUrl":"https:\/\/secure.gravatar.com\/avatar\/944109df296fc087785c9715fd5f80b2?s=96&d=mm&r=g","caption":"Patrick Silva"},"sameAs":["https:\/\/www.correiobraziliense.com.br\/cbradar\/"],"url":"https:\/\/www.correiobraziliense.com.br\/cbradar\/author\/patrick-silva\/"}]}},"_links":{"self":[{"href":"https:\/\/www.correiobraziliense.com.br\/cbradar\/wp-json\/wp\/v2\/posts\/236030","targetHints":{"allow":["GET"]}}],"collection":[{"href":"https:\/\/www.correiobraziliense.com.br\/cbradar\/wp-json\/wp\/v2\/posts"}],"about":[{"href":"https:\/\/www.correiobraziliense.com.br\/cbradar\/wp-json\/wp\/v2\/types\/post"}],"author":[{"embeddable":true,"href":"https:\/\/www.correiobraziliense.com.br\/cbradar\/wp-json\/wp\/v2\/users\/21"}],"replies":[{"embeddable":true,"href":"https:\/\/www.correiobraziliense.com.br\/cbradar\/wp-json\/wp\/v2\/comments?post=236030"}],"version-history":[{"count":1,"href":"https:\/\/www.correiobraziliense.com.br\/cbradar\/wp-json\/wp\/v2\/posts\/236030\/revisions"}],"predecessor-version":[{"id":236037,"href":"https:\/\/www.correiobraziliense.com.br\/cbradar\/wp-json\/wp\/v2\/posts\/236030\/revisions\/236037"}],"wp:featuredmedia":[{"embeddable":true,"href":"https:\/\/www.correiobraziliense.com.br\/cbradar\/wp-json\/wp\/v2\/media\/236035"}],"wp:attachment":[{"href":"https:\/\/www.correiobraziliense.com.br\/cbradar\/wp-json\/wp\/v2\/media?parent=236030"}],"wp:term":[{"taxonomy":"category","embeddable":true,"href":"https:\/\/www.correiobraziliense.com.br\/cbradar\/wp-json\/wp\/v2\/categories?post=236030"},{"taxonomy":"post_tag","embeddable":true,"href":"https:\/\/www.correiobraziliense.com.br\/cbradar\/wp-json\/wp\/v2\/tags?post=236030"}],"curies":[{"name":"wp","href":"https:\/\/api.w.org\/{rel}","templated":true}]}}