{"id":236034,"date":"2026-05-03T12:05:00","date_gmt":"2026-05-03T15:05:00","guid":{"rendered":"https:\/\/www.correiobraziliense.com.br\/cbradar\/?p=236034"},"modified":"2026-05-02T12:38:27","modified_gmt":"2026-05-02T15:38:27","slug":"o-nome-feminino-com-so-4-letras-que-esta-ganhando-espaco-no-brasil-por-soar-delicado-e-elegante","status":"publish","type":"post","link":"https:\/\/www.correiobraziliense.com.br\/cbradar\/o-nome-feminino-com-so-4-letras-que-esta-ganhando-espaco-no-brasil-por-soar-delicado-e-elegante\/","title":{"rendered":"O nome feminino com s\u00f3 4 letras que est\u00e1 ganhando espa\u00e7o no Brasil por soar delicado e elegante"},"content":{"rendered":"\n<p>Escolher o nome ideal para uma crian\u00e7a exige sensibilidade e aten\u00e7\u00e3o aos significados que cada escolha carrega no tempo. Atualmente no <strong>Brasil<\/strong>, nomes curtos ganham prefer\u00eancia por serem pr\u00e1ticos e modernos, mantendo a sofistica\u00e7\u00e3o necess\u00e1ria em qualquer ambiente social. Uma op\u00e7\u00e3o espec\u00edfica de quatro letras destaca-se pelo som suave e pela conex\u00e3o profunda com a beleza da natureza.<\/p>\n\n\n\n<h2 class=\"wp-block-heading\">Por que nomes curtos est\u00e3o dominando as escolhas atuais?<\/h2>\n\n\n\n<p>A tend\u00eancia de nomes minimalistas reflete o desejo de simplicidade e clareza na comunica\u00e7\u00e3o contempor\u00e2nea. Pais buscam op\u00e7\u00f5es que sejam f\u00e1ceis de pronunciar em diferentes idiomas, facilitando a vida em um cen\u00e1rio globalizado. Al\u00e9m disso, nomes pequenos costumam transmitir uma for\u00e7a singular, ocupando espa\u00e7o sem a necessidade de excessos ou varia\u00e7\u00f5es complexas que acabam por causar muita confus\u00e3o.<\/p>\n\n\n\n<p>Esses nomes permitem que o sobrenome da fam\u00edlia ganhe mais destaque nas apresenta\u00e7\u00f5es formais. A brevidade sil\u00e1bica cria um ritmo harmonioso e agrad\u00e1vel aos ouvidos, resultando em uma combina\u00e7\u00e3o est\u00e9tica muito equilibrada. No cotidiano, a praticidade de um nome curto ajuda na alfabetiza\u00e7\u00e3o e no registro r\u00e1pido de documentos, tornando a escolha funcional e tamb\u00e9m muito elegante.<\/p>\n\n\n\n<figure class=\"wp-block-image size-full\"><img decoding=\"async\" width=\"1280\" height=\"720\" src=\"https:\/\/www.correiobraziliense.com.br\/cbradar\/wp-content\/uploads\/2026\/05\/Gemini_Generated_Image_lt8bj2lt8bj2lt8b-1-1.png\" alt=\"O nome feminino com s\u00f3 4 letras que est\u00e1 ganhando espa\u00e7o no Brasil por soar delicado e elegante\" class=\"wp-image-236040\" srcset=\"https:\/\/www.correiobraziliense.com.br\/cbradar\/wp-content\/uploads\/2026\/05\/Gemini_Generated_Image_lt8bj2lt8bj2lt8b-1-1.png 1280w, https:\/\/www.correiobraziliense.com.br\/cbradar\/wp-content\/uploads\/2026\/05\/Gemini_Generated_Image_lt8bj2lt8bj2lt8b-1-1-300x169.png 300w, https:\/\/www.correiobraziliense.com.br\/cbradar\/wp-content\/uploads\/2026\/05\/Gemini_Generated_Image_lt8bj2lt8bj2lt8b-1-1-768x432.png 768w, https:\/\/www.correiobraziliense.com.br\/cbradar\/wp-content\/uploads\/2026\/05\/Gemini_Generated_Image_lt8bj2lt8bj2lt8b-1-1-750x422.png 750w, https:\/\/www.correiobraziliense.com.br\/cbradar\/wp-content\/uploads\/2026\/05\/Gemini_Generated_Image_lt8bj2lt8bj2lt8b-1-1-1140x641.png 1140w\" sizes=\"(max-width: 1280px) 100vw, 1280px\" \/><figcaption class=\"wp-element-caption\">\u00cdris \u00e9 um nome curto, elegante e inspirado na beleza da natureza<\/figcaption><\/figure>\n\n\n\n<h2 class=\"wp-block-heading\">Qual \u00e9 o significado por tr\u00e1s do nome \u00cdris?<\/h2>\n\n\n\n<p>O nome <strong>\u00cdris<\/strong> possui ra\u00edzes etimol\u00f3gicas que remetem diretamente \u00e0 comunica\u00e7\u00e3o entre o divino e o terreno. Na tradi\u00e7\u00e3o antiga, ele representava a mensageira que coloria o c\u00e9u, trazendo esperan\u00e7a e clareza ap\u00f3s as tempestades. Essa conex\u00e3o com as cores e com a luz confere ao nome uma aura de serenidade e de intelig\u00eancia muito especial.<\/p>\n\n\n\n<p>No universo bot\u00e2nico, a flor hom\u00f4nima \u00e9 reconhecida pela eleg\u00e2ncia de suas p\u00e9talas e pela diversidade de tons vibrantes. Essa refer\u00eancia natural atrai quem busca um nome que simbolize delicadeza e for\u00e7a ao mesmo tempo. Escolher <strong>\u00cdris<\/strong> \u00e9 optar por uma identidade que celebra a beleza da vida e a capacidade humana de sempre florescer novamente.<\/p>\n\n\n\n<h2 class=\"wp-block-heading\">O que torna essa escolha t\u00e3o vers\u00e1til na vida moderna?<\/h2>\n\n\n\n<p>A versatilidade de <strong>\u00cdris<\/strong> reside no fato de ser um nome que transita bem entre o vintage e o moderno. Ele carrega uma hist\u00f3ria rica, mas soa fresco e atual para as novas gera\u00e7\u00f5es que buscam originalidade. Sua grafia simples evita erros comuns de escrita e leitura, proporcionando uma experi\u00eancia tranquila em todas as fases do crescimento.<\/p>\n\n\n\n<p>As principais vantagens de optar por esse nome feminino cl\u00e1ssico s\u00e3o:<\/p>\n\n\n\n<ul class=\"wp-block-list\">\n<li>Pron\u00fancia clara em diversos pa\u00edses.<\/li>\n\n\n\n<li>Associa\u00e7\u00e3o direta com elementos naturais belos.<\/li>\n\n\n\n<li>Grafia f\u00e1cil e imposs\u00edvel de abreviar.<\/li>\n\n\n\n<li>Preserva\u00e7\u00e3o da eleg\u00e2ncia em contextos profissionais.<\/li>\n<\/ul>\n\n\n\n<h2 class=\"wp-block-heading\">Como a sonoridade influencia a percep\u00e7\u00e3o da personalidade?<\/h2>\n\n\n\n<p>Nomes que terminam em sons suaves tendem a ser percebidos como mais acolhedores e amig\u00e1veis socialmente. A estrutura sil\u00e1bica de <strong>\u00cdris<\/strong> sugere uma personalidade equilibrada, capaz de mediar conflitos com calma e lucidez. A primeira impress\u00e3o causada por um nome elegante abre portas e estabelece um clima de respeito m\u00fatuo em qualquer tipo de conversa iniciada.<\/p>\n\n\n\n<p>A escolha do nome atua como o primeiro presente que os pais oferecem aos filhos, moldando percep\u00e7\u00f5es iniciais. Um nome com sonoridade po\u00e9tica transmite sensibilidade e profundidade intelectual, caracter\u00edsticas valorizadas em todas as etapas da jornada. Sentir orgulho da pr\u00f3pria identifica\u00e7\u00e3o fortalece a autoestima e ajuda na constru\u00e7\u00e3o de uma imagem p\u00fablica s\u00f3lida e muito admirada.<\/p>\n\n\n\n<figure class=\"wp-block-image size-full\"><img decoding=\"async\" width=\"1280\" height=\"720\" src=\"https:\/\/www.correiobraziliense.com.br\/cbradar\/wp-content\/uploads\/2026\/05\/Gemini_Generated_Image_xhhjn0xhhjn0xhhj-1-1.png\" alt=\"O nome feminino com s\u00f3 4 letras que est\u00e1 ganhando espa\u00e7o no Brasil por soar delicado e elegante\" class=\"wp-image-236041\" srcset=\"https:\/\/www.correiobraziliense.com.br\/cbradar\/wp-content\/uploads\/2026\/05\/Gemini_Generated_Image_xhhjn0xhhjn0xhhj-1-1.png 1280w, https:\/\/www.correiobraziliense.com.br\/cbradar\/wp-content\/uploads\/2026\/05\/Gemini_Generated_Image_xhhjn0xhhjn0xhhj-1-1-300x169.png 300w, https:\/\/www.correiobraziliense.com.br\/cbradar\/wp-content\/uploads\/2026\/05\/Gemini_Generated_Image_xhhjn0xhhjn0xhhj-1-1-768x432.png 768w, https:\/\/www.correiobraziliense.com.br\/cbradar\/wp-content\/uploads\/2026\/05\/Gemini_Generated_Image_xhhjn0xhhjn0xhhj-1-1-750x422.png 750w, https:\/\/www.correiobraziliense.com.br\/cbradar\/wp-content\/uploads\/2026\/05\/Gemini_Generated_Image_xhhjn0xhhjn0xhhj-1-1-1140x641.png 1140w\" sizes=\"(max-width: 1280px) 100vw, 1280px\" \/><figcaption class=\"wp-element-caption\">\u00cdris \u00e9 um nome curto, elegante e inspirado na beleza da natureza<\/figcaption><\/figure>\n\n\n\n<p>Leia tamb\u00e9m: <a href=\"https:\/\/www.correiobraziliense.com.br\/cbradar\/nomes-de-meninas-inspirados-em-flores-raras-que-evocam-docura-e-originalidade\/\" target=\"_blank\" rel=\"noreferrer noopener\">Nomes de meninas inspirados em flores raras que evocam do\u00e7ura e originalidade<\/a><\/p>\n\n\n\n<h2 class=\"wp-block-heading\">Onde encontrar informa\u00e7\u00f5es sobre a popularidade deste nome?<\/h2>\n\n\n\n<p>Acompanhar o crescimento de certas escolhas ajuda a entender os movimentos culturais e sociais que influenciam as fam\u00edlias. Observar como nomes curtos escalam o ranking de registros oferece uma vis\u00e3o clara sobre as prefer\u00eancias est\u00e9ticas de uma \u00e9poca espec\u00edfica. O interesse por nomes bot\u00e2nicos mostra um desejo coletivo de reconex\u00e3o com a pureza e a simplicidade.<\/p>\n\n\n\n<p>O banco de dados demogr\u00e1ficos do <strong><a href=\"https:\/\/censo2010.ibge.gov.br\/nomes\" target=\"_blank\" rel=\"noreferrer noopener\">Instituto Brasileiro de Geografia e Estat\u00edstica<\/a><\/strong> permite verificar a frequ\u00eancia hist\u00f3rica de cada registro. Entender a evolu\u00e7\u00e3o desses dados auxilia na escolha de um nome que seja atemporal e respeitado. Valorizar a hist\u00f3ria por tr\u00e1s de cada letra \u00e9 fundamental para garantir uma heran\u00e7a nominal repleta de um significado muito real.<\/p>\n","protected":false},"excerpt":{"rendered":"<p>Escolher o nome ideal para uma crian\u00e7a exige sensibilidade e aten\u00e7\u00e3o aos significados que cada escolha carrega no tempo. Atualmente no Brasil, nomes curtos ganham prefer\u00eancia por serem pr\u00e1ticos e modernos, mantendo a sofistica\u00e7\u00e3o necess\u00e1ria em qualquer ambiente social. Uma op\u00e7\u00e3o espec\u00edfica de quatro letras destaca-se pelo som suave e pela conex\u00e3o profunda com a [&hellip;]<\/p>\n","protected":false},"author":21,"featured_media":236039,"comment_status":"open","ping_status":"open","sticky":false,"template":"","format":"standard","meta":{"_yoast_wpseo_focuskw":"Nome feminino com 4 letras","_yoast_wpseo_title":"","_yoast_wpseo_metadesc":"Um nome curto e cheio de significado vem ganhando destaque no Brasil por sua beleza, simplicidade e conex\u00e3o com a natureza","jnews-multi-image_gallery":[],"jnews_single_post":{"format":"standard"},"jnews_primary_category":[],"jnews_social_meta":[],"jnews_override_counter":[],"footnotes":""},"categories":[112],"tags":[15047,5202,11480,7907],"class_list":["post-236034","post","type-post","status-publish","format-standard","has-post-thumbnail","hentry","category-curiosidades","tag-elegancia","tag-nomes","tag-nomes-de-meninas","tag-nomes-femininos"],"yoast_head":"<!-- This site is optimized with the Yoast SEO plugin v24.6 - https:\/\/yoast.com\/wordpress\/plugins\/seo\/ -->\n<title>O nome feminino com s\u00f3 4 letras que est\u00e1 ganhando espa\u00e7o no Brasil por soar delicado e elegante - Correio Braziliense - Radar<\/title>\n<meta name=\"description\" content=\"Um nome curto e cheio de significado vem ganhando destaque no Brasil por sua beleza, simplicidade e conex\u00e3o com a natureza\" \/>\n<meta name=\"robots\" content=\"index, follow, max-snippet:-1, max-image-preview:large, max-video-preview:-1\" \/>\n<link rel=\"canonical\" href=\"https:\/\/www.correiobraziliense.com.br\/cbradar\/o-nome-feminino-com-so-4-letras-que-esta-ganhando-espaco-no-brasil-por-soar-delicado-e-elegante\/\" \/>\n<meta property=\"og:locale\" content=\"pt_BR\" \/>\n<meta property=\"og:type\" content=\"article\" \/>\n<meta property=\"og:title\" content=\"O nome feminino com s\u00f3 4 letras que est\u00e1 ganhando espa\u00e7o no Brasil por soar delicado e elegante - Correio Braziliense - Radar\" \/>\n<meta property=\"og:description\" content=\"Um nome curto e cheio de significado vem ganhando destaque no Brasil por sua beleza, simplicidade e conex\u00e3o com a natureza\" \/>\n<meta property=\"og:url\" content=\"https:\/\/www.correiobraziliense.com.br\/cbradar\/o-nome-feminino-com-so-4-letras-que-esta-ganhando-espaco-no-brasil-por-soar-delicado-e-elegante\/\" \/>\n<meta property=\"og:site_name\" content=\"Correio Braziliense - Radar\" \/>\n<meta property=\"article:published_time\" content=\"2026-05-03T15:05:00+00:00\" \/>\n<meta property=\"og:image\" content=\"https:\/\/www.correiobraziliense.com.br\/cbradar\/wp-content\/uploads\/2026\/05\/Gemini_Generated_Image_tkdsrmtkdsrmtkds-1-1.png\" \/>\n\t<meta property=\"og:image:width\" content=\"1280\" \/>\n\t<meta property=\"og:image:height\" content=\"720\" \/>\n\t<meta property=\"og:image:type\" content=\"image\/png\" \/>\n<meta name=\"author\" content=\"Patrick Silva\" \/>\n<meta name=\"twitter:card\" content=\"summary_large_image\" \/>\n<meta name=\"twitter:label1\" content=\"Escrito por\" \/>\n\t<meta name=\"twitter:data1\" content=\"Patrick Silva\" \/>\n\t<meta name=\"twitter:label2\" content=\"Est. tempo de leitura\" \/>\n\t<meta name=\"twitter:data2\" content=\"5 minutos\" \/>\n<!-- \/ Yoast SEO plugin. -->","yoast_head_json":{"title":"O nome feminino com s\u00f3 4 letras que est\u00e1 ganhando espa\u00e7o no Brasil por soar delicado e elegante - Correio Braziliense - Radar","description":"Um nome curto e cheio de significado vem ganhando destaque no Brasil por sua beleza, simplicidade e conex\u00e3o com a natureza","robots":{"index":"index","follow":"follow","max-snippet":"max-snippet:-1","max-image-preview":"max-image-preview:large","max-video-preview":"max-video-preview:-1"},"canonical":"https:\/\/www.correiobraziliense.com.br\/cbradar\/o-nome-feminino-com-so-4-letras-que-esta-ganhando-espaco-no-brasil-por-soar-delicado-e-elegante\/","og_locale":"pt_BR","og_type":"article","og_title":"O nome feminino com s\u00f3 4 letras que est\u00e1 ganhando espa\u00e7o no Brasil por soar delicado e elegante - Correio Braziliense - Radar","og_description":"Um nome curto e cheio de significado vem ganhando destaque no Brasil por sua beleza, simplicidade e conex\u00e3o com a natureza","og_url":"https:\/\/www.correiobraziliense.com.br\/cbradar\/o-nome-feminino-com-so-4-letras-que-esta-ganhando-espaco-no-brasil-por-soar-delicado-e-elegante\/","og_site_name":"Correio Braziliense - Radar","article_published_time":"2026-05-03T15:05:00+00:00","og_image":[{"width":1280,"height":720,"url":"https:\/\/www.correiobraziliense.com.br\/cbradar\/wp-content\/uploads\/2026\/05\/Gemini_Generated_Image_tkdsrmtkdsrmtkds-1-1.png","type":"image\/png"}],"author":"Patrick Silva","twitter_card":"summary_large_image","twitter_misc":{"Escrito por":"Patrick Silva","Est. tempo de leitura":"5 minutos"},"schema":{"@context":"https:\/\/schema.org","@graph":[{"@type":"WebPage","@id":"https:\/\/www.correiobraziliense.com.br\/cbradar\/o-nome-feminino-com-so-4-letras-que-esta-ganhando-espaco-no-brasil-por-soar-delicado-e-elegante\/","url":"https:\/\/www.correiobraziliense.com.br\/cbradar\/o-nome-feminino-com-so-4-letras-que-esta-ganhando-espaco-no-brasil-por-soar-delicado-e-elegante\/","name":"O nome feminino com s\u00f3 4 letras que est\u00e1 ganhando espa\u00e7o no Brasil por soar delicado e elegante - Correio Braziliense - Radar","isPartOf":{"@id":"https:\/\/www.correiobraziliense.com.br\/cbradar\/#website"},"primaryImageOfPage":{"@id":"https:\/\/www.correiobraziliense.com.br\/cbradar\/o-nome-feminino-com-so-4-letras-que-esta-ganhando-espaco-no-brasil-por-soar-delicado-e-elegante\/#primaryimage"},"image":{"@id":"https:\/\/www.correiobraziliense.com.br\/cbradar\/o-nome-feminino-com-so-4-letras-que-esta-ganhando-espaco-no-brasil-por-soar-delicado-e-elegante\/#primaryimage"},"thumbnailUrl":"https:\/\/www.correiobraziliense.com.br\/cbradar\/wp-content\/uploads\/2026\/05\/Gemini_Generated_Image_tkdsrmtkdsrmtkds-1-1.png","datePublished":"2026-05-03T15:05:00+00:00","author":{"@id":"https:\/\/www.correiobraziliense.com.br\/cbradar\/#\/schema\/person\/5440b72be9c7eb74f446c846479dc4da"},"description":"Um nome curto e cheio de significado vem ganhando destaque no Brasil por sua beleza, simplicidade e conex\u00e3o com a natureza","breadcrumb":{"@id":"https:\/\/www.correiobraziliense.com.br\/cbradar\/o-nome-feminino-com-so-4-letras-que-esta-ganhando-espaco-no-brasil-por-soar-delicado-e-elegante\/#breadcrumb"},"inLanguage":"pt-BR","potentialAction":[{"@type":"ReadAction","target":["https:\/\/www.correiobraziliense.com.br\/cbradar\/o-nome-feminino-com-so-4-letras-que-esta-ganhando-espaco-no-brasil-por-soar-delicado-e-elegante\/"]}]},{"@type":"ImageObject","inLanguage":"pt-BR","@id":"https:\/\/www.correiobraziliense.com.br\/cbradar\/o-nome-feminino-com-so-4-letras-que-esta-ganhando-espaco-no-brasil-por-soar-delicado-e-elegante\/#primaryimage","url":"https:\/\/www.correiobraziliense.com.br\/cbradar\/wp-content\/uploads\/2026\/05\/Gemini_Generated_Image_tkdsrmtkdsrmtkds-1-1.png","contentUrl":"https:\/\/www.correiobraziliense.com.br\/cbradar\/wp-content\/uploads\/2026\/05\/Gemini_Generated_Image_tkdsrmtkdsrmtkds-1-1.png","width":1280,"height":720,"caption":"\u00cdris \u00e9 um nome curto, elegante e inspirado na beleza da natureza"},{"@type":"BreadcrumbList","@id":"https:\/\/www.correiobraziliense.com.br\/cbradar\/o-nome-feminino-com-so-4-letras-que-esta-ganhando-espaco-no-brasil-por-soar-delicado-e-elegante\/#breadcrumb","itemListElement":[{"@type":"ListItem","position":1,"name":"In\u00edcio","item":"https:\/\/www.correiobraziliense.com.br\/cbradar\/"},{"@type":"ListItem","position":2,"name":"O nome feminino com s\u00f3 4 letras que est\u00e1 ganhando espa\u00e7o no Brasil por soar delicado e elegante"}]},{"@type":"WebSite","@id":"https:\/\/www.correiobraziliense.com.br\/cbradar\/#website","url":"https:\/\/www.correiobraziliense.com.br\/cbradar\/","name":"Correio Braziliense - Radar","description":"Acompanhe as \u00faltimas not\u00edcias e fique bem informado sobre tudo o que acontece no Brasil e no mundo.","potentialAction":[{"@type":"SearchAction","target":{"@type":"EntryPoint","urlTemplate":"https:\/\/www.correiobraziliense.com.br\/cbradar\/?s={search_term_string}"},"query-input":{"@type":"PropertyValueSpecification","valueRequired":true,"valueName":"search_term_string"}}],"inLanguage":"pt-BR"},{"@type":"Person","@id":"https:\/\/www.correiobraziliense.com.br\/cbradar\/#\/schema\/person\/5440b72be9c7eb74f446c846479dc4da","name":"Patrick Silva","image":{"@type":"ImageObject","inLanguage":"pt-BR","@id":"https:\/\/www.correiobraziliense.com.br\/cbradar\/#\/schema\/person\/image\/","url":"https:\/\/secure.gravatar.com\/avatar\/944109df296fc087785c9715fd5f80b2?s=96&d=mm&r=g","contentUrl":"https:\/\/secure.gravatar.com\/avatar\/944109df296fc087785c9715fd5f80b2?s=96&d=mm&r=g","caption":"Patrick Silva"},"sameAs":["https:\/\/www.correiobraziliense.com.br\/cbradar\/"],"url":"https:\/\/www.correiobraziliense.com.br\/cbradar\/author\/patrick-silva\/"}]}},"_links":{"self":[{"href":"https:\/\/www.correiobraziliense.com.br\/cbradar\/wp-json\/wp\/v2\/posts\/236034","targetHints":{"allow":["GET"]}}],"collection":[{"href":"https:\/\/www.correiobraziliense.com.br\/cbradar\/wp-json\/wp\/v2\/posts"}],"about":[{"href":"https:\/\/www.correiobraziliense.com.br\/cbradar\/wp-json\/wp\/v2\/types\/post"}],"author":[{"embeddable":true,"href":"https:\/\/www.correiobraziliense.com.br\/cbradar\/wp-json\/wp\/v2\/users\/21"}],"replies":[{"embeddable":true,"href":"https:\/\/www.correiobraziliense.com.br\/cbradar\/wp-json\/wp\/v2\/comments?post=236034"}],"version-history":[{"count":1,"href":"https:\/\/www.correiobraziliense.com.br\/cbradar\/wp-json\/wp\/v2\/posts\/236034\/revisions"}],"predecessor-version":[{"id":236043,"href":"https:\/\/www.correiobraziliense.com.br\/cbradar\/wp-json\/wp\/v2\/posts\/236034\/revisions\/236043"}],"wp:featuredmedia":[{"embeddable":true,"href":"https:\/\/www.correiobraziliense.com.br\/cbradar\/wp-json\/wp\/v2\/media\/236039"}],"wp:attachment":[{"href":"https:\/\/www.correiobraziliense.com.br\/cbradar\/wp-json\/wp\/v2\/media?parent=236034"}],"wp:term":[{"taxonomy":"category","embeddable":true,"href":"https:\/\/www.correiobraziliense.com.br\/cbradar\/wp-json\/wp\/v2\/categories?post=236034"},{"taxonomy":"post_tag","embeddable":true,"href":"https:\/\/www.correiobraziliense.com.br\/cbradar\/wp-json\/wp\/v2\/tags?post=236034"}],"curies":[{"name":"wp","href":"https:\/\/api.w.org\/{rel}","templated":true}]}}