{"id":236051,"date":"2026-05-03T10:05:00","date_gmt":"2026-05-03T13:05:00","guid":{"rendered":"https:\/\/www.correiobraziliense.com.br\/cbradar\/?p=236051"},"modified":"2026-05-02T12:46:34","modified_gmt":"2026-05-02T15:46:34","slug":"os-signos-que-vao-sentir-a-mente-mais-leve-o-coracao-mais-calmo-e-a-vida-emocional-muito-mais-clara","status":"publish","type":"post","link":"https:\/\/www.correiobraziliense.com.br\/cbradar\/os-signos-que-vao-sentir-a-mente-mais-leve-o-coracao-mais-calmo-e-a-vida-emocional-muito-mais-clara\/","title":{"rendered":"Os signos que v\u00e3o sentir a mente mais leve, o cora\u00e7\u00e3o mais calmo e a vida emocional muito mais clara"},"content":{"rendered":"\n<p>A configura\u00e7\u00e3o astrol\u00f3gica atual indica uma transi\u00e7\u00e3o profunda para aqueles que enfrentaram ciclos de exaust\u00e3o mental e sobrecarga emocional recentemente. Este movimento celestial marca o fim de padr\u00f5es repetitivos, abrindo espa\u00e7o para uma clareza que antes parecia inalcan\u00e7\u00e1vel.<\/p>\n\n\n\n<h2 class=\"wp-block-heading\">Como Peixes encontra a serenidade e o fim da confus\u00e3o mental<\/h2>\n\n\n\n<p>O signo de <strong>Peixes<\/strong> finalmente emerge de uma n\u00e9voa densa que dificultava a tomada de decis\u00f5es importantes sobre o futuro pessoal e profissional. A <strong>mente mais leve<\/strong> surge como resultado de um alinhamento entre Saturno e Netuno, permitindo que a intui\u00e7\u00e3o atue sem as interfer\u00eancias do medo ou da ansiedade paralisante.<\/p>\n\n\n\n<p>Ao estabelecer limites saud\u00e1veis com as pessoas ao redor, o pisciano consegue proteger sua <strong>vida emocional<\/strong> de energias invasivas que drenavam sua vitalidade. Praticar a escrita terap\u00eautica ajuda a consolidar essa nova fase de transpar\u00eancia interna e fortalece a autoconfian\u00e7a para os meses que vir\u00e3o agora.<\/p>\n\n\n<div class=\"wp-block-image\">\n<figure class=\"aligncenter size-full\"><img decoding=\"async\" width=\"1280\" height=\"720\" src=\"https:\/\/www.correiobraziliense.com.br\/cbradar\/wp-content\/uploads\/2026\/05\/pessoa-1.jpg\" alt=\"\" class=\"wp-image-235370\" srcset=\"https:\/\/www.correiobraziliense.com.br\/cbradar\/wp-content\/uploads\/2026\/05\/pessoa-1.jpg 1280w, https:\/\/www.correiobraziliense.com.br\/cbradar\/wp-content\/uploads\/2026\/05\/pessoa-1-300x169.jpg 300w, https:\/\/www.correiobraziliense.com.br\/cbradar\/wp-content\/uploads\/2026\/05\/pessoa-1-768x432.jpg 768w, https:\/\/www.correiobraziliense.com.br\/cbradar\/wp-content\/uploads\/2026\/05\/pessoa-1-750x422.jpg 750w, https:\/\/www.correiobraziliense.com.br\/cbradar\/wp-content\/uploads\/2026\/05\/pessoa-1-1140x641.jpg 1140w\" sizes=\"(max-width: 1280px) 100vw, 1280px\" \/><figcaption class=\"wp-element-caption\">O uso de termos objetivos reduz o risco de interpreta\u00e7\u00f5es equivocadas que geram retrabalho e desgaste nas rela\u00e7\u00f5es interpessoais<\/figcaption><\/figure><\/div>\n\n\n<p>Leia tamb\u00e9m:\u00a0<a href=\"https:\/\/www.correiobraziliense.com.br\/cbradar\/3-signos-que-nao-gostam-de-dividir-atencao-e-acabam-sendo-os-mais-ciumentos\/\" target=\"_blank\" rel=\"noreferrer noopener\">3 signos que n\u00e3o gostam de dividir aten\u00e7\u00e3o e acabam sendo os mais ciumentos<\/a><\/p>\n\n\n\n<h2 class=\"wp-block-heading\">O despertar de Touro para uma vida emocional muito mais clara<\/h2>\n\n\n\n<p>Os nativos de <strong>Touro<\/strong> sentir\u00e3o uma redu\u00e7\u00e3o significativa na rigidez mental, permitindo que novas ideias e sentimentos fluam com uma naturalidade revigorante. O <strong>cora\u00e7\u00e3o mais calmo<\/strong> \u00e9 o reflexo direto de uma reorganiza\u00e7\u00e3o de prioridades que coloca o descanso e o prazer sensorial acima de metas inalcan\u00e7\u00e1veis.<\/p>\n\n\n\n<p>Abandonar o controle excessivo sobre o destino permite que o taurino aprecie o presente com uma intensidade que renova o <strong>magnetismo pessoal<\/strong> e atrai conex\u00f5es leves. Aproveite este momento para investir em atividades que reconectam o corpo \u00e0 terra, como o cuidado com plantas ou caminhadas ao ar livre sob o sol.<\/p>\n\n\n\n<h2 class=\"wp-block-heading\">G\u00eameos e o al\u00edvio imediato da sobrecarga de pensamentos<\/h2>\n\n\n\n<p>Para o signo de <strong>G\u00eameos<\/strong>, a agita\u00e7\u00e3o intelectual constante finalmente encontra um ponto de equil\u00edbrio que favorece a concentra\u00e7\u00e3o e a paz de esp\u00edrito. A <strong>clareza mental<\/strong> permite filtrar o excesso de informa\u00e7\u00f5es, transformando o ru\u00eddo di\u00e1rio em sabedoria aplicada para resolver pend\u00eancias que estavam travadas h\u00e1 meses.<\/p>\n\n\n\n<p>Ao simplificar a comunica\u00e7\u00e3o e evitar discuss\u00f5es est\u00e9reis, o geminiano preserva sua <strong>sa\u00fade ps\u00edquica<\/strong> e ganha f\u00f4lego para explorar novos hobbies criativos. Experimentar momentos de sil\u00eancio absoluto durante a rotina matinal pode potencializar esse estado de leveza e garantir que o foco permane\u00e7a nas metas reais.<\/p>\n\n\n<div class=\"wp-block-image\">\n<figure class=\"aligncenter size-full\"><img decoding=\"async\" width=\"1280\" height=\"720\" src=\"https:\/\/www.correiobraziliense.com.br\/cbradar\/wp-content\/uploads\/2026\/04\/superacao-.jpg\" alt=\"\" class=\"wp-image-233388\" srcset=\"https:\/\/www.correiobraziliense.com.br\/cbradar\/wp-content\/uploads\/2026\/04\/superacao-.jpg 1280w, https:\/\/www.correiobraziliense.com.br\/cbradar\/wp-content\/uploads\/2026\/04\/superacao--300x169.jpg 300w, https:\/\/www.correiobraziliense.com.br\/cbradar\/wp-content\/uploads\/2026\/04\/superacao--768x432.jpg 768w, https:\/\/www.correiobraziliense.com.br\/cbradar\/wp-content\/uploads\/2026\/04\/superacao--750x422.jpg 750w, https:\/\/www.correiobraziliense.com.br\/cbradar\/wp-content\/uploads\/2026\/04\/superacao--1140x641.jpg 1140w\" sizes=\"(max-width: 1280px) 100vw, 1280px\" \/><figcaption class=\"wp-element-caption\">O primeiro signo do zod\u00edaco possui uma energia vital que o impede de permanecer estagnado no sofrimento por muito tempo<\/figcaption><\/figure><\/div>\n\n\n<h2 class=\"wp-block-heading\">Passos pr\u00e1ticos para sustentar o equil\u00edbrio energ\u00e9tico no cotidiano<\/h2>\n\n\n\n<p>Adotar rituais que refor\u00e7am a <strong>estabilidade emocional<\/strong> \u00e9 fundamental para que essa janela de calmaria n\u00e3o seja apenas passageira, mas uma mudan\u00e7a permanente. O autoconhecimento funciona como uma b\u00fassola que orienta o indiv\u00edduo atrav\u00e9s das flutua\u00e7\u00f5es externas, garantindo que a <strong>paz interior<\/strong> seja a prioridade absoluta sempre.<\/p>\n\n\n\n<link href=\"https:\/\/fonts.googleapis.com\/css2?family=Inter:wght@400;600;700;800&#038;display=swap\" rel=\"stylesheet\">\n<style>\n\/* Prote\u00e7\u00e3o contra inje\u00e7\u00e3o do \"Veja Tamb\u00e9m\" (JNews inline related posts) *\/\n.rdp-pontos-wrapper .jnews_inline_related_post_wrapper,\n.rdp-pontos-wrapper .jnews_inline_related_post,\n.rdp-pontos-wrapper .jeg_postblock,\n.rdp-pontos-wrapper [class*=\"jnews_inline\"],\n.rdp-pontos-wrapper [class*=\"jeg_postblock\"],\n.rdp-pontos-wrapper [class*=\"jeg_block\"] {\n  display: none !important;\n  height: 0 !important;\n  max-height: 0 !important;\n  overflow: hidden !important;\n  visibility: hidden !important;\n  margin: 0 !important;\n  padding: 0 !important;\n  border: none !important;\n  font-size: 0 !important;\n  line-height: 0 !important;\n}\n.rdp-pontos-wrapper {\n  max-width: 100%;\n  margin: 32px 0;\n  background: #F8F9FA;\n  border: 1px solid #E0E0E0;\n  border-radius: 12px;\n  padding: 28px 28px 20px;\n  font-family: 'Inter', sans-serif;\n  box-shadow: 0 4px 20px rgba(47,195,238,0.12);\n  overflow: hidden;\n  contain: layout style;\n  isolation: isolate;\n  position: relative;\n  z-index: 1;\n}\n.rdp-pontos-wrapper > *:not(.rdp-pontos-title):not(.rdp-pontos-grid) {\n  display: none !important;\n  height: 0 !important;\n  overflow: hidden !important;\n  margin: 0 !important;\n  padding: 0 !important;\n  border: none !important;\n}\n.rdp-pontos-title {\n  font-family: 'Inter', sans-serif;\n  font-size: 20px;\n  font-weight: 800;\n  color: #1A1A1A;\n  margin: 0 0 20px 0;\n  line-height: 1.3;\n  text-align: center;\n}\n.rdp-pontos-grid {\n  display: grid;\n  grid-template-columns: repeat(2, 1fr);\n  gap: 18px;\n}\n.rdp-pontos-item {\n  background: #FFFFFF;\n  border: 1px solid #E0E0E0;\n  border-top: 3px solid #2FC3EE;\n  border-radius: 10px;\n  padding: 22px 20px;\n  box-shadow: 0 2px 10px rgba(47,195,238,0.10);\n  transition: box-shadow 0.3s ease, border-color 0.3s ease;\n  text-align: center;\n}\n.rdp-pontos-item:hover {\n  box-shadow: 0 4px 20px rgba(47,195,238,0.22);\n  border-color: #2FC3EE;\n}\n.rdp-pontos-emoji {\n  font-size: 32px;\n  line-height: 1;\n  margin-bottom: 12px;\n  display: block;\n  text-align: center;\n}\n.rdp-pontos-item-title {\n  font-size: 15px;\n  font-weight: 700;\n  color: #1A1A1A;\n  margin-bottom: 8px;\n  line-height: 1.3;\n}\n.rdp-pontos-item-desc {\n  font-size: 14px;\n  color: #333333;\n  line-height: 1.6;\n  margin: 0;\n}\n@media (max-width: 768px) {\n  .rdp-pontos-wrapper {\n    padding: 20px 16px 14px;\n  }\n  .rdp-pontos-grid {\n    grid-template-columns: 1fr;\n    gap: 14px;\n  }\n  .rdp-pontos-title {\n    font-size: 18px;\n  }\n}\n<\/style>\n\n<div class=\"rdp-pontos-wrapper\">\n  <div class=\"rdp-pontos-title\">H\u00e1bitos Essenciais para o Bem-Estar Mental<\/div>\n  <div class=\"rdp-pontos-grid\">\n    <div class=\"rdp-pontos-item\">\n      <span class=\"rdp-pontos-emoji\">\ud83e\uddd8<\/span>\n      <div class=\"rdp-pontos-item-title\">Medita\u00e7\u00e3o guiada<\/div>\n      <p class=\"rdp-pontos-item-desc\">Auxilia na limpeza de res\u00edduos mentais acumulados durante intera\u00e7\u00f5es estressantes no trabalho ou em casa.<\/p>\n    <\/div>\n    <div class=\"rdp-pontos-item\">\n      <span class=\"rdp-pontos-emoji\">\ud83e\udd57<\/span>\n      <div class=\"rdp-pontos-item-title\">Alimenta\u00e7\u00e3o consciente<\/div>\n      <p class=\"rdp-pontos-item-desc\">Fortalece o v\u00ednculo entre o estado f\u00edsico e a disposi\u00e7\u00e3o emocional necess\u00e1ria para encarar o dia.<\/p>\n    <\/div>\n    <div class=\"rdp-pontos-item\">\n      <span class=\"rdp-pontos-emoji\">\ud83d\udca4<\/span>\n      <div class=\"rdp-pontos-item-title\">Higiene do sono<\/div>\n      <p class=\"rdp-pontos-item-desc\">Garante que o c\u00e9rebro processe as informa\u00e7\u00f5es do dia sem gerar picos de cortisol desnecess\u00e1rios.<\/p>\n    <\/div>\n    <div class=\"rdp-pontos-item\">\n      <span class=\"rdp-pontos-emoji\">\ud83d\udcf1<\/span>\n      <div class=\"rdp-pontos-item-title\">Desconex\u00e3o digital<\/div>\n      <p class=\"rdp-pontos-item-desc\">Reduz a ansiedade causada pela compara\u00e7\u00e3o social e pelo excesso de est\u00edmulos visuais constantes.<\/p>\n    <\/div>\n  <\/div>\n<\/div>\n<div style=\"clear:both;height:0;overflow:hidden;\"><\/div>\n\n\n\n<p>Monitorar as rea\u00e7\u00f5es corporais diante de situa\u00e7\u00f5es desafiadoras ajuda a identificar gatilhos antes que eles dominem a <strong>tranquilidade mental<\/strong> conquistada com tanto esfor\u00e7o. Escolher ambientes que vibram na mesma frequ\u00eancia de paz \u00e9 um ato de respeito com a sua nova trajet\u00f3ria de cura e renova\u00e7\u00e3o pessoal.<\/p>\n\n\n\n<h2 class=\"wp-block-heading\">A chegada de uma era de transpar\u00eancia e felicidade interior<\/h2>\n\n\n\n<p>O encerramento deste ciclo de peso marca o in\u00edcio de uma jornada onde a <strong>leveza de esp\u00edrito<\/strong> deixa de ser um luxo para se tornar o estado natural. Quando o cora\u00e7\u00e3o se acalma, a vis\u00e3o sobre o mundo se expande, permitindo identificar belezas e oportunidades que antes passavam despercebidas pela dor.<\/p>\n\n\n\n<p>Confiar no processo de renova\u00e7\u00e3o astrol\u00f3gica \u00e9 essencial para que a <strong>confian\u00e7a renovada<\/strong> se manifeste em todas as \u00e1reas da vida, do amor \u00e0 carreira. Ao abra\u00e7ar essa nova vers\u00e3o mais clara e decidida de si mesmo, o indiv\u00edduo se torna capaz de manifestar uma realidade muito mais alinhada com seu prop\u00f3sito de alma.<\/p>\n","protected":false},"excerpt":{"rendered":"<p>A configura\u00e7\u00e3o astrol\u00f3gica atual indica uma transi\u00e7\u00e3o profunda para aqueles que enfrentaram ciclos de exaust\u00e3o mental e sobrecarga emocional recentemente. Este movimento celestial marca o fim de padr\u00f5es repetitivos, abrindo espa\u00e7o para uma clareza que antes parecia inalcan\u00e7\u00e1vel. Como Peixes encontra a serenidade e o fim da confus\u00e3o mental O signo de Peixes finalmente emerge [&hellip;]<\/p>\n","protected":false},"author":9,"featured_media":236059,"comment_status":"open","ping_status":"open","sticky":false,"template":"","format":"standard","meta":{"_yoast_wpseo_focuskw":"signos calmos","_yoast_wpseo_title":"","_yoast_wpseo_metadesc":"Nova fase traz al\u00edvio mental, equil\u00edbrio emocional e mais clareza para alguns signos ap\u00f3s um per\u00edodo de sobrecarga e confus\u00e3o.","jnews-multi-image_gallery":[],"jnews_single_post":{"format":"standard"},"jnews_primary_category":[],"jnews_social_meta":[],"jnews_override_counter":[],"footnotes":""},"categories":[112],"tags":[891,18573,18277],"class_list":["post-236051","post","type-post","status-publish","format-standard","has-post-thumbnail","hentry","category-curiosidades","tag-astrologia","tag-magnetismo-pessoal","tag-signos-calmos"],"yoast_head":"<!-- This site is optimized with the Yoast SEO plugin v24.6 - https:\/\/yoast.com\/wordpress\/plugins\/seo\/ -->\n<title>Os signos que v\u00e3o sentir a mente mais leve, o cora\u00e7\u00e3o mais calmo e a vida emocional muito mais clara - Correio Braziliense - Radar<\/title>\n<meta name=\"description\" content=\"Nova fase traz al\u00edvio mental, equil\u00edbrio emocional e mais clareza para alguns signos ap\u00f3s um per\u00edodo de sobrecarga e confus\u00e3o.\" \/>\n<meta name=\"robots\" content=\"index, follow, max-snippet:-1, max-image-preview:large, max-video-preview:-1\" \/>\n<link rel=\"canonical\" href=\"https:\/\/www.correiobraziliense.com.br\/cbradar\/os-signos-que-vao-sentir-a-mente-mais-leve-o-coracao-mais-calmo-e-a-vida-emocional-muito-mais-clara\/\" \/>\n<meta property=\"og:locale\" content=\"pt_BR\" \/>\n<meta property=\"og:type\" content=\"article\" \/>\n<meta property=\"og:title\" content=\"Os signos que v\u00e3o sentir a mente mais leve, o cora\u00e7\u00e3o mais calmo e a vida emocional muito mais clara - Correio Braziliense - Radar\" \/>\n<meta property=\"og:description\" content=\"Nova fase traz al\u00edvio mental, equil\u00edbrio emocional e mais clareza para alguns signos ap\u00f3s um per\u00edodo de sobrecarga e confus\u00e3o.\" \/>\n<meta property=\"og:url\" content=\"https:\/\/www.correiobraziliense.com.br\/cbradar\/os-signos-que-vao-sentir-a-mente-mais-leve-o-coracao-mais-calmo-e-a-vida-emocional-muito-mais-clara\/\" \/>\n<meta property=\"og:site_name\" content=\"Correio Braziliense - Radar\" \/>\n<meta property=\"article:published_time\" content=\"2026-05-03T13:05:00+00:00\" \/>\n<meta property=\"og:image\" content=\"https:\/\/www.correiobraziliense.com.br\/cbradar\/wp-content\/uploads\/2026\/05\/signos-do-dia.jpg\" \/>\n\t<meta property=\"og:image:width\" content=\"1280\" \/>\n\t<meta property=\"og:image:height\" content=\"720\" \/>\n\t<meta property=\"og:image:type\" content=\"image\/jpeg\" \/>\n<meta name=\"author\" content=\"Daniely Cardoso\" \/>\n<meta name=\"twitter:card\" content=\"summary_large_image\" \/>\n<meta name=\"twitter:label1\" content=\"Escrito por\" \/>\n\t<meta name=\"twitter:data1\" content=\"Daniely Cardoso\" \/>\n\t<meta name=\"twitter:label2\" content=\"Est. tempo de leitura\" \/>\n\t<meta name=\"twitter:data2\" content=\"5 minutos\" \/>\n<!-- \/ Yoast SEO plugin. -->","yoast_head_json":{"title":"Os signos que v\u00e3o sentir a mente mais leve, o cora\u00e7\u00e3o mais calmo e a vida emocional muito mais clara - Correio Braziliense - Radar","description":"Nova fase traz al\u00edvio mental, equil\u00edbrio emocional e mais clareza para alguns signos ap\u00f3s um per\u00edodo de sobrecarga e confus\u00e3o.","robots":{"index":"index","follow":"follow","max-snippet":"max-snippet:-1","max-image-preview":"max-image-preview:large","max-video-preview":"max-video-preview:-1"},"canonical":"https:\/\/www.correiobraziliense.com.br\/cbradar\/os-signos-que-vao-sentir-a-mente-mais-leve-o-coracao-mais-calmo-e-a-vida-emocional-muito-mais-clara\/","og_locale":"pt_BR","og_type":"article","og_title":"Os signos que v\u00e3o sentir a mente mais leve, o cora\u00e7\u00e3o mais calmo e a vida emocional muito mais clara - Correio Braziliense - Radar","og_description":"Nova fase traz al\u00edvio mental, equil\u00edbrio emocional e mais clareza para alguns signos ap\u00f3s um per\u00edodo de sobrecarga e confus\u00e3o.","og_url":"https:\/\/www.correiobraziliense.com.br\/cbradar\/os-signos-que-vao-sentir-a-mente-mais-leve-o-coracao-mais-calmo-e-a-vida-emocional-muito-mais-clara\/","og_site_name":"Correio Braziliense - Radar","article_published_time":"2026-05-03T13:05:00+00:00","og_image":[{"width":1280,"height":720,"url":"https:\/\/www.correiobraziliense.com.br\/cbradar\/wp-content\/uploads\/2026\/05\/signos-do-dia.jpg","type":"image\/jpeg"}],"author":"Daniely Cardoso","twitter_card":"summary_large_image","twitter_misc":{"Escrito por":"Daniely Cardoso","Est. tempo de leitura":"5 minutos"},"schema":{"@context":"https:\/\/schema.org","@graph":[{"@type":"WebPage","@id":"https:\/\/www.correiobraziliense.com.br\/cbradar\/os-signos-que-vao-sentir-a-mente-mais-leve-o-coracao-mais-calmo-e-a-vida-emocional-muito-mais-clara\/","url":"https:\/\/www.correiobraziliense.com.br\/cbradar\/os-signos-que-vao-sentir-a-mente-mais-leve-o-coracao-mais-calmo-e-a-vida-emocional-muito-mais-clara\/","name":"Os signos que v\u00e3o sentir a mente mais leve, o cora\u00e7\u00e3o mais calmo e a vida emocional muito mais clara - Correio Braziliense - Radar","isPartOf":{"@id":"https:\/\/www.correiobraziliense.com.br\/cbradar\/#website"},"primaryImageOfPage":{"@id":"https:\/\/www.correiobraziliense.com.br\/cbradar\/os-signos-que-vao-sentir-a-mente-mais-leve-o-coracao-mais-calmo-e-a-vida-emocional-muito-mais-clara\/#primaryimage"},"image":{"@id":"https:\/\/www.correiobraziliense.com.br\/cbradar\/os-signos-que-vao-sentir-a-mente-mais-leve-o-coracao-mais-calmo-e-a-vida-emocional-muito-mais-clara\/#primaryimage"},"thumbnailUrl":"https:\/\/www.correiobraziliense.com.br\/cbradar\/wp-content\/uploads\/2026\/05\/signos-do-dia.jpg","datePublished":"2026-05-03T13:05:00+00:00","author":{"@id":"https:\/\/www.correiobraziliense.com.br\/cbradar\/#\/schema\/person\/7356666e12ec0ee53f348ee5db227032"},"description":"Nova fase traz al\u00edvio mental, equil\u00edbrio emocional e mais clareza para alguns signos ap\u00f3s um per\u00edodo de sobrecarga e confus\u00e3o.","breadcrumb":{"@id":"https:\/\/www.correiobraziliense.com.br\/cbradar\/os-signos-que-vao-sentir-a-mente-mais-leve-o-coracao-mais-calmo-e-a-vida-emocional-muito-mais-clara\/#breadcrumb"},"inLanguage":"pt-BR","potentialAction":[{"@type":"ReadAction","target":["https:\/\/www.correiobraziliense.com.br\/cbradar\/os-signos-que-vao-sentir-a-mente-mais-leve-o-coracao-mais-calmo-e-a-vida-emocional-muito-mais-clara\/"]}]},{"@type":"ImageObject","inLanguage":"pt-BR","@id":"https:\/\/www.correiobraziliense.com.br\/cbradar\/os-signos-que-vao-sentir-a-mente-mais-leve-o-coracao-mais-calmo-e-a-vida-emocional-muito-mais-clara\/#primaryimage","url":"https:\/\/www.correiobraziliense.com.br\/cbradar\/wp-content\/uploads\/2026\/05\/signos-do-dia.jpg","contentUrl":"https:\/\/www.correiobraziliense.com.br\/cbradar\/wp-content\/uploads\/2026\/05\/signos-do-dia.jpg","width":1280,"height":720,"caption":"A clareza mental permite filtrar o excesso de informa\u00e7\u00f5es"},{"@type":"BreadcrumbList","@id":"https:\/\/www.correiobraziliense.com.br\/cbradar\/os-signos-que-vao-sentir-a-mente-mais-leve-o-coracao-mais-calmo-e-a-vida-emocional-muito-mais-clara\/#breadcrumb","itemListElement":[{"@type":"ListItem","position":1,"name":"In\u00edcio","item":"https:\/\/www.correiobraziliense.com.br\/cbradar\/"},{"@type":"ListItem","position":2,"name":"Os signos que v\u00e3o sentir a mente mais leve, o cora\u00e7\u00e3o mais calmo e a vida emocional muito mais clara"}]},{"@type":"WebSite","@id":"https:\/\/www.correiobraziliense.com.br\/cbradar\/#website","url":"https:\/\/www.correiobraziliense.com.br\/cbradar\/","name":"Correio Braziliense - Radar","description":"Acompanhe as \u00faltimas not\u00edcias e fique bem informado sobre tudo o que acontece no Brasil e no mundo.","potentialAction":[{"@type":"SearchAction","target":{"@type":"EntryPoint","urlTemplate":"https:\/\/www.correiobraziliense.com.br\/cbradar\/?s={search_term_string}"},"query-input":{"@type":"PropertyValueSpecification","valueRequired":true,"valueName":"search_term_string"}}],"inLanguage":"pt-BR"},{"@type":"Person","@id":"https:\/\/www.correiobraziliense.com.br\/cbradar\/#\/schema\/person\/7356666e12ec0ee53f348ee5db227032","name":"Daniely Cardoso","image":{"@type":"ImageObject","inLanguage":"pt-BR","@id":"https:\/\/www.correiobraziliense.com.br\/cbradar\/#\/schema\/person\/image\/","url":"https:\/\/secure.gravatar.com\/avatar\/4b80ddbd124d1f071b626d52d62e5dff?s=96&d=mm&r=g","contentUrl":"https:\/\/secure.gravatar.com\/avatar\/4b80ddbd124d1f071b626d52d62e5dff?s=96&d=mm&r=g","caption":"Daniely Cardoso"},"description":"Redatora nos portais CB Radar e EM Foco, formada pela Universidade Federal de Goi\u00e1s, em Goi\u00e2nia. Apaixonada por comunica\u00e7\u00e3o, arte, decora\u00e7\u00e3o e tend\u00eancias, atuo na produ\u00e7\u00e3o de conte\u00fados envolventes sobre curiosidades, moda, beleza e paisagismo, sempre com um olhar atento \u00e0s novidades do momento.","sameAs":["https:\/\/www.correiobraziliense.com.br\/cbradar"],"url":"https:\/\/www.correiobraziliense.com.br\/cbradar\/author\/danielymyth\/"}]}},"_links":{"self":[{"href":"https:\/\/www.correiobraziliense.com.br\/cbradar\/wp-json\/wp\/v2\/posts\/236051","targetHints":{"allow":["GET"]}}],"collection":[{"href":"https:\/\/www.correiobraziliense.com.br\/cbradar\/wp-json\/wp\/v2\/posts"}],"about":[{"href":"https:\/\/www.correiobraziliense.com.br\/cbradar\/wp-json\/wp\/v2\/types\/post"}],"author":[{"embeddable":true,"href":"https:\/\/www.correiobraziliense.com.br\/cbradar\/wp-json\/wp\/v2\/users\/9"}],"replies":[{"embeddable":true,"href":"https:\/\/www.correiobraziliense.com.br\/cbradar\/wp-json\/wp\/v2\/comments?post=236051"}],"version-history":[{"count":1,"href":"https:\/\/www.correiobraziliense.com.br\/cbradar\/wp-json\/wp\/v2\/posts\/236051\/revisions"}],"predecessor-version":[{"id":236058,"href":"https:\/\/www.correiobraziliense.com.br\/cbradar\/wp-json\/wp\/v2\/posts\/236051\/revisions\/236058"}],"wp:featuredmedia":[{"embeddable":true,"href":"https:\/\/www.correiobraziliense.com.br\/cbradar\/wp-json\/wp\/v2\/media\/236059"}],"wp:attachment":[{"href":"https:\/\/www.correiobraziliense.com.br\/cbradar\/wp-json\/wp\/v2\/media?parent=236051"}],"wp:term":[{"taxonomy":"category","embeddable":true,"href":"https:\/\/www.correiobraziliense.com.br\/cbradar\/wp-json\/wp\/v2\/categories?post=236051"},{"taxonomy":"post_tag","embeddable":true,"href":"https:\/\/www.correiobraziliense.com.br\/cbradar\/wp-json\/wp\/v2\/tags?post=236051"}],"curies":[{"name":"wp","href":"https:\/\/api.w.org\/{rel}","templated":true}]}}