{"id":236082,"date":"2026-05-03T06:15:00","date_gmt":"2026-05-03T09:15:00","guid":{"rendered":"https:\/\/www.correiobraziliense.com.br\/cbradar\/?p=236082"},"modified":"2026-05-02T13:48:57","modified_gmt":"2026-05-02T16:48:57","slug":"presentes-de-maquiagem-que-deixam-o-dia-das-maes-mais-bonito-carinhoso-e-cheio-de-estilo","status":"publish","type":"post","link":"https:\/\/www.correiobraziliense.com.br\/cbradar\/presentes-de-maquiagem-que-deixam-o-dia-das-maes-mais-bonito-carinhoso-e-cheio-de-estilo\/","title":{"rendered":"Presentes de maquiagem que deixam o Dia das M\u00e3es mais bonito, carinhoso e cheio de estilo"},"content":{"rendered":"\n<p>A escolha de itens de beleza representa um gesto de cuidado pessoal que atravessa gera\u00e7\u00f5es e refor\u00e7a a autoestima feminina em datas especiais. Encontrar o <strong>conjunto de cosm\u00e9ticos<\/strong> ideal exige um olhar atento aos detalhes que combinam com a personalidade e a rotina de quem sempre cuidou de todos.<\/p>\n\n\n\n<h2 class=\"wp-block-heading\">Como escolher a base perfeita para peles maduras<\/h2>\n\n\n\n<p>O primeiro passo para um visual radiante envolve a sele\u00e7\u00e3o de uma <strong>base hidratante<\/strong> com acabamento acetinado, evitando que o produto marque linhas de express\u00e3o. Marcas consagradas como <strong>Natura<\/strong> e <strong>Botic\u00e1rio<\/strong> oferecem f\u00f3rmulas ricas em ativos que tratam o rosto enquanto proporcionam cobertura natural.<\/p>\n\n\n\n<p>Ao aplicar o produto com uma esponja \u00famida, a textura funde-se melhor \u00e0 derme, garantindo um brilho saud\u00e1vel e jovial durante todo o domingo festivo. Investir em tecnologias de <strong>difus\u00e3o \u00f3ptica<\/strong> ajuda a minimizar poros e imperfei\u00e7\u00f5es de forma imediata e elegante.<\/p>\n\n\n<div class=\"wp-block-image\">\n<figure class=\"aligncenter size-full\"><img decoding=\"async\" width=\"1280\" height=\"720\" src=\"https:\/\/www.correiobraziliense.com.br\/cbradar\/wp-content\/uploads\/2026\/04\/presente-para-o-dia-das-maes.jpg\" alt=\"\" class=\"wp-image-233365\" srcset=\"https:\/\/www.correiobraziliense.com.br\/cbradar\/wp-content\/uploads\/2026\/04\/presente-para-o-dia-das-maes.jpg 1280w, https:\/\/www.correiobraziliense.com.br\/cbradar\/wp-content\/uploads\/2026\/04\/presente-para-o-dia-das-maes-300x169.jpg 300w, https:\/\/www.correiobraziliense.com.br\/cbradar\/wp-content\/uploads\/2026\/04\/presente-para-o-dia-das-maes-768x432.jpg 768w, https:\/\/www.correiobraziliense.com.br\/cbradar\/wp-content\/uploads\/2026\/04\/presente-para-o-dia-das-maes-750x422.jpg 750w, https:\/\/www.correiobraziliense.com.br\/cbradar\/wp-content\/uploads\/2026\/04\/presente-para-o-dia-das-maes-1140x641.jpg 1140w\" sizes=\"(max-width: 1280px) 100vw, 1280px\" \/><figcaption class=\"wp-element-caption\">Identificar as necessidades da pele e os h\u00e1bitos di\u00e1rios \u00e9 o primeiro passo para acertar na escolha do presente de beleza perfeito neste ano<\/figcaption><\/figure><\/div>\n\n\n<p>Leia tamb\u00e9m: <a href=\"https:\/\/www.correiobraziliense.com.br\/cbradar\/3-formas-elegantes-criativas-e-cheias-de-significado-de-usar-um-pingente-personalizado-no-dia-a-dia-para-deixar-o-visual-mais-sofisticado-e-a-producao-mais-unica\/\" target=\"_blank\" rel=\"noreferrer noopener\">3 formas elegantes, criativas e cheias de significado de usar um pingente personalizado no dia a dia para deixar o visual mais sofisticado e a produ\u00e7\u00e3o mais \u00fanica<\/a><\/p>\n\n\n\n<h2 class=\"wp-block-heading\">Paletas de sombras vers\u00e1teis para looks do dia e da noite<\/h2>\n\n\n\n<p>As <strong>sombras neutras<\/strong> em tons de marrom, terracota e dourado s\u00e3o escolhas seguras e extremamente elegantes para presentear mulheres que preferem um estilo cl\u00e1ssico. Ter um estojo compacto permite que ela leve o brilho essencial na bolsa, facilitando retoques r\u00e1pidos entre um almo\u00e7o e um jantar comemorativo.<\/p>\n\n\n\n<p>Texturas aveludadas facilitam o esfumado, permitindo que mesmo quem n\u00e3o possui habilidades profissionais consiga um resultado digno de sal\u00e3o. Optar por estojos da <strong>MAC<\/strong> ou <strong>Eudora<\/strong> garante pigmenta\u00e7\u00e3o alta e durabilidade estendida para suportar as emo\u00e7\u00f5es do <strong>Dia das M\u00e3es<\/strong>.<\/p>\n\n\n\n<h2 class=\"wp-block-heading\">Batons marcantes que definem a personalidade feminina<\/h2>\n\n\n\n<p>Um <strong>batom vermelho<\/strong> cl\u00e1ssico ou um nude sofisticado tem o poder de transformar qualquer produ\u00e7\u00e3o b\u00e1sica em algo memor\u00e1vel e cheio de atitude. F\u00f3rmulas com <strong>\u00e1cido hialur\u00f4nico<\/strong> s\u00e3o excelentes op\u00e7\u00f5es de presentes, pois mant\u00eam os l\u00e1bios volumosos e profundamente hidratados por mais tempo.<\/p>\n\n\n\n<figure class=\"wp-block-embed is-type-rich is-provider-pinterest wp-block-embed-pinterest\"><div class=\"wp-block-embed__wrapper\">\n<iframe loading=\"lazy\" title=\" \" src=\"https:\/\/assets.pinterest.com\/ext\/embed.html?id=2392606047128314&#038;src=oembed\" height=\"875\" width=\"450\" frameborder=\"0\" scrolling=\"no\" ><\/iframe>\n<\/div><\/figure>\n\n\n\n<p>Para garantir a precis\u00e3o no contorno, o uso de um l\u00e1pis labial no mesmo tom evita que a cor migre para as pequenas rugas ao redor da boca. Manter o equil\u00edbrio entre o brilho do gloss e o conforto do acabamento matte \u00e9 o segredo para o bem-estar cont\u00ednuo.<\/p>\n\n\n\n<h2 class=\"wp-block-heading\">Itens essenciais para montar um kit de beleza completo<\/h2>\n\n\n\n<p>Montar um presente personalizado demonstra dedica\u00e7\u00e3o e conhecimento sobre os gostos espec\u00edficos de quem receber\u00e1 o mimo no <strong>Brasil<\/strong>. Reunir produtos que atendam desde a prepara\u00e7\u00e3o at\u00e9 a finaliza\u00e7\u00e3o cria uma experi\u00eancia completa de <strong>spa em casa<\/strong>.<\/p>\n\n\n\n<figure class=\"wp-block-image size-full\"><img decoding=\"async\" width=\"1280\" height=\"720\" src=\"https:\/\/www.correiobraziliense.com.br\/cbradar\/wp-content\/uploads\/2026\/05\/maquiagem-1.jpg\" alt=\"\" class=\"wp-image-236086\" srcset=\"https:\/\/www.correiobraziliense.com.br\/cbradar\/wp-content\/uploads\/2026\/05\/maquiagem-1.jpg 1280w, https:\/\/www.correiobraziliense.com.br\/cbradar\/wp-content\/uploads\/2026\/05\/maquiagem-1-300x169.jpg 300w, https:\/\/www.correiobraziliense.com.br\/cbradar\/wp-content\/uploads\/2026\/05\/maquiagem-1-768x432.jpg 768w, https:\/\/www.correiobraziliense.com.br\/cbradar\/wp-content\/uploads\/2026\/05\/maquiagem-1-750x422.jpg 750w, https:\/\/www.correiobraziliense.com.br\/cbradar\/wp-content\/uploads\/2026\/05\/maquiagem-1-1140x641.jpg 1140w\" sizes=\"(max-width: 1280px) 100vw, 1280px\" \/><\/figure>\n\n\n\n<h2 class=\"wp-block-heading\">O toque final para uma pele iluminada e protegida<\/h2>\n\n\n\n<p>Finalizar a rotina com um <strong>p\u00f3 transl\u00facido<\/strong> ultrafino garante que a maquiagem resista ao clima tropical sem perder o aspecto de frescor necess\u00e1rio. Protetores solares com cor tamb\u00e9m surgem como aliados pr\u00e1ticos para o cotidiano din\u00e2mico das mulheres modernas em <strong>Goi\u00e1s<\/strong> ou em qualquer regi\u00e3o ensolarada.<\/p>\n\n\n\n<p>A aten\u00e7\u00e3o aos ingredientes hipoalerg\u00eanicos evita irrita\u00e7\u00f5es e garante que o momento de beleza seja apenas de prazer e relaxamento absoluto. Observar se o produto oferece prote\u00e7\u00e3o contra a <strong>luz azul<\/strong> dos aparelhos eletr\u00f4nicos \u00e9 um diferencial tecnol\u00f3gico importante atualmente.<\/p>\n\n\n\n<h2 class=\"wp-block-heading\">Beleza e cuidado como formas de gratid\u00e3o eterna<\/h2>\n\n\n\n<p>Celebrar essa uni\u00e3o atrav\u00e9s de cores e texturas \u00e9 uma maneira delicada de dizer o quanto a presen\u00e7a dela \u00e9 valorizada no ambiente familiar. Escolher itens de <strong>maquiagem premium<\/strong> reflete o desejo de oferecer sempre o melhor para quem \u00e9 a base de tudo.<\/p>\n\n\n\n<p>Cada detalhe, desde a embalagem at\u00e9 a fragr\u00e2ncia dos produtos, contribui para uma mem\u00f3ria afetiva que ser\u00e1 recordada com carinho a cada nova aplica\u00e7\u00e3o. O verdadeiro presente reside na inten\u00e7\u00e3o de proporcionar momentos de <strong>autoamor<\/strong> e renova\u00e7\u00e3o constante para a mulher mais importante da vida.<\/p>\n","protected":false},"excerpt":{"rendered":"<p>A escolha de itens de beleza representa um gesto de cuidado pessoal que atravessa gera\u00e7\u00f5es e refor\u00e7a a autoestima feminina em datas especiais. Encontrar o conjunto de cosm\u00e9ticos ideal exige um olhar atento aos detalhes que combinam com a personalidade e a rotina de quem sempre cuidou de todos. Como escolher a base perfeita para [&hellip;]<\/p>\n","protected":false},"author":9,"featured_media":236085,"comment_status":"open","ping_status":"open","sticky":false,"template":"","format":"standard","meta":{"_yoast_wpseo_focuskw":"presente dia das M\u00e3es","_yoast_wpseo_title":"","_yoast_wpseo_metadesc":"Aprenda a montar um kit de maquiagem completo e elegante, ideal para valorizar a beleza e surpreender no Dia das M\u00e3es.","jnews-multi-image_gallery":[],"jnews_single_post":{"format":"standard"},"jnews_primary_category":[],"jnews_social_meta":[],"jnews_override_counter":[],"footnotes":""},"categories":[124],"tags":[3926,17362,3370],"class_list":["post-236082","post","type-post","status-publish","format-standard","has-post-thumbnail","hentry","category-beleza","tag-dia-das-maes","tag-kit-de-maquiagem","tag-maquiagem"],"yoast_head":"<!-- This site is optimized with the Yoast SEO plugin v24.6 - https:\/\/yoast.com\/wordpress\/plugins\/seo\/ -->\n<title>Presentes de maquiagem que deixam o Dia das M\u00e3es mais bonito, carinhoso e cheio de estilo - Correio Braziliense - Radar<\/title>\n<meta name=\"description\" content=\"Aprenda a montar um kit de maquiagem completo e elegante, ideal para valorizar a beleza e surpreender no Dia das M\u00e3es.\" \/>\n<meta name=\"robots\" content=\"index, follow, max-snippet:-1, max-image-preview:large, max-video-preview:-1\" \/>\n<link rel=\"canonical\" href=\"https:\/\/www.correiobraziliense.com.br\/cbradar\/presentes-de-maquiagem-que-deixam-o-dia-das-maes-mais-bonito-carinhoso-e-cheio-de-estilo\/\" \/>\n<meta property=\"og:locale\" content=\"pt_BR\" \/>\n<meta property=\"og:type\" content=\"article\" \/>\n<meta property=\"og:title\" content=\"Presentes de maquiagem que deixam o Dia das M\u00e3es mais bonito, carinhoso e cheio de estilo - Correio Braziliense - Radar\" \/>\n<meta property=\"og:description\" content=\"Aprenda a montar um kit de maquiagem completo e elegante, ideal para valorizar a beleza e surpreender no Dia das M\u00e3es.\" \/>\n<meta property=\"og:url\" content=\"https:\/\/www.correiobraziliense.com.br\/cbradar\/presentes-de-maquiagem-que-deixam-o-dia-das-maes-mais-bonito-carinhoso-e-cheio-de-estilo\/\" \/>\n<meta property=\"og:site_name\" content=\"Correio Braziliense - Radar\" \/>\n<meta property=\"article:published_time\" content=\"2026-05-03T09:15:00+00:00\" \/>\n<meta property=\"og:image\" content=\"https:\/\/www.correiobraziliense.com.br\/cbradar\/wp-content\/uploads\/2026\/05\/maquiagem.jpg\" \/>\n\t<meta property=\"og:image:width\" content=\"1280\" \/>\n\t<meta property=\"og:image:height\" content=\"720\" \/>\n\t<meta property=\"og:image:type\" content=\"image\/jpeg\" \/>\n<meta name=\"author\" content=\"Daniely Cardoso\" \/>\n<meta name=\"twitter:card\" content=\"summary_large_image\" \/>\n<meta name=\"twitter:label1\" content=\"Escrito por\" \/>\n\t<meta name=\"twitter:data1\" content=\"Daniely Cardoso\" \/>\n\t<meta name=\"twitter:label2\" content=\"Est. tempo de leitura\" \/>\n\t<meta name=\"twitter:data2\" content=\"5 minutos\" \/>\n<!-- \/ Yoast SEO plugin. -->","yoast_head_json":{"title":"Presentes de maquiagem que deixam o Dia das M\u00e3es mais bonito, carinhoso e cheio de estilo - Correio Braziliense - Radar","description":"Aprenda a montar um kit de maquiagem completo e elegante, ideal para valorizar a beleza e surpreender no Dia das M\u00e3es.","robots":{"index":"index","follow":"follow","max-snippet":"max-snippet:-1","max-image-preview":"max-image-preview:large","max-video-preview":"max-video-preview:-1"},"canonical":"https:\/\/www.correiobraziliense.com.br\/cbradar\/presentes-de-maquiagem-que-deixam-o-dia-das-maes-mais-bonito-carinhoso-e-cheio-de-estilo\/","og_locale":"pt_BR","og_type":"article","og_title":"Presentes de maquiagem que deixam o Dia das M\u00e3es mais bonito, carinhoso e cheio de estilo - Correio Braziliense - Radar","og_description":"Aprenda a montar um kit de maquiagem completo e elegante, ideal para valorizar a beleza e surpreender no Dia das M\u00e3es.","og_url":"https:\/\/www.correiobraziliense.com.br\/cbradar\/presentes-de-maquiagem-que-deixam-o-dia-das-maes-mais-bonito-carinhoso-e-cheio-de-estilo\/","og_site_name":"Correio Braziliense - Radar","article_published_time":"2026-05-03T09:15:00+00:00","og_image":[{"width":1280,"height":720,"url":"https:\/\/www.correiobraziliense.com.br\/cbradar\/wp-content\/uploads\/2026\/05\/maquiagem.jpg","type":"image\/jpeg"}],"author":"Daniely Cardoso","twitter_card":"summary_large_image","twitter_misc":{"Escrito por":"Daniely Cardoso","Est. tempo de leitura":"5 minutos"},"schema":{"@context":"https:\/\/schema.org","@graph":[{"@type":"WebPage","@id":"https:\/\/www.correiobraziliense.com.br\/cbradar\/presentes-de-maquiagem-que-deixam-o-dia-das-maes-mais-bonito-carinhoso-e-cheio-de-estilo\/","url":"https:\/\/www.correiobraziliense.com.br\/cbradar\/presentes-de-maquiagem-que-deixam-o-dia-das-maes-mais-bonito-carinhoso-e-cheio-de-estilo\/","name":"Presentes de maquiagem que deixam o Dia das M\u00e3es mais bonito, carinhoso e cheio de estilo - Correio Braziliense - Radar","isPartOf":{"@id":"https:\/\/www.correiobraziliense.com.br\/cbradar\/#website"},"primaryImageOfPage":{"@id":"https:\/\/www.correiobraziliense.com.br\/cbradar\/presentes-de-maquiagem-que-deixam-o-dia-das-maes-mais-bonito-carinhoso-e-cheio-de-estilo\/#primaryimage"},"image":{"@id":"https:\/\/www.correiobraziliense.com.br\/cbradar\/presentes-de-maquiagem-que-deixam-o-dia-das-maes-mais-bonito-carinhoso-e-cheio-de-estilo\/#primaryimage"},"thumbnailUrl":"https:\/\/www.correiobraziliense.com.br\/cbradar\/wp-content\/uploads\/2026\/05\/maquiagem.jpg","datePublished":"2026-05-03T09:15:00+00:00","author":{"@id":"https:\/\/www.correiobraziliense.com.br\/cbradar\/#\/schema\/person\/7356666e12ec0ee53f348ee5db227032"},"description":"Aprenda a montar um kit de maquiagem completo e elegante, ideal para valorizar a beleza e surpreender no Dia das M\u00e3es.","breadcrumb":{"@id":"https:\/\/www.correiobraziliense.com.br\/cbradar\/presentes-de-maquiagem-que-deixam-o-dia-das-maes-mais-bonito-carinhoso-e-cheio-de-estilo\/#breadcrumb"},"inLanguage":"pt-BR","potentialAction":[{"@type":"ReadAction","target":["https:\/\/www.correiobraziliense.com.br\/cbradar\/presentes-de-maquiagem-que-deixam-o-dia-das-maes-mais-bonito-carinhoso-e-cheio-de-estilo\/"]}]},{"@type":"ImageObject","inLanguage":"pt-BR","@id":"https:\/\/www.correiobraziliense.com.br\/cbradar\/presentes-de-maquiagem-que-deixam-o-dia-das-maes-mais-bonito-carinhoso-e-cheio-de-estilo\/#primaryimage","url":"https:\/\/www.correiobraziliense.com.br\/cbradar\/wp-content\/uploads\/2026\/05\/maquiagem.jpg","contentUrl":"https:\/\/www.correiobraziliense.com.br\/cbradar\/wp-content\/uploads\/2026\/05\/maquiagem.jpg","width":1280,"height":720,"caption":"Um batom vermelho cl\u00e1ssico ou um nude sofisticado tem o poder de transformar qualquer produ\u00e7\u00e3o b\u00e1sica em algo memor\u00e1vel e cheio de atitude"},{"@type":"BreadcrumbList","@id":"https:\/\/www.correiobraziliense.com.br\/cbradar\/presentes-de-maquiagem-que-deixam-o-dia-das-maes-mais-bonito-carinhoso-e-cheio-de-estilo\/#breadcrumb","itemListElement":[{"@type":"ListItem","position":1,"name":"In\u00edcio","item":"https:\/\/www.correiobraziliense.com.br\/cbradar\/"},{"@type":"ListItem","position":2,"name":"Presentes de maquiagem que deixam o Dia das M\u00e3es mais bonito, carinhoso e cheio de estilo"}]},{"@type":"WebSite","@id":"https:\/\/www.correiobraziliense.com.br\/cbradar\/#website","url":"https:\/\/www.correiobraziliense.com.br\/cbradar\/","name":"Correio Braziliense - Radar","description":"Acompanhe as \u00faltimas not\u00edcias e fique bem informado sobre tudo o que acontece no Brasil e no mundo.","potentialAction":[{"@type":"SearchAction","target":{"@type":"EntryPoint","urlTemplate":"https:\/\/www.correiobraziliense.com.br\/cbradar\/?s={search_term_string}"},"query-input":{"@type":"PropertyValueSpecification","valueRequired":true,"valueName":"search_term_string"}}],"inLanguage":"pt-BR"},{"@type":"Person","@id":"https:\/\/www.correiobraziliense.com.br\/cbradar\/#\/schema\/person\/7356666e12ec0ee53f348ee5db227032","name":"Daniely Cardoso","image":{"@type":"ImageObject","inLanguage":"pt-BR","@id":"https:\/\/www.correiobraziliense.com.br\/cbradar\/#\/schema\/person\/image\/","url":"https:\/\/secure.gravatar.com\/avatar\/4b80ddbd124d1f071b626d52d62e5dff?s=96&d=mm&r=g","contentUrl":"https:\/\/secure.gravatar.com\/avatar\/4b80ddbd124d1f071b626d52d62e5dff?s=96&d=mm&r=g","caption":"Daniely Cardoso"},"description":"Redatora nos portais CB Radar e EM Foco, formada pela Universidade Federal de Goi\u00e1s, em Goi\u00e2nia. Apaixonada por comunica\u00e7\u00e3o, arte, decora\u00e7\u00e3o e tend\u00eancias, atuo na produ\u00e7\u00e3o de conte\u00fados envolventes sobre curiosidades, moda, beleza e paisagismo, sempre com um olhar atento \u00e0s novidades do momento.","sameAs":["https:\/\/www.correiobraziliense.com.br\/cbradar"],"url":"https:\/\/www.correiobraziliense.com.br\/cbradar\/author\/danielymyth\/"}]}},"_links":{"self":[{"href":"https:\/\/www.correiobraziliense.com.br\/cbradar\/wp-json\/wp\/v2\/posts\/236082","targetHints":{"allow":["GET"]}}],"collection":[{"href":"https:\/\/www.correiobraziliense.com.br\/cbradar\/wp-json\/wp\/v2\/posts"}],"about":[{"href":"https:\/\/www.correiobraziliense.com.br\/cbradar\/wp-json\/wp\/v2\/types\/post"}],"author":[{"embeddable":true,"href":"https:\/\/www.correiobraziliense.com.br\/cbradar\/wp-json\/wp\/v2\/users\/9"}],"replies":[{"embeddable":true,"href":"https:\/\/www.correiobraziliense.com.br\/cbradar\/wp-json\/wp\/v2\/comments?post=236082"}],"version-history":[{"count":1,"href":"https:\/\/www.correiobraziliense.com.br\/cbradar\/wp-json\/wp\/v2\/posts\/236082\/revisions"}],"predecessor-version":[{"id":236087,"href":"https:\/\/www.correiobraziliense.com.br\/cbradar\/wp-json\/wp\/v2\/posts\/236082\/revisions\/236087"}],"wp:featuredmedia":[{"embeddable":true,"href":"https:\/\/www.correiobraziliense.com.br\/cbradar\/wp-json\/wp\/v2\/media\/236085"}],"wp:attachment":[{"href":"https:\/\/www.correiobraziliense.com.br\/cbradar\/wp-json\/wp\/v2\/media?parent=236082"}],"wp:term":[{"taxonomy":"category","embeddable":true,"href":"https:\/\/www.correiobraziliense.com.br\/cbradar\/wp-json\/wp\/v2\/categories?post=236082"},{"taxonomy":"post_tag","embeddable":true,"href":"https:\/\/www.correiobraziliense.com.br\/cbradar\/wp-json\/wp\/v2\/tags?post=236082"}],"curies":[{"name":"wp","href":"https:\/\/api.w.org\/{rel}","templated":true}]}}