{"id":236088,"date":"2026-05-03T08:05:00","date_gmt":"2026-05-03T11:05:00","guid":{"rendered":"https:\/\/www.correiobraziliense.com.br\/cbradar\/?p=236088"},"modified":"2026-05-02T13:55:48","modified_gmt":"2026-05-02T16:55:48","slug":"perfumes-do-boticario-que-deixam-o-presente-do-dia-das-maes-mais-elegante-emocionante-e-inesquecivel","status":"publish","type":"post","link":"https:\/\/www.correiobraziliense.com.br\/cbradar\/perfumes-do-boticario-que-deixam-o-presente-do-dia-das-maes-mais-elegante-emocionante-e-inesquecivel\/","title":{"rendered":"Perfumes do Botic\u00e1rio que deixam o presente do Dia das M\u00e3es mais elegante, emocionante e inesquec\u00edvel"},"content":{"rendered":"\n<p>A escolha de um aroma marcante \u00e9 capaz de eternizar mem\u00f3rias afetivas e transmitir sentimentos que as palavras muitas vezes n\u00e3o alcan\u00e7am. Encontrar o <strong>perfume ideal<\/strong> exige compreender as notas que melhor expressam a ess\u00eancia e a for\u00e7a da mulher que receber\u00e1 essa homenagem especial.<\/p>\n\n\n\n<h2 class=\"wp-block-heading\">O magnetismo das flores brancas no Lily Eau de Parfum<\/h2>\n\n\n\n<p>O <strong>Lily Eau de Parfum<\/strong> destaca-se como uma das joias da perfumaria feminina nacional devido ao seu processo exclusivo de <strong>enfleurage<\/strong>. Essa t\u00e9cnica artesanal extrai o \u00f3leo essencial dos l\u00edrios com pureza, resultando em uma fragr\u00e2ncia floral rica, encorpada e extremamente elegante para ocasi\u00f5es memor\u00e1veis.<\/p>\n\n\n\n<p>Ao presentear com este cl\u00e1ssico do <strong>Botic\u00e1rio<\/strong>, voc\u00ea oferece um toque de luxo que permanece na pele por longas horas com alta fixa\u00e7\u00e3o. Combinar o frasco sofisticado com um creme acetinado da mesma linha potencializa a experi\u00eancia sensorial e garante uma hidrata\u00e7\u00e3o profunda com o mesmo aroma.<\/p>\n\n\n<div class=\"wp-block-image\">\n<figure class=\"aligncenter size-full\"><img decoding=\"async\" width=\"1280\" height=\"720\" src=\"https:\/\/www.correiobraziliense.com.br\/cbradar\/wp-content\/uploads\/2026\/05\/perfume-.jpg\" alt=\"\" class=\"wp-image-236095\" srcset=\"https:\/\/www.correiobraziliense.com.br\/cbradar\/wp-content\/uploads\/2026\/05\/perfume-.jpg 1280w, https:\/\/www.correiobraziliense.com.br\/cbradar\/wp-content\/uploads\/2026\/05\/perfume--300x169.jpg 300w, https:\/\/www.correiobraziliense.com.br\/cbradar\/wp-content\/uploads\/2026\/05\/perfume--768x432.jpg 768w, https:\/\/www.correiobraziliense.com.br\/cbradar\/wp-content\/uploads\/2026\/05\/perfume--750x422.jpg 750w, https:\/\/www.correiobraziliense.com.br\/cbradar\/wp-content\/uploads\/2026\/05\/perfume--1140x641.jpg 1140w\" sizes=\"(max-width: 1280px) 100vw, 1280px\" \/><figcaption class=\"wp-element-caption\">O Lily Eau de Parfum destaca-se como uma das joias da perfumaria feminina nacional devido ao seu processo exclusivo de enfleurage<\/figcaption><\/figure><\/div>\n\n\n<p>Leia tamb\u00e9m: <a href=\"https:\/\/www.correiobraziliense.com.br\/cbradar\/3-formas-elegantes-criativas-e-cheias-de-significado-de-usar-um-pingente-personalizado-no-dia-a-dia-para-deixar-o-visual-mais-sofisticado-e-a-producao-mais-unica\/\" target=\"_blank\" rel=\"noreferrer noopener\">3 formas elegantes, criativas e cheias de significado de usar um pingente personalizado no dia a dia para deixar o visual mais sofisticado e a produ\u00e7\u00e3o mais \u00fanica<\/a><\/p>\n\n\n\n<h2 class=\"wp-block-heading\">Eleg\u00e2ncia e modernidade com o toque chypre do Elys\u00e9e<\/h2>\n\n\n\n<p>Para m\u00e3es que apreciam uma presen\u00e7a marcante e contempor\u00e2nea, o <strong>Elys\u00e9e Eau de Parfum<\/strong> \u00e9 a escolha perfeita por sua fam\u00edlia olfativa <strong>chypre floral<\/strong>. Suas notas de topo c\u00edtricas misturam-se a um fundo amadeirado, criando uma aura de confian\u00e7a e sofistica\u00e7\u00e3o que transita bem entre o trabalho e eventos sociais.<\/p>\n\n\n\n<p>A embalagem em formato de joia lapidada refor\u00e7a o valor do presente, transformando o ato de se perfumar em um ritual di\u00e1rio de <strong>autoestima<\/strong>. Utilizar a fragr\u00e2ncia em pontos de pulsa\u00e7\u00e3o como pulsos e pesco\u00e7o ajuda a difundir as camadas complexas dessa cria\u00e7\u00e3o premiada internacionalmente.<\/p>\n\n\n\n<h2 class=\"wp-block-heading\">Do\u00e7ura e frescor no equil\u00edbrio do Floratta Red<\/h2>\n\n\n\n<p>Inspirado na ma\u00e7\u00e3 de <strong>Vermont<\/strong>, o <strong>Floratta Red<\/strong> traz uma combina\u00e7\u00e3o vibrante de frutas vermelhas e flores que resulta em uma do\u00e7ura equilibrada e envolvente. \u00c9 uma op\u00e7\u00e3o excelente para quem busca transmitir alegria e feminilidade atrav\u00e9s de um rastro perfumado que \u00e9 ao mesmo tempo rom\u00e2ntico e sedutor.<\/p>\n\n\n\n<p>Se voc\u00ea gosta de dicas, separamos esse v\u00eddeo do canal da <a href=\"https:\/\/www.youtube.com\/@juliaraferreira\" target=\"_blank\" rel=\"noreferrer noopener\">Juliara Ferreira | Perfumes<\/a> mostrando mais detalhes sobre o Elys\u00e9e:<\/p>\n\n\n\n<figure class=\"wp-block-embed is-type-video is-provider-youtube wp-block-embed-youtube wp-embed-aspect-16-9 wp-has-aspect-ratio\"><div class=\"wp-block-embed__wrapper\">\n<div class=\"jeg_video_container jeg_video_content\"><iframe loading=\"lazy\" title=\"Perfumes ELYS\u00c9E O Botic\u00e1rio - ELYS\u00c9E BLANC, ELYS\u00c9E TRADICIONAL e ELYS\u00c9E NUIT\" width=\"500\" height=\"281\" src=\"https:\/\/www.youtube.com\/embed\/lf4Jxw0EzFw?start=4&#038;feature=oembed\" frameborder=\"0\" allow=\"accelerometer; autoplay; clipboard-write; encrypted-media; gyroscope; picture-in-picture; web-share\" referrerpolicy=\"strict-origin-when-cross-origin\" allowfullscreen><\/iframe><\/div>\n<\/div><\/figure>\n\n\n\n<p>Este item se adapta facilmente ao clima tropical do <strong>Brasil<\/strong>, mantendo-se agrad\u00e1vel tanto sob o sol quanto em ambientes fechados e climatizados. Observar a prefer\u00eancia dela por tons florais frutados \u00e9 o caminho para acertar em cheio na escolha desta varia\u00e7\u00e3o t\u00e3o querida da linha <strong>Floratta<\/strong>.<\/p>\n\n\n\n<h2 class=\"wp-block-heading\">Vantagens de escolher kits personalizados para a data<\/h2>\n\n\n\n<p>Investir em um conjunto completo amplia as possibilidades de cuidado pessoal, permitindo que a <strong>m\u00e3e<\/strong> sinta-se em um verdadeiro spa particular. Unir a fragr\u00e2ncia principal a itens complementares garante que o perfume dure mais tempo na derme devido \u00e0 camada de oleosidade saud\u00e1vel.<\/p>\n\n\n\n<ul class=\"wp-block-list\">\n<li><strong>\u00d3leos perfumados<\/strong> que protegem a barreira cut\u00e2nea e facilitam o deslize durante massagens relaxantes.<\/li>\n\n\n\n<li><strong>Body splashes<\/strong> para uma sensa\u00e7\u00e3o de frescor imediato ap\u00f3s o banho em dias mais quentes.<\/li>\n\n\n\n<li><strong>Cremes para m\u00e3os<\/strong> com absor\u00e7\u00e3o r\u00e1pida que mant\u00eam a pele macia e delicadamente perfumada.<\/li>\n\n\n\n<li><strong>Sabonetes l\u00edquidos<\/strong> luxuosos que transformam a higiene di\u00e1ria em um momento de puro prazer sensorial.<\/li>\n\n\n\n<li><strong>N\u00e9cessaires exclusivas<\/strong> que auxiliam na organiza\u00e7\u00e3o dos cosm\u00e9ticos durante viagens ou no dia a dia.<\/li>\n<\/ul>\n\n\n<div class=\"wp-block-image\">\n<figure class=\"aligncenter size-full\"><img decoding=\"async\" width=\"1280\" height=\"720\" src=\"https:\/\/www.correiobraziliense.com.br\/cbradar\/wp-content\/uploads\/2026\/05\/perfume-3.jpg\" alt=\"\" class=\"wp-image-235627\" srcset=\"https:\/\/www.correiobraziliense.com.br\/cbradar\/wp-content\/uploads\/2026\/05\/perfume-3.jpg 1280w, https:\/\/www.correiobraziliense.com.br\/cbradar\/wp-content\/uploads\/2026\/05\/perfume-3-300x169.jpg 300w, https:\/\/www.correiobraziliense.com.br\/cbradar\/wp-content\/uploads\/2026\/05\/perfume-3-768x432.jpg 768w, https:\/\/www.correiobraziliense.com.br\/cbradar\/wp-content\/uploads\/2026\/05\/perfume-3-750x422.jpg 750w, https:\/\/www.correiobraziliense.com.br\/cbradar\/wp-content\/uploads\/2026\/05\/perfume-3-1140x641.jpg 1140w\" sizes=\"(max-width: 1280px) 100vw, 1280px\" \/><figcaption class=\"wp-element-caption\">Ao aplicar este perfume em pontos de pulsa\u00e7\u00e3o, a proje\u00e7\u00e3o olfativa se torna mais equilibrada e envolvente<\/figcaption><\/figure><\/div>\n\n\n<h2 class=\"wp-block-heading\">A arte de presentear com afeto e qualidade excepcional<\/h2>\n\n\n\n<p>Selecionar um item do <strong>Botic\u00e1rio<\/strong> demonstra aten\u00e7\u00e3o aos detalhes e valoriza\u00e7\u00e3o da ind\u00fastria nacional que utiliza ingredientes de origem sustent\u00e1vel e \u00e9tica. O gesto de presentear vai al\u00e9m do objeto f\u00edsico, tornando-se um s\u00edmbolo de gratid\u00e3o por toda a dedica\u00e7\u00e3o e carinho recebidos ao longo da vida.<\/p>\n\n\n\n<p>Cada borrifada ser\u00e1 um lembrete constante desse elo inquebr\u00e1vel, refor\u00e7ando a identidade visual e olfativa da mulher mais importante da fam\u00edlia. Escolher com o cora\u00e7\u00e3o garante que o <strong>Dia das M\u00e3es<\/strong> seja celebrado com a beleza e a intensidade que todas as figuras maternas merecem desfrutar.<\/p>\n","protected":false},"excerpt":{"rendered":"<p>A escolha de um aroma marcante \u00e9 capaz de eternizar mem\u00f3rias afetivas e transmitir sentimentos que as palavras muitas vezes n\u00e3o alcan\u00e7am. Encontrar o perfume ideal exige compreender as notas que melhor expressam a ess\u00eancia e a for\u00e7a da mulher que receber\u00e1 essa homenagem especial. O magnetismo das flores brancas no Lily Eau de Parfum [&hellip;]<\/p>\n","protected":false},"author":9,"featured_media":233385,"comment_status":"open","ping_status":"open","sticky":false,"template":"","format":"standard","meta":{"_yoast_wpseo_focuskw":"perfumes femininos elegantes","_yoast_wpseo_title":"","_yoast_wpseo_metadesc":"Descubra perfumes femininos elegantes e marcantes para presentear no Dia das M\u00e3es com estilo, afeto e sofistica\u00e7\u00e3o.","jnews-multi-image_gallery":[],"jnews_single_post":{"format":"standard"},"jnews_primary_category":[],"jnews_social_meta":[],"jnews_override_counter":[],"footnotes":""},"categories":[124],"tags":[3926,16794,18579],"class_list":["post-236088","post","type-post","status-publish","format-standard","has-post-thumbnail","hentry","category-beleza","tag-dia-das-maes","tag-perfumes-do-boticario","tag-perfumes-femininos-elegantes"],"yoast_head":"<!-- This site is optimized with the Yoast SEO plugin v24.6 - https:\/\/yoast.com\/wordpress\/plugins\/seo\/ -->\n<title>Perfumes do Botic\u00e1rio que deixam o presente do Dia das M\u00e3es mais elegante, emocionante e inesquec\u00edvel - Correio Braziliense - Radar<\/title>\n<meta name=\"description\" content=\"Descubra perfumes femininos elegantes e marcantes para presentear no Dia das M\u00e3es com estilo, afeto e sofistica\u00e7\u00e3o.\" \/>\n<meta name=\"robots\" content=\"index, follow, max-snippet:-1, max-image-preview:large, max-video-preview:-1\" \/>\n<link rel=\"canonical\" href=\"https:\/\/www.correiobraziliense.com.br\/cbradar\/perfumes-do-boticario-que-deixam-o-presente-do-dia-das-maes-mais-elegante-emocionante-e-inesquecivel\/\" \/>\n<meta property=\"og:locale\" content=\"pt_BR\" \/>\n<meta property=\"og:type\" content=\"article\" \/>\n<meta property=\"og:title\" content=\"Perfumes do Botic\u00e1rio que deixam o presente do Dia das M\u00e3es mais elegante, emocionante e inesquec\u00edvel - Correio Braziliense - Radar\" \/>\n<meta property=\"og:description\" content=\"Descubra perfumes femininos elegantes e marcantes para presentear no Dia das M\u00e3es com estilo, afeto e sofistica\u00e7\u00e3o.\" \/>\n<meta property=\"og:url\" content=\"https:\/\/www.correiobraziliense.com.br\/cbradar\/perfumes-do-boticario-que-deixam-o-presente-do-dia-das-maes-mais-elegante-emocionante-e-inesquecivel\/\" \/>\n<meta property=\"og:site_name\" content=\"Correio Braziliense - Radar\" \/>\n<meta property=\"article:published_time\" content=\"2026-05-03T11:05:00+00:00\" \/>\n<meta property=\"og:image\" content=\"https:\/\/www.correiobraziliense.com.br\/cbradar\/wp-content\/uploads\/2026\/04\/perfume.jpg\" \/>\n\t<meta property=\"og:image:width\" content=\"1280\" \/>\n\t<meta property=\"og:image:height\" content=\"720\" \/>\n\t<meta property=\"og:image:type\" content=\"image\/jpeg\" \/>\n<meta name=\"author\" content=\"Daniely Cardoso\" \/>\n<meta name=\"twitter:card\" content=\"summary_large_image\" \/>\n<meta name=\"twitter:label1\" content=\"Escrito por\" \/>\n\t<meta name=\"twitter:data1\" content=\"Daniely Cardoso\" \/>\n\t<meta name=\"twitter:label2\" content=\"Est. tempo de leitura\" \/>\n\t<meta name=\"twitter:data2\" content=\"5 minutos\" \/>\n<!-- \/ Yoast SEO plugin. -->","yoast_head_json":{"title":"Perfumes do Botic\u00e1rio que deixam o presente do Dia das M\u00e3es mais elegante, emocionante e inesquec\u00edvel - Correio Braziliense - Radar","description":"Descubra perfumes femininos elegantes e marcantes para presentear no Dia das M\u00e3es com estilo, afeto e sofistica\u00e7\u00e3o.","robots":{"index":"index","follow":"follow","max-snippet":"max-snippet:-1","max-image-preview":"max-image-preview:large","max-video-preview":"max-video-preview:-1"},"canonical":"https:\/\/www.correiobraziliense.com.br\/cbradar\/perfumes-do-boticario-que-deixam-o-presente-do-dia-das-maes-mais-elegante-emocionante-e-inesquecivel\/","og_locale":"pt_BR","og_type":"article","og_title":"Perfumes do Botic\u00e1rio que deixam o presente do Dia das M\u00e3es mais elegante, emocionante e inesquec\u00edvel - Correio Braziliense - Radar","og_description":"Descubra perfumes femininos elegantes e marcantes para presentear no Dia das M\u00e3es com estilo, afeto e sofistica\u00e7\u00e3o.","og_url":"https:\/\/www.correiobraziliense.com.br\/cbradar\/perfumes-do-boticario-que-deixam-o-presente-do-dia-das-maes-mais-elegante-emocionante-e-inesquecivel\/","og_site_name":"Correio Braziliense - Radar","article_published_time":"2026-05-03T11:05:00+00:00","og_image":[{"width":1280,"height":720,"url":"https:\/\/www.correiobraziliense.com.br\/cbradar\/wp-content\/uploads\/2026\/04\/perfume.jpg","type":"image\/jpeg"}],"author":"Daniely Cardoso","twitter_card":"summary_large_image","twitter_misc":{"Escrito por":"Daniely Cardoso","Est. tempo de leitura":"5 minutos"},"schema":{"@context":"https:\/\/schema.org","@graph":[{"@type":"WebPage","@id":"https:\/\/www.correiobraziliense.com.br\/cbradar\/perfumes-do-boticario-que-deixam-o-presente-do-dia-das-maes-mais-elegante-emocionante-e-inesquecivel\/","url":"https:\/\/www.correiobraziliense.com.br\/cbradar\/perfumes-do-boticario-que-deixam-o-presente-do-dia-das-maes-mais-elegante-emocionante-e-inesquecivel\/","name":"Perfumes do Botic\u00e1rio que deixam o presente do Dia das M\u00e3es mais elegante, emocionante e inesquec\u00edvel - Correio Braziliense - Radar","isPartOf":{"@id":"https:\/\/www.correiobraziliense.com.br\/cbradar\/#website"},"primaryImageOfPage":{"@id":"https:\/\/www.correiobraziliense.com.br\/cbradar\/perfumes-do-boticario-que-deixam-o-presente-do-dia-das-maes-mais-elegante-emocionante-e-inesquecivel\/#primaryimage"},"image":{"@id":"https:\/\/www.correiobraziliense.com.br\/cbradar\/perfumes-do-boticario-que-deixam-o-presente-do-dia-das-maes-mais-elegante-emocionante-e-inesquecivel\/#primaryimage"},"thumbnailUrl":"https:\/\/www.correiobraziliense.com.br\/cbradar\/wp-content\/uploads\/2026\/04\/perfume.jpg","datePublished":"2026-05-03T11:05:00+00:00","author":{"@id":"https:\/\/www.correiobraziliense.com.br\/cbradar\/#\/schema\/person\/7356666e12ec0ee53f348ee5db227032"},"description":"Descubra perfumes femininos elegantes e marcantes para presentear no Dia das M\u00e3es com estilo, afeto e sofistica\u00e7\u00e3o.","breadcrumb":{"@id":"https:\/\/www.correiobraziliense.com.br\/cbradar\/perfumes-do-boticario-que-deixam-o-presente-do-dia-das-maes-mais-elegante-emocionante-e-inesquecivel\/#breadcrumb"},"inLanguage":"pt-BR","potentialAction":[{"@type":"ReadAction","target":["https:\/\/www.correiobraziliense.com.br\/cbradar\/perfumes-do-boticario-que-deixam-o-presente-do-dia-das-maes-mais-elegante-emocionante-e-inesquecivel\/"]}]},{"@type":"ImageObject","inLanguage":"pt-BR","@id":"https:\/\/www.correiobraziliense.com.br\/cbradar\/perfumes-do-boticario-que-deixam-o-presente-do-dia-das-maes-mais-elegante-emocionante-e-inesquecivel\/#primaryimage","url":"https:\/\/www.correiobraziliense.com.br\/cbradar\/wp-content\/uploads\/2026\/04\/perfume.jpg","contentUrl":"https:\/\/www.correiobraziliense.com.br\/cbradar\/wp-content\/uploads\/2026\/04\/perfume.jpg","width":1280,"height":720,"caption":"O Lily \u00e9 mundialmente reconhecido por utilizar a t\u00e9cnica milenar do enfleurage, um processo artesanal que extrai o \u00f3leo essencial"},{"@type":"BreadcrumbList","@id":"https:\/\/www.correiobraziliense.com.br\/cbradar\/perfumes-do-boticario-que-deixam-o-presente-do-dia-das-maes-mais-elegante-emocionante-e-inesquecivel\/#breadcrumb","itemListElement":[{"@type":"ListItem","position":1,"name":"In\u00edcio","item":"https:\/\/www.correiobraziliense.com.br\/cbradar\/"},{"@type":"ListItem","position":2,"name":"Perfumes do Botic\u00e1rio que deixam o presente do Dia das M\u00e3es mais elegante, emocionante e inesquec\u00edvel"}]},{"@type":"WebSite","@id":"https:\/\/www.correiobraziliense.com.br\/cbradar\/#website","url":"https:\/\/www.correiobraziliense.com.br\/cbradar\/","name":"Correio Braziliense - Radar","description":"Acompanhe as \u00faltimas not\u00edcias e fique bem informado sobre tudo o que acontece no Brasil e no mundo.","potentialAction":[{"@type":"SearchAction","target":{"@type":"EntryPoint","urlTemplate":"https:\/\/www.correiobraziliense.com.br\/cbradar\/?s={search_term_string}"},"query-input":{"@type":"PropertyValueSpecification","valueRequired":true,"valueName":"search_term_string"}}],"inLanguage":"pt-BR"},{"@type":"Person","@id":"https:\/\/www.correiobraziliense.com.br\/cbradar\/#\/schema\/person\/7356666e12ec0ee53f348ee5db227032","name":"Daniely Cardoso","image":{"@type":"ImageObject","inLanguage":"pt-BR","@id":"https:\/\/www.correiobraziliense.com.br\/cbradar\/#\/schema\/person\/image\/","url":"https:\/\/secure.gravatar.com\/avatar\/4b80ddbd124d1f071b626d52d62e5dff?s=96&d=mm&r=g","contentUrl":"https:\/\/secure.gravatar.com\/avatar\/4b80ddbd124d1f071b626d52d62e5dff?s=96&d=mm&r=g","caption":"Daniely Cardoso"},"description":"Redatora nos portais CB Radar e EM Foco, formada pela Universidade Federal de Goi\u00e1s, em Goi\u00e2nia. Apaixonada por comunica\u00e7\u00e3o, arte, decora\u00e7\u00e3o e tend\u00eancias, atuo na produ\u00e7\u00e3o de conte\u00fados envolventes sobre curiosidades, moda, beleza e paisagismo, sempre com um olhar atento \u00e0s novidades do momento.","sameAs":["https:\/\/www.correiobraziliense.com.br\/cbradar"],"url":"https:\/\/www.correiobraziliense.com.br\/cbradar\/author\/danielymyth\/"}]}},"_links":{"self":[{"href":"https:\/\/www.correiobraziliense.com.br\/cbradar\/wp-json\/wp\/v2\/posts\/236088","targetHints":{"allow":["GET"]}}],"collection":[{"href":"https:\/\/www.correiobraziliense.com.br\/cbradar\/wp-json\/wp\/v2\/posts"}],"about":[{"href":"https:\/\/www.correiobraziliense.com.br\/cbradar\/wp-json\/wp\/v2\/types\/post"}],"author":[{"embeddable":true,"href":"https:\/\/www.correiobraziliense.com.br\/cbradar\/wp-json\/wp\/v2\/users\/9"}],"replies":[{"embeddable":true,"href":"https:\/\/www.correiobraziliense.com.br\/cbradar\/wp-json\/wp\/v2\/comments?post=236088"}],"version-history":[{"count":1,"href":"https:\/\/www.correiobraziliense.com.br\/cbradar\/wp-json\/wp\/v2\/posts\/236088\/revisions"}],"predecessor-version":[{"id":236096,"href":"https:\/\/www.correiobraziliense.com.br\/cbradar\/wp-json\/wp\/v2\/posts\/236088\/revisions\/236096"}],"wp:featuredmedia":[{"embeddable":true,"href":"https:\/\/www.correiobraziliense.com.br\/cbradar\/wp-json\/wp\/v2\/media\/233385"}],"wp:attachment":[{"href":"https:\/\/www.correiobraziliense.com.br\/cbradar\/wp-json\/wp\/v2\/media?parent=236088"}],"wp:term":[{"taxonomy":"category","embeddable":true,"href":"https:\/\/www.correiobraziliense.com.br\/cbradar\/wp-json\/wp\/v2\/categories?post=236088"},{"taxonomy":"post_tag","embeddable":true,"href":"https:\/\/www.correiobraziliense.com.br\/cbradar\/wp-json\/wp\/v2\/tags?post=236088"}],"curies":[{"name":"wp","href":"https:\/\/api.w.org\/{rel}","templated":true}]}}