{"id":236094,"date":"2026-05-03T06:45:00","date_gmt":"2026-05-03T09:45:00","guid":{"rendered":"https:\/\/www.correiobraziliense.com.br\/cbradar\/?p=236094"},"modified":"2026-05-02T14:57:43","modified_gmt":"2026-05-02T17:57:43","slug":"4-nomes-femininos-delicados-e-elegantes-com-significados-para-2026","status":"publish","type":"post","link":"https:\/\/www.correiobraziliense.com.br\/cbradar\/4-nomes-femininos-delicados-e-elegantes-com-significados-para-2026\/","title":{"rendered":"Os 4 nomes femininos delicados e elegantes com significados para 2026"},"content":{"rendered":"\n<p>Escolher a identidade de uma crian\u00e7a envolve analisar tend\u00eancias que unem sonoridade suave e uma heran\u00e7a cultural profunda. Encontrar <strong>nomes femininos delicados<\/strong> exige sensibilidade para identificar quais termos transmitem for\u00e7a e suavidade ao mesmo tempo.<\/p>\n\n\n\n<h2 class=\"wp-block-heading\">Quais tend\u00eancias dominam a escolha de nomes femininos delicados<\/h2>\n\n\n\n<p>A busca por nomes que soam bem em diferentes idiomas se tornou prioridade para muitas fam\u00edlias modernas. Muitas pessoas priorizam <strong>nomes femininos delicados<\/strong> que evitam grafias complexas e facilitam a comunica\u00e7\u00e3o global imediata. Essa tend\u00eancia reflete o desejo de proporcionar uma <strong>integra\u00e7\u00e3o cultural<\/strong> mais fluida para as futuras gera\u00e7\u00f5es.<\/p>\n\n\n\n<p>Nomes curtos com vogais abertas costumam transmitir uma sensa\u00e7\u00e3o de leveza e transpar\u00eancia nas intera\u00e7\u00f5es sociais. Especialistas em lingu\u00edstica apontam que s\u00edlabas simples ajudam na <strong>memoriza\u00e7\u00e3o afetiva<\/strong> durante a inf\u00e2ncia. Optar por cl\u00e1ssicos reinventados garante que a crian\u00e7a tenha uma <strong>identidade atemporal<\/strong> e sofisticada em qualquer ambiente.<\/p>\n\n\n<div class=\"wp-block-image\">\n<figure class=\"aligncenter size-full\"><img decoding=\"async\" width=\"1280\" height=\"720\" src=\"https:\/\/www.correiobraziliense.com.br\/cbradar\/wp-content\/uploads\/2026\/05\/nomes-femininos-delicados-1.jpg\" alt=\"nomes femininos delicados (1)\" class=\"wp-image-236099\" srcset=\"https:\/\/www.correiobraziliense.com.br\/cbradar\/wp-content\/uploads\/2026\/05\/nomes-femininos-delicados-1.jpg 1280w, https:\/\/www.correiobraziliense.com.br\/cbradar\/wp-content\/uploads\/2026\/05\/nomes-femininos-delicados-1-300x169.jpg 300w, https:\/\/www.correiobraziliense.com.br\/cbradar\/wp-content\/uploads\/2026\/05\/nomes-femininos-delicados-1-768x432.jpg 768w, https:\/\/www.correiobraziliense.com.br\/cbradar\/wp-content\/uploads\/2026\/05\/nomes-femininos-delicados-1-750x422.jpg 750w, https:\/\/www.correiobraziliense.com.br\/cbradar\/wp-content\/uploads\/2026\/05\/nomes-femininos-delicados-1-1140x641.jpg 1140w\" sizes=\"(max-width: 1280px) 100vw, 1280px\" \/><figcaption class=\"wp-element-caption\">Nomes curtos com vogais abertas costumam transmitir uma sensa\u00e7\u00e3o de leveza e transpar\u00eancia nas intera\u00e7\u00f5es sociais. <\/figcaption><\/figure><\/div>\n\n\n<h2 class=\"wp-block-heading\">Como os significados influenciam a personalidade da crian\u00e7a<\/h2>\n\n\n\n<p>A etimologia carrega simbolismos que podem servir como um guia de valores para o desenvolvimento pessoal. Ao selecionar <strong><a href=\"https:\/\/www.correiobraziliense.com.br\/cbradar\/nomes-compostos-masculinos-modernos-e-diferentes-com-personalidade\/\" target=\"_blank\" rel=\"noreferrer noopener\">nomes <\/a>femininos delicados<\/strong>, os pais frequentemente buscam conex\u00f5es com elementos da natureza ou virtudes humanas elevadas. Ter um nome com <strong>hist\u00f3ria pr\u00f3pria<\/strong> fortalece o senso de pertencimento e a conex\u00e3o com antepassados distantes.<\/p>\n\n\n\n<p>Muitas fam\u00edlias decidem homenagear figuras hist\u00f3ricas ou conceitos abstratos que representam esperan\u00e7a e renova\u00e7\u00e3o constante. Pesquisar a origem de cada letra ajuda a evitar interpreta\u00e7\u00f5es amb\u00edguas e garante uma <strong>mensagem positiva<\/strong> duradoura. O peso de uma <strong>escolha consciente<\/strong> reflete diretamente no orgulho que a jovem sentir\u00e1 de sua trajet\u00f3ria.<\/p>\n\n\n\n<h2 class=\"wp-block-heading\">Quais op\u00e7\u00f5es se destacam pela eleg\u00e2ncia sonora<\/h2>\n\n\n\n<p>Existem varia\u00e7\u00f5es que conseguem manter a popularidade sem perder o ar de exclusividade necess\u00e1rio para uma escolha especial. A lista abaixo re\u00fane sugest\u00f5es que apresentam harmonia perfeita entre o <strong>significado profundo<\/strong> e a leveza visual da escrita:<\/p>\n\n\n\n<ul class=\"wp-block-list\">\n<li><strong>Alice:<\/strong> representa nobreza e linhagem protegida pela verdade constante.<\/li>\n\n\n\n<li><strong>Maya:<\/strong> remete \u00e0 \u00e1gua e \u00e0 transforma\u00e7\u00e3o cont\u00ednua do universo.<\/li>\n\n\n\n<li><strong>Aurora:<\/strong> simboliza o brilho do sol e novos come\u00e7os promissores.<\/li>\n\n\n\n<li><strong>Clara:<\/strong> transmite a ideia de mente brilhante e pureza absoluta.<\/li>\n<\/ul>\n\n\n\n<p>Essas op\u00e7\u00f5es s\u00e3o f\u00e1ceis de combinar com diversos sobrenomes e mant\u00eam uma cad\u00eancia r\u00edtmica agrad\u00e1vel aos ouvidos. A simplicidade visual dessas palavras ajuda na <strong>alfabetiza\u00e7\u00e3o infantil<\/strong> e evita erros comuns em registros p\u00fablicos. Buscar esse equil\u00edbrio entre est\u00e9tica e <strong>clareza fon\u00e9tica<\/strong> \u00e9 o segredo para uma decis\u00e3o acertada.<\/p>\n\n\n<div class=\"wp-block-image\">\n<figure class=\"aligncenter size-full\"><img decoding=\"async\" width=\"1280\" height=\"720\" src=\"https:\/\/www.correiobraziliense.com.br\/cbradar\/wp-content\/uploads\/2026\/05\/nomes-femininos-delicados-2.jpg\" alt=\"nomes femininos delicados \" class=\"wp-image-236100\" srcset=\"https:\/\/www.correiobraziliense.com.br\/cbradar\/wp-content\/uploads\/2026\/05\/nomes-femininos-delicados-2.jpg 1280w, https:\/\/www.correiobraziliense.com.br\/cbradar\/wp-content\/uploads\/2026\/05\/nomes-femininos-delicados-2-300x169.jpg 300w, https:\/\/www.correiobraziliense.com.br\/cbradar\/wp-content\/uploads\/2026\/05\/nomes-femininos-delicados-2-768x432.jpg 768w, https:\/\/www.correiobraziliense.com.br\/cbradar\/wp-content\/uploads\/2026\/05\/nomes-femininos-delicados-2-750x422.jpg 750w, https:\/\/www.correiobraziliense.com.br\/cbradar\/wp-content\/uploads\/2026\/05\/nomes-femininos-delicados-2-1140x641.jpg 1140w\" sizes=\"(max-width: 1280px) 100vw, 1280px\" \/><figcaption class=\"wp-element-caption\">Essas op\u00e7\u00f5es s\u00e3o f\u00e1ceis de combinar com diversos sobrenomes e mant\u00eam uma cad\u00eancia r\u00edtmica agrad\u00e1vel aos ouvidos.<\/figcaption><\/figure><\/div>\n\n\n<h2 class=\"wp-block-heading\">Por que priorizar a fluidez dos nomes femininos delicados<\/h2>\n\n\n\n<p>A repeti\u00e7\u00e3o do <a href=\"https:\/\/br.pinterest.com\/pin\/21532904465035469\/\" target=\"_blank\" rel=\"noreferrer noopener\">nome <\/a>ao longo da vida torna fundamental que ele possua uma <strong>vibra\u00e7\u00e3o harmoniosa<\/strong> constante. Pronunciar <strong>nomes femininos delicados<\/strong> deve ser um ato natural que evite tens\u00f5es musculares ou confus\u00f5es de entendimento. Testar a sonoridade em diferentes tons de voz ajuda a validar se a escolha realmente traz <strong>conforto ac\u00fastico<\/strong>.<\/p>\n\n\n\n<p>Nomes que terminam em vogais suaves costumam ser percebidos como mais amig\u00e1veis e acolhedores em contextos profissionais futuros. A primeira impress\u00e3o causada por uma <strong>identidade bem estruturada<\/strong> abre portas e facilita o estabelecimento de v\u00ednculos sociais. Manter o foco na <strong>suavidade lingu\u00edstica<\/strong> protege a autoestima da crian\u00e7a contra apelidos pejorativos ou distor\u00e7\u00f5es irritantes.<\/p>\n\n\n\n<h2 class=\"wp-block-heading\">Como decidir o nome ideal com seguran\u00e7a<\/h2>\n\n\n\n<p>Analise a lista final com calma e observe qual op\u00e7\u00e3o ressoa melhor com o ambiente familiar atual. Priorize termos que tragam <strong>paz interior<\/strong> e felicidade ao serem pronunciados em momentos de carinho. Sua intui\u00e7\u00e3o ser\u00e1 o melhor term\u00f4metro para identificar o <strong>presente perfeito<\/strong> para sua filha.<\/p>\n\n\n\n<p>Evite modismos passageiros que podem perder o sentido em poucos anos de uso frequente. Escolha algo que represente <strong>amor incondicional<\/strong> e que seja motivo de alegria em todas as idades. Uma decis\u00e3o baseada em <strong>afeto e pesquisa<\/strong> resultar\u00e1 em uma vida repleta de significado e beleza.<\/p>\n","protected":false},"excerpt":{"rendered":"<p>Escolher a identidade de uma crian\u00e7a envolve analisar tend\u00eancias que unem sonoridade suave e uma heran\u00e7a cultural profunda. Encontrar nomes femininos delicados exige sensibilidade para identificar quais termos transmitem for\u00e7a e suavidade ao mesmo tempo. Quais tend\u00eancias dominam a escolha de nomes femininos delicados A busca por nomes que soam bem em diferentes idiomas se [&hellip;]<\/p>\n","protected":false},"author":24,"featured_media":236098,"comment_status":"open","ping_status":"open","sticky":false,"template":"","format":"standard","meta":{"_yoast_wpseo_focuskw":"nomes femininos delicados","_yoast_wpseo_title":"","_yoast_wpseo_metadesc":"Esses s\u00e3o os nomes femininos delicados para o pr\u00f3ximo ano que priorizam sons suaves e origens hist\u00f3ricas para criar uma identidade \u00fanica","jnews-multi-image_gallery":[],"jnews_single_post":{"format":"standard"},"jnews_primary_category":[],"jnews_social_meta":[],"jnews_override_counter":[],"footnotes":""},"categories":[112],"tags":[18580,11783,18581],"class_list":["post-236094","post","type-post","status-publish","format-standard","has-post-thumbnail","hentry","category-curiosidades","tag-maternidade-2026","tag-nomes-de-bebes","tag-significados-de-nomes-femininos"],"yoast_head":"<!-- This site is optimized with the Yoast SEO plugin v24.6 - https:\/\/yoast.com\/wordpress\/plugins\/seo\/ -->\n<title>Os 4 nomes femininos delicados e elegantes com significados para 2026 - Correio Braziliense - Radar<\/title>\n<meta name=\"description\" content=\"Esses s\u00e3o os nomes femininos delicados para o pr\u00f3ximo ano que priorizam sons suaves e origens hist\u00f3ricas para criar uma identidade \u00fanica\" \/>\n<meta name=\"robots\" content=\"index, follow, max-snippet:-1, max-image-preview:large, max-video-preview:-1\" \/>\n<link rel=\"canonical\" href=\"https:\/\/www.correiobraziliense.com.br\/cbradar\/4-nomes-femininos-delicados-e-elegantes-com-significados-para-2026\/\" \/>\n<meta property=\"og:locale\" content=\"pt_BR\" \/>\n<meta property=\"og:type\" content=\"article\" \/>\n<meta property=\"og:title\" content=\"Os 4 nomes femininos delicados e elegantes com significados para 2026 - Correio Braziliense - Radar\" \/>\n<meta property=\"og:description\" content=\"Esses s\u00e3o os nomes femininos delicados para o pr\u00f3ximo ano que priorizam sons suaves e origens hist\u00f3ricas para criar uma identidade \u00fanica\" \/>\n<meta property=\"og:url\" content=\"https:\/\/www.correiobraziliense.com.br\/cbradar\/4-nomes-femininos-delicados-e-elegantes-com-significados-para-2026\/\" \/>\n<meta property=\"og:site_name\" content=\"Correio Braziliense - Radar\" \/>\n<meta property=\"article:published_time\" content=\"2026-05-03T09:45:00+00:00\" \/>\n<meta property=\"og:image\" content=\"https:\/\/www.correiobraziliense.com.br\/cbradar\/wp-content\/uploads\/2026\/05\/nomes-femininos-delicados.jpg\" \/>\n\t<meta property=\"og:image:width\" content=\"1280\" \/>\n\t<meta property=\"og:image:height\" content=\"720\" \/>\n\t<meta property=\"og:image:type\" content=\"image\/jpeg\" \/>\n<meta name=\"author\" content=\"Bruno Vaz\" \/>\n<meta name=\"twitter:card\" content=\"summary_large_image\" \/>\n<meta name=\"twitter:label1\" content=\"Escrito por\" \/>\n\t<meta name=\"twitter:data1\" content=\"Bruno Vaz\" \/>\n\t<meta name=\"twitter:label2\" content=\"Est. tempo de leitura\" \/>\n\t<meta name=\"twitter:data2\" content=\"5 minutos\" \/>\n<!-- \/ Yoast SEO plugin. -->","yoast_head_json":{"title":"Os 4 nomes femininos delicados e elegantes com significados para 2026 - Correio Braziliense - Radar","description":"Esses s\u00e3o os nomes femininos delicados para o pr\u00f3ximo ano que priorizam sons suaves e origens hist\u00f3ricas para criar uma identidade \u00fanica","robots":{"index":"index","follow":"follow","max-snippet":"max-snippet:-1","max-image-preview":"max-image-preview:large","max-video-preview":"max-video-preview:-1"},"canonical":"https:\/\/www.correiobraziliense.com.br\/cbradar\/4-nomes-femininos-delicados-e-elegantes-com-significados-para-2026\/","og_locale":"pt_BR","og_type":"article","og_title":"Os 4 nomes femininos delicados e elegantes com significados para 2026 - Correio Braziliense - Radar","og_description":"Esses s\u00e3o os nomes femininos delicados para o pr\u00f3ximo ano que priorizam sons suaves e origens hist\u00f3ricas para criar uma identidade \u00fanica","og_url":"https:\/\/www.correiobraziliense.com.br\/cbradar\/4-nomes-femininos-delicados-e-elegantes-com-significados-para-2026\/","og_site_name":"Correio Braziliense - Radar","article_published_time":"2026-05-03T09:45:00+00:00","og_image":[{"width":1280,"height":720,"url":"https:\/\/www.correiobraziliense.com.br\/cbradar\/wp-content\/uploads\/2026\/05\/nomes-femininos-delicados.jpg","type":"image\/jpeg"}],"author":"Bruno Vaz","twitter_card":"summary_large_image","twitter_misc":{"Escrito por":"Bruno Vaz","Est. tempo de leitura":"5 minutos"},"schema":{"@context":"https:\/\/schema.org","@graph":[{"@type":"WebPage","@id":"https:\/\/www.correiobraziliense.com.br\/cbradar\/4-nomes-femininos-delicados-e-elegantes-com-significados-para-2026\/","url":"https:\/\/www.correiobraziliense.com.br\/cbradar\/4-nomes-femininos-delicados-e-elegantes-com-significados-para-2026\/","name":"Os 4 nomes femininos delicados e elegantes com significados para 2026 - Correio Braziliense - Radar","isPartOf":{"@id":"https:\/\/www.correiobraziliense.com.br\/cbradar\/#website"},"primaryImageOfPage":{"@id":"https:\/\/www.correiobraziliense.com.br\/cbradar\/4-nomes-femininos-delicados-e-elegantes-com-significados-para-2026\/#primaryimage"},"image":{"@id":"https:\/\/www.correiobraziliense.com.br\/cbradar\/4-nomes-femininos-delicados-e-elegantes-com-significados-para-2026\/#primaryimage"},"thumbnailUrl":"https:\/\/www.correiobraziliense.com.br\/cbradar\/wp-content\/uploads\/2026\/05\/nomes-femininos-delicados.jpg","datePublished":"2026-05-03T09:45:00+00:00","author":{"@id":"https:\/\/www.correiobraziliense.com.br\/cbradar\/#\/schema\/person\/fa8d996f8ec792dc6e8e1d712294923c"},"description":"Esses s\u00e3o os nomes femininos delicados para o pr\u00f3ximo ano que priorizam sons suaves e origens hist\u00f3ricas para criar uma identidade \u00fanica","breadcrumb":{"@id":"https:\/\/www.correiobraziliense.com.br\/cbradar\/4-nomes-femininos-delicados-e-elegantes-com-significados-para-2026\/#breadcrumb"},"inLanguage":"pt-BR","potentialAction":[{"@type":"ReadAction","target":["https:\/\/www.correiobraziliense.com.br\/cbradar\/4-nomes-femininos-delicados-e-elegantes-com-significados-para-2026\/"]}]},{"@type":"ImageObject","inLanguage":"pt-BR","@id":"https:\/\/www.correiobraziliense.com.br\/cbradar\/4-nomes-femininos-delicados-e-elegantes-com-significados-para-2026\/#primaryimage","url":"https:\/\/www.correiobraziliense.com.br\/cbradar\/wp-content\/uploads\/2026\/05\/nomes-femininos-delicados.jpg","contentUrl":"https:\/\/www.correiobraziliense.com.br\/cbradar\/wp-content\/uploads\/2026\/05\/nomes-femininos-delicados.jpg","width":1280,"height":720,"caption":"Escolher a identidade de uma crian\u00e7a envolve analisar tend\u00eancias que unem sonoridade suave e uma heran\u00e7a cultural profunda."},{"@type":"BreadcrumbList","@id":"https:\/\/www.correiobraziliense.com.br\/cbradar\/4-nomes-femininos-delicados-e-elegantes-com-significados-para-2026\/#breadcrumb","itemListElement":[{"@type":"ListItem","position":1,"name":"In\u00edcio","item":"https:\/\/www.correiobraziliense.com.br\/cbradar\/"},{"@type":"ListItem","position":2,"name":"Os 4 nomes femininos delicados e elegantes com significados para 2026"}]},{"@type":"WebSite","@id":"https:\/\/www.correiobraziliense.com.br\/cbradar\/#website","url":"https:\/\/www.correiobraziliense.com.br\/cbradar\/","name":"Correio Braziliense - Radar","description":"Acompanhe as \u00faltimas not\u00edcias e fique bem informado sobre tudo o que acontece no Brasil e no mundo.","potentialAction":[{"@type":"SearchAction","target":{"@type":"EntryPoint","urlTemplate":"https:\/\/www.correiobraziliense.com.br\/cbradar\/?s={search_term_string}"},"query-input":{"@type":"PropertyValueSpecification","valueRequired":true,"valueName":"search_term_string"}}],"inLanguage":"pt-BR"},{"@type":"Person","@id":"https:\/\/www.correiobraziliense.com.br\/cbradar\/#\/schema\/person\/fa8d996f8ec792dc6e8e1d712294923c","name":"Bruno Vaz","image":{"@type":"ImageObject","inLanguage":"pt-BR","@id":"https:\/\/www.correiobraziliense.com.br\/cbradar\/#\/schema\/person\/image\/","url":"https:\/\/secure.gravatar.com\/avatar\/b2b7b66985ef75f65bcf72e6ab68dd22?s=96&d=mm&r=g","contentUrl":"https:\/\/secure.gravatar.com\/avatar\/b2b7b66985ef75f65bcf72e6ab68dd22?s=96&d=mm&r=g","caption":"Bruno Vaz"},"sameAs":["https:\/\/www.correiobraziliense.com.br\/cbradar\/"],"url":"https:\/\/www.correiobraziliense.com.br\/cbradar\/author\/bruno-vaz\/"}]}},"_links":{"self":[{"href":"https:\/\/www.correiobraziliense.com.br\/cbradar\/wp-json\/wp\/v2\/posts\/236094","targetHints":{"allow":["GET"]}}],"collection":[{"href":"https:\/\/www.correiobraziliense.com.br\/cbradar\/wp-json\/wp\/v2\/posts"}],"about":[{"href":"https:\/\/www.correiobraziliense.com.br\/cbradar\/wp-json\/wp\/v2\/types\/post"}],"author":[{"embeddable":true,"href":"https:\/\/www.correiobraziliense.com.br\/cbradar\/wp-json\/wp\/v2\/users\/24"}],"replies":[{"embeddable":true,"href":"https:\/\/www.correiobraziliense.com.br\/cbradar\/wp-json\/wp\/v2\/comments?post=236094"}],"version-history":[{"count":3,"href":"https:\/\/www.correiobraziliense.com.br\/cbradar\/wp-json\/wp\/v2\/posts\/236094\/revisions"}],"predecessor-version":[{"id":236169,"href":"https:\/\/www.correiobraziliense.com.br\/cbradar\/wp-json\/wp\/v2\/posts\/236094\/revisions\/236169"}],"wp:featuredmedia":[{"embeddable":true,"href":"https:\/\/www.correiobraziliense.com.br\/cbradar\/wp-json\/wp\/v2\/media\/236098"}],"wp:attachment":[{"href":"https:\/\/www.correiobraziliense.com.br\/cbradar\/wp-json\/wp\/v2\/media?parent=236094"}],"wp:term":[{"taxonomy":"category","embeddable":true,"href":"https:\/\/www.correiobraziliense.com.br\/cbradar\/wp-json\/wp\/v2\/categories?post=236094"},{"taxonomy":"post_tag","embeddable":true,"href":"https:\/\/www.correiobraziliense.com.br\/cbradar\/wp-json\/wp\/v2\/tags?post=236094"}],"curies":[{"name":"wp","href":"https:\/\/api.w.org\/{rel}","templated":true}]}}