{"id":236097,"date":"2026-05-03T09:25:00","date_gmt":"2026-05-03T12:25:00","guid":{"rendered":"https:\/\/www.correiobraziliense.com.br\/cbradar\/?p=236097"},"modified":"2026-05-02T14:01:32","modified_gmt":"2026-05-02T17:01:32","slug":"perfumes-com-notas-cremosas-que-deixam-um-rastro-quente-sofisticado-e-extremamente-envolvente","status":"publish","type":"post","link":"https:\/\/www.correiobraziliense.com.br\/cbradar\/perfumes-com-notas-cremosas-que-deixam-um-rastro-quente-sofisticado-e-extremamente-envolvente\/","title":{"rendered":"Perfumes com notas cremosas que deixam um rastro quente, sofisticado e extremamente envolvente"},"content":{"rendered":"\n<p>A busca por uma assinatura olfativa marcante muitas vezes termina no conforto adocicado e na profundidade que apenas as fragr\u00e2ncias orientais conseguem proporcionar. Esses exemplares combinam o calor das especiarias com a cremosidade de ingredientes nobres para criar uma aura de eleg\u00e2ncia que permanece na mem\u00f3ria de quem cruza o seu caminho.<\/p>\n\n\n\n<h2 class=\"wp-block-heading\">Como as notas de baunilha transformam a percep\u00e7\u00e3o de luxo<\/h2>\n\n\n\n<p>O uso da <strong>baunilha<\/strong> na perfumaria de nicho vai muito al\u00e9m do aroma comest\u00edvel, alcan\u00e7ando facetas licorosas e amadeiradas que definem a alta sociedade. Quando trabalhada por casas como <strong>Yves Saint Laurent<\/strong> ou <strong>Dior<\/strong>, essa mat\u00e9ria-prima adquire uma densidade que transmite poder e seguran\u00e7a imediata em qualquer ambiente.<\/p>\n\n\n\n<p>Diferente das vers\u00f5es sint\u00e9ticas, a <strong>vagem de baunilha<\/strong> natural possui nuances de tabaco e couro que evoluem de forma complexa na pele ao longo das horas. Essa caracter\u00edstica garante que o rastro deixado seja maduro e envolvente, evitando o aspecto excessivamente infantil de fragr\u00e2ncias gen\u00e9ricas encontradas em prateleiras comuns.<\/p>\n\n\n<div class=\"wp-block-image\">\n<figure class=\"aligncenter size-full\"><img decoding=\"async\" width=\"1280\" height=\"720\" src=\"https:\/\/www.correiobraziliense.com.br\/cbradar\/wp-content\/uploads\/2026\/04\/perfumes-de-alta-fixacao.jpg\" alt=\"\" class=\"wp-image-219488\" srcset=\"https:\/\/www.correiobraziliense.com.br\/cbradar\/wp-content\/uploads\/2026\/04\/perfumes-de-alta-fixacao.jpg 1280w, https:\/\/www.correiobraziliense.com.br\/cbradar\/wp-content\/uploads\/2026\/04\/perfumes-de-alta-fixacao-300x169.jpg 300w, https:\/\/www.correiobraziliense.com.br\/cbradar\/wp-content\/uploads\/2026\/04\/perfumes-de-alta-fixacao-768x432.jpg 768w, https:\/\/www.correiobraziliense.com.br\/cbradar\/wp-content\/uploads\/2026\/04\/perfumes-de-alta-fixacao-750x422.jpg 750w, https:\/\/www.correiobraziliense.com.br\/cbradar\/wp-content\/uploads\/2026\/04\/perfumes-de-alta-fixacao-1140x641.jpg 1140w\" sizes=\"(max-width: 1280px) 100vw, 1280px\" \/><figcaption class=\"wp-element-caption\">Ao escolher uma dessas fragr\u00e2ncias populares, voc\u00ea investe em um produto que prioriza o conte\u00fado do frasco <\/figcaption><\/figure><\/div>\n\n\n<p>Leia tamb\u00e9m: <a href=\"https:\/\/www.correiobraziliense.com.br\/cbradar\/3-formas-elegantes-criativas-e-cheias-de-significado-de-usar-um-pingente-personalizado-no-dia-a-dia-para-deixar-o-visual-mais-sofisticado-e-a-producao-mais-unica\/\" target=\"_blank\" rel=\"noreferrer noopener\">3 formas elegantes, criativas e cheias de significado de usar um pingente personalizado no dia a dia para deixar o visual mais sofisticado e a produ\u00e7\u00e3o mais \u00fanica<\/a><\/p>\n\n\n\n<h2 class=\"wp-block-heading\">Por que o Libre Le Parfum \u00e9 a escolha da mulher moderna<\/h2>\n\n\n\n<p>O <strong>Libre Le Parfum<\/strong> representa a interpreta\u00e7\u00e3o mais intensa da liberdade feminina, misturando o frescor da lavanda com o calor ardente do mel e da <strong>baunilha de Madagascar<\/strong>. Essa combina\u00e7\u00e3o inusitada cria um contraste t\u00e9rmico que brilha especialmente em eventos noturnos, onde a proje\u00e7\u00e3o precisa ser constante e imponente.<\/p>\n\n\n\n<p>A presen\u00e7a do a\u00e7afr\u00e3o colhido nos jardins da <strong>Ourika<\/strong> confere um toque levemente picante que equilibra a do\u00e7ura extrema das notas de fundo. \u00c9 o tipo de investimento que dispensa reaplica\u00e7\u00f5es constantes, mantendo a performance impec\u00e1vel desde o in\u00edcio da noite at\u00e9 o amanhecer do dia seguinte com total sofistica\u00e7\u00e3o.<\/p>\n\n\n\n<figure class=\"wp-block-embed is-type-rich is-provider-pinterest wp-block-embed-pinterest\"><div class=\"wp-block-embed__wrapper\">\n<iframe loading=\"lazy\" title=\"Yves Saint Laurent Libre Le Parfum 90ml Spray\" src=\"https:\/\/assets.pinterest.com\/ext\/embed.html?id=1133992381202342615&#038;src=oembed\" height=\"899\" width=\"450\" frameborder=\"0\" scrolling=\"no\" ><\/iframe>\n<\/div><\/figure>\n\n\n\n<h2 class=\"wp-block-heading\">O magnetismo atemporal do Hypnotic Poison em climas amenos<\/h2>\n\n\n\n<p>Considerado um \u00edcone absoluto, o <strong>Hypnotic Poison<\/strong> da <strong>Dior<\/strong> utiliza a am\u00eandoa amarga e o jasmim para emoldurar uma das baunilhas mais famosas do mundo. O resultado \u00e9 um perfume &#8220;mord\u00edvel&#8221; e misterioso, que se comporta como uma segunda pele aveludada e extremamente atraente para quem aprecia fragr\u00e2ncias orientais densas.<\/p>\n\n\n\n<p>Em regi\u00f5es de temperaturas mais baixas, os acordes de <strong>alm\u00edscar<\/strong> e s\u00e2ndalo ganham vida, criando um escudo perfumado que resiste at\u00e9 mesmo em tecidos pesados como l\u00e3 e couro. Um detalhe t\u00e9cnico valioso \u00e9 aplicar o produto logo ap\u00f3s o banho, garantindo que os poros recebam a ess\u00eancia com m\u00e1xima absor\u00e7\u00e3o e durabilidade.<\/p>\n\n\n\n<figure class=\"wp-block-embed is-type-rich is-provider-pinterest wp-block-embed-pinterest\"><div class=\"wp-block-embed__wrapper\">\n<iframe loading=\"lazy\" title=\"dior hypnotic poison\" src=\"https:\/\/assets.pinterest.com\/ext\/embed.html?id=903534743996908022&#038;src=oembed\" height=\"699\" width=\"450\" frameborder=\"0\" scrolling=\"no\" ><\/iframe>\n<\/div><\/figure>\n\n\n\n<h2 class=\"wp-block-heading\">Dicas essenciais para aumentar a durabilidade do perfume na pele<\/h2>\n\n\n\n<p>Para que o rastro seja realmente inesquec\u00edvel, a prepara\u00e7\u00e3o da derme \u00e9 t\u00e3o importante quanto a qualidade do frasco escolhido para a ocasi\u00e3o. Manter a barreira cut\u00e2nea hidratada impede que o \u00e1lcool evapore rapidamente, segurando as mol\u00e9culas odor\u00edferas por um per\u00edodo significativamente maior durante o uso di\u00e1rio.<\/p>\n\n\n\n<ul class=\"wp-block-list\">\n<li>Utilize <strong>hidratantes sem fragr\u00e2ncia<\/strong> ou da mesma linha do perfume para criar uma base aderente nas \u00e1reas de maior pulsa\u00e7\u00e3o.<\/li>\n\n\n\n<li>Evite esfregar os pulsos ap\u00f3s a aplica\u00e7\u00e3o, pois o atrito rompe as notas de topo e altera a evolu\u00e7\u00e3o natural da pir\u00e2mide olfativa.<\/li>\n\n\n\n<li>Aplique a fragr\u00e2ncia em pontos estrat\u00e9gicos como a <strong>nuca<\/strong> e atr\u00e1s dos joelhos para que o calor corporal ajude na difus\u00e3o gradual.<\/li>\n\n\n\n<li>Borrife uma pequena quantidade no ar e caminhe atrav\u00e9s da &#8220;nuvem&#8221; para que os cabelos tamb\u00e9m retenham o aroma de forma leve.<\/li>\n<\/ul>\n\n\n\n<h2 class=\"wp-block-heading\">O equil\u00edbrio entre proje\u00e7\u00e3o e eleg\u00e2ncia no dia a dia<\/h2>\n\n\n\n<p>Saber dosar a intensidade de perfumes com <strong>fava tonka<\/strong> e \u00e2mbar \u00e9 o segredo para manter a eleg\u00e2ncia sem sobrecarregar o olfato das pessoas ao redor. A escolha da volumetria correta permite que voc\u00ea seja notado pela qualidade da ess\u00eancia e n\u00e3o pelo excesso de produto aplicado nas roupas ou pesco\u00e7o.<\/p>\n\n\n\n<p>Fragr\u00e2ncias que levam <strong>notas cremosas<\/strong> tendem a ser mais elogiadas quando sentidas de perto, criando um convite \u00e0 aproxima\u00e7\u00e3o e ao di\u00e1logo em jantares ou reuni\u00f5es sociais. O verdadeiro luxo olfativo reside na capacidade de deixar uma lembran\u00e7a agrad\u00e1vel que flutua suavemente no ar mesmo ap\u00f3s a sua sa\u00edda do recinto.<\/p>\n\n\n<div class=\"wp-block-image\">\n<figure class=\"aligncenter size-full\"><img decoding=\"async\" width=\"1280\" height=\"720\" src=\"https:\/\/www.correiobraziliense.com.br\/cbradar\/wp-content\/uploads\/2026\/04\/perfumes-importados-.jpg\" alt=\"\" class=\"wp-image-225407\" srcset=\"https:\/\/www.correiobraziliense.com.br\/cbradar\/wp-content\/uploads\/2026\/04\/perfumes-importados-.jpg 1280w, https:\/\/www.correiobraziliense.com.br\/cbradar\/wp-content\/uploads\/2026\/04\/perfumes-importados--300x169.jpg 300w, https:\/\/www.correiobraziliense.com.br\/cbradar\/wp-content\/uploads\/2026\/04\/perfumes-importados--768x432.jpg 768w, https:\/\/www.correiobraziliense.com.br\/cbradar\/wp-content\/uploads\/2026\/04\/perfumes-importados--750x422.jpg 750w, https:\/\/www.correiobraziliense.com.br\/cbradar\/wp-content\/uploads\/2026\/04\/perfumes-importados--1140x641.jpg 1140w\" sizes=\"(max-width: 1280px) 100vw, 1280px\" \/><figcaption class=\"wp-element-caption\">O lend\u00e1rio Chanel No. 5 revolucionou o mercado ao utilizar alde\u00eddos para elevar o aroma das flores<\/figcaption><\/figure><\/div>\n\n\n<h2 class=\"wp-block-heading\">A escolha da fragr\u00e2ncia ideal como investimento em autoestima<\/h2>\n\n\n\n<p>Encontrar um aroma que se conecte com a sua personalidade transforma o ato de se perfumar em um ritual de autocuidado e afirma\u00e7\u00e3o pessoal. Ao optar por ingredientes de <strong>alta perfumaria<\/strong>, voc\u00ea garante n\u00e3o apenas um cheiro agrad\u00e1vel, mas uma experi\u00eancia sensorial que eleva o esp\u00edrito e a confian\u00e7a.<\/p>\n\n\n\n<p>Explorar novas varia\u00e7\u00f5es de <strong>baunilha<\/strong> e especiarias permite descobrir diferentes facetas da pr\u00f3pria identidade atrav\u00e9s do sentido mais agu\u00e7ado do ser humano. O perfume certo atua como um acess\u00f3rio invis\u00edvel que finaliza o visual com perfei\u00e7\u00e3o, tornando cada momento da rotina muito mais especial e repleto de estilo pr\u00f3prio.<\/p>\n","protected":false},"excerpt":{"rendered":"<p>A busca por uma assinatura olfativa marcante muitas vezes termina no conforto adocicado e na profundidade que apenas as fragr\u00e2ncias orientais conseguem proporcionar. Esses exemplares combinam o calor das especiarias com a cremosidade de ingredientes nobres para criar uma aura de eleg\u00e2ncia que permanece na mem\u00f3ria de quem cruza o seu caminho. Como as notas [&hellip;]<\/p>\n","protected":false},"author":9,"featured_media":236101,"comment_status":"open","ping_status":"open","sticky":false,"template":"","format":"standard","meta":{"_yoast_wpseo_focuskw":"perfumes marcantes","_yoast_wpseo_title":"","_yoast_wpseo_metadesc":"Perfumes orientais com baunilha e especiarias criam um aroma intenso, elegante e duradouro que valoriza sua presen\u00e7a.","jnews-multi-image_gallery":[],"jnews_single_post":{"format":"standard"},"jnews_primary_category":[],"jnews_social_meta":[],"jnews_override_counter":[],"footnotes":""},"categories":[119],"tags":[18583,16606,18582],"class_list":["post-236097","post","type-post","status-publish","format-standard","has-post-thumbnail","hentry","category-bem-estar","tag-perfume-com-baunilha","tag-perfumes-de-luxo","tag-perfumes-orientais"],"yoast_head":"<!-- This site is optimized with the Yoast SEO plugin v24.6 - https:\/\/yoast.com\/wordpress\/plugins\/seo\/ -->\n<title>Perfumes com notas cremosas que deixam um rastro quente, sofisticado e extremamente envolvente - Correio Braziliense - Radar<\/title>\n<meta name=\"description\" content=\"Perfumes orientais com baunilha e especiarias criam um aroma intenso, elegante e duradouro que valoriza sua presen\u00e7a.\" \/>\n<meta name=\"robots\" content=\"index, follow, max-snippet:-1, max-image-preview:large, max-video-preview:-1\" \/>\n<link rel=\"canonical\" href=\"https:\/\/www.correiobraziliense.com.br\/cbradar\/perfumes-com-notas-cremosas-que-deixam-um-rastro-quente-sofisticado-e-extremamente-envolvente\/\" \/>\n<meta property=\"og:locale\" content=\"pt_BR\" \/>\n<meta property=\"og:type\" content=\"article\" \/>\n<meta property=\"og:title\" content=\"Perfumes com notas cremosas que deixam um rastro quente, sofisticado e extremamente envolvente - Correio Braziliense - Radar\" \/>\n<meta property=\"og:description\" content=\"Perfumes orientais com baunilha e especiarias criam um aroma intenso, elegante e duradouro que valoriza sua presen\u00e7a.\" \/>\n<meta property=\"og:url\" content=\"https:\/\/www.correiobraziliense.com.br\/cbradar\/perfumes-com-notas-cremosas-que-deixam-um-rastro-quente-sofisticado-e-extremamente-envolvente\/\" \/>\n<meta property=\"og:site_name\" content=\"Correio Braziliense - Radar\" \/>\n<meta property=\"article:published_time\" content=\"2026-05-03T12:25:00+00:00\" \/>\n<meta property=\"og:image\" content=\"https:\/\/www.correiobraziliense.com.br\/cbradar\/wp-content\/uploads\/2026\/05\/perfume-1-1.jpg\" \/>\n\t<meta property=\"og:image:width\" content=\"1280\" \/>\n\t<meta property=\"og:image:height\" content=\"720\" \/>\n\t<meta property=\"og:image:type\" content=\"image\/jpeg\" \/>\n<meta name=\"author\" content=\"Daniely Cardoso\" \/>\n<meta name=\"twitter:card\" content=\"summary_large_image\" \/>\n<meta name=\"twitter:label1\" content=\"Escrito por\" \/>\n\t<meta name=\"twitter:data1\" content=\"Daniely Cardoso\" \/>\n\t<meta name=\"twitter:label2\" content=\"Est. tempo de leitura\" \/>\n\t<meta name=\"twitter:data2\" content=\"6 minutos\" \/>\n<!-- \/ Yoast SEO plugin. -->","yoast_head_json":{"title":"Perfumes com notas cremosas que deixam um rastro quente, sofisticado e extremamente envolvente - Correio Braziliense - Radar","description":"Perfumes orientais com baunilha e especiarias criam um aroma intenso, elegante e duradouro que valoriza sua presen\u00e7a.","robots":{"index":"index","follow":"follow","max-snippet":"max-snippet:-1","max-image-preview":"max-image-preview:large","max-video-preview":"max-video-preview:-1"},"canonical":"https:\/\/www.correiobraziliense.com.br\/cbradar\/perfumes-com-notas-cremosas-que-deixam-um-rastro-quente-sofisticado-e-extremamente-envolvente\/","og_locale":"pt_BR","og_type":"article","og_title":"Perfumes com notas cremosas que deixam um rastro quente, sofisticado e extremamente envolvente - Correio Braziliense - Radar","og_description":"Perfumes orientais com baunilha e especiarias criam um aroma intenso, elegante e duradouro que valoriza sua presen\u00e7a.","og_url":"https:\/\/www.correiobraziliense.com.br\/cbradar\/perfumes-com-notas-cremosas-que-deixam-um-rastro-quente-sofisticado-e-extremamente-envolvente\/","og_site_name":"Correio Braziliense - Radar","article_published_time":"2026-05-03T12:25:00+00:00","og_image":[{"width":1280,"height":720,"url":"https:\/\/www.correiobraziliense.com.br\/cbradar\/wp-content\/uploads\/2026\/05\/perfume-1-1.jpg","type":"image\/jpeg"}],"author":"Daniely Cardoso","twitter_card":"summary_large_image","twitter_misc":{"Escrito por":"Daniely Cardoso","Est. tempo de leitura":"6 minutos"},"schema":{"@context":"https:\/\/schema.org","@graph":[{"@type":"WebPage","@id":"https:\/\/www.correiobraziliense.com.br\/cbradar\/perfumes-com-notas-cremosas-que-deixam-um-rastro-quente-sofisticado-e-extremamente-envolvente\/","url":"https:\/\/www.correiobraziliense.com.br\/cbradar\/perfumes-com-notas-cremosas-que-deixam-um-rastro-quente-sofisticado-e-extremamente-envolvente\/","name":"Perfumes com notas cremosas que deixam um rastro quente, sofisticado e extremamente envolvente - Correio Braziliense - Radar","isPartOf":{"@id":"https:\/\/www.correiobraziliense.com.br\/cbradar\/#website"},"primaryImageOfPage":{"@id":"https:\/\/www.correiobraziliense.com.br\/cbradar\/perfumes-com-notas-cremosas-que-deixam-um-rastro-quente-sofisticado-e-extremamente-envolvente\/#primaryimage"},"image":{"@id":"https:\/\/www.correiobraziliense.com.br\/cbradar\/perfumes-com-notas-cremosas-que-deixam-um-rastro-quente-sofisticado-e-extremamente-envolvente\/#primaryimage"},"thumbnailUrl":"https:\/\/www.correiobraziliense.com.br\/cbradar\/wp-content\/uploads\/2026\/05\/perfume-1-1.jpg","datePublished":"2026-05-03T12:25:00+00:00","author":{"@id":"https:\/\/www.correiobraziliense.com.br\/cbradar\/#\/schema\/person\/7356666e12ec0ee53f348ee5db227032"},"description":"Perfumes orientais com baunilha e especiarias criam um aroma intenso, elegante e duradouro que valoriza sua presen\u00e7a.","breadcrumb":{"@id":"https:\/\/www.correiobraziliense.com.br\/cbradar\/perfumes-com-notas-cremosas-que-deixam-um-rastro-quente-sofisticado-e-extremamente-envolvente\/#breadcrumb"},"inLanguage":"pt-BR","potentialAction":[{"@type":"ReadAction","target":["https:\/\/www.correiobraziliense.com.br\/cbradar\/perfumes-com-notas-cremosas-que-deixam-um-rastro-quente-sofisticado-e-extremamente-envolvente\/"]}]},{"@type":"ImageObject","inLanguage":"pt-BR","@id":"https:\/\/www.correiobraziliense.com.br\/cbradar\/perfumes-com-notas-cremosas-que-deixam-um-rastro-quente-sofisticado-e-extremamente-envolvente\/#primaryimage","url":"https:\/\/www.correiobraziliense.com.br\/cbradar\/wp-content\/uploads\/2026\/05\/perfume-1-1.jpg","contentUrl":"https:\/\/www.correiobraziliense.com.br\/cbradar\/wp-content\/uploads\/2026\/05\/perfume-1-1.jpg","width":1280,"height":720,"caption":"Diferente das vers\u00f5es sint\u00e9ticas, a vagem de baunilha natural possui nuances de tabaco e couro que evoluem de forma complexa na pele ao longo das horas"},{"@type":"BreadcrumbList","@id":"https:\/\/www.correiobraziliense.com.br\/cbradar\/perfumes-com-notas-cremosas-que-deixam-um-rastro-quente-sofisticado-e-extremamente-envolvente\/#breadcrumb","itemListElement":[{"@type":"ListItem","position":1,"name":"In\u00edcio","item":"https:\/\/www.correiobraziliense.com.br\/cbradar\/"},{"@type":"ListItem","position":2,"name":"Perfumes com notas cremosas que deixam um rastro quente, sofisticado e extremamente envolvente"}]},{"@type":"WebSite","@id":"https:\/\/www.correiobraziliense.com.br\/cbradar\/#website","url":"https:\/\/www.correiobraziliense.com.br\/cbradar\/","name":"Correio Braziliense - Radar","description":"Acompanhe as \u00faltimas not\u00edcias e fique bem informado sobre tudo o que acontece no Brasil e no mundo.","potentialAction":[{"@type":"SearchAction","target":{"@type":"EntryPoint","urlTemplate":"https:\/\/www.correiobraziliense.com.br\/cbradar\/?s={search_term_string}"},"query-input":{"@type":"PropertyValueSpecification","valueRequired":true,"valueName":"search_term_string"}}],"inLanguage":"pt-BR"},{"@type":"Person","@id":"https:\/\/www.correiobraziliense.com.br\/cbradar\/#\/schema\/person\/7356666e12ec0ee53f348ee5db227032","name":"Daniely Cardoso","image":{"@type":"ImageObject","inLanguage":"pt-BR","@id":"https:\/\/www.correiobraziliense.com.br\/cbradar\/#\/schema\/person\/image\/","url":"https:\/\/secure.gravatar.com\/avatar\/4b80ddbd124d1f071b626d52d62e5dff?s=96&d=mm&r=g","contentUrl":"https:\/\/secure.gravatar.com\/avatar\/4b80ddbd124d1f071b626d52d62e5dff?s=96&d=mm&r=g","caption":"Daniely Cardoso"},"description":"Redatora nos portais CB Radar e EM Foco, formada pela Universidade Federal de Goi\u00e1s, em Goi\u00e2nia. Apaixonada por comunica\u00e7\u00e3o, arte, decora\u00e7\u00e3o e tend\u00eancias, atuo na produ\u00e7\u00e3o de conte\u00fados envolventes sobre curiosidades, moda, beleza e paisagismo, sempre com um olhar atento \u00e0s novidades do momento.","sameAs":["https:\/\/www.correiobraziliense.com.br\/cbradar"],"url":"https:\/\/www.correiobraziliense.com.br\/cbradar\/author\/danielymyth\/"}]}},"_links":{"self":[{"href":"https:\/\/www.correiobraziliense.com.br\/cbradar\/wp-json\/wp\/v2\/posts\/236097","targetHints":{"allow":["GET"]}}],"collection":[{"href":"https:\/\/www.correiobraziliense.com.br\/cbradar\/wp-json\/wp\/v2\/posts"}],"about":[{"href":"https:\/\/www.correiobraziliense.com.br\/cbradar\/wp-json\/wp\/v2\/types\/post"}],"author":[{"embeddable":true,"href":"https:\/\/www.correiobraziliense.com.br\/cbradar\/wp-json\/wp\/v2\/users\/9"}],"replies":[{"embeddable":true,"href":"https:\/\/www.correiobraziliense.com.br\/cbradar\/wp-json\/wp\/v2\/comments?post=236097"}],"version-history":[{"count":1,"href":"https:\/\/www.correiobraziliense.com.br\/cbradar\/wp-json\/wp\/v2\/posts\/236097\/revisions"}],"predecessor-version":[{"id":236103,"href":"https:\/\/www.correiobraziliense.com.br\/cbradar\/wp-json\/wp\/v2\/posts\/236097\/revisions\/236103"}],"wp:featuredmedia":[{"embeddable":true,"href":"https:\/\/www.correiobraziliense.com.br\/cbradar\/wp-json\/wp\/v2\/media\/236101"}],"wp:attachment":[{"href":"https:\/\/www.correiobraziliense.com.br\/cbradar\/wp-json\/wp\/v2\/media?parent=236097"}],"wp:term":[{"taxonomy":"category","embeddable":true,"href":"https:\/\/www.correiobraziliense.com.br\/cbradar\/wp-json\/wp\/v2\/categories?post=236097"},{"taxonomy":"post_tag","embeddable":true,"href":"https:\/\/www.correiobraziliense.com.br\/cbradar\/wp-json\/wp\/v2\/tags?post=236097"}],"curies":[{"name":"wp","href":"https:\/\/api.w.org\/{rel}","templated":true}]}}