{"id":236106,"date":"2026-05-03T09:55:00","date_gmt":"2026-05-03T12:55:00","guid":{"rendered":"https:\/\/www.correiobraziliense.com.br\/cbradar\/?p=236106"},"modified":"2026-05-02T14:09:16","modified_gmt":"2026-05-02T17:09:16","slug":"nutricionista-explica-o-que-o-consumo-de-uvas-em-jejum-faz-no-coracao","status":"publish","type":"post","link":"https:\/\/www.correiobraziliense.com.br\/cbradar\/nutricionista-explica-o-que-o-consumo-de-uvas-em-jejum-faz-no-coracao\/","title":{"rendered":"Nutricionista explica o que o consumo de uvas em jejum faz no cora\u00e7\u00e3o"},"content":{"rendered":"\n<p>Muitas pessoas buscam alternativas naturais para melhorar o bem-estar e a disposi\u00e7\u00e3o f\u00edsica por meio da alimenta\u00e7\u00e3o equilibrada. O h\u00e1bito de inserir os <strong>benef\u00edcios do consumo de uvas<\/strong> na rotina alimentar pode transformar o funcionamento do organismo de maneira surpreendente.<\/p>\n\n\n\n<h2 class=\"wp-block-heading\">Quais nutrientes as uvas oferecem para o corpo<\/h2>\n\n\n\n<p>A composi\u00e7\u00e3o dessas frutas pequenas guarda uma densidade nutricional que favorece a <strong>prote\u00e7\u00e3o celular<\/strong> contra danos externos. Diversas variedades apresentam cascas ricas em polifen\u00f3is que atuam diretamente na <strong>preven\u00e7\u00e3o do envelhecimento<\/strong> precoce dos tecidos. Incluir essa fonte de vitaminas ajuda a manter a <strong>imunidade fortalecida<\/strong> durante todas as esta\u00e7\u00f5es do ano.<\/p>\n\n\n\n<p>Al\u00e9m das vitaminas tradicionais, o fruto cont\u00e9m minerais importantes como o pot\u00e1ssio e o magn\u00e9sio para o sistema muscular. Esses elementos garantem que a <strong>press\u00e3o arterial<\/strong> permane\u00e7a em n\u00edveis adequados sem exigir esfor\u00e7os excessivos do cora\u00e7\u00e3o. O consumo regular promove uma <strong>hidrata\u00e7\u00e3o interna<\/strong> eficiente devido ao alto teor de \u00e1gua encontrado na polpa fresca.<\/p>\n\n\n<div class=\"wp-block-image\">\n<figure class=\"aligncenter size-full\"><img decoding=\"async\" width=\"1280\" height=\"720\" src=\"https:\/\/www.correiobraziliense.com.br\/cbradar\/wp-content\/uploads\/2026\/05\/uvas.jpg\" alt=\"benef\u00edcios do consumo de uvas\" class=\"wp-image-236109\" srcset=\"https:\/\/www.correiobraziliense.com.br\/cbradar\/wp-content\/uploads\/2026\/05\/uvas.jpg 1280w, https:\/\/www.correiobraziliense.com.br\/cbradar\/wp-content\/uploads\/2026\/05\/uvas-300x169.jpg 300w, https:\/\/www.correiobraziliense.com.br\/cbradar\/wp-content\/uploads\/2026\/05\/uvas-768x432.jpg 768w, https:\/\/www.correiobraziliense.com.br\/cbradar\/wp-content\/uploads\/2026\/05\/uvas-750x422.jpg 750w, https:\/\/www.correiobraziliense.com.br\/cbradar\/wp-content\/uploads\/2026\/05\/uvas-1140x641.jpg 1140w\" sizes=\"(max-width: 1280px) 100vw, 1280px\" \/><figcaption class=\"wp-element-caption\">A composi\u00e7\u00e3o dessas frutas pequenas guarda uma densidade nutricional que favorece a prote\u00e7\u00e3o celular contra danos externos.<\/figcaption><\/figure><\/div>\n\n\n<h2 class=\"wp-block-heading\">Como os benef\u00edcios do consumo de uvas ajudam o cora\u00e7\u00e3o<\/h2>\n\n\n\n<p>A sa\u00fade cardiovascular recebe um suporte significativo quando o indiv\u00edduo opta por lanches naturais compostos por frutas escuras. Compostos bioativos auxiliam na <strong>elasticidade das art\u00e9rias<\/strong>, facilitando a passagem do fluxo sangu\u00edneo para todos os \u00f3rg\u00e3os vitais. Essa a\u00e7\u00e3o cont\u00ednua reduz as chances de <strong>inflama\u00e7\u00f5es cr\u00f4nicas<\/strong> que podem prejudicar a longevidade do sistema circulat\u00f3rio.<\/p>\n\n\n\n<p>Pesquisas indicam que as fibras presentes na fruta contribuem para o controle dos n\u00edveis de gordura no sangue. Manter o <strong>colesterol equilibrado<\/strong> torna-se uma tarefa mais simples quando aliamos boas escolhas alimentares ao movimento f\u00edsico constante. Os <strong>benef\u00edcios do consumo de uvas<\/strong> s\u00e3o potencializados quando a ingest\u00e3o ocorre de forma integral, aproveitando inclusive os nutrientes da casca.<\/p>\n\n\n\n<p>Para voc\u00ea que gosta de cuidar da alimenta\u00e7\u00e3o, separamos um v\u00eddeo do canal da <a href=\"https:\/\/www.youtube.com\/@NutricionistaPatriciaLeite\" target=\"_blank\" rel=\"noreferrer noopener\">Nutricionista Patricia Leite<\/a> com dicas para incluir essa fruta na sua alimenta\u00e7\u00e3o:<\/p>\n\n\n\n<figure class=\"wp-block-embed is-type-video is-provider-youtube wp-block-embed-youtube wp-embed-aspect-16-9 wp-has-aspect-ratio\"><div class=\"wp-block-embed__wrapper\">\n<div class=\"jeg_video_container jeg_video_content\"><iframe loading=\"lazy\" title=\"Uva Engorda ou Emagrece? [DICAS + CUIDADOS]\" width=\"500\" height=\"281\" src=\"https:\/\/www.youtube.com\/embed\/eE_UqzVABcE?feature=oembed\" frameborder=\"0\" allow=\"accelerometer; autoplay; clipboard-write; encrypted-media; gyroscope; picture-in-picture; web-share\" referrerpolicy=\"strict-origin-when-cross-origin\" allowfullscreen><\/iframe><\/div>\n<\/div><\/figure>\n\n\n\n<h2 class=\"wp-block-heading\">Melhora na digest\u00e3o e funcionamento intestinal<\/h2>\n\n\n\n<p>O sistema digestivo processa melhor os alimentos quando recebe o aporte de fibras insol\u00faveis encontradas nas sementes e pel\u00edculas externas. Esse est\u00edmulo natural facilita o <strong>tr\u00e2nsito <a href=\"https:\/\/www.correiobraziliense.com.br\/cbradar\/o-que-o-acai-faz-no-intestino-e-na-glicose\/\" target=\"_blank\" rel=\"noreferrer noopener\">intestinal<\/a><\/strong>, evitando desconfortos comuns causados pela rotina sedent\u00e1ria ou dieta pobre em vegetais. Nutricionistas recomendam a ingest\u00e3o di\u00e1ria para garantir que o <strong>ritmo metab\u00f3lico<\/strong> funcione com total efici\u00eancia.<\/p>\n\n\n\n<p>A presen\u00e7a de subst\u00e2ncias prebi\u00f3ticas alimenta as bact\u00e9rias boas que vivem no intestino e protegem a barreira g\u00e1strica. Uma <strong>flora equilibrada<\/strong> \u00e9 o segredo para absorver melhor os nutrientes de outras refei\u00e7\u00f5es importantes do dia. Observe os itens que tornam essa fruta um item vers\u00e1til para qualquer card\u00e1pio saud\u00e1vel:<\/p>\n\n\n\n<ul class=\"wp-block-list\">\n<li><strong>Antioxidantes:<\/strong> auxiliam na recupera\u00e7\u00e3o muscular ap\u00f3s atividades f\u00edsicas intensas.<\/li>\n\n\n\n<li><strong>Resveratrol:<\/strong> subst\u00e2ncia famosa por proteger a sa\u00fade do c\u00e9rebro e mem\u00f3ria.<\/li>\n\n\n\n<li><strong>Baixo \u00edndice glic\u00eamico:<\/strong> fornece energia de forma gradual evitando picos de a\u00e7\u00facar.<\/li>\n\n\n\n<li><strong>Quercetina:<\/strong> atua como um anti-inflamat\u00f3rio natural muito potente no organismo.<\/li>\n<\/ul>\n\n\n<div class=\"wp-block-image\">\n<figure class=\"aligncenter size-full\"><img decoding=\"async\" width=\"1280\" height=\"720\" src=\"https:\/\/www.correiobraziliense.com.br\/cbradar\/wp-content\/uploads\/2026\/05\/uvas-1.jpg\" alt=\"benef\u00edcios do consumo de uvas\" class=\"wp-image-236110\" srcset=\"https:\/\/www.correiobraziliense.com.br\/cbradar\/wp-content\/uploads\/2026\/05\/uvas-1.jpg 1280w, https:\/\/www.correiobraziliense.com.br\/cbradar\/wp-content\/uploads\/2026\/05\/uvas-1-300x169.jpg 300w, https:\/\/www.correiobraziliense.com.br\/cbradar\/wp-content\/uploads\/2026\/05\/uvas-1-768x432.jpg 768w, https:\/\/www.correiobraziliense.com.br\/cbradar\/wp-content\/uploads\/2026\/05\/uvas-1-750x422.jpg 750w, https:\/\/www.correiobraziliense.com.br\/cbradar\/wp-content\/uploads\/2026\/05\/uvas-1-1140x641.jpg 1140w\" sizes=\"(max-width: 1280px) 100vw, 1280px\" \/><figcaption class=\"wp-element-caption\">A presen\u00e7a de subst\u00e2ncias prebi\u00f3ticas alimenta as bact\u00e9rias boas que vivem no intestino e protegem a barreira g\u00e1strica. <\/figcaption><\/figure><\/div>\n\n\n<h2 class=\"wp-block-heading\">Os benef\u00edcios do consumo de uvas para a vis\u00e3o<\/h2>\n\n\n\n<p>A retina humana possui pigmentos que podem ser protegidos por subst\u00e2ncias espec\u00edficas presentes nas uvas verdes e roxas. O combate aos <strong>radicais livres<\/strong> evita a degenera\u00e7\u00e3o de tecidos oculares sens\u00edveis ao longo dos anos de exposi\u00e7\u00e3o \u00e0 luz. Priorizar alimentos coloridos garante que a <strong>acuidade visual<\/strong> seja preservada por muito mais tempo com seguran\u00e7a.<\/p>\n\n\n\n<p>A ingest\u00e3o constante ajuda a filtrar o estresse oxidativo causado pelo uso excessivo de telas e dispositivos eletr\u00f4nicos. Muitos profissionais de sa\u00fade sugerem essa fruta como uma estrat\u00e9gia de <strong>cuidado preventivo<\/strong> para pessoas de todas as idades. Aproveitar os <strong>benef\u00edcios do consumo de uvas<\/strong> \u00e9 uma maneira pr\u00e1tica de investir na qualidade de vida futura sem abrir m\u00e3o do sabor.<\/p>\n\n\n\n<h2 class=\"wp-block-heading\">Dicas para manter o h\u00e1bito saud\u00e1vel<\/h2>\n\n\n\n<p>Procure variar as cores das frutas para obter diferentes tipos de fitonutrientes no prato. Lave bem os cachos antes da ingest\u00e3o para garantir a <strong>seguran\u00e7a alimentar<\/strong> completa de sua fam\u00edlia. Mantenha por\u00e7\u00f5es prontas na geladeira para facilitar o <strong>lanche r\u00e1pido<\/strong> entre as obriga\u00e7\u00f5es di\u00e1rias.<\/p>\n\n\n\n<p>Observe como o seu corpo reage positivamente ao receber essa dose extra de energia natural. Compartilhe essas informa\u00e7\u00f5es com amigos interessados em uma <strong>vida ativa<\/strong> e cheia de vigor. Pequenas mudan\u00e7as geram <strong>resultados duradouros<\/strong> para quem deseja envelhecer com sa\u00fade e bem-estar.<\/p>\n","protected":false},"excerpt":{"rendered":"<p>Muitas pessoas buscam alternativas naturais para melhorar o bem-estar e a disposi\u00e7\u00e3o f\u00edsica por meio da alimenta\u00e7\u00e3o equilibrada. O h\u00e1bito de inserir os benef\u00edcios do consumo de uvas na rotina alimentar pode transformar o funcionamento do organismo de maneira surpreendente. Quais nutrientes as uvas oferecem para o corpo A composi\u00e7\u00e3o dessas frutas pequenas guarda uma [&hellip;]<\/p>\n","protected":false},"author":24,"featured_media":236114,"comment_status":"open","ping_status":"open","sticky":false,"template":"","format":"standard","meta":{"_yoast_wpseo_focuskw":"consumo de uvas","_yoast_wpseo_title":"","_yoast_wpseo_metadesc":"Saiba como o consumo de uvas todos os dias influenciam a sa\u00fade do cora\u00e7\u00e3o e do intestino sem precisar de dietas restritivas ou complexas.","jnews-multi-image_gallery":[],"jnews_single_post":{"format":"standard"},"jnews_primary_category":[],"jnews_social_meta":[],"jnews_override_counter":[],"footnotes":""},"categories":[119,4404],"tags":[183,4114,4275],"class_list":["post-236106","post","type-post","status-publish","format-standard","has-post-thumbnail","hentry","category-bem-estar","category-saude","tag-alimentacao-saudavel","tag-frutas-antioxidantes","tag-saude-cardiovascular"],"yoast_head":"<!-- This site is optimized with the Yoast SEO plugin v24.6 - https:\/\/yoast.com\/wordpress\/plugins\/seo\/ -->\n<title>Nutricionista explica o que o consumo de uvas em jejum faz no cora\u00e7\u00e3o - Correio Braziliense - Radar<\/title>\n<meta name=\"description\" content=\"Saiba como o consumo de uvas todos os dias influenciam a sa\u00fade do cora\u00e7\u00e3o e do intestino sem precisar de dietas restritivas ou complexas.\" \/>\n<meta name=\"robots\" content=\"index, follow, max-snippet:-1, max-image-preview:large, max-video-preview:-1\" \/>\n<link rel=\"canonical\" href=\"https:\/\/www.correiobraziliense.com.br\/cbradar\/nutricionista-explica-o-que-o-consumo-de-uvas-em-jejum-faz-no-coracao\/\" \/>\n<meta property=\"og:locale\" content=\"pt_BR\" \/>\n<meta property=\"og:type\" content=\"article\" \/>\n<meta property=\"og:title\" content=\"Nutricionista explica o que o consumo de uvas em jejum faz no cora\u00e7\u00e3o - Correio Braziliense - Radar\" \/>\n<meta property=\"og:description\" content=\"Saiba como o consumo de uvas todos os dias influenciam a sa\u00fade do cora\u00e7\u00e3o e do intestino sem precisar de dietas restritivas ou complexas.\" \/>\n<meta property=\"og:url\" content=\"https:\/\/www.correiobraziliense.com.br\/cbradar\/nutricionista-explica-o-que-o-consumo-de-uvas-em-jejum-faz-no-coracao\/\" \/>\n<meta property=\"og:site_name\" content=\"Correio Braziliense - Radar\" \/>\n<meta property=\"article:published_time\" content=\"2026-05-03T12:55:00+00:00\" \/>\n<meta property=\"og:image\" content=\"https:\/\/www.correiobraziliense.com.br\/cbradar\/wp-content\/uploads\/2026\/05\/uvas-2.jpg\" \/>\n\t<meta property=\"og:image:width\" content=\"1280\" \/>\n\t<meta property=\"og:image:height\" content=\"720\" \/>\n\t<meta property=\"og:image:type\" content=\"image\/jpeg\" \/>\n<meta name=\"author\" content=\"Bruno Vaz\" \/>\n<meta name=\"twitter:card\" content=\"summary_large_image\" \/>\n<meta name=\"twitter:label1\" content=\"Escrito por\" \/>\n\t<meta name=\"twitter:data1\" content=\"Bruno Vaz\" \/>\n\t<meta name=\"twitter:label2\" content=\"Est. tempo de leitura\" \/>\n\t<meta name=\"twitter:data2\" content=\"5 minutos\" \/>\n<!-- \/ Yoast SEO plugin. -->","yoast_head_json":{"title":"Nutricionista explica o que o consumo de uvas em jejum faz no cora\u00e7\u00e3o - Correio Braziliense - Radar","description":"Saiba como o consumo de uvas todos os dias influenciam a sa\u00fade do cora\u00e7\u00e3o e do intestino sem precisar de dietas restritivas ou complexas.","robots":{"index":"index","follow":"follow","max-snippet":"max-snippet:-1","max-image-preview":"max-image-preview:large","max-video-preview":"max-video-preview:-1"},"canonical":"https:\/\/www.correiobraziliense.com.br\/cbradar\/nutricionista-explica-o-que-o-consumo-de-uvas-em-jejum-faz-no-coracao\/","og_locale":"pt_BR","og_type":"article","og_title":"Nutricionista explica o que o consumo de uvas em jejum faz no cora\u00e7\u00e3o - Correio Braziliense - Radar","og_description":"Saiba como o consumo de uvas todos os dias influenciam a sa\u00fade do cora\u00e7\u00e3o e do intestino sem precisar de dietas restritivas ou complexas.","og_url":"https:\/\/www.correiobraziliense.com.br\/cbradar\/nutricionista-explica-o-que-o-consumo-de-uvas-em-jejum-faz-no-coracao\/","og_site_name":"Correio Braziliense - Radar","article_published_time":"2026-05-03T12:55:00+00:00","og_image":[{"width":1280,"height":720,"url":"https:\/\/www.correiobraziliense.com.br\/cbradar\/wp-content\/uploads\/2026\/05\/uvas-2.jpg","type":"image\/jpeg"}],"author":"Bruno Vaz","twitter_card":"summary_large_image","twitter_misc":{"Escrito por":"Bruno Vaz","Est. tempo de leitura":"5 minutos"},"schema":{"@context":"https:\/\/schema.org","@graph":[{"@type":"WebPage","@id":"https:\/\/www.correiobraziliense.com.br\/cbradar\/nutricionista-explica-o-que-o-consumo-de-uvas-em-jejum-faz-no-coracao\/","url":"https:\/\/www.correiobraziliense.com.br\/cbradar\/nutricionista-explica-o-que-o-consumo-de-uvas-em-jejum-faz-no-coracao\/","name":"Nutricionista explica o que o consumo de uvas em jejum faz no cora\u00e7\u00e3o - Correio Braziliense - Radar","isPartOf":{"@id":"https:\/\/www.correiobraziliense.com.br\/cbradar\/#website"},"primaryImageOfPage":{"@id":"https:\/\/www.correiobraziliense.com.br\/cbradar\/nutricionista-explica-o-que-o-consumo-de-uvas-em-jejum-faz-no-coracao\/#primaryimage"},"image":{"@id":"https:\/\/www.correiobraziliense.com.br\/cbradar\/nutricionista-explica-o-que-o-consumo-de-uvas-em-jejum-faz-no-coracao\/#primaryimage"},"thumbnailUrl":"https:\/\/www.correiobraziliense.com.br\/cbradar\/wp-content\/uploads\/2026\/05\/uvas-2.jpg","datePublished":"2026-05-03T12:55:00+00:00","author":{"@id":"https:\/\/www.correiobraziliense.com.br\/cbradar\/#\/schema\/person\/fa8d996f8ec792dc6e8e1d712294923c"},"description":"Saiba como o consumo de uvas todos os dias influenciam a sa\u00fade do cora\u00e7\u00e3o e do intestino sem precisar de dietas restritivas ou complexas.","breadcrumb":{"@id":"https:\/\/www.correiobraziliense.com.br\/cbradar\/nutricionista-explica-o-que-o-consumo-de-uvas-em-jejum-faz-no-coracao\/#breadcrumb"},"inLanguage":"pt-BR","potentialAction":[{"@type":"ReadAction","target":["https:\/\/www.correiobraziliense.com.br\/cbradar\/nutricionista-explica-o-que-o-consumo-de-uvas-em-jejum-faz-no-coracao\/"]}]},{"@type":"ImageObject","inLanguage":"pt-BR","@id":"https:\/\/www.correiobraziliense.com.br\/cbradar\/nutricionista-explica-o-que-o-consumo-de-uvas-em-jejum-faz-no-coracao\/#primaryimage","url":"https:\/\/www.correiobraziliense.com.br\/cbradar\/wp-content\/uploads\/2026\/05\/uvas-2.jpg","contentUrl":"https:\/\/www.correiobraziliense.com.br\/cbradar\/wp-content\/uploads\/2026\/05\/uvas-2.jpg","width":1280,"height":720,"caption":"Muitas pessoas buscam alternativas naturais para melhorar o bem-estar e a disposi\u00e7\u00e3o f\u00edsica por meio da alimenta\u00e7\u00e3o equilibrada."},{"@type":"BreadcrumbList","@id":"https:\/\/www.correiobraziliense.com.br\/cbradar\/nutricionista-explica-o-que-o-consumo-de-uvas-em-jejum-faz-no-coracao\/#breadcrumb","itemListElement":[{"@type":"ListItem","position":1,"name":"In\u00edcio","item":"https:\/\/www.correiobraziliense.com.br\/cbradar\/"},{"@type":"ListItem","position":2,"name":"Nutricionista explica o que o consumo de uvas em jejum faz no cora\u00e7\u00e3o"}]},{"@type":"WebSite","@id":"https:\/\/www.correiobraziliense.com.br\/cbradar\/#website","url":"https:\/\/www.correiobraziliense.com.br\/cbradar\/","name":"Correio Braziliense - Radar","description":"Acompanhe as \u00faltimas not\u00edcias e fique bem informado sobre tudo o que acontece no Brasil e no mundo.","potentialAction":[{"@type":"SearchAction","target":{"@type":"EntryPoint","urlTemplate":"https:\/\/www.correiobraziliense.com.br\/cbradar\/?s={search_term_string}"},"query-input":{"@type":"PropertyValueSpecification","valueRequired":true,"valueName":"search_term_string"}}],"inLanguage":"pt-BR"},{"@type":"Person","@id":"https:\/\/www.correiobraziliense.com.br\/cbradar\/#\/schema\/person\/fa8d996f8ec792dc6e8e1d712294923c","name":"Bruno Vaz","image":{"@type":"ImageObject","inLanguage":"pt-BR","@id":"https:\/\/www.correiobraziliense.com.br\/cbradar\/#\/schema\/person\/image\/","url":"https:\/\/secure.gravatar.com\/avatar\/b2b7b66985ef75f65bcf72e6ab68dd22?s=96&d=mm&r=g","contentUrl":"https:\/\/secure.gravatar.com\/avatar\/b2b7b66985ef75f65bcf72e6ab68dd22?s=96&d=mm&r=g","caption":"Bruno Vaz"},"sameAs":["https:\/\/www.correiobraziliense.com.br\/cbradar\/"],"url":"https:\/\/www.correiobraziliense.com.br\/cbradar\/author\/bruno-vaz\/"}]}},"_links":{"self":[{"href":"https:\/\/www.correiobraziliense.com.br\/cbradar\/wp-json\/wp\/v2\/posts\/236106","targetHints":{"allow":["GET"]}}],"collection":[{"href":"https:\/\/www.correiobraziliense.com.br\/cbradar\/wp-json\/wp\/v2\/posts"}],"about":[{"href":"https:\/\/www.correiobraziliense.com.br\/cbradar\/wp-json\/wp\/v2\/types\/post"}],"author":[{"embeddable":true,"href":"https:\/\/www.correiobraziliense.com.br\/cbradar\/wp-json\/wp\/v2\/users\/24"}],"replies":[{"embeddable":true,"href":"https:\/\/www.correiobraziliense.com.br\/cbradar\/wp-json\/wp\/v2\/comments?post=236106"}],"version-history":[{"count":1,"href":"https:\/\/www.correiobraziliense.com.br\/cbradar\/wp-json\/wp\/v2\/posts\/236106\/revisions"}],"predecessor-version":[{"id":236115,"href":"https:\/\/www.correiobraziliense.com.br\/cbradar\/wp-json\/wp\/v2\/posts\/236106\/revisions\/236115"}],"wp:featuredmedia":[{"embeddable":true,"href":"https:\/\/www.correiobraziliense.com.br\/cbradar\/wp-json\/wp\/v2\/media\/236114"}],"wp:attachment":[{"href":"https:\/\/www.correiobraziliense.com.br\/cbradar\/wp-json\/wp\/v2\/media?parent=236106"}],"wp:term":[{"taxonomy":"category","embeddable":true,"href":"https:\/\/www.correiobraziliense.com.br\/cbradar\/wp-json\/wp\/v2\/categories?post=236106"},{"taxonomy":"post_tag","embeddable":true,"href":"https:\/\/www.correiobraziliense.com.br\/cbradar\/wp-json\/wp\/v2\/tags?post=236106"}],"curies":[{"name":"wp","href":"https:\/\/api.w.org\/{rel}","templated":true}]}}