{"id":236144,"date":"2026-05-03T08:15:00","date_gmt":"2026-05-03T11:15:00","guid":{"rendered":"https:\/\/www.correiobraziliense.com.br\/cbradar\/?p=236144"},"modified":"2026-05-02T14:48:59","modified_gmt":"2026-05-02T17:48:59","slug":"um-estudo-cientifico-revelou-que-labradores-tem-variantes-geneticas-ligadas-a-sociabilidade-parecidas-com-as-observadas-em-humanos","status":"publish","type":"post","link":"https:\/\/www.correiobraziliense.com.br\/cbradar\/um-estudo-cientifico-revelou-que-labradores-tem-variantes-geneticas-ligadas-a-sociabilidade-parecidas-com-as-observadas-em-humanos\/","title":{"rendered":"Um estudo cient\u00edfico revelou que labradores t\u00eam variantes gen\u00e9ticas ligadas \u00e0 sociabilidade parecidas com as observadas em humanos"},"content":{"rendered":"\n<p>A ci\u00eancia acaba de revelar que a amizade incondicional dos <strong>Labradores<\/strong> possui ra\u00edzes biol\u00f3gicas muito mais profundas do que o simples adestramento dom\u00e9stico. Pesquisas recentes apontam que muta\u00e7\u00f5es espec\u00edficas no DNA desses animais explicam o comportamento extremamente d\u00f3cil e a busca incessante por intera\u00e7\u00e3o com as pessoas.<\/p>\n\n\n\n<h2 class=\"wp-block-heading\">Estudos identifica genes sociais<\/h2>\n\n\n\n<p>A pesquisa, publicada na revista\u00a0<a href=\"https:\/\/www.pnas.org\/doi\/epdf\/10.1073\/pnas.2421757122\" target=\"_blank\" rel=\"noreferrer noopener\">Proceedings of the National Academy of Sciences (PNAS)<\/a>, mapeou \u00e1reas do genoma canino associadas \u00e0 capacidade de comunica\u00e7\u00e3o com nossa esp\u00e9cie. Os cientistas focaram em como os <strong>Labradores<\/strong> buscam ajuda humana diante de problemas insol\u00faveis, revelando uma depend\u00eancia emocional programada.<\/p>\n\n\n\n<p>Os genes identificados, como o <strong>SEZ6L<\/strong> e o <strong>ARVCF<\/strong>, est\u00e3o situados em regi\u00f5es que, no c\u00f3digo gen\u00e9tico de <strong>humanos<\/strong>, tamb\u00e9m influenciam a percep\u00e7\u00e3o social e o comportamento greg\u00e1rio. Essa descoberta refor\u00e7a a tese de que a domestica\u00e7\u00e3o moldou o <strong>DNA<\/strong> canino para espelhar fun\u00e7\u00f5es neurol\u00f3gicas que facilitam a conviv\u00eancia em sociedade.<\/p>\n\n\n<div class=\"wp-block-image\">\n<figure class=\"aligncenter size-full\"><img decoding=\"async\" width=\"1280\" height=\"720\" src=\"https:\/\/www.correiobraziliense.com.br\/cbradar\/wp-content\/uploads\/2026\/05\/labrador-1.jpg\" alt=\"\" class=\"wp-image-236158\" srcset=\"https:\/\/www.correiobraziliense.com.br\/cbradar\/wp-content\/uploads\/2026\/05\/labrador-1.jpg 1280w, https:\/\/www.correiobraziliense.com.br\/cbradar\/wp-content\/uploads\/2026\/05\/labrador-1-300x169.jpg 300w, https:\/\/www.correiobraziliense.com.br\/cbradar\/wp-content\/uploads\/2026\/05\/labrador-1-768x432.jpg 768w, https:\/\/www.correiobraziliense.com.br\/cbradar\/wp-content\/uploads\/2026\/05\/labrador-1-750x422.jpg 750w, https:\/\/www.correiobraziliense.com.br\/cbradar\/wp-content\/uploads\/2026\/05\/labrador-1-1140x641.jpg 1140w\" sizes=\"(max-width: 1280px) 100vw, 1280px\" \/><figcaption class=\"wp-element-caption\">Essa caracter\u00edstica biol\u00f3gica explica por que esses animais s\u00e3o frequentemente selecionados para trabalhos de assist\u00eancia<\/figcaption><\/figure><\/div>\n\n\n<h2 class=\"wp-block-heading\">Por que os Labradores s\u00e3o t\u00e3o apegados aos tutores<\/h2>\n\n\n\n<p>A presen\u00e7a dessas variantes gen\u00e9ticas faz com que o <strong>Labrador Retriever<\/strong> tenha uma predisposi\u00e7\u00e3o natural para interpretar gestos e tons de voz com precis\u00e3o cir\u00fargica. Ao contr\u00e1rio de ra\u00e7as mais independentes, esses c\u00e3es possuem uma <strong>neurobiologia<\/strong> voltada para o refor\u00e7o positivo e para a valida\u00e7\u00e3o constante vinda de seus donos.<\/p>\n\n\n\n<p>Essa caracter\u00edstica biol\u00f3gica explica por que esses animais s\u00e3o frequentemente selecionados para trabalhos de assist\u00eancia e terapia em pa\u00edses como os <strong>Estados Unidos<\/strong> e o <strong>Reino Unido<\/strong>. O c\u00e9rebro do animal processa o contato f\u00edsico e visual de forma intensa, liberando subst\u00e2ncias qu\u00edmicas que promovem bem-estar m\u00fatuo durante a intera\u00e7\u00e3o.<\/p>\n\n\n\n<h2 class=\"wp-block-heading\">Caracter\u00edsticas biol\u00f3gicas que aproximam c\u00e3es e pessoas<\/h2>\n\n\n\n<p>A semelhan\u00e7a gen\u00e9tica encontrada sugere que certas altera\u00e7\u00f5es cromoss\u00f4micas podem ter sido fundamentais para a transi\u00e7\u00e3o do lobo selvagem ao companheiro dom\u00e9stico atual. Em <strong>humanos<\/strong>, varia\u00e7\u00f5es nessas mesmas regi\u00f5es est\u00e3o ligadas \u00e0 facilidade de socializa\u00e7\u00e3o, o que cria uma ponte evolutiva rara entre duas esp\u00e9cies diferentes.<\/p>\n\n\n\n<link href=\"https:\/\/fonts.googleapis.com\/css2?family=Inter:wght@400;600;700;800&#038;display=swap\" rel=\"stylesheet\">\n<style>\n.rdp-pontos-wrapper .jnews_inline_related_post_wrapper,\n.rdp-pontos-wrapper .jnews_inline_related_post,\n.rdp-pontos-wrapper .jeg_postblock,\n.rdp-pontos-wrapper [class*=\"jnews_inline\"],\n.rdp-pontos-wrapper [class*=\"jeg_postblock\"],\n.rdp-pontos-wrapper [class*=\"jeg_block\"] {\n  display: none !important;\n  height: 0 !important;\n  max-height: 0 !important;\n  overflow: hidden !important;\n  visibility: hidden !important;\n  margin: 0 !important;\n  padding: 0 !important;\n  border: none !important;\n  font-size: 0 !important;\n  line-height: 0 !important;\n}\n.rdp-pontos-wrapper {\n  max-width: 100%;\n  margin: 32px 0;\n  background: #F8F9FA;\n  border: 1px solid #E0E0E0;\n  border-radius: 12px;\n  padding: 28px 28px 20px;\n  font-family: 'Inter', sans-serif;\n  box-shadow: 0 4px 20px rgba(47,195,238,0.12);\n  overflow: hidden;\n  contain: layout style;\n  isolation: isolate;\n  position: relative;\n  z-index: 1;\n}\n.rdp-pontos-title {\n  font-family: 'Inter', sans-serif;\n  font-size: 20px;\n  font-weight: 800;\n  color: #1A1A1A;\n  margin: 0 0 20px 0;\n  line-height: 1.3;\n  text-align: center;\n}\n.rdp-pontos-grid {\n  display: grid;\n  grid-template-columns: repeat(2, 1fr);\n  gap: 18px;\n}\n.rdp-pontos-item {\n  background: #FFFFFF;\n  border: 1px solid #E0E0E0;\n  border-top: 3px solid #2FC3EE;\n  border-radius: 10px;\n  padding: 22px 20px;\n  box-shadow: 0 2px 10px rgba(47,195,238,0.10);\n  text-align: center;\n}\n.rdp-pontos-emoji {\n  font-size: 32px;\n  line-height: 1;\n  margin-bottom: 12px;\n  display: block;\n  text-align: center;\n}\n.rdp-pontos-item-desc {\n  font-size: 14px;\n  color: #333333;\n  line-height: 1.6;\n  margin: 0;\n}\n@media (max-width: 768px) {\n  .rdp-pontos-wrapper {\n    padding: 20px 16px 14px;\n  }\n  .rdp-pontos-grid {\n    grid-template-columns: 1fr;\n    gap: 14px;\n  }\n}\n<\/style>\n\n<div class=\"rdp-pontos-wrapper\">\n  <div class=\"rdp-pontos-title\">Indicadores de Conex\u00e3o e Comportamento<\/div>\n  <div class=\"rdp-pontos-grid\">\n    <div class=\"rdp-pontos-item\">\n      <span class=\"rdp-pontos-emoji\">\ud83d\udc40<\/span>\n      <p class=\"rdp-pontos-item-desc\">Capacidade elevada de manter contato visual prolongado com o tutor.<\/p>\n    <\/div>\n    <div class=\"rdp-pontos-item\">\n      <span class=\"rdp-pontos-emoji\">\ud83e\uddd8<\/span>\n      <p class=\"rdp-pontos-item-desc\">Redu\u00e7\u00e3o natural dos n\u00edveis de cortisol durante intera\u00e7\u00f5es sociais.<\/p>\n    <\/div>\n    <div class=\"rdp-pontos-item\">\n      <span class=\"rdp-pontos-emoji\">\ud83c\udfd9\ufe0f<\/span>\n      <p class=\"rdp-pontos-item-desc\">Resili\u00eancia emocional em ambientes com grande fluxo de pessoas.<\/p>\n    <\/div>\n    <div class=\"rdp-pontos-item\">\n      <span class=\"rdp-pontos-emoji\">\ud83e\udd1d<\/span>\n      <p class=\"rdp-pontos-item-desc\">Facilidade no aprendizado de comandos baseados em coopera\u00e7\u00e3o m\u00fatua.<\/p>\n    <\/div>\n    <div class=\"rdp-pontos-item\">\n      <span class=\"rdp-pontos-emoji\">\ud83c\udfe0<\/span>\n      <p class=\"rdp-pontos-item-desc\">Tend\u00eancia a seguir o propriet\u00e1rio por diferentes c\u00f4modos da casa.<\/p>\n    <\/div>\n  <\/div>\n<\/div>\n<div style=\"clear:both;height:0;overflow:hidden;\"><\/div>\n\n\n\n<h2 class=\"wp-block-heading\">Fatores que influenciam o temperamento do animal dom\u00e9stico<\/h2>\n\n\n\n<p>Embora a gen\u00e9tica forne\u00e7a o mapa comportamental, o ambiente em que o filhote \u00e9 criado atua como o combust\u00edvel para essas tend\u00eancias sociais aflorarem. Uma <strong>Observa\u00e7\u00e3o t\u00e9cnica<\/strong> importante \u00e9 que, sem a socializa\u00e7\u00e3o correta nos primeiros meses, at\u00e9 mesmo o animal com o melhor <strong>DNA<\/strong> pode desenvolver timidez ou inseguran\u00e7a.<\/p>\n\n\n\n<p>Proporcionar est\u00edmulos variados e encontros positivos com estranhos potencializa a heran\u00e7a ancestral da ra\u00e7a, garantindo um adulto equilibrado e confiante. Manter uma rotina de exerc\u00edcios f\u00edsicos e mentais ajuda a canalizar a energia desses c\u00e3es, evitando que a necessidade de aten\u00e7\u00e3o se transforme em ansiedade de separa\u00e7\u00e3o.<\/p>\n\n\n\n<h2 class=\"wp-block-heading\">Como a ci\u00eancia ajuda a compreender a lealdade canina<\/h2>\n\n\n\n<p>Entender que a lealdade do seu pet possui embasamento cient\u00edfico permite um manejo mais emp\u00e1tico e direcionado \u00e0s necessidades reais da esp\u00e9cie. Marcas globais de nutri\u00e7\u00e3o animal, como a <strong>Royal Canin<\/strong>, j\u00e1 utilizam dados gen\u00e9ticos para formular dietas e atividades que respeitem o metabolismo e a mente desses c\u00e3es.<\/p>\n\n\n\n<p>Ao reconhecer os sinais de busca por afeto como uma necessidade biol\u00f3gica, o tutor consegue estabelecer limites saud\u00e1veis sem ignorar a natureza do animal. O conhecimento sobre o <strong>genoma<\/strong> canino abre portas para diagn\u00f3sticos comportamentais mais precisos, elevando o padr\u00e3o de qualidade de vida nos lares modernos.<\/p>\n\n\n<div class=\"wp-block-image\">\n<figure class=\"aligncenter size-full\"><img decoding=\"async\" width=\"1280\" height=\"720\" src=\"https:\/\/www.correiobraziliense.com.br\/cbradar\/wp-content\/uploads\/2026\/05\/labrador_1777744065612.jpg\" alt=\"\" class=\"wp-image-236159\" srcset=\"https:\/\/www.correiobraziliense.com.br\/cbradar\/wp-content\/uploads\/2026\/05\/labrador_1777744065612.jpg 1280w, https:\/\/www.correiobraziliense.com.br\/cbradar\/wp-content\/uploads\/2026\/05\/labrador_1777744065612-300x169.jpg 300w, https:\/\/www.correiobraziliense.com.br\/cbradar\/wp-content\/uploads\/2026\/05\/labrador_1777744065612-768x432.jpg 768w, https:\/\/www.correiobraziliense.com.br\/cbradar\/wp-content\/uploads\/2026\/05\/labrador_1777744065612-750x422.jpg 750w, https:\/\/www.correiobraziliense.com.br\/cbradar\/wp-content\/uploads\/2026\/05\/labrador_1777744065612-1140x641.jpg 1140w\" sizes=\"(max-width: 1280px) 100vw, 1280px\" \/><figcaption class=\"wp-element-caption\">Essa caracter\u00edstica biol\u00f3gica explica por que esses animais s\u00e3o frequentemente selecionados para trabalhos de assist\u00eancia &#8211; Cr\u00e9ditos: depositphotos.com \/ Thinka<\/figcaption><\/figure><\/div>\n\n\n<h2 class=\"wp-block-heading\">A biologia confirma o Labrador como o melhor amigo ideal<\/h2>\n\n\n\n<p>A confirma\u00e7\u00e3o de que existem paralelos gen\u00e9ticos entre nossa sociabilidade e a desses c\u00e3es encerra s\u00e9culos de especula\u00e7\u00e3o sobre a origem de sua bondade. O <strong>Labrador<\/strong> carrega em suas c\u00e9lulas o resultado de uma parceria milenar que priorizou o amor e a coopera\u00e7\u00e3o acima de qualquer instinto de sobreviv\u00eancia solit\u00e1ria.<\/p>\n\n\n\n<p>Investir tempo em brincadeiras e momentos de proximidade n\u00e3o \u00e9 apenas um lazer, mas o atendimento a um requisito funcional do organismo desses animais. Ao fortalecer esse v\u00ednculo, voc\u00ea honra uma hist\u00f3ria evolutiva escrita em conjunto por homens e c\u00e3es, garantindo uma conviv\u00eancia repleta de harmonia e compreens\u00e3o m\u00fatua.<\/p>\n\n\n\n<p><\/p>\n","protected":false},"excerpt":{"rendered":"<p>A ci\u00eancia acaba de revelar que a amizade incondicional dos Labradores possui ra\u00edzes biol\u00f3gicas muito mais profundas do que o simples adestramento dom\u00e9stico. Pesquisas recentes apontam que muta\u00e7\u00f5es espec\u00edficas no DNA desses animais explicam o comportamento extremamente d\u00f3cil e a busca incessante por intera\u00e7\u00e3o com as pessoas. Estudos identifica genes sociais A pesquisa, publicada na [&hellip;]<\/p>\n","protected":false},"author":9,"featured_media":236156,"comment_status":"open","ping_status":"open","sticky":false,"template":"","format":"standard","meta":{"_yoast_wpseo_focuskw":"Labradores","_yoast_wpseo_title":"","_yoast_wpseo_metadesc":"Estudos revelam que a lealdade dos Labradores tem base gen\u00e9tica, explicando sua docilidade e forte v\u00ednculo com humanos.","jnews-multi-image_gallery":[],"jnews_single_post":{"format":"standard"},"jnews_primary_category":[],"jnews_social_meta":[],"jnews_override_counter":[],"footnotes":""},"categories":[112],"tags":[18601,18598],"class_list":["post-236144","post","type-post","status-publish","format-standard","has-post-thumbnail","hentry","category-curiosidades","tag-genes-sociais","tag-labradores"],"yoast_head":"<!-- This site is optimized with the Yoast SEO plugin v24.6 - https:\/\/yoast.com\/wordpress\/plugins\/seo\/ -->\n<title>Um estudo cient\u00edfico revelou que labradores t\u00eam variantes gen\u00e9ticas ligadas \u00e0 sociabilidade parecidas com as observadas em humanos - Correio Braziliense - Radar<\/title>\n<meta name=\"description\" content=\"Estudos revelam que a lealdade dos Labradores tem base gen\u00e9tica, explicando sua docilidade e forte v\u00ednculo com humanos.\" \/>\n<meta name=\"robots\" content=\"index, follow, max-snippet:-1, max-image-preview:large, max-video-preview:-1\" \/>\n<link rel=\"canonical\" href=\"https:\/\/www.correiobraziliense.com.br\/cbradar\/um-estudo-cientifico-revelou-que-labradores-tem-variantes-geneticas-ligadas-a-sociabilidade-parecidas-com-as-observadas-em-humanos\/\" \/>\n<meta property=\"og:locale\" content=\"pt_BR\" \/>\n<meta property=\"og:type\" content=\"article\" \/>\n<meta property=\"og:title\" content=\"Um estudo cient\u00edfico revelou que labradores t\u00eam variantes gen\u00e9ticas ligadas \u00e0 sociabilidade parecidas com as observadas em humanos - Correio Braziliense - Radar\" \/>\n<meta property=\"og:description\" content=\"Estudos revelam que a lealdade dos Labradores tem base gen\u00e9tica, explicando sua docilidade e forte v\u00ednculo com humanos.\" \/>\n<meta property=\"og:url\" content=\"https:\/\/www.correiobraziliense.com.br\/cbradar\/um-estudo-cientifico-revelou-que-labradores-tem-variantes-geneticas-ligadas-a-sociabilidade-parecidas-com-as-observadas-em-humanos\/\" \/>\n<meta property=\"og:site_name\" content=\"Correio Braziliense - Radar\" \/>\n<meta property=\"article:published_time\" content=\"2026-05-03T11:15:00+00:00\" \/>\n<meta property=\"og:image\" content=\"https:\/\/www.correiobraziliense.com.br\/cbradar\/wp-content\/uploads\/2026\/05\/labrador.jpg\" \/>\n\t<meta property=\"og:image:width\" content=\"1280\" \/>\n\t<meta property=\"og:image:height\" content=\"720\" \/>\n\t<meta property=\"og:image:type\" content=\"image\/jpeg\" \/>\n<meta name=\"author\" content=\"Daniely Cardoso\" \/>\n<meta name=\"twitter:card\" content=\"summary_large_image\" \/>\n<meta name=\"twitter:label1\" content=\"Escrito por\" \/>\n\t<meta name=\"twitter:data1\" content=\"Daniely Cardoso\" \/>\n\t<meta name=\"twitter:label2\" content=\"Est. tempo de leitura\" \/>\n\t<meta name=\"twitter:data2\" content=\"5 minutos\" \/>\n<!-- \/ Yoast SEO plugin. -->","yoast_head_json":{"title":"Um estudo cient\u00edfico revelou que labradores t\u00eam variantes gen\u00e9ticas ligadas \u00e0 sociabilidade parecidas com as observadas em humanos - Correio Braziliense - Radar","description":"Estudos revelam que a lealdade dos Labradores tem base gen\u00e9tica, explicando sua docilidade e forte v\u00ednculo com humanos.","robots":{"index":"index","follow":"follow","max-snippet":"max-snippet:-1","max-image-preview":"max-image-preview:large","max-video-preview":"max-video-preview:-1"},"canonical":"https:\/\/www.correiobraziliense.com.br\/cbradar\/um-estudo-cientifico-revelou-que-labradores-tem-variantes-geneticas-ligadas-a-sociabilidade-parecidas-com-as-observadas-em-humanos\/","og_locale":"pt_BR","og_type":"article","og_title":"Um estudo cient\u00edfico revelou que labradores t\u00eam variantes gen\u00e9ticas ligadas \u00e0 sociabilidade parecidas com as observadas em humanos - Correio Braziliense - Radar","og_description":"Estudos revelam que a lealdade dos Labradores tem base gen\u00e9tica, explicando sua docilidade e forte v\u00ednculo com humanos.","og_url":"https:\/\/www.correiobraziliense.com.br\/cbradar\/um-estudo-cientifico-revelou-que-labradores-tem-variantes-geneticas-ligadas-a-sociabilidade-parecidas-com-as-observadas-em-humanos\/","og_site_name":"Correio Braziliense - Radar","article_published_time":"2026-05-03T11:15:00+00:00","og_image":[{"width":1280,"height":720,"url":"https:\/\/www.correiobraziliense.com.br\/cbradar\/wp-content\/uploads\/2026\/05\/labrador.jpg","type":"image\/jpeg"}],"author":"Daniely Cardoso","twitter_card":"summary_large_image","twitter_misc":{"Escrito por":"Daniely Cardoso","Est. tempo de leitura":"5 minutos"},"schema":{"@context":"https:\/\/schema.org","@graph":[{"@type":"WebPage","@id":"https:\/\/www.correiobraziliense.com.br\/cbradar\/um-estudo-cientifico-revelou-que-labradores-tem-variantes-geneticas-ligadas-a-sociabilidade-parecidas-com-as-observadas-em-humanos\/","url":"https:\/\/www.correiobraziliense.com.br\/cbradar\/um-estudo-cientifico-revelou-que-labradores-tem-variantes-geneticas-ligadas-a-sociabilidade-parecidas-com-as-observadas-em-humanos\/","name":"Um estudo cient\u00edfico revelou que labradores t\u00eam variantes gen\u00e9ticas ligadas \u00e0 sociabilidade parecidas com as observadas em humanos - Correio Braziliense - Radar","isPartOf":{"@id":"https:\/\/www.correiobraziliense.com.br\/cbradar\/#website"},"primaryImageOfPage":{"@id":"https:\/\/www.correiobraziliense.com.br\/cbradar\/um-estudo-cientifico-revelou-que-labradores-tem-variantes-geneticas-ligadas-a-sociabilidade-parecidas-com-as-observadas-em-humanos\/#primaryimage"},"image":{"@id":"https:\/\/www.correiobraziliense.com.br\/cbradar\/um-estudo-cientifico-revelou-que-labradores-tem-variantes-geneticas-ligadas-a-sociabilidade-parecidas-com-as-observadas-em-humanos\/#primaryimage"},"thumbnailUrl":"https:\/\/www.correiobraziliense.com.br\/cbradar\/wp-content\/uploads\/2026\/05\/labrador.jpg","datePublished":"2026-05-03T11:15:00+00:00","author":{"@id":"https:\/\/www.correiobraziliense.com.br\/cbradar\/#\/schema\/person\/7356666e12ec0ee53f348ee5db227032"},"description":"Estudos revelam que a lealdade dos Labradores tem base gen\u00e9tica, explicando sua docilidade e forte v\u00ednculo com humanos.","breadcrumb":{"@id":"https:\/\/www.correiobraziliense.com.br\/cbradar\/um-estudo-cientifico-revelou-que-labradores-tem-variantes-geneticas-ligadas-a-sociabilidade-parecidas-com-as-observadas-em-humanos\/#breadcrumb"},"inLanguage":"pt-BR","potentialAction":[{"@type":"ReadAction","target":["https:\/\/www.correiobraziliense.com.br\/cbradar\/um-estudo-cientifico-revelou-que-labradores-tem-variantes-geneticas-ligadas-a-sociabilidade-parecidas-com-as-observadas-em-humanos\/"]}]},{"@type":"ImageObject","inLanguage":"pt-BR","@id":"https:\/\/www.correiobraziliense.com.br\/cbradar\/um-estudo-cientifico-revelou-que-labradores-tem-variantes-geneticas-ligadas-a-sociabilidade-parecidas-com-as-observadas-em-humanos\/#primaryimage","url":"https:\/\/www.correiobraziliense.com.br\/cbradar\/wp-content\/uploads\/2026\/05\/labrador.jpg","contentUrl":"https:\/\/www.correiobraziliense.com.br\/cbradar\/wp-content\/uploads\/2026\/05\/labrador.jpg","width":1280,"height":720,"caption":"Essa caracter\u00edstica biol\u00f3gica explica por que esses animais s\u00e3o frequentemente selecionados para trabalhos de assist\u00eancia"},{"@type":"BreadcrumbList","@id":"https:\/\/www.correiobraziliense.com.br\/cbradar\/um-estudo-cientifico-revelou-que-labradores-tem-variantes-geneticas-ligadas-a-sociabilidade-parecidas-com-as-observadas-em-humanos\/#breadcrumb","itemListElement":[{"@type":"ListItem","position":1,"name":"In\u00edcio","item":"https:\/\/www.correiobraziliense.com.br\/cbradar\/"},{"@type":"ListItem","position":2,"name":"Um estudo cient\u00edfico revelou que labradores t\u00eam variantes gen\u00e9ticas ligadas \u00e0 sociabilidade parecidas com as observadas em humanos"}]},{"@type":"WebSite","@id":"https:\/\/www.correiobraziliense.com.br\/cbradar\/#website","url":"https:\/\/www.correiobraziliense.com.br\/cbradar\/","name":"Correio Braziliense - Radar","description":"Acompanhe as \u00faltimas not\u00edcias e fique bem informado sobre tudo o que acontece no Brasil e no mundo.","potentialAction":[{"@type":"SearchAction","target":{"@type":"EntryPoint","urlTemplate":"https:\/\/www.correiobraziliense.com.br\/cbradar\/?s={search_term_string}"},"query-input":{"@type":"PropertyValueSpecification","valueRequired":true,"valueName":"search_term_string"}}],"inLanguage":"pt-BR"},{"@type":"Person","@id":"https:\/\/www.correiobraziliense.com.br\/cbradar\/#\/schema\/person\/7356666e12ec0ee53f348ee5db227032","name":"Daniely Cardoso","image":{"@type":"ImageObject","inLanguage":"pt-BR","@id":"https:\/\/www.correiobraziliense.com.br\/cbradar\/#\/schema\/person\/image\/","url":"https:\/\/secure.gravatar.com\/avatar\/4b80ddbd124d1f071b626d52d62e5dff?s=96&d=mm&r=g","contentUrl":"https:\/\/secure.gravatar.com\/avatar\/4b80ddbd124d1f071b626d52d62e5dff?s=96&d=mm&r=g","caption":"Daniely Cardoso"},"description":"Redatora nos portais CB Radar e EM Foco, formada pela Universidade Federal de Goi\u00e1s, em Goi\u00e2nia. Apaixonada por comunica\u00e7\u00e3o, arte, decora\u00e7\u00e3o e tend\u00eancias, atuo na produ\u00e7\u00e3o de conte\u00fados envolventes sobre curiosidades, moda, beleza e paisagismo, sempre com um olhar atento \u00e0s novidades do momento.","sameAs":["https:\/\/www.correiobraziliense.com.br\/cbradar"],"url":"https:\/\/www.correiobraziliense.com.br\/cbradar\/author\/danielymyth\/"}]}},"_links":{"self":[{"href":"https:\/\/www.correiobraziliense.com.br\/cbradar\/wp-json\/wp\/v2\/posts\/236144","targetHints":{"allow":["GET"]}}],"collection":[{"href":"https:\/\/www.correiobraziliense.com.br\/cbradar\/wp-json\/wp\/v2\/posts"}],"about":[{"href":"https:\/\/www.correiobraziliense.com.br\/cbradar\/wp-json\/wp\/v2\/types\/post"}],"author":[{"embeddable":true,"href":"https:\/\/www.correiobraziliense.com.br\/cbradar\/wp-json\/wp\/v2\/users\/9"}],"replies":[{"embeddable":true,"href":"https:\/\/www.correiobraziliense.com.br\/cbradar\/wp-json\/wp\/v2\/comments?post=236144"}],"version-history":[{"count":1,"href":"https:\/\/www.correiobraziliense.com.br\/cbradar\/wp-json\/wp\/v2\/posts\/236144\/revisions"}],"predecessor-version":[{"id":236160,"href":"https:\/\/www.correiobraziliense.com.br\/cbradar\/wp-json\/wp\/v2\/posts\/236144\/revisions\/236160"}],"wp:featuredmedia":[{"embeddable":true,"href":"https:\/\/www.correiobraziliense.com.br\/cbradar\/wp-json\/wp\/v2\/media\/236156"}],"wp:attachment":[{"href":"https:\/\/www.correiobraziliense.com.br\/cbradar\/wp-json\/wp\/v2\/media?parent=236144"}],"wp:term":[{"taxonomy":"category","embeddable":true,"href":"https:\/\/www.correiobraziliense.com.br\/cbradar\/wp-json\/wp\/v2\/categories?post=236144"},{"taxonomy":"post_tag","embeddable":true,"href":"https:\/\/www.correiobraziliense.com.br\/cbradar\/wp-json\/wp\/v2\/tags?post=236144"}],"curies":[{"name":"wp","href":"https:\/\/api.w.org\/{rel}","templated":true}]}}