{"id":236154,"date":"2026-05-03T10:45:00","date_gmt":"2026-05-03T13:45:00","guid":{"rendered":"https:\/\/www.correiobraziliense.com.br\/cbradar\/?p=236154"},"modified":"2026-05-02T14:51:42","modified_gmt":"2026-05-02T17:51:42","slug":"um-estudo-cientifico-identificou-genes-de-pastores-alemaes-ligados-ao-autocontrole-traco-tambem-investigado-em-humanos","status":"publish","type":"post","link":"https:\/\/www.correiobraziliense.com.br\/cbradar\/um-estudo-cientifico-identificou-genes-de-pastores-alemaes-ligados-ao-autocontrole-traco-tambem-investigado-em-humanos\/","title":{"rendered":"Um estudo cient\u00edfico identificou genes de pastores alem\u00e3es ligados ao autocontrole, tra\u00e7o tamb\u00e9m investigado em humanos"},"content":{"rendered":"\n<p>A ci\u00eancia acaba de mapear como certas caracter\u00edsticas comportamentais dos <strong>Pastores Alem\u00e3es<\/strong> possuem uma base biol\u00f3gica compar\u00e1vel \u00e0s fun\u00e7\u00f5es executivas encontradas em nossa pr\u00f3pria esp\u00e9cie. Este avan\u00e7o na <strong>gen\u00e9tica canina<\/strong> permite compreender por que alguns c\u00e3es demonstram uma capacidade de foco e paci\u00eancia superior a outros animais dom\u00e9sticos.<\/p>\n\n\n\n<h2 class=\"wp-block-heading\">Estudo gen\u00e9tico mapeia a regula\u00e7\u00e3o emocional do Pastor Alem\u00e3o<\/h2>\n\n\n\n<p>Uma<a href=\"https:\/\/www.pnas.org\/doi\/epdf\/10.1073\/pnas.2421757122\" target=\"_blank\" rel=\"noreferrer noopener\"> investiga\u00e7\u00e3o profunda realizada por pesquisadores<\/a> identificou que o <strong>autocontrole canino<\/strong> est\u00e1 diretamente ligado a regi\u00f5es espec\u00edficas do genoma. O estudo utilizou testes de inibi\u00e7\u00e3o, onde os animais precisavam resistir a recompensas imediatas, revelando que a <strong>regula\u00e7\u00e3o de impulsos<\/strong> n\u00e3o \u00e9 apenas fruto de treino, mas de heran\u00e7a molecular.<\/p>\n\n\n\n<p>Os dados publicados na revista cient\u00edfica <strong>PLOS One<\/strong> sugerem que as variantes gen\u00e9ticas encontradas nesses c\u00e3es atuam de forma an\u00e1loga aos genes que gerenciam o <strong>Transtorno de D\u00e9ficit de Aten\u00e7\u00e3o<\/strong> em pessoas. Ao observar como o <strong>Pastor Alem\u00e3o<\/strong> processa a espera, cientistas conseguem tra\u00e7ar paralelos sobre a evolu\u00e7\u00e3o da mente social e da disciplina em mam\u00edferos complexos.<\/p>\n\n\n<div class=\"wp-block-image\">\n<figure class=\"aligncenter size-full\"><img decoding=\"async\" width=\"1280\" height=\"720\" src=\"https:\/\/www.correiobraziliense.com.br\/cbradar\/wp-content\/uploads\/2026\/05\/pastor-alemao-.jpg\" alt=\"\" class=\"wp-image-236166\" srcset=\"https:\/\/www.correiobraziliense.com.br\/cbradar\/wp-content\/uploads\/2026\/05\/pastor-alemao-.jpg 1280w, https:\/\/www.correiobraziliense.com.br\/cbradar\/wp-content\/uploads\/2026\/05\/pastor-alemao--300x169.jpg 300w, https:\/\/www.correiobraziliense.com.br\/cbradar\/wp-content\/uploads\/2026\/05\/pastor-alemao--768x432.jpg 768w, https:\/\/www.correiobraziliense.com.br\/cbradar\/wp-content\/uploads\/2026\/05\/pastor-alemao--750x422.jpg 750w, https:\/\/www.correiobraziliense.com.br\/cbradar\/wp-content\/uploads\/2026\/05\/pastor-alemao--1140x641.jpg 1140w\" sizes=\"(max-width: 1280px) 100vw, 1280px\" \/><figcaption class=\"wp-element-caption\">A habilidade de manter a calma sob press\u00e3o \u00e9 o que define o sucesso de c\u00e3es em fun\u00e7\u00f5es de seguran\u00e7a<\/figcaption><\/figure><\/div>\n\n\n<h2 class=\"wp-block-heading\">Como o autocontrole influencia o comportamento do c\u00e3o de trabalho<\/h2>\n\n\n\n<p>A habilidade de manter a calma sob press\u00e3o \u00e9 o que define o sucesso de c\u00e3es em fun\u00e7\u00f5es de seguran\u00e7a e resgate em pa\u00edses como a <strong>Alemanha<\/strong> e os <strong>Estados Unidos<\/strong>. Esse <strong>tra\u00e7o heredit\u00e1rio<\/strong> permite que o animal ignore distra\u00e7\u00f5es ambientais severas, focando exclusivamente na miss\u00e3o delegada pelo tutor ou treinador profissional.<\/p>\n\n\n\n<p><strong>Fator de desempenho<\/strong> importante reside na capacidade de resposta r\u00e1pida aos comandos, que \u00e9 otimizada quando o c\u00e9rebro possui as variantes de controle bem desenvolvidas. Entender essa mec\u00e2nica biol\u00f3gica ajuda propriet\u00e1rios a ajustarem as expectativas de treinamento conforme a <strong>predisposi\u00e7\u00e3o gen\u00e9tica<\/strong> individual de cada filhote adquirido de linhagens espec\u00edficas.S<\/p>\n\n\n\n<h2 class=\"wp-block-heading\">Varia\u00e7\u00f5es biol\u00f3gicas entre o DNA canino e as fun\u00e7\u00f5es humanas<\/h2>\n\n\n\n<p>O paralelo estabelecido pela <strong>comunidade cient\u00edfica<\/strong> mostra que os mecanismos de recompensa e dopamina funcionam de maneira integrada em ambas as esp\u00e9cies. Essa <strong>similaridade gen\u00f4mica<\/strong> abre portas para estudos sobre longevidade cognitiva, j\u00e1 que o autocontrole \u00e9 frequentemente associado a uma sa\u00fade mental mais est\u00e1vel em c\u00e3es idosos.<\/p>\n\n\n\n<link href=\"https:\/\/fonts.googleapis.com\/css2?family=Inter:wght@400;600;700;800&#038;display=swap\" rel=\"stylesheet\">\n<style>\n.rdp-pontos-wrapper .jnews_inline_related_post_wrapper,\n.rdp-pontos-wrapper .jnews_inline_related_post,\n.rdp-pontos-wrapper .jeg_postblock,\n.rdp-pontos-wrapper [class*=\"jnews_inline\"],\n.rdp-pontos-wrapper [class*=\"jeg_postblock\"],\n.rdp-pontos-wrapper [class*=\"jeg_block\"] {\n  display: none !important;\n  height: 0 !important;\n  max-height: 0 !important;\n  overflow: hidden !important;\n  visibility: hidden !important;\n  margin: 0 !important;\n  padding: 0 !important;\n  border: none !important;\n  font-size: 0 !important;\n  line-height: 0 !important;\n}\n.rdp-pontos-wrapper {\n  max-width: 100%;\n  margin: 32px 0;\n  background: #F8F9FA;\n  border: 1px solid #E0E0E0;\n  border-radius: 12px;\n  padding: 28px 28px 20px;\n  font-family: 'Inter', sans-serif;\n  box-shadow: 0 4px 20px rgba(47,195,238,0.12);\n  overflow: hidden;\n  contain: layout style;\n  isolation: isolate;\n  position: relative;\n  z-index: 1;\n}\n.rdp-pontos-title {\n  font-family: 'Inter', sans-serif;\n  font-size: 20px;\n  font-weight: 800;\n  color: #1A1A1A;\n  margin: 0 0 20px 0;\n  line-height: 1.3;\n  text-align: center;\n}\n.rdp-pontos-grid {\n  display: grid;\n  grid-template-columns: repeat(2, 1fr);\n  gap: 18px;\n}\n.rdp-pontos-item {\n  background: #FFFFFF;\n  border: 1px solid #E0E0E0;\n  border-top: 3px solid #2FC3EE;\n  border-radius: 10px;\n  padding: 22px 20px;\n  box-shadow: 0 2px 10px rgba(47,195,238,0.10);\n  text-align: center;\n}\n.rdp-pontos-emoji {\n  font-size: 32px;\n  line-height: 1;\n  margin-bottom: 12px;\n  display: block;\n  text-align: center;\n}\n.rdp-pontos-item-desc {\n  font-size: 14px;\n  color: #333333;\n  line-height: 1.6;\n  margin: 0;\n}\n@media (max-width: 768px) {\n  .rdp-pontos-wrapper {\n    padding: 20px 16px 14px;\n  }\n  .rdp-pontos-grid {\n    grid-template-columns: 1fr;\n    gap: 14px;\n  }\n}\n<\/style>\n\n<div class=\"rdp-pontos-wrapper\">\n  <div class=\"rdp-pontos-title\">Benef\u00edcios do Treinamento e Equil\u00edbrio Comportamental<\/div>\n  <div class=\"rdp-pontos-grid\">\n    <div class=\"rdp-pontos-item\">\n      <span class=\"rdp-pontos-emoji\">\ud83c\udfaf<\/span>\n      <p class=\"rdp-pontos-item-desc\">Capacidade de ignorar est\u00edmulos visuais durante tarefas de alta concentra\u00e7\u00e3o.<\/p>\n    <\/div>\n    <div class=\"rdp-pontos-item\">\n      <span class=\"rdp-pontos-emoji\">\ud83c\udfe0<\/span>\n      <p class=\"rdp-pontos-item-desc\">Redu\u00e7\u00e3o de comportamentos destrutivos em ambientes dom\u00e9sticos quando sozinhos.<\/p>\n    <\/div>\n    <div class=\"rdp-pontos-item\">\n      <span class=\"rdp-pontos-emoji\">\ud83e\udd1d<\/span>\n      <p class=\"rdp-pontos-item-desc\">Maior facilidade na socializa\u00e7\u00e3o com outros animais e seres humanos desconhecidos.<\/p>\n    <\/div>\n    <div class=\"rdp-pontos-item\">\n      <span class=\"rdp-pontos-emoji\">\ud83e\udde0<\/span>\n      <p class=\"rdp-pontos-item-desc\">N\u00edveis equilibrados de serotonina que favorecem o aprendizado de comandos complexos.<\/p>\n    <\/div>\n    <div class=\"rdp-pontos-item\">\n      <span class=\"rdp-pontos-emoji\">\u26a1<\/span>\n      <p class=\"rdp-pontos-item-desc\">Resili\u00eancia superior diante de ru\u00eddos altos ou situa\u00e7\u00f5es de estresse repentino.<\/p>\n    <\/div>\n    <div class=\"rdp-pontos-item\">\n      <span class=\"rdp-pontos-emoji\">\ud83d\udc15<\/span>\n      <p class=\"rdp-pontos-item-desc\">V\u00ednculo de lealdade fortalecido pela compreens\u00e3o clara das hierarquias sociais.<\/p>\n    <\/div>\n  <\/div>\n<\/div>\n<div style=\"clear:both;height:0;overflow:hidden;\"><\/div>\n\n\n\n<h2 class=\"wp-block-heading\">Fatores que potencializam a disciplina natural da ra\u00e7a<\/h2>\n\n\n\n<p>Embora o <strong>DNA<\/strong> forne\u00e7a a estrutura, o ambiente atua como o escultor final do comportamento do <strong>Pastor Alem\u00e3o<\/strong> moderno. Uma <strong>Nota t\u00e9cnica<\/strong> relevante \u00e9 que o enriquecimento ambiental precoce pode ativar ou silenciar certas express\u00f5es gen\u00e9ticas ligadas \u00e0 ansiedade, moldando um adulto mais centrado e obediente.<\/p>\n\n\n\n<p>Empresas focadas em bem-estar pet, como a <strong>Purina<\/strong>, investem em pesquisas para alinhar a nutri\u00e7\u00e3o com essas necessidades neurol\u00f3gicas de foco e estabilidade emocional. Garantir uma dieta rica em \u00e1cidos graxos pode ser o diferencial para que a <strong>gen\u00e9tica de elite<\/strong> do seu companheiro se manifeste de forma plena e saud\u00e1vel.<\/p>\n\n\n<div class=\"wp-block-image\">\n<figure class=\"aligncenter size-full\"><img decoding=\"async\" width=\"1280\" height=\"720\" src=\"https:\/\/www.correiobraziliense.com.br\/cbradar\/wp-content\/uploads\/2026\/05\/Pastor-Alemao_1777744144413.jpg\" alt=\"\" class=\"wp-image-236165\" srcset=\"https:\/\/www.correiobraziliense.com.br\/cbradar\/wp-content\/uploads\/2026\/05\/Pastor-Alemao_1777744144413.jpg 1280w, https:\/\/www.correiobraziliense.com.br\/cbradar\/wp-content\/uploads\/2026\/05\/Pastor-Alemao_1777744144413-300x169.jpg 300w, https:\/\/www.correiobraziliense.com.br\/cbradar\/wp-content\/uploads\/2026\/05\/Pastor-Alemao_1777744144413-768x432.jpg 768w, https:\/\/www.correiobraziliense.com.br\/cbradar\/wp-content\/uploads\/2026\/05\/Pastor-Alemao_1777744144413-750x422.jpg 750w, https:\/\/www.correiobraziliense.com.br\/cbradar\/wp-content\/uploads\/2026\/05\/Pastor-Alemao_1777744144413-1140x641.jpg 1140w\" sizes=\"(max-width: 1280px) 100vw, 1280px\" \/><figcaption class=\"wp-element-caption\">Fator de desempenho importante reside na capacidade de resposta r\u00e1pida aos comandos &#8211; Cr\u00e9ditos: depositphotos.com \/ IgorVetushko<\/figcaption><\/figure><\/div>\n\n\n<h2 class=\"wp-block-heading\">Ci\u00eancia e gen\u00e9tica garantem o futuro dos c\u00e3es de servi\u00e7o<\/h2>\n\n\n\n<p>O mapeamento desses genes representa um marco para a cria\u00e7\u00e3o respons\u00e1vel e para a sele\u00e7\u00e3o de animais destinados ao suporte terap\u00eautico e policial. Ao identificar precocemente o <strong>potencial de autocontrole<\/strong>, \u00e9 poss\u00edvel direcionar cada indiv\u00edduo para a fun\u00e7\u00e3o onde ele ter\u00e1 menor estresse e maior aproveitamento de suas virtudes natas.<\/p>\n\n\n\n<p>A conex\u00e3o entre o comportamento animal e a <strong>psicologia humana<\/strong> refor\u00e7a que somos mais parecidos com nossos amigos de quatro patas do que imagin\u00e1vamos anteriormente. Valorizar essa heran\u00e7a biol\u00f3gica \u00e9 o caminho para um conv\u00edvio mais harm\u00f4nico, onde o respeito \u00e0 natureza do c\u00e3o se traduz em uma parceria inquebr\u00e1vel e eficiente.<\/p>\n","protected":false},"excerpt":{"rendered":"<p>A ci\u00eancia acaba de mapear como certas caracter\u00edsticas comportamentais dos Pastores Alem\u00e3es possuem uma base biol\u00f3gica compar\u00e1vel \u00e0s fun\u00e7\u00f5es executivas encontradas em nossa pr\u00f3pria esp\u00e9cie. Este avan\u00e7o na gen\u00e9tica canina permite compreender por que alguns c\u00e3es demonstram uma capacidade de foco e paci\u00eancia superior a outros animais dom\u00e9sticos. Estudo gen\u00e9tico mapeia a regula\u00e7\u00e3o emocional do [&hellip;]<\/p>\n","protected":false},"author":9,"featured_media":236167,"comment_status":"open","ping_status":"open","sticky":false,"template":"","format":"standard","meta":{"_yoast_wpseo_focuskw":"Pastor Alem\u00e3o","_yoast_wpseo_title":"","_yoast_wpseo_metadesc":"Estudos mostram que o autocontrole do Pastor Alem\u00e3o tem base gen\u00e9tica, explicando sua disciplina e alto desempenho em tarefas.","jnews-multi-image_gallery":[],"jnews_single_post":{"format":"standard"},"jnews_primary_category":[],"jnews_social_meta":[],"jnews_override_counter":[],"footnotes":""},"categories":[112],"tags":[378,18600],"class_list":["post-236154","post","type-post","status-publish","format-standard","has-post-thumbnail","hentry","category-curiosidades","tag-cachorro","tag-pastor-alemao"],"yoast_head":"<!-- This site is optimized with the Yoast SEO plugin v24.6 - https:\/\/yoast.com\/wordpress\/plugins\/seo\/ -->\n<title>Um estudo cient\u00edfico identificou genes de pastores alem\u00e3es ligados ao autocontrole, tra\u00e7o tamb\u00e9m investigado em humanos - Correio Braziliense - Radar<\/title>\n<meta name=\"description\" content=\"Estudos mostram que o autocontrole do Pastor Alem\u00e3o tem base gen\u00e9tica, explicando sua disciplina e alto desempenho em tarefas.\" \/>\n<meta name=\"robots\" content=\"index, follow, max-snippet:-1, max-image-preview:large, max-video-preview:-1\" \/>\n<link rel=\"canonical\" href=\"https:\/\/www.correiobraziliense.com.br\/cbradar\/um-estudo-cientifico-identificou-genes-de-pastores-alemaes-ligados-ao-autocontrole-traco-tambem-investigado-em-humanos\/\" \/>\n<meta property=\"og:locale\" content=\"pt_BR\" \/>\n<meta property=\"og:type\" content=\"article\" \/>\n<meta property=\"og:title\" content=\"Um estudo cient\u00edfico identificou genes de pastores alem\u00e3es ligados ao autocontrole, tra\u00e7o tamb\u00e9m investigado em humanos - Correio Braziliense - Radar\" \/>\n<meta property=\"og:description\" content=\"Estudos mostram que o autocontrole do Pastor Alem\u00e3o tem base gen\u00e9tica, explicando sua disciplina e alto desempenho em tarefas.\" \/>\n<meta property=\"og:url\" content=\"https:\/\/www.correiobraziliense.com.br\/cbradar\/um-estudo-cientifico-identificou-genes-de-pastores-alemaes-ligados-ao-autocontrole-traco-tambem-investigado-em-humanos\/\" \/>\n<meta property=\"og:site_name\" content=\"Correio Braziliense - Radar\" \/>\n<meta property=\"article:published_time\" content=\"2026-05-03T13:45:00+00:00\" \/>\n<meta property=\"og:image\" content=\"https:\/\/www.correiobraziliense.com.br\/cbradar\/wp-content\/uploads\/2026\/05\/pastor-alemao-1.jpg\" \/>\n\t<meta property=\"og:image:width\" content=\"1280\" \/>\n\t<meta property=\"og:image:height\" content=\"720\" \/>\n\t<meta property=\"og:image:type\" content=\"image\/jpeg\" \/>\n<meta name=\"author\" content=\"Daniely Cardoso\" \/>\n<meta name=\"twitter:card\" content=\"summary_large_image\" \/>\n<meta name=\"twitter:label1\" content=\"Escrito por\" \/>\n\t<meta name=\"twitter:data1\" content=\"Daniely Cardoso\" \/>\n\t<meta name=\"twitter:label2\" content=\"Est. tempo de leitura\" \/>\n\t<meta name=\"twitter:data2\" content=\"5 minutos\" \/>\n<!-- \/ Yoast SEO plugin. -->","yoast_head_json":{"title":"Um estudo cient\u00edfico identificou genes de pastores alem\u00e3es ligados ao autocontrole, tra\u00e7o tamb\u00e9m investigado em humanos - Correio Braziliense - Radar","description":"Estudos mostram que o autocontrole do Pastor Alem\u00e3o tem base gen\u00e9tica, explicando sua disciplina e alto desempenho em tarefas.","robots":{"index":"index","follow":"follow","max-snippet":"max-snippet:-1","max-image-preview":"max-image-preview:large","max-video-preview":"max-video-preview:-1"},"canonical":"https:\/\/www.correiobraziliense.com.br\/cbradar\/um-estudo-cientifico-identificou-genes-de-pastores-alemaes-ligados-ao-autocontrole-traco-tambem-investigado-em-humanos\/","og_locale":"pt_BR","og_type":"article","og_title":"Um estudo cient\u00edfico identificou genes de pastores alem\u00e3es ligados ao autocontrole, tra\u00e7o tamb\u00e9m investigado em humanos - Correio Braziliense - Radar","og_description":"Estudos mostram que o autocontrole do Pastor Alem\u00e3o tem base gen\u00e9tica, explicando sua disciplina e alto desempenho em tarefas.","og_url":"https:\/\/www.correiobraziliense.com.br\/cbradar\/um-estudo-cientifico-identificou-genes-de-pastores-alemaes-ligados-ao-autocontrole-traco-tambem-investigado-em-humanos\/","og_site_name":"Correio Braziliense - Radar","article_published_time":"2026-05-03T13:45:00+00:00","og_image":[{"width":1280,"height":720,"url":"https:\/\/www.correiobraziliense.com.br\/cbradar\/wp-content\/uploads\/2026\/05\/pastor-alemao-1.jpg","type":"image\/jpeg"}],"author":"Daniely Cardoso","twitter_card":"summary_large_image","twitter_misc":{"Escrito por":"Daniely Cardoso","Est. tempo de leitura":"5 minutos"},"schema":{"@context":"https:\/\/schema.org","@graph":[{"@type":"WebPage","@id":"https:\/\/www.correiobraziliense.com.br\/cbradar\/um-estudo-cientifico-identificou-genes-de-pastores-alemaes-ligados-ao-autocontrole-traco-tambem-investigado-em-humanos\/","url":"https:\/\/www.correiobraziliense.com.br\/cbradar\/um-estudo-cientifico-identificou-genes-de-pastores-alemaes-ligados-ao-autocontrole-traco-tambem-investigado-em-humanos\/","name":"Um estudo cient\u00edfico identificou genes de pastores alem\u00e3es ligados ao autocontrole, tra\u00e7o tamb\u00e9m investigado em humanos - Correio Braziliense - Radar","isPartOf":{"@id":"https:\/\/www.correiobraziliense.com.br\/cbradar\/#website"},"primaryImageOfPage":{"@id":"https:\/\/www.correiobraziliense.com.br\/cbradar\/um-estudo-cientifico-identificou-genes-de-pastores-alemaes-ligados-ao-autocontrole-traco-tambem-investigado-em-humanos\/#primaryimage"},"image":{"@id":"https:\/\/www.correiobraziliense.com.br\/cbradar\/um-estudo-cientifico-identificou-genes-de-pastores-alemaes-ligados-ao-autocontrole-traco-tambem-investigado-em-humanos\/#primaryimage"},"thumbnailUrl":"https:\/\/www.correiobraziliense.com.br\/cbradar\/wp-content\/uploads\/2026\/05\/pastor-alemao-1.jpg","datePublished":"2026-05-03T13:45:00+00:00","author":{"@id":"https:\/\/www.correiobraziliense.com.br\/cbradar\/#\/schema\/person\/7356666e12ec0ee53f348ee5db227032"},"description":"Estudos mostram que o autocontrole do Pastor Alem\u00e3o tem base gen\u00e9tica, explicando sua disciplina e alto desempenho em tarefas.","breadcrumb":{"@id":"https:\/\/www.correiobraziliense.com.br\/cbradar\/um-estudo-cientifico-identificou-genes-de-pastores-alemaes-ligados-ao-autocontrole-traco-tambem-investigado-em-humanos\/#breadcrumb"},"inLanguage":"pt-BR","potentialAction":[{"@type":"ReadAction","target":["https:\/\/www.correiobraziliense.com.br\/cbradar\/um-estudo-cientifico-identificou-genes-de-pastores-alemaes-ligados-ao-autocontrole-traco-tambem-investigado-em-humanos\/"]}]},{"@type":"ImageObject","inLanguage":"pt-BR","@id":"https:\/\/www.correiobraziliense.com.br\/cbradar\/um-estudo-cientifico-identificou-genes-de-pastores-alemaes-ligados-ao-autocontrole-traco-tambem-investigado-em-humanos\/#primaryimage","url":"https:\/\/www.correiobraziliense.com.br\/cbradar\/wp-content\/uploads\/2026\/05\/pastor-alemao-1.jpg","contentUrl":"https:\/\/www.correiobraziliense.com.br\/cbradar\/wp-content\/uploads\/2026\/05\/pastor-alemao-1.jpg","width":1280,"height":720,"caption":"O paralelo estabelecido pela comunidade cient\u00edfica mostra que os mecanismos de recompensa e dopamina funcionam de maneira integrada"},{"@type":"BreadcrumbList","@id":"https:\/\/www.correiobraziliense.com.br\/cbradar\/um-estudo-cientifico-identificou-genes-de-pastores-alemaes-ligados-ao-autocontrole-traco-tambem-investigado-em-humanos\/#breadcrumb","itemListElement":[{"@type":"ListItem","position":1,"name":"In\u00edcio","item":"https:\/\/www.correiobraziliense.com.br\/cbradar\/"},{"@type":"ListItem","position":2,"name":"Um estudo cient\u00edfico identificou genes de pastores alem\u00e3es ligados ao autocontrole, tra\u00e7o tamb\u00e9m investigado em humanos"}]},{"@type":"WebSite","@id":"https:\/\/www.correiobraziliense.com.br\/cbradar\/#website","url":"https:\/\/www.correiobraziliense.com.br\/cbradar\/","name":"Correio Braziliense - Radar","description":"Acompanhe as \u00faltimas not\u00edcias e fique bem informado sobre tudo o que acontece no Brasil e no mundo.","potentialAction":[{"@type":"SearchAction","target":{"@type":"EntryPoint","urlTemplate":"https:\/\/www.correiobraziliense.com.br\/cbradar\/?s={search_term_string}"},"query-input":{"@type":"PropertyValueSpecification","valueRequired":true,"valueName":"search_term_string"}}],"inLanguage":"pt-BR"},{"@type":"Person","@id":"https:\/\/www.correiobraziliense.com.br\/cbradar\/#\/schema\/person\/7356666e12ec0ee53f348ee5db227032","name":"Daniely Cardoso","image":{"@type":"ImageObject","inLanguage":"pt-BR","@id":"https:\/\/www.correiobraziliense.com.br\/cbradar\/#\/schema\/person\/image\/","url":"https:\/\/secure.gravatar.com\/avatar\/4b80ddbd124d1f071b626d52d62e5dff?s=96&d=mm&r=g","contentUrl":"https:\/\/secure.gravatar.com\/avatar\/4b80ddbd124d1f071b626d52d62e5dff?s=96&d=mm&r=g","caption":"Daniely Cardoso"},"description":"Redatora nos portais CB Radar e EM Foco, formada pela Universidade Federal de Goi\u00e1s, em Goi\u00e2nia. Apaixonada por comunica\u00e7\u00e3o, arte, decora\u00e7\u00e3o e tend\u00eancias, atuo na produ\u00e7\u00e3o de conte\u00fados envolventes sobre curiosidades, moda, beleza e paisagismo, sempre com um olhar atento \u00e0s novidades do momento.","sameAs":["https:\/\/www.correiobraziliense.com.br\/cbradar"],"url":"https:\/\/www.correiobraziliense.com.br\/cbradar\/author\/danielymyth\/"}]}},"_links":{"self":[{"href":"https:\/\/www.correiobraziliense.com.br\/cbradar\/wp-json\/wp\/v2\/posts\/236154","targetHints":{"allow":["GET"]}}],"collection":[{"href":"https:\/\/www.correiobraziliense.com.br\/cbradar\/wp-json\/wp\/v2\/posts"}],"about":[{"href":"https:\/\/www.correiobraziliense.com.br\/cbradar\/wp-json\/wp\/v2\/types\/post"}],"author":[{"embeddable":true,"href":"https:\/\/www.correiobraziliense.com.br\/cbradar\/wp-json\/wp\/v2\/users\/9"}],"replies":[{"embeddable":true,"href":"https:\/\/www.correiobraziliense.com.br\/cbradar\/wp-json\/wp\/v2\/comments?post=236154"}],"version-history":[{"count":1,"href":"https:\/\/www.correiobraziliense.com.br\/cbradar\/wp-json\/wp\/v2\/posts\/236154\/revisions"}],"predecessor-version":[{"id":236168,"href":"https:\/\/www.correiobraziliense.com.br\/cbradar\/wp-json\/wp\/v2\/posts\/236154\/revisions\/236168"}],"wp:featuredmedia":[{"embeddable":true,"href":"https:\/\/www.correiobraziliense.com.br\/cbradar\/wp-json\/wp\/v2\/media\/236167"}],"wp:attachment":[{"href":"https:\/\/www.correiobraziliense.com.br\/cbradar\/wp-json\/wp\/v2\/media?parent=236154"}],"wp:term":[{"taxonomy":"category","embeddable":true,"href":"https:\/\/www.correiobraziliense.com.br\/cbradar\/wp-json\/wp\/v2\/categories?post=236154"},{"taxonomy":"post_tag","embeddable":true,"href":"https:\/\/www.correiobraziliense.com.br\/cbradar\/wp-json\/wp\/v2\/tags?post=236154"}],"curies":[{"name":"wp","href":"https:\/\/api.w.org\/{rel}","templated":true}]}}