{"id":236210,"date":"2026-05-03T04:05:00","date_gmt":"2026-05-03T07:05:00","guid":{"rendered":"https:\/\/www.correiobraziliense.com.br\/cbradar\/?p=236210"},"modified":"2026-05-03T02:42:28","modified_gmt":"2026-05-03T05:42:28","slug":"a-2a-cidade-mais-segura-do-brasil-esta-atraindo-novos-moradores-em-busca-de-sossego","status":"publish","type":"post","link":"https:\/\/www.correiobraziliense.com.br\/cbradar\/a-2a-cidade-mais-segura-do-brasil-esta-atraindo-novos-moradores-em-busca-de-sossego\/","title":{"rendered":"A 2\u00aa cidade mais segura do Brasil est\u00e1 atraindo novos moradores em busca de sossego"},"content":{"rendered":"\n<p>Entre morros cobertos de <strong>Mata Atl\u00e2ntica<\/strong> e ind\u00fastrias que exportam para mais de <strong>100 pa\u00edses<\/strong>, <strong>Jaragu\u00e1 do Sul<\/strong> equilibra for\u00e7a econ\u00f4mica global com um cotidiano tranquilo. Localizada no norte de <strong>Santa Catarina<\/strong>, a <strong>182 km de Florian\u00f3polis<\/strong>, a cidade re\u00fane <strong>IDH de 0,803<\/strong> e uma taxa de homic\u00eddios de <strong>2,23 por 100 mil habitantes<\/strong>, uma das mais baixas do Brasil.<\/p>\n\n\n\n<h2 class=\"wp-block-heading\">O que os indicadores revelam sobre viver na cidade<\/h2>\n\n\n\n<p>Os n\u00fameros colocam <strong>Jaragu\u00e1 do Sul<\/strong> em destaque nacional. O <strong>IDH de 0,803<\/strong>, segundo o <strong><a href=\"https:\/\/www.ibge.gov.br\/cidades-e-estados\/sc\/jaragua-do-sul.html\" target=\"_blank\" rel=\"noreferrer noopener\">IBGE<\/a><\/strong>, posiciona o munic\u00edpio entre os <strong>34 melhores do pa\u00eds<\/strong>. No ranking <strong>MySide Cidades Mais Seguras 2025<\/strong>, aparece como a cidade mais segura de <strong>Santa Catarina<\/strong> e a <strong>2\u00aa do Brasil<\/strong> entre munic\u00edpios de porte semelhante. A economia tamb\u00e9m chama aten\u00e7\u00e3o: mais de <strong>36% do PIB<\/strong> vem da ind\u00fastria, quase o dobro da m\u00e9dia estadual.<\/p>\n\n\n\n<p>Essa base industrial se reflete diretamente no mercado de trabalho. Apenas no primeiro semestre de <strong>2023<\/strong>, a cidade registrou saldo positivo de <strong>1.747 empregos formais<\/strong>. Para quem busca oportunidades com carteira assinada e boa remunera\u00e7\u00e3o, <strong>Jaragu\u00e1 do Sul<\/strong> se destaca como uma das op\u00e7\u00f5es mais s\u00f3lidas entre cidades m\u00e9dias do pa\u00eds.<\/p>\n\n\n<div class=\"wp-block-image\">\n<figure class=\"aligncenter size-large\"><img decoding=\"async\" width=\"1024\" height=\"576\" src=\"https:\/\/www.correiobraziliense.com.br\/cbradar\/wp-content\/uploads\/2025\/07\/Edicoes-57-1024x576.png\" alt=\"A 182 km de Florian\u00f3polis, essa cidade une ind\u00fastrias fortes sem perder a natureza preservada e qualidade de vida rara\" class=\"wp-image-72454\" srcset=\"https:\/\/www.correiobraziliense.com.br\/cbradar\/wp-content\/uploads\/2025\/07\/Edicoes-57-1024x576.png 1024w, https:\/\/www.correiobraziliense.com.br\/cbradar\/wp-content\/uploads\/2025\/07\/Edicoes-57-300x169.png 300w, https:\/\/www.correiobraziliense.com.br\/cbradar\/wp-content\/uploads\/2025\/07\/Edicoes-57-768x432.png 768w, https:\/\/www.correiobraziliense.com.br\/cbradar\/wp-content\/uploads\/2025\/07\/Edicoes-57-750x422.png 750w, https:\/\/www.correiobraziliense.com.br\/cbradar\/wp-content\/uploads\/2025\/07\/Edicoes-57-1140x641.png 1140w, https:\/\/www.correiobraziliense.com.br\/cbradar\/wp-content\/uploads\/2025\/07\/Edicoes-57.png 1280w\" sizes=\"(max-width: 1024px) 100vw, 1024px\" \/><figcaption class=\"wp-element-caption\">Qualidade de vida, cultura e seguran\u00e7a fazem de Jaragu\u00e1 do Sul um destaque entre as cidades catarinenses. \/\/ Cr\u00e9ditos: Wikimedia Commons<\/figcaption><\/figure><\/div>\n\n\n<h2 class=\"wp-block-heading\">Quais bairros atraem novos moradores?<\/h2>\n\n\n\n<p>O <strong>Centro<\/strong> concentra com\u00e9rcio, bancos e restaurantes, ideal para quem resolve tudo a p\u00e9. <strong>Barra do Rio Cerro<\/strong> combina proximidade com o <strong>Parque Malwee<\/strong> e ambiente familiar cercado de verde. <strong>Czerniewicz<\/strong> atrai pela localiza\u00e7\u00e3o entre escolas e supermercados, enquanto <strong>Vila Lenzi<\/strong> cresce com infraestrutura recente e vizinhan\u00e7a com as grandes ind\u00fastrias.<\/p>\n\n\n\n<p>O custo de vida \u00e9 equilibrado quando comparado a outras cidades catarinenses com o mesmo n\u00edvel de desenvolvimento. Os valores de aluguel e compra ficam abaixo dos praticados em Florian\u00f3polis e <strong>Balne\u00e1rio Cambori\u00fa<\/strong>, e o sal\u00e1rio m\u00e9dio industrial ajuda a compensar a conta.<\/p>\n\n\n\n<p>O v\u00eddeo \u00e9 do canal<strong> Coisas do Mundo<\/strong>, que conta com mais de <strong>160 mil inscritos<\/strong>, e detalha os indicadores de seguran\u00e7a, economia e as ricas tradi\u00e7\u00f5es germ\u00e2nicas da cidade. Um panorama completo do Coisas do Mundo:<\/p>\n\n\n\n<figure class=\"wp-block-embed aligncenter is-type-video is-provider-youtube wp-block-embed-youtube wp-embed-aspect-16-9 wp-has-aspect-ratio\"><div class=\"wp-block-embed__wrapper\">\n<div class=\"jeg_video_container jeg_video_content\"><iframe loading=\"lazy\" title=\"Jaragu\u00e1 do Sul - SC. A melhor cidade do Brasil?\" width=\"500\" height=\"281\" src=\"https:\/\/www.youtube.com\/embed\/b6xt3lDzXtE?feature=oembed\" frameborder=\"0\" allow=\"accelerometer; autoplay; clipboard-write; encrypted-media; gyroscope; picture-in-picture; web-share\" referrerpolicy=\"strict-origin-when-cross-origin\" allowfullscreen><\/iframe><\/div>\n<\/div><\/figure>\n\n\n\n<h2 class=\"wp-block-heading\">O que o morador faz quando a f\u00e1brica fecha?<\/h2>\n\n\n\n<p>Sol, chuva ou geada, os moradores de Jaragu\u00e1 do Sul t\u00eam onde ir. A cidade mistura natureza, cultura germ\u00e2nica e infraestrutura esportiva em op\u00e7\u00f5es para todas as idades.<\/p>\n\n\n\n<ul class=\"wp-block-list\">\n<li><strong>Parque Malwee<\/strong>: 1,5 milh\u00e3o de m\u00b2 com 35 mil \u00e1rvores, 16 lagoas, museu, trilhas e restaurante de culin\u00e1ria alem\u00e3. Criado em 1978 pelo fundador do Grupo Malwee, tem entrada gratuita e recebe mais de 10 mil visitantes por fim de semana.<\/li>\n\n\n\n<li><strong>Museu WEG<\/strong>: instalado na primeira sede da empresa, oferece experi\u00eancia interativa e gratuita sobre ci\u00eancia e tecnologia.<\/li>\n\n\n\n<li><strong>Chiesetta Alpina<\/strong>: capela no alto do Morro Boa Vista, com vista panor\u00e2mica que alcan\u00e7a o litoral norte catarinense em dias claros.<\/li>\n\n\n\n<li><strong>Teatro da SCAR<\/strong>: fundado em 1956, \u00e9 refer\u00eancia em forma\u00e7\u00e3o musical e recebe o <strong>Festival de M\u00fasica de Santa Catarina (FEMUSC)<\/strong> todo janeiro.<\/li>\n\n\n\n<li><strong>Parque da Inova\u00e7\u00e3o<\/strong>: inaugurado em 2021, s\u00e3o 55 mil m\u00b2 com espa\u00e7o esportivo, cultural e \u00e1rea verde no bairro Tr\u00eas Rios do Sul.<\/li>\n<\/ul>\n\n\n<div class=\"wp-block-image\">\n<figure class=\"aligncenter size-large\"><img decoding=\"async\" width=\"1024\" height=\"576\" src=\"https:\/\/www.correiobraziliense.com.br\/cbradar\/wp-content\/uploads\/2025\/07\/Jaragua-do-Sul_1752563021786-1024x576.jpg\" alt=\"A 182 km de Florian\u00f3polis, uma cidade que preserva sua natureza e bem-estar \u00e9 considerada uma das melhores para viver\" class=\"wp-image-70167\" srcset=\"https:\/\/www.correiobraziliense.com.br\/cbradar\/wp-content\/uploads\/2025\/07\/Jaragua-do-Sul_1752563021786-1024x576.jpg 1024w, https:\/\/www.correiobraziliense.com.br\/cbradar\/wp-content\/uploads\/2025\/07\/Jaragua-do-Sul_1752563021786-300x169.jpg 300w, https:\/\/www.correiobraziliense.com.br\/cbradar\/wp-content\/uploads\/2025\/07\/Jaragua-do-Sul_1752563021786-768x432.jpg 768w, https:\/\/www.correiobraziliense.com.br\/cbradar\/wp-content\/uploads\/2025\/07\/Jaragua-do-Sul_1752563021786-750x422.jpg 750w, https:\/\/www.correiobraziliense.com.br\/cbradar\/wp-content\/uploads\/2025\/07\/Jaragua-do-Sul_1752563021786-1140x641.jpg 1140w, https:\/\/www.correiobraziliense.com.br\/cbradar\/wp-content\/uploads\/2025\/07\/Jaragua-do-Sul_1752563021786.jpg 1280w\" sizes=\"(max-width: 1024px) 100vw, 1024px\" \/><figcaption class=\"wp-element-caption\">Jaragu\u00e1 do Sul combina seguran\u00e7a, desenvolvimento e bem-estar em um dos melhores \u00edndices do pa\u00eds. \/\/ Cr\u00e9ditos: depositphotos.com \/ sergio_pulp<\/figcaption><\/figure><\/div>\n\n\n<h2 class=\"wp-block-heading\">A maior festa de atiradores do Brasil acontece aqui<\/h2>\n\n\n\n<p>Todo novembro, o Parque Municipal de Eventos se transforma no palco da <a href=\"https:\/\/turismo.jaraguadosul.sc.gov.br\/post-7615\/\" target=\"_blank\" rel=\"noreferrer noopener\"><strong>Sch\u00fctzenfest<\/strong><\/a>, a maior festa de atiradores do pa\u00eds. A 35\u00aa edi\u00e7\u00e3o, em 2025, reuniu mais de 153 mil visitantes em 11 dias de bandas t\u00edpicas, gastronomia alem\u00e3 e competi\u00e7\u00f5es de tiro esportivo. Em 2024, Jaragu\u00e1 do Sul recebeu por lei federal o t\u00edtulo de <strong>Capital Nacional dos Atiradores<\/strong>.<\/p>\n\n\n\n<p>A tradi\u00e7\u00e3o remonta \u00e0s sociedades de tiro fundadas por imigrantes alem\u00e3es no s\u00e9culo XIX. Hoje, 17 sociedades filiadas \u00e0 Associa\u00e7\u00e3o dos Clubes e Sociedades de Tiro do Vale do Itapocu mant\u00eam a pr\u00e1tica viva durante o ano inteiro.<\/p>\n\n\n\n<p><strong>Leia tamb\u00e9m: <a href=\"https:\/\/www.correiobraziliense.com.br\/cbradar\/onde-o-sol-nasce-primeiro-nas-americas-essa-capital-surpreende-com-a-mata-atlantica-preservada-dentro-da-cidade\/\" target=\"_blank\" rel=\"noreferrer noopener\">Onde o sol nasce primeiro nas Am\u00e9ricas, essa capital surpreende com a Mata Atl\u00e2ntica preservada dentro da cidade.<\/a><\/strong><\/p>\n\n\n\n<h2 class=\"wp-block-heading\">Quando o clima favorece cada atividade?<\/h2>\n\n\n\n<p><strong>Jaragu\u00e1 do Sul tem clima subtropical com quatro esta\u00e7\u00f5es bem definidas.<\/strong> O ver\u00e3o \u00e9 quente e \u00famido, o inverno traz manh\u00e3s frias com geadas em alguns bairros.<\/p>\n\n\n\n<style>\n  \/* --- CONTAINER BLINDADO --- *\/\n  .clima-grid-final {\n    font-family: -apple-system, BlinkMacSystemFont, \"Segoe UI\", Roboto, Arial, sans-serif !important;\n    width: 100% !important;\n    max-width: 1200px !important;\n    margin: 20px auto !important;\n    display: grid !important;\n    grid-template-columns: repeat(4, 1fr) !important; \n    gap: 15px !important;\n    box-sizing: border-box !important;\n  }\n\n  .clima-grid-final * {\n    box-sizing: border-box !important;\n  }\n\n  \/* --- CARD PADR\u00c3O (ESTILO JARAGU\u00c1) --- *\/\n  .card-clima {\n    background: #ffffff !important;\n    border: 1px solid #e0e0e0 !important;\n    border-radius: 20px !important;\n    padding: 20px 10px !important;\n    text-align: center !important;\n    display: flex !important;\n    flex-direction: column !important;\n    align-items: center !important;\n    box-shadow: 0 4px 10px rgba(0, 0, 0, 0.05) !important;\n    transition: transform 0.2s ease, border-color 0.2s ease !important;\n    height: 100% !important;\n  }\n\n  .card-clima:hover {\n    transform: translateY(-5px) !important;\n    border-color: #005b9f !important;\n  }\n\n  \/* --- TIPOGRAFIA --- *\/\n  .estacao-nome { \n    font-size: 14px !important; \n    font-weight: 800 !important; \n    color: #005b9f !important; \n    text-transform: uppercase !important; \n    margin: 0 0 5px 0 !important; \n  }\n  \n  .estacao-meses { \n    font-size: 10px !important; \n    font-weight: 700 !important; \n    color: #666666 !important; \n    text-transform: uppercase !important; \n    margin-bottom: 15px !important; \n    display: block !important;\n  }\n  \n  .temp-valor { \n    font-size: 24px !important; \n    font-weight: 800 !important; \n    color: #000000 !important; \n    line-height: 1.1 !important; \n    margin: 0 !important;\n  }\n  \n  .temp-label { \n    font-size: 9px !important; \n    font-weight: 600 !important; \n    color: #999999 !important; \n    text-transform: uppercase !important; \n    margin-bottom: 15px !important; \n    display: block !important;\n  }\n  \n  .clima-desc { \n    font-size: 12px !important; \n    line-height: 1.4 !important; \n    color: #333333 !important; \n    margin-bottom: 15px !important; \n    flex-grow: 1 !important; \n  }\n\n  \/* --- TAGS DE STATUS --- *\/\n  .tag-status {\n    padding: 5px 12px !important;\n    border-radius: 20px !important;\n    font-size: 9px !important;\n    font-weight: 800 !important;\n    text-transform: uppercase !important;\n    margin-top: auto !important;\n  }\n\n  .status-alta { background-color: #ffebee !important; color: #c62828 !important; border: 1px solid #ffcdd2 !important; }\n  .status-media { background-color: #fff3e0 !important; color: #ef6c00 !important; border: 1px solid #ffe0b2 !important; }\n  .status-baixa { background-color: #e8f5e9 !important; color: #2e7d32 !important; border: 1px solid #c8e6c9 !important; }\n\n  \/* --- RESPONSIVIDADE --- *\/\n  @media (max-width: 900px) {\n    .clima-grid-final { grid-template-columns: repeat(2, 1fr) !important; }\n  }\n  @media (max-width: 500px) {\n    .clima-grid-final { grid-template-columns: 1fr !important; }\n  }\n<\/style>\n\n<div class=\"google-auto-ads-ignore clima-grid-final\">\n  \n  <!-- VER\u00c3O -->\n  <div class=\"card-clima\">\n    <div class=\"estacao-nome\">\u2600\ufe0f Ver\u00e3o<\/div>\n    <span class=\"estacao-meses\">Dez &#8211; Fev<\/span>\n    <div class=\"temp-valor\">20-32\u00b0C<\/div>\n    <span class=\"temp-label\">Temperatura<\/span>\n    <div class=\"clima-desc\">\u00c9poca de calor intenso e chuvas. Aproveite a sombra do <b>Parque Malwee<\/b> ou a proximidade com as <b>praias do litoral norte<\/b>.<\/div>\n    <div class=\"tag-status status-alta\">\u26c8\ufe0f Chuva Alta<\/div>\n  <\/div>\n\n  <!-- OUTONO -->\n  <div class=\"card-clima\">\n    <div class=\"estacao-nome\">\ud83c\udf42 Outono<\/div>\n    <span class=\"estacao-meses\">Mar &#8211; Mai<\/span>\n    <div class=\"temp-valor\">15-26\u00b0C<\/div>\n    <span class=\"temp-label\">Temperatura<\/span>\n    <div class=\"clima-desc\">Clima ameno, perfeito para encarar as <b>trilhas nos morros<\/b> e se deliciar com a tradicional <b>gastronomia colonial<\/b>.<\/div>\n    <div class=\"tag-status status-media\">\ud83c\udf26\ufe0f Chuva M\u00e9dia<\/div>\n  <\/div>\n\n  <!-- INVERNO -->\n  <div class=\"card-clima\">\n    <div class=\"estacao-nome\">\ud83e\udde3 Inverno<\/div>\n    <span class=\"estacao-meses\">Jun &#8211; Ago<\/span>\n    <div class=\"temp-valor\">8-20\u00b0C<\/div>\n    <span class=\"temp-label\">Temperatura<\/span>\n    <div class=\"clima-desc\">Tempo seco e frio. Per\u00edodo ideal para visitar os <b>museus<\/b> locais e aproveitar noites de <b>fondue<\/b>.<\/div>\n    <div class=\"tag-status status-baixa\">\ud83d\udca7 Chuva Baixa<\/div>\n  <\/div>\n\n  <!-- PRIMAVERA -->\n  <div class=\"card-clima\">\n    <div class=\"estacao-nome\">\ud83c\udfaf Primavera<\/div>\n    <span class=\"estacao-meses\">Set &#8211; Nov<\/span>\n    <div class=\"temp-valor\">14-27\u00b0C<\/div>\n    <span class=\"temp-label\">Temperatura<\/span>\n    <div class=\"clima-desc\">O auge da tradi\u00e7\u00e3o com a <b>Sch\u00fctzenfest<\/b> em novembro. Esta\u00e7\u00e3o excelente tamb\u00e9m para a pr\u00e1tica de <b>ciclismo<\/b>.<\/div>\n    <div class=\"tag-status status-media\">\ud83c\udf26\ufe0f Chuva M\u00e9dia<\/div>\n  <\/div>\n\n<\/div>\n\n\n\n<p><em>Temperaturas aproximadas com base no <a href=\"https:\/\/www.climatempo.com.br\/previsao-do-tempo\/cidade\/1071\/jaraguadosul-sc\" target=\"_blank\" rel=\"noreferrer noopener\"><strong>Climatempo<\/strong><\/a>. Condi\u00e7\u00f5es podem variar.<\/em><\/p>\n\n\n<div class=\"wp-block-image\">\n<figure class=\"aligncenter size-large\"><img decoding=\"async\" width=\"1024\" height=\"576\" src=\"https:\/\/www.correiobraziliense.com.br\/cbradar\/wp-content\/uploads\/2025\/11\/G-55-1024x576.png\" alt=\"Uma das cidades mais equilibradas de Santa Catarina para viver bem une progresso cheio de oportunidades e bem-estar\" class=\"wp-image-144763\" srcset=\"https:\/\/www.correiobraziliense.com.br\/cbradar\/wp-content\/uploads\/2025\/11\/G-55-1024x576.png 1024w, https:\/\/www.correiobraziliense.com.br\/cbradar\/wp-content\/uploads\/2025\/11\/G-55-300x169.png 300w, https:\/\/www.correiobraziliense.com.br\/cbradar\/wp-content\/uploads\/2025\/11\/G-55-768x432.png 768w, https:\/\/www.correiobraziliense.com.br\/cbradar\/wp-content\/uploads\/2025\/11\/G-55-750x422.png 750w, https:\/\/www.correiobraziliense.com.br\/cbradar\/wp-content\/uploads\/2025\/11\/G-55-1140x641.png 1140w, https:\/\/www.correiobraziliense.com.br\/cbradar\/wp-content\/uploads\/2025\/11\/G-55.png 1280w\" sizes=\"(max-width: 1024px) 100vw, 1024px\" \/><figcaption class=\"wp-element-caption\">Jaragu\u00e1 do Sul \u00e9 cidade catarinense com forte tradi\u00e7\u00e3o industrial, especialmente em metalomec\u00e2nica e manufatura avan\u00e7ada. \/ Imagem ilustrativa<\/figcaption><\/figure><\/div>\n\n\n<h2 class=\"wp-block-heading\">Como chegar ao \u201cSenhor do Vale\u201d<\/h2>\n\n\n\n<p><strong>Jaragu\u00e1 do Sul<\/strong> est\u00e1 a cerca de <strong>182 km de Florian\u00f3polis<\/strong>, com acesso principal pela <strong>BR-101<\/strong>. A cidade tamb\u00e9m fica a <strong>108 km de Balne\u00e1rio Cambori\u00fa<\/strong> e se conecta a <strong>Joinville<\/strong> pela <strong>SC-416<\/strong>, em um trajeto de aproximadamente <strong>50 km<\/strong>. Para quem chega de avi\u00e3o, o aeroporto mais pr\u00f3ximo \u00e9 o de <strong>Joinville<\/strong>, com voos para <strong>S\u00e3o Paulo<\/strong> e <strong>Curitiba<\/strong>. Outra alternativa \u00e9 o <strong>Aeroporto de Navegantes<\/strong>, a cerca de <strong>80 km<\/strong>, que amplia as op\u00e7\u00f5es de rotas.<\/p>\n\n\n\n<h2 class=\"wp-block-heading\">Onde ind\u00fastria e natureza convivem lado a lado<\/h2>\n\n\n\n<p>Em <strong>Jaragu\u00e1 do Sul<\/strong>, a for\u00e7a industrial divide espa\u00e7o com \u00e1reas verdes e qualidade de vida. Empresas como a <strong>WEG<\/strong> exportam tecnologia para o mundo inteiro, enquanto espa\u00e7os como o <strong>Parque Malwee<\/strong> oferecem lazer gratuito em meio \u00e0 natureza. No cotidiano, \u00e9 comum ver moradores caminhando com tranquilidade pelas ruas, mesmo \u00e0 noite.<\/p>\n\n\n\n<p>A cidade mostra que \u00e9 poss\u00edvel crescer economicamente sem abrir m\u00e3o de seguran\u00e7a, ar puro e contato com o verde. Conhecer <strong>Jaragu\u00e1 do Sul<\/strong> \u00e9 entender por que o chamado <strong>\u201cSenhor do Vale\u201d<\/strong> deixou de ser apenas um destino e passou a ser escolha de vida para muita gente.<\/p>\n","protected":false},"excerpt":{"rendered":"<p>Entre morros cobertos de Mata Atl\u00e2ntica e ind\u00fastrias que exportam para mais de 100 pa\u00edses, Jaragu\u00e1 do Sul equilibra for\u00e7a econ\u00f4mica global com um cotidiano tranquilo. Localizada no norte de Santa Catarina, a 182 km de Florian\u00f3polis, a cidade re\u00fane IDH de 0,803 e uma taxa de homic\u00eddios de 2,23 por 100 mil habitantes, uma [&hellip;]<\/p>\n","protected":false},"author":8,"featured_media":185044,"comment_status":"open","ping_status":"open","sticky":false,"template":"","format":"standard","meta":{"_yoast_wpseo_focuskw":"cidade segura","_yoast_wpseo_title":"","_yoast_wpseo_metadesc":"A 2\u00aa cidade mais segura do Brasil vem chamando aten\u00e7\u00e3o por atrair moradores interessados em mais tranquilidade e qualidade de vida.","jnews-multi-image_gallery":[],"jnews_single_post":{"format":"standard"},"jnews_primary_category":[],"jnews_social_meta":[],"jnews_override_counter":[],"footnotes":""},"categories":[108,111],"tags":[8220,851],"class_list":["post-236210","post","type-post","status-publish","format-standard","has-post-thumbnail","hentry","category-cidades","category-turismo","tag-jaragua-do-sul-2","tag-santa-catarina"],"yoast_head":"<!-- This site is optimized with the Yoast SEO plugin v24.6 - https:\/\/yoast.com\/wordpress\/plugins\/seo\/ -->\n<title>A 2\u00aa cidade mais segura do Brasil est\u00e1 atraindo novos moradores em busca de sossego - Correio Braziliense - Radar<\/title>\n<meta name=\"description\" content=\"A 2\u00aa cidade mais segura do Brasil vem chamando aten\u00e7\u00e3o por atrair moradores interessados em mais tranquilidade e qualidade de vida.\" \/>\n<meta name=\"robots\" content=\"index, follow, max-snippet:-1, max-image-preview:large, max-video-preview:-1\" \/>\n<link rel=\"canonical\" href=\"https:\/\/www.correiobraziliense.com.br\/cbradar\/a-2a-cidade-mais-segura-do-brasil-esta-atraindo-novos-moradores-em-busca-de-sossego\/\" \/>\n<meta property=\"og:locale\" content=\"pt_BR\" \/>\n<meta property=\"og:type\" content=\"article\" \/>\n<meta property=\"og:title\" content=\"A 2\u00aa cidade mais segura do Brasil est\u00e1 atraindo novos moradores em busca de sossego - Correio Braziliense - Radar\" \/>\n<meta property=\"og:description\" content=\"A 2\u00aa cidade mais segura do Brasil vem chamando aten\u00e7\u00e3o por atrair moradores interessados em mais tranquilidade e qualidade de vida.\" \/>\n<meta property=\"og:url\" content=\"https:\/\/www.correiobraziliense.com.br\/cbradar\/a-2a-cidade-mais-segura-do-brasil-esta-atraindo-novos-moradores-em-busca-de-sossego\/\" \/>\n<meta property=\"og:site_name\" content=\"Correio Braziliense - Radar\" \/>\n<meta property=\"article:published_time\" content=\"2026-05-03T07:05:00+00:00\" \/>\n<meta property=\"og:image\" content=\"https:\/\/www.correiobraziliense.com.br\/cbradar\/wp-content\/uploads\/2026\/01\/aaa-2026-01-30T200438.794.png\" \/>\n\t<meta property=\"og:image:width\" content=\"1280\" \/>\n\t<meta property=\"og:image:height\" content=\"720\" \/>\n\t<meta property=\"og:image:type\" content=\"image\/png\" \/>\n<meta name=\"author\" content=\"Maura Pereira\" \/>\n<meta name=\"twitter:card\" content=\"summary_large_image\" \/>\n<meta name=\"twitter:label1\" content=\"Escrito por\" \/>\n\t<meta name=\"twitter:data1\" content=\"Maura Pereira\" \/>\n\t<meta name=\"twitter:label2\" content=\"Est. tempo de leitura\" \/>\n\t<meta name=\"twitter:data2\" content=\"7 minutos\" \/>\n<!-- \/ Yoast SEO plugin. -->","yoast_head_json":{"title":"A 2\u00aa cidade mais segura do Brasil est\u00e1 atraindo novos moradores em busca de sossego - Correio Braziliense - Radar","description":"A 2\u00aa cidade mais segura do Brasil vem chamando aten\u00e7\u00e3o por atrair moradores interessados em mais tranquilidade e qualidade de vida.","robots":{"index":"index","follow":"follow","max-snippet":"max-snippet:-1","max-image-preview":"max-image-preview:large","max-video-preview":"max-video-preview:-1"},"canonical":"https:\/\/www.correiobraziliense.com.br\/cbradar\/a-2a-cidade-mais-segura-do-brasil-esta-atraindo-novos-moradores-em-busca-de-sossego\/","og_locale":"pt_BR","og_type":"article","og_title":"A 2\u00aa cidade mais segura do Brasil est\u00e1 atraindo novos moradores em busca de sossego - Correio Braziliense - Radar","og_description":"A 2\u00aa cidade mais segura do Brasil vem chamando aten\u00e7\u00e3o por atrair moradores interessados em mais tranquilidade e qualidade de vida.","og_url":"https:\/\/www.correiobraziliense.com.br\/cbradar\/a-2a-cidade-mais-segura-do-brasil-esta-atraindo-novos-moradores-em-busca-de-sossego\/","og_site_name":"Correio Braziliense - Radar","article_published_time":"2026-05-03T07:05:00+00:00","og_image":[{"width":1280,"height":720,"url":"https:\/\/www.correiobraziliense.com.br\/cbradar\/wp-content\/uploads\/2026\/01\/aaa-2026-01-30T200438.794.png","type":"image\/png"}],"author":"Maura Pereira","twitter_card":"summary_large_image","twitter_misc":{"Escrito por":"Maura Pereira","Est. tempo de leitura":"7 minutos"},"schema":{"@context":"https:\/\/schema.org","@graph":[{"@type":"WebPage","@id":"https:\/\/www.correiobraziliense.com.br\/cbradar\/a-2a-cidade-mais-segura-do-brasil-esta-atraindo-novos-moradores-em-busca-de-sossego\/","url":"https:\/\/www.correiobraziliense.com.br\/cbradar\/a-2a-cidade-mais-segura-do-brasil-esta-atraindo-novos-moradores-em-busca-de-sossego\/","name":"A 2\u00aa cidade mais segura do Brasil est\u00e1 atraindo novos moradores em busca de sossego - Correio Braziliense - Radar","isPartOf":{"@id":"https:\/\/www.correiobraziliense.com.br\/cbradar\/#website"},"primaryImageOfPage":{"@id":"https:\/\/www.correiobraziliense.com.br\/cbradar\/a-2a-cidade-mais-segura-do-brasil-esta-atraindo-novos-moradores-em-busca-de-sossego\/#primaryimage"},"image":{"@id":"https:\/\/www.correiobraziliense.com.br\/cbradar\/a-2a-cidade-mais-segura-do-brasil-esta-atraindo-novos-moradores-em-busca-de-sossego\/#primaryimage"},"thumbnailUrl":"https:\/\/www.correiobraziliense.com.br\/cbradar\/wp-content\/uploads\/2026\/01\/aaa-2026-01-30T200438.794.png","datePublished":"2026-05-03T07:05:00+00:00","author":{"@id":"https:\/\/www.correiobraziliense.com.br\/cbradar\/#\/schema\/person\/4053c651a9bfc785afc6f4cbc9032fd3"},"description":"A 2\u00aa cidade mais segura do Brasil vem chamando aten\u00e7\u00e3o por atrair moradores interessados em mais tranquilidade e qualidade de vida.","breadcrumb":{"@id":"https:\/\/www.correiobraziliense.com.br\/cbradar\/a-2a-cidade-mais-segura-do-brasil-esta-atraindo-novos-moradores-em-busca-de-sossego\/#breadcrumb"},"inLanguage":"pt-BR","potentialAction":[{"@type":"ReadAction","target":["https:\/\/www.correiobraziliense.com.br\/cbradar\/a-2a-cidade-mais-segura-do-brasil-esta-atraindo-novos-moradores-em-busca-de-sossego\/"]}]},{"@type":"ImageObject","inLanguage":"pt-BR","@id":"https:\/\/www.correiobraziliense.com.br\/cbradar\/a-2a-cidade-mais-segura-do-brasil-esta-atraindo-novos-moradores-em-busca-de-sossego\/#primaryimage","url":"https:\/\/www.correiobraziliense.com.br\/cbradar\/wp-content\/uploads\/2026\/01\/aaa-2026-01-30T200438.794.png","contentUrl":"https:\/\/www.correiobraziliense.com.br\/cbradar\/wp-content\/uploads\/2026\/01\/aaa-2026-01-30T200438.794.png","width":1280,"height":720,"caption":"Viver em Jaragu\u00e1 do Sul significa desfrutar de uma rotina segura com acesso a servi\u00e7os que rivalizam com grandes capitais brasileiras. \/ Imagem ilustrativa"},{"@type":"BreadcrumbList","@id":"https:\/\/www.correiobraziliense.com.br\/cbradar\/a-2a-cidade-mais-segura-do-brasil-esta-atraindo-novos-moradores-em-busca-de-sossego\/#breadcrumb","itemListElement":[{"@type":"ListItem","position":1,"name":"In\u00edcio","item":"https:\/\/www.correiobraziliense.com.br\/cbradar\/"},{"@type":"ListItem","position":2,"name":"A 2\u00aa cidade mais segura do Brasil est\u00e1 atraindo novos moradores em busca de sossego"}]},{"@type":"WebSite","@id":"https:\/\/www.correiobraziliense.com.br\/cbradar\/#website","url":"https:\/\/www.correiobraziliense.com.br\/cbradar\/","name":"Correio Braziliense - Radar","description":"Acompanhe as \u00faltimas not\u00edcias e fique bem informado sobre tudo o que acontece no Brasil e no mundo.","potentialAction":[{"@type":"SearchAction","target":{"@type":"EntryPoint","urlTemplate":"https:\/\/www.correiobraziliense.com.br\/cbradar\/?s={search_term_string}"},"query-input":{"@type":"PropertyValueSpecification","valueRequired":true,"valueName":"search_term_string"}}],"inLanguage":"pt-BR"},{"@type":"Person","@id":"https:\/\/www.correiobraziliense.com.br\/cbradar\/#\/schema\/person\/4053c651a9bfc785afc6f4cbc9032fd3","name":"Maura Pereira","image":{"@type":"ImageObject","inLanguage":"pt-BR","@id":"https:\/\/www.correiobraziliense.com.br\/cbradar\/#\/schema\/person\/image\/","url":"https:\/\/secure.gravatar.com\/avatar\/3effd6bdadfa447f15089c7f7144eaa6?s=96&d=mm&r=g","contentUrl":"https:\/\/secure.gravatar.com\/avatar\/3effd6bdadfa447f15089c7f7144eaa6?s=96&d=mm&r=g","caption":"Maura Pereira"},"sameAs":["https:\/\/www.correiobraziliense.com.br\/"],"url":"https:\/\/www.correiobraziliense.com.br\/cbradar\/author\/mauramyth\/"}]}},"_links":{"self":[{"href":"https:\/\/www.correiobraziliense.com.br\/cbradar\/wp-json\/wp\/v2\/posts\/236210","targetHints":{"allow":["GET"]}}],"collection":[{"href":"https:\/\/www.correiobraziliense.com.br\/cbradar\/wp-json\/wp\/v2\/posts"}],"about":[{"href":"https:\/\/www.correiobraziliense.com.br\/cbradar\/wp-json\/wp\/v2\/types\/post"}],"author":[{"embeddable":true,"href":"https:\/\/www.correiobraziliense.com.br\/cbradar\/wp-json\/wp\/v2\/users\/8"}],"replies":[{"embeddable":true,"href":"https:\/\/www.correiobraziliense.com.br\/cbradar\/wp-json\/wp\/v2\/comments?post=236210"}],"version-history":[{"count":7,"href":"https:\/\/www.correiobraziliense.com.br\/cbradar\/wp-json\/wp\/v2\/posts\/236210\/revisions"}],"predecessor-version":[{"id":236217,"href":"https:\/\/www.correiobraziliense.com.br\/cbradar\/wp-json\/wp\/v2\/posts\/236210\/revisions\/236217"}],"wp:featuredmedia":[{"embeddable":true,"href":"https:\/\/www.correiobraziliense.com.br\/cbradar\/wp-json\/wp\/v2\/media\/185044"}],"wp:attachment":[{"href":"https:\/\/www.correiobraziliense.com.br\/cbradar\/wp-json\/wp\/v2\/media?parent=236210"}],"wp:term":[{"taxonomy":"category","embeddable":true,"href":"https:\/\/www.correiobraziliense.com.br\/cbradar\/wp-json\/wp\/v2\/categories?post=236210"},{"taxonomy":"post_tag","embeddable":true,"href":"https:\/\/www.correiobraziliense.com.br\/cbradar\/wp-json\/wp\/v2\/tags?post=236210"}],"curies":[{"name":"wp","href":"https:\/\/api.w.org\/{rel}","templated":true}]}}